{"id":21824,"date":"2023-03-22T18:11:06","date_gmt":"2023-03-22T17:11:06","guid":{"rendered":"https:\/\/www.caudete.org\/ayuntamiento\/?p=21824"},"modified":"2023-03-22T18:11:06","modified_gmt":"2023-03-22T17:11:06","slug":"6-agentes-se-forman-en-el-manejo-de-radares-detectores-de-velocidad","status":"publish","type":"post","link":"https:\/\/www.caudete.org\/ayuntamiento\/6-agentes-se-forman-en-el-manejo-de-radares-detectores-de-velocidad\/","title":{"rendered":"6 Agentes se forman en el manejo de Radares detectores de Velocidad"},"content":{"rendered":"<p><a href=\"https:\/\/www.caudete.org\/ayuntamiento\/wp-content\/uploads\/2023\/03\/1679489375303-scaled.jpg\" rel='prettyPhoto'><img fetchpriority=\"high\" decoding=\"async\" class=\"alignnone wp-image-21825 size-full\" src=\"https:\/\/www.caudete.org\/ayuntamiento\/wp-content\/uploads\/2023\/03\/1679489375303-scaled.jpg\" alt=\"\" width=\"2560\" height=\"1180\" srcset=\"https:\/\/www.caudete.org\/ayuntamiento\/wp-content\/uploads\/2023\/03\/1679489375303-scaled.jpg 2560w, https:\/\/www.caudete.org\/ayuntamiento\/wp-content\/uploads\/2023\/03\/1679489375303-300x138.jpg 300w, https:\/\/www.caudete.org\/ayuntamiento\/wp-content\/uploads\/2023\/03\/1679489375303-1024x472.jpg 1024w, https:\/\/www.caudete.org\/ayuntamiento\/wp-content\/uploads\/2023\/03\/1679489375303-768x354.jpg 768w, https:\/\/www.caudete.org\/ayuntamiento\/wp-content\/uploads\/2023\/03\/1679489375303-1536x708.jpg 1536w, https:\/\/www.caudete.org\/ayuntamiento\/wp-content\/uploads\/2023\/03\/1679489375303-2048x944.jpg 2048w\" sizes=\"(max-width: 2560px) 100vw, 2560px\" \/><\/a><\/p>\n<p style=\"text-align: justify;\">La Concejal de Interior, Mar\u00eda del Mar Requena, encargada del \u00e1rea de Polic\u00eda Local, informaba que los agentes del cuerpo contin\u00faan form\u00e1ndose en t\u00e9cnicas y manejo de medios y dispositivos para una mejor prestaci\u00f3n de sus servicios a la ciudadan\u00eda.<\/p>\n<p style=\"text-align: justify;\">En el caso que nos comentaba, en el d\u00eda de ayer 21 de Marzo de 2023, 6 agentes de la Polic\u00eda Local de Caudete se desplazaron al Centro de Control del Tr\u00e1fico de Albacete con motivo de asistir a una jornada de formaci\u00f3n en la instalaci\u00f3n, uso y manejo de los radares detectores de velocidad.<\/p>\n<p style=\"text-align: justify;\">El objetivo es el de formar a los agentes de esta polic\u00eda con el fin de poder hacer uso de este aparato a medio plazo, con la finalidad de controlar la velocidad de los veh\u00edculos en casco urbano y reducir la siniestrabilidad y los efectos de los accidentes de tr\u00e1fico.<\/p>\n<p style=\"text-align: justify;\">Cabe destacar que la Polic\u00eda Local tiene asignadas las funciones de Seguridad Vial, y como tal ha de velar por el correcto comportamiento de los ciudadanos en dicha materia, as\u00ed como aplicar las medidas correctoras o sancionadoras correspondientes, para lo cual, es necesario conocer el funcionamiento de los medios y equipos propios.<\/p>\n<p>\u00a0\u00a0<a href=\"https:\/\/www.caudete.org\/ayuntamiento\/wp-content\/uploads\/2023\/03\/1679489375283-scaled.jpg\" rel='prettyPhoto'><img decoding=\"async\" class=\"alignnone wp-image-21827 size-full\" src=\"https:\/\/www.caudete.org\/ayuntamiento\/wp-content\/uploads\/2023\/03\/1679489375283-scaled.jpg\" alt=\"\" width=\"1180\" height=\"2560\" srcset=\"https:\/\/www.caudete.org\/ayuntamiento\/wp-content\/uploads\/2023\/03\/1679489375283-scaled.jpg 1180w, https:\/\/www.caudete.org\/ayuntamiento\/wp-content\/uploads\/2023\/03\/1679489375283-138x300.jpg 138w, https:\/\/www.caudete.org\/ayuntamiento\/wp-content\/uploads\/2023\/03\/1679489375283-472x1024.jpg 472w, https:\/\/www.caudete.org\/ayuntamiento\/wp-content\/uploads\/2023\/03\/1679489375283-768x1666.jpg 768w, https:\/\/www.caudete.org\/ayuntamiento\/wp-content\/uploads\/2023\/03\/1679489375283-708x1536.jpg 708w, https:\/\/www.caudete.org\/ayuntamiento\/wp-content\/uploads\/2023\/03\/1679489375283-944x2048.jpg 944w\" sizes=\"(max-width: 1180px) 100vw, 1180px\" \/><\/a><\/p>\n","protected":false},"excerpt":{"rendered":"<p>La Concejal de Interior, Mar\u00eda del Mar Requena, encargada del \u00e1rea de Polic\u00eda Local, informaba que los agentes del cuerpo contin\u00faan form\u00e1ndose en t\u00e9cnicas y manejo de medios y dispositivos para una mejor prestaci\u00f3n de sus servicios a la ciudadan\u00eda. En el caso que nos comentaba, en el d\u00eda de ayer 21 de Marzo de &hellip;<\/p>\n","protected":false},"author":3,"featured_media":21826,"comment_status":"closed","ping_status":"open","sticky":false,"template":"","format":"standard","meta":{"ngg_post_thumbnail":0,"footnotes":""},"categories":[35],"tags":[],"class_list":["post-21824","post","type-post","status-publish","format-standard","has-post-thumbnail","hentry","category-policia-local"],"yoast_head":"<!-- This site is optimized with the Yoast SEO plugin v27.5 - https:\/\/yoast.com\/product\/yoast-seo-wordpress\/ -->\n<title>6 Agentes se forman en el manejo de Radares detectores de Velocidad - MI Ayuntamiento de Caudete<\/title>\n<meta name=\"description\" content=\"P\u00e1gina Oficial del Ayuntamiento de Caudete (Albacete)\" \/>\n<meta name=\"robots\" content=\"index, follow, max-snippet:-1, max-image-preview:large, max-video-preview:-1\" \/>\n<link rel=\"canonical\" href=\"https:\/\/www.caudete.org\/ayuntamiento\/6-agentes-se-forman-en-el-manejo-de-radares-detectores-de-velocidad\/\" \/>\n<meta property=\"og:locale\" content=\"es_ES\" \/>\n<meta property=\"og:type\" content=\"article\" \/>\n<meta property=\"og:title\" content=\"6 Agentes se forman en el manejo de Radares detectores de Velocidad - MI Ayuntamiento de Caudete\" \/>\n<meta property=\"og:description\" content=\"P\u00e1gina Oficial del Ayuntamiento de Caudete (Albacete)\" \/>\n<meta property=\"og:url\" content=\"https:\/\/www.caudete.org\/ayuntamiento\/6-agentes-se-forman-en-el-manejo-de-radares-detectores-de-velocidad\/\" \/>\n<meta property=\"og:site_name\" content=\"MI Ayuntamiento de Caudete\" \/>\n<meta property=\"article:publisher\" content=\"https:\/\/www.facebook.com\/ayuntamientocaudete\/\" \/>\n<meta property=\"article:published_time\" content=\"2023-03-22T17:11:06+00:00\" \/>\n<meta property=\"og:image\" content=\"https:\/\/www.caudete.org\/ayuntamiento\/wp-content\/uploads\/2023\/03\/1679489375322-scaled.jpg\" \/>\n\t<meta property=\"og:image:width\" content=\"2560\" \/>\n\t<meta property=\"og:image:height\" content=\"1180\" \/>\n\t<meta property=\"og:image:type\" content=\"image\/jpeg\" \/>\n<meta name=\"author\" content=\"alcalde\" \/>\n<meta name=\"twitter:card\" content=\"summary_large_image\" \/>\n<meta name=\"twitter:label1\" content=\"Escrito por\" \/>\n\t<meta name=\"twitter:data1\" content=\"alcalde\" \/>\n\t<meta name=\"twitter:label2\" content=\"Tiempo de lectura\" \/>\n\t<meta name=\"twitter:data2\" content=\"2 minutos\" \/>\n<script type=\"application\/ld+json\" class=\"yoast-schema-graph\">{\"@context\":\"https:\\\/\\\/schema.org\",\"@graph\":[{\"@type\":\"Article\",\"@id\":\"https:\\\/\\\/www.caudete.org\\\/ayuntamiento\\\/6-agentes-se-forman-en-el-manejo-de-radares-detectores-de-velocidad\\\/#article\",\"isPartOf\":{\"@id\":\"https:\\\/\\\/www.caudete.org\\\/ayuntamiento\\\/6-agentes-se-forman-en-el-manejo-de-radares-detectores-de-velocidad\\\/\"},\"author\":{\"name\":\"alcalde\",\"@id\":\"https:\\\/\\\/www.caudete.org\\\/ayuntamiento\\\/#\\\/schema\\\/person\\\/cc646da9133078ee4d8dd47457947253\"},\"headline\":\"6 Agentes se forman en el manejo de Radares detectores de Velocidad\",\"datePublished\":\"2023-03-22T17:11:06+00:00\",\"mainEntityOfPage\":{\"@id\":\"https:\\\/\\\/www.caudete.org\\\/ayuntamiento\\\/6-agentes-se-forman-en-el-manejo-de-radares-detectores-de-velocidad\\\/\"},\"wordCount\":221,\"image\":{\"@id\":\"https:\\\/\\\/www.caudete.org\\\/ayuntamiento\\\/6-agentes-se-forman-en-el-manejo-de-radares-detectores-de-velocidad\\\/#primaryimage\"},\"thumbnailUrl\":\"https:\\\/\\\/www.caudete.org\\\/ayuntamiento\\\/wp-content\\\/uploads\\\/2023\\\/03\\\/1679489375322-scaled.jpg\",\"articleSection\":[\"Polic\u00eda Local\"],\"inLanguage\":\"es\"},{\"@type\":\"WebPage\",\"@id\":\"https:\\\/\\\/www.caudete.org\\\/ayuntamiento\\\/6-agentes-se-forman-en-el-manejo-de-radares-detectores-de-velocidad\\\/\",\"url\":\"https:\\\/\\\/www.caudete.org\\\/ayuntamiento\\\/6-agentes-se-forman-en-el-manejo-de-radares-detectores-de-velocidad\\\/\",\"name\":\"6 Agentes se forman en el manejo de Radares detectores de Velocidad - MI Ayuntamiento de Caudete\",\"isPartOf\":{\"@id\":\"https:\\\/\\\/www.caudete.org\\\/ayuntamiento\\\/#website\"},\"primaryImageOfPage\":{\"@id\":\"https:\\\/\\\/www.caudete.org\\\/ayuntamiento\\\/6-agentes-se-forman-en-el-manejo-de-radares-detectores-de-velocidad\\\/#primaryimage\"},\"image\":{\"@id\":\"https:\\\/\\\/www.caudete.org\\\/ayuntamiento\\\/6-agentes-se-forman-en-el-manejo-de-radares-detectores-de-velocidad\\\/#primaryimage\"},\"thumbnailUrl\":\"https:\\\/\\\/www.caudete.org\\\/ayuntamiento\\\/wp-content\\\/uploads\\\/2023\\\/03\\\/1679489375322-scaled.jpg\",\"datePublished\":\"2023-03-22T17:11:06+00:00\",\"author\":{\"@id\":\"https:\\\/\\\/www.caudete.org\\\/ayuntamiento\\\/#\\\/schema\\\/person\\\/cc646da9133078ee4d8dd47457947253\"},\"description\":\"P\u00e1gina Oficial del Ayuntamiento de Caudete (Albacete)\",\"breadcrumb\":{\"@id\":\"https:\\\/\\\/www.caudete.org\\\/ayuntamiento\\\/6-agentes-se-forman-en-el-manejo-de-radares-detectores-de-velocidad\\\/#breadcrumb\"},\"inLanguage\":\"es\",\"potentialAction\":[{\"@type\":\"ReadAction\",\"target\":[\"https:\\\/\\\/www.caudete.org\\\/ayuntamiento\\\/6-agentes-se-forman-en-el-manejo-de-radares-detectores-de-velocidad\\\/\"]}]},{\"@type\":\"ImageObject\",\"inLanguage\":\"es\",\"@id\":\"https:\\\/\\\/www.caudete.org\\\/ayuntamiento\\\/6-agentes-se-forman-en-el-manejo-de-radares-detectores-de-velocidad\\\/#primaryimage\",\"url\":\"https:\\\/\\\/www.caudete.org\\\/ayuntamiento\\\/wp-content\\\/uploads\\\/2023\\\/03\\\/1679489375322-scaled.jpg\",\"contentUrl\":\"https:\\\/\\\/www.caudete.org\\\/ayuntamiento\\\/wp-content\\\/uploads\\\/2023\\\/03\\\/1679489375322-scaled.jpg\",\"width\":2560,\"height\":1180},{\"@type\":\"BreadcrumbList\",\"@id\":\"https:\\\/\\\/www.caudete.org\\\/ayuntamiento\\\/6-agentes-se-forman-en-el-manejo-de-radares-detectores-de-velocidad\\\/#breadcrumb\",\"itemListElement\":[{\"@type\":\"ListItem\",\"position\":1,\"name\":\"Inicio\",\"item\":\"https:\\\/\\\/www.caudete.org\\\/ayuntamiento\\\/\"},{\"@type\":\"ListItem\",\"position\":2,\"name\":\"6 Agentes se forman en el manejo de Radares detectores de Velocidad\"}]},{\"@type\":\"WebSite\",\"@id\":\"https:\\\/\\\/www.caudete.org\\\/ayuntamiento\\\/#website\",\"url\":\"https:\\\/\\\/www.caudete.org\\\/ayuntamiento\\\/\",\"name\":\"MI Ayuntamiento de Caudete\",\"description\":\"P\u00e1gina Oficial del MI Ayuntamiento de Caudete\",\"potentialAction\":[{\"@type\":\"SearchAction\",\"target\":{\"@type\":\"EntryPoint\",\"urlTemplate\":\"https:\\\/\\\/www.caudete.org\\\/ayuntamiento\\\/?s={search_term_string}\"},\"query-input\":{\"@type\":\"PropertyValueSpecification\",\"valueRequired\":true,\"valueName\":\"search_term_string\"}}],\"inLanguage\":\"es\"},{\"@type\":\"Person\",\"@id\":\"https:\\\/\\\/www.caudete.org\\\/ayuntamiento\\\/#\\\/schema\\\/person\\\/cc646da9133078ee4d8dd47457947253\",\"name\":\"alcalde\",\"image\":{\"@type\":\"ImageObject\",\"inLanguage\":\"es\",\"@id\":\"https:\\\/\\\/secure.gravatar.com\\\/avatar\\\/84a817ba065b29ff08d666b215a215f5c79186a645ccb25b14a663d48a130f77?s=96&d=mm&r=g\",\"url\":\"https:\\\/\\\/secure.gravatar.com\\\/avatar\\\/84a817ba065b29ff08d666b215a215f5c79186a645ccb25b14a663d48a130f77?s=96&d=mm&r=g\",\"contentUrl\":\"https:\\\/\\\/secure.gravatar.com\\\/avatar\\\/84a817ba065b29ff08d666b215a215f5c79186a645ccb25b14a663d48a130f77?s=96&d=mm&r=g\",\"caption\":\"alcalde\"},\"url\":\"https:\\\/\\\/www.caudete.org\\\/ayuntamiento\\\/author\\\/alcalde\\\/\"}]}<\/script>\n<!-- \/ Yoast SEO plugin. -->","yoast_head_json":{"title":"6 Agentes se forman en el manejo de Radares detectores de Velocidad - MI Ayuntamiento de Caudete","description":"P\u00e1gina Oficial del Ayuntamiento de Caudete (Albacete)","robots":{"index":"index","follow":"follow","max-snippet":"max-snippet:-1","max-image-preview":"max-image-preview:large","max-video-preview":"max-video-preview:-1"},"canonical":"https:\/\/www.caudete.org\/ayuntamiento\/6-agentes-se-forman-en-el-manejo-de-radares-detectores-de-velocidad\/","og_locale":"es_ES","og_type":"article","og_title":"6 Agentes se forman en el manejo de Radares detectores de Velocidad - MI Ayuntamiento de Caudete","og_description":"P\u00e1gina Oficial del Ayuntamiento de Caudete (Albacete)","og_url":"https:\/\/www.caudete.org\/ayuntamiento\/6-agentes-se-forman-en-el-manejo-de-radares-detectores-de-velocidad\/","og_site_name":"MI Ayuntamiento de Caudete","article_publisher":"https:\/\/www.facebook.com\/ayuntamientocaudete\/","article_published_time":"2023-03-22T17:11:06+00:00","og_image":[{"width":2560,"height":1180,"url":"https:\/\/www.caudete.org\/ayuntamiento\/wp-content\/uploads\/2023\/03\/1679489375322-scaled.jpg","type":"image\/jpeg"}],"author":"alcalde","twitter_card":"summary_large_image","twitter_misc":{"Escrito por":"alcalde","Tiempo de lectura":"2 minutos"},"schema":{"@context":"https:\/\/schema.org","@graph":[{"@type":"Article","@id":"https:\/\/www.caudete.org\/ayuntamiento\/6-agentes-se-forman-en-el-manejo-de-radares-detectores-de-velocidad\/#article","isPartOf":{"@id":"https:\/\/www.caudete.org\/ayuntamiento\/6-agentes-se-forman-en-el-manejo-de-radares-detectores-de-velocidad\/"},"author":{"name":"alcalde","@id":"https:\/\/www.caudete.org\/ayuntamiento\/#\/schema\/person\/cc646da9133078ee4d8dd47457947253"},"headline":"6 Agentes se forman en el manejo de Radares detectores de Velocidad","datePublished":"2023-03-22T17:11:06+00:00","mainEntityOfPage":{"@id":"https:\/\/www.caudete.org\/ayuntamiento\/6-agentes-se-forman-en-el-manejo-de-radares-detectores-de-velocidad\/"},"wordCount":221,"image":{"@id":"https:\/\/www.caudete.org\/ayuntamiento\/6-agentes-se-forman-en-el-manejo-de-radares-detectores-de-velocidad\/#primaryimage"},"thumbnailUrl":"https:\/\/www.caudete.org\/ayuntamiento\/wp-content\/uploads\/2023\/03\/1679489375322-scaled.jpg","articleSection":["Polic\u00eda Local"],"inLanguage":"es"},{"@type":"WebPage","@id":"https:\/\/www.caudete.org\/ayuntamiento\/6-agentes-se-forman-en-el-manejo-de-radares-detectores-de-velocidad\/","url":"https:\/\/www.caudete.org\/ayuntamiento\/6-agentes-se-forman-en-el-manejo-de-radares-detectores-de-velocidad\/","name":"6 Agentes se forman en el manejo de Radares detectores de Velocidad - MI Ayuntamiento de Caudete","isPartOf":{"@id":"https:\/\/www.caudete.org\/ayuntamiento\/#website"},"primaryImageOfPage":{"@id":"https:\/\/www.caudete.org\/ayuntamiento\/6-agentes-se-forman-en-el-manejo-de-radares-detectores-de-velocidad\/#primaryimage"},"image":{"@id":"https:\/\/www.caudete.org\/ayuntamiento\/6-agentes-se-forman-en-el-manejo-de-radares-detectores-de-velocidad\/#primaryimage"},"thumbnailUrl":"https:\/\/www.caudete.org\/ayuntamiento\/wp-content\/uploads\/2023\/03\/1679489375322-scaled.jpg","datePublished":"2023-03-22T17:11:06+00:00","author":{"@id":"https:\/\/www.caudete.org\/ayuntamiento\/#\/schema\/person\/cc646da9133078ee4d8dd47457947253"},"description":"P\u00e1gina Oficial del Ayuntamiento de Caudete (Albacete)","breadcrumb":{"@id":"https:\/\/www.caudete.org\/ayuntamiento\/6-agentes-se-forman-en-el-manejo-de-radares-detectores-de-velocidad\/#breadcrumb"},"inLanguage":"es","potentialAction":[{"@type":"ReadAction","target":["https:\/\/www.caudete.org\/ayuntamiento\/6-agentes-se-forman-en-el-manejo-de-radares-detectores-de-velocidad\/"]}]},{"@type":"ImageObject","inLanguage":"es","@id":"https:\/\/www.caudete.org\/ayuntamiento\/6-agentes-se-forman-en-el-manejo-de-radares-detectores-de-velocidad\/#primaryimage","url":"https:\/\/www.caudete.org\/ayuntamiento\/wp-content\/uploads\/2023\/03\/1679489375322-scaled.jpg","contentUrl":"https:\/\/www.caudete.org\/ayuntamiento\/wp-content\/uploads\/2023\/03\/1679489375322-scaled.jpg","width":2560,"height":1180},{"@type":"BreadcrumbList","@id":"https:\/\/www.caudete.org\/ayuntamiento\/6-agentes-se-forman-en-el-manejo-de-radares-detectores-de-velocidad\/#breadcrumb","itemListElement":[{"@type":"ListItem","position":1,"name":"Inicio","item":"https:\/\/www.caudete.org\/ayuntamiento\/"},{"@type":"ListItem","position":2,"name":"6 Agentes se forman en el manejo de Radares detectores de Velocidad"}]},{"@type":"WebSite","@id":"https:\/\/www.caudete.org\/ayuntamiento\/#website","url":"https:\/\/www.caudete.org\/ayuntamiento\/","name":"MI Ayuntamiento de Caudete","description":"P\u00e1gina Oficial del MI Ayuntamiento de Caudete","potentialAction":[{"@type":"SearchAction","target":{"@type":"EntryPoint","urlTemplate":"https:\/\/www.caudete.org\/ayuntamiento\/?s={search_term_string}"},"query-input":{"@type":"PropertyValueSpecification","valueRequired":true,"valueName":"search_term_string"}}],"inLanguage":"es"},{"@type":"Person","@id":"https:\/\/www.caudete.org\/ayuntamiento\/#\/schema\/person\/cc646da9133078ee4d8dd47457947253","name":"alcalde","image":{"@type":"ImageObject","inLanguage":"es","@id":"https:\/\/secure.gravatar.com\/avatar\/84a817ba065b29ff08d666b215a215f5c79186a645ccb25b14a663d48a130f77?s=96&d=mm&r=g","url":"https:\/\/secure.gravatar.com\/avatar\/84a817ba065b29ff08d666b215a215f5c79186a645ccb25b14a663d48a130f77?s=96&d=mm&r=g","contentUrl":"https:\/\/secure.gravatar.com\/avatar\/84a817ba065b29ff08d666b215a215f5c79186a645ccb25b14a663d48a130f77?s=96&d=mm&r=g","caption":"alcalde"},"url":"https:\/\/www.caudete.org\/ayuntamiento\/author\/alcalde\/"}]}},"_links":{"self":[{"href":"https:\/\/www.caudete.org\/ayuntamiento\/wp-json\/wp\/v2\/posts\/21824","targetHints":{"allow":["GET"]}}],"collection":[{"href":"https:\/\/www.caudete.org\/ayuntamiento\/wp-json\/wp\/v2\/posts"}],"about":[{"href":"https:\/\/www.caudete.org\/ayuntamiento\/wp-json\/wp\/v2\/types\/post"}],"author":[{"embeddable":true,"href":"https:\/\/www.caudete.org\/ayuntamiento\/wp-json\/wp\/v2\/users\/3"}],"replies":[{"embeddable":true,"href":"https:\/\/www.caudete.org\/ayuntamiento\/wp-json\/wp\/v2\/comments?post=21824"}],"version-history":[{"count":1,"href":"https:\/\/www.caudete.org\/ayuntamiento\/wp-json\/wp\/v2\/posts\/21824\/revisions"}],"predecessor-version":[{"id":21828,"href":"https:\/\/www.caudete.org\/ayuntamiento\/wp-json\/wp\/v2\/posts\/21824\/revisions\/21828"}],"wp:featuredmedia":[{"embeddable":true,"href":"https:\/\/www.caudete.org\/ayuntamiento\/wp-json\/wp\/v2\/media\/21826"}],"wp:attachment":[{"href":"https:\/\/www.caudete.org\/ayuntamiento\/wp-json\/wp\/v2\/media?parent=21824"}],"wp:term":[{"taxonomy":"category","embeddable":true,"href":"https:\/\/www.caudete.org\/ayuntamiento\/wp-json\/wp\/v2\/categories?post=21824"},{"taxonomy":"post_tag","embeddable":true,"href":"https:\/\/www.caudete.org\/ayuntamiento\/wp-json\/wp\/v2\/tags?post=21824"}],"curies":[{"name":"wp","href":"https:\/\/api.w.org\/{rel}","templated":true}]}}