{"id":21831,"date":"2023-03-23T09:00:49","date_gmt":"2023-03-23T08:00:49","guid":{"rendered":"https:\/\/www.caudete.org\/ayuntamiento\/?p=21831"},"modified":"2023-03-22T19:09:28","modified_gmt":"2023-03-22T18:09:28","slug":"el-area-de-autocaravanas-se-inaugurara-el-proximo-sabado-25-de-marzo","status":"publish","type":"post","link":"https:\/\/www.caudete.org\/ayuntamiento\/el-area-de-autocaravanas-se-inaugurara-el-proximo-sabado-25-de-marzo\/","title":{"rendered":"El \u00c1REA DE AUTOCARAVANAS se inaugurar\u00e1 el pr\u00f3ximo s\u00e1bado 25 de Marzo"},"content":{"rendered":"<p style=\"text-align: justify;\">El pr\u00f3ximo s\u00e1bado 25 de Marzo, el Barrio de San Francisco acoger\u00e1 un Encuentro de Autocaravanistas con motivo de la inauguraci\u00f3n que la Concejal\u00eda de Turismo llevar\u00e1 a cabo para la recien construida \u00c1rea de Autocaravanas.<\/p>\n<p style=\"text-align: justify;\">Esta se localiza en un solar de propiedad municipal ubicado en la Avenida de San Jaime, frente a la Plaza de Toros, sobre el que se han ejecutado una serie de obras y acondicionamientos para acoger un \u00e1rea de autocaravanas con capacidad para 12 veh\u00edculos.<\/p>\n<p style=\"text-align: justify;\">Diego Cuenca, Concejal de Turismo, manifestaba que esta instalaci\u00f3n ya formaba parte del programa electoral del Equipo de Gobierno, y que se ha llevado a cabo por medio de una empresa constructora local, quien ha ejecutado la transformaci\u00f3n del terreno conforme al proyecto redactado por los T\u00e9cnicos Municipales.<\/p>\n<p style=\"text-align: justify;\">Fijadas en 23.000\u20ac tan solo 3.000\u20ac han sido externos, en concreto provenientes de fondos de la Diputaci\u00f3n de Albacete, como cuant\u00eda m\u00e1xima de la convocatoria de construcci\u00f3n de autocaravanas, costeando por tanto el Ayuntamiento el 87% de las obras. No obstante, a ello hay que a\u00f1adir la posterior plantaci\u00f3n de 22 moreras y arbustos variados, junto a su instalaci\u00f3n de riego por goteo, la se\u00f1al\u00e9tica propia, o la instalaci\u00f3n de 2 b\u00e1culos y luminaria, as\u00ed como la semipavimentaci\u00f3n con aglomerado asf\u00e1ltico.<\/p>\n<p style=\"text-align: justify;\">Por lo tanto se va a prohibir el estacionamiento y la circulaci\u00f3n desde la intersecci\u00f3n de Calle San Jaime con Santa In\u00e9s y Calle La Cruz hasta el lavadero municipal, tambi\u00e9n la Calle Isaac Peral y la parte asfaltada del camino de los Capuchinos, para el aparcamiento de las m\u00e1s de 100 autocaravanas que se esperan.<\/p>\n<p style=\"text-align: justify;\">La prohibici\u00f3n de circulaci\u00f3n y aparcamiento ser\u00e1 desde el viernes 24 de marzo a las 12:00 horas hasta el domingo 26 de marzo a las 20:00 horas.<\/p>\n<p style=\"text-align: justify;\">El evento supondr\u00e1 una oportunidad \u00fanica para poner en valor nuestro pueblo, y la riqueza tur\u00edstica que tiene el Barrio de San Francisco. Adem\u00e1s, la puesta en marcha del nuevo \u00c1rea de Autocaravanas generar\u00e1 un recurso tur\u00edstico m\u00e1s, una oportunidad para que a nuestro pueblo se acerquen visitantes, y nos sintamos orgullosos de mostrar lo mejor que tenemos.<\/p>\n<p><a href=\"https:\/\/www.caudete.org\/ayuntamiento\/wp-content\/uploads\/2023\/03\/WhatsApp-Image-2023-03-20-at-17.18.30-1.jpeg\" rel='prettyPhoto'><img fetchpriority=\"high\" decoding=\"async\" class=\"alignnone wp-image-21835 size-full\" src=\"https:\/\/www.caudete.org\/ayuntamiento\/wp-content\/uploads\/2023\/03\/WhatsApp-Image-2023-03-20-at-17.18.30-1.jpeg\" alt=\"\" width=\"1131\" height=\"1600\" srcset=\"https:\/\/www.caudete.org\/ayuntamiento\/wp-content\/uploads\/2023\/03\/WhatsApp-Image-2023-03-20-at-17.18.30-1.jpeg 1131w, https:\/\/www.caudete.org\/ayuntamiento\/wp-content\/uploads\/2023\/03\/WhatsApp-Image-2023-03-20-at-17.18.30-1-212x300.jpeg 212w, https:\/\/www.caudete.org\/ayuntamiento\/wp-content\/uploads\/2023\/03\/WhatsApp-Image-2023-03-20-at-17.18.30-1-724x1024.jpeg 724w, https:\/\/www.caudete.org\/ayuntamiento\/wp-content\/uploads\/2023\/03\/WhatsApp-Image-2023-03-20-at-17.18.30-1-768x1086.jpeg 768w, https:\/\/www.caudete.org\/ayuntamiento\/wp-content\/uploads\/2023\/03\/WhatsApp-Image-2023-03-20-at-17.18.30-1-1086x1536.jpeg 1086w\" sizes=\"(max-width: 1131px) 100vw, 1131px\" \/><\/a><\/p>\n<p>&nbsp;<\/p>\n","protected":false},"excerpt":{"rendered":"<p>El pr\u00f3ximo s\u00e1bado 25 de Marzo, el Barrio de San Francisco acoger\u00e1 un Encuentro de Autocaravanistas con motivo de la inauguraci\u00f3n que la Concejal\u00eda de Turismo llevar\u00e1 a cabo para la recien construida \u00c1rea de Autocaravanas. Esta se localiza en un solar de propiedad municipal ubicado en la Avenida de San Jaime, frente a la &hellip;<\/p>\n","protected":false},"author":3,"featured_media":21834,"comment_status":"closed","ping_status":"open","sticky":false,"template":"","format":"standard","meta":{"ngg_post_thumbnail":0,"footnotes":""},"categories":[43],"tags":[],"class_list":["post-21831","post","type-post","status-publish","format-standard","has-post-thumbnail","hentry","category-turismo"],"yoast_head":"<!-- This site is optimized with the Yoast SEO plugin v27.5 - https:\/\/yoast.com\/product\/yoast-seo-wordpress\/ -->\n<title>El \u00c1REA DE AUTOCARAVANAS se inaugurar\u00e1 el pr\u00f3ximo s\u00e1bado 25 de Marzo - MI Ayuntamiento de Caudete<\/title>\n<meta name=\"description\" content=\"P\u00e1gina Oficial del Ayuntamiento de Caudete (Albacete)\" \/>\n<meta name=\"robots\" content=\"index, follow, max-snippet:-1, max-image-preview:large, max-video-preview:-1\" \/>\n<link rel=\"canonical\" href=\"https:\/\/www.caudete.org\/ayuntamiento\/el-area-de-autocaravanas-se-inaugurara-el-proximo-sabado-25-de-marzo\/\" \/>\n<meta property=\"og:locale\" content=\"es_ES\" \/>\n<meta property=\"og:type\" content=\"article\" \/>\n<meta property=\"og:title\" content=\"El \u00c1REA DE AUTOCARAVANAS se inaugurar\u00e1 el pr\u00f3ximo s\u00e1bado 25 de Marzo - MI Ayuntamiento de Caudete\" \/>\n<meta property=\"og:description\" content=\"P\u00e1gina Oficial del Ayuntamiento de Caudete (Albacete)\" \/>\n<meta property=\"og:url\" content=\"https:\/\/www.caudete.org\/ayuntamiento\/el-area-de-autocaravanas-se-inaugurara-el-proximo-sabado-25-de-marzo\/\" \/>\n<meta property=\"og:site_name\" content=\"MI Ayuntamiento de Caudete\" \/>\n<meta property=\"article:publisher\" content=\"https:\/\/www.facebook.com\/ayuntamientocaudete\/\" \/>\n<meta property=\"article:published_time\" content=\"2023-03-23T08:00:49+00:00\" \/>\n<meta property=\"og:image\" content=\"https:\/\/www.caudete.org\/ayuntamiento\/wp-content\/uploads\/2023\/03\/cartel-autocaravanas.png\" \/>\n\t<meta property=\"og:image:width\" content=\"1050\" \/>\n\t<meta property=\"og:image:height\" content=\"756\" \/>\n\t<meta property=\"og:image:type\" content=\"image\/png\" \/>\n<meta name=\"author\" content=\"alcalde\" \/>\n<meta name=\"twitter:card\" content=\"summary_large_image\" \/>\n<meta name=\"twitter:label1\" content=\"Escrito por\" \/>\n\t<meta name=\"twitter:data1\" content=\"alcalde\" \/>\n\t<meta name=\"twitter:label2\" content=\"Tiempo de lectura\" \/>\n\t<meta name=\"twitter:data2\" content=\"2 minutos\" \/>\n<script type=\"application\/ld+json\" class=\"yoast-schema-graph\">{\"@context\":\"https:\\\/\\\/schema.org\",\"@graph\":[{\"@type\":\"Article\",\"@id\":\"https:\\\/\\\/www.caudete.org\\\/ayuntamiento\\\/el-area-de-autocaravanas-se-inaugurara-el-proximo-sabado-25-de-marzo\\\/#article\",\"isPartOf\":{\"@id\":\"https:\\\/\\\/www.caudete.org\\\/ayuntamiento\\\/el-area-de-autocaravanas-se-inaugurara-el-proximo-sabado-25-de-marzo\\\/\"},\"author\":{\"name\":\"alcalde\",\"@id\":\"https:\\\/\\\/www.caudete.org\\\/ayuntamiento\\\/#\\\/schema\\\/person\\\/cc646da9133078ee4d8dd47457947253\"},\"headline\":\"El \u00c1REA DE AUTOCARAVANAS se inaugurar\u00e1 el pr\u00f3ximo s\u00e1bado 25 de Marzo\",\"datePublished\":\"2023-03-23T08:00:49+00:00\",\"mainEntityOfPage\":{\"@id\":\"https:\\\/\\\/www.caudete.org\\\/ayuntamiento\\\/el-area-de-autocaravanas-se-inaugurara-el-proximo-sabado-25-de-marzo\\\/\"},\"wordCount\":385,\"image\":{\"@id\":\"https:\\\/\\\/www.caudete.org\\\/ayuntamiento\\\/el-area-de-autocaravanas-se-inaugurara-el-proximo-sabado-25-de-marzo\\\/#primaryimage\"},\"thumbnailUrl\":\"https:\\\/\\\/www.caudete.org\\\/ayuntamiento\\\/wp-content\\\/uploads\\\/2023\\\/03\\\/cartel-autocaravanas.png\",\"articleSection\":[\"Turismo\"],\"inLanguage\":\"es\"},{\"@type\":\"WebPage\",\"@id\":\"https:\\\/\\\/www.caudete.org\\\/ayuntamiento\\\/el-area-de-autocaravanas-se-inaugurara-el-proximo-sabado-25-de-marzo\\\/\",\"url\":\"https:\\\/\\\/www.caudete.org\\\/ayuntamiento\\\/el-area-de-autocaravanas-se-inaugurara-el-proximo-sabado-25-de-marzo\\\/\",\"name\":\"El \u00c1REA DE AUTOCARAVANAS se inaugurar\u00e1 el pr\u00f3ximo s\u00e1bado 25 de Marzo - MI Ayuntamiento de Caudete\",\"isPartOf\":{\"@id\":\"https:\\\/\\\/www.caudete.org\\\/ayuntamiento\\\/#website\"},\"primaryImageOfPage\":{\"@id\":\"https:\\\/\\\/www.caudete.org\\\/ayuntamiento\\\/el-area-de-autocaravanas-se-inaugurara-el-proximo-sabado-25-de-marzo\\\/#primaryimage\"},\"image\":{\"@id\":\"https:\\\/\\\/www.caudete.org\\\/ayuntamiento\\\/el-area-de-autocaravanas-se-inaugurara-el-proximo-sabado-25-de-marzo\\\/#primaryimage\"},\"thumbnailUrl\":\"https:\\\/\\\/www.caudete.org\\\/ayuntamiento\\\/wp-content\\\/uploads\\\/2023\\\/03\\\/cartel-autocaravanas.png\",\"datePublished\":\"2023-03-23T08:00:49+00:00\",\"author\":{\"@id\":\"https:\\\/\\\/www.caudete.org\\\/ayuntamiento\\\/#\\\/schema\\\/person\\\/cc646da9133078ee4d8dd47457947253\"},\"description\":\"P\u00e1gina Oficial del Ayuntamiento de Caudete (Albacete)\",\"breadcrumb\":{\"@id\":\"https:\\\/\\\/www.caudete.org\\\/ayuntamiento\\\/el-area-de-autocaravanas-se-inaugurara-el-proximo-sabado-25-de-marzo\\\/#breadcrumb\"},\"inLanguage\":\"es\",\"potentialAction\":[{\"@type\":\"ReadAction\",\"target\":[\"https:\\\/\\\/www.caudete.org\\\/ayuntamiento\\\/el-area-de-autocaravanas-se-inaugurara-el-proximo-sabado-25-de-marzo\\\/\"]}]},{\"@type\":\"ImageObject\",\"inLanguage\":\"es\",\"@id\":\"https:\\\/\\\/www.caudete.org\\\/ayuntamiento\\\/el-area-de-autocaravanas-se-inaugurara-el-proximo-sabado-25-de-marzo\\\/#primaryimage\",\"url\":\"https:\\\/\\\/www.caudete.org\\\/ayuntamiento\\\/wp-content\\\/uploads\\\/2023\\\/03\\\/cartel-autocaravanas.png\",\"contentUrl\":\"https:\\\/\\\/www.caudete.org\\\/ayuntamiento\\\/wp-content\\\/uploads\\\/2023\\\/03\\\/cartel-autocaravanas.png\",\"width\":1050,\"height\":756},{\"@type\":\"BreadcrumbList\",\"@id\":\"https:\\\/\\\/www.caudete.org\\\/ayuntamiento\\\/el-area-de-autocaravanas-se-inaugurara-el-proximo-sabado-25-de-marzo\\\/#breadcrumb\",\"itemListElement\":[{\"@type\":\"ListItem\",\"position\":1,\"name\":\"Inicio\",\"item\":\"https:\\\/\\\/www.caudete.org\\\/ayuntamiento\\\/\"},{\"@type\":\"ListItem\",\"position\":2,\"name\":\"El \u00c1REA DE AUTOCARAVANAS se inaugurar\u00e1 el pr\u00f3ximo s\u00e1bado 25 de Marzo\"}]},{\"@type\":\"WebSite\",\"@id\":\"https:\\\/\\\/www.caudete.org\\\/ayuntamiento\\\/#website\",\"url\":\"https:\\\/\\\/www.caudete.org\\\/ayuntamiento\\\/\",\"name\":\"MI Ayuntamiento de Caudete\",\"description\":\"P\u00e1gina Oficial del MI Ayuntamiento de Caudete\",\"potentialAction\":[{\"@type\":\"SearchAction\",\"target\":{\"@type\":\"EntryPoint\",\"urlTemplate\":\"https:\\\/\\\/www.caudete.org\\\/ayuntamiento\\\/?s={search_term_string}\"},\"query-input\":{\"@type\":\"PropertyValueSpecification\",\"valueRequired\":true,\"valueName\":\"search_term_string\"}}],\"inLanguage\":\"es\"},{\"@type\":\"Person\",\"@id\":\"https:\\\/\\\/www.caudete.org\\\/ayuntamiento\\\/#\\\/schema\\\/person\\\/cc646da9133078ee4d8dd47457947253\",\"name\":\"alcalde\",\"image\":{\"@type\":\"ImageObject\",\"inLanguage\":\"es\",\"@id\":\"https:\\\/\\\/secure.gravatar.com\\\/avatar\\\/84a817ba065b29ff08d666b215a215f5c79186a645ccb25b14a663d48a130f77?s=96&d=mm&r=g\",\"url\":\"https:\\\/\\\/secure.gravatar.com\\\/avatar\\\/84a817ba065b29ff08d666b215a215f5c79186a645ccb25b14a663d48a130f77?s=96&d=mm&r=g\",\"contentUrl\":\"https:\\\/\\\/secure.gravatar.com\\\/avatar\\\/84a817ba065b29ff08d666b215a215f5c79186a645ccb25b14a663d48a130f77?s=96&d=mm&r=g\",\"caption\":\"alcalde\"},\"url\":\"https:\\\/\\\/www.caudete.org\\\/ayuntamiento\\\/author\\\/alcalde\\\/\"}]}<\/script>\n<!-- \/ Yoast SEO plugin. -->","yoast_head_json":{"title":"El \u00c1REA DE AUTOCARAVANAS se inaugurar\u00e1 el pr\u00f3ximo s\u00e1bado 25 de Marzo - MI Ayuntamiento de Caudete","description":"P\u00e1gina Oficial del Ayuntamiento de Caudete (Albacete)","robots":{"index":"index","follow":"follow","max-snippet":"max-snippet:-1","max-image-preview":"max-image-preview:large","max-video-preview":"max-video-preview:-1"},"canonical":"https:\/\/www.caudete.org\/ayuntamiento\/el-area-de-autocaravanas-se-inaugurara-el-proximo-sabado-25-de-marzo\/","og_locale":"es_ES","og_type":"article","og_title":"El \u00c1REA DE AUTOCARAVANAS se inaugurar\u00e1 el pr\u00f3ximo s\u00e1bado 25 de Marzo - MI Ayuntamiento de Caudete","og_description":"P\u00e1gina Oficial del Ayuntamiento de Caudete (Albacete)","og_url":"https:\/\/www.caudete.org\/ayuntamiento\/el-area-de-autocaravanas-se-inaugurara-el-proximo-sabado-25-de-marzo\/","og_site_name":"MI Ayuntamiento de Caudete","article_publisher":"https:\/\/www.facebook.com\/ayuntamientocaudete\/","article_published_time":"2023-03-23T08:00:49+00:00","og_image":[{"width":1050,"height":756,"url":"https:\/\/www.caudete.org\/ayuntamiento\/wp-content\/uploads\/2023\/03\/cartel-autocaravanas.png","type":"image\/png"}],"author":"alcalde","twitter_card":"summary_large_image","twitter_misc":{"Escrito por":"alcalde","Tiempo de lectura":"2 minutos"},"schema":{"@context":"https:\/\/schema.org","@graph":[{"@type":"Article","@id":"https:\/\/www.caudete.org\/ayuntamiento\/el-area-de-autocaravanas-se-inaugurara-el-proximo-sabado-25-de-marzo\/#article","isPartOf":{"@id":"https:\/\/www.caudete.org\/ayuntamiento\/el-area-de-autocaravanas-se-inaugurara-el-proximo-sabado-25-de-marzo\/"},"author":{"name":"alcalde","@id":"https:\/\/www.caudete.org\/ayuntamiento\/#\/schema\/person\/cc646da9133078ee4d8dd47457947253"},"headline":"El \u00c1REA DE AUTOCARAVANAS se inaugurar\u00e1 el pr\u00f3ximo s\u00e1bado 25 de Marzo","datePublished":"2023-03-23T08:00:49+00:00","mainEntityOfPage":{"@id":"https:\/\/www.caudete.org\/ayuntamiento\/el-area-de-autocaravanas-se-inaugurara-el-proximo-sabado-25-de-marzo\/"},"wordCount":385,"image":{"@id":"https:\/\/www.caudete.org\/ayuntamiento\/el-area-de-autocaravanas-se-inaugurara-el-proximo-sabado-25-de-marzo\/#primaryimage"},"thumbnailUrl":"https:\/\/www.caudete.org\/ayuntamiento\/wp-content\/uploads\/2023\/03\/cartel-autocaravanas.png","articleSection":["Turismo"],"inLanguage":"es"},{"@type":"WebPage","@id":"https:\/\/www.caudete.org\/ayuntamiento\/el-area-de-autocaravanas-se-inaugurara-el-proximo-sabado-25-de-marzo\/","url":"https:\/\/www.caudete.org\/ayuntamiento\/el-area-de-autocaravanas-se-inaugurara-el-proximo-sabado-25-de-marzo\/","name":"El \u00c1REA DE AUTOCARAVANAS se inaugurar\u00e1 el pr\u00f3ximo s\u00e1bado 25 de Marzo - MI Ayuntamiento de Caudete","isPartOf":{"@id":"https:\/\/www.caudete.org\/ayuntamiento\/#website"},"primaryImageOfPage":{"@id":"https:\/\/www.caudete.org\/ayuntamiento\/el-area-de-autocaravanas-se-inaugurara-el-proximo-sabado-25-de-marzo\/#primaryimage"},"image":{"@id":"https:\/\/www.caudete.org\/ayuntamiento\/el-area-de-autocaravanas-se-inaugurara-el-proximo-sabado-25-de-marzo\/#primaryimage"},"thumbnailUrl":"https:\/\/www.caudete.org\/ayuntamiento\/wp-content\/uploads\/2023\/03\/cartel-autocaravanas.png","datePublished":"2023-03-23T08:00:49+00:00","author":{"@id":"https:\/\/www.caudete.org\/ayuntamiento\/#\/schema\/person\/cc646da9133078ee4d8dd47457947253"},"description":"P\u00e1gina Oficial del Ayuntamiento de Caudete (Albacete)","breadcrumb":{"@id":"https:\/\/www.caudete.org\/ayuntamiento\/el-area-de-autocaravanas-se-inaugurara-el-proximo-sabado-25-de-marzo\/#breadcrumb"},"inLanguage":"es","potentialAction":[{"@type":"ReadAction","target":["https:\/\/www.caudete.org\/ayuntamiento\/el-area-de-autocaravanas-se-inaugurara-el-proximo-sabado-25-de-marzo\/"]}]},{"@type":"ImageObject","inLanguage":"es","@id":"https:\/\/www.caudete.org\/ayuntamiento\/el-area-de-autocaravanas-se-inaugurara-el-proximo-sabado-25-de-marzo\/#primaryimage","url":"https:\/\/www.caudete.org\/ayuntamiento\/wp-content\/uploads\/2023\/03\/cartel-autocaravanas.png","contentUrl":"https:\/\/www.caudete.org\/ayuntamiento\/wp-content\/uploads\/2023\/03\/cartel-autocaravanas.png","width":1050,"height":756},{"@type":"BreadcrumbList","@id":"https:\/\/www.caudete.org\/ayuntamiento\/el-area-de-autocaravanas-se-inaugurara-el-proximo-sabado-25-de-marzo\/#breadcrumb","itemListElement":[{"@type":"ListItem","position":1,"name":"Inicio","item":"https:\/\/www.caudete.org\/ayuntamiento\/"},{"@type":"ListItem","position":2,"name":"El \u00c1REA DE AUTOCARAVANAS se inaugurar\u00e1 el pr\u00f3ximo s\u00e1bado 25 de Marzo"}]},{"@type":"WebSite","@id":"https:\/\/www.caudete.org\/ayuntamiento\/#website","url":"https:\/\/www.caudete.org\/ayuntamiento\/","name":"MI Ayuntamiento de Caudete","description":"P\u00e1gina Oficial del MI Ayuntamiento de Caudete","potentialAction":[{"@type":"SearchAction","target":{"@type":"EntryPoint","urlTemplate":"https:\/\/www.caudete.org\/ayuntamiento\/?s={search_term_string}"},"query-input":{"@type":"PropertyValueSpecification","valueRequired":true,"valueName":"search_term_string"}}],"inLanguage":"es"},{"@type":"Person","@id":"https:\/\/www.caudete.org\/ayuntamiento\/#\/schema\/person\/cc646da9133078ee4d8dd47457947253","name":"alcalde","image":{"@type":"ImageObject","inLanguage":"es","@id":"https:\/\/secure.gravatar.com\/avatar\/84a817ba065b29ff08d666b215a215f5c79186a645ccb25b14a663d48a130f77?s=96&d=mm&r=g","url":"https:\/\/secure.gravatar.com\/avatar\/84a817ba065b29ff08d666b215a215f5c79186a645ccb25b14a663d48a130f77?s=96&d=mm&r=g","contentUrl":"https:\/\/secure.gravatar.com\/avatar\/84a817ba065b29ff08d666b215a215f5c79186a645ccb25b14a663d48a130f77?s=96&d=mm&r=g","caption":"alcalde"},"url":"https:\/\/www.caudete.org\/ayuntamiento\/author\/alcalde\/"}]}},"_links":{"self":[{"href":"https:\/\/www.caudete.org\/ayuntamiento\/wp-json\/wp\/v2\/posts\/21831","targetHints":{"allow":["GET"]}}],"collection":[{"href":"https:\/\/www.caudete.org\/ayuntamiento\/wp-json\/wp\/v2\/posts"}],"about":[{"href":"https:\/\/www.caudete.org\/ayuntamiento\/wp-json\/wp\/v2\/types\/post"}],"author":[{"embeddable":true,"href":"https:\/\/www.caudete.org\/ayuntamiento\/wp-json\/wp\/v2\/users\/3"}],"replies":[{"embeddable":true,"href":"https:\/\/www.caudete.org\/ayuntamiento\/wp-json\/wp\/v2\/comments?post=21831"}],"version-history":[{"count":1,"href":"https:\/\/www.caudete.org\/ayuntamiento\/wp-json\/wp\/v2\/posts\/21831\/revisions"}],"predecessor-version":[{"id":21836,"href":"https:\/\/www.caudete.org\/ayuntamiento\/wp-json\/wp\/v2\/posts\/21831\/revisions\/21836"}],"wp:featuredmedia":[{"embeddable":true,"href":"https:\/\/www.caudete.org\/ayuntamiento\/wp-json\/wp\/v2\/media\/21834"}],"wp:attachment":[{"href":"https:\/\/www.caudete.org\/ayuntamiento\/wp-json\/wp\/v2\/media?parent=21831"}],"wp:term":[{"taxonomy":"category","embeddable":true,"href":"https:\/\/www.caudete.org\/ayuntamiento\/wp-json\/wp\/v2\/categories?post=21831"},{"taxonomy":"post_tag","embeddable":true,"href":"https:\/\/www.caudete.org\/ayuntamiento\/wp-json\/wp\/v2\/tags?post=21831"}],"curies":[{"name":"wp","href":"https:\/\/api.w.org\/{rel}","templated":true}]}}