{"id":21864,"date":"2023-03-27T10:53:04","date_gmt":"2023-03-27T08:53:04","guid":{"rendered":"https:\/\/www.caudete.org\/ayuntamiento\/?p=21864"},"modified":"2023-03-27T10:53:04","modified_gmt":"2023-03-27T08:53:04","slug":"publicado-el-listado-provisional-de-admitidos-y-excluidos-del-plan-de-empleo-con-alegaciones-hasta-28-marzo","status":"publish","type":"post","link":"https:\/\/www.caudete.org\/ayuntamiento\/publicado-el-listado-provisional-de-admitidos-y-excluidos-del-plan-de-empleo-con-alegaciones-hasta-28-marzo\/","title":{"rendered":"Publicado el listado provisional de admitidos y excluidos del PLAN DE EMPLEO, con alegaciones hasta 28 Marzo"},"content":{"rendered":"<p style=\"text-align: justify;\">El Plan de Empleo 2023 avanza en nuestro municipio con la publicaci\u00f3n del LISTADO PROVISIONAL de admitidos y excluidos seg\u00fan las instancias formuladas por los interesados y la aplicaci\u00f3n de las bases reguladoras.<\/p>\n<p style=\"text-align: justify;\">As\u00ed lo informaba la Concejal de Empleo y Formaci\u00f3n, M\u00aa del Mar Requena, quien a\u00f1ad\u00eda que un total de 3 d\u00edas, que finalizan el martes 28 de Marzo es el plazo previsto para formular alegaciones los interesados con motivos fundados, antes de que se proceda a la publicaci\u00f3n del Listado Definitivo que permita poner en marcha las contrataciones de dicho Plan de Empleo.<\/p>\n<p style=\"text-align: justify;\">Cabe destacar que el Ayuntamiento para la anualidad 2023 cuenta con un total de 30 contratos a 6 meses de duraci\u00f3n que prestar\u00e1n sus servicios como control de accesos, limpieza, obras, jardines o administraci\u00f3n.<\/p>\n<p style=\"text-align: justify;\"><a href=\"https:\/\/caudete.sedipualba.es\/tablondeanuncios\/anuncio.aspx?id=45368\" target=\"_blank\" rel=\"nofollow\">ACCESO LISTADO PROVISIONAL DE ADMITIDOS Y EXCLUIDOS<\/a><\/p>\n","protected":false},"excerpt":{"rendered":"<p>El Plan de Empleo 2023 avanza en nuestro municipio con la publicaci\u00f3n del LISTADO PROVISIONAL de admitidos y excluidos seg\u00fan las instancias formuladas por los interesados y la aplicaci\u00f3n de las bases reguladoras. As\u00ed lo informaba la Concejal de Empleo y Formaci\u00f3n, M\u00aa del Mar Requena, quien a\u00f1ad\u00eda que un total de 3 d\u00edas, que &hellip;<\/p>\n","protected":false},"author":3,"featured_media":21865,"comment_status":"closed","ping_status":"open","sticky":false,"template":"","format":"standard","meta":{"ngg_post_thumbnail":0,"footnotes":""},"categories":[37],"tags":[],"class_list":["post-21864","post","type-post","status-publish","format-standard","has-post-thumbnail","hentry","category-empleo-y-formacion"],"yoast_head":"<!-- This site is optimized with the Yoast SEO plugin v27.4 - https:\/\/yoast.com\/product\/yoast-seo-wordpress\/ -->\n<title>Publicado el listado provisional de admitidos y excluidos del PLAN DE EMPLEO, con alegaciones hasta 28 Marzo - MI Ayuntamiento de Caudete<\/title>\n<meta name=\"description\" content=\"P\u00e1gina Oficial del Ayuntamiento de Caudete (Albacete)\" \/>\n<meta name=\"robots\" content=\"index, follow, max-snippet:-1, max-image-preview:large, max-video-preview:-1\" \/>\n<link rel=\"canonical\" href=\"https:\/\/www.caudete.org\/ayuntamiento\/publicado-el-listado-provisional-de-admitidos-y-excluidos-del-plan-de-empleo-con-alegaciones-hasta-28-marzo\/\" \/>\n<meta property=\"og:locale\" content=\"es_ES\" \/>\n<meta property=\"og:type\" content=\"article\" \/>\n<meta property=\"og:title\" content=\"Publicado el listado provisional de admitidos y excluidos del PLAN DE EMPLEO, con alegaciones hasta 28 Marzo - MI Ayuntamiento de Caudete\" \/>\n<meta property=\"og:description\" content=\"P\u00e1gina Oficial del Ayuntamiento de Caudete (Albacete)\" \/>\n<meta property=\"og:url\" content=\"https:\/\/www.caudete.org\/ayuntamiento\/publicado-el-listado-provisional-de-admitidos-y-excluidos-del-plan-de-empleo-con-alegaciones-hasta-28-marzo\/\" \/>\n<meta property=\"og:site_name\" content=\"MI Ayuntamiento de Caudete\" \/>\n<meta property=\"article:publisher\" content=\"https:\/\/www.facebook.com\/ayuntamientocaudete\/\" \/>\n<meta property=\"article:published_time\" content=\"2023-03-27T08:53:04+00:00\" \/>\n<meta property=\"og:image\" content=\"https:\/\/www.caudete.org\/ayuntamiento\/wp-content\/uploads\/2023\/03\/listado-provisional-PLAN-DE-EMPLEO.png\" \/>\n\t<meta property=\"og:image:width\" content=\"977\" \/>\n\t<meta property=\"og:image:height\" content=\"739\" \/>\n\t<meta property=\"og:image:type\" content=\"image\/png\" \/>\n<meta name=\"author\" content=\"alcalde\" \/>\n<meta name=\"twitter:card\" content=\"summary_large_image\" \/>\n<meta name=\"twitter:label1\" content=\"Escrito por\" \/>\n\t<meta name=\"twitter:data1\" content=\"alcalde\" \/>\n\t<meta name=\"twitter:label2\" content=\"Tiempo de lectura\" \/>\n\t<meta name=\"twitter:data2\" content=\"1 minuto\" \/>\n<script type=\"application\/ld+json\" class=\"yoast-schema-graph\">{\"@context\":\"https:\\\/\\\/schema.org\",\"@graph\":[{\"@type\":\"Article\",\"@id\":\"https:\\\/\\\/www.caudete.org\\\/ayuntamiento\\\/publicado-el-listado-provisional-de-admitidos-y-excluidos-del-plan-de-empleo-con-alegaciones-hasta-28-marzo\\\/#article\",\"isPartOf\":{\"@id\":\"https:\\\/\\\/www.caudete.org\\\/ayuntamiento\\\/publicado-el-listado-provisional-de-admitidos-y-excluidos-del-plan-de-empleo-con-alegaciones-hasta-28-marzo\\\/\"},\"author\":{\"name\":\"alcalde\",\"@id\":\"https:\\\/\\\/www.caudete.org\\\/ayuntamiento\\\/#\\\/schema\\\/person\\\/cc646da9133078ee4d8dd47457947253\"},\"headline\":\"Publicado el listado provisional de admitidos y excluidos del PLAN DE EMPLEO, con alegaciones hasta 28 Marzo\",\"datePublished\":\"2023-03-27T08:53:04+00:00\",\"mainEntityOfPage\":{\"@id\":\"https:\\\/\\\/www.caudete.org\\\/ayuntamiento\\\/publicado-el-listado-provisional-de-admitidos-y-excluidos-del-plan-de-empleo-con-alegaciones-hasta-28-marzo\\\/\"},\"wordCount\":158,\"publisher\":{\"@id\":\"https:\\\/\\\/www.caudete.org\\\/ayuntamiento\\\/#organization\"},\"image\":{\"@id\":\"https:\\\/\\\/www.caudete.org\\\/ayuntamiento\\\/publicado-el-listado-provisional-de-admitidos-y-excluidos-del-plan-de-empleo-con-alegaciones-hasta-28-marzo\\\/#primaryimage\"},\"thumbnailUrl\":\"https:\\\/\\\/www.caudete.org\\\/ayuntamiento\\\/wp-content\\\/uploads\\\/2023\\\/03\\\/listado-provisional-PLAN-DE-EMPLEO.png\",\"articleSection\":[\"Empleo y Formaci\u00f3n\"],\"inLanguage\":\"es\"},{\"@type\":\"WebPage\",\"@id\":\"https:\\\/\\\/www.caudete.org\\\/ayuntamiento\\\/publicado-el-listado-provisional-de-admitidos-y-excluidos-del-plan-de-empleo-con-alegaciones-hasta-28-marzo\\\/\",\"url\":\"https:\\\/\\\/www.caudete.org\\\/ayuntamiento\\\/publicado-el-listado-provisional-de-admitidos-y-excluidos-del-plan-de-empleo-con-alegaciones-hasta-28-marzo\\\/\",\"name\":\"Publicado el listado provisional de admitidos y excluidos del PLAN DE EMPLEO, con alegaciones hasta 28 Marzo - MI Ayuntamiento de Caudete\",\"isPartOf\":{\"@id\":\"https:\\\/\\\/www.caudete.org\\\/ayuntamiento\\\/#website\"},\"primaryImageOfPage\":{\"@id\":\"https:\\\/\\\/www.caudete.org\\\/ayuntamiento\\\/publicado-el-listado-provisional-de-admitidos-y-excluidos-del-plan-de-empleo-con-alegaciones-hasta-28-marzo\\\/#primaryimage\"},\"image\":{\"@id\":\"https:\\\/\\\/www.caudete.org\\\/ayuntamiento\\\/publicado-el-listado-provisional-de-admitidos-y-excluidos-del-plan-de-empleo-con-alegaciones-hasta-28-marzo\\\/#primaryimage\"},\"thumbnailUrl\":\"https:\\\/\\\/www.caudete.org\\\/ayuntamiento\\\/wp-content\\\/uploads\\\/2023\\\/03\\\/listado-provisional-PLAN-DE-EMPLEO.png\",\"datePublished\":\"2023-03-27T08:53:04+00:00\",\"description\":\"P\u00e1gina Oficial del Ayuntamiento de Caudete (Albacete)\",\"breadcrumb\":{\"@id\":\"https:\\\/\\\/www.caudete.org\\\/ayuntamiento\\\/publicado-el-listado-provisional-de-admitidos-y-excluidos-del-plan-de-empleo-con-alegaciones-hasta-28-marzo\\\/#breadcrumb\"},\"inLanguage\":\"es\",\"potentialAction\":[{\"@type\":\"ReadAction\",\"target\":[\"https:\\\/\\\/www.caudete.org\\\/ayuntamiento\\\/publicado-el-listado-provisional-de-admitidos-y-excluidos-del-plan-de-empleo-con-alegaciones-hasta-28-marzo\\\/\"]}]},{\"@type\":\"ImageObject\",\"inLanguage\":\"es\",\"@id\":\"https:\\\/\\\/www.caudete.org\\\/ayuntamiento\\\/publicado-el-listado-provisional-de-admitidos-y-excluidos-del-plan-de-empleo-con-alegaciones-hasta-28-marzo\\\/#primaryimage\",\"url\":\"https:\\\/\\\/www.caudete.org\\\/ayuntamiento\\\/wp-content\\\/uploads\\\/2023\\\/03\\\/listado-provisional-PLAN-DE-EMPLEO.png\",\"contentUrl\":\"https:\\\/\\\/www.caudete.org\\\/ayuntamiento\\\/wp-content\\\/uploads\\\/2023\\\/03\\\/listado-provisional-PLAN-DE-EMPLEO.png\",\"width\":977,\"height\":739},{\"@type\":\"BreadcrumbList\",\"@id\":\"https:\\\/\\\/www.caudete.org\\\/ayuntamiento\\\/publicado-el-listado-provisional-de-admitidos-y-excluidos-del-plan-de-empleo-con-alegaciones-hasta-28-marzo\\\/#breadcrumb\",\"itemListElement\":[{\"@type\":\"ListItem\",\"position\":1,\"name\":\"Inicio\",\"item\":\"https:\\\/\\\/www.caudete.org\\\/ayuntamiento\\\/\"},{\"@type\":\"ListItem\",\"position\":2,\"name\":\"Publicado el listado provisional de admitidos y excluidos del PLAN DE EMPLEO, con alegaciones hasta 28 Marzo\"}]},{\"@type\":\"WebSite\",\"@id\":\"https:\\\/\\\/www.caudete.org\\\/ayuntamiento\\\/#website\",\"url\":\"https:\\\/\\\/www.caudete.org\\\/ayuntamiento\\\/\",\"name\":\"MI Ayuntamiento de Caudete\",\"description\":\"P\u00e1gina Oficial del MI Ayuntamiento de Caudete\",\"publisher\":{\"@id\":\"https:\\\/\\\/www.caudete.org\\\/ayuntamiento\\\/#organization\"},\"potentialAction\":[{\"@type\":\"SearchAction\",\"target\":{\"@type\":\"EntryPoint\",\"urlTemplate\":\"https:\\\/\\\/www.caudete.org\\\/ayuntamiento\\\/?s={search_term_string}\"},\"query-input\":{\"@type\":\"PropertyValueSpecification\",\"valueRequired\":true,\"valueName\":\"search_term_string\"}}],\"inLanguage\":\"es\"},{\"@type\":\"Organization\",\"@id\":\"https:\\\/\\\/www.caudete.org\\\/ayuntamiento\\\/#organization\",\"name\":\"Ayuntamiento de Caudete\",\"url\":\"https:\\\/\\\/www.caudete.org\\\/ayuntamiento\\\/\",\"logo\":{\"@type\":\"ImageObject\",\"inLanguage\":\"es\",\"@id\":\"https:\\\/\\\/www.caudete.org\\\/ayuntamiento\\\/#\\\/schema\\\/logo\\\/image\\\/\",\"url\":\"https:\\\/\\\/www.caudete.org\\\/ayuntamiento\\\/wp-content\\\/uploads\\\/2020\\\/11\\\/logo_ayuntamiento_caudete.jpg\",\"contentUrl\":\"https:\\\/\\\/www.caudete.org\\\/ayuntamiento\\\/wp-content\\\/uploads\\\/2020\\\/11\\\/logo_ayuntamiento_caudete.jpg\",\"width\":600,\"height\":150,\"caption\":\"Ayuntamiento de Caudete\"},\"image\":{\"@id\":\"https:\\\/\\\/www.caudete.org\\\/ayuntamiento\\\/#\\\/schema\\\/logo\\\/image\\\/\"},\"sameAs\":[\"https:\\\/\\\/www.facebook.com\\\/ayuntamientocaudete\\\/\",\"https:\\\/\\\/www.youtube.com\\\/channel\\\/UC6VztHaooNsGpw-tNoBEFnQ\"]},{\"@type\":\"Person\",\"@id\":\"https:\\\/\\\/www.caudete.org\\\/ayuntamiento\\\/#\\\/schema\\\/person\\\/cc646da9133078ee4d8dd47457947253\",\"name\":\"alcalde\",\"image\":{\"@type\":\"ImageObject\",\"inLanguage\":\"es\",\"@id\":\"https:\\\/\\\/secure.gravatar.com\\\/avatar\\\/84a817ba065b29ff08d666b215a215f5c79186a645ccb25b14a663d48a130f77?s=96&d=mm&r=g\",\"url\":\"https:\\\/\\\/secure.gravatar.com\\\/avatar\\\/84a817ba065b29ff08d666b215a215f5c79186a645ccb25b14a663d48a130f77?s=96&d=mm&r=g\",\"contentUrl\":\"https:\\\/\\\/secure.gravatar.com\\\/avatar\\\/84a817ba065b29ff08d666b215a215f5c79186a645ccb25b14a663d48a130f77?s=96&d=mm&r=g\",\"caption\":\"alcalde\"},\"url\":\"https:\\\/\\\/www.caudete.org\\\/ayuntamiento\\\/author\\\/alcalde\\\/\"}]}<\/script>\n<!-- \/ Yoast SEO plugin. -->","yoast_head_json":{"title":"Publicado el listado provisional de admitidos y excluidos del PLAN DE EMPLEO, con alegaciones hasta 28 Marzo - MI Ayuntamiento de Caudete","description":"P\u00e1gina Oficial del Ayuntamiento de Caudete (Albacete)","robots":{"index":"index","follow":"follow","max-snippet":"max-snippet:-1","max-image-preview":"max-image-preview:large","max-video-preview":"max-video-preview:-1"},"canonical":"https:\/\/www.caudete.org\/ayuntamiento\/publicado-el-listado-provisional-de-admitidos-y-excluidos-del-plan-de-empleo-con-alegaciones-hasta-28-marzo\/","og_locale":"es_ES","og_type":"article","og_title":"Publicado el listado provisional de admitidos y excluidos del PLAN DE EMPLEO, con alegaciones hasta 28 Marzo - MI Ayuntamiento de Caudete","og_description":"P\u00e1gina Oficial del Ayuntamiento de Caudete (Albacete)","og_url":"https:\/\/www.caudete.org\/ayuntamiento\/publicado-el-listado-provisional-de-admitidos-y-excluidos-del-plan-de-empleo-con-alegaciones-hasta-28-marzo\/","og_site_name":"MI Ayuntamiento de Caudete","article_publisher":"https:\/\/www.facebook.com\/ayuntamientocaudete\/","article_published_time":"2023-03-27T08:53:04+00:00","og_image":[{"width":977,"height":739,"url":"https:\/\/www.caudete.org\/ayuntamiento\/wp-content\/uploads\/2023\/03\/listado-provisional-PLAN-DE-EMPLEO.png","type":"image\/png"}],"author":"alcalde","twitter_card":"summary_large_image","twitter_misc":{"Escrito por":"alcalde","Tiempo de lectura":"1 minuto"},"schema":{"@context":"https:\/\/schema.org","@graph":[{"@type":"Article","@id":"https:\/\/www.caudete.org\/ayuntamiento\/publicado-el-listado-provisional-de-admitidos-y-excluidos-del-plan-de-empleo-con-alegaciones-hasta-28-marzo\/#article","isPartOf":{"@id":"https:\/\/www.caudete.org\/ayuntamiento\/publicado-el-listado-provisional-de-admitidos-y-excluidos-del-plan-de-empleo-con-alegaciones-hasta-28-marzo\/"},"author":{"name":"alcalde","@id":"https:\/\/www.caudete.org\/ayuntamiento\/#\/schema\/person\/cc646da9133078ee4d8dd47457947253"},"headline":"Publicado el listado provisional de admitidos y excluidos del PLAN DE EMPLEO, con alegaciones hasta 28 Marzo","datePublished":"2023-03-27T08:53:04+00:00","mainEntityOfPage":{"@id":"https:\/\/www.caudete.org\/ayuntamiento\/publicado-el-listado-provisional-de-admitidos-y-excluidos-del-plan-de-empleo-con-alegaciones-hasta-28-marzo\/"},"wordCount":158,"publisher":{"@id":"https:\/\/www.caudete.org\/ayuntamiento\/#organization"},"image":{"@id":"https:\/\/www.caudete.org\/ayuntamiento\/publicado-el-listado-provisional-de-admitidos-y-excluidos-del-plan-de-empleo-con-alegaciones-hasta-28-marzo\/#primaryimage"},"thumbnailUrl":"https:\/\/www.caudete.org\/ayuntamiento\/wp-content\/uploads\/2023\/03\/listado-provisional-PLAN-DE-EMPLEO.png","articleSection":["Empleo y Formaci\u00f3n"],"inLanguage":"es"},{"@type":"WebPage","@id":"https:\/\/www.caudete.org\/ayuntamiento\/publicado-el-listado-provisional-de-admitidos-y-excluidos-del-plan-de-empleo-con-alegaciones-hasta-28-marzo\/","url":"https:\/\/www.caudete.org\/ayuntamiento\/publicado-el-listado-provisional-de-admitidos-y-excluidos-del-plan-de-empleo-con-alegaciones-hasta-28-marzo\/","name":"Publicado el listado provisional de admitidos y excluidos del PLAN DE EMPLEO, con alegaciones hasta 28 Marzo - MI Ayuntamiento de Caudete","isPartOf":{"@id":"https:\/\/www.caudete.org\/ayuntamiento\/#website"},"primaryImageOfPage":{"@id":"https:\/\/www.caudete.org\/ayuntamiento\/publicado-el-listado-provisional-de-admitidos-y-excluidos-del-plan-de-empleo-con-alegaciones-hasta-28-marzo\/#primaryimage"},"image":{"@id":"https:\/\/www.caudete.org\/ayuntamiento\/publicado-el-listado-provisional-de-admitidos-y-excluidos-del-plan-de-empleo-con-alegaciones-hasta-28-marzo\/#primaryimage"},"thumbnailUrl":"https:\/\/www.caudete.org\/ayuntamiento\/wp-content\/uploads\/2023\/03\/listado-provisional-PLAN-DE-EMPLEO.png","datePublished":"2023-03-27T08:53:04+00:00","description":"P\u00e1gina Oficial del Ayuntamiento de Caudete (Albacete)","breadcrumb":{"@id":"https:\/\/www.caudete.org\/ayuntamiento\/publicado-el-listado-provisional-de-admitidos-y-excluidos-del-plan-de-empleo-con-alegaciones-hasta-28-marzo\/#breadcrumb"},"inLanguage":"es","potentialAction":[{"@type":"ReadAction","target":["https:\/\/www.caudete.org\/ayuntamiento\/publicado-el-listado-provisional-de-admitidos-y-excluidos-del-plan-de-empleo-con-alegaciones-hasta-28-marzo\/"]}]},{"@type":"ImageObject","inLanguage":"es","@id":"https:\/\/www.caudete.org\/ayuntamiento\/publicado-el-listado-provisional-de-admitidos-y-excluidos-del-plan-de-empleo-con-alegaciones-hasta-28-marzo\/#primaryimage","url":"https:\/\/www.caudete.org\/ayuntamiento\/wp-content\/uploads\/2023\/03\/listado-provisional-PLAN-DE-EMPLEO.png","contentUrl":"https:\/\/www.caudete.org\/ayuntamiento\/wp-content\/uploads\/2023\/03\/listado-provisional-PLAN-DE-EMPLEO.png","width":977,"height":739},{"@type":"BreadcrumbList","@id":"https:\/\/www.caudete.org\/ayuntamiento\/publicado-el-listado-provisional-de-admitidos-y-excluidos-del-plan-de-empleo-con-alegaciones-hasta-28-marzo\/#breadcrumb","itemListElement":[{"@type":"ListItem","position":1,"name":"Inicio","item":"https:\/\/www.caudete.org\/ayuntamiento\/"},{"@type":"ListItem","position":2,"name":"Publicado el listado provisional de admitidos y excluidos del PLAN DE EMPLEO, con alegaciones hasta 28 Marzo"}]},{"@type":"WebSite","@id":"https:\/\/www.caudete.org\/ayuntamiento\/#website","url":"https:\/\/www.caudete.org\/ayuntamiento\/","name":"MI Ayuntamiento de Caudete","description":"P\u00e1gina Oficial del MI Ayuntamiento de Caudete","publisher":{"@id":"https:\/\/www.caudete.org\/ayuntamiento\/#organization"},"potentialAction":[{"@type":"SearchAction","target":{"@type":"EntryPoint","urlTemplate":"https:\/\/www.caudete.org\/ayuntamiento\/?s={search_term_string}"},"query-input":{"@type":"PropertyValueSpecification","valueRequired":true,"valueName":"search_term_string"}}],"inLanguage":"es"},{"@type":"Organization","@id":"https:\/\/www.caudete.org\/ayuntamiento\/#organization","name":"Ayuntamiento de Caudete","url":"https:\/\/www.caudete.org\/ayuntamiento\/","logo":{"@type":"ImageObject","inLanguage":"es","@id":"https:\/\/www.caudete.org\/ayuntamiento\/#\/schema\/logo\/image\/","url":"https:\/\/www.caudete.org\/ayuntamiento\/wp-content\/uploads\/2020\/11\/logo_ayuntamiento_caudete.jpg","contentUrl":"https:\/\/www.caudete.org\/ayuntamiento\/wp-content\/uploads\/2020\/11\/logo_ayuntamiento_caudete.jpg","width":600,"height":150,"caption":"Ayuntamiento de Caudete"},"image":{"@id":"https:\/\/www.caudete.org\/ayuntamiento\/#\/schema\/logo\/image\/"},"sameAs":["https:\/\/www.facebook.com\/ayuntamientocaudete\/","https:\/\/www.youtube.com\/channel\/UC6VztHaooNsGpw-tNoBEFnQ"]},{"@type":"Person","@id":"https:\/\/www.caudete.org\/ayuntamiento\/#\/schema\/person\/cc646da9133078ee4d8dd47457947253","name":"alcalde","image":{"@type":"ImageObject","inLanguage":"es","@id":"https:\/\/secure.gravatar.com\/avatar\/84a817ba065b29ff08d666b215a215f5c79186a645ccb25b14a663d48a130f77?s=96&d=mm&r=g","url":"https:\/\/secure.gravatar.com\/avatar\/84a817ba065b29ff08d666b215a215f5c79186a645ccb25b14a663d48a130f77?s=96&d=mm&r=g","contentUrl":"https:\/\/secure.gravatar.com\/avatar\/84a817ba065b29ff08d666b215a215f5c79186a645ccb25b14a663d48a130f77?s=96&d=mm&r=g","caption":"alcalde"},"url":"https:\/\/www.caudete.org\/ayuntamiento\/author\/alcalde\/"}]}},"_links":{"self":[{"href":"https:\/\/www.caudete.org\/ayuntamiento\/wp-json\/wp\/v2\/posts\/21864","targetHints":{"allow":["GET"]}}],"collection":[{"href":"https:\/\/www.caudete.org\/ayuntamiento\/wp-json\/wp\/v2\/posts"}],"about":[{"href":"https:\/\/www.caudete.org\/ayuntamiento\/wp-json\/wp\/v2\/types\/post"}],"author":[{"embeddable":true,"href":"https:\/\/www.caudete.org\/ayuntamiento\/wp-json\/wp\/v2\/users\/3"}],"replies":[{"embeddable":true,"href":"https:\/\/www.caudete.org\/ayuntamiento\/wp-json\/wp\/v2\/comments?post=21864"}],"version-history":[{"count":2,"href":"https:\/\/www.caudete.org\/ayuntamiento\/wp-json\/wp\/v2\/posts\/21864\/revisions"}],"predecessor-version":[{"id":21867,"href":"https:\/\/www.caudete.org\/ayuntamiento\/wp-json\/wp\/v2\/posts\/21864\/revisions\/21867"}],"wp:featuredmedia":[{"embeddable":true,"href":"https:\/\/www.caudete.org\/ayuntamiento\/wp-json\/wp\/v2\/media\/21865"}],"wp:attachment":[{"href":"https:\/\/www.caudete.org\/ayuntamiento\/wp-json\/wp\/v2\/media?parent=21864"}],"wp:term":[{"taxonomy":"category","embeddable":true,"href":"https:\/\/www.caudete.org\/ayuntamiento\/wp-json\/wp\/v2\/categories?post=21864"},{"taxonomy":"post_tag","embeddable":true,"href":"https:\/\/www.caudete.org\/ayuntamiento\/wp-json\/wp\/v2\/tags?post=21864"}],"curies":[{"name":"wp","href":"https:\/\/api.w.org\/{rel}","templated":true}]}}