{"id":21963,"date":"2023-04-10T16:53:27","date_gmt":"2023-04-10T14:53:27","guid":{"rendered":"https:\/\/www.caudete.org\/ayuntamiento\/?p=21963"},"modified":"2023-04-10T16:53:27","modified_gmt":"2023-04-10T14:53:27","slug":"proteccion-civil-realiza-el-proximo-sabado-en-la-sala-unas-jornadas-de-convivencia-y-puertas-abiertas","status":"publish","type":"post","link":"https:\/\/www.caudete.org\/ayuntamiento\/proteccion-civil-realiza-el-proximo-sabado-en-la-sala-unas-jornadas-de-convivencia-y-puertas-abiertas\/","title":{"rendered":"PROTECCI\u00d3N CIVIL realiza el pr\u00f3ximo s\u00e1bado en &#8220;La Sala&#8221; unas Jornadas de Convivencia y Puertas Abiertas"},"content":{"rendered":"<p style=\"text-align: justify;\">El Ayuntamiento de Caudete desde las Concejal\u00edas de Emergencias y Sanidad, han organizado junto a la Agrupaci\u00f3n de Voluntarios de Protecci\u00f3n Civil de Caudete, unas Jornadas de Convivencia y Puertas Abiertas que tendr\u00e1 lugar el pr\u00f3ximo s\u00e1bado 15 de Abril en el Espacio Sociocultural\u200b &#8220;La Sala&#8221;, ubicada en la Ciudad Deportiva &#8220;Antonio Amor\u00f3s&#8221;.<\/p>\n<p style=\"text-align: justify;\">Desde las 10 de la ma\u00f1ana y hasta las 13h del mediod\u00eda, se<span style=\"text-align: justify;\"> pretende realizar un encuentro participativo e informativo de la labor fomentada y encauzado a trav\u00e9s de Protecci\u00f3n Civil\u200b y emergencias.<\/span><\/p>\n<p style=\"text-align: justify;\">Para dicha actividad\u00a0 se cuenta con la colaboraci\u00f3n con la Concejal\u00eda de Seguridad del Ayuntamiento de Almansa y la Agrupaci\u00f3n de Voluntarios de Protecci\u00f3n Civil de dicha ciudad.<\/p>\n<p><a href=\"https:\/\/www.caudete.org\/ayuntamiento\/wp-content\/uploads\/2023\/04\/IMG_20230410_163031.jpg\" rel='prettyPhoto'><img fetchpriority=\"high\" decoding=\"async\" class=\"alignnone wp-image-21964 size-full\" src=\"https:\/\/www.caudete.org\/ayuntamiento\/wp-content\/uploads\/2023\/04\/IMG_20230410_163031.jpg\" alt=\"\" width=\"646\" height=\"925\" srcset=\"https:\/\/www.caudete.org\/ayuntamiento\/wp-content\/uploads\/2023\/04\/IMG_20230410_163031.jpg 646w, https:\/\/www.caudete.org\/ayuntamiento\/wp-content\/uploads\/2023\/04\/IMG_20230410_163031-210x300.jpg 210w\" sizes=\"(max-width: 646px) 100vw, 646px\" \/><\/a><\/p>\n","protected":false},"excerpt":{"rendered":"<p>El Ayuntamiento de Caudete desde las Concejal\u00edas de Emergencias y Sanidad, han organizado junto a la Agrupaci\u00f3n de Voluntarios de Protecci\u00f3n Civil de Caudete, unas Jornadas de Convivencia y Puertas Abiertas que tendr\u00e1 lugar el pr\u00f3ximo s\u00e1bado 15 de Abril en el Espacio Sociocultural\u200b &#8220;La Sala&#8221;, ubicada en la Ciudad Deportiva &#8220;Antonio Amor\u00f3s&#8221;. Desde las &hellip;<\/p>\n","protected":false},"author":3,"featured_media":21965,"comment_status":"closed","ping_status":"open","sticky":false,"template":"","format":"standard","meta":{"ngg_post_thumbnail":0,"footnotes":""},"categories":[41],"tags":[],"class_list":["post-21963","post","type-post","status-publish","format-standard","has-post-thumbnail","hentry","category-emergencias"],"yoast_head":"<!-- This site is optimized with the Yoast SEO plugin v27.5 - https:\/\/yoast.com\/product\/yoast-seo-wordpress\/ -->\n<title>PROTECCI\u00d3N CIVIL realiza el pr\u00f3ximo s\u00e1bado en &quot;La Sala&quot; unas Jornadas de Convivencia y Puertas Abiertas - MI Ayuntamiento de Caudete<\/title>\n<meta name=\"description\" content=\"P\u00e1gina Oficial del Ayuntamiento de Caudete (Albacete)\" \/>\n<meta name=\"robots\" content=\"index, follow, max-snippet:-1, max-image-preview:large, max-video-preview:-1\" \/>\n<link rel=\"canonical\" href=\"https:\/\/www.caudete.org\/ayuntamiento\/proteccion-civil-realiza-el-proximo-sabado-en-la-sala-unas-jornadas-de-convivencia-y-puertas-abiertas\/\" \/>\n<meta property=\"og:locale\" content=\"es_ES\" \/>\n<meta property=\"og:type\" content=\"article\" \/>\n<meta property=\"og:title\" content=\"PROTECCI\u00d3N CIVIL realiza el pr\u00f3ximo s\u00e1bado en &quot;La Sala&quot; unas Jornadas de Convivencia y Puertas Abiertas - MI Ayuntamiento de Caudete\" \/>\n<meta property=\"og:description\" content=\"P\u00e1gina Oficial del Ayuntamiento de Caudete (Albacete)\" \/>\n<meta property=\"og:url\" content=\"https:\/\/www.caudete.org\/ayuntamiento\/proteccion-civil-realiza-el-proximo-sabado-en-la-sala-unas-jornadas-de-convivencia-y-puertas-abiertas\/\" \/>\n<meta property=\"og:site_name\" content=\"MI Ayuntamiento de Caudete\" \/>\n<meta property=\"article:publisher\" content=\"https:\/\/www.facebook.com\/ayuntamientocaudete\/\" \/>\n<meta property=\"article:published_time\" content=\"2023-04-10T14:53:27+00:00\" \/>\n<meta property=\"og:image\" content=\"https:\/\/www.caudete.org\/ayuntamiento\/wp-content\/uploads\/2023\/04\/IMG_20230410_163103.jpg\" \/>\n\t<meta property=\"og:image:width\" content=\"720\" \/>\n\t<meta property=\"og:image:height\" content=\"497\" \/>\n\t<meta property=\"og:image:type\" content=\"image\/jpeg\" \/>\n<meta name=\"author\" content=\"alcalde\" \/>\n<meta name=\"twitter:card\" content=\"summary_large_image\" \/>\n<meta name=\"twitter:label1\" content=\"Escrito por\" \/>\n\t<meta name=\"twitter:data1\" content=\"alcalde\" \/>\n\t<meta name=\"twitter:label2\" content=\"Tiempo de lectura\" \/>\n\t<meta name=\"twitter:data2\" content=\"1 minuto\" \/>\n<script type=\"application\/ld+json\" class=\"yoast-schema-graph\">{\"@context\":\"https:\\\/\\\/schema.org\",\"@graph\":[{\"@type\":\"Article\",\"@id\":\"https:\\\/\\\/www.caudete.org\\\/ayuntamiento\\\/proteccion-civil-realiza-el-proximo-sabado-en-la-sala-unas-jornadas-de-convivencia-y-puertas-abiertas\\\/#article\",\"isPartOf\":{\"@id\":\"https:\\\/\\\/www.caudete.org\\\/ayuntamiento\\\/proteccion-civil-realiza-el-proximo-sabado-en-la-sala-unas-jornadas-de-convivencia-y-puertas-abiertas\\\/\"},\"author\":{\"name\":\"alcalde\",\"@id\":\"https:\\\/\\\/www.caudete.org\\\/ayuntamiento\\\/#\\\/schema\\\/person\\\/cc646da9133078ee4d8dd47457947253\"},\"headline\":\"PROTECCI\u00d3N CIVIL realiza el pr\u00f3ximo s\u00e1bado en &#8220;La Sala&#8221; unas Jornadas de Convivencia y Puertas Abiertas\",\"datePublished\":\"2023-04-10T14:53:27+00:00\",\"mainEntityOfPage\":{\"@id\":\"https:\\\/\\\/www.caudete.org\\\/ayuntamiento\\\/proteccion-civil-realiza-el-proximo-sabado-en-la-sala-unas-jornadas-de-convivencia-y-puertas-abiertas\\\/\"},\"wordCount\":145,\"publisher\":{\"@id\":\"https:\\\/\\\/www.caudete.org\\\/ayuntamiento\\\/#organization\"},\"image\":{\"@id\":\"https:\\\/\\\/www.caudete.org\\\/ayuntamiento\\\/proteccion-civil-realiza-el-proximo-sabado-en-la-sala-unas-jornadas-de-convivencia-y-puertas-abiertas\\\/#primaryimage\"},\"thumbnailUrl\":\"https:\\\/\\\/www.caudete.org\\\/ayuntamiento\\\/wp-content\\\/uploads\\\/2023\\\/04\\\/IMG_20230410_163103.jpg\",\"articleSection\":[\"Emergencias\"],\"inLanguage\":\"es\"},{\"@type\":\"WebPage\",\"@id\":\"https:\\\/\\\/www.caudete.org\\\/ayuntamiento\\\/proteccion-civil-realiza-el-proximo-sabado-en-la-sala-unas-jornadas-de-convivencia-y-puertas-abiertas\\\/\",\"url\":\"https:\\\/\\\/www.caudete.org\\\/ayuntamiento\\\/proteccion-civil-realiza-el-proximo-sabado-en-la-sala-unas-jornadas-de-convivencia-y-puertas-abiertas\\\/\",\"name\":\"PROTECCI\u00d3N CIVIL realiza el pr\u00f3ximo s\u00e1bado en \\\"La Sala\\\" unas Jornadas de Convivencia y Puertas Abiertas - MI Ayuntamiento de Caudete\",\"isPartOf\":{\"@id\":\"https:\\\/\\\/www.caudete.org\\\/ayuntamiento\\\/#website\"},\"primaryImageOfPage\":{\"@id\":\"https:\\\/\\\/www.caudete.org\\\/ayuntamiento\\\/proteccion-civil-realiza-el-proximo-sabado-en-la-sala-unas-jornadas-de-convivencia-y-puertas-abiertas\\\/#primaryimage\"},\"image\":{\"@id\":\"https:\\\/\\\/www.caudete.org\\\/ayuntamiento\\\/proteccion-civil-realiza-el-proximo-sabado-en-la-sala-unas-jornadas-de-convivencia-y-puertas-abiertas\\\/#primaryimage\"},\"thumbnailUrl\":\"https:\\\/\\\/www.caudete.org\\\/ayuntamiento\\\/wp-content\\\/uploads\\\/2023\\\/04\\\/IMG_20230410_163103.jpg\",\"datePublished\":\"2023-04-10T14:53:27+00:00\",\"description\":\"P\u00e1gina Oficial del Ayuntamiento de Caudete (Albacete)\",\"breadcrumb\":{\"@id\":\"https:\\\/\\\/www.caudete.org\\\/ayuntamiento\\\/proteccion-civil-realiza-el-proximo-sabado-en-la-sala-unas-jornadas-de-convivencia-y-puertas-abiertas\\\/#breadcrumb\"},\"inLanguage\":\"es\",\"potentialAction\":[{\"@type\":\"ReadAction\",\"target\":[\"https:\\\/\\\/www.caudete.org\\\/ayuntamiento\\\/proteccion-civil-realiza-el-proximo-sabado-en-la-sala-unas-jornadas-de-convivencia-y-puertas-abiertas\\\/\"]}]},{\"@type\":\"ImageObject\",\"inLanguage\":\"es\",\"@id\":\"https:\\\/\\\/www.caudete.org\\\/ayuntamiento\\\/proteccion-civil-realiza-el-proximo-sabado-en-la-sala-unas-jornadas-de-convivencia-y-puertas-abiertas\\\/#primaryimage\",\"url\":\"https:\\\/\\\/www.caudete.org\\\/ayuntamiento\\\/wp-content\\\/uploads\\\/2023\\\/04\\\/IMG_20230410_163103.jpg\",\"contentUrl\":\"https:\\\/\\\/www.caudete.org\\\/ayuntamiento\\\/wp-content\\\/uploads\\\/2023\\\/04\\\/IMG_20230410_163103.jpg\",\"width\":720,\"height\":497},{\"@type\":\"BreadcrumbList\",\"@id\":\"https:\\\/\\\/www.caudete.org\\\/ayuntamiento\\\/proteccion-civil-realiza-el-proximo-sabado-en-la-sala-unas-jornadas-de-convivencia-y-puertas-abiertas\\\/#breadcrumb\",\"itemListElement\":[{\"@type\":\"ListItem\",\"position\":1,\"name\":\"Inicio\",\"item\":\"https:\\\/\\\/www.caudete.org\\\/ayuntamiento\\\/\"},{\"@type\":\"ListItem\",\"position\":2,\"name\":\"PROTECCI\u00d3N CIVIL realiza el pr\u00f3ximo s\u00e1bado en &#8220;La Sala&#8221; unas Jornadas de Convivencia y Puertas Abiertas\"}]},{\"@type\":\"WebSite\",\"@id\":\"https:\\\/\\\/www.caudete.org\\\/ayuntamiento\\\/#website\",\"url\":\"https:\\\/\\\/www.caudete.org\\\/ayuntamiento\\\/\",\"name\":\"MI Ayuntamiento de Caudete\",\"description\":\"P\u00e1gina Oficial del MI Ayuntamiento de Caudete\",\"publisher\":{\"@id\":\"https:\\\/\\\/www.caudete.org\\\/ayuntamiento\\\/#organization\"},\"potentialAction\":[{\"@type\":\"SearchAction\",\"target\":{\"@type\":\"EntryPoint\",\"urlTemplate\":\"https:\\\/\\\/www.caudete.org\\\/ayuntamiento\\\/?s={search_term_string}\"},\"query-input\":{\"@type\":\"PropertyValueSpecification\",\"valueRequired\":true,\"valueName\":\"search_term_string\"}}],\"inLanguage\":\"es\"},{\"@type\":\"Organization\",\"@id\":\"https:\\\/\\\/www.caudete.org\\\/ayuntamiento\\\/#organization\",\"name\":\"Ayuntamiento de Caudete\",\"url\":\"https:\\\/\\\/www.caudete.org\\\/ayuntamiento\\\/\",\"logo\":{\"@type\":\"ImageObject\",\"inLanguage\":\"es\",\"@id\":\"https:\\\/\\\/www.caudete.org\\\/ayuntamiento\\\/#\\\/schema\\\/logo\\\/image\\\/\",\"url\":\"https:\\\/\\\/www.caudete.org\\\/ayuntamiento\\\/wp-content\\\/uploads\\\/2020\\\/11\\\/logo_ayuntamiento_caudete.jpg\",\"contentUrl\":\"https:\\\/\\\/www.caudete.org\\\/ayuntamiento\\\/wp-content\\\/uploads\\\/2020\\\/11\\\/logo_ayuntamiento_caudete.jpg\",\"width\":600,\"height\":150,\"caption\":\"Ayuntamiento de Caudete\"},\"image\":{\"@id\":\"https:\\\/\\\/www.caudete.org\\\/ayuntamiento\\\/#\\\/schema\\\/logo\\\/image\\\/\"},\"sameAs\":[\"https:\\\/\\\/www.facebook.com\\\/ayuntamientocaudete\\\/\",\"https:\\\/\\\/www.youtube.com\\\/channel\\\/UC6VztHaooNsGpw-tNoBEFnQ\"]},{\"@type\":\"Person\",\"@id\":\"https:\\\/\\\/www.caudete.org\\\/ayuntamiento\\\/#\\\/schema\\\/person\\\/cc646da9133078ee4d8dd47457947253\",\"name\":\"alcalde\",\"image\":{\"@type\":\"ImageObject\",\"inLanguage\":\"es\",\"@id\":\"https:\\\/\\\/secure.gravatar.com\\\/avatar\\\/84a817ba065b29ff08d666b215a215f5c79186a645ccb25b14a663d48a130f77?s=96&d=mm&r=g\",\"url\":\"https:\\\/\\\/secure.gravatar.com\\\/avatar\\\/84a817ba065b29ff08d666b215a215f5c79186a645ccb25b14a663d48a130f77?s=96&d=mm&r=g\",\"contentUrl\":\"https:\\\/\\\/secure.gravatar.com\\\/avatar\\\/84a817ba065b29ff08d666b215a215f5c79186a645ccb25b14a663d48a130f77?s=96&d=mm&r=g\",\"caption\":\"alcalde\"},\"url\":\"https:\\\/\\\/www.caudete.org\\\/ayuntamiento\\\/author\\\/alcalde\\\/\"}]}<\/script>\n<!-- \/ Yoast SEO plugin. -->","yoast_head_json":{"title":"PROTECCI\u00d3N CIVIL realiza el pr\u00f3ximo s\u00e1bado en \"La Sala\" unas Jornadas de Convivencia y Puertas Abiertas - MI Ayuntamiento de Caudete","description":"P\u00e1gina Oficial del Ayuntamiento de Caudete (Albacete)","robots":{"index":"index","follow":"follow","max-snippet":"max-snippet:-1","max-image-preview":"max-image-preview:large","max-video-preview":"max-video-preview:-1"},"canonical":"https:\/\/www.caudete.org\/ayuntamiento\/proteccion-civil-realiza-el-proximo-sabado-en-la-sala-unas-jornadas-de-convivencia-y-puertas-abiertas\/","og_locale":"es_ES","og_type":"article","og_title":"PROTECCI\u00d3N CIVIL realiza el pr\u00f3ximo s\u00e1bado en \"La Sala\" unas Jornadas de Convivencia y Puertas Abiertas - MI Ayuntamiento de Caudete","og_description":"P\u00e1gina Oficial del Ayuntamiento de Caudete (Albacete)","og_url":"https:\/\/www.caudete.org\/ayuntamiento\/proteccion-civil-realiza-el-proximo-sabado-en-la-sala-unas-jornadas-de-convivencia-y-puertas-abiertas\/","og_site_name":"MI Ayuntamiento de Caudete","article_publisher":"https:\/\/www.facebook.com\/ayuntamientocaudete\/","article_published_time":"2023-04-10T14:53:27+00:00","og_image":[{"width":720,"height":497,"url":"https:\/\/www.caudete.org\/ayuntamiento\/wp-content\/uploads\/2023\/04\/IMG_20230410_163103.jpg","type":"image\/jpeg"}],"author":"alcalde","twitter_card":"summary_large_image","twitter_misc":{"Escrito por":"alcalde","Tiempo de lectura":"1 minuto"},"schema":{"@context":"https:\/\/schema.org","@graph":[{"@type":"Article","@id":"https:\/\/www.caudete.org\/ayuntamiento\/proteccion-civil-realiza-el-proximo-sabado-en-la-sala-unas-jornadas-de-convivencia-y-puertas-abiertas\/#article","isPartOf":{"@id":"https:\/\/www.caudete.org\/ayuntamiento\/proteccion-civil-realiza-el-proximo-sabado-en-la-sala-unas-jornadas-de-convivencia-y-puertas-abiertas\/"},"author":{"name":"alcalde","@id":"https:\/\/www.caudete.org\/ayuntamiento\/#\/schema\/person\/cc646da9133078ee4d8dd47457947253"},"headline":"PROTECCI\u00d3N CIVIL realiza el pr\u00f3ximo s\u00e1bado en &#8220;La Sala&#8221; unas Jornadas de Convivencia y Puertas Abiertas","datePublished":"2023-04-10T14:53:27+00:00","mainEntityOfPage":{"@id":"https:\/\/www.caudete.org\/ayuntamiento\/proteccion-civil-realiza-el-proximo-sabado-en-la-sala-unas-jornadas-de-convivencia-y-puertas-abiertas\/"},"wordCount":145,"publisher":{"@id":"https:\/\/www.caudete.org\/ayuntamiento\/#organization"},"image":{"@id":"https:\/\/www.caudete.org\/ayuntamiento\/proteccion-civil-realiza-el-proximo-sabado-en-la-sala-unas-jornadas-de-convivencia-y-puertas-abiertas\/#primaryimage"},"thumbnailUrl":"https:\/\/www.caudete.org\/ayuntamiento\/wp-content\/uploads\/2023\/04\/IMG_20230410_163103.jpg","articleSection":["Emergencias"],"inLanguage":"es"},{"@type":"WebPage","@id":"https:\/\/www.caudete.org\/ayuntamiento\/proteccion-civil-realiza-el-proximo-sabado-en-la-sala-unas-jornadas-de-convivencia-y-puertas-abiertas\/","url":"https:\/\/www.caudete.org\/ayuntamiento\/proteccion-civil-realiza-el-proximo-sabado-en-la-sala-unas-jornadas-de-convivencia-y-puertas-abiertas\/","name":"PROTECCI\u00d3N CIVIL realiza el pr\u00f3ximo s\u00e1bado en \"La Sala\" unas Jornadas de Convivencia y Puertas Abiertas - MI Ayuntamiento de Caudete","isPartOf":{"@id":"https:\/\/www.caudete.org\/ayuntamiento\/#website"},"primaryImageOfPage":{"@id":"https:\/\/www.caudete.org\/ayuntamiento\/proteccion-civil-realiza-el-proximo-sabado-en-la-sala-unas-jornadas-de-convivencia-y-puertas-abiertas\/#primaryimage"},"image":{"@id":"https:\/\/www.caudete.org\/ayuntamiento\/proteccion-civil-realiza-el-proximo-sabado-en-la-sala-unas-jornadas-de-convivencia-y-puertas-abiertas\/#primaryimage"},"thumbnailUrl":"https:\/\/www.caudete.org\/ayuntamiento\/wp-content\/uploads\/2023\/04\/IMG_20230410_163103.jpg","datePublished":"2023-04-10T14:53:27+00:00","description":"P\u00e1gina Oficial del Ayuntamiento de Caudete (Albacete)","breadcrumb":{"@id":"https:\/\/www.caudete.org\/ayuntamiento\/proteccion-civil-realiza-el-proximo-sabado-en-la-sala-unas-jornadas-de-convivencia-y-puertas-abiertas\/#breadcrumb"},"inLanguage":"es","potentialAction":[{"@type":"ReadAction","target":["https:\/\/www.caudete.org\/ayuntamiento\/proteccion-civil-realiza-el-proximo-sabado-en-la-sala-unas-jornadas-de-convivencia-y-puertas-abiertas\/"]}]},{"@type":"ImageObject","inLanguage":"es","@id":"https:\/\/www.caudete.org\/ayuntamiento\/proteccion-civil-realiza-el-proximo-sabado-en-la-sala-unas-jornadas-de-convivencia-y-puertas-abiertas\/#primaryimage","url":"https:\/\/www.caudete.org\/ayuntamiento\/wp-content\/uploads\/2023\/04\/IMG_20230410_163103.jpg","contentUrl":"https:\/\/www.caudete.org\/ayuntamiento\/wp-content\/uploads\/2023\/04\/IMG_20230410_163103.jpg","width":720,"height":497},{"@type":"BreadcrumbList","@id":"https:\/\/www.caudete.org\/ayuntamiento\/proteccion-civil-realiza-el-proximo-sabado-en-la-sala-unas-jornadas-de-convivencia-y-puertas-abiertas\/#breadcrumb","itemListElement":[{"@type":"ListItem","position":1,"name":"Inicio","item":"https:\/\/www.caudete.org\/ayuntamiento\/"},{"@type":"ListItem","position":2,"name":"PROTECCI\u00d3N CIVIL realiza el pr\u00f3ximo s\u00e1bado en &#8220;La Sala&#8221; unas Jornadas de Convivencia y Puertas Abiertas"}]},{"@type":"WebSite","@id":"https:\/\/www.caudete.org\/ayuntamiento\/#website","url":"https:\/\/www.caudete.org\/ayuntamiento\/","name":"MI Ayuntamiento de Caudete","description":"P\u00e1gina Oficial del MI Ayuntamiento de Caudete","publisher":{"@id":"https:\/\/www.caudete.org\/ayuntamiento\/#organization"},"potentialAction":[{"@type":"SearchAction","target":{"@type":"EntryPoint","urlTemplate":"https:\/\/www.caudete.org\/ayuntamiento\/?s={search_term_string}"},"query-input":{"@type":"PropertyValueSpecification","valueRequired":true,"valueName":"search_term_string"}}],"inLanguage":"es"},{"@type":"Organization","@id":"https:\/\/www.caudete.org\/ayuntamiento\/#organization","name":"Ayuntamiento de Caudete","url":"https:\/\/www.caudete.org\/ayuntamiento\/","logo":{"@type":"ImageObject","inLanguage":"es","@id":"https:\/\/www.caudete.org\/ayuntamiento\/#\/schema\/logo\/image\/","url":"https:\/\/www.caudete.org\/ayuntamiento\/wp-content\/uploads\/2020\/11\/logo_ayuntamiento_caudete.jpg","contentUrl":"https:\/\/www.caudete.org\/ayuntamiento\/wp-content\/uploads\/2020\/11\/logo_ayuntamiento_caudete.jpg","width":600,"height":150,"caption":"Ayuntamiento de Caudete"},"image":{"@id":"https:\/\/www.caudete.org\/ayuntamiento\/#\/schema\/logo\/image\/"},"sameAs":["https:\/\/www.facebook.com\/ayuntamientocaudete\/","https:\/\/www.youtube.com\/channel\/UC6VztHaooNsGpw-tNoBEFnQ"]},{"@type":"Person","@id":"https:\/\/www.caudete.org\/ayuntamiento\/#\/schema\/person\/cc646da9133078ee4d8dd47457947253","name":"alcalde","image":{"@type":"ImageObject","inLanguage":"es","@id":"https:\/\/secure.gravatar.com\/avatar\/84a817ba065b29ff08d666b215a215f5c79186a645ccb25b14a663d48a130f77?s=96&d=mm&r=g","url":"https:\/\/secure.gravatar.com\/avatar\/84a817ba065b29ff08d666b215a215f5c79186a645ccb25b14a663d48a130f77?s=96&d=mm&r=g","contentUrl":"https:\/\/secure.gravatar.com\/avatar\/84a817ba065b29ff08d666b215a215f5c79186a645ccb25b14a663d48a130f77?s=96&d=mm&r=g","caption":"alcalde"},"url":"https:\/\/www.caudete.org\/ayuntamiento\/author\/alcalde\/"}]}},"_links":{"self":[{"href":"https:\/\/www.caudete.org\/ayuntamiento\/wp-json\/wp\/v2\/posts\/21963","targetHints":{"allow":["GET"]}}],"collection":[{"href":"https:\/\/www.caudete.org\/ayuntamiento\/wp-json\/wp\/v2\/posts"}],"about":[{"href":"https:\/\/www.caudete.org\/ayuntamiento\/wp-json\/wp\/v2\/types\/post"}],"author":[{"embeddable":true,"href":"https:\/\/www.caudete.org\/ayuntamiento\/wp-json\/wp\/v2\/users\/3"}],"replies":[{"embeddable":true,"href":"https:\/\/www.caudete.org\/ayuntamiento\/wp-json\/wp\/v2\/comments?post=21963"}],"version-history":[{"count":1,"href":"https:\/\/www.caudete.org\/ayuntamiento\/wp-json\/wp\/v2\/posts\/21963\/revisions"}],"predecessor-version":[{"id":21966,"href":"https:\/\/www.caudete.org\/ayuntamiento\/wp-json\/wp\/v2\/posts\/21963\/revisions\/21966"}],"wp:featuredmedia":[{"embeddable":true,"href":"https:\/\/www.caudete.org\/ayuntamiento\/wp-json\/wp\/v2\/media\/21965"}],"wp:attachment":[{"href":"https:\/\/www.caudete.org\/ayuntamiento\/wp-json\/wp\/v2\/media?parent=21963"}],"wp:term":[{"taxonomy":"category","embeddable":true,"href":"https:\/\/www.caudete.org\/ayuntamiento\/wp-json\/wp\/v2\/categories?post=21963"},{"taxonomy":"post_tag","embeddable":true,"href":"https:\/\/www.caudete.org\/ayuntamiento\/wp-json\/wp\/v2\/tags?post=21963"}],"curies":[{"name":"wp","href":"https:\/\/api.w.org\/{rel}","templated":true}]}}