{"id":22058,"date":"2023-04-26T08:31:22","date_gmt":"2023-04-26T06:31:22","guid":{"rendered":"https:\/\/www.caudete.org\/ayuntamiento\/?p=22058"},"modified":"2023-04-26T08:31:22","modified_gmt":"2023-04-26T06:31:22","slug":"medio-ambiente-y-ampa-del-amor-de-dios-plantan-90-uds-de-seto-en-el-parque-de-san-anton","status":"publish","type":"post","link":"https:\/\/www.caudete.org\/ayuntamiento\/medio-ambiente-y-ampa-del-amor-de-dios-plantan-90-uds-de-seto-en-el-parque-de-san-anton\/","title":{"rendered":"Medio Ambiente y AMPA del AMOR DE DIOS plantan 90 uds de seto en el PARQUE DE SAN ANT\u00d3N"},"content":{"rendered":"<p><a href=\"https:\/\/www.caudete.org\/ayuntamiento\/wp-content\/uploads\/2023\/04\/WhatsApp-Image-2023-04-23-at-12.25.42.jpeg\" rel='prettyPhoto'><img fetchpriority=\"high\" decoding=\"async\" class=\"aligncenter wp-image-22061 size-full\" src=\"https:\/\/www.caudete.org\/ayuntamiento\/wp-content\/uploads\/2023\/04\/WhatsApp-Image-2023-04-23-at-12.25.42.jpeg\" alt=\"\" width=\"1024\" height=\"768\" srcset=\"https:\/\/www.caudete.org\/ayuntamiento\/wp-content\/uploads\/2023\/04\/WhatsApp-Image-2023-04-23-at-12.25.42.jpeg 1024w, https:\/\/www.caudete.org\/ayuntamiento\/wp-content\/uploads\/2023\/04\/WhatsApp-Image-2023-04-23-at-12.25.42-300x225.jpeg 300w, https:\/\/www.caudete.org\/ayuntamiento\/wp-content\/uploads\/2023\/04\/WhatsApp-Image-2023-04-23-at-12.25.42-768x576.jpeg 768w\" sizes=\"(max-width: 1024px) 100vw, 1024px\" \/><\/a><\/p>\n<p style=\"text-align: justify;\">El pasado domingo, el Parque de San Ant\u00f3n acog\u00eda una actividad coorganizada por la Concejal\u00eda de Medio Ambiente y el AMPA del Colegio &#8220;Amor de Dios&#8221;, donde los ni\u00f1os, con la ayuda de sus padres pudieron aprender a plantar arbustos y establecer el riego mediante goteo, lo que pudieron llevar a cabo junto a la valla perimetral de dicho Parque, con 90 uds de <em>Cotoneaster lacteus<\/em>.<\/p>\n<p style=\"text-align: justify;\">Desde el Departamento municipal, se prepar\u00f3 el terreno con la apertura de la correspondiente zanja, as\u00ed como prever del suministro necesario de planta, sustrato y elementos de riego, para dotar a esta zona verde del municipio de mayor riqueza vegetativa, contribuyendo a la mejora del mismo.<\/p>\n<p style=\"text-align: center;\"><a href=\"https:\/\/www.caudete.org\/ayuntamiento\/wp-content\/uploads\/2023\/04\/WhatsApp-Image-2023-04-23-at-12.24.53.jpeg\" rel='prettyPhoto'><img decoding=\"async\" class=\"alignnone wp-image-22065 size-full\" src=\"https:\/\/www.caudete.org\/ayuntamiento\/wp-content\/uploads\/2023\/04\/WhatsApp-Image-2023-04-23-at-12.24.53.jpeg\" alt=\"\" width=\"1024\" height=\"768\" srcset=\"https:\/\/www.caudete.org\/ayuntamiento\/wp-content\/uploads\/2023\/04\/WhatsApp-Image-2023-04-23-at-12.24.53.jpeg 1024w, https:\/\/www.caudete.org\/ayuntamiento\/wp-content\/uploads\/2023\/04\/WhatsApp-Image-2023-04-23-at-12.24.53-300x225.jpeg 300w, https:\/\/www.caudete.org\/ayuntamiento\/wp-content\/uploads\/2023\/04\/WhatsApp-Image-2023-04-23-at-12.24.53-768x576.jpeg 768w\" sizes=\"(max-width: 1024px) 100vw, 1024px\" \/><\/a><\/p>\n<p style=\"text-align: center;\"><a href=\"https:\/\/www.caudete.org\/ayuntamiento\/wp-content\/uploads\/2023\/04\/WhatsApp-Image-2023-04-23-at-12.27.28.jpeg\" rel='prettyPhoto'><img decoding=\"async\" class=\"alignnone wp-image-22066 size-full\" src=\"https:\/\/www.caudete.org\/ayuntamiento\/wp-content\/uploads\/2023\/04\/WhatsApp-Image-2023-04-23-at-12.27.28.jpeg\" alt=\"\" width=\"1024\" height=\"768\" srcset=\"https:\/\/www.caudete.org\/ayuntamiento\/wp-content\/uploads\/2023\/04\/WhatsApp-Image-2023-04-23-at-12.27.28.jpeg 1024w, https:\/\/www.caudete.org\/ayuntamiento\/wp-content\/uploads\/2023\/04\/WhatsApp-Image-2023-04-23-at-12.27.28-300x225.jpeg 300w, https:\/\/www.caudete.org\/ayuntamiento\/wp-content\/uploads\/2023\/04\/WhatsApp-Image-2023-04-23-at-12.27.28-768x576.jpeg 768w\" sizes=\"(max-width: 1024px) 100vw, 1024px\" \/><\/a><\/p>\n<p>&nbsp;<\/p>\n<p>&nbsp;<\/p>\n<p>&nbsp;<\/p>\n","protected":false},"excerpt":{"rendered":"<p>El pasado domingo, el Parque de San Ant\u00f3n acog\u00eda una actividad coorganizada por la Concejal\u00eda de Medio Ambiente y el AMPA del Colegio &#8220;Amor de Dios&#8221;, donde los ni\u00f1os, con la ayuda de sus padres pudieron aprender a plantar arbustos y establecer el riego mediante goteo, lo que pudieron llevar a cabo junto a la &hellip;<\/p>\n","protected":false},"author":3,"featured_media":22064,"comment_status":"closed","ping_status":"open","sticky":false,"template":"","format":"standard","meta":{"ngg_post_thumbnail":0,"footnotes":""},"categories":[29],"tags":[],"class_list":["post-22058","post","type-post","status-publish","format-standard","has-post-thumbnail","hentry","category-medio-ambiente"],"yoast_head":"<!-- This site is optimized with the Yoast SEO plugin v27.5 - https:\/\/yoast.com\/product\/yoast-seo-wordpress\/ -->\n<title>Medio Ambiente y AMPA del AMOR DE DIOS plantan 90 uds de seto en el PARQUE DE SAN ANT\u00d3N - MI Ayuntamiento de Caudete<\/title>\n<meta name=\"description\" content=\"P\u00e1gina Oficial del Ayuntamiento de Caudete (Albacete)\" \/>\n<meta name=\"robots\" content=\"index, follow, max-snippet:-1, max-image-preview:large, max-video-preview:-1\" \/>\n<link rel=\"canonical\" href=\"https:\/\/www.caudete.org\/ayuntamiento\/medio-ambiente-y-ampa-del-amor-de-dios-plantan-90-uds-de-seto-en-el-parque-de-san-anton\/\" \/>\n<meta property=\"og:locale\" content=\"es_ES\" \/>\n<meta property=\"og:type\" content=\"article\" \/>\n<meta property=\"og:title\" content=\"Medio Ambiente y AMPA del AMOR DE DIOS plantan 90 uds de seto en el PARQUE DE SAN ANT\u00d3N - MI Ayuntamiento de Caudete\" \/>\n<meta property=\"og:description\" content=\"P\u00e1gina Oficial del Ayuntamiento de Caudete (Albacete)\" \/>\n<meta property=\"og:url\" content=\"https:\/\/www.caudete.org\/ayuntamiento\/medio-ambiente-y-ampa-del-amor-de-dios-plantan-90-uds-de-seto-en-el-parque-de-san-anton\/\" \/>\n<meta property=\"og:site_name\" content=\"MI Ayuntamiento de Caudete\" \/>\n<meta property=\"article:publisher\" content=\"https:\/\/www.facebook.com\/ayuntamientocaudete\/\" \/>\n<meta property=\"article:published_time\" content=\"2023-04-26T06:31:22+00:00\" \/>\n<meta property=\"og:image\" content=\"https:\/\/www.caudete.org\/ayuntamiento\/wp-content\/uploads\/2023\/04\/WhatsApp-Image-2023-04-23-at-12.24.59.jpeg\" \/>\n\t<meta property=\"og:image:width\" content=\"1024\" \/>\n\t<meta property=\"og:image:height\" content=\"768\" \/>\n\t<meta property=\"og:image:type\" content=\"image\/jpeg\" \/>\n<meta name=\"author\" content=\"alcalde\" \/>\n<meta name=\"twitter:card\" content=\"summary_large_image\" \/>\n<meta name=\"twitter:label1\" content=\"Escrito por\" \/>\n\t<meta name=\"twitter:data1\" content=\"alcalde\" \/>\n\t<meta name=\"twitter:label2\" content=\"Tiempo de lectura\" \/>\n\t<meta name=\"twitter:data2\" content=\"2 minutos\" \/>\n<script type=\"application\/ld+json\" class=\"yoast-schema-graph\">{\"@context\":\"https:\\\/\\\/schema.org\",\"@graph\":[{\"@type\":\"Article\",\"@id\":\"https:\\\/\\\/www.caudete.org\\\/ayuntamiento\\\/medio-ambiente-y-ampa-del-amor-de-dios-plantan-90-uds-de-seto-en-el-parque-de-san-anton\\\/#article\",\"isPartOf\":{\"@id\":\"https:\\\/\\\/www.caudete.org\\\/ayuntamiento\\\/medio-ambiente-y-ampa-del-amor-de-dios-plantan-90-uds-de-seto-en-el-parque-de-san-anton\\\/\"},\"author\":{\"name\":\"alcalde\",\"@id\":\"https:\\\/\\\/www.caudete.org\\\/ayuntamiento\\\/#\\\/schema\\\/person\\\/cc646da9133078ee4d8dd47457947253\"},\"headline\":\"Medio Ambiente y AMPA del AMOR DE DIOS plantan 90 uds de seto en el PARQUE DE SAN ANT\u00d3N\",\"datePublished\":\"2023-04-26T06:31:22+00:00\",\"mainEntityOfPage\":{\"@id\":\"https:\\\/\\\/www.caudete.org\\\/ayuntamiento\\\/medio-ambiente-y-ampa-del-amor-de-dios-plantan-90-uds-de-seto-en-el-parque-de-san-anton\\\/\"},\"wordCount\":137,\"image\":{\"@id\":\"https:\\\/\\\/www.caudete.org\\\/ayuntamiento\\\/medio-ambiente-y-ampa-del-amor-de-dios-plantan-90-uds-de-seto-en-el-parque-de-san-anton\\\/#primaryimage\"},\"thumbnailUrl\":\"https:\\\/\\\/www.caudete.org\\\/ayuntamiento\\\/wp-content\\\/uploads\\\/2023\\\/04\\\/WhatsApp-Image-2023-04-23-at-12.24.59.jpeg\",\"articleSection\":[\"Medio Ambiente\"],\"inLanguage\":\"es\"},{\"@type\":\"WebPage\",\"@id\":\"https:\\\/\\\/www.caudete.org\\\/ayuntamiento\\\/medio-ambiente-y-ampa-del-amor-de-dios-plantan-90-uds-de-seto-en-el-parque-de-san-anton\\\/\",\"url\":\"https:\\\/\\\/www.caudete.org\\\/ayuntamiento\\\/medio-ambiente-y-ampa-del-amor-de-dios-plantan-90-uds-de-seto-en-el-parque-de-san-anton\\\/\",\"name\":\"Medio Ambiente y AMPA del AMOR DE DIOS plantan 90 uds de seto en el PARQUE DE SAN ANT\u00d3N - MI Ayuntamiento de Caudete\",\"isPartOf\":{\"@id\":\"https:\\\/\\\/www.caudete.org\\\/ayuntamiento\\\/#website\"},\"primaryImageOfPage\":{\"@id\":\"https:\\\/\\\/www.caudete.org\\\/ayuntamiento\\\/medio-ambiente-y-ampa-del-amor-de-dios-plantan-90-uds-de-seto-en-el-parque-de-san-anton\\\/#primaryimage\"},\"image\":{\"@id\":\"https:\\\/\\\/www.caudete.org\\\/ayuntamiento\\\/medio-ambiente-y-ampa-del-amor-de-dios-plantan-90-uds-de-seto-en-el-parque-de-san-anton\\\/#primaryimage\"},\"thumbnailUrl\":\"https:\\\/\\\/www.caudete.org\\\/ayuntamiento\\\/wp-content\\\/uploads\\\/2023\\\/04\\\/WhatsApp-Image-2023-04-23-at-12.24.59.jpeg\",\"datePublished\":\"2023-04-26T06:31:22+00:00\",\"author\":{\"@id\":\"https:\\\/\\\/www.caudete.org\\\/ayuntamiento\\\/#\\\/schema\\\/person\\\/cc646da9133078ee4d8dd47457947253\"},\"description\":\"P\u00e1gina Oficial del Ayuntamiento de Caudete (Albacete)\",\"breadcrumb\":{\"@id\":\"https:\\\/\\\/www.caudete.org\\\/ayuntamiento\\\/medio-ambiente-y-ampa-del-amor-de-dios-plantan-90-uds-de-seto-en-el-parque-de-san-anton\\\/#breadcrumb\"},\"inLanguage\":\"es\",\"potentialAction\":[{\"@type\":\"ReadAction\",\"target\":[\"https:\\\/\\\/www.caudete.org\\\/ayuntamiento\\\/medio-ambiente-y-ampa-del-amor-de-dios-plantan-90-uds-de-seto-en-el-parque-de-san-anton\\\/\"]}]},{\"@type\":\"ImageObject\",\"inLanguage\":\"es\",\"@id\":\"https:\\\/\\\/www.caudete.org\\\/ayuntamiento\\\/medio-ambiente-y-ampa-del-amor-de-dios-plantan-90-uds-de-seto-en-el-parque-de-san-anton\\\/#primaryimage\",\"url\":\"https:\\\/\\\/www.caudete.org\\\/ayuntamiento\\\/wp-content\\\/uploads\\\/2023\\\/04\\\/WhatsApp-Image-2023-04-23-at-12.24.59.jpeg\",\"contentUrl\":\"https:\\\/\\\/www.caudete.org\\\/ayuntamiento\\\/wp-content\\\/uploads\\\/2023\\\/04\\\/WhatsApp-Image-2023-04-23-at-12.24.59.jpeg\",\"width\":1024,\"height\":768},{\"@type\":\"BreadcrumbList\",\"@id\":\"https:\\\/\\\/www.caudete.org\\\/ayuntamiento\\\/medio-ambiente-y-ampa-del-amor-de-dios-plantan-90-uds-de-seto-en-el-parque-de-san-anton\\\/#breadcrumb\",\"itemListElement\":[{\"@type\":\"ListItem\",\"position\":1,\"name\":\"Inicio\",\"item\":\"https:\\\/\\\/www.caudete.org\\\/ayuntamiento\\\/\"},{\"@type\":\"ListItem\",\"position\":2,\"name\":\"Medio Ambiente y AMPA del AMOR DE DIOS plantan 90 uds de seto en el PARQUE DE SAN ANT\u00d3N\"}]},{\"@type\":\"WebSite\",\"@id\":\"https:\\\/\\\/www.caudete.org\\\/ayuntamiento\\\/#website\",\"url\":\"https:\\\/\\\/www.caudete.org\\\/ayuntamiento\\\/\",\"name\":\"MI Ayuntamiento de Caudete\",\"description\":\"P\u00e1gina Oficial del MI Ayuntamiento de Caudete\",\"potentialAction\":[{\"@type\":\"SearchAction\",\"target\":{\"@type\":\"EntryPoint\",\"urlTemplate\":\"https:\\\/\\\/www.caudete.org\\\/ayuntamiento\\\/?s={search_term_string}\"},\"query-input\":{\"@type\":\"PropertyValueSpecification\",\"valueRequired\":true,\"valueName\":\"search_term_string\"}}],\"inLanguage\":\"es\"},{\"@type\":\"Person\",\"@id\":\"https:\\\/\\\/www.caudete.org\\\/ayuntamiento\\\/#\\\/schema\\\/person\\\/cc646da9133078ee4d8dd47457947253\",\"name\":\"alcalde\",\"image\":{\"@type\":\"ImageObject\",\"inLanguage\":\"es\",\"@id\":\"https:\\\/\\\/secure.gravatar.com\\\/avatar\\\/84a817ba065b29ff08d666b215a215f5c79186a645ccb25b14a663d48a130f77?s=96&d=mm&r=g\",\"url\":\"https:\\\/\\\/secure.gravatar.com\\\/avatar\\\/84a817ba065b29ff08d666b215a215f5c79186a645ccb25b14a663d48a130f77?s=96&d=mm&r=g\",\"contentUrl\":\"https:\\\/\\\/secure.gravatar.com\\\/avatar\\\/84a817ba065b29ff08d666b215a215f5c79186a645ccb25b14a663d48a130f77?s=96&d=mm&r=g\",\"caption\":\"alcalde\"},\"url\":\"https:\\\/\\\/www.caudete.org\\\/ayuntamiento\\\/author\\\/alcalde\\\/\"}]}<\/script>\n<!-- \/ Yoast SEO plugin. -->","yoast_head_json":{"title":"Medio Ambiente y AMPA del AMOR DE DIOS plantan 90 uds de seto en el PARQUE DE SAN ANT\u00d3N - MI Ayuntamiento de Caudete","description":"P\u00e1gina Oficial del Ayuntamiento de Caudete (Albacete)","robots":{"index":"index","follow":"follow","max-snippet":"max-snippet:-1","max-image-preview":"max-image-preview:large","max-video-preview":"max-video-preview:-1"},"canonical":"https:\/\/www.caudete.org\/ayuntamiento\/medio-ambiente-y-ampa-del-amor-de-dios-plantan-90-uds-de-seto-en-el-parque-de-san-anton\/","og_locale":"es_ES","og_type":"article","og_title":"Medio Ambiente y AMPA del AMOR DE DIOS plantan 90 uds de seto en el PARQUE DE SAN ANT\u00d3N - MI Ayuntamiento de Caudete","og_description":"P\u00e1gina Oficial del Ayuntamiento de Caudete (Albacete)","og_url":"https:\/\/www.caudete.org\/ayuntamiento\/medio-ambiente-y-ampa-del-amor-de-dios-plantan-90-uds-de-seto-en-el-parque-de-san-anton\/","og_site_name":"MI Ayuntamiento de Caudete","article_publisher":"https:\/\/www.facebook.com\/ayuntamientocaudete\/","article_published_time":"2023-04-26T06:31:22+00:00","og_image":[{"width":1024,"height":768,"url":"https:\/\/www.caudete.org\/ayuntamiento\/wp-content\/uploads\/2023\/04\/WhatsApp-Image-2023-04-23-at-12.24.59.jpeg","type":"image\/jpeg"}],"author":"alcalde","twitter_card":"summary_large_image","twitter_misc":{"Escrito por":"alcalde","Tiempo de lectura":"2 minutos"},"schema":{"@context":"https:\/\/schema.org","@graph":[{"@type":"Article","@id":"https:\/\/www.caudete.org\/ayuntamiento\/medio-ambiente-y-ampa-del-amor-de-dios-plantan-90-uds-de-seto-en-el-parque-de-san-anton\/#article","isPartOf":{"@id":"https:\/\/www.caudete.org\/ayuntamiento\/medio-ambiente-y-ampa-del-amor-de-dios-plantan-90-uds-de-seto-en-el-parque-de-san-anton\/"},"author":{"name":"alcalde","@id":"https:\/\/www.caudete.org\/ayuntamiento\/#\/schema\/person\/cc646da9133078ee4d8dd47457947253"},"headline":"Medio Ambiente y AMPA del AMOR DE DIOS plantan 90 uds de seto en el PARQUE DE SAN ANT\u00d3N","datePublished":"2023-04-26T06:31:22+00:00","mainEntityOfPage":{"@id":"https:\/\/www.caudete.org\/ayuntamiento\/medio-ambiente-y-ampa-del-amor-de-dios-plantan-90-uds-de-seto-en-el-parque-de-san-anton\/"},"wordCount":137,"image":{"@id":"https:\/\/www.caudete.org\/ayuntamiento\/medio-ambiente-y-ampa-del-amor-de-dios-plantan-90-uds-de-seto-en-el-parque-de-san-anton\/#primaryimage"},"thumbnailUrl":"https:\/\/www.caudete.org\/ayuntamiento\/wp-content\/uploads\/2023\/04\/WhatsApp-Image-2023-04-23-at-12.24.59.jpeg","articleSection":["Medio Ambiente"],"inLanguage":"es"},{"@type":"WebPage","@id":"https:\/\/www.caudete.org\/ayuntamiento\/medio-ambiente-y-ampa-del-amor-de-dios-plantan-90-uds-de-seto-en-el-parque-de-san-anton\/","url":"https:\/\/www.caudete.org\/ayuntamiento\/medio-ambiente-y-ampa-del-amor-de-dios-plantan-90-uds-de-seto-en-el-parque-de-san-anton\/","name":"Medio Ambiente y AMPA del AMOR DE DIOS plantan 90 uds de seto en el PARQUE DE SAN ANT\u00d3N - MI Ayuntamiento de Caudete","isPartOf":{"@id":"https:\/\/www.caudete.org\/ayuntamiento\/#website"},"primaryImageOfPage":{"@id":"https:\/\/www.caudete.org\/ayuntamiento\/medio-ambiente-y-ampa-del-amor-de-dios-plantan-90-uds-de-seto-en-el-parque-de-san-anton\/#primaryimage"},"image":{"@id":"https:\/\/www.caudete.org\/ayuntamiento\/medio-ambiente-y-ampa-del-amor-de-dios-plantan-90-uds-de-seto-en-el-parque-de-san-anton\/#primaryimage"},"thumbnailUrl":"https:\/\/www.caudete.org\/ayuntamiento\/wp-content\/uploads\/2023\/04\/WhatsApp-Image-2023-04-23-at-12.24.59.jpeg","datePublished":"2023-04-26T06:31:22+00:00","author":{"@id":"https:\/\/www.caudete.org\/ayuntamiento\/#\/schema\/person\/cc646da9133078ee4d8dd47457947253"},"description":"P\u00e1gina Oficial del Ayuntamiento de Caudete (Albacete)","breadcrumb":{"@id":"https:\/\/www.caudete.org\/ayuntamiento\/medio-ambiente-y-ampa-del-amor-de-dios-plantan-90-uds-de-seto-en-el-parque-de-san-anton\/#breadcrumb"},"inLanguage":"es","potentialAction":[{"@type":"ReadAction","target":["https:\/\/www.caudete.org\/ayuntamiento\/medio-ambiente-y-ampa-del-amor-de-dios-plantan-90-uds-de-seto-en-el-parque-de-san-anton\/"]}]},{"@type":"ImageObject","inLanguage":"es","@id":"https:\/\/www.caudete.org\/ayuntamiento\/medio-ambiente-y-ampa-del-amor-de-dios-plantan-90-uds-de-seto-en-el-parque-de-san-anton\/#primaryimage","url":"https:\/\/www.caudete.org\/ayuntamiento\/wp-content\/uploads\/2023\/04\/WhatsApp-Image-2023-04-23-at-12.24.59.jpeg","contentUrl":"https:\/\/www.caudete.org\/ayuntamiento\/wp-content\/uploads\/2023\/04\/WhatsApp-Image-2023-04-23-at-12.24.59.jpeg","width":1024,"height":768},{"@type":"BreadcrumbList","@id":"https:\/\/www.caudete.org\/ayuntamiento\/medio-ambiente-y-ampa-del-amor-de-dios-plantan-90-uds-de-seto-en-el-parque-de-san-anton\/#breadcrumb","itemListElement":[{"@type":"ListItem","position":1,"name":"Inicio","item":"https:\/\/www.caudete.org\/ayuntamiento\/"},{"@type":"ListItem","position":2,"name":"Medio Ambiente y AMPA del AMOR DE DIOS plantan 90 uds de seto en el PARQUE DE SAN ANT\u00d3N"}]},{"@type":"WebSite","@id":"https:\/\/www.caudete.org\/ayuntamiento\/#website","url":"https:\/\/www.caudete.org\/ayuntamiento\/","name":"MI Ayuntamiento de Caudete","description":"P\u00e1gina Oficial del MI Ayuntamiento de Caudete","potentialAction":[{"@type":"SearchAction","target":{"@type":"EntryPoint","urlTemplate":"https:\/\/www.caudete.org\/ayuntamiento\/?s={search_term_string}"},"query-input":{"@type":"PropertyValueSpecification","valueRequired":true,"valueName":"search_term_string"}}],"inLanguage":"es"},{"@type":"Person","@id":"https:\/\/www.caudete.org\/ayuntamiento\/#\/schema\/person\/cc646da9133078ee4d8dd47457947253","name":"alcalde","image":{"@type":"ImageObject","inLanguage":"es","@id":"https:\/\/secure.gravatar.com\/avatar\/84a817ba065b29ff08d666b215a215f5c79186a645ccb25b14a663d48a130f77?s=96&d=mm&r=g","url":"https:\/\/secure.gravatar.com\/avatar\/84a817ba065b29ff08d666b215a215f5c79186a645ccb25b14a663d48a130f77?s=96&d=mm&r=g","contentUrl":"https:\/\/secure.gravatar.com\/avatar\/84a817ba065b29ff08d666b215a215f5c79186a645ccb25b14a663d48a130f77?s=96&d=mm&r=g","caption":"alcalde"},"url":"https:\/\/www.caudete.org\/ayuntamiento\/author\/alcalde\/"}]}},"_links":{"self":[{"href":"https:\/\/www.caudete.org\/ayuntamiento\/wp-json\/wp\/v2\/posts\/22058","targetHints":{"allow":["GET"]}}],"collection":[{"href":"https:\/\/www.caudete.org\/ayuntamiento\/wp-json\/wp\/v2\/posts"}],"about":[{"href":"https:\/\/www.caudete.org\/ayuntamiento\/wp-json\/wp\/v2\/types\/post"}],"author":[{"embeddable":true,"href":"https:\/\/www.caudete.org\/ayuntamiento\/wp-json\/wp\/v2\/users\/3"}],"replies":[{"embeddable":true,"href":"https:\/\/www.caudete.org\/ayuntamiento\/wp-json\/wp\/v2\/comments?post=22058"}],"version-history":[{"count":1,"href":"https:\/\/www.caudete.org\/ayuntamiento\/wp-json\/wp\/v2\/posts\/22058\/revisions"}],"predecessor-version":[{"id":22067,"href":"https:\/\/www.caudete.org\/ayuntamiento\/wp-json\/wp\/v2\/posts\/22058\/revisions\/22067"}],"wp:featuredmedia":[{"embeddable":true,"href":"https:\/\/www.caudete.org\/ayuntamiento\/wp-json\/wp\/v2\/media\/22064"}],"wp:attachment":[{"href":"https:\/\/www.caudete.org\/ayuntamiento\/wp-json\/wp\/v2\/media?parent=22058"}],"wp:term":[{"taxonomy":"category","embeddable":true,"href":"https:\/\/www.caudete.org\/ayuntamiento\/wp-json\/wp\/v2\/categories?post=22058"},{"taxonomy":"post_tag","embeddable":true,"href":"https:\/\/www.caudete.org\/ayuntamiento\/wp-json\/wp\/v2\/tags?post=22058"}],"curies":[{"name":"wp","href":"https:\/\/api.w.org\/{rel}","templated":true}]}}