{"id":22068,"date":"2023-04-26T08:44:12","date_gmt":"2023-04-26T06:44:12","guid":{"rendered":"https:\/\/www.caudete.org\/ayuntamiento\/?p=22068"},"modified":"2023-04-26T08:45:52","modified_gmt":"2023-04-26T06:45:52","slug":"el-alcalde-visita-las-obras-de-renovacion-de-la-red-de-agua-potable-en-la-avenida-de-valencia","status":"publish","type":"post","link":"https:\/\/www.caudete.org\/ayuntamiento\/el-alcalde-visita-las-obras-de-renovacion-de-la-red-de-agua-potable-en-la-avenida-de-valencia\/","title":{"rendered":"El Alcalde visita las obras de renovaci\u00f3n de la Red de Agua Potable en la Avenida de Valencia"},"content":{"rendered":"<p style=\"text-align: justify;\">En la ma\u00f1ana de ayer, el Alcalde visitaba las obras de renovaci\u00f3n de la Red de Agua Potable que se est\u00e1 realizando en diferentes puntos de la localidad. En concreto, la Brigada de Obras se encuentra operando en la Avenida de Valencia para proceder en el sentido Yecla a la sustituci\u00f3n de la canalizaci\u00f3n de 90mm para garantizar una \u00f3ptima prestaci\u00f3n del servicio y evitar fugas, ya que se trata de un tramo donde se han producido diferentes roturas. Al discurrir la canalizaci\u00f3n por la zona de acera, no es necesario proceder al corte de tr\u00e1fico, salvo verse afectadas las zonas de estacionamiento de veh\u00edculos por donde s\u00ed discurre el trazado.<\/p>\n<p style=\"text-align: justify;\">Desde el \u00e1rea del Ciclo Integral del Agua se han programado una serie de actuaciones de renovaci\u00f3n de la Red de Agua Potable en aquellos puntos que la misma ha presentado fugas de agua, fatiga o rotura del material, y de esta forma reforzar la infraestructura h\u00eddrica y el servicio municipal que se presta a los caudetanos.<\/p>\n<p><a href=\"https:\/\/www.caudete.org\/ayuntamiento\/wp-content\/uploads\/2023\/04\/WhatsApp-Image-2023-04-24-at-13.10.15.jpeg\" rel='prettyPhoto'><img fetchpriority=\"high\" decoding=\"async\" class=\"alignnone wp-image-22059 size-full\" src=\"https:\/\/www.caudete.org\/ayuntamiento\/wp-content\/uploads\/2023\/04\/WhatsApp-Image-2023-04-24-at-13.10.15.jpeg\" alt=\"\" width=\"2048\" height=\"1536\" srcset=\"https:\/\/www.caudete.org\/ayuntamiento\/wp-content\/uploads\/2023\/04\/WhatsApp-Image-2023-04-24-at-13.10.15.jpeg 2048w, https:\/\/www.caudete.org\/ayuntamiento\/wp-content\/uploads\/2023\/04\/WhatsApp-Image-2023-04-24-at-13.10.15-300x225.jpeg 300w, https:\/\/www.caudete.org\/ayuntamiento\/wp-content\/uploads\/2023\/04\/WhatsApp-Image-2023-04-24-at-13.10.15-1024x768.jpeg 1024w, https:\/\/www.caudete.org\/ayuntamiento\/wp-content\/uploads\/2023\/04\/WhatsApp-Image-2023-04-24-at-13.10.15-768x576.jpeg 768w, https:\/\/www.caudete.org\/ayuntamiento\/wp-content\/uploads\/2023\/04\/WhatsApp-Image-2023-04-24-at-13.10.15-1536x1152.jpeg 1536w\" sizes=\"(max-width: 2048px) 100vw, 2048px\" \/><\/a><\/p>\n","protected":false},"excerpt":{"rendered":"<p>En la ma\u00f1ana de ayer, el Alcalde visitaba las obras de renovaci\u00f3n de la Red de Agua Potable que se est\u00e1 realizando en diferentes puntos de la localidad. En concreto, la Brigada de Obras se encuentra operando en la Avenida de Valencia para proceder en el sentido Yecla a la sustituci\u00f3n de la canalizaci\u00f3n de &hellip;<\/p>\n","protected":false},"author":3,"featured_media":22060,"comment_status":"closed","ping_status":"open","sticky":false,"template":"","format":"standard","meta":{"ngg_post_thumbnail":0,"footnotes":""},"categories":[49],"tags":[],"class_list":["post-22068","post","type-post","status-publish","format-standard","has-post-thumbnail","hentry","category-ciclo-integral-del-agua"],"yoast_head":"<!-- This site is optimized with the Yoast SEO plugin v27.5 - https:\/\/yoast.com\/product\/yoast-seo-wordpress\/ -->\n<title>El Alcalde visita las obras de renovaci\u00f3n de la Red de Agua Potable en la Avenida de Valencia - MI Ayuntamiento de Caudete<\/title>\n<meta name=\"description\" content=\"P\u00e1gina Oficial del Ayuntamiento de Caudete (Albacete)\" \/>\n<meta name=\"robots\" content=\"index, follow, max-snippet:-1, max-image-preview:large, max-video-preview:-1\" \/>\n<link rel=\"canonical\" href=\"https:\/\/www.caudete.org\/ayuntamiento\/el-alcalde-visita-las-obras-de-renovacion-de-la-red-de-agua-potable-en-la-avenida-de-valencia\/\" \/>\n<meta property=\"og:locale\" content=\"es_ES\" \/>\n<meta property=\"og:type\" content=\"article\" \/>\n<meta property=\"og:title\" content=\"El Alcalde visita las obras de renovaci\u00f3n de la Red de Agua Potable en la Avenida de Valencia - MI Ayuntamiento de Caudete\" \/>\n<meta property=\"og:description\" content=\"P\u00e1gina Oficial del Ayuntamiento de Caudete (Albacete)\" \/>\n<meta property=\"og:url\" content=\"https:\/\/www.caudete.org\/ayuntamiento\/el-alcalde-visita-las-obras-de-renovacion-de-la-red-de-agua-potable-en-la-avenida-de-valencia\/\" \/>\n<meta property=\"og:site_name\" content=\"MI Ayuntamiento de Caudete\" \/>\n<meta property=\"article:publisher\" content=\"https:\/\/www.facebook.com\/ayuntamientocaudete\/\" \/>\n<meta property=\"article:published_time\" content=\"2023-04-26T06:44:12+00:00\" \/>\n<meta property=\"article:modified_time\" content=\"2023-04-26T06:45:52+00:00\" \/>\n<meta property=\"og:image\" content=\"https:\/\/www.caudete.org\/ayuntamiento\/wp-content\/uploads\/2023\/04\/WhatsApp-Image-2023-04-24-at-13.10.16.jpeg\" \/>\n\t<meta property=\"og:image:width\" content=\"2048\" \/>\n\t<meta property=\"og:image:height\" content=\"1536\" \/>\n\t<meta property=\"og:image:type\" content=\"image\/jpeg\" \/>\n<meta name=\"author\" content=\"alcalde\" \/>\n<meta name=\"twitter:card\" content=\"summary_large_image\" \/>\n<meta name=\"twitter:label1\" content=\"Escrito por\" \/>\n\t<meta name=\"twitter:data1\" content=\"alcalde\" \/>\n\t<meta name=\"twitter:label2\" content=\"Tiempo de lectura\" \/>\n\t<meta name=\"twitter:data2\" content=\"1 minuto\" \/>\n<script type=\"application\/ld+json\" class=\"yoast-schema-graph\">{\"@context\":\"https:\\\/\\\/schema.org\",\"@graph\":[{\"@type\":\"Article\",\"@id\":\"https:\\\/\\\/www.caudete.org\\\/ayuntamiento\\\/el-alcalde-visita-las-obras-de-renovacion-de-la-red-de-agua-potable-en-la-avenida-de-valencia\\\/#article\",\"isPartOf\":{\"@id\":\"https:\\\/\\\/www.caudete.org\\\/ayuntamiento\\\/el-alcalde-visita-las-obras-de-renovacion-de-la-red-de-agua-potable-en-la-avenida-de-valencia\\\/\"},\"author\":{\"name\":\"alcalde\",\"@id\":\"https:\\\/\\\/www.caudete.org\\\/ayuntamiento\\\/#\\\/schema\\\/person\\\/cc646da9133078ee4d8dd47457947253\"},\"headline\":\"El Alcalde visita las obras de renovaci\u00f3n de la Red de Agua Potable en la Avenida de Valencia\",\"datePublished\":\"2023-04-26T06:44:12+00:00\",\"dateModified\":\"2023-04-26T06:45:52+00:00\",\"mainEntityOfPage\":{\"@id\":\"https:\\\/\\\/www.caudete.org\\\/ayuntamiento\\\/el-alcalde-visita-las-obras-de-renovacion-de-la-red-de-agua-potable-en-la-avenida-de-valencia\\\/\"},\"wordCount\":197,\"image\":{\"@id\":\"https:\\\/\\\/www.caudete.org\\\/ayuntamiento\\\/el-alcalde-visita-las-obras-de-renovacion-de-la-red-de-agua-potable-en-la-avenida-de-valencia\\\/#primaryimage\"},\"thumbnailUrl\":\"https:\\\/\\\/www.caudete.org\\\/ayuntamiento\\\/wp-content\\\/uploads\\\/2023\\\/04\\\/WhatsApp-Image-2023-04-24-at-13.10.16.jpeg\",\"articleSection\":[\"Ciclo Integral del Agua\"],\"inLanguage\":\"es\"},{\"@type\":\"WebPage\",\"@id\":\"https:\\\/\\\/www.caudete.org\\\/ayuntamiento\\\/el-alcalde-visita-las-obras-de-renovacion-de-la-red-de-agua-potable-en-la-avenida-de-valencia\\\/\",\"url\":\"https:\\\/\\\/www.caudete.org\\\/ayuntamiento\\\/el-alcalde-visita-las-obras-de-renovacion-de-la-red-de-agua-potable-en-la-avenida-de-valencia\\\/\",\"name\":\"El Alcalde visita las obras de renovaci\u00f3n de la Red de Agua Potable en la Avenida de Valencia - MI Ayuntamiento de Caudete\",\"isPartOf\":{\"@id\":\"https:\\\/\\\/www.caudete.org\\\/ayuntamiento\\\/#website\"},\"primaryImageOfPage\":{\"@id\":\"https:\\\/\\\/www.caudete.org\\\/ayuntamiento\\\/el-alcalde-visita-las-obras-de-renovacion-de-la-red-de-agua-potable-en-la-avenida-de-valencia\\\/#primaryimage\"},\"image\":{\"@id\":\"https:\\\/\\\/www.caudete.org\\\/ayuntamiento\\\/el-alcalde-visita-las-obras-de-renovacion-de-la-red-de-agua-potable-en-la-avenida-de-valencia\\\/#primaryimage\"},\"thumbnailUrl\":\"https:\\\/\\\/www.caudete.org\\\/ayuntamiento\\\/wp-content\\\/uploads\\\/2023\\\/04\\\/WhatsApp-Image-2023-04-24-at-13.10.16.jpeg\",\"datePublished\":\"2023-04-26T06:44:12+00:00\",\"dateModified\":\"2023-04-26T06:45:52+00:00\",\"author\":{\"@id\":\"https:\\\/\\\/www.caudete.org\\\/ayuntamiento\\\/#\\\/schema\\\/person\\\/cc646da9133078ee4d8dd47457947253\"},\"description\":\"P\u00e1gina Oficial del Ayuntamiento de Caudete (Albacete)\",\"breadcrumb\":{\"@id\":\"https:\\\/\\\/www.caudete.org\\\/ayuntamiento\\\/el-alcalde-visita-las-obras-de-renovacion-de-la-red-de-agua-potable-en-la-avenida-de-valencia\\\/#breadcrumb\"},\"inLanguage\":\"es\",\"potentialAction\":[{\"@type\":\"ReadAction\",\"target\":[\"https:\\\/\\\/www.caudete.org\\\/ayuntamiento\\\/el-alcalde-visita-las-obras-de-renovacion-de-la-red-de-agua-potable-en-la-avenida-de-valencia\\\/\"]}]},{\"@type\":\"ImageObject\",\"inLanguage\":\"es\",\"@id\":\"https:\\\/\\\/www.caudete.org\\\/ayuntamiento\\\/el-alcalde-visita-las-obras-de-renovacion-de-la-red-de-agua-potable-en-la-avenida-de-valencia\\\/#primaryimage\",\"url\":\"https:\\\/\\\/www.caudete.org\\\/ayuntamiento\\\/wp-content\\\/uploads\\\/2023\\\/04\\\/WhatsApp-Image-2023-04-24-at-13.10.16.jpeg\",\"contentUrl\":\"https:\\\/\\\/www.caudete.org\\\/ayuntamiento\\\/wp-content\\\/uploads\\\/2023\\\/04\\\/WhatsApp-Image-2023-04-24-at-13.10.16.jpeg\",\"width\":2048,\"height\":1536},{\"@type\":\"BreadcrumbList\",\"@id\":\"https:\\\/\\\/www.caudete.org\\\/ayuntamiento\\\/el-alcalde-visita-las-obras-de-renovacion-de-la-red-de-agua-potable-en-la-avenida-de-valencia\\\/#breadcrumb\",\"itemListElement\":[{\"@type\":\"ListItem\",\"position\":1,\"name\":\"Inicio\",\"item\":\"https:\\\/\\\/www.caudete.org\\\/ayuntamiento\\\/\"},{\"@type\":\"ListItem\",\"position\":2,\"name\":\"El Alcalde visita las obras de renovaci\u00f3n de la Red de Agua Potable en la Avenida de Valencia\"}]},{\"@type\":\"WebSite\",\"@id\":\"https:\\\/\\\/www.caudete.org\\\/ayuntamiento\\\/#website\",\"url\":\"https:\\\/\\\/www.caudete.org\\\/ayuntamiento\\\/\",\"name\":\"MI Ayuntamiento de Caudete\",\"description\":\"P\u00e1gina Oficial del MI Ayuntamiento de Caudete\",\"potentialAction\":[{\"@type\":\"SearchAction\",\"target\":{\"@type\":\"EntryPoint\",\"urlTemplate\":\"https:\\\/\\\/www.caudete.org\\\/ayuntamiento\\\/?s={search_term_string}\"},\"query-input\":{\"@type\":\"PropertyValueSpecification\",\"valueRequired\":true,\"valueName\":\"search_term_string\"}}],\"inLanguage\":\"es\"},{\"@type\":\"Person\",\"@id\":\"https:\\\/\\\/www.caudete.org\\\/ayuntamiento\\\/#\\\/schema\\\/person\\\/cc646da9133078ee4d8dd47457947253\",\"name\":\"alcalde\",\"image\":{\"@type\":\"ImageObject\",\"inLanguage\":\"es\",\"@id\":\"https:\\\/\\\/secure.gravatar.com\\\/avatar\\\/84a817ba065b29ff08d666b215a215f5c79186a645ccb25b14a663d48a130f77?s=96&d=mm&r=g\",\"url\":\"https:\\\/\\\/secure.gravatar.com\\\/avatar\\\/84a817ba065b29ff08d666b215a215f5c79186a645ccb25b14a663d48a130f77?s=96&d=mm&r=g\",\"contentUrl\":\"https:\\\/\\\/secure.gravatar.com\\\/avatar\\\/84a817ba065b29ff08d666b215a215f5c79186a645ccb25b14a663d48a130f77?s=96&d=mm&r=g\",\"caption\":\"alcalde\"},\"url\":\"https:\\\/\\\/www.caudete.org\\\/ayuntamiento\\\/author\\\/alcalde\\\/\"}]}<\/script>\n<!-- \/ Yoast SEO plugin. -->","yoast_head_json":{"title":"El Alcalde visita las obras de renovaci\u00f3n de la Red de Agua Potable en la Avenida de Valencia - MI Ayuntamiento de Caudete","description":"P\u00e1gina Oficial del Ayuntamiento de Caudete (Albacete)","robots":{"index":"index","follow":"follow","max-snippet":"max-snippet:-1","max-image-preview":"max-image-preview:large","max-video-preview":"max-video-preview:-1"},"canonical":"https:\/\/www.caudete.org\/ayuntamiento\/el-alcalde-visita-las-obras-de-renovacion-de-la-red-de-agua-potable-en-la-avenida-de-valencia\/","og_locale":"es_ES","og_type":"article","og_title":"El Alcalde visita las obras de renovaci\u00f3n de la Red de Agua Potable en la Avenida de Valencia - MI Ayuntamiento de Caudete","og_description":"P\u00e1gina Oficial del Ayuntamiento de Caudete (Albacete)","og_url":"https:\/\/www.caudete.org\/ayuntamiento\/el-alcalde-visita-las-obras-de-renovacion-de-la-red-de-agua-potable-en-la-avenida-de-valencia\/","og_site_name":"MI Ayuntamiento de Caudete","article_publisher":"https:\/\/www.facebook.com\/ayuntamientocaudete\/","article_published_time":"2023-04-26T06:44:12+00:00","article_modified_time":"2023-04-26T06:45:52+00:00","og_image":[{"width":2048,"height":1536,"url":"https:\/\/www.caudete.org\/ayuntamiento\/wp-content\/uploads\/2023\/04\/WhatsApp-Image-2023-04-24-at-13.10.16.jpeg","type":"image\/jpeg"}],"author":"alcalde","twitter_card":"summary_large_image","twitter_misc":{"Escrito por":"alcalde","Tiempo de lectura":"1 minuto"},"schema":{"@context":"https:\/\/schema.org","@graph":[{"@type":"Article","@id":"https:\/\/www.caudete.org\/ayuntamiento\/el-alcalde-visita-las-obras-de-renovacion-de-la-red-de-agua-potable-en-la-avenida-de-valencia\/#article","isPartOf":{"@id":"https:\/\/www.caudete.org\/ayuntamiento\/el-alcalde-visita-las-obras-de-renovacion-de-la-red-de-agua-potable-en-la-avenida-de-valencia\/"},"author":{"name":"alcalde","@id":"https:\/\/www.caudete.org\/ayuntamiento\/#\/schema\/person\/cc646da9133078ee4d8dd47457947253"},"headline":"El Alcalde visita las obras de renovaci\u00f3n de la Red de Agua Potable en la Avenida de Valencia","datePublished":"2023-04-26T06:44:12+00:00","dateModified":"2023-04-26T06:45:52+00:00","mainEntityOfPage":{"@id":"https:\/\/www.caudete.org\/ayuntamiento\/el-alcalde-visita-las-obras-de-renovacion-de-la-red-de-agua-potable-en-la-avenida-de-valencia\/"},"wordCount":197,"image":{"@id":"https:\/\/www.caudete.org\/ayuntamiento\/el-alcalde-visita-las-obras-de-renovacion-de-la-red-de-agua-potable-en-la-avenida-de-valencia\/#primaryimage"},"thumbnailUrl":"https:\/\/www.caudete.org\/ayuntamiento\/wp-content\/uploads\/2023\/04\/WhatsApp-Image-2023-04-24-at-13.10.16.jpeg","articleSection":["Ciclo Integral del Agua"],"inLanguage":"es"},{"@type":"WebPage","@id":"https:\/\/www.caudete.org\/ayuntamiento\/el-alcalde-visita-las-obras-de-renovacion-de-la-red-de-agua-potable-en-la-avenida-de-valencia\/","url":"https:\/\/www.caudete.org\/ayuntamiento\/el-alcalde-visita-las-obras-de-renovacion-de-la-red-de-agua-potable-en-la-avenida-de-valencia\/","name":"El Alcalde visita las obras de renovaci\u00f3n de la Red de Agua Potable en la Avenida de Valencia - MI Ayuntamiento de Caudete","isPartOf":{"@id":"https:\/\/www.caudete.org\/ayuntamiento\/#website"},"primaryImageOfPage":{"@id":"https:\/\/www.caudete.org\/ayuntamiento\/el-alcalde-visita-las-obras-de-renovacion-de-la-red-de-agua-potable-en-la-avenida-de-valencia\/#primaryimage"},"image":{"@id":"https:\/\/www.caudete.org\/ayuntamiento\/el-alcalde-visita-las-obras-de-renovacion-de-la-red-de-agua-potable-en-la-avenida-de-valencia\/#primaryimage"},"thumbnailUrl":"https:\/\/www.caudete.org\/ayuntamiento\/wp-content\/uploads\/2023\/04\/WhatsApp-Image-2023-04-24-at-13.10.16.jpeg","datePublished":"2023-04-26T06:44:12+00:00","dateModified":"2023-04-26T06:45:52+00:00","author":{"@id":"https:\/\/www.caudete.org\/ayuntamiento\/#\/schema\/person\/cc646da9133078ee4d8dd47457947253"},"description":"P\u00e1gina Oficial del Ayuntamiento de Caudete (Albacete)","breadcrumb":{"@id":"https:\/\/www.caudete.org\/ayuntamiento\/el-alcalde-visita-las-obras-de-renovacion-de-la-red-de-agua-potable-en-la-avenida-de-valencia\/#breadcrumb"},"inLanguage":"es","potentialAction":[{"@type":"ReadAction","target":["https:\/\/www.caudete.org\/ayuntamiento\/el-alcalde-visita-las-obras-de-renovacion-de-la-red-de-agua-potable-en-la-avenida-de-valencia\/"]}]},{"@type":"ImageObject","inLanguage":"es","@id":"https:\/\/www.caudete.org\/ayuntamiento\/el-alcalde-visita-las-obras-de-renovacion-de-la-red-de-agua-potable-en-la-avenida-de-valencia\/#primaryimage","url":"https:\/\/www.caudete.org\/ayuntamiento\/wp-content\/uploads\/2023\/04\/WhatsApp-Image-2023-04-24-at-13.10.16.jpeg","contentUrl":"https:\/\/www.caudete.org\/ayuntamiento\/wp-content\/uploads\/2023\/04\/WhatsApp-Image-2023-04-24-at-13.10.16.jpeg","width":2048,"height":1536},{"@type":"BreadcrumbList","@id":"https:\/\/www.caudete.org\/ayuntamiento\/el-alcalde-visita-las-obras-de-renovacion-de-la-red-de-agua-potable-en-la-avenida-de-valencia\/#breadcrumb","itemListElement":[{"@type":"ListItem","position":1,"name":"Inicio","item":"https:\/\/www.caudete.org\/ayuntamiento\/"},{"@type":"ListItem","position":2,"name":"El Alcalde visita las obras de renovaci\u00f3n de la Red de Agua Potable en la Avenida de Valencia"}]},{"@type":"WebSite","@id":"https:\/\/www.caudete.org\/ayuntamiento\/#website","url":"https:\/\/www.caudete.org\/ayuntamiento\/","name":"MI Ayuntamiento de Caudete","description":"P\u00e1gina Oficial del MI Ayuntamiento de Caudete","potentialAction":[{"@type":"SearchAction","target":{"@type":"EntryPoint","urlTemplate":"https:\/\/www.caudete.org\/ayuntamiento\/?s={search_term_string}"},"query-input":{"@type":"PropertyValueSpecification","valueRequired":true,"valueName":"search_term_string"}}],"inLanguage":"es"},{"@type":"Person","@id":"https:\/\/www.caudete.org\/ayuntamiento\/#\/schema\/person\/cc646da9133078ee4d8dd47457947253","name":"alcalde","image":{"@type":"ImageObject","inLanguage":"es","@id":"https:\/\/secure.gravatar.com\/avatar\/84a817ba065b29ff08d666b215a215f5c79186a645ccb25b14a663d48a130f77?s=96&d=mm&r=g","url":"https:\/\/secure.gravatar.com\/avatar\/84a817ba065b29ff08d666b215a215f5c79186a645ccb25b14a663d48a130f77?s=96&d=mm&r=g","contentUrl":"https:\/\/secure.gravatar.com\/avatar\/84a817ba065b29ff08d666b215a215f5c79186a645ccb25b14a663d48a130f77?s=96&d=mm&r=g","caption":"alcalde"},"url":"https:\/\/www.caudete.org\/ayuntamiento\/author\/alcalde\/"}]}},"_links":{"self":[{"href":"https:\/\/www.caudete.org\/ayuntamiento\/wp-json\/wp\/v2\/posts\/22068","targetHints":{"allow":["GET"]}}],"collection":[{"href":"https:\/\/www.caudete.org\/ayuntamiento\/wp-json\/wp\/v2\/posts"}],"about":[{"href":"https:\/\/www.caudete.org\/ayuntamiento\/wp-json\/wp\/v2\/types\/post"}],"author":[{"embeddable":true,"href":"https:\/\/www.caudete.org\/ayuntamiento\/wp-json\/wp\/v2\/users\/3"}],"replies":[{"embeddable":true,"href":"https:\/\/www.caudete.org\/ayuntamiento\/wp-json\/wp\/v2\/comments?post=22068"}],"version-history":[{"count":1,"href":"https:\/\/www.caudete.org\/ayuntamiento\/wp-json\/wp\/v2\/posts\/22068\/revisions"}],"predecessor-version":[{"id":22069,"href":"https:\/\/www.caudete.org\/ayuntamiento\/wp-json\/wp\/v2\/posts\/22068\/revisions\/22069"}],"wp:featuredmedia":[{"embeddable":true,"href":"https:\/\/www.caudete.org\/ayuntamiento\/wp-json\/wp\/v2\/media\/22060"}],"wp:attachment":[{"href":"https:\/\/www.caudete.org\/ayuntamiento\/wp-json\/wp\/v2\/media?parent=22068"}],"wp:term":[{"taxonomy":"category","embeddable":true,"href":"https:\/\/www.caudete.org\/ayuntamiento\/wp-json\/wp\/v2\/categories?post=22068"},{"taxonomy":"post_tag","embeddable":true,"href":"https:\/\/www.caudete.org\/ayuntamiento\/wp-json\/wp\/v2\/tags?post=22068"}],"curies":[{"name":"wp","href":"https:\/\/api.w.org\/{rel}","templated":true}]}}