{"id":22139,"date":"2023-05-05T09:03:08","date_gmt":"2023-05-05T07:03:08","guid":{"rendered":"https:\/\/www.caudete.org\/ayuntamiento\/?p=22139"},"modified":"2023-05-05T09:07:09","modified_gmt":"2023-05-05T07:07:09","slug":"publicado-el-bando-municipal-con-la-autorizacion-de-ocupacion-de-vias-publicas-para-la-celebracion-del-xli-cross-antonio-amoros","status":"publish","type":"post","link":"https:\/\/www.caudete.org\/ayuntamiento\/publicado-el-bando-municipal-con-la-autorizacion-de-ocupacion-de-vias-publicas-para-la-celebracion-del-xli-cross-antonio-amoros\/","title":{"rendered":"Publicado el BANDO MUNICIPAL con la autorizaci\u00f3n de ocupaci\u00f3n de vias p\u00fablicas para la celebraci\u00f3n del XLI Cross Antonio Amoros"},"content":{"rendered":"<p>Dada cuenta de la Resoluci\u00f3n de Alcald\u00eda n\u00ba 1157, de fecha 27 de abrilde 2023, en relaci\u00f3n con la autorizaci\u00f3n de ocupaci\u00f3n de v\u00edas p\u00fablicas para la celebraci\u00f3n del evento deportivo \u201cXLI Cross Antonio Amor\u00f3s\u201d, el 6 de mayo de 2023.<\/p>\n<p><a href=\"https:\/\/www.caudete.org\/ayuntamiento\/wp-content\/uploads\/2023\/05\/BANDO_ALCALDIA_CORTE_CALLES_XLI_CROSS_ANTONIO_AMOROS_6_DE_MAYO_DE_2023_-_SEFYCU_4298692-1.pdf\" class=\"mtli_attachment mtli_pdf\">BANDO_ALCALDIA_CORTE_CALLES_XLI_CROSS_ANTONIO_AMOROS.pdf<\/a><\/p>\n","protected":false},"excerpt":{"rendered":"<p>Dada cuenta de la Resoluci\u00f3n de Alcald\u00eda n\u00ba 1157, de fecha 27 de abrilde 2023, en relaci\u00f3n con la autorizaci\u00f3n de ocupaci\u00f3n de v\u00edas p\u00fablicas para la celebraci\u00f3n del evento deportivo \u201cXLI Cross Antonio Amor\u00f3s\u201d, el 6 de mayo de 2023. BANDO_ALCALDIA_CORTE_CALLES_XLI_CROSS_ANTONIO_AMOROS.pdf<\/p>\n","protected":false},"author":1,"featured_media":22141,"comment_status":"closed","ping_status":"open","sticky":false,"template":"","format":"standard","meta":{"ngg_post_thumbnail":0,"footnotes":""},"categories":[23],"tags":[],"class_list":["post-22139","post","type-post","status-publish","format-standard","has-post-thumbnail","hentry","category-deportes"],"yoast_head":"<!-- This site is optimized with the Yoast SEO plugin v27.5 - https:\/\/yoast.com\/product\/yoast-seo-wordpress\/ -->\n<title>Publicado el BANDO MUNICIPAL con la autorizaci\u00f3n de ocupaci\u00f3n de vias p\u00fablicas para la celebraci\u00f3n del XLI Cross Antonio Amoros - MI Ayuntamiento de Caudete<\/title>\n<meta name=\"description\" content=\"P\u00e1gina Oficial del Ayuntamiento de Caudete (Albacete)\" \/>\n<meta name=\"robots\" content=\"index, follow, max-snippet:-1, max-image-preview:large, max-video-preview:-1\" \/>\n<link rel=\"canonical\" href=\"https:\/\/www.caudete.org\/ayuntamiento\/publicado-el-bando-municipal-con-la-autorizacion-de-ocupacion-de-vias-publicas-para-la-celebracion-del-xli-cross-antonio-amoros\/\" \/>\n<meta property=\"og:locale\" content=\"es_ES\" \/>\n<meta property=\"og:type\" content=\"article\" \/>\n<meta property=\"og:title\" content=\"Publicado el BANDO MUNICIPAL con la autorizaci\u00f3n de ocupaci\u00f3n de vias p\u00fablicas para la celebraci\u00f3n del XLI Cross Antonio Amoros - MI Ayuntamiento de Caudete\" \/>\n<meta property=\"og:description\" content=\"P\u00e1gina Oficial del Ayuntamiento de Caudete (Albacete)\" \/>\n<meta property=\"og:url\" content=\"https:\/\/www.caudete.org\/ayuntamiento\/publicado-el-bando-municipal-con-la-autorizacion-de-ocupacion-de-vias-publicas-para-la-celebracion-del-xli-cross-antonio-amoros\/\" \/>\n<meta property=\"og:site_name\" content=\"MI Ayuntamiento de Caudete\" \/>\n<meta property=\"article:publisher\" content=\"https:\/\/www.facebook.com\/ayuntamientocaudete\/\" \/>\n<meta property=\"article:published_time\" content=\"2023-05-05T07:03:08+00:00\" \/>\n<meta property=\"article:modified_time\" content=\"2023-05-05T07:07:09+00:00\" \/>\n<meta property=\"og:image\" content=\"https:\/\/www.caudete.org\/ayuntamiento\/wp-content\/uploads\/2023\/05\/cross-cartel-peq.jpg\" \/>\n\t<meta property=\"og:image:width\" content=\"675\" \/>\n\t<meta property=\"og:image:height\" content=\"147\" \/>\n\t<meta property=\"og:image:type\" content=\"image\/jpeg\" \/>\n<meta name=\"author\" content=\"ayun\" \/>\n<meta name=\"twitter:card\" content=\"summary_large_image\" \/>\n<meta name=\"twitter:label1\" content=\"Escrito por\" \/>\n\t<meta name=\"twitter:data1\" content=\"ayun\" \/>\n\t<meta name=\"twitter:label2\" content=\"Tiempo de lectura\" \/>\n\t<meta name=\"twitter:data2\" content=\"1 minuto\" \/>\n<script type=\"application\/ld+json\" class=\"yoast-schema-graph\">{\"@context\":\"https:\\\/\\\/schema.org\",\"@graph\":[{\"@type\":\"Article\",\"@id\":\"https:\\\/\\\/www.caudete.org\\\/ayuntamiento\\\/publicado-el-bando-municipal-con-la-autorizacion-de-ocupacion-de-vias-publicas-para-la-celebracion-del-xli-cross-antonio-amoros\\\/#article\",\"isPartOf\":{\"@id\":\"https:\\\/\\\/www.caudete.org\\\/ayuntamiento\\\/publicado-el-bando-municipal-con-la-autorizacion-de-ocupacion-de-vias-publicas-para-la-celebracion-del-xli-cross-antonio-amoros\\\/\"},\"author\":{\"name\":\"ayun\",\"@id\":\"https:\\\/\\\/www.caudete.org\\\/ayuntamiento\\\/#\\\/schema\\\/person\\\/79f7e19fdd176fc2bc7a289013dc2056\"},\"headline\":\"Publicado el BANDO MUNICIPAL con la autorizaci\u00f3n de ocupaci\u00f3n de vias p\u00fablicas para la celebraci\u00f3n del XLI Cross Antonio Amoros\",\"datePublished\":\"2023-05-05T07:03:08+00:00\",\"dateModified\":\"2023-05-05T07:07:09+00:00\",\"mainEntityOfPage\":{\"@id\":\"https:\\\/\\\/www.caudete.org\\\/ayuntamiento\\\/publicado-el-bando-municipal-con-la-autorizacion-de-ocupacion-de-vias-publicas-para-la-celebracion-del-xli-cross-antonio-amoros\\\/\"},\"wordCount\":78,\"image\":{\"@id\":\"https:\\\/\\\/www.caudete.org\\\/ayuntamiento\\\/publicado-el-bando-municipal-con-la-autorizacion-de-ocupacion-de-vias-publicas-para-la-celebracion-del-xli-cross-antonio-amoros\\\/#primaryimage\"},\"thumbnailUrl\":\"https:\\\/\\\/www.caudete.org\\\/ayuntamiento\\\/wp-content\\\/uploads\\\/2023\\\/05\\\/cross-cartel-peq.jpg\",\"articleSection\":[\"Deportes\"],\"inLanguage\":\"es\"},{\"@type\":\"WebPage\",\"@id\":\"https:\\\/\\\/www.caudete.org\\\/ayuntamiento\\\/publicado-el-bando-municipal-con-la-autorizacion-de-ocupacion-de-vias-publicas-para-la-celebracion-del-xli-cross-antonio-amoros\\\/\",\"url\":\"https:\\\/\\\/www.caudete.org\\\/ayuntamiento\\\/publicado-el-bando-municipal-con-la-autorizacion-de-ocupacion-de-vias-publicas-para-la-celebracion-del-xli-cross-antonio-amoros\\\/\",\"name\":\"Publicado el BANDO MUNICIPAL con la autorizaci\u00f3n de ocupaci\u00f3n de vias p\u00fablicas para la celebraci\u00f3n del XLI Cross Antonio Amoros - MI Ayuntamiento de Caudete\",\"isPartOf\":{\"@id\":\"https:\\\/\\\/www.caudete.org\\\/ayuntamiento\\\/#website\"},\"primaryImageOfPage\":{\"@id\":\"https:\\\/\\\/www.caudete.org\\\/ayuntamiento\\\/publicado-el-bando-municipal-con-la-autorizacion-de-ocupacion-de-vias-publicas-para-la-celebracion-del-xli-cross-antonio-amoros\\\/#primaryimage\"},\"image\":{\"@id\":\"https:\\\/\\\/www.caudete.org\\\/ayuntamiento\\\/publicado-el-bando-municipal-con-la-autorizacion-de-ocupacion-de-vias-publicas-para-la-celebracion-del-xli-cross-antonio-amoros\\\/#primaryimage\"},\"thumbnailUrl\":\"https:\\\/\\\/www.caudete.org\\\/ayuntamiento\\\/wp-content\\\/uploads\\\/2023\\\/05\\\/cross-cartel-peq.jpg\",\"datePublished\":\"2023-05-05T07:03:08+00:00\",\"dateModified\":\"2023-05-05T07:07:09+00:00\",\"author\":{\"@id\":\"https:\\\/\\\/www.caudete.org\\\/ayuntamiento\\\/#\\\/schema\\\/person\\\/79f7e19fdd176fc2bc7a289013dc2056\"},\"description\":\"P\u00e1gina Oficial del Ayuntamiento de Caudete (Albacete)\",\"breadcrumb\":{\"@id\":\"https:\\\/\\\/www.caudete.org\\\/ayuntamiento\\\/publicado-el-bando-municipal-con-la-autorizacion-de-ocupacion-de-vias-publicas-para-la-celebracion-del-xli-cross-antonio-amoros\\\/#breadcrumb\"},\"inLanguage\":\"es\",\"potentialAction\":[{\"@type\":\"ReadAction\",\"target\":[\"https:\\\/\\\/www.caudete.org\\\/ayuntamiento\\\/publicado-el-bando-municipal-con-la-autorizacion-de-ocupacion-de-vias-publicas-para-la-celebracion-del-xli-cross-antonio-amoros\\\/\"]}]},{\"@type\":\"ImageObject\",\"inLanguage\":\"es\",\"@id\":\"https:\\\/\\\/www.caudete.org\\\/ayuntamiento\\\/publicado-el-bando-municipal-con-la-autorizacion-de-ocupacion-de-vias-publicas-para-la-celebracion-del-xli-cross-antonio-amoros\\\/#primaryimage\",\"url\":\"https:\\\/\\\/www.caudete.org\\\/ayuntamiento\\\/wp-content\\\/uploads\\\/2023\\\/05\\\/cross-cartel-peq.jpg\",\"contentUrl\":\"https:\\\/\\\/www.caudete.org\\\/ayuntamiento\\\/wp-content\\\/uploads\\\/2023\\\/05\\\/cross-cartel-peq.jpg\",\"width\":675,\"height\":147},{\"@type\":\"BreadcrumbList\",\"@id\":\"https:\\\/\\\/www.caudete.org\\\/ayuntamiento\\\/publicado-el-bando-municipal-con-la-autorizacion-de-ocupacion-de-vias-publicas-para-la-celebracion-del-xli-cross-antonio-amoros\\\/#breadcrumb\",\"itemListElement\":[{\"@type\":\"ListItem\",\"position\":1,\"name\":\"Inicio\",\"item\":\"https:\\\/\\\/www.caudete.org\\\/ayuntamiento\\\/\"},{\"@type\":\"ListItem\",\"position\":2,\"name\":\"Publicado el BANDO MUNICIPAL con la autorizaci\u00f3n de ocupaci\u00f3n de vias p\u00fablicas para la celebraci\u00f3n del XLI Cross Antonio Amoros\"}]},{\"@type\":\"WebSite\",\"@id\":\"https:\\\/\\\/www.caudete.org\\\/ayuntamiento\\\/#website\",\"url\":\"https:\\\/\\\/www.caudete.org\\\/ayuntamiento\\\/\",\"name\":\"MI Ayuntamiento de Caudete\",\"description\":\"P\u00e1gina Oficial del MI Ayuntamiento de Caudete\",\"potentialAction\":[{\"@type\":\"SearchAction\",\"target\":{\"@type\":\"EntryPoint\",\"urlTemplate\":\"https:\\\/\\\/www.caudete.org\\\/ayuntamiento\\\/?s={search_term_string}\"},\"query-input\":{\"@type\":\"PropertyValueSpecification\",\"valueRequired\":true,\"valueName\":\"search_term_string\"}}],\"inLanguage\":\"es\"},{\"@type\":\"Person\",\"@id\":\"https:\\\/\\\/www.caudete.org\\\/ayuntamiento\\\/#\\\/schema\\\/person\\\/79f7e19fdd176fc2bc7a289013dc2056\",\"name\":\"ayun\",\"image\":{\"@type\":\"ImageObject\",\"inLanguage\":\"es\",\"@id\":\"https:\\\/\\\/secure.gravatar.com\\\/avatar\\\/4ce797ee07c943e7e592f8cd648e503e6cd571387558ed07135799c2bd2847df?s=96&d=mm&r=g\",\"url\":\"https:\\\/\\\/secure.gravatar.com\\\/avatar\\\/4ce797ee07c943e7e592f8cd648e503e6cd571387558ed07135799c2bd2847df?s=96&d=mm&r=g\",\"contentUrl\":\"https:\\\/\\\/secure.gravatar.com\\\/avatar\\\/4ce797ee07c943e7e592f8cd648e503e6cd571387558ed07135799c2bd2847df?s=96&d=mm&r=g\",\"caption\":\"ayun\"},\"sameAs\":[\"http:\\\/\\\/www.caudete.org\\\/ayuntamiento\"],\"url\":\"https:\\\/\\\/www.caudete.org\\\/ayuntamiento\\\/author\\\/ayun\\\/\"}]}<\/script>\n<!-- \/ Yoast SEO plugin. -->","yoast_head_json":{"title":"Publicado el BANDO MUNICIPAL con la autorizaci\u00f3n de ocupaci\u00f3n de vias p\u00fablicas para la celebraci\u00f3n del XLI Cross Antonio Amoros - MI Ayuntamiento de Caudete","description":"P\u00e1gina Oficial del Ayuntamiento de Caudete (Albacete)","robots":{"index":"index","follow":"follow","max-snippet":"max-snippet:-1","max-image-preview":"max-image-preview:large","max-video-preview":"max-video-preview:-1"},"canonical":"https:\/\/www.caudete.org\/ayuntamiento\/publicado-el-bando-municipal-con-la-autorizacion-de-ocupacion-de-vias-publicas-para-la-celebracion-del-xli-cross-antonio-amoros\/","og_locale":"es_ES","og_type":"article","og_title":"Publicado el BANDO MUNICIPAL con la autorizaci\u00f3n de ocupaci\u00f3n de vias p\u00fablicas para la celebraci\u00f3n del XLI Cross Antonio Amoros - MI Ayuntamiento de Caudete","og_description":"P\u00e1gina Oficial del Ayuntamiento de Caudete (Albacete)","og_url":"https:\/\/www.caudete.org\/ayuntamiento\/publicado-el-bando-municipal-con-la-autorizacion-de-ocupacion-de-vias-publicas-para-la-celebracion-del-xli-cross-antonio-amoros\/","og_site_name":"MI Ayuntamiento de Caudete","article_publisher":"https:\/\/www.facebook.com\/ayuntamientocaudete\/","article_published_time":"2023-05-05T07:03:08+00:00","article_modified_time":"2023-05-05T07:07:09+00:00","og_image":[{"width":675,"height":147,"url":"https:\/\/www.caudete.org\/ayuntamiento\/wp-content\/uploads\/2023\/05\/cross-cartel-peq.jpg","type":"image\/jpeg"}],"author":"ayun","twitter_card":"summary_large_image","twitter_misc":{"Escrito por":"ayun","Tiempo de lectura":"1 minuto"},"schema":{"@context":"https:\/\/schema.org","@graph":[{"@type":"Article","@id":"https:\/\/www.caudete.org\/ayuntamiento\/publicado-el-bando-municipal-con-la-autorizacion-de-ocupacion-de-vias-publicas-para-la-celebracion-del-xli-cross-antonio-amoros\/#article","isPartOf":{"@id":"https:\/\/www.caudete.org\/ayuntamiento\/publicado-el-bando-municipal-con-la-autorizacion-de-ocupacion-de-vias-publicas-para-la-celebracion-del-xli-cross-antonio-amoros\/"},"author":{"name":"ayun","@id":"https:\/\/www.caudete.org\/ayuntamiento\/#\/schema\/person\/79f7e19fdd176fc2bc7a289013dc2056"},"headline":"Publicado el BANDO MUNICIPAL con la autorizaci\u00f3n de ocupaci\u00f3n de vias p\u00fablicas para la celebraci\u00f3n del XLI Cross Antonio Amoros","datePublished":"2023-05-05T07:03:08+00:00","dateModified":"2023-05-05T07:07:09+00:00","mainEntityOfPage":{"@id":"https:\/\/www.caudete.org\/ayuntamiento\/publicado-el-bando-municipal-con-la-autorizacion-de-ocupacion-de-vias-publicas-para-la-celebracion-del-xli-cross-antonio-amoros\/"},"wordCount":78,"image":{"@id":"https:\/\/www.caudete.org\/ayuntamiento\/publicado-el-bando-municipal-con-la-autorizacion-de-ocupacion-de-vias-publicas-para-la-celebracion-del-xli-cross-antonio-amoros\/#primaryimage"},"thumbnailUrl":"https:\/\/www.caudete.org\/ayuntamiento\/wp-content\/uploads\/2023\/05\/cross-cartel-peq.jpg","articleSection":["Deportes"],"inLanguage":"es"},{"@type":"WebPage","@id":"https:\/\/www.caudete.org\/ayuntamiento\/publicado-el-bando-municipal-con-la-autorizacion-de-ocupacion-de-vias-publicas-para-la-celebracion-del-xli-cross-antonio-amoros\/","url":"https:\/\/www.caudete.org\/ayuntamiento\/publicado-el-bando-municipal-con-la-autorizacion-de-ocupacion-de-vias-publicas-para-la-celebracion-del-xli-cross-antonio-amoros\/","name":"Publicado el BANDO MUNICIPAL con la autorizaci\u00f3n de ocupaci\u00f3n de vias p\u00fablicas para la celebraci\u00f3n del XLI Cross Antonio Amoros - MI Ayuntamiento de Caudete","isPartOf":{"@id":"https:\/\/www.caudete.org\/ayuntamiento\/#website"},"primaryImageOfPage":{"@id":"https:\/\/www.caudete.org\/ayuntamiento\/publicado-el-bando-municipal-con-la-autorizacion-de-ocupacion-de-vias-publicas-para-la-celebracion-del-xli-cross-antonio-amoros\/#primaryimage"},"image":{"@id":"https:\/\/www.caudete.org\/ayuntamiento\/publicado-el-bando-municipal-con-la-autorizacion-de-ocupacion-de-vias-publicas-para-la-celebracion-del-xli-cross-antonio-amoros\/#primaryimage"},"thumbnailUrl":"https:\/\/www.caudete.org\/ayuntamiento\/wp-content\/uploads\/2023\/05\/cross-cartel-peq.jpg","datePublished":"2023-05-05T07:03:08+00:00","dateModified":"2023-05-05T07:07:09+00:00","author":{"@id":"https:\/\/www.caudete.org\/ayuntamiento\/#\/schema\/person\/79f7e19fdd176fc2bc7a289013dc2056"},"description":"P\u00e1gina Oficial del Ayuntamiento de Caudete (Albacete)","breadcrumb":{"@id":"https:\/\/www.caudete.org\/ayuntamiento\/publicado-el-bando-municipal-con-la-autorizacion-de-ocupacion-de-vias-publicas-para-la-celebracion-del-xli-cross-antonio-amoros\/#breadcrumb"},"inLanguage":"es","potentialAction":[{"@type":"ReadAction","target":["https:\/\/www.caudete.org\/ayuntamiento\/publicado-el-bando-municipal-con-la-autorizacion-de-ocupacion-de-vias-publicas-para-la-celebracion-del-xli-cross-antonio-amoros\/"]}]},{"@type":"ImageObject","inLanguage":"es","@id":"https:\/\/www.caudete.org\/ayuntamiento\/publicado-el-bando-municipal-con-la-autorizacion-de-ocupacion-de-vias-publicas-para-la-celebracion-del-xli-cross-antonio-amoros\/#primaryimage","url":"https:\/\/www.caudete.org\/ayuntamiento\/wp-content\/uploads\/2023\/05\/cross-cartel-peq.jpg","contentUrl":"https:\/\/www.caudete.org\/ayuntamiento\/wp-content\/uploads\/2023\/05\/cross-cartel-peq.jpg","width":675,"height":147},{"@type":"BreadcrumbList","@id":"https:\/\/www.caudete.org\/ayuntamiento\/publicado-el-bando-municipal-con-la-autorizacion-de-ocupacion-de-vias-publicas-para-la-celebracion-del-xli-cross-antonio-amoros\/#breadcrumb","itemListElement":[{"@type":"ListItem","position":1,"name":"Inicio","item":"https:\/\/www.caudete.org\/ayuntamiento\/"},{"@type":"ListItem","position":2,"name":"Publicado el BANDO MUNICIPAL con la autorizaci\u00f3n de ocupaci\u00f3n de vias p\u00fablicas para la celebraci\u00f3n del XLI Cross Antonio Amoros"}]},{"@type":"WebSite","@id":"https:\/\/www.caudete.org\/ayuntamiento\/#website","url":"https:\/\/www.caudete.org\/ayuntamiento\/","name":"MI Ayuntamiento de Caudete","description":"P\u00e1gina Oficial del MI Ayuntamiento de Caudete","potentialAction":[{"@type":"SearchAction","target":{"@type":"EntryPoint","urlTemplate":"https:\/\/www.caudete.org\/ayuntamiento\/?s={search_term_string}"},"query-input":{"@type":"PropertyValueSpecification","valueRequired":true,"valueName":"search_term_string"}}],"inLanguage":"es"},{"@type":"Person","@id":"https:\/\/www.caudete.org\/ayuntamiento\/#\/schema\/person\/79f7e19fdd176fc2bc7a289013dc2056","name":"ayun","image":{"@type":"ImageObject","inLanguage":"es","@id":"https:\/\/secure.gravatar.com\/avatar\/4ce797ee07c943e7e592f8cd648e503e6cd571387558ed07135799c2bd2847df?s=96&d=mm&r=g","url":"https:\/\/secure.gravatar.com\/avatar\/4ce797ee07c943e7e592f8cd648e503e6cd571387558ed07135799c2bd2847df?s=96&d=mm&r=g","contentUrl":"https:\/\/secure.gravatar.com\/avatar\/4ce797ee07c943e7e592f8cd648e503e6cd571387558ed07135799c2bd2847df?s=96&d=mm&r=g","caption":"ayun"},"sameAs":["http:\/\/www.caudete.org\/ayuntamiento"],"url":"https:\/\/www.caudete.org\/ayuntamiento\/author\/ayun\/"}]}},"_links":{"self":[{"href":"https:\/\/www.caudete.org\/ayuntamiento\/wp-json\/wp\/v2\/posts\/22139","targetHints":{"allow":["GET"]}}],"collection":[{"href":"https:\/\/www.caudete.org\/ayuntamiento\/wp-json\/wp\/v2\/posts"}],"about":[{"href":"https:\/\/www.caudete.org\/ayuntamiento\/wp-json\/wp\/v2\/types\/post"}],"author":[{"embeddable":true,"href":"https:\/\/www.caudete.org\/ayuntamiento\/wp-json\/wp\/v2\/users\/1"}],"replies":[{"embeddable":true,"href":"https:\/\/www.caudete.org\/ayuntamiento\/wp-json\/wp\/v2\/comments?post=22139"}],"version-history":[{"count":4,"href":"https:\/\/www.caudete.org\/ayuntamiento\/wp-json\/wp\/v2\/posts\/22139\/revisions"}],"predecessor-version":[{"id":22146,"href":"https:\/\/www.caudete.org\/ayuntamiento\/wp-json\/wp\/v2\/posts\/22139\/revisions\/22146"}],"wp:featuredmedia":[{"embeddable":true,"href":"https:\/\/www.caudete.org\/ayuntamiento\/wp-json\/wp\/v2\/media\/22141"}],"wp:attachment":[{"href":"https:\/\/www.caudete.org\/ayuntamiento\/wp-json\/wp\/v2\/media?parent=22139"}],"wp:term":[{"taxonomy":"category","embeddable":true,"href":"https:\/\/www.caudete.org\/ayuntamiento\/wp-json\/wp\/v2\/categories?post=22139"},{"taxonomy":"post_tag","embeddable":true,"href":"https:\/\/www.caudete.org\/ayuntamiento\/wp-json\/wp\/v2\/tags?post=22139"}],"curies":[{"name":"wp","href":"https:\/\/api.w.org\/{rel}","templated":true}]}}