{"id":22153,"date":"2023-05-06T09:00:23","date_gmt":"2023-05-06T07:00:23","guid":{"rendered":"https:\/\/www.caudete.org\/ayuntamiento\/?p=22153"},"modified":"2023-05-05T14:42:15","modified_gmt":"2023-05-05T12:42:15","slug":"exposicion-belleza-renacentista-de-nasuto-vincenzo-en-el-claustro-convento-padres-carmelitas","status":"publish","type":"post","link":"https:\/\/www.caudete.org\/ayuntamiento\/exposicion-belleza-renacentista-de-nasuto-vincenzo-en-el-claustro-convento-padres-carmelitas\/","title":{"rendered":"Exposici\u00f3n Belleza Renacentista de Nasuto Vincenzo en el Claustro Convento Padres Carmelitas"},"content":{"rendered":"<p align=\"justify\"><span style=\"font-family: Arial, sans-serif;\"><span style=\"font-size: medium;\">El domingo 7 de mayo a las 12:30 horas abrir\u00e1 sus puertas el Claustro del Convento de los Padres Carmelitas para inaugurar la exposici\u00f3n \u201cBelleza Renacentista\u201d de Nasuto Vincenzo.<\/span><\/span><\/p>\n<p align=\"justify\"><span style=\"font-family: Arial, sans-serif;\"><span style=\"font-size: medium;\">De una idea idea del artista Vincenzo Nasuto, con la colaboraci\u00f3n del historiados y cr\u00edtico de arte Valeriano Venneri, surge la exposici\u00f3n &#8220;Belleza Renacentista&#8221;.<\/span><\/span><\/p>\n<p align=\"justify\"><span style=\"font-family: Arial, sans-serif;\"><span style=\"font-size: medium;\">Los grandes maestros del renacimiento italiano Leonardo Da Vinci, Raffaello Sanzio (Rafael), Perugino y Luca Signorelli, han sido reinterpretados por el artista contempor\u00e1neo Nasuto Vincenzo, a trav\u00e9s de pa\u00f1uelos de artista. El Renacimiento, el per\u00edodo m\u00e1s conocido de la historia del arte, se celebra y festeja en este maravilloso Claustro, en una exposici\u00f3n del 7 de mayo al 28 de mayo de 2023 que celebrar\u00e1 el 500 aniversario de sus muertes que ocurrieron entre 1520 y 1523.<\/span><\/span><\/p>\n<p align=\"justify\"><span style=\"font-family: Arial, sans-serif;\"><span style=\"font-size: medium;\">Figuras angelicales, mitol\u00f3gicas y autorretratos nos deleitar\u00e1n en una muestra donde el artista hace posible con sus interpretaciones de grandes obras maestras del arte renacentista, que el arte de los grandes maestros sea tangible y pueda tener una parte activa en nuestras vidas contempor\u00e1neas.<\/span><\/span><\/p>\n<p align=\"justify\"><span style=\"font-family: Arial, sans-serif;\"><span style=\"font-size: medium;\">La exposici\u00f3n ha sido organizada por la Concejal\u00eda de Cultura del M.I. Ayuntamiento de Caudete y el Taller de Arte Villa de Caudete y se podr\u00e1 visitar Viernes y S\u00e1bado en horario de 18:00 a 20:30 h y Domingos de 11:00 a 13:00 h y de 18:00 a 20:30.<\/span><\/span><\/p>\n<p align=\"justify\"><span style=\"font-family: Arial, sans-serif;\"><span style=\"font-size: medium;\">Artista: Vicenzo Nasuto<br \/>\n<\/span><\/span><span style=\"font-family: Arial, sans-serif;\"><span style=\"font-size: medium;\">Comisario: Valeriano Venneri<br \/>\n<\/span><\/span><span style=\"font-family: Arial, sans-serif;\"><span style=\"font-size: medium;\">Im\u00e1genes: Vicenzo Nasuto<br \/>\n<\/span><\/span><span style=\"font-family: Arial, sans-serif;\"><span style=\"font-size: medium;\">Textos: Valeriano Venneri<\/span><\/span><\/p>\n<p align=\"justify\"><a href=\"https:\/\/www.caudete.org\/ayuntamiento\/?attachment_id=22154\" rel=\"attachment wp-att-22154\"><img fetchpriority=\"high\" decoding=\"async\" class=\"aligncenter size-full wp-image-22154\" src=\"https:\/\/www.caudete.org\/ayuntamiento\/wp-content\/uploads\/2023\/05\/cartel-Claustro-.jpg\" rel='prettyPhoto' alt=\"\" width=\"800\" height=\"1133\" srcset=\"https:\/\/www.caudete.org\/ayuntamiento\/wp-content\/uploads\/2023\/05\/cartel-Claustro-.jpg 800w, https:\/\/www.caudete.org\/ayuntamiento\/wp-content\/uploads\/2023\/05\/cartel-Claustro--212x300.jpg 212w, https:\/\/www.caudete.org\/ayuntamiento\/wp-content\/uploads\/2023\/05\/cartel-Claustro--723x1024.jpg 723w, https:\/\/www.caudete.org\/ayuntamiento\/wp-content\/uploads\/2023\/05\/cartel-Claustro--768x1088.jpg 768w\" sizes=\"(max-width: 800px) 100vw, 800px\" \/><\/a><\/p>\n","protected":false},"excerpt":{"rendered":"<p>El domingo 7 de mayo a las 12:30 horas abrir\u00e1 sus puertas el Claustro del Convento de los Padres Carmelitas para inaugurar la exposici\u00f3n \u201cBelleza Renacentista\u201d de Nasuto Vincenzo. De una idea idea del artista Vincenzo Nasuto, con la colaboraci\u00f3n del historiados y cr\u00edtico de arte Valeriano Venneri, surge la exposici\u00f3n &#8220;Belleza Renacentista&#8221;. Los grandes &hellip;<\/p>\n","protected":false},"author":1,"featured_media":22155,"comment_status":"closed","ping_status":"open","sticky":false,"template":"","format":"standard","meta":{"ngg_post_thumbnail":0,"footnotes":""},"categories":[14],"tags":[],"class_list":["post-22153","post","type-post","status-publish","format-standard","has-post-thumbnail","hentry","category-cultura"],"yoast_head":"<!-- This site is optimized with the Yoast SEO plugin v27.4 - https:\/\/yoast.com\/product\/yoast-seo-wordpress\/ -->\n<title>Exposici\u00f3n Belleza Renacentista de Nasuto Vincenzo en el Claustro Convento Padres Carmelitas - MI Ayuntamiento de Caudete<\/title>\n<meta name=\"description\" content=\"P\u00e1gina Oficial del Ayuntamiento de Caudete (Albacete)\" \/>\n<meta name=\"robots\" content=\"index, follow, max-snippet:-1, max-image-preview:large, max-video-preview:-1\" \/>\n<link rel=\"canonical\" href=\"https:\/\/www.caudete.org\/ayuntamiento\/exposicion-belleza-renacentista-de-nasuto-vincenzo-en-el-claustro-convento-padres-carmelitas\/\" \/>\n<meta property=\"og:locale\" content=\"es_ES\" \/>\n<meta property=\"og:type\" content=\"article\" \/>\n<meta property=\"og:title\" content=\"Exposici\u00f3n Belleza Renacentista de Nasuto Vincenzo en el Claustro Convento Padres Carmelitas - MI Ayuntamiento de Caudete\" \/>\n<meta property=\"og:description\" content=\"P\u00e1gina Oficial del Ayuntamiento de Caudete (Albacete)\" \/>\n<meta property=\"og:url\" content=\"https:\/\/www.caudete.org\/ayuntamiento\/exposicion-belleza-renacentista-de-nasuto-vincenzo-en-el-claustro-convento-padres-carmelitas\/\" \/>\n<meta property=\"og:site_name\" content=\"MI Ayuntamiento de Caudete\" \/>\n<meta property=\"article:publisher\" content=\"https:\/\/www.facebook.com\/ayuntamientocaudete\/\" \/>\n<meta property=\"article:published_time\" content=\"2023-05-06T07:00:23+00:00\" \/>\n<meta property=\"og:image\" content=\"https:\/\/www.caudete.org\/ayuntamiento\/wp-content\/uploads\/2023\/05\/cartel-Claustro-peq.jpg\" \/>\n\t<meta property=\"og:image:width\" content=\"752\" \/>\n\t<meta property=\"og:image:height\" content=\"278\" \/>\n\t<meta property=\"og:image:type\" content=\"image\/jpeg\" \/>\n<meta name=\"author\" content=\"ayun\" \/>\n<meta name=\"twitter:card\" content=\"summary_large_image\" \/>\n<meta name=\"twitter:label1\" content=\"Escrito por\" \/>\n\t<meta name=\"twitter:data1\" content=\"ayun\" \/>\n\t<meta name=\"twitter:label2\" content=\"Tiempo de lectura\" \/>\n\t<meta name=\"twitter:data2\" content=\"2 minutos\" \/>\n<script type=\"application\/ld+json\" class=\"yoast-schema-graph\">{\"@context\":\"https:\\\/\\\/schema.org\",\"@graph\":[{\"@type\":\"Article\",\"@id\":\"https:\\\/\\\/www.caudete.org\\\/ayuntamiento\\\/exposicion-belleza-renacentista-de-nasuto-vincenzo-en-el-claustro-convento-padres-carmelitas\\\/#article\",\"isPartOf\":{\"@id\":\"https:\\\/\\\/www.caudete.org\\\/ayuntamiento\\\/exposicion-belleza-renacentista-de-nasuto-vincenzo-en-el-claustro-convento-padres-carmelitas\\\/\"},\"author\":{\"name\":\"ayun\",\"@id\":\"https:\\\/\\\/www.caudete.org\\\/ayuntamiento\\\/#\\\/schema\\\/person\\\/79f7e19fdd176fc2bc7a289013dc2056\"},\"headline\":\"Exposici\u00f3n Belleza Renacentista de Nasuto Vincenzo en el Claustro Convento Padres Carmelitas\",\"datePublished\":\"2023-05-06T07:00:23+00:00\",\"mainEntityOfPage\":{\"@id\":\"https:\\\/\\\/www.caudete.org\\\/ayuntamiento\\\/exposicion-belleza-renacentista-de-nasuto-vincenzo-en-el-claustro-convento-padres-carmelitas\\\/\"},\"wordCount\":252,\"publisher\":{\"@id\":\"https:\\\/\\\/www.caudete.org\\\/ayuntamiento\\\/#organization\"},\"image\":{\"@id\":\"https:\\\/\\\/www.caudete.org\\\/ayuntamiento\\\/exposicion-belleza-renacentista-de-nasuto-vincenzo-en-el-claustro-convento-padres-carmelitas\\\/#primaryimage\"},\"thumbnailUrl\":\"https:\\\/\\\/www.caudete.org\\\/ayuntamiento\\\/wp-content\\\/uploads\\\/2023\\\/05\\\/cartel-Claustro-peq.jpg\",\"articleSection\":[\"Cultura\"],\"inLanguage\":\"es\"},{\"@type\":\"WebPage\",\"@id\":\"https:\\\/\\\/www.caudete.org\\\/ayuntamiento\\\/exposicion-belleza-renacentista-de-nasuto-vincenzo-en-el-claustro-convento-padres-carmelitas\\\/\",\"url\":\"https:\\\/\\\/www.caudete.org\\\/ayuntamiento\\\/exposicion-belleza-renacentista-de-nasuto-vincenzo-en-el-claustro-convento-padres-carmelitas\\\/\",\"name\":\"Exposici\u00f3n Belleza Renacentista de Nasuto Vincenzo en el Claustro Convento Padres Carmelitas - MI Ayuntamiento de Caudete\",\"isPartOf\":{\"@id\":\"https:\\\/\\\/www.caudete.org\\\/ayuntamiento\\\/#website\"},\"primaryImageOfPage\":{\"@id\":\"https:\\\/\\\/www.caudete.org\\\/ayuntamiento\\\/exposicion-belleza-renacentista-de-nasuto-vincenzo-en-el-claustro-convento-padres-carmelitas\\\/#primaryimage\"},\"image\":{\"@id\":\"https:\\\/\\\/www.caudete.org\\\/ayuntamiento\\\/exposicion-belleza-renacentista-de-nasuto-vincenzo-en-el-claustro-convento-padres-carmelitas\\\/#primaryimage\"},\"thumbnailUrl\":\"https:\\\/\\\/www.caudete.org\\\/ayuntamiento\\\/wp-content\\\/uploads\\\/2023\\\/05\\\/cartel-Claustro-peq.jpg\",\"datePublished\":\"2023-05-06T07:00:23+00:00\",\"description\":\"P\u00e1gina Oficial del Ayuntamiento de Caudete (Albacete)\",\"breadcrumb\":{\"@id\":\"https:\\\/\\\/www.caudete.org\\\/ayuntamiento\\\/exposicion-belleza-renacentista-de-nasuto-vincenzo-en-el-claustro-convento-padres-carmelitas\\\/#breadcrumb\"},\"inLanguage\":\"es\",\"potentialAction\":[{\"@type\":\"ReadAction\",\"target\":[\"https:\\\/\\\/www.caudete.org\\\/ayuntamiento\\\/exposicion-belleza-renacentista-de-nasuto-vincenzo-en-el-claustro-convento-padres-carmelitas\\\/\"]}]},{\"@type\":\"ImageObject\",\"inLanguage\":\"es\",\"@id\":\"https:\\\/\\\/www.caudete.org\\\/ayuntamiento\\\/exposicion-belleza-renacentista-de-nasuto-vincenzo-en-el-claustro-convento-padres-carmelitas\\\/#primaryimage\",\"url\":\"https:\\\/\\\/www.caudete.org\\\/ayuntamiento\\\/wp-content\\\/uploads\\\/2023\\\/05\\\/cartel-Claustro-peq.jpg\",\"contentUrl\":\"https:\\\/\\\/www.caudete.org\\\/ayuntamiento\\\/wp-content\\\/uploads\\\/2023\\\/05\\\/cartel-Claustro-peq.jpg\",\"width\":752,\"height\":278},{\"@type\":\"BreadcrumbList\",\"@id\":\"https:\\\/\\\/www.caudete.org\\\/ayuntamiento\\\/exposicion-belleza-renacentista-de-nasuto-vincenzo-en-el-claustro-convento-padres-carmelitas\\\/#breadcrumb\",\"itemListElement\":[{\"@type\":\"ListItem\",\"position\":1,\"name\":\"Inicio\",\"item\":\"https:\\\/\\\/www.caudete.org\\\/ayuntamiento\\\/\"},{\"@type\":\"ListItem\",\"position\":2,\"name\":\"Exposici\u00f3n Belleza Renacentista de Nasuto Vincenzo en el Claustro Convento Padres Carmelitas\"}]},{\"@type\":\"WebSite\",\"@id\":\"https:\\\/\\\/www.caudete.org\\\/ayuntamiento\\\/#website\",\"url\":\"https:\\\/\\\/www.caudete.org\\\/ayuntamiento\\\/\",\"name\":\"MI Ayuntamiento de Caudete\",\"description\":\"P\u00e1gina Oficial del MI Ayuntamiento de Caudete\",\"publisher\":{\"@id\":\"https:\\\/\\\/www.caudete.org\\\/ayuntamiento\\\/#organization\"},\"potentialAction\":[{\"@type\":\"SearchAction\",\"target\":{\"@type\":\"EntryPoint\",\"urlTemplate\":\"https:\\\/\\\/www.caudete.org\\\/ayuntamiento\\\/?s={search_term_string}\"},\"query-input\":{\"@type\":\"PropertyValueSpecification\",\"valueRequired\":true,\"valueName\":\"search_term_string\"}}],\"inLanguage\":\"es\"},{\"@type\":\"Organization\",\"@id\":\"https:\\\/\\\/www.caudete.org\\\/ayuntamiento\\\/#organization\",\"name\":\"Ayuntamiento de Caudete\",\"url\":\"https:\\\/\\\/www.caudete.org\\\/ayuntamiento\\\/\",\"logo\":{\"@type\":\"ImageObject\",\"inLanguage\":\"es\",\"@id\":\"https:\\\/\\\/www.caudete.org\\\/ayuntamiento\\\/#\\\/schema\\\/logo\\\/image\\\/\",\"url\":\"https:\\\/\\\/www.caudete.org\\\/ayuntamiento\\\/wp-content\\\/uploads\\\/2020\\\/11\\\/logo_ayuntamiento_caudete.jpg\",\"contentUrl\":\"https:\\\/\\\/www.caudete.org\\\/ayuntamiento\\\/wp-content\\\/uploads\\\/2020\\\/11\\\/logo_ayuntamiento_caudete.jpg\",\"width\":600,\"height\":150,\"caption\":\"Ayuntamiento de Caudete\"},\"image\":{\"@id\":\"https:\\\/\\\/www.caudete.org\\\/ayuntamiento\\\/#\\\/schema\\\/logo\\\/image\\\/\"},\"sameAs\":[\"https:\\\/\\\/www.facebook.com\\\/ayuntamientocaudete\\\/\",\"https:\\\/\\\/www.youtube.com\\\/channel\\\/UC6VztHaooNsGpw-tNoBEFnQ\"]},{\"@type\":\"Person\",\"@id\":\"https:\\\/\\\/www.caudete.org\\\/ayuntamiento\\\/#\\\/schema\\\/person\\\/79f7e19fdd176fc2bc7a289013dc2056\",\"name\":\"ayun\",\"image\":{\"@type\":\"ImageObject\",\"inLanguage\":\"es\",\"@id\":\"https:\\\/\\\/secure.gravatar.com\\\/avatar\\\/4ce797ee07c943e7e592f8cd648e503e6cd571387558ed07135799c2bd2847df?s=96&d=mm&r=g\",\"url\":\"https:\\\/\\\/secure.gravatar.com\\\/avatar\\\/4ce797ee07c943e7e592f8cd648e503e6cd571387558ed07135799c2bd2847df?s=96&d=mm&r=g\",\"contentUrl\":\"https:\\\/\\\/secure.gravatar.com\\\/avatar\\\/4ce797ee07c943e7e592f8cd648e503e6cd571387558ed07135799c2bd2847df?s=96&d=mm&r=g\",\"caption\":\"ayun\"},\"sameAs\":[\"http:\\\/\\\/www.caudete.org\\\/ayuntamiento\"],\"url\":\"https:\\\/\\\/www.caudete.org\\\/ayuntamiento\\\/author\\\/ayun\\\/\"}]}<\/script>\n<!-- \/ Yoast SEO plugin. -->","yoast_head_json":{"title":"Exposici\u00f3n Belleza Renacentista de Nasuto Vincenzo en el Claustro Convento Padres Carmelitas - MI Ayuntamiento de Caudete","description":"P\u00e1gina Oficial del Ayuntamiento de Caudete (Albacete)","robots":{"index":"index","follow":"follow","max-snippet":"max-snippet:-1","max-image-preview":"max-image-preview:large","max-video-preview":"max-video-preview:-1"},"canonical":"https:\/\/www.caudete.org\/ayuntamiento\/exposicion-belleza-renacentista-de-nasuto-vincenzo-en-el-claustro-convento-padres-carmelitas\/","og_locale":"es_ES","og_type":"article","og_title":"Exposici\u00f3n Belleza Renacentista de Nasuto Vincenzo en el Claustro Convento Padres Carmelitas - MI Ayuntamiento de Caudete","og_description":"P\u00e1gina Oficial del Ayuntamiento de Caudete (Albacete)","og_url":"https:\/\/www.caudete.org\/ayuntamiento\/exposicion-belleza-renacentista-de-nasuto-vincenzo-en-el-claustro-convento-padres-carmelitas\/","og_site_name":"MI Ayuntamiento de Caudete","article_publisher":"https:\/\/www.facebook.com\/ayuntamientocaudete\/","article_published_time":"2023-05-06T07:00:23+00:00","og_image":[{"width":752,"height":278,"url":"https:\/\/www.caudete.org\/ayuntamiento\/wp-content\/uploads\/2023\/05\/cartel-Claustro-peq.jpg","type":"image\/jpeg"}],"author":"ayun","twitter_card":"summary_large_image","twitter_misc":{"Escrito por":"ayun","Tiempo de lectura":"2 minutos"},"schema":{"@context":"https:\/\/schema.org","@graph":[{"@type":"Article","@id":"https:\/\/www.caudete.org\/ayuntamiento\/exposicion-belleza-renacentista-de-nasuto-vincenzo-en-el-claustro-convento-padres-carmelitas\/#article","isPartOf":{"@id":"https:\/\/www.caudete.org\/ayuntamiento\/exposicion-belleza-renacentista-de-nasuto-vincenzo-en-el-claustro-convento-padres-carmelitas\/"},"author":{"name":"ayun","@id":"https:\/\/www.caudete.org\/ayuntamiento\/#\/schema\/person\/79f7e19fdd176fc2bc7a289013dc2056"},"headline":"Exposici\u00f3n Belleza Renacentista de Nasuto Vincenzo en el Claustro Convento Padres Carmelitas","datePublished":"2023-05-06T07:00:23+00:00","mainEntityOfPage":{"@id":"https:\/\/www.caudete.org\/ayuntamiento\/exposicion-belleza-renacentista-de-nasuto-vincenzo-en-el-claustro-convento-padres-carmelitas\/"},"wordCount":252,"publisher":{"@id":"https:\/\/www.caudete.org\/ayuntamiento\/#organization"},"image":{"@id":"https:\/\/www.caudete.org\/ayuntamiento\/exposicion-belleza-renacentista-de-nasuto-vincenzo-en-el-claustro-convento-padres-carmelitas\/#primaryimage"},"thumbnailUrl":"https:\/\/www.caudete.org\/ayuntamiento\/wp-content\/uploads\/2023\/05\/cartel-Claustro-peq.jpg","articleSection":["Cultura"],"inLanguage":"es"},{"@type":"WebPage","@id":"https:\/\/www.caudete.org\/ayuntamiento\/exposicion-belleza-renacentista-de-nasuto-vincenzo-en-el-claustro-convento-padres-carmelitas\/","url":"https:\/\/www.caudete.org\/ayuntamiento\/exposicion-belleza-renacentista-de-nasuto-vincenzo-en-el-claustro-convento-padres-carmelitas\/","name":"Exposici\u00f3n Belleza Renacentista de Nasuto Vincenzo en el Claustro Convento Padres Carmelitas - MI Ayuntamiento de Caudete","isPartOf":{"@id":"https:\/\/www.caudete.org\/ayuntamiento\/#website"},"primaryImageOfPage":{"@id":"https:\/\/www.caudete.org\/ayuntamiento\/exposicion-belleza-renacentista-de-nasuto-vincenzo-en-el-claustro-convento-padres-carmelitas\/#primaryimage"},"image":{"@id":"https:\/\/www.caudete.org\/ayuntamiento\/exposicion-belleza-renacentista-de-nasuto-vincenzo-en-el-claustro-convento-padres-carmelitas\/#primaryimage"},"thumbnailUrl":"https:\/\/www.caudete.org\/ayuntamiento\/wp-content\/uploads\/2023\/05\/cartel-Claustro-peq.jpg","datePublished":"2023-05-06T07:00:23+00:00","description":"P\u00e1gina Oficial del Ayuntamiento de Caudete (Albacete)","breadcrumb":{"@id":"https:\/\/www.caudete.org\/ayuntamiento\/exposicion-belleza-renacentista-de-nasuto-vincenzo-en-el-claustro-convento-padres-carmelitas\/#breadcrumb"},"inLanguage":"es","potentialAction":[{"@type":"ReadAction","target":["https:\/\/www.caudete.org\/ayuntamiento\/exposicion-belleza-renacentista-de-nasuto-vincenzo-en-el-claustro-convento-padres-carmelitas\/"]}]},{"@type":"ImageObject","inLanguage":"es","@id":"https:\/\/www.caudete.org\/ayuntamiento\/exposicion-belleza-renacentista-de-nasuto-vincenzo-en-el-claustro-convento-padres-carmelitas\/#primaryimage","url":"https:\/\/www.caudete.org\/ayuntamiento\/wp-content\/uploads\/2023\/05\/cartel-Claustro-peq.jpg","contentUrl":"https:\/\/www.caudete.org\/ayuntamiento\/wp-content\/uploads\/2023\/05\/cartel-Claustro-peq.jpg","width":752,"height":278},{"@type":"BreadcrumbList","@id":"https:\/\/www.caudete.org\/ayuntamiento\/exposicion-belleza-renacentista-de-nasuto-vincenzo-en-el-claustro-convento-padres-carmelitas\/#breadcrumb","itemListElement":[{"@type":"ListItem","position":1,"name":"Inicio","item":"https:\/\/www.caudete.org\/ayuntamiento\/"},{"@type":"ListItem","position":2,"name":"Exposici\u00f3n Belleza Renacentista de Nasuto Vincenzo en el Claustro Convento Padres Carmelitas"}]},{"@type":"WebSite","@id":"https:\/\/www.caudete.org\/ayuntamiento\/#website","url":"https:\/\/www.caudete.org\/ayuntamiento\/","name":"MI Ayuntamiento de Caudete","description":"P\u00e1gina Oficial del MI Ayuntamiento de Caudete","publisher":{"@id":"https:\/\/www.caudete.org\/ayuntamiento\/#organization"},"potentialAction":[{"@type":"SearchAction","target":{"@type":"EntryPoint","urlTemplate":"https:\/\/www.caudete.org\/ayuntamiento\/?s={search_term_string}"},"query-input":{"@type":"PropertyValueSpecification","valueRequired":true,"valueName":"search_term_string"}}],"inLanguage":"es"},{"@type":"Organization","@id":"https:\/\/www.caudete.org\/ayuntamiento\/#organization","name":"Ayuntamiento de Caudete","url":"https:\/\/www.caudete.org\/ayuntamiento\/","logo":{"@type":"ImageObject","inLanguage":"es","@id":"https:\/\/www.caudete.org\/ayuntamiento\/#\/schema\/logo\/image\/","url":"https:\/\/www.caudete.org\/ayuntamiento\/wp-content\/uploads\/2020\/11\/logo_ayuntamiento_caudete.jpg","contentUrl":"https:\/\/www.caudete.org\/ayuntamiento\/wp-content\/uploads\/2020\/11\/logo_ayuntamiento_caudete.jpg","width":600,"height":150,"caption":"Ayuntamiento de Caudete"},"image":{"@id":"https:\/\/www.caudete.org\/ayuntamiento\/#\/schema\/logo\/image\/"},"sameAs":["https:\/\/www.facebook.com\/ayuntamientocaudete\/","https:\/\/www.youtube.com\/channel\/UC6VztHaooNsGpw-tNoBEFnQ"]},{"@type":"Person","@id":"https:\/\/www.caudete.org\/ayuntamiento\/#\/schema\/person\/79f7e19fdd176fc2bc7a289013dc2056","name":"ayun","image":{"@type":"ImageObject","inLanguage":"es","@id":"https:\/\/secure.gravatar.com\/avatar\/4ce797ee07c943e7e592f8cd648e503e6cd571387558ed07135799c2bd2847df?s=96&d=mm&r=g","url":"https:\/\/secure.gravatar.com\/avatar\/4ce797ee07c943e7e592f8cd648e503e6cd571387558ed07135799c2bd2847df?s=96&d=mm&r=g","contentUrl":"https:\/\/secure.gravatar.com\/avatar\/4ce797ee07c943e7e592f8cd648e503e6cd571387558ed07135799c2bd2847df?s=96&d=mm&r=g","caption":"ayun"},"sameAs":["http:\/\/www.caudete.org\/ayuntamiento"],"url":"https:\/\/www.caudete.org\/ayuntamiento\/author\/ayun\/"}]}},"_links":{"self":[{"href":"https:\/\/www.caudete.org\/ayuntamiento\/wp-json\/wp\/v2\/posts\/22153","targetHints":{"allow":["GET"]}}],"collection":[{"href":"https:\/\/www.caudete.org\/ayuntamiento\/wp-json\/wp\/v2\/posts"}],"about":[{"href":"https:\/\/www.caudete.org\/ayuntamiento\/wp-json\/wp\/v2\/types\/post"}],"author":[{"embeddable":true,"href":"https:\/\/www.caudete.org\/ayuntamiento\/wp-json\/wp\/v2\/users\/1"}],"replies":[{"embeddable":true,"href":"https:\/\/www.caudete.org\/ayuntamiento\/wp-json\/wp\/v2\/comments?post=22153"}],"version-history":[{"count":1,"href":"https:\/\/www.caudete.org\/ayuntamiento\/wp-json\/wp\/v2\/posts\/22153\/revisions"}],"predecessor-version":[{"id":22156,"href":"https:\/\/www.caudete.org\/ayuntamiento\/wp-json\/wp\/v2\/posts\/22153\/revisions\/22156"}],"wp:featuredmedia":[{"embeddable":true,"href":"https:\/\/www.caudete.org\/ayuntamiento\/wp-json\/wp\/v2\/media\/22155"}],"wp:attachment":[{"href":"https:\/\/www.caudete.org\/ayuntamiento\/wp-json\/wp\/v2\/media?parent=22153"}],"wp:term":[{"taxonomy":"category","embeddable":true,"href":"https:\/\/www.caudete.org\/ayuntamiento\/wp-json\/wp\/v2\/categories?post=22153"},{"taxonomy":"post_tag","embeddable":true,"href":"https:\/\/www.caudete.org\/ayuntamiento\/wp-json\/wp\/v2\/tags?post=22153"}],"curies":[{"name":"wp","href":"https:\/\/api.w.org\/{rel}","templated":true}]}}