{"id":22162,"date":"2023-05-08T14:58:29","date_gmt":"2023-05-08T12:58:29","guid":{"rendered":"https:\/\/www.caudete.org\/ayuntamiento\/?p=22162"},"modified":"2023-05-08T14:58:30","modified_gmt":"2023-05-08T12:58:30","slug":"exposicion-de-acuarelas-detras-de-la-apariencia-de-j-jie-li","status":"publish","type":"post","link":"https:\/\/www.caudete.org\/ayuntamiento\/exposicion-de-acuarelas-detras-de-la-apariencia-de-j-jie-li\/","title":{"rendered":"Exposici\u00f3n de acuarelas \u201cDetr\u00e1s de la apariencia\u201d de J.(JIE) LI"},"content":{"rendered":"<p>Ma\u00f1ana martes 9 de mayo a las 20:00 horas la Sala de Exposiciones Jos\u00e9 P\u00e9rezgil abre sus puertas para acoger la exposici\u00f3n \u201cDetr\u00e1s de la apariencia\u201d de la artista contempor\u00e1nea J.(Jie) Li.<\/p>\n<p>La muestra la componen quince acuarelas divididas en tres secciones :\u201dEcos del silencio\u201d;\u201dFuego y deseo\u201d y \u201cDetr\u00e1s de la apariencia\u201d. En ellas la artista china residente en Nueva York expresa el amor, el odio y el deseo arraigadas en las profundidades de la naturaleza humana. Tal expresi\u00f3n se logra superponiendo la figuraci\u00f3n y la abstracci\u00f3n en sus pinturas, utilizando los cambios y desastres naturales que ocurren en sus paisajes como met\u00e1foras de las emociones y la sensibilidad humana. J. Li trabaja principalmente con acuarela. Sin embargo, como se ve en las obras de arte de sus colecciones, desaf\u00eda los puntos de vista convencionales de este medio. En sus pinturas, el medio no es tan transparente, no es tan espont\u00e1neo en algunas partes y ya no es tan &#8216;acuarela&#8217;. Las pinceladas son delicadas, sensibles y afiladas.<\/p>\n<p>La exposici\u00f3n est\u00e1 comisariada por Florencio L\u00f3pez y&nbsp; se podr\u00e1 visitar hasta el s\u00e1bado 27 de mayo en horario habitual : de lunes a viernes de 18:00 a 21:00 horas y s\u00e1bados de 10.00 a 13:00 horas y forma parte de las actividades programadas por la Concejal\u00eda de Cultura del Ayuntamiento de Caudete para esta temporada Primavera 2023.<\/p>\n<p>#CaudeteEsCultura<\/p>\n<p>#Culturacaudete<\/p>\n<p>#acuarelacaudete<\/p>\n<p><a href=\"https:\/\/www.caudete.org\/ayuntamiento\/exposicion-de-acuarelas-detras-de-la-apariencia-de-j-jie-li\/cartel-detras-de-la-apariencia\/\" rel=\"attachment wp-att-22163\"><img fetchpriority=\"high\" decoding=\"async\" class=\"aligncenter size-full wp-image-22163\" src=\"https:\/\/www.caudete.org\/ayuntamiento\/wp-content\/uploads\/2023\/05\/cartel-Detras-de-la-apariencia.jpg\" rel='prettyPhoto' alt=\"\" width=\"842\" height=\"1191\" srcset=\"https:\/\/www.caudete.org\/ayuntamiento\/wp-content\/uploads\/2023\/05\/cartel-Detras-de-la-apariencia.jpg 842w, https:\/\/www.caudete.org\/ayuntamiento\/wp-content\/uploads\/2023\/05\/cartel-Detras-de-la-apariencia-212x300.jpg 212w, https:\/\/www.caudete.org\/ayuntamiento\/wp-content\/uploads\/2023\/05\/cartel-Detras-de-la-apariencia-724x1024.jpg 724w, https:\/\/www.caudete.org\/ayuntamiento\/wp-content\/uploads\/2023\/05\/cartel-Detras-de-la-apariencia-768x1086.jpg 768w\" sizes=\"(max-width: 842px) 100vw, 842px\" \/><\/a><\/p>\n","protected":false},"excerpt":{"rendered":"<p>Ma\u00f1ana martes 9 de mayo a las 20:00 horas la Sala de Exposiciones Jos\u00e9 P\u00e9rezgil abre sus puertas para acoger la exposici\u00f3n \u201cDetr\u00e1s de la apariencia\u201d de la artista contempor\u00e1nea J.(Jie) Li. La muestra la componen quince acuarelas divididas en tres secciones :\u201dEcos del silencio\u201d;\u201dFuego y deseo\u201d y \u201cDetr\u00e1s de la apariencia\u201d. En ellas la &hellip;<\/p>\n","protected":false},"author":1,"featured_media":22164,"comment_status":"closed","ping_status":"open","sticky":false,"template":"","format":"standard","meta":{"ngg_post_thumbnail":0,"footnotes":""},"categories":[14],"tags":[],"class_list":["post-22162","post","type-post","status-publish","format-standard","has-post-thumbnail","hentry","category-cultura"],"yoast_head":"<!-- This site is optimized with the Yoast SEO plugin v27.4 - https:\/\/yoast.com\/product\/yoast-seo-wordpress\/ -->\n<title>Exposici\u00f3n de acuarelas \u201cDetr\u00e1s de la apariencia\u201d de J.(JIE) LI - MI Ayuntamiento de Caudete<\/title>\n<meta name=\"description\" content=\"P\u00e1gina Oficial del Ayuntamiento de Caudete (Albacete)\" \/>\n<meta name=\"robots\" content=\"index, follow, max-snippet:-1, max-image-preview:large, max-video-preview:-1\" \/>\n<link rel=\"canonical\" href=\"https:\/\/www.caudete.org\/ayuntamiento\/exposicion-de-acuarelas-detras-de-la-apariencia-de-j-jie-li\/\" \/>\n<meta property=\"og:locale\" content=\"es_ES\" \/>\n<meta property=\"og:type\" content=\"article\" \/>\n<meta property=\"og:title\" content=\"Exposici\u00f3n de acuarelas \u201cDetr\u00e1s de la apariencia\u201d de J.(JIE) LI - MI Ayuntamiento de Caudete\" \/>\n<meta property=\"og:description\" content=\"P\u00e1gina Oficial del Ayuntamiento de Caudete (Albacete)\" \/>\n<meta property=\"og:url\" content=\"https:\/\/www.caudete.org\/ayuntamiento\/exposicion-de-acuarelas-detras-de-la-apariencia-de-j-jie-li\/\" \/>\n<meta property=\"og:site_name\" content=\"MI Ayuntamiento de Caudete\" \/>\n<meta property=\"article:publisher\" content=\"https:\/\/www.facebook.com\/ayuntamientocaudete\/\" \/>\n<meta property=\"article:published_time\" content=\"2023-05-08T12:58:29+00:00\" \/>\n<meta property=\"article:modified_time\" content=\"2023-05-08T12:58:30+00:00\" \/>\n<meta property=\"og:image\" content=\"https:\/\/www.caudete.org\/ayuntamiento\/wp-content\/uploads\/2023\/05\/cartel-Detras-de-la-apariencia-epq.jpg\" \/>\n\t<meta property=\"og:image:width\" content=\"837\" \/>\n\t<meta property=\"og:image:height\" content=\"399\" \/>\n\t<meta property=\"og:image:type\" content=\"image\/jpeg\" \/>\n<meta name=\"author\" content=\"ayun\" \/>\n<meta name=\"twitter:card\" content=\"summary_large_image\" \/>\n<meta name=\"twitter:label1\" content=\"Escrito por\" \/>\n\t<meta name=\"twitter:data1\" content=\"ayun\" \/>\n\t<meta name=\"twitter:label2\" content=\"Tiempo de lectura\" \/>\n\t<meta name=\"twitter:data2\" content=\"2 minutos\" \/>\n<script type=\"application\/ld+json\" class=\"yoast-schema-graph\">{\"@context\":\"https:\\\/\\\/schema.org\",\"@graph\":[{\"@type\":\"Article\",\"@id\":\"https:\\\/\\\/www.caudete.org\\\/ayuntamiento\\\/exposicion-de-acuarelas-detras-de-la-apariencia-de-j-jie-li\\\/#article\",\"isPartOf\":{\"@id\":\"https:\\\/\\\/www.caudete.org\\\/ayuntamiento\\\/exposicion-de-acuarelas-detras-de-la-apariencia-de-j-jie-li\\\/\"},\"author\":{\"name\":\"ayun\",\"@id\":\"https:\\\/\\\/www.caudete.org\\\/ayuntamiento\\\/#\\\/schema\\\/person\\\/79f7e19fdd176fc2bc7a289013dc2056\"},\"headline\":\"Exposici\u00f3n de acuarelas \u201cDetr\u00e1s de la apariencia\u201d de J.(JIE) LI\",\"datePublished\":\"2023-05-08T12:58:29+00:00\",\"dateModified\":\"2023-05-08T12:58:30+00:00\",\"mainEntityOfPage\":{\"@id\":\"https:\\\/\\\/www.caudete.org\\\/ayuntamiento\\\/exposicion-de-acuarelas-detras-de-la-apariencia-de-j-jie-li\\\/\"},\"wordCount\":252,\"publisher\":{\"@id\":\"https:\\\/\\\/www.caudete.org\\\/ayuntamiento\\\/#organization\"},\"image\":{\"@id\":\"https:\\\/\\\/www.caudete.org\\\/ayuntamiento\\\/exposicion-de-acuarelas-detras-de-la-apariencia-de-j-jie-li\\\/#primaryimage\"},\"thumbnailUrl\":\"https:\\\/\\\/www.caudete.org\\\/ayuntamiento\\\/wp-content\\\/uploads\\\/2023\\\/05\\\/cartel-Detras-de-la-apariencia-epq.jpg\",\"articleSection\":[\"Cultura\"],\"inLanguage\":\"es\"},{\"@type\":\"WebPage\",\"@id\":\"https:\\\/\\\/www.caudete.org\\\/ayuntamiento\\\/exposicion-de-acuarelas-detras-de-la-apariencia-de-j-jie-li\\\/\",\"url\":\"https:\\\/\\\/www.caudete.org\\\/ayuntamiento\\\/exposicion-de-acuarelas-detras-de-la-apariencia-de-j-jie-li\\\/\",\"name\":\"Exposici\u00f3n de acuarelas \u201cDetr\u00e1s de la apariencia\u201d de J.(JIE) LI - MI Ayuntamiento de Caudete\",\"isPartOf\":{\"@id\":\"https:\\\/\\\/www.caudete.org\\\/ayuntamiento\\\/#website\"},\"primaryImageOfPage\":{\"@id\":\"https:\\\/\\\/www.caudete.org\\\/ayuntamiento\\\/exposicion-de-acuarelas-detras-de-la-apariencia-de-j-jie-li\\\/#primaryimage\"},\"image\":{\"@id\":\"https:\\\/\\\/www.caudete.org\\\/ayuntamiento\\\/exposicion-de-acuarelas-detras-de-la-apariencia-de-j-jie-li\\\/#primaryimage\"},\"thumbnailUrl\":\"https:\\\/\\\/www.caudete.org\\\/ayuntamiento\\\/wp-content\\\/uploads\\\/2023\\\/05\\\/cartel-Detras-de-la-apariencia-epq.jpg\",\"datePublished\":\"2023-05-08T12:58:29+00:00\",\"dateModified\":\"2023-05-08T12:58:30+00:00\",\"description\":\"P\u00e1gina Oficial del Ayuntamiento de Caudete (Albacete)\",\"breadcrumb\":{\"@id\":\"https:\\\/\\\/www.caudete.org\\\/ayuntamiento\\\/exposicion-de-acuarelas-detras-de-la-apariencia-de-j-jie-li\\\/#breadcrumb\"},\"inLanguage\":\"es\",\"potentialAction\":[{\"@type\":\"ReadAction\",\"target\":[\"https:\\\/\\\/www.caudete.org\\\/ayuntamiento\\\/exposicion-de-acuarelas-detras-de-la-apariencia-de-j-jie-li\\\/\"]}]},{\"@type\":\"ImageObject\",\"inLanguage\":\"es\",\"@id\":\"https:\\\/\\\/www.caudete.org\\\/ayuntamiento\\\/exposicion-de-acuarelas-detras-de-la-apariencia-de-j-jie-li\\\/#primaryimage\",\"url\":\"https:\\\/\\\/www.caudete.org\\\/ayuntamiento\\\/wp-content\\\/uploads\\\/2023\\\/05\\\/cartel-Detras-de-la-apariencia-epq.jpg\",\"contentUrl\":\"https:\\\/\\\/www.caudete.org\\\/ayuntamiento\\\/wp-content\\\/uploads\\\/2023\\\/05\\\/cartel-Detras-de-la-apariencia-epq.jpg\",\"width\":837,\"height\":399},{\"@type\":\"BreadcrumbList\",\"@id\":\"https:\\\/\\\/www.caudete.org\\\/ayuntamiento\\\/exposicion-de-acuarelas-detras-de-la-apariencia-de-j-jie-li\\\/#breadcrumb\",\"itemListElement\":[{\"@type\":\"ListItem\",\"position\":1,\"name\":\"Inicio\",\"item\":\"https:\\\/\\\/www.caudete.org\\\/ayuntamiento\\\/\"},{\"@type\":\"ListItem\",\"position\":2,\"name\":\"Exposici\u00f3n de acuarelas \u201cDetr\u00e1s de la apariencia\u201d de J.(JIE) LI\"}]},{\"@type\":\"WebSite\",\"@id\":\"https:\\\/\\\/www.caudete.org\\\/ayuntamiento\\\/#website\",\"url\":\"https:\\\/\\\/www.caudete.org\\\/ayuntamiento\\\/\",\"name\":\"MI Ayuntamiento de Caudete\",\"description\":\"P\u00e1gina Oficial del MI Ayuntamiento de Caudete\",\"publisher\":{\"@id\":\"https:\\\/\\\/www.caudete.org\\\/ayuntamiento\\\/#organization\"},\"potentialAction\":[{\"@type\":\"SearchAction\",\"target\":{\"@type\":\"EntryPoint\",\"urlTemplate\":\"https:\\\/\\\/www.caudete.org\\\/ayuntamiento\\\/?s={search_term_string}\"},\"query-input\":{\"@type\":\"PropertyValueSpecification\",\"valueRequired\":true,\"valueName\":\"search_term_string\"}}],\"inLanguage\":\"es\"},{\"@type\":\"Organization\",\"@id\":\"https:\\\/\\\/www.caudete.org\\\/ayuntamiento\\\/#organization\",\"name\":\"Ayuntamiento de Caudete\",\"url\":\"https:\\\/\\\/www.caudete.org\\\/ayuntamiento\\\/\",\"logo\":{\"@type\":\"ImageObject\",\"inLanguage\":\"es\",\"@id\":\"https:\\\/\\\/www.caudete.org\\\/ayuntamiento\\\/#\\\/schema\\\/logo\\\/image\\\/\",\"url\":\"https:\\\/\\\/www.caudete.org\\\/ayuntamiento\\\/wp-content\\\/uploads\\\/2020\\\/11\\\/logo_ayuntamiento_caudete.jpg\",\"contentUrl\":\"https:\\\/\\\/www.caudete.org\\\/ayuntamiento\\\/wp-content\\\/uploads\\\/2020\\\/11\\\/logo_ayuntamiento_caudete.jpg\",\"width\":600,\"height\":150,\"caption\":\"Ayuntamiento de Caudete\"},\"image\":{\"@id\":\"https:\\\/\\\/www.caudete.org\\\/ayuntamiento\\\/#\\\/schema\\\/logo\\\/image\\\/\"},\"sameAs\":[\"https:\\\/\\\/www.facebook.com\\\/ayuntamientocaudete\\\/\",\"https:\\\/\\\/www.youtube.com\\\/channel\\\/UC6VztHaooNsGpw-tNoBEFnQ\"]},{\"@type\":\"Person\",\"@id\":\"https:\\\/\\\/www.caudete.org\\\/ayuntamiento\\\/#\\\/schema\\\/person\\\/79f7e19fdd176fc2bc7a289013dc2056\",\"name\":\"ayun\",\"image\":{\"@type\":\"ImageObject\",\"inLanguage\":\"es\",\"@id\":\"https:\\\/\\\/secure.gravatar.com\\\/avatar\\\/4ce797ee07c943e7e592f8cd648e503e6cd571387558ed07135799c2bd2847df?s=96&d=mm&r=g\",\"url\":\"https:\\\/\\\/secure.gravatar.com\\\/avatar\\\/4ce797ee07c943e7e592f8cd648e503e6cd571387558ed07135799c2bd2847df?s=96&d=mm&r=g\",\"contentUrl\":\"https:\\\/\\\/secure.gravatar.com\\\/avatar\\\/4ce797ee07c943e7e592f8cd648e503e6cd571387558ed07135799c2bd2847df?s=96&d=mm&r=g\",\"caption\":\"ayun\"},\"sameAs\":[\"http:\\\/\\\/www.caudete.org\\\/ayuntamiento\"],\"url\":\"https:\\\/\\\/www.caudete.org\\\/ayuntamiento\\\/author\\\/ayun\\\/\"}]}<\/script>\n<!-- \/ Yoast SEO plugin. -->","yoast_head_json":{"title":"Exposici\u00f3n de acuarelas \u201cDetr\u00e1s de la apariencia\u201d de J.(JIE) LI - MI Ayuntamiento de Caudete","description":"P\u00e1gina Oficial del Ayuntamiento de Caudete (Albacete)","robots":{"index":"index","follow":"follow","max-snippet":"max-snippet:-1","max-image-preview":"max-image-preview:large","max-video-preview":"max-video-preview:-1"},"canonical":"https:\/\/www.caudete.org\/ayuntamiento\/exposicion-de-acuarelas-detras-de-la-apariencia-de-j-jie-li\/","og_locale":"es_ES","og_type":"article","og_title":"Exposici\u00f3n de acuarelas \u201cDetr\u00e1s de la apariencia\u201d de J.(JIE) LI - MI Ayuntamiento de Caudete","og_description":"P\u00e1gina Oficial del Ayuntamiento de Caudete (Albacete)","og_url":"https:\/\/www.caudete.org\/ayuntamiento\/exposicion-de-acuarelas-detras-de-la-apariencia-de-j-jie-li\/","og_site_name":"MI Ayuntamiento de Caudete","article_publisher":"https:\/\/www.facebook.com\/ayuntamientocaudete\/","article_published_time":"2023-05-08T12:58:29+00:00","article_modified_time":"2023-05-08T12:58:30+00:00","og_image":[{"width":837,"height":399,"url":"https:\/\/www.caudete.org\/ayuntamiento\/wp-content\/uploads\/2023\/05\/cartel-Detras-de-la-apariencia-epq.jpg","type":"image\/jpeg"}],"author":"ayun","twitter_card":"summary_large_image","twitter_misc":{"Escrito por":"ayun","Tiempo de lectura":"2 minutos"},"schema":{"@context":"https:\/\/schema.org","@graph":[{"@type":"Article","@id":"https:\/\/www.caudete.org\/ayuntamiento\/exposicion-de-acuarelas-detras-de-la-apariencia-de-j-jie-li\/#article","isPartOf":{"@id":"https:\/\/www.caudete.org\/ayuntamiento\/exposicion-de-acuarelas-detras-de-la-apariencia-de-j-jie-li\/"},"author":{"name":"ayun","@id":"https:\/\/www.caudete.org\/ayuntamiento\/#\/schema\/person\/79f7e19fdd176fc2bc7a289013dc2056"},"headline":"Exposici\u00f3n de acuarelas \u201cDetr\u00e1s de la apariencia\u201d de J.(JIE) LI","datePublished":"2023-05-08T12:58:29+00:00","dateModified":"2023-05-08T12:58:30+00:00","mainEntityOfPage":{"@id":"https:\/\/www.caudete.org\/ayuntamiento\/exposicion-de-acuarelas-detras-de-la-apariencia-de-j-jie-li\/"},"wordCount":252,"publisher":{"@id":"https:\/\/www.caudete.org\/ayuntamiento\/#organization"},"image":{"@id":"https:\/\/www.caudete.org\/ayuntamiento\/exposicion-de-acuarelas-detras-de-la-apariencia-de-j-jie-li\/#primaryimage"},"thumbnailUrl":"https:\/\/www.caudete.org\/ayuntamiento\/wp-content\/uploads\/2023\/05\/cartel-Detras-de-la-apariencia-epq.jpg","articleSection":["Cultura"],"inLanguage":"es"},{"@type":"WebPage","@id":"https:\/\/www.caudete.org\/ayuntamiento\/exposicion-de-acuarelas-detras-de-la-apariencia-de-j-jie-li\/","url":"https:\/\/www.caudete.org\/ayuntamiento\/exposicion-de-acuarelas-detras-de-la-apariencia-de-j-jie-li\/","name":"Exposici\u00f3n de acuarelas \u201cDetr\u00e1s de la apariencia\u201d de J.(JIE) LI - MI Ayuntamiento de Caudete","isPartOf":{"@id":"https:\/\/www.caudete.org\/ayuntamiento\/#website"},"primaryImageOfPage":{"@id":"https:\/\/www.caudete.org\/ayuntamiento\/exposicion-de-acuarelas-detras-de-la-apariencia-de-j-jie-li\/#primaryimage"},"image":{"@id":"https:\/\/www.caudete.org\/ayuntamiento\/exposicion-de-acuarelas-detras-de-la-apariencia-de-j-jie-li\/#primaryimage"},"thumbnailUrl":"https:\/\/www.caudete.org\/ayuntamiento\/wp-content\/uploads\/2023\/05\/cartel-Detras-de-la-apariencia-epq.jpg","datePublished":"2023-05-08T12:58:29+00:00","dateModified":"2023-05-08T12:58:30+00:00","description":"P\u00e1gina Oficial del Ayuntamiento de Caudete (Albacete)","breadcrumb":{"@id":"https:\/\/www.caudete.org\/ayuntamiento\/exposicion-de-acuarelas-detras-de-la-apariencia-de-j-jie-li\/#breadcrumb"},"inLanguage":"es","potentialAction":[{"@type":"ReadAction","target":["https:\/\/www.caudete.org\/ayuntamiento\/exposicion-de-acuarelas-detras-de-la-apariencia-de-j-jie-li\/"]}]},{"@type":"ImageObject","inLanguage":"es","@id":"https:\/\/www.caudete.org\/ayuntamiento\/exposicion-de-acuarelas-detras-de-la-apariencia-de-j-jie-li\/#primaryimage","url":"https:\/\/www.caudete.org\/ayuntamiento\/wp-content\/uploads\/2023\/05\/cartel-Detras-de-la-apariencia-epq.jpg","contentUrl":"https:\/\/www.caudete.org\/ayuntamiento\/wp-content\/uploads\/2023\/05\/cartel-Detras-de-la-apariencia-epq.jpg","width":837,"height":399},{"@type":"BreadcrumbList","@id":"https:\/\/www.caudete.org\/ayuntamiento\/exposicion-de-acuarelas-detras-de-la-apariencia-de-j-jie-li\/#breadcrumb","itemListElement":[{"@type":"ListItem","position":1,"name":"Inicio","item":"https:\/\/www.caudete.org\/ayuntamiento\/"},{"@type":"ListItem","position":2,"name":"Exposici\u00f3n de acuarelas \u201cDetr\u00e1s de la apariencia\u201d de J.(JIE) LI"}]},{"@type":"WebSite","@id":"https:\/\/www.caudete.org\/ayuntamiento\/#website","url":"https:\/\/www.caudete.org\/ayuntamiento\/","name":"MI Ayuntamiento de Caudete","description":"P\u00e1gina Oficial del MI Ayuntamiento de Caudete","publisher":{"@id":"https:\/\/www.caudete.org\/ayuntamiento\/#organization"},"potentialAction":[{"@type":"SearchAction","target":{"@type":"EntryPoint","urlTemplate":"https:\/\/www.caudete.org\/ayuntamiento\/?s={search_term_string}"},"query-input":{"@type":"PropertyValueSpecification","valueRequired":true,"valueName":"search_term_string"}}],"inLanguage":"es"},{"@type":"Organization","@id":"https:\/\/www.caudete.org\/ayuntamiento\/#organization","name":"Ayuntamiento de Caudete","url":"https:\/\/www.caudete.org\/ayuntamiento\/","logo":{"@type":"ImageObject","inLanguage":"es","@id":"https:\/\/www.caudete.org\/ayuntamiento\/#\/schema\/logo\/image\/","url":"https:\/\/www.caudete.org\/ayuntamiento\/wp-content\/uploads\/2020\/11\/logo_ayuntamiento_caudete.jpg","contentUrl":"https:\/\/www.caudete.org\/ayuntamiento\/wp-content\/uploads\/2020\/11\/logo_ayuntamiento_caudete.jpg","width":600,"height":150,"caption":"Ayuntamiento de Caudete"},"image":{"@id":"https:\/\/www.caudete.org\/ayuntamiento\/#\/schema\/logo\/image\/"},"sameAs":["https:\/\/www.facebook.com\/ayuntamientocaudete\/","https:\/\/www.youtube.com\/channel\/UC6VztHaooNsGpw-tNoBEFnQ"]},{"@type":"Person","@id":"https:\/\/www.caudete.org\/ayuntamiento\/#\/schema\/person\/79f7e19fdd176fc2bc7a289013dc2056","name":"ayun","image":{"@type":"ImageObject","inLanguage":"es","@id":"https:\/\/secure.gravatar.com\/avatar\/4ce797ee07c943e7e592f8cd648e503e6cd571387558ed07135799c2bd2847df?s=96&d=mm&r=g","url":"https:\/\/secure.gravatar.com\/avatar\/4ce797ee07c943e7e592f8cd648e503e6cd571387558ed07135799c2bd2847df?s=96&d=mm&r=g","contentUrl":"https:\/\/secure.gravatar.com\/avatar\/4ce797ee07c943e7e592f8cd648e503e6cd571387558ed07135799c2bd2847df?s=96&d=mm&r=g","caption":"ayun"},"sameAs":["http:\/\/www.caudete.org\/ayuntamiento"],"url":"https:\/\/www.caudete.org\/ayuntamiento\/author\/ayun\/"}]}},"_links":{"self":[{"href":"https:\/\/www.caudete.org\/ayuntamiento\/wp-json\/wp\/v2\/posts\/22162","targetHints":{"allow":["GET"]}}],"collection":[{"href":"https:\/\/www.caudete.org\/ayuntamiento\/wp-json\/wp\/v2\/posts"}],"about":[{"href":"https:\/\/www.caudete.org\/ayuntamiento\/wp-json\/wp\/v2\/types\/post"}],"author":[{"embeddable":true,"href":"https:\/\/www.caudete.org\/ayuntamiento\/wp-json\/wp\/v2\/users\/1"}],"replies":[{"embeddable":true,"href":"https:\/\/www.caudete.org\/ayuntamiento\/wp-json\/wp\/v2\/comments?post=22162"}],"version-history":[{"count":2,"href":"https:\/\/www.caudete.org\/ayuntamiento\/wp-json\/wp\/v2\/posts\/22162\/revisions"}],"predecessor-version":[{"id":22166,"href":"https:\/\/www.caudete.org\/ayuntamiento\/wp-json\/wp\/v2\/posts\/22162\/revisions\/22166"}],"wp:featuredmedia":[{"embeddable":true,"href":"https:\/\/www.caudete.org\/ayuntamiento\/wp-json\/wp\/v2\/media\/22164"}],"wp:attachment":[{"href":"https:\/\/www.caudete.org\/ayuntamiento\/wp-json\/wp\/v2\/media?parent=22162"}],"wp:term":[{"taxonomy":"category","embeddable":true,"href":"https:\/\/www.caudete.org\/ayuntamiento\/wp-json\/wp\/v2\/categories?post=22162"},{"taxonomy":"post_tag","embeddable":true,"href":"https:\/\/www.caudete.org\/ayuntamiento\/wp-json\/wp\/v2\/tags?post=22162"}],"curies":[{"name":"wp","href":"https:\/\/api.w.org\/{rel}","templated":true}]}}