{"id":22188,"date":"2023-05-12T12:04:52","date_gmt":"2023-05-12T10:04:52","guid":{"rendered":"https:\/\/www.caudete.org\/ayuntamiento\/?p=22188"},"modified":"2023-05-12T12:04:53","modified_gmt":"2023-05-12T10:04:53","slug":"el-jugador-de-las-escuelas-deportivas-municipales-de-tenis-adrian-cantos-marcos-vuelve-a-alzarse-con-una-nueva-victoria","status":"publish","type":"post","link":"https:\/\/www.caudete.org\/ayuntamiento\/el-jugador-de-las-escuelas-deportivas-municipales-de-tenis-adrian-cantos-marcos-vuelve-a-alzarse-con-una-nueva-victoria\/","title":{"rendered":"El jugador de las Escuelas Deportivas Municipales de Tenis, Adri\u00e1n Cantos Marcos vuelve a alzarse con una nueva victoria"},"content":{"rendered":"<p>La Concejal de Deportes, Pilar Egea, ha informado a los medios de la nueva victoria conseguida por el jugador de tenis de las Escuelas Deportivas Municipales de Caudete, Adri\u00e1n Cantos Marcos, tras proclamarse campe\u00f3n en el \u201cXII Torneo de Primavera&#8221; disputado en el Club de Tenis Alacant.<\/p>\n<p>Con este nuevo logro, ya son tres los triunfos obtenidos de manera consecutiva, tras comenzar en lo m\u00e1s alto del caj\u00f3n en el en &#8220;I Circuito Bola de Oro&#8221; disputado en el Centro de Alto Rendimiento Juan Carlos Ferrero \u2013 Equelite y seguir en el &#8220;Circuito Nacional Champions Bowl&#8221; disputado en el Club de Tenis Sueca.<\/p>\n<p>El pr\u00f3ximo s\u00e1bado d\u00eda 13 de Mayo, Adri\u00e1n disputar\u00e1 tambi\u00e9n las semifinales del &#8220;I torneo Nacional Systenn Tennis&#8221; que se celebrar\u00e1 en las pistas del Club de Tenis 40-15 de Alicante.<\/p>\n<p>Adem\u00e1s de los triunfos conseguidos, cabe destacar que Andri\u00e1n se encuentra clasificado para las semifinales del Campeonato Regional de la Comunidad Valenciana por equipos (representando al Club de Tenis Benissa), ronda en la que se medir\u00e1n al Club Atl\u00e9tico Montemar, siendo el ganador de dicho encuentro el que clasificar\u00e1 directamente para el Campeonato de Espa\u00f1a por equipos en la categor\u00eda de alev\u00edn.<\/p>\n<p><a href=\"https:\/\/www.caudete.org\/ayuntamiento\/el-jugador-de-las-escuelas-deportivas-municipales-de-tenis-adrian-cantos-marcos-vuelve-a-alzarse-con-una-nueva-victoria\/imagen-adrian-cantos\/\" rel=\"attachment wp-att-22189\"><img fetchpriority=\"high\" decoding=\"async\" class=\"aligncenter size-full wp-image-22189\" src=\"https:\/\/www.caudete.org\/ayuntamiento\/wp-content\/uploads\/2023\/05\/imagen-Adrian-Cantos.jpeg\" rel='prettyPhoto' alt=\"\" width=\"1500\" height=\"2000\" srcset=\"https:\/\/www.caudete.org\/ayuntamiento\/wp-content\/uploads\/2023\/05\/imagen-Adrian-Cantos.jpeg 1500w, https:\/\/www.caudete.org\/ayuntamiento\/wp-content\/uploads\/2023\/05\/imagen-Adrian-Cantos-225x300.jpeg 225w, https:\/\/www.caudete.org\/ayuntamiento\/wp-content\/uploads\/2023\/05\/imagen-Adrian-Cantos-768x1024.jpeg 768w, https:\/\/www.caudete.org\/ayuntamiento\/wp-content\/uploads\/2023\/05\/imagen-Adrian-Cantos-1152x1536.jpeg 1152w\" sizes=\"(max-width: 1500px) 100vw, 1500px\" \/><\/a><\/p>\n","protected":false},"excerpt":{"rendered":"<p>La Concejal de Deportes, Pilar Egea, ha informado a los medios de la nueva victoria conseguida por el jugador de tenis de las Escuelas Deportivas Municipales de Caudete, Adri\u00e1n Cantos Marcos, tras proclamarse campe\u00f3n en el \u201cXII Torneo de Primavera&#8221; disputado en el Club de Tenis Alacant. Con este nuevo logro, ya son tres los &hellip;<\/p>\n","protected":false},"author":1,"featured_media":22190,"comment_status":"closed","ping_status":"open","sticky":false,"template":"","format":"standard","meta":{"ngg_post_thumbnail":0,"footnotes":""},"categories":[23],"tags":[],"class_list":["post-22188","post","type-post","status-publish","format-standard","has-post-thumbnail","hentry","category-deportes"],"yoast_head":"<!-- This site is optimized with the Yoast SEO plugin v27.5 - https:\/\/yoast.com\/product\/yoast-seo-wordpress\/ -->\n<title>El jugador de las Escuelas Deportivas Municipales de Tenis, Adri\u00e1n Cantos Marcos vuelve a alzarse con una nueva victoria - MI Ayuntamiento de Caudete<\/title>\n<meta name=\"description\" content=\"P\u00e1gina Oficial del Ayuntamiento de Caudete (Albacete)\" \/>\n<meta name=\"robots\" content=\"index, follow, max-snippet:-1, max-image-preview:large, max-video-preview:-1\" \/>\n<link rel=\"canonical\" href=\"https:\/\/www.caudete.org\/ayuntamiento\/el-jugador-de-las-escuelas-deportivas-municipales-de-tenis-adrian-cantos-marcos-vuelve-a-alzarse-con-una-nueva-victoria\/\" \/>\n<meta property=\"og:locale\" content=\"es_ES\" \/>\n<meta property=\"og:type\" content=\"article\" \/>\n<meta property=\"og:title\" content=\"El jugador de las Escuelas Deportivas Municipales de Tenis, Adri\u00e1n Cantos Marcos vuelve a alzarse con una nueva victoria - MI Ayuntamiento de Caudete\" \/>\n<meta property=\"og:description\" content=\"P\u00e1gina Oficial del Ayuntamiento de Caudete (Albacete)\" \/>\n<meta property=\"og:url\" content=\"https:\/\/www.caudete.org\/ayuntamiento\/el-jugador-de-las-escuelas-deportivas-municipales-de-tenis-adrian-cantos-marcos-vuelve-a-alzarse-con-una-nueva-victoria\/\" \/>\n<meta property=\"og:site_name\" content=\"MI Ayuntamiento de Caudete\" \/>\n<meta property=\"article:publisher\" content=\"https:\/\/www.facebook.com\/ayuntamientocaudete\/\" \/>\n<meta property=\"article:published_time\" content=\"2023-05-12T10:04:52+00:00\" \/>\n<meta property=\"article:modified_time\" content=\"2023-05-12T10:04:53+00:00\" \/>\n<meta property=\"og:image\" content=\"https:\/\/www.caudete.org\/ayuntamiento\/wp-content\/uploads\/2023\/05\/imagen-Adrian-Cantos-peq.jpg\" \/>\n\t<meta property=\"og:image:width\" content=\"1149\" \/>\n\t<meta property=\"og:image:height\" content=\"700\" \/>\n\t<meta property=\"og:image:type\" content=\"image\/jpeg\" \/>\n<meta name=\"author\" content=\"ayun\" \/>\n<meta name=\"twitter:card\" content=\"summary_large_image\" \/>\n<meta name=\"twitter:label1\" content=\"Escrito por\" \/>\n\t<meta name=\"twitter:data1\" content=\"ayun\" \/>\n\t<meta name=\"twitter:label2\" content=\"Tiempo de lectura\" \/>\n\t<meta name=\"twitter:data2\" content=\"2 minutos\" \/>\n<script type=\"application\/ld+json\" class=\"yoast-schema-graph\">{\"@context\":\"https:\\\/\\\/schema.org\",\"@graph\":[{\"@type\":\"Article\",\"@id\":\"https:\\\/\\\/www.caudete.org\\\/ayuntamiento\\\/el-jugador-de-las-escuelas-deportivas-municipales-de-tenis-adrian-cantos-marcos-vuelve-a-alzarse-con-una-nueva-victoria\\\/#article\",\"isPartOf\":{\"@id\":\"https:\\\/\\\/www.caudete.org\\\/ayuntamiento\\\/el-jugador-de-las-escuelas-deportivas-municipales-de-tenis-adrian-cantos-marcos-vuelve-a-alzarse-con-una-nueva-victoria\\\/\"},\"author\":{\"name\":\"ayun\",\"@id\":\"https:\\\/\\\/www.caudete.org\\\/ayuntamiento\\\/#\\\/schema\\\/person\\\/79f7e19fdd176fc2bc7a289013dc2056\"},\"headline\":\"El jugador de las Escuelas Deportivas Municipales de Tenis, Adri\u00e1n Cantos Marcos vuelve a alzarse con una nueva victoria\",\"datePublished\":\"2023-05-12T10:04:52+00:00\",\"dateModified\":\"2023-05-12T10:04:53+00:00\",\"mainEntityOfPage\":{\"@id\":\"https:\\\/\\\/www.caudete.org\\\/ayuntamiento\\\/el-jugador-de-las-escuelas-deportivas-municipales-de-tenis-adrian-cantos-marcos-vuelve-a-alzarse-con-una-nueva-victoria\\\/\"},\"wordCount\":230,\"image\":{\"@id\":\"https:\\\/\\\/www.caudete.org\\\/ayuntamiento\\\/el-jugador-de-las-escuelas-deportivas-municipales-de-tenis-adrian-cantos-marcos-vuelve-a-alzarse-con-una-nueva-victoria\\\/#primaryimage\"},\"thumbnailUrl\":\"https:\\\/\\\/www.caudete.org\\\/ayuntamiento\\\/wp-content\\\/uploads\\\/2023\\\/05\\\/imagen-Adrian-Cantos-peq.jpg\",\"articleSection\":[\"Deportes\"],\"inLanguage\":\"es\"},{\"@type\":\"WebPage\",\"@id\":\"https:\\\/\\\/www.caudete.org\\\/ayuntamiento\\\/el-jugador-de-las-escuelas-deportivas-municipales-de-tenis-adrian-cantos-marcos-vuelve-a-alzarse-con-una-nueva-victoria\\\/\",\"url\":\"https:\\\/\\\/www.caudete.org\\\/ayuntamiento\\\/el-jugador-de-las-escuelas-deportivas-municipales-de-tenis-adrian-cantos-marcos-vuelve-a-alzarse-con-una-nueva-victoria\\\/\",\"name\":\"El jugador de las Escuelas Deportivas Municipales de Tenis, Adri\u00e1n Cantos Marcos vuelve a alzarse con una nueva victoria - MI Ayuntamiento de Caudete\",\"isPartOf\":{\"@id\":\"https:\\\/\\\/www.caudete.org\\\/ayuntamiento\\\/#website\"},\"primaryImageOfPage\":{\"@id\":\"https:\\\/\\\/www.caudete.org\\\/ayuntamiento\\\/el-jugador-de-las-escuelas-deportivas-municipales-de-tenis-adrian-cantos-marcos-vuelve-a-alzarse-con-una-nueva-victoria\\\/#primaryimage\"},\"image\":{\"@id\":\"https:\\\/\\\/www.caudete.org\\\/ayuntamiento\\\/el-jugador-de-las-escuelas-deportivas-municipales-de-tenis-adrian-cantos-marcos-vuelve-a-alzarse-con-una-nueva-victoria\\\/#primaryimage\"},\"thumbnailUrl\":\"https:\\\/\\\/www.caudete.org\\\/ayuntamiento\\\/wp-content\\\/uploads\\\/2023\\\/05\\\/imagen-Adrian-Cantos-peq.jpg\",\"datePublished\":\"2023-05-12T10:04:52+00:00\",\"dateModified\":\"2023-05-12T10:04:53+00:00\",\"author\":{\"@id\":\"https:\\\/\\\/www.caudete.org\\\/ayuntamiento\\\/#\\\/schema\\\/person\\\/79f7e19fdd176fc2bc7a289013dc2056\"},\"description\":\"P\u00e1gina Oficial del Ayuntamiento de Caudete (Albacete)\",\"breadcrumb\":{\"@id\":\"https:\\\/\\\/www.caudete.org\\\/ayuntamiento\\\/el-jugador-de-las-escuelas-deportivas-municipales-de-tenis-adrian-cantos-marcos-vuelve-a-alzarse-con-una-nueva-victoria\\\/#breadcrumb\"},\"inLanguage\":\"es\",\"potentialAction\":[{\"@type\":\"ReadAction\",\"target\":[\"https:\\\/\\\/www.caudete.org\\\/ayuntamiento\\\/el-jugador-de-las-escuelas-deportivas-municipales-de-tenis-adrian-cantos-marcos-vuelve-a-alzarse-con-una-nueva-victoria\\\/\"]}]},{\"@type\":\"ImageObject\",\"inLanguage\":\"es\",\"@id\":\"https:\\\/\\\/www.caudete.org\\\/ayuntamiento\\\/el-jugador-de-las-escuelas-deportivas-municipales-de-tenis-adrian-cantos-marcos-vuelve-a-alzarse-con-una-nueva-victoria\\\/#primaryimage\",\"url\":\"https:\\\/\\\/www.caudete.org\\\/ayuntamiento\\\/wp-content\\\/uploads\\\/2023\\\/05\\\/imagen-Adrian-Cantos-peq.jpg\",\"contentUrl\":\"https:\\\/\\\/www.caudete.org\\\/ayuntamiento\\\/wp-content\\\/uploads\\\/2023\\\/05\\\/imagen-Adrian-Cantos-peq.jpg\",\"width\":1149,\"height\":700},{\"@type\":\"BreadcrumbList\",\"@id\":\"https:\\\/\\\/www.caudete.org\\\/ayuntamiento\\\/el-jugador-de-las-escuelas-deportivas-municipales-de-tenis-adrian-cantos-marcos-vuelve-a-alzarse-con-una-nueva-victoria\\\/#breadcrumb\",\"itemListElement\":[{\"@type\":\"ListItem\",\"position\":1,\"name\":\"Inicio\",\"item\":\"https:\\\/\\\/www.caudete.org\\\/ayuntamiento\\\/\"},{\"@type\":\"ListItem\",\"position\":2,\"name\":\"El jugador de las Escuelas Deportivas Municipales de Tenis, Adri\u00e1n Cantos Marcos vuelve a alzarse con una nueva victoria\"}]},{\"@type\":\"WebSite\",\"@id\":\"https:\\\/\\\/www.caudete.org\\\/ayuntamiento\\\/#website\",\"url\":\"https:\\\/\\\/www.caudete.org\\\/ayuntamiento\\\/\",\"name\":\"MI Ayuntamiento de Caudete\",\"description\":\"P\u00e1gina Oficial del MI Ayuntamiento de Caudete\",\"potentialAction\":[{\"@type\":\"SearchAction\",\"target\":{\"@type\":\"EntryPoint\",\"urlTemplate\":\"https:\\\/\\\/www.caudete.org\\\/ayuntamiento\\\/?s={search_term_string}\"},\"query-input\":{\"@type\":\"PropertyValueSpecification\",\"valueRequired\":true,\"valueName\":\"search_term_string\"}}],\"inLanguage\":\"es\"},{\"@type\":\"Person\",\"@id\":\"https:\\\/\\\/www.caudete.org\\\/ayuntamiento\\\/#\\\/schema\\\/person\\\/79f7e19fdd176fc2bc7a289013dc2056\",\"name\":\"ayun\",\"image\":{\"@type\":\"ImageObject\",\"inLanguage\":\"es\",\"@id\":\"https:\\\/\\\/secure.gravatar.com\\\/avatar\\\/4ce797ee07c943e7e592f8cd648e503e6cd571387558ed07135799c2bd2847df?s=96&d=mm&r=g\",\"url\":\"https:\\\/\\\/secure.gravatar.com\\\/avatar\\\/4ce797ee07c943e7e592f8cd648e503e6cd571387558ed07135799c2bd2847df?s=96&d=mm&r=g\",\"contentUrl\":\"https:\\\/\\\/secure.gravatar.com\\\/avatar\\\/4ce797ee07c943e7e592f8cd648e503e6cd571387558ed07135799c2bd2847df?s=96&d=mm&r=g\",\"caption\":\"ayun\"},\"sameAs\":[\"http:\\\/\\\/www.caudete.org\\\/ayuntamiento\"],\"url\":\"https:\\\/\\\/www.caudete.org\\\/ayuntamiento\\\/author\\\/ayun\\\/\"}]}<\/script>\n<!-- \/ Yoast SEO plugin. -->","yoast_head_json":{"title":"El jugador de las Escuelas Deportivas Municipales de Tenis, Adri\u00e1n Cantos Marcos vuelve a alzarse con una nueva victoria - MI Ayuntamiento de Caudete","description":"P\u00e1gina Oficial del Ayuntamiento de Caudete (Albacete)","robots":{"index":"index","follow":"follow","max-snippet":"max-snippet:-1","max-image-preview":"max-image-preview:large","max-video-preview":"max-video-preview:-1"},"canonical":"https:\/\/www.caudete.org\/ayuntamiento\/el-jugador-de-las-escuelas-deportivas-municipales-de-tenis-adrian-cantos-marcos-vuelve-a-alzarse-con-una-nueva-victoria\/","og_locale":"es_ES","og_type":"article","og_title":"El jugador de las Escuelas Deportivas Municipales de Tenis, Adri\u00e1n Cantos Marcos vuelve a alzarse con una nueva victoria - MI Ayuntamiento de Caudete","og_description":"P\u00e1gina Oficial del Ayuntamiento de Caudete (Albacete)","og_url":"https:\/\/www.caudete.org\/ayuntamiento\/el-jugador-de-las-escuelas-deportivas-municipales-de-tenis-adrian-cantos-marcos-vuelve-a-alzarse-con-una-nueva-victoria\/","og_site_name":"MI Ayuntamiento de Caudete","article_publisher":"https:\/\/www.facebook.com\/ayuntamientocaudete\/","article_published_time":"2023-05-12T10:04:52+00:00","article_modified_time":"2023-05-12T10:04:53+00:00","og_image":[{"width":1149,"height":700,"url":"https:\/\/www.caudete.org\/ayuntamiento\/wp-content\/uploads\/2023\/05\/imagen-Adrian-Cantos-peq.jpg","type":"image\/jpeg"}],"author":"ayun","twitter_card":"summary_large_image","twitter_misc":{"Escrito por":"ayun","Tiempo de lectura":"2 minutos"},"schema":{"@context":"https:\/\/schema.org","@graph":[{"@type":"Article","@id":"https:\/\/www.caudete.org\/ayuntamiento\/el-jugador-de-las-escuelas-deportivas-municipales-de-tenis-adrian-cantos-marcos-vuelve-a-alzarse-con-una-nueva-victoria\/#article","isPartOf":{"@id":"https:\/\/www.caudete.org\/ayuntamiento\/el-jugador-de-las-escuelas-deportivas-municipales-de-tenis-adrian-cantos-marcos-vuelve-a-alzarse-con-una-nueva-victoria\/"},"author":{"name":"ayun","@id":"https:\/\/www.caudete.org\/ayuntamiento\/#\/schema\/person\/79f7e19fdd176fc2bc7a289013dc2056"},"headline":"El jugador de las Escuelas Deportivas Municipales de Tenis, Adri\u00e1n Cantos Marcos vuelve a alzarse con una nueva victoria","datePublished":"2023-05-12T10:04:52+00:00","dateModified":"2023-05-12T10:04:53+00:00","mainEntityOfPage":{"@id":"https:\/\/www.caudete.org\/ayuntamiento\/el-jugador-de-las-escuelas-deportivas-municipales-de-tenis-adrian-cantos-marcos-vuelve-a-alzarse-con-una-nueva-victoria\/"},"wordCount":230,"image":{"@id":"https:\/\/www.caudete.org\/ayuntamiento\/el-jugador-de-las-escuelas-deportivas-municipales-de-tenis-adrian-cantos-marcos-vuelve-a-alzarse-con-una-nueva-victoria\/#primaryimage"},"thumbnailUrl":"https:\/\/www.caudete.org\/ayuntamiento\/wp-content\/uploads\/2023\/05\/imagen-Adrian-Cantos-peq.jpg","articleSection":["Deportes"],"inLanguage":"es"},{"@type":"WebPage","@id":"https:\/\/www.caudete.org\/ayuntamiento\/el-jugador-de-las-escuelas-deportivas-municipales-de-tenis-adrian-cantos-marcos-vuelve-a-alzarse-con-una-nueva-victoria\/","url":"https:\/\/www.caudete.org\/ayuntamiento\/el-jugador-de-las-escuelas-deportivas-municipales-de-tenis-adrian-cantos-marcos-vuelve-a-alzarse-con-una-nueva-victoria\/","name":"El jugador de las Escuelas Deportivas Municipales de Tenis, Adri\u00e1n Cantos Marcos vuelve a alzarse con una nueva victoria - MI Ayuntamiento de Caudete","isPartOf":{"@id":"https:\/\/www.caudete.org\/ayuntamiento\/#website"},"primaryImageOfPage":{"@id":"https:\/\/www.caudete.org\/ayuntamiento\/el-jugador-de-las-escuelas-deportivas-municipales-de-tenis-adrian-cantos-marcos-vuelve-a-alzarse-con-una-nueva-victoria\/#primaryimage"},"image":{"@id":"https:\/\/www.caudete.org\/ayuntamiento\/el-jugador-de-las-escuelas-deportivas-municipales-de-tenis-adrian-cantos-marcos-vuelve-a-alzarse-con-una-nueva-victoria\/#primaryimage"},"thumbnailUrl":"https:\/\/www.caudete.org\/ayuntamiento\/wp-content\/uploads\/2023\/05\/imagen-Adrian-Cantos-peq.jpg","datePublished":"2023-05-12T10:04:52+00:00","dateModified":"2023-05-12T10:04:53+00:00","author":{"@id":"https:\/\/www.caudete.org\/ayuntamiento\/#\/schema\/person\/79f7e19fdd176fc2bc7a289013dc2056"},"description":"P\u00e1gina Oficial del Ayuntamiento de Caudete (Albacete)","breadcrumb":{"@id":"https:\/\/www.caudete.org\/ayuntamiento\/el-jugador-de-las-escuelas-deportivas-municipales-de-tenis-adrian-cantos-marcos-vuelve-a-alzarse-con-una-nueva-victoria\/#breadcrumb"},"inLanguage":"es","potentialAction":[{"@type":"ReadAction","target":["https:\/\/www.caudete.org\/ayuntamiento\/el-jugador-de-las-escuelas-deportivas-municipales-de-tenis-adrian-cantos-marcos-vuelve-a-alzarse-con-una-nueva-victoria\/"]}]},{"@type":"ImageObject","inLanguage":"es","@id":"https:\/\/www.caudete.org\/ayuntamiento\/el-jugador-de-las-escuelas-deportivas-municipales-de-tenis-adrian-cantos-marcos-vuelve-a-alzarse-con-una-nueva-victoria\/#primaryimage","url":"https:\/\/www.caudete.org\/ayuntamiento\/wp-content\/uploads\/2023\/05\/imagen-Adrian-Cantos-peq.jpg","contentUrl":"https:\/\/www.caudete.org\/ayuntamiento\/wp-content\/uploads\/2023\/05\/imagen-Adrian-Cantos-peq.jpg","width":1149,"height":700},{"@type":"BreadcrumbList","@id":"https:\/\/www.caudete.org\/ayuntamiento\/el-jugador-de-las-escuelas-deportivas-municipales-de-tenis-adrian-cantos-marcos-vuelve-a-alzarse-con-una-nueva-victoria\/#breadcrumb","itemListElement":[{"@type":"ListItem","position":1,"name":"Inicio","item":"https:\/\/www.caudete.org\/ayuntamiento\/"},{"@type":"ListItem","position":2,"name":"El jugador de las Escuelas Deportivas Municipales de Tenis, Adri\u00e1n Cantos Marcos vuelve a alzarse con una nueva victoria"}]},{"@type":"WebSite","@id":"https:\/\/www.caudete.org\/ayuntamiento\/#website","url":"https:\/\/www.caudete.org\/ayuntamiento\/","name":"MI Ayuntamiento de Caudete","description":"P\u00e1gina Oficial del MI Ayuntamiento de Caudete","potentialAction":[{"@type":"SearchAction","target":{"@type":"EntryPoint","urlTemplate":"https:\/\/www.caudete.org\/ayuntamiento\/?s={search_term_string}"},"query-input":{"@type":"PropertyValueSpecification","valueRequired":true,"valueName":"search_term_string"}}],"inLanguage":"es"},{"@type":"Person","@id":"https:\/\/www.caudete.org\/ayuntamiento\/#\/schema\/person\/79f7e19fdd176fc2bc7a289013dc2056","name":"ayun","image":{"@type":"ImageObject","inLanguage":"es","@id":"https:\/\/secure.gravatar.com\/avatar\/4ce797ee07c943e7e592f8cd648e503e6cd571387558ed07135799c2bd2847df?s=96&d=mm&r=g","url":"https:\/\/secure.gravatar.com\/avatar\/4ce797ee07c943e7e592f8cd648e503e6cd571387558ed07135799c2bd2847df?s=96&d=mm&r=g","contentUrl":"https:\/\/secure.gravatar.com\/avatar\/4ce797ee07c943e7e592f8cd648e503e6cd571387558ed07135799c2bd2847df?s=96&d=mm&r=g","caption":"ayun"},"sameAs":["http:\/\/www.caudete.org\/ayuntamiento"],"url":"https:\/\/www.caudete.org\/ayuntamiento\/author\/ayun\/"}]}},"_links":{"self":[{"href":"https:\/\/www.caudete.org\/ayuntamiento\/wp-json\/wp\/v2\/posts\/22188","targetHints":{"allow":["GET"]}}],"collection":[{"href":"https:\/\/www.caudete.org\/ayuntamiento\/wp-json\/wp\/v2\/posts"}],"about":[{"href":"https:\/\/www.caudete.org\/ayuntamiento\/wp-json\/wp\/v2\/types\/post"}],"author":[{"embeddable":true,"href":"https:\/\/www.caudete.org\/ayuntamiento\/wp-json\/wp\/v2\/users\/1"}],"replies":[{"embeddable":true,"href":"https:\/\/www.caudete.org\/ayuntamiento\/wp-json\/wp\/v2\/comments?post=22188"}],"version-history":[{"count":2,"href":"https:\/\/www.caudete.org\/ayuntamiento\/wp-json\/wp\/v2\/posts\/22188\/revisions"}],"predecessor-version":[{"id":22192,"href":"https:\/\/www.caudete.org\/ayuntamiento\/wp-json\/wp\/v2\/posts\/22188\/revisions\/22192"}],"wp:featuredmedia":[{"embeddable":true,"href":"https:\/\/www.caudete.org\/ayuntamiento\/wp-json\/wp\/v2\/media\/22190"}],"wp:attachment":[{"href":"https:\/\/www.caudete.org\/ayuntamiento\/wp-json\/wp\/v2\/media?parent=22188"}],"wp:term":[{"taxonomy":"category","embeddable":true,"href":"https:\/\/www.caudete.org\/ayuntamiento\/wp-json\/wp\/v2\/categories?post=22188"},{"taxonomy":"post_tag","embeddable":true,"href":"https:\/\/www.caudete.org\/ayuntamiento\/wp-json\/wp\/v2\/tags?post=22188"}],"curies":[{"name":"wp","href":"https:\/\/api.w.org\/{rel}","templated":true}]}}