{"id":22214,"date":"2023-05-18T10:22:58","date_gmt":"2023-05-18T08:22:58","guid":{"rendered":"https:\/\/www.caudete.org\/ayuntamiento\/?p=22214"},"modified":"2023-05-18T10:22:59","modified_gmt":"2023-05-18T08:22:59","slug":"eva-navarro-palau-se-proclama-subcampeona-de-castilla-la-mancha-de-salto-de-altura","status":"publish","type":"post","link":"https:\/\/www.caudete.org\/ayuntamiento\/eva-navarro-palau-se-proclama-subcampeona-de-castilla-la-mancha-de-salto-de-altura\/","title":{"rendered":"Eva Navarro Palau se proclama subcampeona de Castilla La Mancha de salto de altura."},"content":{"rendered":"<p>Seg\u00fan nos informa la Concejal de Deportes, Pilar Egea, la atleta de las Escuelas Deportivas Municipales, Eva Navarro Palau, integrante de las Escuelas Deportivas Municipales de Atletismo de Caudete consigui\u00f3 la medalla de plata en categor\u00eda sub16 en la tercera jornada del campeonato regional de pista celebrado en la ciudad de Cuenca el pasado fin de semana.<\/p>\n<p>Eva registr\u00f3 un salto de 1.50 metros, qued\u00e1ndose muy cerca de su marca personal de 1.52, luchando as\u00ed por la medalla de oro hasta la \u00faltima prueba de la competici\u00f3n.<\/p>\n<p>Adem\u00e1s, tambi\u00e9n se desplazaron a la ciudad de Cuenca tres atletas m\u00e1s de las EDM de Caudete,&nbsp; Roberto Gil Mira quien se alz\u00f3 con el quinto puesto en 1500m obst\u00e1culos sub16, &nbsp;\u00c1ngel Torres Ayuso que obtuvo un&nbsp; sexto puesto en salto de altura sub16 y Mar\u00eda Gracia Mart\u00ednez que no pudo finalizar la prueba por lesi\u00f3n.<\/p>\n<p>Estos resultados se unen a los obtenidos la semana anterior por los atletas caudetanos en la ciuidad de Toledo durante la segunda jornada de los Campeonatos de Atletismo de Castilla La Mancha.<\/p>\n<p>Hasta Toledo se desplazaron un total de 15 atletas de las EDM de Caudete, destacando los siguientes resultados:<\/p>\n<p>-Roberto Gil Mira: quinto clasificado en 3000m.<\/p>\n<p>-Equipo relevos 4&#215;100 sub16 masculino (Pablo Franc\u00e9s, Roberto Gil, \u00c1ngel Torres y Dami\u00e1n Rey): quinto puesto.<\/p>\n<p>-Equipo relevos 4&#215;100 sub16 femenino (Eva Navarro, Paula Navarro, Marta Puche y Raquel Ferre): sexto puesto.<\/p>\n<p>-Equipo relevos 4&#215;100 sub18 femenino (M.\u00aa Gracia Mart\u00ednez, Paula Torres, Laura Requena y Thelma Cuenca): sexto puesto.<\/p>\n<p>El pr\u00f3ximo s\u00e1bado 27 de mayo terminar\u00e1 el calendario escolar de pista con la celebraci\u00f3n de las dos \u00faltimas pruebas. Por la ma\u00f1ana, en Albacete tendr\u00e1 lugar la final del Campeonato Provincial de las categor\u00edas sub8, sub10 y sub12, mientras que por la tarde, en Ciudad Real, se celebrar\u00e1 la \u00faltima jornada de los Campeonatos Regionales, con el que se pondr\u00e1 punto y final a esta exitosa temporada de las Escuelas Deportivas Municipales de Atletismo de Caudete.<\/p>\n<p><a href=\"https:\/\/www.caudete.org\/ayuntamiento\/eva-navarro-palau-se-proclama-subcampeona-de-castilla-la-mancha-de-salto-de-altura\/img-20230506-wa0019\/\" rel=\"attachment wp-att-22215\"><img fetchpriority=\"high\" decoding=\"async\" class=\"aligncenter size-full wp-image-22215\" src=\"https:\/\/www.caudete.org\/ayuntamiento\/wp-content\/uploads\/2023\/05\/IMG-20230506-WA0019.jpg\" rel='prettyPhoto' alt=\"\" width=\"2048\" height=\"995\" srcset=\"https:\/\/www.caudete.org\/ayuntamiento\/wp-content\/uploads\/2023\/05\/IMG-20230506-WA0019.jpg 2048w, https:\/\/www.caudete.org\/ayuntamiento\/wp-content\/uploads\/2023\/05\/IMG-20230506-WA0019-300x146.jpg 300w, https:\/\/www.caudete.org\/ayuntamiento\/wp-content\/uploads\/2023\/05\/IMG-20230506-WA0019-1024x498.jpg 1024w, https:\/\/www.caudete.org\/ayuntamiento\/wp-content\/uploads\/2023\/05\/IMG-20230506-WA0019-768x373.jpg 768w, https:\/\/www.caudete.org\/ayuntamiento\/wp-content\/uploads\/2023\/05\/IMG-20230506-WA0019-1536x746.jpg 1536w\" sizes=\"(max-width: 2048px) 100vw, 2048px\" \/><\/a> <a href=\"https:\/\/www.caudete.org\/ayuntamiento\/eva-navarro-palau-se-proclama-subcampeona-de-castilla-la-mancha-de-salto-de-altura\/img-20230513-wa0017\/\" rel=\"attachment wp-att-22216\"><img decoding=\"async\" class=\"aligncenter size-full wp-image-22216\" src=\"https:\/\/www.caudete.org\/ayuntamiento\/wp-content\/uploads\/2023\/05\/IMG-20230513-WA0017.jpg\" rel='prettyPhoto' alt=\"\" width=\"1600\" height=\"1200\" srcset=\"https:\/\/www.caudete.org\/ayuntamiento\/wp-content\/uploads\/2023\/05\/IMG-20230513-WA0017.jpg 1600w, https:\/\/www.caudete.org\/ayuntamiento\/wp-content\/uploads\/2023\/05\/IMG-20230513-WA0017-300x225.jpg 300w, https:\/\/www.caudete.org\/ayuntamiento\/wp-content\/uploads\/2023\/05\/IMG-20230513-WA0017-1024x768.jpg 1024w, https:\/\/www.caudete.org\/ayuntamiento\/wp-content\/uploads\/2023\/05\/IMG-20230513-WA0017-768x576.jpg 768w, https:\/\/www.caudete.org\/ayuntamiento\/wp-content\/uploads\/2023\/05\/IMG-20230513-WA0017-1536x1152.jpg 1536w\" sizes=\"(max-width: 1600px) 100vw, 1600px\" \/><\/a><\/p>\n","protected":false},"excerpt":{"rendered":"<p>Seg\u00fan nos informa la Concejal de Deportes, Pilar Egea, la atleta de las Escuelas Deportivas Municipales, Eva Navarro Palau, integrante de las Escuelas Deportivas Municipales de Atletismo de Caudete consigui\u00f3 la medalla de plata en categor\u00eda sub16 en la tercera jornada del campeonato regional de pista celebrado en la ciudad de Cuenca el pasado fin &hellip;<\/p>\n","protected":false},"author":1,"featured_media":22217,"comment_status":"closed","ping_status":"open","sticky":false,"template":"","format":"standard","meta":{"ngg_post_thumbnail":0,"footnotes":""},"categories":[23],"tags":[],"class_list":["post-22214","post","type-post","status-publish","format-standard","has-post-thumbnail","hentry","category-deportes"],"yoast_head":"<!-- This site is optimized with the Yoast SEO plugin v27.5 - https:\/\/yoast.com\/product\/yoast-seo-wordpress\/ -->\n<title>Eva Navarro Palau se proclama subcampeona de Castilla La Mancha de salto de altura. - MI Ayuntamiento de Caudete<\/title>\n<meta name=\"description\" content=\"P\u00e1gina Oficial del Ayuntamiento de Caudete (Albacete)\" \/>\n<meta name=\"robots\" content=\"index, follow, max-snippet:-1, max-image-preview:large, max-video-preview:-1\" \/>\n<link rel=\"canonical\" href=\"https:\/\/www.caudete.org\/ayuntamiento\/eva-navarro-palau-se-proclama-subcampeona-de-castilla-la-mancha-de-salto-de-altura\/\" \/>\n<meta property=\"og:locale\" content=\"es_ES\" \/>\n<meta property=\"og:type\" content=\"article\" \/>\n<meta property=\"og:title\" content=\"Eva Navarro Palau se proclama subcampeona de Castilla La Mancha de salto de altura. - MI Ayuntamiento de Caudete\" \/>\n<meta property=\"og:description\" content=\"P\u00e1gina Oficial del Ayuntamiento de Caudete (Albacete)\" \/>\n<meta property=\"og:url\" content=\"https:\/\/www.caudete.org\/ayuntamiento\/eva-navarro-palau-se-proclama-subcampeona-de-castilla-la-mancha-de-salto-de-altura\/\" \/>\n<meta property=\"og:site_name\" content=\"MI Ayuntamiento de Caudete\" \/>\n<meta property=\"article:publisher\" content=\"https:\/\/www.facebook.com\/ayuntamientocaudete\/\" \/>\n<meta property=\"article:published_time\" content=\"2023-05-18T08:22:58+00:00\" \/>\n<meta property=\"article:modified_time\" content=\"2023-05-18T08:22:59+00:00\" \/>\n<meta property=\"og:image\" content=\"https:\/\/www.caudete.org\/ayuntamiento\/wp-content\/uploads\/2023\/05\/IMG-20230506-WA0019-peq.jpg\" \/>\n\t<meta property=\"og:image:width\" content=\"1150\" \/>\n\t<meta property=\"og:image:height\" content=\"587\" \/>\n\t<meta property=\"og:image:type\" content=\"image\/jpeg\" \/>\n<meta name=\"author\" content=\"ayun\" \/>\n<meta name=\"twitter:card\" content=\"summary_large_image\" \/>\n<meta name=\"twitter:label1\" content=\"Escrito por\" \/>\n\t<meta name=\"twitter:data1\" content=\"ayun\" \/>\n\t<meta name=\"twitter:label2\" content=\"Tiempo de lectura\" \/>\n\t<meta name=\"twitter:data2\" content=\"2 minutos\" \/>\n<script type=\"application\/ld+json\" class=\"yoast-schema-graph\">{\"@context\":\"https:\\\/\\\/schema.org\",\"@graph\":[{\"@type\":\"Article\",\"@id\":\"https:\\\/\\\/www.caudete.org\\\/ayuntamiento\\\/eva-navarro-palau-se-proclama-subcampeona-de-castilla-la-mancha-de-salto-de-altura\\\/#article\",\"isPartOf\":{\"@id\":\"https:\\\/\\\/www.caudete.org\\\/ayuntamiento\\\/eva-navarro-palau-se-proclama-subcampeona-de-castilla-la-mancha-de-salto-de-altura\\\/\"},\"author\":{\"name\":\"ayun\",\"@id\":\"https:\\\/\\\/www.caudete.org\\\/ayuntamiento\\\/#\\\/schema\\\/person\\\/79f7e19fdd176fc2bc7a289013dc2056\"},\"headline\":\"Eva Navarro Palau se proclama subcampeona de Castilla La Mancha de salto de altura.\",\"datePublished\":\"2023-05-18T08:22:58+00:00\",\"dateModified\":\"2023-05-18T08:22:59+00:00\",\"mainEntityOfPage\":{\"@id\":\"https:\\\/\\\/www.caudete.org\\\/ayuntamiento\\\/eva-navarro-palau-se-proclama-subcampeona-de-castilla-la-mancha-de-salto-de-altura\\\/\"},\"wordCount\":358,\"image\":{\"@id\":\"https:\\\/\\\/www.caudete.org\\\/ayuntamiento\\\/eva-navarro-palau-se-proclama-subcampeona-de-castilla-la-mancha-de-salto-de-altura\\\/#primaryimage\"},\"thumbnailUrl\":\"https:\\\/\\\/www.caudete.org\\\/ayuntamiento\\\/wp-content\\\/uploads\\\/2023\\\/05\\\/IMG-20230506-WA0019-peq.jpg\",\"articleSection\":[\"Deportes\"],\"inLanguage\":\"es\"},{\"@type\":\"WebPage\",\"@id\":\"https:\\\/\\\/www.caudete.org\\\/ayuntamiento\\\/eva-navarro-palau-se-proclama-subcampeona-de-castilla-la-mancha-de-salto-de-altura\\\/\",\"url\":\"https:\\\/\\\/www.caudete.org\\\/ayuntamiento\\\/eva-navarro-palau-se-proclama-subcampeona-de-castilla-la-mancha-de-salto-de-altura\\\/\",\"name\":\"Eva Navarro Palau se proclama subcampeona de Castilla La Mancha de salto de altura. - MI Ayuntamiento de Caudete\",\"isPartOf\":{\"@id\":\"https:\\\/\\\/www.caudete.org\\\/ayuntamiento\\\/#website\"},\"primaryImageOfPage\":{\"@id\":\"https:\\\/\\\/www.caudete.org\\\/ayuntamiento\\\/eva-navarro-palau-se-proclama-subcampeona-de-castilla-la-mancha-de-salto-de-altura\\\/#primaryimage\"},\"image\":{\"@id\":\"https:\\\/\\\/www.caudete.org\\\/ayuntamiento\\\/eva-navarro-palau-se-proclama-subcampeona-de-castilla-la-mancha-de-salto-de-altura\\\/#primaryimage\"},\"thumbnailUrl\":\"https:\\\/\\\/www.caudete.org\\\/ayuntamiento\\\/wp-content\\\/uploads\\\/2023\\\/05\\\/IMG-20230506-WA0019-peq.jpg\",\"datePublished\":\"2023-05-18T08:22:58+00:00\",\"dateModified\":\"2023-05-18T08:22:59+00:00\",\"author\":{\"@id\":\"https:\\\/\\\/www.caudete.org\\\/ayuntamiento\\\/#\\\/schema\\\/person\\\/79f7e19fdd176fc2bc7a289013dc2056\"},\"description\":\"P\u00e1gina Oficial del Ayuntamiento de Caudete (Albacete)\",\"breadcrumb\":{\"@id\":\"https:\\\/\\\/www.caudete.org\\\/ayuntamiento\\\/eva-navarro-palau-se-proclama-subcampeona-de-castilla-la-mancha-de-salto-de-altura\\\/#breadcrumb\"},\"inLanguage\":\"es\",\"potentialAction\":[{\"@type\":\"ReadAction\",\"target\":[\"https:\\\/\\\/www.caudete.org\\\/ayuntamiento\\\/eva-navarro-palau-se-proclama-subcampeona-de-castilla-la-mancha-de-salto-de-altura\\\/\"]}]},{\"@type\":\"ImageObject\",\"inLanguage\":\"es\",\"@id\":\"https:\\\/\\\/www.caudete.org\\\/ayuntamiento\\\/eva-navarro-palau-se-proclama-subcampeona-de-castilla-la-mancha-de-salto-de-altura\\\/#primaryimage\",\"url\":\"https:\\\/\\\/www.caudete.org\\\/ayuntamiento\\\/wp-content\\\/uploads\\\/2023\\\/05\\\/IMG-20230506-WA0019-peq.jpg\",\"contentUrl\":\"https:\\\/\\\/www.caudete.org\\\/ayuntamiento\\\/wp-content\\\/uploads\\\/2023\\\/05\\\/IMG-20230506-WA0019-peq.jpg\",\"width\":1150,\"height\":587},{\"@type\":\"BreadcrumbList\",\"@id\":\"https:\\\/\\\/www.caudete.org\\\/ayuntamiento\\\/eva-navarro-palau-se-proclama-subcampeona-de-castilla-la-mancha-de-salto-de-altura\\\/#breadcrumb\",\"itemListElement\":[{\"@type\":\"ListItem\",\"position\":1,\"name\":\"Inicio\",\"item\":\"https:\\\/\\\/www.caudete.org\\\/ayuntamiento\\\/\"},{\"@type\":\"ListItem\",\"position\":2,\"name\":\"Eva Navarro Palau se proclama subcampeona de Castilla La Mancha de salto de altura.\"}]},{\"@type\":\"WebSite\",\"@id\":\"https:\\\/\\\/www.caudete.org\\\/ayuntamiento\\\/#website\",\"url\":\"https:\\\/\\\/www.caudete.org\\\/ayuntamiento\\\/\",\"name\":\"MI Ayuntamiento de Caudete\",\"description\":\"P\u00e1gina Oficial del MI Ayuntamiento de Caudete\",\"potentialAction\":[{\"@type\":\"SearchAction\",\"target\":{\"@type\":\"EntryPoint\",\"urlTemplate\":\"https:\\\/\\\/www.caudete.org\\\/ayuntamiento\\\/?s={search_term_string}\"},\"query-input\":{\"@type\":\"PropertyValueSpecification\",\"valueRequired\":true,\"valueName\":\"search_term_string\"}}],\"inLanguage\":\"es\"},{\"@type\":\"Person\",\"@id\":\"https:\\\/\\\/www.caudete.org\\\/ayuntamiento\\\/#\\\/schema\\\/person\\\/79f7e19fdd176fc2bc7a289013dc2056\",\"name\":\"ayun\",\"image\":{\"@type\":\"ImageObject\",\"inLanguage\":\"es\",\"@id\":\"https:\\\/\\\/secure.gravatar.com\\\/avatar\\\/4ce797ee07c943e7e592f8cd648e503e6cd571387558ed07135799c2bd2847df?s=96&d=mm&r=g\",\"url\":\"https:\\\/\\\/secure.gravatar.com\\\/avatar\\\/4ce797ee07c943e7e592f8cd648e503e6cd571387558ed07135799c2bd2847df?s=96&d=mm&r=g\",\"contentUrl\":\"https:\\\/\\\/secure.gravatar.com\\\/avatar\\\/4ce797ee07c943e7e592f8cd648e503e6cd571387558ed07135799c2bd2847df?s=96&d=mm&r=g\",\"caption\":\"ayun\"},\"sameAs\":[\"http:\\\/\\\/www.caudete.org\\\/ayuntamiento\"],\"url\":\"https:\\\/\\\/www.caudete.org\\\/ayuntamiento\\\/author\\\/ayun\\\/\"}]}<\/script>\n<!-- \/ Yoast SEO plugin. -->","yoast_head_json":{"title":"Eva Navarro Palau se proclama subcampeona de Castilla La Mancha de salto de altura. - MI Ayuntamiento de Caudete","description":"P\u00e1gina Oficial del Ayuntamiento de Caudete (Albacete)","robots":{"index":"index","follow":"follow","max-snippet":"max-snippet:-1","max-image-preview":"max-image-preview:large","max-video-preview":"max-video-preview:-1"},"canonical":"https:\/\/www.caudete.org\/ayuntamiento\/eva-navarro-palau-se-proclama-subcampeona-de-castilla-la-mancha-de-salto-de-altura\/","og_locale":"es_ES","og_type":"article","og_title":"Eva Navarro Palau se proclama subcampeona de Castilla La Mancha de salto de altura. - MI Ayuntamiento de Caudete","og_description":"P\u00e1gina Oficial del Ayuntamiento de Caudete (Albacete)","og_url":"https:\/\/www.caudete.org\/ayuntamiento\/eva-navarro-palau-se-proclama-subcampeona-de-castilla-la-mancha-de-salto-de-altura\/","og_site_name":"MI Ayuntamiento de Caudete","article_publisher":"https:\/\/www.facebook.com\/ayuntamientocaudete\/","article_published_time":"2023-05-18T08:22:58+00:00","article_modified_time":"2023-05-18T08:22:59+00:00","og_image":[{"width":1150,"height":587,"url":"https:\/\/www.caudete.org\/ayuntamiento\/wp-content\/uploads\/2023\/05\/IMG-20230506-WA0019-peq.jpg","type":"image\/jpeg"}],"author":"ayun","twitter_card":"summary_large_image","twitter_misc":{"Escrito por":"ayun","Tiempo de lectura":"2 minutos"},"schema":{"@context":"https:\/\/schema.org","@graph":[{"@type":"Article","@id":"https:\/\/www.caudete.org\/ayuntamiento\/eva-navarro-palau-se-proclama-subcampeona-de-castilla-la-mancha-de-salto-de-altura\/#article","isPartOf":{"@id":"https:\/\/www.caudete.org\/ayuntamiento\/eva-navarro-palau-se-proclama-subcampeona-de-castilla-la-mancha-de-salto-de-altura\/"},"author":{"name":"ayun","@id":"https:\/\/www.caudete.org\/ayuntamiento\/#\/schema\/person\/79f7e19fdd176fc2bc7a289013dc2056"},"headline":"Eva Navarro Palau se proclama subcampeona de Castilla La Mancha de salto de altura.","datePublished":"2023-05-18T08:22:58+00:00","dateModified":"2023-05-18T08:22:59+00:00","mainEntityOfPage":{"@id":"https:\/\/www.caudete.org\/ayuntamiento\/eva-navarro-palau-se-proclama-subcampeona-de-castilla-la-mancha-de-salto-de-altura\/"},"wordCount":358,"image":{"@id":"https:\/\/www.caudete.org\/ayuntamiento\/eva-navarro-palau-se-proclama-subcampeona-de-castilla-la-mancha-de-salto-de-altura\/#primaryimage"},"thumbnailUrl":"https:\/\/www.caudete.org\/ayuntamiento\/wp-content\/uploads\/2023\/05\/IMG-20230506-WA0019-peq.jpg","articleSection":["Deportes"],"inLanguage":"es"},{"@type":"WebPage","@id":"https:\/\/www.caudete.org\/ayuntamiento\/eva-navarro-palau-se-proclama-subcampeona-de-castilla-la-mancha-de-salto-de-altura\/","url":"https:\/\/www.caudete.org\/ayuntamiento\/eva-navarro-palau-se-proclama-subcampeona-de-castilla-la-mancha-de-salto-de-altura\/","name":"Eva Navarro Palau se proclama subcampeona de Castilla La Mancha de salto de altura. - MI Ayuntamiento de Caudete","isPartOf":{"@id":"https:\/\/www.caudete.org\/ayuntamiento\/#website"},"primaryImageOfPage":{"@id":"https:\/\/www.caudete.org\/ayuntamiento\/eva-navarro-palau-se-proclama-subcampeona-de-castilla-la-mancha-de-salto-de-altura\/#primaryimage"},"image":{"@id":"https:\/\/www.caudete.org\/ayuntamiento\/eva-navarro-palau-se-proclama-subcampeona-de-castilla-la-mancha-de-salto-de-altura\/#primaryimage"},"thumbnailUrl":"https:\/\/www.caudete.org\/ayuntamiento\/wp-content\/uploads\/2023\/05\/IMG-20230506-WA0019-peq.jpg","datePublished":"2023-05-18T08:22:58+00:00","dateModified":"2023-05-18T08:22:59+00:00","author":{"@id":"https:\/\/www.caudete.org\/ayuntamiento\/#\/schema\/person\/79f7e19fdd176fc2bc7a289013dc2056"},"description":"P\u00e1gina Oficial del Ayuntamiento de Caudete (Albacete)","breadcrumb":{"@id":"https:\/\/www.caudete.org\/ayuntamiento\/eva-navarro-palau-se-proclama-subcampeona-de-castilla-la-mancha-de-salto-de-altura\/#breadcrumb"},"inLanguage":"es","potentialAction":[{"@type":"ReadAction","target":["https:\/\/www.caudete.org\/ayuntamiento\/eva-navarro-palau-se-proclama-subcampeona-de-castilla-la-mancha-de-salto-de-altura\/"]}]},{"@type":"ImageObject","inLanguage":"es","@id":"https:\/\/www.caudete.org\/ayuntamiento\/eva-navarro-palau-se-proclama-subcampeona-de-castilla-la-mancha-de-salto-de-altura\/#primaryimage","url":"https:\/\/www.caudete.org\/ayuntamiento\/wp-content\/uploads\/2023\/05\/IMG-20230506-WA0019-peq.jpg","contentUrl":"https:\/\/www.caudete.org\/ayuntamiento\/wp-content\/uploads\/2023\/05\/IMG-20230506-WA0019-peq.jpg","width":1150,"height":587},{"@type":"BreadcrumbList","@id":"https:\/\/www.caudete.org\/ayuntamiento\/eva-navarro-palau-se-proclama-subcampeona-de-castilla-la-mancha-de-salto-de-altura\/#breadcrumb","itemListElement":[{"@type":"ListItem","position":1,"name":"Inicio","item":"https:\/\/www.caudete.org\/ayuntamiento\/"},{"@type":"ListItem","position":2,"name":"Eva Navarro Palau se proclama subcampeona de Castilla La Mancha de salto de altura."}]},{"@type":"WebSite","@id":"https:\/\/www.caudete.org\/ayuntamiento\/#website","url":"https:\/\/www.caudete.org\/ayuntamiento\/","name":"MI Ayuntamiento de Caudete","description":"P\u00e1gina Oficial del MI Ayuntamiento de Caudete","potentialAction":[{"@type":"SearchAction","target":{"@type":"EntryPoint","urlTemplate":"https:\/\/www.caudete.org\/ayuntamiento\/?s={search_term_string}"},"query-input":{"@type":"PropertyValueSpecification","valueRequired":true,"valueName":"search_term_string"}}],"inLanguage":"es"},{"@type":"Person","@id":"https:\/\/www.caudete.org\/ayuntamiento\/#\/schema\/person\/79f7e19fdd176fc2bc7a289013dc2056","name":"ayun","image":{"@type":"ImageObject","inLanguage":"es","@id":"https:\/\/secure.gravatar.com\/avatar\/4ce797ee07c943e7e592f8cd648e503e6cd571387558ed07135799c2bd2847df?s=96&d=mm&r=g","url":"https:\/\/secure.gravatar.com\/avatar\/4ce797ee07c943e7e592f8cd648e503e6cd571387558ed07135799c2bd2847df?s=96&d=mm&r=g","contentUrl":"https:\/\/secure.gravatar.com\/avatar\/4ce797ee07c943e7e592f8cd648e503e6cd571387558ed07135799c2bd2847df?s=96&d=mm&r=g","caption":"ayun"},"sameAs":["http:\/\/www.caudete.org\/ayuntamiento"],"url":"https:\/\/www.caudete.org\/ayuntamiento\/author\/ayun\/"}]}},"_links":{"self":[{"href":"https:\/\/www.caudete.org\/ayuntamiento\/wp-json\/wp\/v2\/posts\/22214","targetHints":{"allow":["GET"]}}],"collection":[{"href":"https:\/\/www.caudete.org\/ayuntamiento\/wp-json\/wp\/v2\/posts"}],"about":[{"href":"https:\/\/www.caudete.org\/ayuntamiento\/wp-json\/wp\/v2\/types\/post"}],"author":[{"embeddable":true,"href":"https:\/\/www.caudete.org\/ayuntamiento\/wp-json\/wp\/v2\/users\/1"}],"replies":[{"embeddable":true,"href":"https:\/\/www.caudete.org\/ayuntamiento\/wp-json\/wp\/v2\/comments?post=22214"}],"version-history":[{"count":2,"href":"https:\/\/www.caudete.org\/ayuntamiento\/wp-json\/wp\/v2\/posts\/22214\/revisions"}],"predecessor-version":[{"id":22219,"href":"https:\/\/www.caudete.org\/ayuntamiento\/wp-json\/wp\/v2\/posts\/22214\/revisions\/22219"}],"wp:featuredmedia":[{"embeddable":true,"href":"https:\/\/www.caudete.org\/ayuntamiento\/wp-json\/wp\/v2\/media\/22217"}],"wp:attachment":[{"href":"https:\/\/www.caudete.org\/ayuntamiento\/wp-json\/wp\/v2\/media?parent=22214"}],"wp:term":[{"taxonomy":"category","embeddable":true,"href":"https:\/\/www.caudete.org\/ayuntamiento\/wp-json\/wp\/v2\/categories?post=22214"},{"taxonomy":"post_tag","embeddable":true,"href":"https:\/\/www.caudete.org\/ayuntamiento\/wp-json\/wp\/v2\/tags?post=22214"}],"curies":[{"name":"wp","href":"https:\/\/api.w.org\/{rel}","templated":true}]}}