{"id":22225,"date":"2023-05-22T15:17:51","date_gmt":"2023-05-22T13:17:51","guid":{"rendered":"https:\/\/www.caudete.org\/ayuntamiento\/?p=22225"},"modified":"2023-05-23T13:35:16","modified_gmt":"2023-05-23T11:35:16","slug":"charlas-contra-el-tabaquismo-en-el-dia-internacional-sin-tabaco","status":"publish","type":"post","link":"https:\/\/www.caudete.org\/ayuntamiento\/charlas-contra-el-tabaquismo-en-el-dia-internacional-sin-tabaco\/","title":{"rendered":"Charlas contra el tabaquismo en el D\u00eda Internacional sin Tabaco"},"content":{"rendered":"<p>Desde las concejal\u00edas de Educaci\u00f3n y Sanidad se llevaron a cabo unas charlas para escolares contra el tabaquismo, conmotivo del d\u00eda Mundial sin tabaco que se conmemorar\u00e1, el pr\u00f3ximo 31 de Mayo, dirigido al alumnado de 1\u00ba E.S.O. del Colegio Amor de Dios y el I.E.S. Pintor Rafael Requena, en colaboraci\u00f3n con la asociaci\u00f3n Acaluca de Caudete.<br \/>\nComo en a\u00f1os anteriores se han contado con la empresa Kyrios Educaci\u00f3n, la cu\u00e1l explic\u00f3 a los estudiantes las consecuencias de fumar y los prejuicios que conlleva desde el punto de vista de la salud.<br \/>\nDe \u00e9sta manera, intentamos llevara cabo una labor preventiva frente al consumo de tabaco, creando ambientes favorables para las conductas saludables, as\u00ed como capacitar al individuo a mantener una actitud activa ante la salud.<\/p>\n<p><a href=\"https:\/\/www.caudete.org\/ayuntamiento\/charlas-contra-el-tabaquismo-en-el-dia-internacional-sin-tabaco\/screenshot_20230519_194504_facebook\/\" rel=\"attachment wp-att-22226\"><img fetchpriority=\"high\" decoding=\"async\" class=\"aligncenter size-full wp-image-22226\" src=\"https:\/\/www.caudete.org\/ayuntamiento\/wp-content\/uploads\/2023\/05\/Screenshot_20230519_194504_Facebook.jpg\" rel='prettyPhoto' alt=\"\" width=\"1080\" height=\"802\" srcset=\"https:\/\/www.caudete.org\/ayuntamiento\/wp-content\/uploads\/2023\/05\/Screenshot_20230519_194504_Facebook.jpg 1080w, https:\/\/www.caudete.org\/ayuntamiento\/wp-content\/uploads\/2023\/05\/Screenshot_20230519_194504_Facebook-300x223.jpg 300w, https:\/\/www.caudete.org\/ayuntamiento\/wp-content\/uploads\/2023\/05\/Screenshot_20230519_194504_Facebook-1024x760.jpg 1024w, https:\/\/www.caudete.org\/ayuntamiento\/wp-content\/uploads\/2023\/05\/Screenshot_20230519_194504_Facebook-768x570.jpg 768w\" sizes=\"(max-width: 1080px) 100vw, 1080px\" \/><\/a> <a href=\"https:\/\/www.caudete.org\/ayuntamiento\/charlas-contra-el-tabaquismo-en-el-dia-internacional-sin-tabaco\/screenshot_20230519_194510_gallery\/\" rel=\"attachment wp-att-22227\"><img decoding=\"async\" class=\"aligncenter size-full wp-image-22227\" src=\"https:\/\/www.caudete.org\/ayuntamiento\/wp-content\/uploads\/2023\/05\/Screenshot_20230519_194510_Gallery.jpg\" rel='prettyPhoto' alt=\"\" width=\"1080\" height=\"817\" srcset=\"https:\/\/www.caudete.org\/ayuntamiento\/wp-content\/uploads\/2023\/05\/Screenshot_20230519_194510_Gallery.jpg 1080w, https:\/\/www.caudete.org\/ayuntamiento\/wp-content\/uploads\/2023\/05\/Screenshot_20230519_194510_Gallery-300x227.jpg 300w, https:\/\/www.caudete.org\/ayuntamiento\/wp-content\/uploads\/2023\/05\/Screenshot_20230519_194510_Gallery-1024x775.jpg 1024w, https:\/\/www.caudete.org\/ayuntamiento\/wp-content\/uploads\/2023\/05\/Screenshot_20230519_194510_Gallery-768x581.jpg 768w\" sizes=\"(max-width: 1080px) 100vw, 1080px\" \/><\/a> <a href=\"https:\/\/www.caudete.org\/ayuntamiento\/charlas-contra-el-tabaquismo-en-el-dia-internacional-sin-tabaco\/screenshot_20230519_230144_facebook\/\" rel=\"attachment wp-att-22228\"><img decoding=\"async\" class=\"aligncenter size-full wp-image-22228\" src=\"https:\/\/www.caudete.org\/ayuntamiento\/wp-content\/uploads\/2023\/05\/Screenshot_20230519_230144_Facebook.jpg\" rel='prettyPhoto' alt=\"\" width=\"1065\" height=\"810\" srcset=\"https:\/\/www.caudete.org\/ayuntamiento\/wp-content\/uploads\/2023\/05\/Screenshot_20230519_230144_Facebook.jpg 1065w, https:\/\/www.caudete.org\/ayuntamiento\/wp-content\/uploads\/2023\/05\/Screenshot_20230519_230144_Facebook-300x228.jpg 300w, https:\/\/www.caudete.org\/ayuntamiento\/wp-content\/uploads\/2023\/05\/Screenshot_20230519_230144_Facebook-1024x779.jpg 1024w, https:\/\/www.caudete.org\/ayuntamiento\/wp-content\/uploads\/2023\/05\/Screenshot_20230519_230144_Facebook-768x584.jpg 768w\" sizes=\"(max-width: 1065px) 100vw, 1065px\" \/><\/a><\/p>\n<p>&nbsp;<\/p>\n","protected":false},"excerpt":{"rendered":"<p>Desde las concejal\u00edas de Educaci\u00f3n y Sanidad se llevaron a cabo unas charlas para escolares contra el tabaquismo, conmotivo del d\u00eda Mundial sin tabaco que se conmemorar\u00e1, el pr\u00f3ximo 31 de Mayo, dirigido al alumnado de 1\u00ba E.S.O. del Colegio Amor de Dios y el I.E.S. Pintor Rafael Requena, en colaboraci\u00f3n con la asociaci\u00f3n Acaluca &hellip;<\/p>\n","protected":false},"author":1,"featured_media":22229,"comment_status":"closed","ping_status":"open","sticky":false,"template":"","format":"standard","meta":{"ngg_post_thumbnail":0,"footnotes":""},"categories":[25,16],"tags":[],"class_list":["post-22225","post","type-post","status-publish","format-standard","has-post-thumbnail","hentry","category-educacion","category-sanidad"],"yoast_head":"<!-- This site is optimized with the Yoast SEO plugin v27.4 - https:\/\/yoast.com\/product\/yoast-seo-wordpress\/ -->\n<title>Charlas contra el tabaquismo en el D\u00eda Internacional sin Tabaco - MI Ayuntamiento de Caudete<\/title>\n<meta name=\"description\" content=\"P\u00e1gina Oficial del Ayuntamiento de Caudete (Albacete)\" \/>\n<meta name=\"robots\" content=\"index, follow, max-snippet:-1, max-image-preview:large, max-video-preview:-1\" \/>\n<link rel=\"canonical\" href=\"https:\/\/www.caudete.org\/ayuntamiento\/charlas-contra-el-tabaquismo-en-el-dia-internacional-sin-tabaco\/\" \/>\n<meta property=\"og:locale\" content=\"es_ES\" \/>\n<meta property=\"og:type\" content=\"article\" \/>\n<meta property=\"og:title\" content=\"Charlas contra el tabaquismo en el D\u00eda Internacional sin Tabaco - MI Ayuntamiento de Caudete\" \/>\n<meta property=\"og:description\" content=\"P\u00e1gina Oficial del Ayuntamiento de Caudete (Albacete)\" \/>\n<meta property=\"og:url\" content=\"https:\/\/www.caudete.org\/ayuntamiento\/charlas-contra-el-tabaquismo-en-el-dia-internacional-sin-tabaco\/\" \/>\n<meta property=\"og:site_name\" content=\"MI Ayuntamiento de Caudete\" \/>\n<meta property=\"article:publisher\" content=\"https:\/\/www.facebook.com\/ayuntamientocaudete\/\" \/>\n<meta property=\"article:published_time\" content=\"2023-05-22T13:17:51+00:00\" \/>\n<meta property=\"article:modified_time\" content=\"2023-05-23T11:35:16+00:00\" \/>\n<meta property=\"og:image\" content=\"https:\/\/www.caudete.org\/ayuntamiento\/wp-content\/uploads\/2023\/05\/Screenshot_20230519_230144_Facebook-peq.jpg\" \/>\n\t<meta property=\"og:image:width\" content=\"926\" \/>\n\t<meta property=\"og:image:height\" content=\"335\" \/>\n\t<meta property=\"og:image:type\" content=\"image\/jpeg\" \/>\n<meta name=\"author\" content=\"ayun\" \/>\n<meta name=\"twitter:card\" content=\"summary_large_image\" \/>\n<meta name=\"twitter:label1\" content=\"Escrito por\" \/>\n\t<meta name=\"twitter:data1\" content=\"ayun\" \/>\n\t<meta name=\"twitter:label2\" content=\"Tiempo de lectura\" \/>\n\t<meta name=\"twitter:data2\" content=\"2 minutos\" \/>\n<script type=\"application\/ld+json\" class=\"yoast-schema-graph\">{\"@context\":\"https:\\\/\\\/schema.org\",\"@graph\":[{\"@type\":\"Article\",\"@id\":\"https:\\\/\\\/www.caudete.org\\\/ayuntamiento\\\/charlas-contra-el-tabaquismo-en-el-dia-internacional-sin-tabaco\\\/#article\",\"isPartOf\":{\"@id\":\"https:\\\/\\\/www.caudete.org\\\/ayuntamiento\\\/charlas-contra-el-tabaquismo-en-el-dia-internacional-sin-tabaco\\\/\"},\"author\":{\"name\":\"ayun\",\"@id\":\"https:\\\/\\\/www.caudete.org\\\/ayuntamiento\\\/#\\\/schema\\\/person\\\/79f7e19fdd176fc2bc7a289013dc2056\"},\"headline\":\"Charlas contra el tabaquismo en el D\u00eda Internacional sin Tabaco\",\"datePublished\":\"2023-05-22T13:17:51+00:00\",\"dateModified\":\"2023-05-23T11:35:16+00:00\",\"mainEntityOfPage\":{\"@id\":\"https:\\\/\\\/www.caudete.org\\\/ayuntamiento\\\/charlas-contra-el-tabaquismo-en-el-dia-internacional-sin-tabaco\\\/\"},\"wordCount\":149,\"publisher\":{\"@id\":\"https:\\\/\\\/www.caudete.org\\\/ayuntamiento\\\/#organization\"},\"image\":{\"@id\":\"https:\\\/\\\/www.caudete.org\\\/ayuntamiento\\\/charlas-contra-el-tabaquismo-en-el-dia-internacional-sin-tabaco\\\/#primaryimage\"},\"thumbnailUrl\":\"https:\\\/\\\/www.caudete.org\\\/ayuntamiento\\\/wp-content\\\/uploads\\\/2023\\\/05\\\/Screenshot_20230519_230144_Facebook-peq.jpg\",\"articleSection\":[\"Educaci\u00f3n\",\"Sanidad\"],\"inLanguage\":\"es\"},{\"@type\":\"WebPage\",\"@id\":\"https:\\\/\\\/www.caudete.org\\\/ayuntamiento\\\/charlas-contra-el-tabaquismo-en-el-dia-internacional-sin-tabaco\\\/\",\"url\":\"https:\\\/\\\/www.caudete.org\\\/ayuntamiento\\\/charlas-contra-el-tabaquismo-en-el-dia-internacional-sin-tabaco\\\/\",\"name\":\"Charlas contra el tabaquismo en el D\u00eda Internacional sin Tabaco - MI Ayuntamiento de Caudete\",\"isPartOf\":{\"@id\":\"https:\\\/\\\/www.caudete.org\\\/ayuntamiento\\\/#website\"},\"primaryImageOfPage\":{\"@id\":\"https:\\\/\\\/www.caudete.org\\\/ayuntamiento\\\/charlas-contra-el-tabaquismo-en-el-dia-internacional-sin-tabaco\\\/#primaryimage\"},\"image\":{\"@id\":\"https:\\\/\\\/www.caudete.org\\\/ayuntamiento\\\/charlas-contra-el-tabaquismo-en-el-dia-internacional-sin-tabaco\\\/#primaryimage\"},\"thumbnailUrl\":\"https:\\\/\\\/www.caudete.org\\\/ayuntamiento\\\/wp-content\\\/uploads\\\/2023\\\/05\\\/Screenshot_20230519_230144_Facebook-peq.jpg\",\"datePublished\":\"2023-05-22T13:17:51+00:00\",\"dateModified\":\"2023-05-23T11:35:16+00:00\",\"description\":\"P\u00e1gina Oficial del Ayuntamiento de Caudete (Albacete)\",\"breadcrumb\":{\"@id\":\"https:\\\/\\\/www.caudete.org\\\/ayuntamiento\\\/charlas-contra-el-tabaquismo-en-el-dia-internacional-sin-tabaco\\\/#breadcrumb\"},\"inLanguage\":\"es\",\"potentialAction\":[{\"@type\":\"ReadAction\",\"target\":[\"https:\\\/\\\/www.caudete.org\\\/ayuntamiento\\\/charlas-contra-el-tabaquismo-en-el-dia-internacional-sin-tabaco\\\/\"]}]},{\"@type\":\"ImageObject\",\"inLanguage\":\"es\",\"@id\":\"https:\\\/\\\/www.caudete.org\\\/ayuntamiento\\\/charlas-contra-el-tabaquismo-en-el-dia-internacional-sin-tabaco\\\/#primaryimage\",\"url\":\"https:\\\/\\\/www.caudete.org\\\/ayuntamiento\\\/wp-content\\\/uploads\\\/2023\\\/05\\\/Screenshot_20230519_230144_Facebook-peq.jpg\",\"contentUrl\":\"https:\\\/\\\/www.caudete.org\\\/ayuntamiento\\\/wp-content\\\/uploads\\\/2023\\\/05\\\/Screenshot_20230519_230144_Facebook-peq.jpg\",\"width\":926,\"height\":335},{\"@type\":\"BreadcrumbList\",\"@id\":\"https:\\\/\\\/www.caudete.org\\\/ayuntamiento\\\/charlas-contra-el-tabaquismo-en-el-dia-internacional-sin-tabaco\\\/#breadcrumb\",\"itemListElement\":[{\"@type\":\"ListItem\",\"position\":1,\"name\":\"Inicio\",\"item\":\"https:\\\/\\\/www.caudete.org\\\/ayuntamiento\\\/\"},{\"@type\":\"ListItem\",\"position\":2,\"name\":\"Charlas contra el tabaquismo en el D\u00eda Internacional sin Tabaco\"}]},{\"@type\":\"WebSite\",\"@id\":\"https:\\\/\\\/www.caudete.org\\\/ayuntamiento\\\/#website\",\"url\":\"https:\\\/\\\/www.caudete.org\\\/ayuntamiento\\\/\",\"name\":\"MI Ayuntamiento de Caudete\",\"description\":\"P\u00e1gina Oficial del MI Ayuntamiento de Caudete\",\"publisher\":{\"@id\":\"https:\\\/\\\/www.caudete.org\\\/ayuntamiento\\\/#organization\"},\"potentialAction\":[{\"@type\":\"SearchAction\",\"target\":{\"@type\":\"EntryPoint\",\"urlTemplate\":\"https:\\\/\\\/www.caudete.org\\\/ayuntamiento\\\/?s={search_term_string}\"},\"query-input\":{\"@type\":\"PropertyValueSpecification\",\"valueRequired\":true,\"valueName\":\"search_term_string\"}}],\"inLanguage\":\"es\"},{\"@type\":\"Organization\",\"@id\":\"https:\\\/\\\/www.caudete.org\\\/ayuntamiento\\\/#organization\",\"name\":\"Ayuntamiento de Caudete\",\"url\":\"https:\\\/\\\/www.caudete.org\\\/ayuntamiento\\\/\",\"logo\":{\"@type\":\"ImageObject\",\"inLanguage\":\"es\",\"@id\":\"https:\\\/\\\/www.caudete.org\\\/ayuntamiento\\\/#\\\/schema\\\/logo\\\/image\\\/\",\"url\":\"https:\\\/\\\/www.caudete.org\\\/ayuntamiento\\\/wp-content\\\/uploads\\\/2020\\\/11\\\/logo_ayuntamiento_caudete.jpg\",\"contentUrl\":\"https:\\\/\\\/www.caudete.org\\\/ayuntamiento\\\/wp-content\\\/uploads\\\/2020\\\/11\\\/logo_ayuntamiento_caudete.jpg\",\"width\":600,\"height\":150,\"caption\":\"Ayuntamiento de Caudete\"},\"image\":{\"@id\":\"https:\\\/\\\/www.caudete.org\\\/ayuntamiento\\\/#\\\/schema\\\/logo\\\/image\\\/\"},\"sameAs\":[\"https:\\\/\\\/www.facebook.com\\\/ayuntamientocaudete\\\/\",\"https:\\\/\\\/www.youtube.com\\\/channel\\\/UC6VztHaooNsGpw-tNoBEFnQ\"]},{\"@type\":\"Person\",\"@id\":\"https:\\\/\\\/www.caudete.org\\\/ayuntamiento\\\/#\\\/schema\\\/person\\\/79f7e19fdd176fc2bc7a289013dc2056\",\"name\":\"ayun\",\"image\":{\"@type\":\"ImageObject\",\"inLanguage\":\"es\",\"@id\":\"https:\\\/\\\/secure.gravatar.com\\\/avatar\\\/4ce797ee07c943e7e592f8cd648e503e6cd571387558ed07135799c2bd2847df?s=96&d=mm&r=g\",\"url\":\"https:\\\/\\\/secure.gravatar.com\\\/avatar\\\/4ce797ee07c943e7e592f8cd648e503e6cd571387558ed07135799c2bd2847df?s=96&d=mm&r=g\",\"contentUrl\":\"https:\\\/\\\/secure.gravatar.com\\\/avatar\\\/4ce797ee07c943e7e592f8cd648e503e6cd571387558ed07135799c2bd2847df?s=96&d=mm&r=g\",\"caption\":\"ayun\"},\"sameAs\":[\"http:\\\/\\\/www.caudete.org\\\/ayuntamiento\"],\"url\":\"https:\\\/\\\/www.caudete.org\\\/ayuntamiento\\\/author\\\/ayun\\\/\"}]}<\/script>\n<!-- \/ Yoast SEO plugin. -->","yoast_head_json":{"title":"Charlas contra el tabaquismo en el D\u00eda Internacional sin Tabaco - MI Ayuntamiento de Caudete","description":"P\u00e1gina Oficial del Ayuntamiento de Caudete (Albacete)","robots":{"index":"index","follow":"follow","max-snippet":"max-snippet:-1","max-image-preview":"max-image-preview:large","max-video-preview":"max-video-preview:-1"},"canonical":"https:\/\/www.caudete.org\/ayuntamiento\/charlas-contra-el-tabaquismo-en-el-dia-internacional-sin-tabaco\/","og_locale":"es_ES","og_type":"article","og_title":"Charlas contra el tabaquismo en el D\u00eda Internacional sin Tabaco - MI Ayuntamiento de Caudete","og_description":"P\u00e1gina Oficial del Ayuntamiento de Caudete (Albacete)","og_url":"https:\/\/www.caudete.org\/ayuntamiento\/charlas-contra-el-tabaquismo-en-el-dia-internacional-sin-tabaco\/","og_site_name":"MI Ayuntamiento de Caudete","article_publisher":"https:\/\/www.facebook.com\/ayuntamientocaudete\/","article_published_time":"2023-05-22T13:17:51+00:00","article_modified_time":"2023-05-23T11:35:16+00:00","og_image":[{"width":926,"height":335,"url":"https:\/\/www.caudete.org\/ayuntamiento\/wp-content\/uploads\/2023\/05\/Screenshot_20230519_230144_Facebook-peq.jpg","type":"image\/jpeg"}],"author":"ayun","twitter_card":"summary_large_image","twitter_misc":{"Escrito por":"ayun","Tiempo de lectura":"2 minutos"},"schema":{"@context":"https:\/\/schema.org","@graph":[{"@type":"Article","@id":"https:\/\/www.caudete.org\/ayuntamiento\/charlas-contra-el-tabaquismo-en-el-dia-internacional-sin-tabaco\/#article","isPartOf":{"@id":"https:\/\/www.caudete.org\/ayuntamiento\/charlas-contra-el-tabaquismo-en-el-dia-internacional-sin-tabaco\/"},"author":{"name":"ayun","@id":"https:\/\/www.caudete.org\/ayuntamiento\/#\/schema\/person\/79f7e19fdd176fc2bc7a289013dc2056"},"headline":"Charlas contra el tabaquismo en el D\u00eda Internacional sin Tabaco","datePublished":"2023-05-22T13:17:51+00:00","dateModified":"2023-05-23T11:35:16+00:00","mainEntityOfPage":{"@id":"https:\/\/www.caudete.org\/ayuntamiento\/charlas-contra-el-tabaquismo-en-el-dia-internacional-sin-tabaco\/"},"wordCount":149,"publisher":{"@id":"https:\/\/www.caudete.org\/ayuntamiento\/#organization"},"image":{"@id":"https:\/\/www.caudete.org\/ayuntamiento\/charlas-contra-el-tabaquismo-en-el-dia-internacional-sin-tabaco\/#primaryimage"},"thumbnailUrl":"https:\/\/www.caudete.org\/ayuntamiento\/wp-content\/uploads\/2023\/05\/Screenshot_20230519_230144_Facebook-peq.jpg","articleSection":["Educaci\u00f3n","Sanidad"],"inLanguage":"es"},{"@type":"WebPage","@id":"https:\/\/www.caudete.org\/ayuntamiento\/charlas-contra-el-tabaquismo-en-el-dia-internacional-sin-tabaco\/","url":"https:\/\/www.caudete.org\/ayuntamiento\/charlas-contra-el-tabaquismo-en-el-dia-internacional-sin-tabaco\/","name":"Charlas contra el tabaquismo en el D\u00eda Internacional sin Tabaco - MI Ayuntamiento de Caudete","isPartOf":{"@id":"https:\/\/www.caudete.org\/ayuntamiento\/#website"},"primaryImageOfPage":{"@id":"https:\/\/www.caudete.org\/ayuntamiento\/charlas-contra-el-tabaquismo-en-el-dia-internacional-sin-tabaco\/#primaryimage"},"image":{"@id":"https:\/\/www.caudete.org\/ayuntamiento\/charlas-contra-el-tabaquismo-en-el-dia-internacional-sin-tabaco\/#primaryimage"},"thumbnailUrl":"https:\/\/www.caudete.org\/ayuntamiento\/wp-content\/uploads\/2023\/05\/Screenshot_20230519_230144_Facebook-peq.jpg","datePublished":"2023-05-22T13:17:51+00:00","dateModified":"2023-05-23T11:35:16+00:00","description":"P\u00e1gina Oficial del Ayuntamiento de Caudete (Albacete)","breadcrumb":{"@id":"https:\/\/www.caudete.org\/ayuntamiento\/charlas-contra-el-tabaquismo-en-el-dia-internacional-sin-tabaco\/#breadcrumb"},"inLanguage":"es","potentialAction":[{"@type":"ReadAction","target":["https:\/\/www.caudete.org\/ayuntamiento\/charlas-contra-el-tabaquismo-en-el-dia-internacional-sin-tabaco\/"]}]},{"@type":"ImageObject","inLanguage":"es","@id":"https:\/\/www.caudete.org\/ayuntamiento\/charlas-contra-el-tabaquismo-en-el-dia-internacional-sin-tabaco\/#primaryimage","url":"https:\/\/www.caudete.org\/ayuntamiento\/wp-content\/uploads\/2023\/05\/Screenshot_20230519_230144_Facebook-peq.jpg","contentUrl":"https:\/\/www.caudete.org\/ayuntamiento\/wp-content\/uploads\/2023\/05\/Screenshot_20230519_230144_Facebook-peq.jpg","width":926,"height":335},{"@type":"BreadcrumbList","@id":"https:\/\/www.caudete.org\/ayuntamiento\/charlas-contra-el-tabaquismo-en-el-dia-internacional-sin-tabaco\/#breadcrumb","itemListElement":[{"@type":"ListItem","position":1,"name":"Inicio","item":"https:\/\/www.caudete.org\/ayuntamiento\/"},{"@type":"ListItem","position":2,"name":"Charlas contra el tabaquismo en el D\u00eda Internacional sin Tabaco"}]},{"@type":"WebSite","@id":"https:\/\/www.caudete.org\/ayuntamiento\/#website","url":"https:\/\/www.caudete.org\/ayuntamiento\/","name":"MI Ayuntamiento de Caudete","description":"P\u00e1gina Oficial del MI Ayuntamiento de Caudete","publisher":{"@id":"https:\/\/www.caudete.org\/ayuntamiento\/#organization"},"potentialAction":[{"@type":"SearchAction","target":{"@type":"EntryPoint","urlTemplate":"https:\/\/www.caudete.org\/ayuntamiento\/?s={search_term_string}"},"query-input":{"@type":"PropertyValueSpecification","valueRequired":true,"valueName":"search_term_string"}}],"inLanguage":"es"},{"@type":"Organization","@id":"https:\/\/www.caudete.org\/ayuntamiento\/#organization","name":"Ayuntamiento de Caudete","url":"https:\/\/www.caudete.org\/ayuntamiento\/","logo":{"@type":"ImageObject","inLanguage":"es","@id":"https:\/\/www.caudete.org\/ayuntamiento\/#\/schema\/logo\/image\/","url":"https:\/\/www.caudete.org\/ayuntamiento\/wp-content\/uploads\/2020\/11\/logo_ayuntamiento_caudete.jpg","contentUrl":"https:\/\/www.caudete.org\/ayuntamiento\/wp-content\/uploads\/2020\/11\/logo_ayuntamiento_caudete.jpg","width":600,"height":150,"caption":"Ayuntamiento de Caudete"},"image":{"@id":"https:\/\/www.caudete.org\/ayuntamiento\/#\/schema\/logo\/image\/"},"sameAs":["https:\/\/www.facebook.com\/ayuntamientocaudete\/","https:\/\/www.youtube.com\/channel\/UC6VztHaooNsGpw-tNoBEFnQ"]},{"@type":"Person","@id":"https:\/\/www.caudete.org\/ayuntamiento\/#\/schema\/person\/79f7e19fdd176fc2bc7a289013dc2056","name":"ayun","image":{"@type":"ImageObject","inLanguage":"es","@id":"https:\/\/secure.gravatar.com\/avatar\/4ce797ee07c943e7e592f8cd648e503e6cd571387558ed07135799c2bd2847df?s=96&d=mm&r=g","url":"https:\/\/secure.gravatar.com\/avatar\/4ce797ee07c943e7e592f8cd648e503e6cd571387558ed07135799c2bd2847df?s=96&d=mm&r=g","contentUrl":"https:\/\/secure.gravatar.com\/avatar\/4ce797ee07c943e7e592f8cd648e503e6cd571387558ed07135799c2bd2847df?s=96&d=mm&r=g","caption":"ayun"},"sameAs":["http:\/\/www.caudete.org\/ayuntamiento"],"url":"https:\/\/www.caudete.org\/ayuntamiento\/author\/ayun\/"}]}},"_links":{"self":[{"href":"https:\/\/www.caudete.org\/ayuntamiento\/wp-json\/wp\/v2\/posts\/22225","targetHints":{"allow":["GET"]}}],"collection":[{"href":"https:\/\/www.caudete.org\/ayuntamiento\/wp-json\/wp\/v2\/posts"}],"about":[{"href":"https:\/\/www.caudete.org\/ayuntamiento\/wp-json\/wp\/v2\/types\/post"}],"author":[{"embeddable":true,"href":"https:\/\/www.caudete.org\/ayuntamiento\/wp-json\/wp\/v2\/users\/1"}],"replies":[{"embeddable":true,"href":"https:\/\/www.caudete.org\/ayuntamiento\/wp-json\/wp\/v2\/comments?post=22225"}],"version-history":[{"count":2,"href":"https:\/\/www.caudete.org\/ayuntamiento\/wp-json\/wp\/v2\/posts\/22225\/revisions"}],"predecessor-version":[{"id":22231,"href":"https:\/\/www.caudete.org\/ayuntamiento\/wp-json\/wp\/v2\/posts\/22225\/revisions\/22231"}],"wp:featuredmedia":[{"embeddable":true,"href":"https:\/\/www.caudete.org\/ayuntamiento\/wp-json\/wp\/v2\/media\/22229"}],"wp:attachment":[{"href":"https:\/\/www.caudete.org\/ayuntamiento\/wp-json\/wp\/v2\/media?parent=22225"}],"wp:term":[{"taxonomy":"category","embeddable":true,"href":"https:\/\/www.caudete.org\/ayuntamiento\/wp-json\/wp\/v2\/categories?post=22225"},{"taxonomy":"post_tag","embeddable":true,"href":"https:\/\/www.caudete.org\/ayuntamiento\/wp-json\/wp\/v2\/tags?post=22225"}],"curies":[{"name":"wp","href":"https:\/\/api.w.org\/{rel}","templated":true}]}}