{"id":22232,"date":"2023-05-24T14:10:29","date_gmt":"2023-05-24T12:10:29","guid":{"rendered":"https:\/\/www.caudete.org\/ayuntamiento\/?p=22232"},"modified":"2023-05-24T14:10:29","modified_gmt":"2023-05-24T12:10:29","slug":"la-biblioteca-municipal-amplia-su-horario-y-ofrece-emocionantes-novedades","status":"publish","type":"post","link":"https:\/\/www.caudete.org\/ayuntamiento\/la-biblioteca-municipal-amplia-su-horario-y-ofrece-emocionantes-novedades\/","title":{"rendered":"La Biblioteca Municipal ampl\u00eda su horario y ofrece emocionantes novedades"},"content":{"rendered":"<p>La Concejal\u00eda de Cultura se complace en anunciar que la Biblioteca P\u00fablica Municipal Ana Mar\u00eda Matute de Caudete ha ampliado su horario y ha incorporado nuevos servicios, todo con el objetivo de brindar una experiencia enriquecedora a nuestros usuarios.<\/p>\n<p>En respuesta a las peticiones y sugerencias de los usuarios de nuestra Biblioteca, nos complace informar que hemos extendido nuestro horario de apertura al p\u00fablico. Ahora, podr\u00e1s disfrutar de la Biblioteca de lunes a viernes, de 9:30 a 13:30 horas y de 16:30 a 20:30 horas, y los s\u00e1bados de 10:00 a 13:00 horas. \u00a1Un total de 43 horas semanales dedicadas a satisfacer tus necesidades de conocimiento y entretenimiento! Adem\u00e1s de satisfacer las necesidades de estudiantes y opositores que se acercan a la recta final del curso.<\/p>\n<p>Adem\u00e1s, nos alegramos de comunicar que la Biblioteca ha experimentado una impresionante remodelaci\u00f3n. Queremos escuchar tu opini\u00f3n y para ello hemos instalado un expositor donde podr\u00e1s compartir tu &#8220;feedback&#8221; y expresar tus ideas sobre estas emocionantes mejoras y propuestas. Inspirados por el sistema de bibliotecas de Helsinki, reconocido como uno de los mejores del mundo u que recientemente pudimos visitar dentro del Programa Erasmus y la acreditaci\u00f3n conseguida por nuestro Ayuntamiento, estamos comprometidos con la participaci\u00f3n ciudadana y deseamos conocer tu valiosa opini\u00f3n acerca de nuestra remodelaci\u00f3n y propuestas de nuevos servicios bibliotecarios.<\/p>\n<p>Como parte de nuestro proceso de renovaci\u00f3n, hemos reestructurado las diferentes secciones de la Biblioteca, incluyendo las \u00e1reas Infantil, Adultos, Referencia, Fonoteca y Videoteca. Como resultado, hemos retirado aquellos fondos que ya no estaban en sinton\u00eda con las necesidades actuales y ten\u00edan un uso limitado. Sin embargo, \u00a1no hemos dejado que estos materiales se desperdicien! Hemos creado un espacio llamado &#8220;Punto Cambalache&#8221;, una mesa donde encontrar\u00e1s libros infantiles, novelas, biograf\u00edas, pel\u00edculas, documentales y m\u00fasica que puedes llevarte a casa y darles una segunda oportunidad. A cambio, te pedimos que realices una donaci\u00f3n que ser\u00e1 destinada a importantes causas sociales a trav\u00e9s de la iniciativa &#8220;Caudete Se Mueve&#8221;.<\/p>\n<p>Estamos decididos a mejorar nuestros servicios y queremos que todos nuestros ciudadanos disfruten de ellos al m\u00e1ximo. La Biblioteca siempre estar\u00e1 a tu lado, esper\u00e1ndote para que vivas momentos inolvidables y te sumerjas en un mundo de conocimiento. \u00a1No puedes perderte todo lo que tenemos para ofrecerte!<\/p>\n<p><a href=\"https:\/\/www.caudete.org\/ayuntamiento\/la-biblioteca-municipal-amplia-su-horario-y-ofrece-emocionantes-novedades\/whatsapp-image-2023-05-23-at-17-35-41\/\" rel=\"attachment wp-att-22233\"><img fetchpriority=\"high\" decoding=\"async\" class=\"aligncenter size-full wp-image-22233\" src=\"https:\/\/www.caudete.org\/ayuntamiento\/wp-content\/uploads\/2023\/05\/WhatsApp-Image-2023-05-23-at-17.35.41.jpg\" rel='prettyPhoto' alt=\"\" width=\"600\" height=\"600\" srcset=\"https:\/\/www.caudete.org\/ayuntamiento\/wp-content\/uploads\/2023\/05\/WhatsApp-Image-2023-05-23-at-17.35.41.jpg 600w, https:\/\/www.caudete.org\/ayuntamiento\/wp-content\/uploads\/2023\/05\/WhatsApp-Image-2023-05-23-at-17.35.41-300x300.jpg 300w, https:\/\/www.caudete.org\/ayuntamiento\/wp-content\/uploads\/2023\/05\/WhatsApp-Image-2023-05-23-at-17.35.41-150x150.jpg 150w, https:\/\/www.caudete.org\/ayuntamiento\/wp-content\/uploads\/2023\/05\/WhatsApp-Image-2023-05-23-at-17.35.41-60x60.jpg 60w\" sizes=\"(max-width: 600px) 100vw, 600px\" \/><\/a><a href=\"https:\/\/www.caudete.org\/ayuntamiento\/la-biblioteca-municipal-amplia-su-horario-y-ofrece-emocionantes-novedades\/whatsapp-image-2023-05-12-at-16-26-37\/\" rel=\"attachment wp-att-22234\"><img decoding=\"async\" class=\"aligncenter size-full wp-image-22234\" src=\"https:\/\/www.caudete.org\/ayuntamiento\/wp-content\/uploads\/2023\/05\/WhatsApp-Image-2023-05-12-at-16.26.37.jpg\" rel='prettyPhoto' alt=\"\" width=\"800\" height=\"450\" srcset=\"https:\/\/www.caudete.org\/ayuntamiento\/wp-content\/uploads\/2023\/05\/WhatsApp-Image-2023-05-12-at-16.26.37.jpg 800w, https:\/\/www.caudete.org\/ayuntamiento\/wp-content\/uploads\/2023\/05\/WhatsApp-Image-2023-05-12-at-16.26.37-300x169.jpg 300w, https:\/\/www.caudete.org\/ayuntamiento\/wp-content\/uploads\/2023\/05\/WhatsApp-Image-2023-05-12-at-16.26.37-768x432.jpg 768w\" sizes=\"(max-width: 800px) 100vw, 800px\" \/><\/a> <a href=\"https:\/\/www.caudete.org\/ayuntamiento\/la-biblioteca-municipal-amplia-su-horario-y-ofrece-emocionantes-novedades\/whatsapp-image-2023-05-23-at-17-07-23\/\" rel=\"attachment wp-att-22235\"><img decoding=\"async\" class=\"aligncenter size-full wp-image-22235\" src=\"https:\/\/www.caudete.org\/ayuntamiento\/wp-content\/uploads\/2023\/05\/WhatsApp-Image-2023-05-23-at-17.07.23.jpg\" rel='prettyPhoto' alt=\"\" width=\"600\" height=\"800\" srcset=\"https:\/\/www.caudete.org\/ayuntamiento\/wp-content\/uploads\/2023\/05\/WhatsApp-Image-2023-05-23-at-17.07.23.jpg 600w, https:\/\/www.caudete.org\/ayuntamiento\/wp-content\/uploads\/2023\/05\/WhatsApp-Image-2023-05-23-at-17.07.23-225x300.jpg 225w\" sizes=\"(max-width: 600px) 100vw, 600px\" \/><\/a> <a href=\"https:\/\/www.caudete.org\/ayuntamiento\/la-biblioteca-municipal-amplia-su-horario-y-ofrece-emocionantes-novedades\/whatsapp-image-2023-05-23-at-17-07-24-1\/\" rel=\"attachment wp-att-22236\"><img loading=\"lazy\" decoding=\"async\" class=\"aligncenter size-full wp-image-22236\" src=\"https:\/\/www.caudete.org\/ayuntamiento\/wp-content\/uploads\/2023\/05\/WhatsApp-Image-2023-05-23-at-17.07.24-1.jpg\" rel='prettyPhoto' alt=\"\" width=\"600\" height=\"800\" srcset=\"https:\/\/www.caudete.org\/ayuntamiento\/wp-content\/uploads\/2023\/05\/WhatsApp-Image-2023-05-23-at-17.07.24-1.jpg 600w, https:\/\/www.caudete.org\/ayuntamiento\/wp-content\/uploads\/2023\/05\/WhatsApp-Image-2023-05-23-at-17.07.24-1-225x300.jpg 225w\" sizes=\"(max-width: 600px) 100vw, 600px\" \/><\/a> <a href=\"https:\/\/www.caudete.org\/ayuntamiento\/la-biblioteca-municipal-amplia-su-horario-y-ofrece-emocionantes-novedades\/whatsapp-image-2023-05-23-at-17-07-24\/\" rel=\"attachment wp-att-22237\"><img loading=\"lazy\" decoding=\"async\" class=\"aligncenter size-full wp-image-22237\" src=\"https:\/\/www.caudete.org\/ayuntamiento\/wp-content\/uploads\/2023\/05\/WhatsApp-Image-2023-05-23-at-17.07.24.jpg\" rel='prettyPhoto' alt=\"\" width=\"600\" height=\"800\" srcset=\"https:\/\/www.caudete.org\/ayuntamiento\/wp-content\/uploads\/2023\/05\/WhatsApp-Image-2023-05-23-at-17.07.24.jpg 600w, https:\/\/www.caudete.org\/ayuntamiento\/wp-content\/uploads\/2023\/05\/WhatsApp-Image-2023-05-23-at-17.07.24-225x300.jpg 225w\" sizes=\"(max-width: 600px) 100vw, 600px\" \/><\/a><\/p>\n","protected":false},"excerpt":{"rendered":"<p>La Concejal\u00eda de Cultura se complace en anunciar que la Biblioteca P\u00fablica Municipal Ana Mar\u00eda Matute de Caudete ha ampliado su horario y ha incorporado nuevos servicios, todo con el objetivo de brindar una experiencia enriquecedora a nuestros usuarios. En respuesta a las peticiones y sugerencias de los usuarios de nuestra Biblioteca, nos complace informar &hellip;<\/p>\n","protected":false},"author":1,"featured_media":22238,"comment_status":"closed","ping_status":"open","sticky":false,"template":"","format":"standard","meta":{"ngg_post_thumbnail":0,"footnotes":""},"categories":[14],"tags":[],"class_list":["post-22232","post","type-post","status-publish","format-standard","has-post-thumbnail","hentry","category-cultura"],"yoast_head":"<!-- This site is optimized with the Yoast SEO plugin v27.4 - https:\/\/yoast.com\/product\/yoast-seo-wordpress\/ -->\n<title>La Biblioteca Municipal ampl\u00eda su horario y ofrece emocionantes novedades - MI Ayuntamiento de Caudete<\/title>\n<meta name=\"description\" content=\"P\u00e1gina Oficial del Ayuntamiento de Caudete (Albacete)\" \/>\n<meta name=\"robots\" content=\"index, follow, max-snippet:-1, max-image-preview:large, max-video-preview:-1\" \/>\n<link rel=\"canonical\" href=\"https:\/\/www.caudete.org\/ayuntamiento\/la-biblioteca-municipal-amplia-su-horario-y-ofrece-emocionantes-novedades\/\" \/>\n<meta property=\"og:locale\" content=\"es_ES\" \/>\n<meta property=\"og:type\" content=\"article\" \/>\n<meta property=\"og:title\" content=\"La Biblioteca Municipal ampl\u00eda su horario y ofrece emocionantes novedades - MI Ayuntamiento de Caudete\" \/>\n<meta property=\"og:description\" content=\"P\u00e1gina Oficial del Ayuntamiento de Caudete (Albacete)\" \/>\n<meta property=\"og:url\" content=\"https:\/\/www.caudete.org\/ayuntamiento\/la-biblioteca-municipal-amplia-su-horario-y-ofrece-emocionantes-novedades\/\" \/>\n<meta property=\"og:site_name\" content=\"MI Ayuntamiento de Caudete\" \/>\n<meta property=\"article:publisher\" content=\"https:\/\/www.facebook.com\/ayuntamientocaudete\/\" \/>\n<meta property=\"article:published_time\" content=\"2023-05-24T12:10:29+00:00\" \/>\n<meta property=\"og:image\" content=\"https:\/\/www.caudete.org\/ayuntamiento\/wp-content\/uploads\/2023\/05\/WhatsApp-Image-2023-05-12-at-16.26.37-port.jpg\" \/>\n\t<meta property=\"og:image:width\" content=\"644\" \/>\n\t<meta property=\"og:image:height\" content=\"289\" \/>\n\t<meta property=\"og:image:type\" content=\"image\/jpeg\" \/>\n<meta name=\"author\" content=\"ayun\" \/>\n<meta name=\"twitter:card\" content=\"summary_large_image\" \/>\n<meta name=\"twitter:label1\" content=\"Escrito por\" \/>\n\t<meta name=\"twitter:data1\" content=\"ayun\" \/>\n\t<meta name=\"twitter:label2\" content=\"Tiempo de lectura\" \/>\n\t<meta name=\"twitter:data2\" content=\"3 minutos\" \/>\n<script type=\"application\/ld+json\" class=\"yoast-schema-graph\">{\"@context\":\"https:\\\/\\\/schema.org\",\"@graph\":[{\"@type\":\"Article\",\"@id\":\"https:\\\/\\\/www.caudete.org\\\/ayuntamiento\\\/la-biblioteca-municipal-amplia-su-horario-y-ofrece-emocionantes-novedades\\\/#article\",\"isPartOf\":{\"@id\":\"https:\\\/\\\/www.caudete.org\\\/ayuntamiento\\\/la-biblioteca-municipal-amplia-su-horario-y-ofrece-emocionantes-novedades\\\/\"},\"author\":{\"name\":\"ayun\",\"@id\":\"https:\\\/\\\/www.caudete.org\\\/ayuntamiento\\\/#\\\/schema\\\/person\\\/79f7e19fdd176fc2bc7a289013dc2056\"},\"headline\":\"La Biblioteca Municipal ampl\u00eda su horario y ofrece emocionantes novedades\",\"datePublished\":\"2023-05-24T12:10:29+00:00\",\"mainEntityOfPage\":{\"@id\":\"https:\\\/\\\/www.caudete.org\\\/ayuntamiento\\\/la-biblioteca-municipal-amplia-su-horario-y-ofrece-emocionantes-novedades\\\/\"},\"wordCount\":403,\"publisher\":{\"@id\":\"https:\\\/\\\/www.caudete.org\\\/ayuntamiento\\\/#organization\"},\"image\":{\"@id\":\"https:\\\/\\\/www.caudete.org\\\/ayuntamiento\\\/la-biblioteca-municipal-amplia-su-horario-y-ofrece-emocionantes-novedades\\\/#primaryimage\"},\"thumbnailUrl\":\"https:\\\/\\\/www.caudete.org\\\/ayuntamiento\\\/wp-content\\\/uploads\\\/2023\\\/05\\\/WhatsApp-Image-2023-05-12-at-16.26.37-port.jpg\",\"articleSection\":[\"Cultura\"],\"inLanguage\":\"es\"},{\"@type\":\"WebPage\",\"@id\":\"https:\\\/\\\/www.caudete.org\\\/ayuntamiento\\\/la-biblioteca-municipal-amplia-su-horario-y-ofrece-emocionantes-novedades\\\/\",\"url\":\"https:\\\/\\\/www.caudete.org\\\/ayuntamiento\\\/la-biblioteca-municipal-amplia-su-horario-y-ofrece-emocionantes-novedades\\\/\",\"name\":\"La Biblioteca Municipal ampl\u00eda su horario y ofrece emocionantes novedades - MI Ayuntamiento de Caudete\",\"isPartOf\":{\"@id\":\"https:\\\/\\\/www.caudete.org\\\/ayuntamiento\\\/#website\"},\"primaryImageOfPage\":{\"@id\":\"https:\\\/\\\/www.caudete.org\\\/ayuntamiento\\\/la-biblioteca-municipal-amplia-su-horario-y-ofrece-emocionantes-novedades\\\/#primaryimage\"},\"image\":{\"@id\":\"https:\\\/\\\/www.caudete.org\\\/ayuntamiento\\\/la-biblioteca-municipal-amplia-su-horario-y-ofrece-emocionantes-novedades\\\/#primaryimage\"},\"thumbnailUrl\":\"https:\\\/\\\/www.caudete.org\\\/ayuntamiento\\\/wp-content\\\/uploads\\\/2023\\\/05\\\/WhatsApp-Image-2023-05-12-at-16.26.37-port.jpg\",\"datePublished\":\"2023-05-24T12:10:29+00:00\",\"description\":\"P\u00e1gina Oficial del Ayuntamiento de Caudete (Albacete)\",\"breadcrumb\":{\"@id\":\"https:\\\/\\\/www.caudete.org\\\/ayuntamiento\\\/la-biblioteca-municipal-amplia-su-horario-y-ofrece-emocionantes-novedades\\\/#breadcrumb\"},\"inLanguage\":\"es\",\"potentialAction\":[{\"@type\":\"ReadAction\",\"target\":[\"https:\\\/\\\/www.caudete.org\\\/ayuntamiento\\\/la-biblioteca-municipal-amplia-su-horario-y-ofrece-emocionantes-novedades\\\/\"]}]},{\"@type\":\"ImageObject\",\"inLanguage\":\"es\",\"@id\":\"https:\\\/\\\/www.caudete.org\\\/ayuntamiento\\\/la-biblioteca-municipal-amplia-su-horario-y-ofrece-emocionantes-novedades\\\/#primaryimage\",\"url\":\"https:\\\/\\\/www.caudete.org\\\/ayuntamiento\\\/wp-content\\\/uploads\\\/2023\\\/05\\\/WhatsApp-Image-2023-05-12-at-16.26.37-port.jpg\",\"contentUrl\":\"https:\\\/\\\/www.caudete.org\\\/ayuntamiento\\\/wp-content\\\/uploads\\\/2023\\\/05\\\/WhatsApp-Image-2023-05-12-at-16.26.37-port.jpg\",\"width\":644,\"height\":289},{\"@type\":\"BreadcrumbList\",\"@id\":\"https:\\\/\\\/www.caudete.org\\\/ayuntamiento\\\/la-biblioteca-municipal-amplia-su-horario-y-ofrece-emocionantes-novedades\\\/#breadcrumb\",\"itemListElement\":[{\"@type\":\"ListItem\",\"position\":1,\"name\":\"Inicio\",\"item\":\"https:\\\/\\\/www.caudete.org\\\/ayuntamiento\\\/\"},{\"@type\":\"ListItem\",\"position\":2,\"name\":\"La Biblioteca Municipal ampl\u00eda su horario y ofrece emocionantes novedades\"}]},{\"@type\":\"WebSite\",\"@id\":\"https:\\\/\\\/www.caudete.org\\\/ayuntamiento\\\/#website\",\"url\":\"https:\\\/\\\/www.caudete.org\\\/ayuntamiento\\\/\",\"name\":\"MI Ayuntamiento de Caudete\",\"description\":\"P\u00e1gina Oficial del MI Ayuntamiento de Caudete\",\"publisher\":{\"@id\":\"https:\\\/\\\/www.caudete.org\\\/ayuntamiento\\\/#organization\"},\"potentialAction\":[{\"@type\":\"SearchAction\",\"target\":{\"@type\":\"EntryPoint\",\"urlTemplate\":\"https:\\\/\\\/www.caudete.org\\\/ayuntamiento\\\/?s={search_term_string}\"},\"query-input\":{\"@type\":\"PropertyValueSpecification\",\"valueRequired\":true,\"valueName\":\"search_term_string\"}}],\"inLanguage\":\"es\"},{\"@type\":\"Organization\",\"@id\":\"https:\\\/\\\/www.caudete.org\\\/ayuntamiento\\\/#organization\",\"name\":\"Ayuntamiento de Caudete\",\"url\":\"https:\\\/\\\/www.caudete.org\\\/ayuntamiento\\\/\",\"logo\":{\"@type\":\"ImageObject\",\"inLanguage\":\"es\",\"@id\":\"https:\\\/\\\/www.caudete.org\\\/ayuntamiento\\\/#\\\/schema\\\/logo\\\/image\\\/\",\"url\":\"https:\\\/\\\/www.caudete.org\\\/ayuntamiento\\\/wp-content\\\/uploads\\\/2020\\\/11\\\/logo_ayuntamiento_caudete.jpg\",\"contentUrl\":\"https:\\\/\\\/www.caudete.org\\\/ayuntamiento\\\/wp-content\\\/uploads\\\/2020\\\/11\\\/logo_ayuntamiento_caudete.jpg\",\"width\":600,\"height\":150,\"caption\":\"Ayuntamiento de Caudete\"},\"image\":{\"@id\":\"https:\\\/\\\/www.caudete.org\\\/ayuntamiento\\\/#\\\/schema\\\/logo\\\/image\\\/\"},\"sameAs\":[\"https:\\\/\\\/www.facebook.com\\\/ayuntamientocaudete\\\/\",\"https:\\\/\\\/www.youtube.com\\\/channel\\\/UC6VztHaooNsGpw-tNoBEFnQ\"]},{\"@type\":\"Person\",\"@id\":\"https:\\\/\\\/www.caudete.org\\\/ayuntamiento\\\/#\\\/schema\\\/person\\\/79f7e19fdd176fc2bc7a289013dc2056\",\"name\":\"ayun\",\"image\":{\"@type\":\"ImageObject\",\"inLanguage\":\"es\",\"@id\":\"https:\\\/\\\/secure.gravatar.com\\\/avatar\\\/4ce797ee07c943e7e592f8cd648e503e6cd571387558ed07135799c2bd2847df?s=96&d=mm&r=g\",\"url\":\"https:\\\/\\\/secure.gravatar.com\\\/avatar\\\/4ce797ee07c943e7e592f8cd648e503e6cd571387558ed07135799c2bd2847df?s=96&d=mm&r=g\",\"contentUrl\":\"https:\\\/\\\/secure.gravatar.com\\\/avatar\\\/4ce797ee07c943e7e592f8cd648e503e6cd571387558ed07135799c2bd2847df?s=96&d=mm&r=g\",\"caption\":\"ayun\"},\"sameAs\":[\"http:\\\/\\\/www.caudete.org\\\/ayuntamiento\"],\"url\":\"https:\\\/\\\/www.caudete.org\\\/ayuntamiento\\\/author\\\/ayun\\\/\"}]}<\/script>\n<!-- \/ Yoast SEO plugin. -->","yoast_head_json":{"title":"La Biblioteca Municipal ampl\u00eda su horario y ofrece emocionantes novedades - MI Ayuntamiento de Caudete","description":"P\u00e1gina Oficial del Ayuntamiento de Caudete (Albacete)","robots":{"index":"index","follow":"follow","max-snippet":"max-snippet:-1","max-image-preview":"max-image-preview:large","max-video-preview":"max-video-preview:-1"},"canonical":"https:\/\/www.caudete.org\/ayuntamiento\/la-biblioteca-municipal-amplia-su-horario-y-ofrece-emocionantes-novedades\/","og_locale":"es_ES","og_type":"article","og_title":"La Biblioteca Municipal ampl\u00eda su horario y ofrece emocionantes novedades - MI Ayuntamiento de Caudete","og_description":"P\u00e1gina Oficial del Ayuntamiento de Caudete (Albacete)","og_url":"https:\/\/www.caudete.org\/ayuntamiento\/la-biblioteca-municipal-amplia-su-horario-y-ofrece-emocionantes-novedades\/","og_site_name":"MI Ayuntamiento de Caudete","article_publisher":"https:\/\/www.facebook.com\/ayuntamientocaudete\/","article_published_time":"2023-05-24T12:10:29+00:00","og_image":[{"width":644,"height":289,"url":"https:\/\/www.caudete.org\/ayuntamiento\/wp-content\/uploads\/2023\/05\/WhatsApp-Image-2023-05-12-at-16.26.37-port.jpg","type":"image\/jpeg"}],"author":"ayun","twitter_card":"summary_large_image","twitter_misc":{"Escrito por":"ayun","Tiempo de lectura":"3 minutos"},"schema":{"@context":"https:\/\/schema.org","@graph":[{"@type":"Article","@id":"https:\/\/www.caudete.org\/ayuntamiento\/la-biblioteca-municipal-amplia-su-horario-y-ofrece-emocionantes-novedades\/#article","isPartOf":{"@id":"https:\/\/www.caudete.org\/ayuntamiento\/la-biblioteca-municipal-amplia-su-horario-y-ofrece-emocionantes-novedades\/"},"author":{"name":"ayun","@id":"https:\/\/www.caudete.org\/ayuntamiento\/#\/schema\/person\/79f7e19fdd176fc2bc7a289013dc2056"},"headline":"La Biblioteca Municipal ampl\u00eda su horario y ofrece emocionantes novedades","datePublished":"2023-05-24T12:10:29+00:00","mainEntityOfPage":{"@id":"https:\/\/www.caudete.org\/ayuntamiento\/la-biblioteca-municipal-amplia-su-horario-y-ofrece-emocionantes-novedades\/"},"wordCount":403,"publisher":{"@id":"https:\/\/www.caudete.org\/ayuntamiento\/#organization"},"image":{"@id":"https:\/\/www.caudete.org\/ayuntamiento\/la-biblioteca-municipal-amplia-su-horario-y-ofrece-emocionantes-novedades\/#primaryimage"},"thumbnailUrl":"https:\/\/www.caudete.org\/ayuntamiento\/wp-content\/uploads\/2023\/05\/WhatsApp-Image-2023-05-12-at-16.26.37-port.jpg","articleSection":["Cultura"],"inLanguage":"es"},{"@type":"WebPage","@id":"https:\/\/www.caudete.org\/ayuntamiento\/la-biblioteca-municipal-amplia-su-horario-y-ofrece-emocionantes-novedades\/","url":"https:\/\/www.caudete.org\/ayuntamiento\/la-biblioteca-municipal-amplia-su-horario-y-ofrece-emocionantes-novedades\/","name":"La Biblioteca Municipal ampl\u00eda su horario y ofrece emocionantes novedades - MI Ayuntamiento de Caudete","isPartOf":{"@id":"https:\/\/www.caudete.org\/ayuntamiento\/#website"},"primaryImageOfPage":{"@id":"https:\/\/www.caudete.org\/ayuntamiento\/la-biblioteca-municipal-amplia-su-horario-y-ofrece-emocionantes-novedades\/#primaryimage"},"image":{"@id":"https:\/\/www.caudete.org\/ayuntamiento\/la-biblioteca-municipal-amplia-su-horario-y-ofrece-emocionantes-novedades\/#primaryimage"},"thumbnailUrl":"https:\/\/www.caudete.org\/ayuntamiento\/wp-content\/uploads\/2023\/05\/WhatsApp-Image-2023-05-12-at-16.26.37-port.jpg","datePublished":"2023-05-24T12:10:29+00:00","description":"P\u00e1gina Oficial del Ayuntamiento de Caudete (Albacete)","breadcrumb":{"@id":"https:\/\/www.caudete.org\/ayuntamiento\/la-biblioteca-municipal-amplia-su-horario-y-ofrece-emocionantes-novedades\/#breadcrumb"},"inLanguage":"es","potentialAction":[{"@type":"ReadAction","target":["https:\/\/www.caudete.org\/ayuntamiento\/la-biblioteca-municipal-amplia-su-horario-y-ofrece-emocionantes-novedades\/"]}]},{"@type":"ImageObject","inLanguage":"es","@id":"https:\/\/www.caudete.org\/ayuntamiento\/la-biblioteca-municipal-amplia-su-horario-y-ofrece-emocionantes-novedades\/#primaryimage","url":"https:\/\/www.caudete.org\/ayuntamiento\/wp-content\/uploads\/2023\/05\/WhatsApp-Image-2023-05-12-at-16.26.37-port.jpg","contentUrl":"https:\/\/www.caudete.org\/ayuntamiento\/wp-content\/uploads\/2023\/05\/WhatsApp-Image-2023-05-12-at-16.26.37-port.jpg","width":644,"height":289},{"@type":"BreadcrumbList","@id":"https:\/\/www.caudete.org\/ayuntamiento\/la-biblioteca-municipal-amplia-su-horario-y-ofrece-emocionantes-novedades\/#breadcrumb","itemListElement":[{"@type":"ListItem","position":1,"name":"Inicio","item":"https:\/\/www.caudete.org\/ayuntamiento\/"},{"@type":"ListItem","position":2,"name":"La Biblioteca Municipal ampl\u00eda su horario y ofrece emocionantes novedades"}]},{"@type":"WebSite","@id":"https:\/\/www.caudete.org\/ayuntamiento\/#website","url":"https:\/\/www.caudete.org\/ayuntamiento\/","name":"MI Ayuntamiento de Caudete","description":"P\u00e1gina Oficial del MI Ayuntamiento de Caudete","publisher":{"@id":"https:\/\/www.caudete.org\/ayuntamiento\/#organization"},"potentialAction":[{"@type":"SearchAction","target":{"@type":"EntryPoint","urlTemplate":"https:\/\/www.caudete.org\/ayuntamiento\/?s={search_term_string}"},"query-input":{"@type":"PropertyValueSpecification","valueRequired":true,"valueName":"search_term_string"}}],"inLanguage":"es"},{"@type":"Organization","@id":"https:\/\/www.caudete.org\/ayuntamiento\/#organization","name":"Ayuntamiento de Caudete","url":"https:\/\/www.caudete.org\/ayuntamiento\/","logo":{"@type":"ImageObject","inLanguage":"es","@id":"https:\/\/www.caudete.org\/ayuntamiento\/#\/schema\/logo\/image\/","url":"https:\/\/www.caudete.org\/ayuntamiento\/wp-content\/uploads\/2020\/11\/logo_ayuntamiento_caudete.jpg","contentUrl":"https:\/\/www.caudete.org\/ayuntamiento\/wp-content\/uploads\/2020\/11\/logo_ayuntamiento_caudete.jpg","width":600,"height":150,"caption":"Ayuntamiento de Caudete"},"image":{"@id":"https:\/\/www.caudete.org\/ayuntamiento\/#\/schema\/logo\/image\/"},"sameAs":["https:\/\/www.facebook.com\/ayuntamientocaudete\/","https:\/\/www.youtube.com\/channel\/UC6VztHaooNsGpw-tNoBEFnQ"]},{"@type":"Person","@id":"https:\/\/www.caudete.org\/ayuntamiento\/#\/schema\/person\/79f7e19fdd176fc2bc7a289013dc2056","name":"ayun","image":{"@type":"ImageObject","inLanguage":"es","@id":"https:\/\/secure.gravatar.com\/avatar\/4ce797ee07c943e7e592f8cd648e503e6cd571387558ed07135799c2bd2847df?s=96&d=mm&r=g","url":"https:\/\/secure.gravatar.com\/avatar\/4ce797ee07c943e7e592f8cd648e503e6cd571387558ed07135799c2bd2847df?s=96&d=mm&r=g","contentUrl":"https:\/\/secure.gravatar.com\/avatar\/4ce797ee07c943e7e592f8cd648e503e6cd571387558ed07135799c2bd2847df?s=96&d=mm&r=g","caption":"ayun"},"sameAs":["http:\/\/www.caudete.org\/ayuntamiento"],"url":"https:\/\/www.caudete.org\/ayuntamiento\/author\/ayun\/"}]}},"_links":{"self":[{"href":"https:\/\/www.caudete.org\/ayuntamiento\/wp-json\/wp\/v2\/posts\/22232","targetHints":{"allow":["GET"]}}],"collection":[{"href":"https:\/\/www.caudete.org\/ayuntamiento\/wp-json\/wp\/v2\/posts"}],"about":[{"href":"https:\/\/www.caudete.org\/ayuntamiento\/wp-json\/wp\/v2\/types\/post"}],"author":[{"embeddable":true,"href":"https:\/\/www.caudete.org\/ayuntamiento\/wp-json\/wp\/v2\/users\/1"}],"replies":[{"embeddable":true,"href":"https:\/\/www.caudete.org\/ayuntamiento\/wp-json\/wp\/v2\/comments?post=22232"}],"version-history":[{"count":2,"href":"https:\/\/www.caudete.org\/ayuntamiento\/wp-json\/wp\/v2\/posts\/22232\/revisions"}],"predecessor-version":[{"id":22240,"href":"https:\/\/www.caudete.org\/ayuntamiento\/wp-json\/wp\/v2\/posts\/22232\/revisions\/22240"}],"wp:featuredmedia":[{"embeddable":true,"href":"https:\/\/www.caudete.org\/ayuntamiento\/wp-json\/wp\/v2\/media\/22238"}],"wp:attachment":[{"href":"https:\/\/www.caudete.org\/ayuntamiento\/wp-json\/wp\/v2\/media?parent=22232"}],"wp:term":[{"taxonomy":"category","embeddable":true,"href":"https:\/\/www.caudete.org\/ayuntamiento\/wp-json\/wp\/v2\/categories?post=22232"},{"taxonomy":"post_tag","embeddable":true,"href":"https:\/\/www.caudete.org\/ayuntamiento\/wp-json\/wp\/v2\/tags?post=22232"}],"curies":[{"name":"wp","href":"https:\/\/api.w.org\/{rel}","templated":true}]}}