{"id":22241,"date":"2023-05-24T14:12:19","date_gmt":"2023-05-24T12:12:19","guid":{"rendered":"https:\/\/www.caudete.org\/ayuntamiento\/?p=22241"},"modified":"2023-05-25T08:11:44","modified_gmt":"2023-05-25T06:11:44","slug":"celebracion-de-la-carrera-popular-marea-rosa-el-3-de-junio","status":"publish","type":"post","link":"https:\/\/www.caudete.org\/ayuntamiento\/celebracion-de-la-carrera-popular-marea-rosa-el-3-de-junio\/","title":{"rendered":"Celebraci\u00f3n de la Carrera Popular Marea Rosa el 3 de junio"},"content":{"rendered":"<p><span style=\"color: #222222;\"><span style=\"font-family: Arial, Helvetica, sans-serif;\"><span style=\"font-size: medium;\">Presentamos un a\u00f1o m\u00e1s la nueva edici\u00f3n de la Carrera Popular denominada Marea Rosa, evento organizado por ACALUCA (Asociaci\u00f3n Caudetana de lucha contra el c\u00e1ncer) y por la Concejal\u00eda de Deportes del Ayuntamiento de Caudete.<\/span><\/span><\/span><\/p>\n<p><span style=\"color: #222222;\"><span style=\"font-family: Arial, Helvetica, sans-serif;\"><span style=\"font-size: medium;\">La carrera tendr\u00e1 lugar el s\u00e1bado 3 de junio, comenzando a las 18:30 horas desde la Ciudad Deportiva Antonio Amor\u00f3s y a las 20:00h se realizar\u00e1 la entrega de premios.<\/span><\/span><\/span><\/p>\n<p><span style=\"color: #222222;\"><span style=\"font-family: Arial, Helvetica, sans-serif;\"><span style=\"font-size: medium;\">Las inscripciones que est\u00e1n abiertas para todas las edades se podr\u00e1n realizar hasta el jueves <\/span><\/span><\/span><span style=\"color: #222222;\"><span style=\"font-family: Arial, Helvetica, sans-serif;\"><span style=\"font-size: medium;\">1<\/span><\/span><\/span><span style=\"color: #222222;\"><span style=\"font-family: Arial, Helvetica, sans-serif;\"><span style=\"font-size: medium;\"> de junio a trav\u00e9s de la web: <\/span><\/span><\/span><a href=\"http:\/\/www.caudete.org\/marearosa\" target=\"_blank\" rel=\"noopener\"><span style=\"color: #1155cc;\"><span style=\"font-family: Arial, Helvetica, sans-serif;\"><span style=\"font-size: medium;\">www.caudete.org\/marearosa<\/span><\/span><\/span><\/a><\/p>\n<p><span style=\"color: #222222;\"><span style=\"font-family: Arial, Helvetica, sans-serif;\"><span style=\"font-size: medium;\">Los participantes, previo a la salida tendr\u00e1n que dirigirse al Espacio Municipal La Sala para retirar el dorsal, momento en el que se les obsequiar\u00e1 con una camiseta conmemorativa del evento.<\/span><\/span><\/span><\/p>\n<p><span style=\"color: #222222;\"><span style=\"font-family: Arial, Helvetica, sans-serif;\"><span style=\"font-size: medium;\">Acto seguido tendr\u00e1 lugar la salida desde la Calle Antonio Amor\u00f3s, para completar un recorrido de 4500 m donde cada participantes deber\u00e1 de dar un total de dos vueltas al circuito establecido.<\/span><\/span><\/span><\/p>\n<p><span style=\"color: #222222;\"><span style=\"font-family: Arial, Helvetica, sans-serif;\"><span style=\"font-size: medium;\">El Recorrido trascurrir\u00e1 por las siguientes calles: Antonio Amor\u00f3s, Juan Carlos I, Luis Pascual, Molino, Plaza del Carmen, Mercado, Virgen de Gracia y Camino de la Virgen para finalmente hacer meta en la calle Antonio Amor\u00f3s.<\/span><\/span><\/span><\/p>\n<p><span style=\"color: #222222;\"><span style=\"font-family: Arial, Helvetica, sans-serif;\"><span style=\"font-size: medium;\">El evento finalizar\u00e1 con la correspondiente entrega de trofeos. El cu\u00e1l se llevar\u00e1 a cabo en la Plaza del Carmen junto con otras actividades que tiene programada Acaluca.<\/span><\/span><\/span><\/p>\n<p><span style=\"color: #222222;\"><span style=\"font-family: Arial, Helvetica, sans-serif;\"><span style=\"font-size: medium;\">Durante la tarde del 3 de Junio, Acaluca cont\u00ednua su actividad con el III evento solidario de cortadores de Jam\u00f3n a partir de las 18:00h en la Plaza del Carmen.<\/span><\/span><\/span><\/p>\n<p><span style=\"color: #222222;\"><span style=\"font-family: Arial, Helvetica, sans-serif;\"><span style=\"font-size: medium;\">Cortadores de jam\u00f3n y Acaluca, recaudar\u00e1n fondos para la Investigaci\u00f3n del C\u00e1ncer, en una tarde solidaria en la que te invitamos a asistir con t\u00fa familia y amigos.<\/span><\/span><\/span><\/p>\n<p><span style=\"color: #222222;\"><span style=\"font-family: Arial, Helvetica, sans-serif;\"><span style=\"font-size: medium;\">Disfruta de una tapa de jam\u00f3n y bebida y contribuye a la investigaci\u00f3n del c\u00e1ncer.<\/span><\/span><\/span><\/p>\n<p><span style=\"color: #222222;\"><span style=\"font-family: Arial, Helvetica, sans-serif;\"><span style=\"font-size: medium;\">Por \u00faltimo animar a toda la poblaci\u00f3n a participar en este evento solidario.<\/span><\/span><\/span><\/p>\n<p><a href=\"https:\/\/www.caudete.org\/ayuntamiento\/celebracion-de-la-carrera-popular-marea-rosa-el-3-de-junio\/carteleria-carrera-marea-rosa\/\" rel=\"attachment wp-att-22243\"><img fetchpriority=\"high\" decoding=\"async\" class=\"aligncenter size-full wp-image-22243\" src=\"https:\/\/www.caudete.org\/ayuntamiento\/wp-content\/uploads\/2023\/05\/Carteleria-carrera-marea-rosa.jpg\" rel='prettyPhoto' alt=\"\" width=\"700\" height=\"990\" srcset=\"https:\/\/www.caudete.org\/ayuntamiento\/wp-content\/uploads\/2023\/05\/Carteleria-carrera-marea-rosa.jpg 700w, https:\/\/www.caudete.org\/ayuntamiento\/wp-content\/uploads\/2023\/05\/Carteleria-carrera-marea-rosa-212x300.jpg 212w\" sizes=\"(max-width: 700px) 100vw, 700px\" \/><\/a><\/p>\n","protected":false},"excerpt":{"rendered":"<p>Presentamos un a\u00f1o m\u00e1s la nueva edici\u00f3n de la Carrera Popular denominada Marea Rosa, evento organizado por ACALUCA (Asociaci\u00f3n Caudetana de lucha contra el c\u00e1ncer) y por la Concejal\u00eda de Deportes del Ayuntamiento de Caudete. La carrera tendr\u00e1 lugar el s\u00e1bado 3 de junio, comenzando a las 18:30 horas desde la Ciudad Deportiva Antonio Amor\u00f3s &hellip;<\/p>\n","protected":false},"author":1,"featured_media":22245,"comment_status":"closed","ping_status":"open","sticky":false,"template":"","format":"standard","meta":{"ngg_post_thumbnail":0,"footnotes":""},"categories":[23],"tags":[],"class_list":["post-22241","post","type-post","status-publish","format-standard","has-post-thumbnail","hentry","category-deportes"],"yoast_head":"<!-- This site is optimized with the Yoast SEO plugin v27.5 - https:\/\/yoast.com\/product\/yoast-seo-wordpress\/ -->\n<title>Celebraci\u00f3n de la Carrera Popular Marea Rosa el 3 de junio - MI Ayuntamiento de Caudete<\/title>\n<meta name=\"description\" content=\"P\u00e1gina Oficial del Ayuntamiento de Caudete (Albacete)\" \/>\n<meta name=\"robots\" content=\"index, follow, max-snippet:-1, max-image-preview:large, max-video-preview:-1\" \/>\n<link rel=\"canonical\" href=\"https:\/\/www.caudete.org\/ayuntamiento\/celebracion-de-la-carrera-popular-marea-rosa-el-3-de-junio\/\" \/>\n<meta property=\"og:locale\" content=\"es_ES\" \/>\n<meta property=\"og:type\" content=\"article\" \/>\n<meta property=\"og:title\" content=\"Celebraci\u00f3n de la Carrera Popular Marea Rosa el 3 de junio - MI Ayuntamiento de Caudete\" \/>\n<meta property=\"og:description\" content=\"P\u00e1gina Oficial del Ayuntamiento de Caudete (Albacete)\" \/>\n<meta property=\"og:url\" content=\"https:\/\/www.caudete.org\/ayuntamiento\/celebracion-de-la-carrera-popular-marea-rosa-el-3-de-junio\/\" \/>\n<meta property=\"og:site_name\" content=\"MI Ayuntamiento de Caudete\" \/>\n<meta property=\"article:publisher\" content=\"https:\/\/www.facebook.com\/ayuntamientocaudete\/\" \/>\n<meta property=\"article:published_time\" content=\"2023-05-24T12:12:19+00:00\" \/>\n<meta property=\"article:modified_time\" content=\"2023-05-25T06:11:44+00:00\" \/>\n<meta property=\"og:image\" content=\"https:\/\/www.caudete.org\/ayuntamiento\/wp-content\/uploads\/2023\/05\/Carteleria-carrera-marea-rosa-1-port.jpg\" \/>\n\t<meta property=\"og:image:width\" content=\"600\" \/>\n\t<meta property=\"og:image:height\" content=\"235\" \/>\n\t<meta property=\"og:image:type\" content=\"image\/jpeg\" \/>\n<meta name=\"author\" content=\"ayun\" \/>\n<meta name=\"twitter:card\" content=\"summary_large_image\" \/>\n<meta name=\"twitter:label1\" content=\"Escrito por\" \/>\n\t<meta name=\"twitter:data1\" content=\"ayun\" \/>\n\t<meta name=\"twitter:label2\" content=\"Tiempo de lectura\" \/>\n\t<meta name=\"twitter:data2\" content=\"2 minutos\" \/>\n<script type=\"application\/ld+json\" class=\"yoast-schema-graph\">{\"@context\":\"https:\\\/\\\/schema.org\",\"@graph\":[{\"@type\":\"Article\",\"@id\":\"https:\\\/\\\/www.caudete.org\\\/ayuntamiento\\\/celebracion-de-la-carrera-popular-marea-rosa-el-3-de-junio\\\/#article\",\"isPartOf\":{\"@id\":\"https:\\\/\\\/www.caudete.org\\\/ayuntamiento\\\/celebracion-de-la-carrera-popular-marea-rosa-el-3-de-junio\\\/\"},\"author\":{\"name\":\"ayun\",\"@id\":\"https:\\\/\\\/www.caudete.org\\\/ayuntamiento\\\/#\\\/schema\\\/person\\\/79f7e19fdd176fc2bc7a289013dc2056\"},\"headline\":\"Celebraci\u00f3n de la Carrera Popular Marea Rosa el 3 de junio\",\"datePublished\":\"2023-05-24T12:12:19+00:00\",\"dateModified\":\"2023-05-25T06:11:44+00:00\",\"mainEntityOfPage\":{\"@id\":\"https:\\\/\\\/www.caudete.org\\\/ayuntamiento\\\/celebracion-de-la-carrera-popular-marea-rosa-el-3-de-junio\\\/\"},\"wordCount\":337,\"image\":{\"@id\":\"https:\\\/\\\/www.caudete.org\\\/ayuntamiento\\\/celebracion-de-la-carrera-popular-marea-rosa-el-3-de-junio\\\/#primaryimage\"},\"thumbnailUrl\":\"https:\\\/\\\/www.caudete.org\\\/ayuntamiento\\\/wp-content\\\/uploads\\\/2023\\\/05\\\/Carteleria-carrera-marea-rosa-1-port.jpg\",\"articleSection\":[\"Deportes\"],\"inLanguage\":\"es\"},{\"@type\":\"WebPage\",\"@id\":\"https:\\\/\\\/www.caudete.org\\\/ayuntamiento\\\/celebracion-de-la-carrera-popular-marea-rosa-el-3-de-junio\\\/\",\"url\":\"https:\\\/\\\/www.caudete.org\\\/ayuntamiento\\\/celebracion-de-la-carrera-popular-marea-rosa-el-3-de-junio\\\/\",\"name\":\"Celebraci\u00f3n de la Carrera Popular Marea Rosa el 3 de junio - MI Ayuntamiento de Caudete\",\"isPartOf\":{\"@id\":\"https:\\\/\\\/www.caudete.org\\\/ayuntamiento\\\/#website\"},\"primaryImageOfPage\":{\"@id\":\"https:\\\/\\\/www.caudete.org\\\/ayuntamiento\\\/celebracion-de-la-carrera-popular-marea-rosa-el-3-de-junio\\\/#primaryimage\"},\"image\":{\"@id\":\"https:\\\/\\\/www.caudete.org\\\/ayuntamiento\\\/celebracion-de-la-carrera-popular-marea-rosa-el-3-de-junio\\\/#primaryimage\"},\"thumbnailUrl\":\"https:\\\/\\\/www.caudete.org\\\/ayuntamiento\\\/wp-content\\\/uploads\\\/2023\\\/05\\\/Carteleria-carrera-marea-rosa-1-port.jpg\",\"datePublished\":\"2023-05-24T12:12:19+00:00\",\"dateModified\":\"2023-05-25T06:11:44+00:00\",\"author\":{\"@id\":\"https:\\\/\\\/www.caudete.org\\\/ayuntamiento\\\/#\\\/schema\\\/person\\\/79f7e19fdd176fc2bc7a289013dc2056\"},\"description\":\"P\u00e1gina Oficial del Ayuntamiento de Caudete (Albacete)\",\"breadcrumb\":{\"@id\":\"https:\\\/\\\/www.caudete.org\\\/ayuntamiento\\\/celebracion-de-la-carrera-popular-marea-rosa-el-3-de-junio\\\/#breadcrumb\"},\"inLanguage\":\"es\",\"potentialAction\":[{\"@type\":\"ReadAction\",\"target\":[\"https:\\\/\\\/www.caudete.org\\\/ayuntamiento\\\/celebracion-de-la-carrera-popular-marea-rosa-el-3-de-junio\\\/\"]}]},{\"@type\":\"ImageObject\",\"inLanguage\":\"es\",\"@id\":\"https:\\\/\\\/www.caudete.org\\\/ayuntamiento\\\/celebracion-de-la-carrera-popular-marea-rosa-el-3-de-junio\\\/#primaryimage\",\"url\":\"https:\\\/\\\/www.caudete.org\\\/ayuntamiento\\\/wp-content\\\/uploads\\\/2023\\\/05\\\/Carteleria-carrera-marea-rosa-1-port.jpg\",\"contentUrl\":\"https:\\\/\\\/www.caudete.org\\\/ayuntamiento\\\/wp-content\\\/uploads\\\/2023\\\/05\\\/Carteleria-carrera-marea-rosa-1-port.jpg\",\"width\":600,\"height\":235},{\"@type\":\"BreadcrumbList\",\"@id\":\"https:\\\/\\\/www.caudete.org\\\/ayuntamiento\\\/celebracion-de-la-carrera-popular-marea-rosa-el-3-de-junio\\\/#breadcrumb\",\"itemListElement\":[{\"@type\":\"ListItem\",\"position\":1,\"name\":\"Inicio\",\"item\":\"https:\\\/\\\/www.caudete.org\\\/ayuntamiento\\\/\"},{\"@type\":\"ListItem\",\"position\":2,\"name\":\"Celebraci\u00f3n de la Carrera Popular Marea Rosa el 3 de junio\"}]},{\"@type\":\"WebSite\",\"@id\":\"https:\\\/\\\/www.caudete.org\\\/ayuntamiento\\\/#website\",\"url\":\"https:\\\/\\\/www.caudete.org\\\/ayuntamiento\\\/\",\"name\":\"MI Ayuntamiento de Caudete\",\"description\":\"P\u00e1gina Oficial del MI Ayuntamiento de Caudete\",\"potentialAction\":[{\"@type\":\"SearchAction\",\"target\":{\"@type\":\"EntryPoint\",\"urlTemplate\":\"https:\\\/\\\/www.caudete.org\\\/ayuntamiento\\\/?s={search_term_string}\"},\"query-input\":{\"@type\":\"PropertyValueSpecification\",\"valueRequired\":true,\"valueName\":\"search_term_string\"}}],\"inLanguage\":\"es\"},{\"@type\":\"Person\",\"@id\":\"https:\\\/\\\/www.caudete.org\\\/ayuntamiento\\\/#\\\/schema\\\/person\\\/79f7e19fdd176fc2bc7a289013dc2056\",\"name\":\"ayun\",\"image\":{\"@type\":\"ImageObject\",\"inLanguage\":\"es\",\"@id\":\"https:\\\/\\\/secure.gravatar.com\\\/avatar\\\/4ce797ee07c943e7e592f8cd648e503e6cd571387558ed07135799c2bd2847df?s=96&d=mm&r=g\",\"url\":\"https:\\\/\\\/secure.gravatar.com\\\/avatar\\\/4ce797ee07c943e7e592f8cd648e503e6cd571387558ed07135799c2bd2847df?s=96&d=mm&r=g\",\"contentUrl\":\"https:\\\/\\\/secure.gravatar.com\\\/avatar\\\/4ce797ee07c943e7e592f8cd648e503e6cd571387558ed07135799c2bd2847df?s=96&d=mm&r=g\",\"caption\":\"ayun\"},\"sameAs\":[\"http:\\\/\\\/www.caudete.org\\\/ayuntamiento\"],\"url\":\"https:\\\/\\\/www.caudete.org\\\/ayuntamiento\\\/author\\\/ayun\\\/\"}]}<\/script>\n<!-- \/ Yoast SEO plugin. -->","yoast_head_json":{"title":"Celebraci\u00f3n de la Carrera Popular Marea Rosa el 3 de junio - MI Ayuntamiento de Caudete","description":"P\u00e1gina Oficial del Ayuntamiento de Caudete (Albacete)","robots":{"index":"index","follow":"follow","max-snippet":"max-snippet:-1","max-image-preview":"max-image-preview:large","max-video-preview":"max-video-preview:-1"},"canonical":"https:\/\/www.caudete.org\/ayuntamiento\/celebracion-de-la-carrera-popular-marea-rosa-el-3-de-junio\/","og_locale":"es_ES","og_type":"article","og_title":"Celebraci\u00f3n de la Carrera Popular Marea Rosa el 3 de junio - MI Ayuntamiento de Caudete","og_description":"P\u00e1gina Oficial del Ayuntamiento de Caudete (Albacete)","og_url":"https:\/\/www.caudete.org\/ayuntamiento\/celebracion-de-la-carrera-popular-marea-rosa-el-3-de-junio\/","og_site_name":"MI Ayuntamiento de Caudete","article_publisher":"https:\/\/www.facebook.com\/ayuntamientocaudete\/","article_published_time":"2023-05-24T12:12:19+00:00","article_modified_time":"2023-05-25T06:11:44+00:00","og_image":[{"width":600,"height":235,"url":"https:\/\/www.caudete.org\/ayuntamiento\/wp-content\/uploads\/2023\/05\/Carteleria-carrera-marea-rosa-1-port.jpg","type":"image\/jpeg"}],"author":"ayun","twitter_card":"summary_large_image","twitter_misc":{"Escrito por":"ayun","Tiempo de lectura":"2 minutos"},"schema":{"@context":"https:\/\/schema.org","@graph":[{"@type":"Article","@id":"https:\/\/www.caudete.org\/ayuntamiento\/celebracion-de-la-carrera-popular-marea-rosa-el-3-de-junio\/#article","isPartOf":{"@id":"https:\/\/www.caudete.org\/ayuntamiento\/celebracion-de-la-carrera-popular-marea-rosa-el-3-de-junio\/"},"author":{"name":"ayun","@id":"https:\/\/www.caudete.org\/ayuntamiento\/#\/schema\/person\/79f7e19fdd176fc2bc7a289013dc2056"},"headline":"Celebraci\u00f3n de la Carrera Popular Marea Rosa el 3 de junio","datePublished":"2023-05-24T12:12:19+00:00","dateModified":"2023-05-25T06:11:44+00:00","mainEntityOfPage":{"@id":"https:\/\/www.caudete.org\/ayuntamiento\/celebracion-de-la-carrera-popular-marea-rosa-el-3-de-junio\/"},"wordCount":337,"image":{"@id":"https:\/\/www.caudete.org\/ayuntamiento\/celebracion-de-la-carrera-popular-marea-rosa-el-3-de-junio\/#primaryimage"},"thumbnailUrl":"https:\/\/www.caudete.org\/ayuntamiento\/wp-content\/uploads\/2023\/05\/Carteleria-carrera-marea-rosa-1-port.jpg","articleSection":["Deportes"],"inLanguage":"es"},{"@type":"WebPage","@id":"https:\/\/www.caudete.org\/ayuntamiento\/celebracion-de-la-carrera-popular-marea-rosa-el-3-de-junio\/","url":"https:\/\/www.caudete.org\/ayuntamiento\/celebracion-de-la-carrera-popular-marea-rosa-el-3-de-junio\/","name":"Celebraci\u00f3n de la Carrera Popular Marea Rosa el 3 de junio - MI Ayuntamiento de Caudete","isPartOf":{"@id":"https:\/\/www.caudete.org\/ayuntamiento\/#website"},"primaryImageOfPage":{"@id":"https:\/\/www.caudete.org\/ayuntamiento\/celebracion-de-la-carrera-popular-marea-rosa-el-3-de-junio\/#primaryimage"},"image":{"@id":"https:\/\/www.caudete.org\/ayuntamiento\/celebracion-de-la-carrera-popular-marea-rosa-el-3-de-junio\/#primaryimage"},"thumbnailUrl":"https:\/\/www.caudete.org\/ayuntamiento\/wp-content\/uploads\/2023\/05\/Carteleria-carrera-marea-rosa-1-port.jpg","datePublished":"2023-05-24T12:12:19+00:00","dateModified":"2023-05-25T06:11:44+00:00","author":{"@id":"https:\/\/www.caudete.org\/ayuntamiento\/#\/schema\/person\/79f7e19fdd176fc2bc7a289013dc2056"},"description":"P\u00e1gina Oficial del Ayuntamiento de Caudete (Albacete)","breadcrumb":{"@id":"https:\/\/www.caudete.org\/ayuntamiento\/celebracion-de-la-carrera-popular-marea-rosa-el-3-de-junio\/#breadcrumb"},"inLanguage":"es","potentialAction":[{"@type":"ReadAction","target":["https:\/\/www.caudete.org\/ayuntamiento\/celebracion-de-la-carrera-popular-marea-rosa-el-3-de-junio\/"]}]},{"@type":"ImageObject","inLanguage":"es","@id":"https:\/\/www.caudete.org\/ayuntamiento\/celebracion-de-la-carrera-popular-marea-rosa-el-3-de-junio\/#primaryimage","url":"https:\/\/www.caudete.org\/ayuntamiento\/wp-content\/uploads\/2023\/05\/Carteleria-carrera-marea-rosa-1-port.jpg","contentUrl":"https:\/\/www.caudete.org\/ayuntamiento\/wp-content\/uploads\/2023\/05\/Carteleria-carrera-marea-rosa-1-port.jpg","width":600,"height":235},{"@type":"BreadcrumbList","@id":"https:\/\/www.caudete.org\/ayuntamiento\/celebracion-de-la-carrera-popular-marea-rosa-el-3-de-junio\/#breadcrumb","itemListElement":[{"@type":"ListItem","position":1,"name":"Inicio","item":"https:\/\/www.caudete.org\/ayuntamiento\/"},{"@type":"ListItem","position":2,"name":"Celebraci\u00f3n de la Carrera Popular Marea Rosa el 3 de junio"}]},{"@type":"WebSite","@id":"https:\/\/www.caudete.org\/ayuntamiento\/#website","url":"https:\/\/www.caudete.org\/ayuntamiento\/","name":"MI Ayuntamiento de Caudete","description":"P\u00e1gina Oficial del MI Ayuntamiento de Caudete","potentialAction":[{"@type":"SearchAction","target":{"@type":"EntryPoint","urlTemplate":"https:\/\/www.caudete.org\/ayuntamiento\/?s={search_term_string}"},"query-input":{"@type":"PropertyValueSpecification","valueRequired":true,"valueName":"search_term_string"}}],"inLanguage":"es"},{"@type":"Person","@id":"https:\/\/www.caudete.org\/ayuntamiento\/#\/schema\/person\/79f7e19fdd176fc2bc7a289013dc2056","name":"ayun","image":{"@type":"ImageObject","inLanguage":"es","@id":"https:\/\/secure.gravatar.com\/avatar\/4ce797ee07c943e7e592f8cd648e503e6cd571387558ed07135799c2bd2847df?s=96&d=mm&r=g","url":"https:\/\/secure.gravatar.com\/avatar\/4ce797ee07c943e7e592f8cd648e503e6cd571387558ed07135799c2bd2847df?s=96&d=mm&r=g","contentUrl":"https:\/\/secure.gravatar.com\/avatar\/4ce797ee07c943e7e592f8cd648e503e6cd571387558ed07135799c2bd2847df?s=96&d=mm&r=g","caption":"ayun"},"sameAs":["http:\/\/www.caudete.org\/ayuntamiento"],"url":"https:\/\/www.caudete.org\/ayuntamiento\/author\/ayun\/"}]}},"_links":{"self":[{"href":"https:\/\/www.caudete.org\/ayuntamiento\/wp-json\/wp\/v2\/posts\/22241","targetHints":{"allow":["GET"]}}],"collection":[{"href":"https:\/\/www.caudete.org\/ayuntamiento\/wp-json\/wp\/v2\/posts"}],"about":[{"href":"https:\/\/www.caudete.org\/ayuntamiento\/wp-json\/wp\/v2\/types\/post"}],"author":[{"embeddable":true,"href":"https:\/\/www.caudete.org\/ayuntamiento\/wp-json\/wp\/v2\/users\/1"}],"replies":[{"embeddable":true,"href":"https:\/\/www.caudete.org\/ayuntamiento\/wp-json\/wp\/v2\/comments?post=22241"}],"version-history":[{"count":3,"href":"https:\/\/www.caudete.org\/ayuntamiento\/wp-json\/wp\/v2\/posts\/22241\/revisions"}],"predecessor-version":[{"id":22259,"href":"https:\/\/www.caudete.org\/ayuntamiento\/wp-json\/wp\/v2\/posts\/22241\/revisions\/22259"}],"wp:featuredmedia":[{"embeddable":true,"href":"https:\/\/www.caudete.org\/ayuntamiento\/wp-json\/wp\/v2\/media\/22245"}],"wp:attachment":[{"href":"https:\/\/www.caudete.org\/ayuntamiento\/wp-json\/wp\/v2\/media?parent=22241"}],"wp:term":[{"taxonomy":"category","embeddable":true,"href":"https:\/\/www.caudete.org\/ayuntamiento\/wp-json\/wp\/v2\/categories?post=22241"},{"taxonomy":"post_tag","embeddable":true,"href":"https:\/\/www.caudete.org\/ayuntamiento\/wp-json\/wp\/v2\/tags?post=22241"}],"curies":[{"name":"wp","href":"https:\/\/api.w.org\/{rel}","templated":true}]}}