{"id":22246,"date":"2023-05-24T15:09:27","date_gmt":"2023-05-24T13:09:27","guid":{"rendered":"https:\/\/www.caudete.org\/ayuntamiento\/?p=22246"},"modified":"2023-05-24T15:09:29","modified_gmt":"2023-05-24T13:09:29","slug":"la-concejalia-de-sanidad-continua-con-su-actividad-de-formacion-dentro-del-proyecto-caudete-cardioprotegido","status":"publish","type":"post","link":"https:\/\/www.caudete.org\/ayuntamiento\/la-concejalia-de-sanidad-continua-con-su-actividad-de-formacion-dentro-del-proyecto-caudete-cardioprotegido\/","title":{"rendered":"La Concejal\u00eda de Sanidad contin\u00faa con su actividad de formaci\u00f3n dentro del proyecto Caudete Cardioprotegido"},"content":{"rendered":"<p>La concejal\u00eda de Sanidad prioriza la formaci\u00f3n en primeros auxilios: Soporte Vital B\u00e1sico y desfibriladores para sus empleados en el municipio de Caudete, por lo que durante diferentes d\u00edas del mes de Mayo se han realizado diversos cursos, realizando un esfuerzo para garantizar la seguridad y el bienestar de sus empleados, dentro de los edificios p\u00fablicos donde se han instalado desfibriladores, tomando la iniciativa de implementar una capacitaci\u00f3n integral en primeros auxilios, incluyendo el soporte vital b\u00e1sico y el uso de desfibriladores. Esta medida se ha adoptado con el objetivo de asegurar una respuesta efectiva y r\u00e1pida en situaciones de emergencia dentro de los entornos de trabajo.<br \/>\nLa formaci\u00f3n en primeros auxilios es un conjunto de habilidades vitales que permite a los individuos responder adecuadamente en caso de lesiones o enfermedades repentinas. El soporte vital b\u00e1sico, por su parte, se refiere a las t\u00e9cnicas esenciales para mantener con vida a una persona hasta que llegue la atenci\u00f3n m\u00e9dica profesional.<\/p>\n<p>Adem\u00e1s de la capacitaci\u00f3n en soporte vital b\u00e1sico, la concejalia de Sanidad,ha reconocido la importancia de contar con desfibriladores externos semiautom\u00e1ticos (DESA) en lugares estrat\u00e9gicos. Estos dispositivos, tambi\u00e9n conocidos como desfibriladores externos autom\u00e1ticos, son cruciales para restablecer el ritmo card\u00edaco normal en caso de una parada card\u00edaca s\u00fabita, una situaci\u00f3n en la que cada segundo cuenta. Los empleados municipales ahora estar\u00e1n equipados con los conocimientos necesarios para utilizar estos dispositivos con confianza y eficacia, lo que podr\u00eda salvar vidas en casos de emergencia.<br \/>\nAl implementar esta formaci\u00f3n en primeros auxilios, el ayuntamiento busca no solo garantizar la seguridad de sus empleados, sino tambi\u00e9n fomentar una cultura de respuesta r\u00e1pida y solidaridad en toda la comunidad. Estos conocimientos y habilidades no solo beneficiar\u00e1n a los empleados en su lugar de trabajo, sino que tambi\u00e9n les permitir\u00e1n brindar ayuda en caso de emergencia en cualquier entorno en el que se encuentren.<\/p>\n<p>El ayuntamiento ha establecido una colaboraci\u00f3n con expertos en primeros auxilios y profesionales para impartir la formaci\u00f3n, y con la Fundaci\u00f3n Espa\u00f1ola del Coraz\u00f3n, y se espera que todos los empleados municipales reciban esta capacitaci\u00f3n en los pr\u00f3ximos meses, lo que garantizar\u00e1 una fuerza laboral preparada y capaz de actuar en situaciones cr\u00edticas.<\/p>\n<p>Sin duda, esta decisi\u00f3n es un paso importante hacia una sociedad m\u00e1s segura y responde a la necesidad de estar preparados para situaciones de emergencia. Esperamos que otras instituciones sigan este ejemplo y pongan la seguridad y el bienestar de las personas en el centro de sus prioridades.<\/p>\n<p><a href=\"https:\/\/www.caudete.org\/ayuntamiento\/la-concejalia-de-sanidad-continua-con-su-actividad-de-formacion-dentro-del-proyecto-caudete-cardioprotegido\/20230522_183309\/\" rel=\"attachment wp-att-22252\"><img fetchpriority=\"high\" decoding=\"async\" class=\"aligncenter size-full wp-image-22252\" src=\"https:\/\/www.caudete.org\/ayuntamiento\/wp-content\/uploads\/2023\/05\/20230522_183309.jpg\" rel='prettyPhoto' alt=\"\" width=\"700\" height=\"525\" srcset=\"https:\/\/www.caudete.org\/ayuntamiento\/wp-content\/uploads\/2023\/05\/20230522_183309.jpg 700w, https:\/\/www.caudete.org\/ayuntamiento\/wp-content\/uploads\/2023\/05\/20230522_183309-300x225.jpg 300w\" sizes=\"(max-width: 700px) 100vw, 700px\" \/><\/a> <a href=\"https:\/\/www.caudete.org\/ayuntamiento\/la-concejalia-de-sanidad-continua-con-su-actividad-de-formacion-dentro-del-proyecto-caudete-cardioprotegido\/20230522_183335\/\" rel=\"attachment wp-att-22253\"><img decoding=\"async\" class=\"aligncenter size-full wp-image-22253\" src=\"https:\/\/www.caudete.org\/ayuntamiento\/wp-content\/uploads\/2023\/05\/20230522_183335.jpg\" rel='prettyPhoto' alt=\"\" width=\"700\" height=\"525\" srcset=\"https:\/\/www.caudete.org\/ayuntamiento\/wp-content\/uploads\/2023\/05\/20230522_183335.jpg 700w, https:\/\/www.caudete.org\/ayuntamiento\/wp-content\/uploads\/2023\/05\/20230522_183335-300x225.jpg 300w\" sizes=\"(max-width: 700px) 100vw, 700px\" \/><\/a> <a href=\"https:\/\/www.caudete.org\/ayuntamiento\/la-concejalia-de-sanidad-continua-con-su-actividad-de-formacion-dentro-del-proyecto-caudete-cardioprotegido\/20230522_183405\/\" rel=\"attachment wp-att-22254\"><img decoding=\"async\" class=\"aligncenter size-full wp-image-22254\" src=\"https:\/\/www.caudete.org\/ayuntamiento\/wp-content\/uploads\/2023\/05\/20230522_183405.jpg\" rel='prettyPhoto' alt=\"\" width=\"700\" height=\"933\" srcset=\"https:\/\/www.caudete.org\/ayuntamiento\/wp-content\/uploads\/2023\/05\/20230522_183405.jpg 700w, https:\/\/www.caudete.org\/ayuntamiento\/wp-content\/uploads\/2023\/05\/20230522_183405-225x300.jpg 225w\" sizes=\"(max-width: 700px) 100vw, 700px\" \/><\/a> <a href=\"https:\/\/www.caudete.org\/ayuntamiento\/la-concejalia-de-sanidad-continua-con-su-actividad-de-formacion-dentro-del-proyecto-caudete-cardioprotegido\/20230522_211749\/\" rel=\"attachment wp-att-22255\"><img loading=\"lazy\" decoding=\"async\" class=\"aligncenter size-full wp-image-22255\" src=\"https:\/\/www.caudete.org\/ayuntamiento\/wp-content\/uploads\/2023\/05\/20230522_211749.jpg\" rel='prettyPhoto' alt=\"\" width=\"700\" height=\"933\" srcset=\"https:\/\/www.caudete.org\/ayuntamiento\/wp-content\/uploads\/2023\/05\/20230522_211749.jpg 700w, https:\/\/www.caudete.org\/ayuntamiento\/wp-content\/uploads\/2023\/05\/20230522_211749-225x300.jpg 225w\" sizes=\"(max-width: 700px) 100vw, 700px\" \/><\/a><\/p>\n","protected":false},"excerpt":{"rendered":"<p>La concejal\u00eda de Sanidad prioriza la formaci\u00f3n en primeros auxilios: Soporte Vital B\u00e1sico y desfibriladores para sus empleados en el municipio de Caudete, por lo que durante diferentes d\u00edas del mes de Mayo se han realizado diversos cursos, realizando un esfuerzo para garantizar la seguridad y el bienestar de sus empleados, dentro de los edificios &hellip;<\/p>\n","protected":false},"author":1,"featured_media":22256,"comment_status":"closed","ping_status":"open","sticky":false,"template":"","format":"standard","meta":{"ngg_post_thumbnail":0,"footnotes":""},"categories":[16],"tags":[],"class_list":["post-22246","post","type-post","status-publish","format-standard","has-post-thumbnail","hentry","category-sanidad"],"yoast_head":"<!-- This site is optimized with the Yoast SEO plugin v27.4 - https:\/\/yoast.com\/product\/yoast-seo-wordpress\/ -->\n<title>La Concejal\u00eda de Sanidad contin\u00faa con su actividad de formaci\u00f3n dentro del proyecto Caudete Cardioprotegido - MI Ayuntamiento de Caudete<\/title>\n<meta name=\"description\" content=\"P\u00e1gina Oficial del Ayuntamiento de Caudete (Albacete)\" \/>\n<meta name=\"robots\" content=\"index, follow, max-snippet:-1, max-image-preview:large, max-video-preview:-1\" \/>\n<link rel=\"canonical\" href=\"https:\/\/www.caudete.org\/ayuntamiento\/la-concejalia-de-sanidad-continua-con-su-actividad-de-formacion-dentro-del-proyecto-caudete-cardioprotegido\/\" \/>\n<meta property=\"og:locale\" content=\"es_ES\" \/>\n<meta property=\"og:type\" content=\"article\" \/>\n<meta property=\"og:title\" content=\"La Concejal\u00eda de Sanidad contin\u00faa con su actividad de formaci\u00f3n dentro del proyecto Caudete Cardioprotegido - MI Ayuntamiento de Caudete\" \/>\n<meta property=\"og:description\" content=\"P\u00e1gina Oficial del Ayuntamiento de Caudete (Albacete)\" \/>\n<meta property=\"og:url\" content=\"https:\/\/www.caudete.org\/ayuntamiento\/la-concejalia-de-sanidad-continua-con-su-actividad-de-formacion-dentro-del-proyecto-caudete-cardioprotegido\/\" \/>\n<meta property=\"og:site_name\" content=\"MI Ayuntamiento de Caudete\" \/>\n<meta property=\"article:publisher\" content=\"https:\/\/www.facebook.com\/ayuntamientocaudete\/\" \/>\n<meta property=\"article:published_time\" content=\"2023-05-24T13:09:27+00:00\" \/>\n<meta property=\"article:modified_time\" content=\"2023-05-24T13:09:29+00:00\" \/>\n<meta property=\"og:image\" content=\"https:\/\/www.caudete.org\/ayuntamiento\/wp-content\/uploads\/2023\/05\/20230522_183335-port.jpg\" \/>\n\t<meta property=\"og:image:width\" content=\"652\" \/>\n\t<meta property=\"og:image:height\" content=\"232\" \/>\n\t<meta property=\"og:image:type\" content=\"image\/jpeg\" \/>\n<meta name=\"author\" content=\"ayun\" \/>\n<meta name=\"twitter:card\" content=\"summary_large_image\" \/>\n<meta name=\"twitter:label1\" content=\"Escrito por\" \/>\n\t<meta name=\"twitter:data1\" content=\"ayun\" \/>\n\t<meta name=\"twitter:label2\" content=\"Tiempo de lectura\" \/>\n\t<meta name=\"twitter:data2\" content=\"3 minutos\" \/>\n<script type=\"application\/ld+json\" class=\"yoast-schema-graph\">{\"@context\":\"https:\\\/\\\/schema.org\",\"@graph\":[{\"@type\":\"Article\",\"@id\":\"https:\\\/\\\/www.caudete.org\\\/ayuntamiento\\\/la-concejalia-de-sanidad-continua-con-su-actividad-de-formacion-dentro-del-proyecto-caudete-cardioprotegido\\\/#article\",\"isPartOf\":{\"@id\":\"https:\\\/\\\/www.caudete.org\\\/ayuntamiento\\\/la-concejalia-de-sanidad-continua-con-su-actividad-de-formacion-dentro-del-proyecto-caudete-cardioprotegido\\\/\"},\"author\":{\"name\":\"ayun\",\"@id\":\"https:\\\/\\\/www.caudete.org\\\/ayuntamiento\\\/#\\\/schema\\\/person\\\/79f7e19fdd176fc2bc7a289013dc2056\"},\"headline\":\"La Concejal\u00eda de Sanidad contin\u00faa con su actividad de formaci\u00f3n dentro del proyecto Caudete Cardioprotegido\",\"datePublished\":\"2023-05-24T13:09:27+00:00\",\"dateModified\":\"2023-05-24T13:09:29+00:00\",\"mainEntityOfPage\":{\"@id\":\"https:\\\/\\\/www.caudete.org\\\/ayuntamiento\\\/la-concejalia-de-sanidad-continua-con-su-actividad-de-formacion-dentro-del-proyecto-caudete-cardioprotegido\\\/\"},\"wordCount\":470,\"publisher\":{\"@id\":\"https:\\\/\\\/www.caudete.org\\\/ayuntamiento\\\/#organization\"},\"image\":{\"@id\":\"https:\\\/\\\/www.caudete.org\\\/ayuntamiento\\\/la-concejalia-de-sanidad-continua-con-su-actividad-de-formacion-dentro-del-proyecto-caudete-cardioprotegido\\\/#primaryimage\"},\"thumbnailUrl\":\"https:\\\/\\\/www.caudete.org\\\/ayuntamiento\\\/wp-content\\\/uploads\\\/2023\\\/05\\\/20230522_183335-port.jpg\",\"articleSection\":[\"Sanidad\"],\"inLanguage\":\"es\"},{\"@type\":\"WebPage\",\"@id\":\"https:\\\/\\\/www.caudete.org\\\/ayuntamiento\\\/la-concejalia-de-sanidad-continua-con-su-actividad-de-formacion-dentro-del-proyecto-caudete-cardioprotegido\\\/\",\"url\":\"https:\\\/\\\/www.caudete.org\\\/ayuntamiento\\\/la-concejalia-de-sanidad-continua-con-su-actividad-de-formacion-dentro-del-proyecto-caudete-cardioprotegido\\\/\",\"name\":\"La Concejal\u00eda de Sanidad contin\u00faa con su actividad de formaci\u00f3n dentro del proyecto Caudete Cardioprotegido - MI Ayuntamiento de Caudete\",\"isPartOf\":{\"@id\":\"https:\\\/\\\/www.caudete.org\\\/ayuntamiento\\\/#website\"},\"primaryImageOfPage\":{\"@id\":\"https:\\\/\\\/www.caudete.org\\\/ayuntamiento\\\/la-concejalia-de-sanidad-continua-con-su-actividad-de-formacion-dentro-del-proyecto-caudete-cardioprotegido\\\/#primaryimage\"},\"image\":{\"@id\":\"https:\\\/\\\/www.caudete.org\\\/ayuntamiento\\\/la-concejalia-de-sanidad-continua-con-su-actividad-de-formacion-dentro-del-proyecto-caudete-cardioprotegido\\\/#primaryimage\"},\"thumbnailUrl\":\"https:\\\/\\\/www.caudete.org\\\/ayuntamiento\\\/wp-content\\\/uploads\\\/2023\\\/05\\\/20230522_183335-port.jpg\",\"datePublished\":\"2023-05-24T13:09:27+00:00\",\"dateModified\":\"2023-05-24T13:09:29+00:00\",\"description\":\"P\u00e1gina Oficial del Ayuntamiento de Caudete (Albacete)\",\"breadcrumb\":{\"@id\":\"https:\\\/\\\/www.caudete.org\\\/ayuntamiento\\\/la-concejalia-de-sanidad-continua-con-su-actividad-de-formacion-dentro-del-proyecto-caudete-cardioprotegido\\\/#breadcrumb\"},\"inLanguage\":\"es\",\"potentialAction\":[{\"@type\":\"ReadAction\",\"target\":[\"https:\\\/\\\/www.caudete.org\\\/ayuntamiento\\\/la-concejalia-de-sanidad-continua-con-su-actividad-de-formacion-dentro-del-proyecto-caudete-cardioprotegido\\\/\"]}]},{\"@type\":\"ImageObject\",\"inLanguage\":\"es\",\"@id\":\"https:\\\/\\\/www.caudete.org\\\/ayuntamiento\\\/la-concejalia-de-sanidad-continua-con-su-actividad-de-formacion-dentro-del-proyecto-caudete-cardioprotegido\\\/#primaryimage\",\"url\":\"https:\\\/\\\/www.caudete.org\\\/ayuntamiento\\\/wp-content\\\/uploads\\\/2023\\\/05\\\/20230522_183335-port.jpg\",\"contentUrl\":\"https:\\\/\\\/www.caudete.org\\\/ayuntamiento\\\/wp-content\\\/uploads\\\/2023\\\/05\\\/20230522_183335-port.jpg\",\"width\":652,\"height\":232},{\"@type\":\"BreadcrumbList\",\"@id\":\"https:\\\/\\\/www.caudete.org\\\/ayuntamiento\\\/la-concejalia-de-sanidad-continua-con-su-actividad-de-formacion-dentro-del-proyecto-caudete-cardioprotegido\\\/#breadcrumb\",\"itemListElement\":[{\"@type\":\"ListItem\",\"position\":1,\"name\":\"Inicio\",\"item\":\"https:\\\/\\\/www.caudete.org\\\/ayuntamiento\\\/\"},{\"@type\":\"ListItem\",\"position\":2,\"name\":\"La Concejal\u00eda de Sanidad contin\u00faa con su actividad de formaci\u00f3n dentro del proyecto Caudete Cardioprotegido\"}]},{\"@type\":\"WebSite\",\"@id\":\"https:\\\/\\\/www.caudete.org\\\/ayuntamiento\\\/#website\",\"url\":\"https:\\\/\\\/www.caudete.org\\\/ayuntamiento\\\/\",\"name\":\"MI Ayuntamiento de Caudete\",\"description\":\"P\u00e1gina Oficial del MI Ayuntamiento de Caudete\",\"publisher\":{\"@id\":\"https:\\\/\\\/www.caudete.org\\\/ayuntamiento\\\/#organization\"},\"potentialAction\":[{\"@type\":\"SearchAction\",\"target\":{\"@type\":\"EntryPoint\",\"urlTemplate\":\"https:\\\/\\\/www.caudete.org\\\/ayuntamiento\\\/?s={search_term_string}\"},\"query-input\":{\"@type\":\"PropertyValueSpecification\",\"valueRequired\":true,\"valueName\":\"search_term_string\"}}],\"inLanguage\":\"es\"},{\"@type\":\"Organization\",\"@id\":\"https:\\\/\\\/www.caudete.org\\\/ayuntamiento\\\/#organization\",\"name\":\"Ayuntamiento de Caudete\",\"url\":\"https:\\\/\\\/www.caudete.org\\\/ayuntamiento\\\/\",\"logo\":{\"@type\":\"ImageObject\",\"inLanguage\":\"es\",\"@id\":\"https:\\\/\\\/www.caudete.org\\\/ayuntamiento\\\/#\\\/schema\\\/logo\\\/image\\\/\",\"url\":\"https:\\\/\\\/www.caudete.org\\\/ayuntamiento\\\/wp-content\\\/uploads\\\/2020\\\/11\\\/logo_ayuntamiento_caudete.jpg\",\"contentUrl\":\"https:\\\/\\\/www.caudete.org\\\/ayuntamiento\\\/wp-content\\\/uploads\\\/2020\\\/11\\\/logo_ayuntamiento_caudete.jpg\",\"width\":600,\"height\":150,\"caption\":\"Ayuntamiento de Caudete\"},\"image\":{\"@id\":\"https:\\\/\\\/www.caudete.org\\\/ayuntamiento\\\/#\\\/schema\\\/logo\\\/image\\\/\"},\"sameAs\":[\"https:\\\/\\\/www.facebook.com\\\/ayuntamientocaudete\\\/\",\"https:\\\/\\\/www.youtube.com\\\/channel\\\/UC6VztHaooNsGpw-tNoBEFnQ\"]},{\"@type\":\"Person\",\"@id\":\"https:\\\/\\\/www.caudete.org\\\/ayuntamiento\\\/#\\\/schema\\\/person\\\/79f7e19fdd176fc2bc7a289013dc2056\",\"name\":\"ayun\",\"image\":{\"@type\":\"ImageObject\",\"inLanguage\":\"es\",\"@id\":\"https:\\\/\\\/secure.gravatar.com\\\/avatar\\\/4ce797ee07c943e7e592f8cd648e503e6cd571387558ed07135799c2bd2847df?s=96&d=mm&r=g\",\"url\":\"https:\\\/\\\/secure.gravatar.com\\\/avatar\\\/4ce797ee07c943e7e592f8cd648e503e6cd571387558ed07135799c2bd2847df?s=96&d=mm&r=g\",\"contentUrl\":\"https:\\\/\\\/secure.gravatar.com\\\/avatar\\\/4ce797ee07c943e7e592f8cd648e503e6cd571387558ed07135799c2bd2847df?s=96&d=mm&r=g\",\"caption\":\"ayun\"},\"sameAs\":[\"http:\\\/\\\/www.caudete.org\\\/ayuntamiento\"],\"url\":\"https:\\\/\\\/www.caudete.org\\\/ayuntamiento\\\/author\\\/ayun\\\/\"}]}<\/script>\n<!-- \/ Yoast SEO plugin. -->","yoast_head_json":{"title":"La Concejal\u00eda de Sanidad contin\u00faa con su actividad de formaci\u00f3n dentro del proyecto Caudete Cardioprotegido - MI Ayuntamiento de Caudete","description":"P\u00e1gina Oficial del Ayuntamiento de Caudete (Albacete)","robots":{"index":"index","follow":"follow","max-snippet":"max-snippet:-1","max-image-preview":"max-image-preview:large","max-video-preview":"max-video-preview:-1"},"canonical":"https:\/\/www.caudete.org\/ayuntamiento\/la-concejalia-de-sanidad-continua-con-su-actividad-de-formacion-dentro-del-proyecto-caudete-cardioprotegido\/","og_locale":"es_ES","og_type":"article","og_title":"La Concejal\u00eda de Sanidad contin\u00faa con su actividad de formaci\u00f3n dentro del proyecto Caudete Cardioprotegido - MI Ayuntamiento de Caudete","og_description":"P\u00e1gina Oficial del Ayuntamiento de Caudete (Albacete)","og_url":"https:\/\/www.caudete.org\/ayuntamiento\/la-concejalia-de-sanidad-continua-con-su-actividad-de-formacion-dentro-del-proyecto-caudete-cardioprotegido\/","og_site_name":"MI Ayuntamiento de Caudete","article_publisher":"https:\/\/www.facebook.com\/ayuntamientocaudete\/","article_published_time":"2023-05-24T13:09:27+00:00","article_modified_time":"2023-05-24T13:09:29+00:00","og_image":[{"width":652,"height":232,"url":"https:\/\/www.caudete.org\/ayuntamiento\/wp-content\/uploads\/2023\/05\/20230522_183335-port.jpg","type":"image\/jpeg"}],"author":"ayun","twitter_card":"summary_large_image","twitter_misc":{"Escrito por":"ayun","Tiempo de lectura":"3 minutos"},"schema":{"@context":"https:\/\/schema.org","@graph":[{"@type":"Article","@id":"https:\/\/www.caudete.org\/ayuntamiento\/la-concejalia-de-sanidad-continua-con-su-actividad-de-formacion-dentro-del-proyecto-caudete-cardioprotegido\/#article","isPartOf":{"@id":"https:\/\/www.caudete.org\/ayuntamiento\/la-concejalia-de-sanidad-continua-con-su-actividad-de-formacion-dentro-del-proyecto-caudete-cardioprotegido\/"},"author":{"name":"ayun","@id":"https:\/\/www.caudete.org\/ayuntamiento\/#\/schema\/person\/79f7e19fdd176fc2bc7a289013dc2056"},"headline":"La Concejal\u00eda de Sanidad contin\u00faa con su actividad de formaci\u00f3n dentro del proyecto Caudete Cardioprotegido","datePublished":"2023-05-24T13:09:27+00:00","dateModified":"2023-05-24T13:09:29+00:00","mainEntityOfPage":{"@id":"https:\/\/www.caudete.org\/ayuntamiento\/la-concejalia-de-sanidad-continua-con-su-actividad-de-formacion-dentro-del-proyecto-caudete-cardioprotegido\/"},"wordCount":470,"publisher":{"@id":"https:\/\/www.caudete.org\/ayuntamiento\/#organization"},"image":{"@id":"https:\/\/www.caudete.org\/ayuntamiento\/la-concejalia-de-sanidad-continua-con-su-actividad-de-formacion-dentro-del-proyecto-caudete-cardioprotegido\/#primaryimage"},"thumbnailUrl":"https:\/\/www.caudete.org\/ayuntamiento\/wp-content\/uploads\/2023\/05\/20230522_183335-port.jpg","articleSection":["Sanidad"],"inLanguage":"es"},{"@type":"WebPage","@id":"https:\/\/www.caudete.org\/ayuntamiento\/la-concejalia-de-sanidad-continua-con-su-actividad-de-formacion-dentro-del-proyecto-caudete-cardioprotegido\/","url":"https:\/\/www.caudete.org\/ayuntamiento\/la-concejalia-de-sanidad-continua-con-su-actividad-de-formacion-dentro-del-proyecto-caudete-cardioprotegido\/","name":"La Concejal\u00eda de Sanidad contin\u00faa con su actividad de formaci\u00f3n dentro del proyecto Caudete Cardioprotegido - MI Ayuntamiento de Caudete","isPartOf":{"@id":"https:\/\/www.caudete.org\/ayuntamiento\/#website"},"primaryImageOfPage":{"@id":"https:\/\/www.caudete.org\/ayuntamiento\/la-concejalia-de-sanidad-continua-con-su-actividad-de-formacion-dentro-del-proyecto-caudete-cardioprotegido\/#primaryimage"},"image":{"@id":"https:\/\/www.caudete.org\/ayuntamiento\/la-concejalia-de-sanidad-continua-con-su-actividad-de-formacion-dentro-del-proyecto-caudete-cardioprotegido\/#primaryimage"},"thumbnailUrl":"https:\/\/www.caudete.org\/ayuntamiento\/wp-content\/uploads\/2023\/05\/20230522_183335-port.jpg","datePublished":"2023-05-24T13:09:27+00:00","dateModified":"2023-05-24T13:09:29+00:00","description":"P\u00e1gina Oficial del Ayuntamiento de Caudete (Albacete)","breadcrumb":{"@id":"https:\/\/www.caudete.org\/ayuntamiento\/la-concejalia-de-sanidad-continua-con-su-actividad-de-formacion-dentro-del-proyecto-caudete-cardioprotegido\/#breadcrumb"},"inLanguage":"es","potentialAction":[{"@type":"ReadAction","target":["https:\/\/www.caudete.org\/ayuntamiento\/la-concejalia-de-sanidad-continua-con-su-actividad-de-formacion-dentro-del-proyecto-caudete-cardioprotegido\/"]}]},{"@type":"ImageObject","inLanguage":"es","@id":"https:\/\/www.caudete.org\/ayuntamiento\/la-concejalia-de-sanidad-continua-con-su-actividad-de-formacion-dentro-del-proyecto-caudete-cardioprotegido\/#primaryimage","url":"https:\/\/www.caudete.org\/ayuntamiento\/wp-content\/uploads\/2023\/05\/20230522_183335-port.jpg","contentUrl":"https:\/\/www.caudete.org\/ayuntamiento\/wp-content\/uploads\/2023\/05\/20230522_183335-port.jpg","width":652,"height":232},{"@type":"BreadcrumbList","@id":"https:\/\/www.caudete.org\/ayuntamiento\/la-concejalia-de-sanidad-continua-con-su-actividad-de-formacion-dentro-del-proyecto-caudete-cardioprotegido\/#breadcrumb","itemListElement":[{"@type":"ListItem","position":1,"name":"Inicio","item":"https:\/\/www.caudete.org\/ayuntamiento\/"},{"@type":"ListItem","position":2,"name":"La Concejal\u00eda de Sanidad contin\u00faa con su actividad de formaci\u00f3n dentro del proyecto Caudete Cardioprotegido"}]},{"@type":"WebSite","@id":"https:\/\/www.caudete.org\/ayuntamiento\/#website","url":"https:\/\/www.caudete.org\/ayuntamiento\/","name":"MI Ayuntamiento de Caudete","description":"P\u00e1gina Oficial del MI Ayuntamiento de Caudete","publisher":{"@id":"https:\/\/www.caudete.org\/ayuntamiento\/#organization"},"potentialAction":[{"@type":"SearchAction","target":{"@type":"EntryPoint","urlTemplate":"https:\/\/www.caudete.org\/ayuntamiento\/?s={search_term_string}"},"query-input":{"@type":"PropertyValueSpecification","valueRequired":true,"valueName":"search_term_string"}}],"inLanguage":"es"},{"@type":"Organization","@id":"https:\/\/www.caudete.org\/ayuntamiento\/#organization","name":"Ayuntamiento de Caudete","url":"https:\/\/www.caudete.org\/ayuntamiento\/","logo":{"@type":"ImageObject","inLanguage":"es","@id":"https:\/\/www.caudete.org\/ayuntamiento\/#\/schema\/logo\/image\/","url":"https:\/\/www.caudete.org\/ayuntamiento\/wp-content\/uploads\/2020\/11\/logo_ayuntamiento_caudete.jpg","contentUrl":"https:\/\/www.caudete.org\/ayuntamiento\/wp-content\/uploads\/2020\/11\/logo_ayuntamiento_caudete.jpg","width":600,"height":150,"caption":"Ayuntamiento de Caudete"},"image":{"@id":"https:\/\/www.caudete.org\/ayuntamiento\/#\/schema\/logo\/image\/"},"sameAs":["https:\/\/www.facebook.com\/ayuntamientocaudete\/","https:\/\/www.youtube.com\/channel\/UC6VztHaooNsGpw-tNoBEFnQ"]},{"@type":"Person","@id":"https:\/\/www.caudete.org\/ayuntamiento\/#\/schema\/person\/79f7e19fdd176fc2bc7a289013dc2056","name":"ayun","image":{"@type":"ImageObject","inLanguage":"es","@id":"https:\/\/secure.gravatar.com\/avatar\/4ce797ee07c943e7e592f8cd648e503e6cd571387558ed07135799c2bd2847df?s=96&d=mm&r=g","url":"https:\/\/secure.gravatar.com\/avatar\/4ce797ee07c943e7e592f8cd648e503e6cd571387558ed07135799c2bd2847df?s=96&d=mm&r=g","contentUrl":"https:\/\/secure.gravatar.com\/avatar\/4ce797ee07c943e7e592f8cd648e503e6cd571387558ed07135799c2bd2847df?s=96&d=mm&r=g","caption":"ayun"},"sameAs":["http:\/\/www.caudete.org\/ayuntamiento"],"url":"https:\/\/www.caudete.org\/ayuntamiento\/author\/ayun\/"}]}},"_links":{"self":[{"href":"https:\/\/www.caudete.org\/ayuntamiento\/wp-json\/wp\/v2\/posts\/22246","targetHints":{"allow":["GET"]}}],"collection":[{"href":"https:\/\/www.caudete.org\/ayuntamiento\/wp-json\/wp\/v2\/posts"}],"about":[{"href":"https:\/\/www.caudete.org\/ayuntamiento\/wp-json\/wp\/v2\/types\/post"}],"author":[{"embeddable":true,"href":"https:\/\/www.caudete.org\/ayuntamiento\/wp-json\/wp\/v2\/users\/1"}],"replies":[{"embeddable":true,"href":"https:\/\/www.caudete.org\/ayuntamiento\/wp-json\/wp\/v2\/comments?post=22246"}],"version-history":[{"count":3,"href":"https:\/\/www.caudete.org\/ayuntamiento\/wp-json\/wp\/v2\/posts\/22246\/revisions"}],"predecessor-version":[{"id":22258,"href":"https:\/\/www.caudete.org\/ayuntamiento\/wp-json\/wp\/v2\/posts\/22246\/revisions\/22258"}],"wp:featuredmedia":[{"embeddable":true,"href":"https:\/\/www.caudete.org\/ayuntamiento\/wp-json\/wp\/v2\/media\/22256"}],"wp:attachment":[{"href":"https:\/\/www.caudete.org\/ayuntamiento\/wp-json\/wp\/v2\/media?parent=22246"}],"wp:term":[{"taxonomy":"category","embeddable":true,"href":"https:\/\/www.caudete.org\/ayuntamiento\/wp-json\/wp\/v2\/categories?post=22246"},{"taxonomy":"post_tag","embeddable":true,"href":"https:\/\/www.caudete.org\/ayuntamiento\/wp-json\/wp\/v2\/tags?post=22246"}],"curies":[{"name":"wp","href":"https:\/\/api.w.org\/{rel}","templated":true}]}}