{"id":22266,"date":"2023-05-24T23:56:38","date_gmt":"2023-05-24T21:56:38","guid":{"rendered":"https:\/\/www.caudete.org\/ayuntamiento\/?p=22266"},"modified":"2023-05-24T23:56:38","modified_gmt":"2023-05-24T21:56:38","slug":"mejoras-de-accesibilidad-con-la-ejecucion-de-vados-peatonales","status":"publish","type":"post","link":"https:\/\/www.caudete.org\/ayuntamiento\/mejoras-de-accesibilidad-con-la-ejecucion-de-vados-peatonales\/","title":{"rendered":"Mejoras de accesibilidad con la ejecuci\u00f3n de vados peatonales"},"content":{"rendered":"<p style=\"text-align: justify;\">El Concejal de Accesibilidad, Joaqu\u00edn Pag\u00e1n, ha informado del inicio de las obras de accesibilidad programadas para continuar con la supresi\u00f3n de barreras arquitect\u00f3nicas en las calles, mediante la creaci\u00f3n de vados peatonales en diferentes puntos del municipio.<\/p>\n<p style=\"text-align: justify;\">Dentro del Plan de Mejoras urbanas, <em><strong>CaudeteAccesible<\/strong><\/em> acent\u00faa estas actuaciones con el objetivo de mejorar la accesibilidad eliminando barreras arquitect\u00f3nicas que suponen impedimento para el peat\u00f3n, adem\u00e1s de un foco de riesgos e inseguridad.<\/p>\n<p style=\"text-align: justify;\">Las obras fueron adjudicadas por <strong>48.279\u201900\u20ac<\/strong> a la constructora <strong>HB Projects, S.L<\/strong>., quien por motivos de carga de trabajo no ha podido llevar a cabo los mismos con anterioridad, seg\u00fan remarcaba el Edil.<\/p>\n<p style=\"text-align: justify;\">Con el programa dise\u00f1ado se prev\u00e9\u00a0<strong>actuar en 9 puntos<\/strong>\u00a0diferenciados del casco urbano, y supondr\u00e1n una\u00a0<strong>mejora existente de la accesibilidad<\/strong>. Con ello, se solucionan problemas detectados, puntos negros y solicitudes realizadas por caudetanos, a la misma vez que se va completando en materia de accesibilidad la trama urbana:<\/p>\n<p style=\"padding-left: 40px;\">-N\u00ba 1: Calle El Molino \u2013 Calle La Huerta.<br \/>\n-N\u00ba 2: Calle El Molino (Residencia de Ancianos).<br \/>\n-N\u00ba 3: Calle Poeta Evaristo Ba\u00f1\u00f3n \u2013 Calle Atleta Antonio Amor\u00f3s.<br \/>\n-N\u00ba 4: Calle Echegaray \u2013 Calle Alcalde Luis Pascual.<br \/>\n-N\u00ba 5: Calle Miguel Hern\u00e1ndez (frente a la farmacia).<br \/>\n-N\u00ba 6: Calle Miguel Hern\u00e1ndez (frente a Vertical Shop)<br \/>\n-N\u00ba 7: Calle Atleta Antonio Amor\u00f3s.<br \/>\n-N\u00ba 8: Calle Garc\u00eda Lorca (frente bazar Dafa)<br \/>\n-N\u00ba 9: Atleta Antonio Amor\u00f3s intersecci\u00f3n con Calle Las Eras<\/p>\n<p><img fetchpriority=\"high\" decoding=\"async\" class=\"wp-image-20565 size-full aligncenter\" src=\"https:\/\/www.caudete.org\/ayuntamiento\/wp-content\/uploads\/2022\/11\/Captura-de-pantalla-2022-11-13-231348.jpg\" alt=\"\" width=\"978\" height=\"645\" srcset=\"https:\/\/www.caudete.org\/ayuntamiento\/wp-content\/uploads\/2022\/11\/Captura-de-pantalla-2022-11-13-231348.jpg 978w, https:\/\/www.caudete.org\/ayuntamiento\/wp-content\/uploads\/2022\/11\/Captura-de-pantalla-2022-11-13-231348-300x198.jpg 300w, https:\/\/www.caudete.org\/ayuntamiento\/wp-content\/uploads\/2022\/11\/Captura-de-pantalla-2022-11-13-231348-768x507.jpg 768w\" sizes=\"(max-width: 978px) 100vw, 978px\" \/><\/p>\n","protected":false},"excerpt":{"rendered":"<p>El Concejal de Accesibilidad, Joaqu\u00edn Pag\u00e1n, ha informado del inicio de las obras de accesibilidad programadas para continuar con la supresi\u00f3n de barreras arquitect\u00f3nicas en las calles, mediante la creaci\u00f3n de vados peatonales en diferentes puntos del municipio. Dentro del Plan de Mejoras urbanas, CaudeteAccesible acent\u00faa estas actuaciones con el objetivo de mejorar la accesibilidad &hellip;<\/p>\n","protected":false},"author":3,"featured_media":22267,"comment_status":"closed","ping_status":"open","sticky":false,"template":"","format":"standard","meta":{"ngg_post_thumbnail":0,"footnotes":""},"categories":[47],"tags":[],"class_list":["post-22266","post","type-post","status-publish","format-standard","has-post-thumbnail","hentry","category-accesibilidad"],"yoast_head":"<!-- This site is optimized with the Yoast SEO plugin v27.4 - https:\/\/yoast.com\/product\/yoast-seo-wordpress\/ -->\n<title>Mejoras de accesibilidad con la ejecuci\u00f3n de vados peatonales - MI Ayuntamiento de Caudete<\/title>\n<meta name=\"description\" content=\"P\u00e1gina Oficial del Ayuntamiento de Caudete (Albacete)\" \/>\n<meta name=\"robots\" content=\"index, follow, max-snippet:-1, max-image-preview:large, max-video-preview:-1\" \/>\n<link rel=\"canonical\" href=\"https:\/\/www.caudete.org\/ayuntamiento\/mejoras-de-accesibilidad-con-la-ejecucion-de-vados-peatonales\/\" \/>\n<meta property=\"og:locale\" content=\"es_ES\" \/>\n<meta property=\"og:type\" content=\"article\" \/>\n<meta property=\"og:title\" content=\"Mejoras de accesibilidad con la ejecuci\u00f3n de vados peatonales - MI Ayuntamiento de Caudete\" \/>\n<meta property=\"og:description\" content=\"P\u00e1gina Oficial del Ayuntamiento de Caudete (Albacete)\" \/>\n<meta property=\"og:url\" content=\"https:\/\/www.caudete.org\/ayuntamiento\/mejoras-de-accesibilidad-con-la-ejecucion-de-vados-peatonales\/\" \/>\n<meta property=\"og:site_name\" content=\"MI Ayuntamiento de Caudete\" \/>\n<meta property=\"article:publisher\" content=\"https:\/\/www.facebook.com\/ayuntamientocaudete\/\" \/>\n<meta property=\"article:published_time\" content=\"2023-05-24T21:56:38+00:00\" \/>\n<meta property=\"og:image\" content=\"https:\/\/www.caudete.org\/ayuntamiento\/wp-content\/uploads\/2023\/05\/WhatsApp-Image-2023-05-22-at-16.34.36.jpeg\" \/>\n\t<meta property=\"og:image:width\" content=\"2048\" \/>\n\t<meta property=\"og:image:height\" content=\"1536\" \/>\n\t<meta property=\"og:image:type\" content=\"image\/jpeg\" \/>\n<meta name=\"author\" content=\"alcalde\" \/>\n<meta name=\"twitter:card\" content=\"summary_large_image\" \/>\n<meta name=\"twitter:label1\" content=\"Escrito por\" \/>\n\t<meta name=\"twitter:data1\" content=\"alcalde\" \/>\n\t<meta name=\"twitter:label2\" content=\"Tiempo de lectura\" \/>\n\t<meta name=\"twitter:data2\" content=\"2 minutos\" \/>\n<script type=\"application\/ld+json\" class=\"yoast-schema-graph\">{\"@context\":\"https:\\\/\\\/schema.org\",\"@graph\":[{\"@type\":\"Article\",\"@id\":\"https:\\\/\\\/www.caudete.org\\\/ayuntamiento\\\/mejoras-de-accesibilidad-con-la-ejecucion-de-vados-peatonales\\\/#article\",\"isPartOf\":{\"@id\":\"https:\\\/\\\/www.caudete.org\\\/ayuntamiento\\\/mejoras-de-accesibilidad-con-la-ejecucion-de-vados-peatonales\\\/\"},\"author\":{\"name\":\"alcalde\",\"@id\":\"https:\\\/\\\/www.caudete.org\\\/ayuntamiento\\\/#\\\/schema\\\/person\\\/cc646da9133078ee4d8dd47457947253\"},\"headline\":\"Mejoras de accesibilidad con la ejecuci\u00f3n de vados peatonales\",\"datePublished\":\"2023-05-24T21:56:38+00:00\",\"mainEntityOfPage\":{\"@id\":\"https:\\\/\\\/www.caudete.org\\\/ayuntamiento\\\/mejoras-de-accesibilidad-con-la-ejecucion-de-vados-peatonales\\\/\"},\"wordCount\":251,\"publisher\":{\"@id\":\"https:\\\/\\\/www.caudete.org\\\/ayuntamiento\\\/#organization\"},\"image\":{\"@id\":\"https:\\\/\\\/www.caudete.org\\\/ayuntamiento\\\/mejoras-de-accesibilidad-con-la-ejecucion-de-vados-peatonales\\\/#primaryimage\"},\"thumbnailUrl\":\"https:\\\/\\\/www.caudete.org\\\/ayuntamiento\\\/wp-content\\\/uploads\\\/2023\\\/05\\\/WhatsApp-Image-2023-05-22-at-16.34.36.jpeg\",\"articleSection\":[\"Accesibilidad\"],\"inLanguage\":\"es\"},{\"@type\":\"WebPage\",\"@id\":\"https:\\\/\\\/www.caudete.org\\\/ayuntamiento\\\/mejoras-de-accesibilidad-con-la-ejecucion-de-vados-peatonales\\\/\",\"url\":\"https:\\\/\\\/www.caudete.org\\\/ayuntamiento\\\/mejoras-de-accesibilidad-con-la-ejecucion-de-vados-peatonales\\\/\",\"name\":\"Mejoras de accesibilidad con la ejecuci\u00f3n de vados peatonales - MI Ayuntamiento de Caudete\",\"isPartOf\":{\"@id\":\"https:\\\/\\\/www.caudete.org\\\/ayuntamiento\\\/#website\"},\"primaryImageOfPage\":{\"@id\":\"https:\\\/\\\/www.caudete.org\\\/ayuntamiento\\\/mejoras-de-accesibilidad-con-la-ejecucion-de-vados-peatonales\\\/#primaryimage\"},\"image\":{\"@id\":\"https:\\\/\\\/www.caudete.org\\\/ayuntamiento\\\/mejoras-de-accesibilidad-con-la-ejecucion-de-vados-peatonales\\\/#primaryimage\"},\"thumbnailUrl\":\"https:\\\/\\\/www.caudete.org\\\/ayuntamiento\\\/wp-content\\\/uploads\\\/2023\\\/05\\\/WhatsApp-Image-2023-05-22-at-16.34.36.jpeg\",\"datePublished\":\"2023-05-24T21:56:38+00:00\",\"description\":\"P\u00e1gina Oficial del Ayuntamiento de Caudete (Albacete)\",\"breadcrumb\":{\"@id\":\"https:\\\/\\\/www.caudete.org\\\/ayuntamiento\\\/mejoras-de-accesibilidad-con-la-ejecucion-de-vados-peatonales\\\/#breadcrumb\"},\"inLanguage\":\"es\",\"potentialAction\":[{\"@type\":\"ReadAction\",\"target\":[\"https:\\\/\\\/www.caudete.org\\\/ayuntamiento\\\/mejoras-de-accesibilidad-con-la-ejecucion-de-vados-peatonales\\\/\"]}]},{\"@type\":\"ImageObject\",\"inLanguage\":\"es\",\"@id\":\"https:\\\/\\\/www.caudete.org\\\/ayuntamiento\\\/mejoras-de-accesibilidad-con-la-ejecucion-de-vados-peatonales\\\/#primaryimage\",\"url\":\"https:\\\/\\\/www.caudete.org\\\/ayuntamiento\\\/wp-content\\\/uploads\\\/2023\\\/05\\\/WhatsApp-Image-2023-05-22-at-16.34.36.jpeg\",\"contentUrl\":\"https:\\\/\\\/www.caudete.org\\\/ayuntamiento\\\/wp-content\\\/uploads\\\/2023\\\/05\\\/WhatsApp-Image-2023-05-22-at-16.34.36.jpeg\",\"width\":2048,\"height\":1536},{\"@type\":\"BreadcrumbList\",\"@id\":\"https:\\\/\\\/www.caudete.org\\\/ayuntamiento\\\/mejoras-de-accesibilidad-con-la-ejecucion-de-vados-peatonales\\\/#breadcrumb\",\"itemListElement\":[{\"@type\":\"ListItem\",\"position\":1,\"name\":\"Inicio\",\"item\":\"https:\\\/\\\/www.caudete.org\\\/ayuntamiento\\\/\"},{\"@type\":\"ListItem\",\"position\":2,\"name\":\"Mejoras de accesibilidad con la ejecuci\u00f3n de vados peatonales\"}]},{\"@type\":\"WebSite\",\"@id\":\"https:\\\/\\\/www.caudete.org\\\/ayuntamiento\\\/#website\",\"url\":\"https:\\\/\\\/www.caudete.org\\\/ayuntamiento\\\/\",\"name\":\"MI Ayuntamiento de Caudete\",\"description\":\"P\u00e1gina Oficial del MI Ayuntamiento de Caudete\",\"publisher\":{\"@id\":\"https:\\\/\\\/www.caudete.org\\\/ayuntamiento\\\/#organization\"},\"potentialAction\":[{\"@type\":\"SearchAction\",\"target\":{\"@type\":\"EntryPoint\",\"urlTemplate\":\"https:\\\/\\\/www.caudete.org\\\/ayuntamiento\\\/?s={search_term_string}\"},\"query-input\":{\"@type\":\"PropertyValueSpecification\",\"valueRequired\":true,\"valueName\":\"search_term_string\"}}],\"inLanguage\":\"es\"},{\"@type\":\"Organization\",\"@id\":\"https:\\\/\\\/www.caudete.org\\\/ayuntamiento\\\/#organization\",\"name\":\"Ayuntamiento de Caudete\",\"url\":\"https:\\\/\\\/www.caudete.org\\\/ayuntamiento\\\/\",\"logo\":{\"@type\":\"ImageObject\",\"inLanguage\":\"es\",\"@id\":\"https:\\\/\\\/www.caudete.org\\\/ayuntamiento\\\/#\\\/schema\\\/logo\\\/image\\\/\",\"url\":\"https:\\\/\\\/www.caudete.org\\\/ayuntamiento\\\/wp-content\\\/uploads\\\/2020\\\/11\\\/logo_ayuntamiento_caudete.jpg\",\"contentUrl\":\"https:\\\/\\\/www.caudete.org\\\/ayuntamiento\\\/wp-content\\\/uploads\\\/2020\\\/11\\\/logo_ayuntamiento_caudete.jpg\",\"width\":600,\"height\":150,\"caption\":\"Ayuntamiento de Caudete\"},\"image\":{\"@id\":\"https:\\\/\\\/www.caudete.org\\\/ayuntamiento\\\/#\\\/schema\\\/logo\\\/image\\\/\"},\"sameAs\":[\"https:\\\/\\\/www.facebook.com\\\/ayuntamientocaudete\\\/\",\"https:\\\/\\\/www.youtube.com\\\/channel\\\/UC6VztHaooNsGpw-tNoBEFnQ\"]},{\"@type\":\"Person\",\"@id\":\"https:\\\/\\\/www.caudete.org\\\/ayuntamiento\\\/#\\\/schema\\\/person\\\/cc646da9133078ee4d8dd47457947253\",\"name\":\"alcalde\",\"image\":{\"@type\":\"ImageObject\",\"inLanguage\":\"es\",\"@id\":\"https:\\\/\\\/secure.gravatar.com\\\/avatar\\\/84a817ba065b29ff08d666b215a215f5c79186a645ccb25b14a663d48a130f77?s=96&d=mm&r=g\",\"url\":\"https:\\\/\\\/secure.gravatar.com\\\/avatar\\\/84a817ba065b29ff08d666b215a215f5c79186a645ccb25b14a663d48a130f77?s=96&d=mm&r=g\",\"contentUrl\":\"https:\\\/\\\/secure.gravatar.com\\\/avatar\\\/84a817ba065b29ff08d666b215a215f5c79186a645ccb25b14a663d48a130f77?s=96&d=mm&r=g\",\"caption\":\"alcalde\"},\"url\":\"https:\\\/\\\/www.caudete.org\\\/ayuntamiento\\\/author\\\/alcalde\\\/\"}]}<\/script>\n<!-- \/ Yoast SEO plugin. -->","yoast_head_json":{"title":"Mejoras de accesibilidad con la ejecuci\u00f3n de vados peatonales - MI Ayuntamiento de Caudete","description":"P\u00e1gina Oficial del Ayuntamiento de Caudete (Albacete)","robots":{"index":"index","follow":"follow","max-snippet":"max-snippet:-1","max-image-preview":"max-image-preview:large","max-video-preview":"max-video-preview:-1"},"canonical":"https:\/\/www.caudete.org\/ayuntamiento\/mejoras-de-accesibilidad-con-la-ejecucion-de-vados-peatonales\/","og_locale":"es_ES","og_type":"article","og_title":"Mejoras de accesibilidad con la ejecuci\u00f3n de vados peatonales - MI Ayuntamiento de Caudete","og_description":"P\u00e1gina Oficial del Ayuntamiento de Caudete (Albacete)","og_url":"https:\/\/www.caudete.org\/ayuntamiento\/mejoras-de-accesibilidad-con-la-ejecucion-de-vados-peatonales\/","og_site_name":"MI Ayuntamiento de Caudete","article_publisher":"https:\/\/www.facebook.com\/ayuntamientocaudete\/","article_published_time":"2023-05-24T21:56:38+00:00","og_image":[{"width":2048,"height":1536,"url":"https:\/\/www.caudete.org\/ayuntamiento\/wp-content\/uploads\/2023\/05\/WhatsApp-Image-2023-05-22-at-16.34.36.jpeg","type":"image\/jpeg"}],"author":"alcalde","twitter_card":"summary_large_image","twitter_misc":{"Escrito por":"alcalde","Tiempo de lectura":"2 minutos"},"schema":{"@context":"https:\/\/schema.org","@graph":[{"@type":"Article","@id":"https:\/\/www.caudete.org\/ayuntamiento\/mejoras-de-accesibilidad-con-la-ejecucion-de-vados-peatonales\/#article","isPartOf":{"@id":"https:\/\/www.caudete.org\/ayuntamiento\/mejoras-de-accesibilidad-con-la-ejecucion-de-vados-peatonales\/"},"author":{"name":"alcalde","@id":"https:\/\/www.caudete.org\/ayuntamiento\/#\/schema\/person\/cc646da9133078ee4d8dd47457947253"},"headline":"Mejoras de accesibilidad con la ejecuci\u00f3n de vados peatonales","datePublished":"2023-05-24T21:56:38+00:00","mainEntityOfPage":{"@id":"https:\/\/www.caudete.org\/ayuntamiento\/mejoras-de-accesibilidad-con-la-ejecucion-de-vados-peatonales\/"},"wordCount":251,"publisher":{"@id":"https:\/\/www.caudete.org\/ayuntamiento\/#organization"},"image":{"@id":"https:\/\/www.caudete.org\/ayuntamiento\/mejoras-de-accesibilidad-con-la-ejecucion-de-vados-peatonales\/#primaryimage"},"thumbnailUrl":"https:\/\/www.caudete.org\/ayuntamiento\/wp-content\/uploads\/2023\/05\/WhatsApp-Image-2023-05-22-at-16.34.36.jpeg","articleSection":["Accesibilidad"],"inLanguage":"es"},{"@type":"WebPage","@id":"https:\/\/www.caudete.org\/ayuntamiento\/mejoras-de-accesibilidad-con-la-ejecucion-de-vados-peatonales\/","url":"https:\/\/www.caudete.org\/ayuntamiento\/mejoras-de-accesibilidad-con-la-ejecucion-de-vados-peatonales\/","name":"Mejoras de accesibilidad con la ejecuci\u00f3n de vados peatonales - MI Ayuntamiento de Caudete","isPartOf":{"@id":"https:\/\/www.caudete.org\/ayuntamiento\/#website"},"primaryImageOfPage":{"@id":"https:\/\/www.caudete.org\/ayuntamiento\/mejoras-de-accesibilidad-con-la-ejecucion-de-vados-peatonales\/#primaryimage"},"image":{"@id":"https:\/\/www.caudete.org\/ayuntamiento\/mejoras-de-accesibilidad-con-la-ejecucion-de-vados-peatonales\/#primaryimage"},"thumbnailUrl":"https:\/\/www.caudete.org\/ayuntamiento\/wp-content\/uploads\/2023\/05\/WhatsApp-Image-2023-05-22-at-16.34.36.jpeg","datePublished":"2023-05-24T21:56:38+00:00","description":"P\u00e1gina Oficial del Ayuntamiento de Caudete (Albacete)","breadcrumb":{"@id":"https:\/\/www.caudete.org\/ayuntamiento\/mejoras-de-accesibilidad-con-la-ejecucion-de-vados-peatonales\/#breadcrumb"},"inLanguage":"es","potentialAction":[{"@type":"ReadAction","target":["https:\/\/www.caudete.org\/ayuntamiento\/mejoras-de-accesibilidad-con-la-ejecucion-de-vados-peatonales\/"]}]},{"@type":"ImageObject","inLanguage":"es","@id":"https:\/\/www.caudete.org\/ayuntamiento\/mejoras-de-accesibilidad-con-la-ejecucion-de-vados-peatonales\/#primaryimage","url":"https:\/\/www.caudete.org\/ayuntamiento\/wp-content\/uploads\/2023\/05\/WhatsApp-Image-2023-05-22-at-16.34.36.jpeg","contentUrl":"https:\/\/www.caudete.org\/ayuntamiento\/wp-content\/uploads\/2023\/05\/WhatsApp-Image-2023-05-22-at-16.34.36.jpeg","width":2048,"height":1536},{"@type":"BreadcrumbList","@id":"https:\/\/www.caudete.org\/ayuntamiento\/mejoras-de-accesibilidad-con-la-ejecucion-de-vados-peatonales\/#breadcrumb","itemListElement":[{"@type":"ListItem","position":1,"name":"Inicio","item":"https:\/\/www.caudete.org\/ayuntamiento\/"},{"@type":"ListItem","position":2,"name":"Mejoras de accesibilidad con la ejecuci\u00f3n de vados peatonales"}]},{"@type":"WebSite","@id":"https:\/\/www.caudete.org\/ayuntamiento\/#website","url":"https:\/\/www.caudete.org\/ayuntamiento\/","name":"MI Ayuntamiento de Caudete","description":"P\u00e1gina Oficial del MI Ayuntamiento de Caudete","publisher":{"@id":"https:\/\/www.caudete.org\/ayuntamiento\/#organization"},"potentialAction":[{"@type":"SearchAction","target":{"@type":"EntryPoint","urlTemplate":"https:\/\/www.caudete.org\/ayuntamiento\/?s={search_term_string}"},"query-input":{"@type":"PropertyValueSpecification","valueRequired":true,"valueName":"search_term_string"}}],"inLanguage":"es"},{"@type":"Organization","@id":"https:\/\/www.caudete.org\/ayuntamiento\/#organization","name":"Ayuntamiento de Caudete","url":"https:\/\/www.caudete.org\/ayuntamiento\/","logo":{"@type":"ImageObject","inLanguage":"es","@id":"https:\/\/www.caudete.org\/ayuntamiento\/#\/schema\/logo\/image\/","url":"https:\/\/www.caudete.org\/ayuntamiento\/wp-content\/uploads\/2020\/11\/logo_ayuntamiento_caudete.jpg","contentUrl":"https:\/\/www.caudete.org\/ayuntamiento\/wp-content\/uploads\/2020\/11\/logo_ayuntamiento_caudete.jpg","width":600,"height":150,"caption":"Ayuntamiento de Caudete"},"image":{"@id":"https:\/\/www.caudete.org\/ayuntamiento\/#\/schema\/logo\/image\/"},"sameAs":["https:\/\/www.facebook.com\/ayuntamientocaudete\/","https:\/\/www.youtube.com\/channel\/UC6VztHaooNsGpw-tNoBEFnQ"]},{"@type":"Person","@id":"https:\/\/www.caudete.org\/ayuntamiento\/#\/schema\/person\/cc646da9133078ee4d8dd47457947253","name":"alcalde","image":{"@type":"ImageObject","inLanguage":"es","@id":"https:\/\/secure.gravatar.com\/avatar\/84a817ba065b29ff08d666b215a215f5c79186a645ccb25b14a663d48a130f77?s=96&d=mm&r=g","url":"https:\/\/secure.gravatar.com\/avatar\/84a817ba065b29ff08d666b215a215f5c79186a645ccb25b14a663d48a130f77?s=96&d=mm&r=g","contentUrl":"https:\/\/secure.gravatar.com\/avatar\/84a817ba065b29ff08d666b215a215f5c79186a645ccb25b14a663d48a130f77?s=96&d=mm&r=g","caption":"alcalde"},"url":"https:\/\/www.caudete.org\/ayuntamiento\/author\/alcalde\/"}]}},"_links":{"self":[{"href":"https:\/\/www.caudete.org\/ayuntamiento\/wp-json\/wp\/v2\/posts\/22266","targetHints":{"allow":["GET"]}}],"collection":[{"href":"https:\/\/www.caudete.org\/ayuntamiento\/wp-json\/wp\/v2\/posts"}],"about":[{"href":"https:\/\/www.caudete.org\/ayuntamiento\/wp-json\/wp\/v2\/types\/post"}],"author":[{"embeddable":true,"href":"https:\/\/www.caudete.org\/ayuntamiento\/wp-json\/wp\/v2\/users\/3"}],"replies":[{"embeddable":true,"href":"https:\/\/www.caudete.org\/ayuntamiento\/wp-json\/wp\/v2\/comments?post=22266"}],"version-history":[{"count":1,"href":"https:\/\/www.caudete.org\/ayuntamiento\/wp-json\/wp\/v2\/posts\/22266\/revisions"}],"predecessor-version":[{"id":22268,"href":"https:\/\/www.caudete.org\/ayuntamiento\/wp-json\/wp\/v2\/posts\/22266\/revisions\/22268"}],"wp:featuredmedia":[{"embeddable":true,"href":"https:\/\/www.caudete.org\/ayuntamiento\/wp-json\/wp\/v2\/media\/22267"}],"wp:attachment":[{"href":"https:\/\/www.caudete.org\/ayuntamiento\/wp-json\/wp\/v2\/media?parent=22266"}],"wp:term":[{"taxonomy":"category","embeddable":true,"href":"https:\/\/www.caudete.org\/ayuntamiento\/wp-json\/wp\/v2\/categories?post=22266"},{"taxonomy":"post_tag","embeddable":true,"href":"https:\/\/www.caudete.org\/ayuntamiento\/wp-json\/wp\/v2\/tags?post=22266"}],"curies":[{"name":"wp","href":"https:\/\/api.w.org\/{rel}","templated":true}]}}