{"id":22269,"date":"2023-05-29T09:00:44","date_gmt":"2023-05-29T07:00:44","guid":{"rendered":"https:\/\/www.caudete.org\/ayuntamiento\/?p=22269"},"modified":"2023-05-26T17:40:24","modified_gmt":"2023-05-26T15:40:24","slug":"22269-2","status":"publish","type":"post","link":"https:\/\/www.caudete.org\/ayuntamiento\/22269-2\/","title":{"rendered":"Acto de Clausura de la Universidad Popular y Clubes de Lectura"},"content":{"rendered":"<p>El pr\u00f3ximo viernes 2 de junio a las 20:30 horas en la Casa de Cultura de Caudete tendr\u00e1 lugar la clausura de la Universidad Popular y Clubes de lectura, curso 2022\/2023, desarrollados desde la Concejal\u00eda de Cultura del M.I. Ayuntamiento de Caudete.<\/p>\n<p>Otro a\u00f1o m\u00e1s, como viene siendo tradici\u00f3n, los dos movimientos culturales m\u00e1s representativos de la Casa de Cultura: los cursos de la Universidad Popular y los Clubes de Lectura de la Biblioteca P\u00fablica Municipal Ana Mar\u00eda Matute se han aunado, para realizar una despedida de curso conjunta.<\/p>\n<p>En primer lugar se abrir\u00e1n las puertas de la Sala de Exposiciones con los trabajos de fin de curso de la Universidad Popular y de los Clubes de Lectura, que permanecer\u00e1 abierta de lunes a viernes de 18:00 a 21:00 horas y los s\u00e1bados de 10:00-13:00 horas, hasta el 17 de junio.<\/p>\n<p>A continuaci\u00f3n tendr\u00e1 lugar una exhibici\u00f3n de Bailes de Sal\u00f3n, a cargo de los alumnos y alumnas del curso de Bailes de Sal\u00f3n.<\/p>\n<p>Y el broche final a las actividades del curso 2022\/2023 lo pondr\u00e1 la actuaci\u00f3n de Gemenco, que nos presentar\u00e1 \u201cVersioneando 2.0\u201d, su nuevo espect\u00e1culo de flamenco fusi\u00f3n en el que interpretar\u00e1n versiones populares de conocidas canciones con din\u00e1micas frescas, influencias flamencas y el sello personal caracter\u00edstico de esta compa\u00f1\u00eda.<\/p>\n<p>El acto se realizar\u00e1 en la calle y est\u00e1 abierto a todo tipo de p\u00fablico. Esperamos contar con la participaci\u00f3n de todos nuestros alumnos y usuarios que durante este curso 2022\/2023 nos han acompa\u00f1ado.<\/p>\n<p><a href=\"https:\/\/www.caudete.org\/ayuntamiento\/?attachment_id=22270\" rel=\"attachment wp-att-22270\"><img fetchpriority=\"high\" decoding=\"async\" class=\"aligncenter size-full wp-image-22270\" src=\"https:\/\/www.caudete.org\/ayuntamiento\/wp-content\/uploads\/2023\/05\/CLAUSURA-UNIVERSIDAD-POPULAR-Y-CLUBES-DE-LECTURA-X.jpg\" rel='prettyPhoto' alt=\"\" width=\"1587\" height=\"2245\" srcset=\"https:\/\/www.caudete.org\/ayuntamiento\/wp-content\/uploads\/2023\/05\/CLAUSURA-UNIVERSIDAD-POPULAR-Y-CLUBES-DE-LECTURA-X.jpg 1587w, https:\/\/www.caudete.org\/ayuntamiento\/wp-content\/uploads\/2023\/05\/CLAUSURA-UNIVERSIDAD-POPULAR-Y-CLUBES-DE-LECTURA-X-212x300.jpg 212w, https:\/\/www.caudete.org\/ayuntamiento\/wp-content\/uploads\/2023\/05\/CLAUSURA-UNIVERSIDAD-POPULAR-Y-CLUBES-DE-LECTURA-X-724x1024.jpg 724w, https:\/\/www.caudete.org\/ayuntamiento\/wp-content\/uploads\/2023\/05\/CLAUSURA-UNIVERSIDAD-POPULAR-Y-CLUBES-DE-LECTURA-X-768x1086.jpg 768w, https:\/\/www.caudete.org\/ayuntamiento\/wp-content\/uploads\/2023\/05\/CLAUSURA-UNIVERSIDAD-POPULAR-Y-CLUBES-DE-LECTURA-X-1086x1536.jpg 1086w, https:\/\/www.caudete.org\/ayuntamiento\/wp-content\/uploads\/2023\/05\/CLAUSURA-UNIVERSIDAD-POPULAR-Y-CLUBES-DE-LECTURA-X-1448x2048.jpg 1448w\" sizes=\"(max-width: 1587px) 100vw, 1587px\" \/><\/a><\/p>\n","protected":false},"excerpt":{"rendered":"<p>El pr\u00f3ximo viernes 2 de junio a las 20:30 horas en la Casa de Cultura de Caudete tendr\u00e1 lugar la clausura de la Universidad Popular y Clubes de lectura, curso 2022\/2023, desarrollados desde la Concejal\u00eda de Cultura del M.I. Ayuntamiento de Caudete. Otro a\u00f1o m\u00e1s, como viene siendo tradici\u00f3n, los dos movimientos culturales m\u00e1s representativos &hellip;<\/p>\n","protected":false},"author":1,"featured_media":22271,"comment_status":"closed","ping_status":"open","sticky":false,"template":"","format":"standard","meta":{"ngg_post_thumbnail":0,"footnotes":""},"categories":[14],"tags":[],"class_list":["post-22269","post","type-post","status-publish","format-standard","has-post-thumbnail","hentry","category-cultura"],"yoast_head":"<!-- This site is optimized with the Yoast SEO plugin v27.4 - https:\/\/yoast.com\/product\/yoast-seo-wordpress\/ -->\n<title>Acto de Clausura de la Universidad Popular y Clubes de Lectura - MI Ayuntamiento de Caudete<\/title>\n<meta name=\"description\" content=\"P\u00e1gina Oficial del Ayuntamiento de Caudete (Albacete)\" \/>\n<meta name=\"robots\" content=\"index, follow, max-snippet:-1, max-image-preview:large, max-video-preview:-1\" \/>\n<link rel=\"canonical\" href=\"https:\/\/www.caudete.org\/ayuntamiento\/22269-2\/\" \/>\n<meta property=\"og:locale\" content=\"es_ES\" \/>\n<meta property=\"og:type\" content=\"article\" \/>\n<meta property=\"og:title\" content=\"Acto de Clausura de la Universidad Popular y Clubes de Lectura - MI Ayuntamiento de Caudete\" \/>\n<meta property=\"og:description\" content=\"P\u00e1gina Oficial del Ayuntamiento de Caudete (Albacete)\" \/>\n<meta property=\"og:url\" content=\"https:\/\/www.caudete.org\/ayuntamiento\/22269-2\/\" \/>\n<meta property=\"og:site_name\" content=\"MI Ayuntamiento de Caudete\" \/>\n<meta property=\"article:publisher\" content=\"https:\/\/www.facebook.com\/ayuntamientocaudete\/\" \/>\n<meta property=\"article:published_time\" content=\"2023-05-29T07:00:44+00:00\" \/>\n<meta property=\"og:image\" content=\"https:\/\/www.caudete.org\/ayuntamiento\/wp-content\/uploads\/2023\/05\/CLAUSURA-UNIVERSIDAD-POPULAR-Y-CLUBES-DE-LECTURA-X-port.jpg\" \/>\n\t<meta property=\"og:image:width\" content=\"600\" \/>\n\t<meta property=\"og:image:height\" content=\"264\" \/>\n\t<meta property=\"og:image:type\" content=\"image\/jpeg\" \/>\n<meta name=\"author\" content=\"ayun\" \/>\n<meta name=\"twitter:card\" content=\"summary_large_image\" \/>\n<meta name=\"twitter:label1\" content=\"Escrito por\" \/>\n\t<meta name=\"twitter:data1\" content=\"ayun\" \/>\n\t<meta name=\"twitter:label2\" content=\"Tiempo de lectura\" \/>\n\t<meta name=\"twitter:data2\" content=\"2 minutos\" \/>\n<script type=\"application\/ld+json\" class=\"yoast-schema-graph\">{\"@context\":\"https:\\\/\\\/schema.org\",\"@graph\":[{\"@type\":\"Article\",\"@id\":\"https:\\\/\\\/www.caudete.org\\\/ayuntamiento\\\/22269-2\\\/#article\",\"isPartOf\":{\"@id\":\"https:\\\/\\\/www.caudete.org\\\/ayuntamiento\\\/22269-2\\\/\"},\"author\":{\"name\":\"ayun\",\"@id\":\"https:\\\/\\\/www.caudete.org\\\/ayuntamiento\\\/#\\\/schema\\\/person\\\/79f7e19fdd176fc2bc7a289013dc2056\"},\"headline\":\"Acto de Clausura de la Universidad Popular y Clubes de Lectura\",\"datePublished\":\"2023-05-29T07:00:44+00:00\",\"mainEntityOfPage\":{\"@id\":\"https:\\\/\\\/www.caudete.org\\\/ayuntamiento\\\/22269-2\\\/\"},\"wordCount\":274,\"publisher\":{\"@id\":\"https:\\\/\\\/www.caudete.org\\\/ayuntamiento\\\/#organization\"},\"image\":{\"@id\":\"https:\\\/\\\/www.caudete.org\\\/ayuntamiento\\\/22269-2\\\/#primaryimage\"},\"thumbnailUrl\":\"https:\\\/\\\/www.caudete.org\\\/ayuntamiento\\\/wp-content\\\/uploads\\\/2023\\\/05\\\/CLAUSURA-UNIVERSIDAD-POPULAR-Y-CLUBES-DE-LECTURA-X-port.jpg\",\"articleSection\":[\"Cultura\"],\"inLanguage\":\"es\"},{\"@type\":\"WebPage\",\"@id\":\"https:\\\/\\\/www.caudete.org\\\/ayuntamiento\\\/22269-2\\\/\",\"url\":\"https:\\\/\\\/www.caudete.org\\\/ayuntamiento\\\/22269-2\\\/\",\"name\":\"Acto de Clausura de la Universidad Popular y Clubes de Lectura - MI Ayuntamiento de Caudete\",\"isPartOf\":{\"@id\":\"https:\\\/\\\/www.caudete.org\\\/ayuntamiento\\\/#website\"},\"primaryImageOfPage\":{\"@id\":\"https:\\\/\\\/www.caudete.org\\\/ayuntamiento\\\/22269-2\\\/#primaryimage\"},\"image\":{\"@id\":\"https:\\\/\\\/www.caudete.org\\\/ayuntamiento\\\/22269-2\\\/#primaryimage\"},\"thumbnailUrl\":\"https:\\\/\\\/www.caudete.org\\\/ayuntamiento\\\/wp-content\\\/uploads\\\/2023\\\/05\\\/CLAUSURA-UNIVERSIDAD-POPULAR-Y-CLUBES-DE-LECTURA-X-port.jpg\",\"datePublished\":\"2023-05-29T07:00:44+00:00\",\"description\":\"P\u00e1gina Oficial del Ayuntamiento de Caudete (Albacete)\",\"breadcrumb\":{\"@id\":\"https:\\\/\\\/www.caudete.org\\\/ayuntamiento\\\/22269-2\\\/#breadcrumb\"},\"inLanguage\":\"es\",\"potentialAction\":[{\"@type\":\"ReadAction\",\"target\":[\"https:\\\/\\\/www.caudete.org\\\/ayuntamiento\\\/22269-2\\\/\"]}]},{\"@type\":\"ImageObject\",\"inLanguage\":\"es\",\"@id\":\"https:\\\/\\\/www.caudete.org\\\/ayuntamiento\\\/22269-2\\\/#primaryimage\",\"url\":\"https:\\\/\\\/www.caudete.org\\\/ayuntamiento\\\/wp-content\\\/uploads\\\/2023\\\/05\\\/CLAUSURA-UNIVERSIDAD-POPULAR-Y-CLUBES-DE-LECTURA-X-port.jpg\",\"contentUrl\":\"https:\\\/\\\/www.caudete.org\\\/ayuntamiento\\\/wp-content\\\/uploads\\\/2023\\\/05\\\/CLAUSURA-UNIVERSIDAD-POPULAR-Y-CLUBES-DE-LECTURA-X-port.jpg\",\"width\":600,\"height\":264},{\"@type\":\"BreadcrumbList\",\"@id\":\"https:\\\/\\\/www.caudete.org\\\/ayuntamiento\\\/22269-2\\\/#breadcrumb\",\"itemListElement\":[{\"@type\":\"ListItem\",\"position\":1,\"name\":\"Inicio\",\"item\":\"https:\\\/\\\/www.caudete.org\\\/ayuntamiento\\\/\"},{\"@type\":\"ListItem\",\"position\":2,\"name\":\"Acto de Clausura de la Universidad Popular y Clubes de Lectura\"}]},{\"@type\":\"WebSite\",\"@id\":\"https:\\\/\\\/www.caudete.org\\\/ayuntamiento\\\/#website\",\"url\":\"https:\\\/\\\/www.caudete.org\\\/ayuntamiento\\\/\",\"name\":\"MI Ayuntamiento de Caudete\",\"description\":\"P\u00e1gina Oficial del MI Ayuntamiento de Caudete\",\"publisher\":{\"@id\":\"https:\\\/\\\/www.caudete.org\\\/ayuntamiento\\\/#organization\"},\"potentialAction\":[{\"@type\":\"SearchAction\",\"target\":{\"@type\":\"EntryPoint\",\"urlTemplate\":\"https:\\\/\\\/www.caudete.org\\\/ayuntamiento\\\/?s={search_term_string}\"},\"query-input\":{\"@type\":\"PropertyValueSpecification\",\"valueRequired\":true,\"valueName\":\"search_term_string\"}}],\"inLanguage\":\"es\"},{\"@type\":\"Organization\",\"@id\":\"https:\\\/\\\/www.caudete.org\\\/ayuntamiento\\\/#organization\",\"name\":\"Ayuntamiento de Caudete\",\"url\":\"https:\\\/\\\/www.caudete.org\\\/ayuntamiento\\\/\",\"logo\":{\"@type\":\"ImageObject\",\"inLanguage\":\"es\",\"@id\":\"https:\\\/\\\/www.caudete.org\\\/ayuntamiento\\\/#\\\/schema\\\/logo\\\/image\\\/\",\"url\":\"https:\\\/\\\/www.caudete.org\\\/ayuntamiento\\\/wp-content\\\/uploads\\\/2020\\\/11\\\/logo_ayuntamiento_caudete.jpg\",\"contentUrl\":\"https:\\\/\\\/www.caudete.org\\\/ayuntamiento\\\/wp-content\\\/uploads\\\/2020\\\/11\\\/logo_ayuntamiento_caudete.jpg\",\"width\":600,\"height\":150,\"caption\":\"Ayuntamiento de Caudete\"},\"image\":{\"@id\":\"https:\\\/\\\/www.caudete.org\\\/ayuntamiento\\\/#\\\/schema\\\/logo\\\/image\\\/\"},\"sameAs\":[\"https:\\\/\\\/www.facebook.com\\\/ayuntamientocaudete\\\/\",\"https:\\\/\\\/www.youtube.com\\\/channel\\\/UC6VztHaooNsGpw-tNoBEFnQ\"]},{\"@type\":\"Person\",\"@id\":\"https:\\\/\\\/www.caudete.org\\\/ayuntamiento\\\/#\\\/schema\\\/person\\\/79f7e19fdd176fc2bc7a289013dc2056\",\"name\":\"ayun\",\"image\":{\"@type\":\"ImageObject\",\"inLanguage\":\"es\",\"@id\":\"https:\\\/\\\/secure.gravatar.com\\\/avatar\\\/4ce797ee07c943e7e592f8cd648e503e6cd571387558ed07135799c2bd2847df?s=96&d=mm&r=g\",\"url\":\"https:\\\/\\\/secure.gravatar.com\\\/avatar\\\/4ce797ee07c943e7e592f8cd648e503e6cd571387558ed07135799c2bd2847df?s=96&d=mm&r=g\",\"contentUrl\":\"https:\\\/\\\/secure.gravatar.com\\\/avatar\\\/4ce797ee07c943e7e592f8cd648e503e6cd571387558ed07135799c2bd2847df?s=96&d=mm&r=g\",\"caption\":\"ayun\"},\"sameAs\":[\"http:\\\/\\\/www.caudete.org\\\/ayuntamiento\"],\"url\":\"https:\\\/\\\/www.caudete.org\\\/ayuntamiento\\\/author\\\/ayun\\\/\"}]}<\/script>\n<!-- \/ Yoast SEO plugin. -->","yoast_head_json":{"title":"Acto de Clausura de la Universidad Popular y Clubes de Lectura - MI Ayuntamiento de Caudete","description":"P\u00e1gina Oficial del Ayuntamiento de Caudete (Albacete)","robots":{"index":"index","follow":"follow","max-snippet":"max-snippet:-1","max-image-preview":"max-image-preview:large","max-video-preview":"max-video-preview:-1"},"canonical":"https:\/\/www.caudete.org\/ayuntamiento\/22269-2\/","og_locale":"es_ES","og_type":"article","og_title":"Acto de Clausura de la Universidad Popular y Clubes de Lectura - MI Ayuntamiento de Caudete","og_description":"P\u00e1gina Oficial del Ayuntamiento de Caudete (Albacete)","og_url":"https:\/\/www.caudete.org\/ayuntamiento\/22269-2\/","og_site_name":"MI Ayuntamiento de Caudete","article_publisher":"https:\/\/www.facebook.com\/ayuntamientocaudete\/","article_published_time":"2023-05-29T07:00:44+00:00","og_image":[{"width":600,"height":264,"url":"https:\/\/www.caudete.org\/ayuntamiento\/wp-content\/uploads\/2023\/05\/CLAUSURA-UNIVERSIDAD-POPULAR-Y-CLUBES-DE-LECTURA-X-port.jpg","type":"image\/jpeg"}],"author":"ayun","twitter_card":"summary_large_image","twitter_misc":{"Escrito por":"ayun","Tiempo de lectura":"2 minutos"},"schema":{"@context":"https:\/\/schema.org","@graph":[{"@type":"Article","@id":"https:\/\/www.caudete.org\/ayuntamiento\/22269-2\/#article","isPartOf":{"@id":"https:\/\/www.caudete.org\/ayuntamiento\/22269-2\/"},"author":{"name":"ayun","@id":"https:\/\/www.caudete.org\/ayuntamiento\/#\/schema\/person\/79f7e19fdd176fc2bc7a289013dc2056"},"headline":"Acto de Clausura de la Universidad Popular y Clubes de Lectura","datePublished":"2023-05-29T07:00:44+00:00","mainEntityOfPage":{"@id":"https:\/\/www.caudete.org\/ayuntamiento\/22269-2\/"},"wordCount":274,"publisher":{"@id":"https:\/\/www.caudete.org\/ayuntamiento\/#organization"},"image":{"@id":"https:\/\/www.caudete.org\/ayuntamiento\/22269-2\/#primaryimage"},"thumbnailUrl":"https:\/\/www.caudete.org\/ayuntamiento\/wp-content\/uploads\/2023\/05\/CLAUSURA-UNIVERSIDAD-POPULAR-Y-CLUBES-DE-LECTURA-X-port.jpg","articleSection":["Cultura"],"inLanguage":"es"},{"@type":"WebPage","@id":"https:\/\/www.caudete.org\/ayuntamiento\/22269-2\/","url":"https:\/\/www.caudete.org\/ayuntamiento\/22269-2\/","name":"Acto de Clausura de la Universidad Popular y Clubes de Lectura - MI Ayuntamiento de Caudete","isPartOf":{"@id":"https:\/\/www.caudete.org\/ayuntamiento\/#website"},"primaryImageOfPage":{"@id":"https:\/\/www.caudete.org\/ayuntamiento\/22269-2\/#primaryimage"},"image":{"@id":"https:\/\/www.caudete.org\/ayuntamiento\/22269-2\/#primaryimage"},"thumbnailUrl":"https:\/\/www.caudete.org\/ayuntamiento\/wp-content\/uploads\/2023\/05\/CLAUSURA-UNIVERSIDAD-POPULAR-Y-CLUBES-DE-LECTURA-X-port.jpg","datePublished":"2023-05-29T07:00:44+00:00","description":"P\u00e1gina Oficial del Ayuntamiento de Caudete (Albacete)","breadcrumb":{"@id":"https:\/\/www.caudete.org\/ayuntamiento\/22269-2\/#breadcrumb"},"inLanguage":"es","potentialAction":[{"@type":"ReadAction","target":["https:\/\/www.caudete.org\/ayuntamiento\/22269-2\/"]}]},{"@type":"ImageObject","inLanguage":"es","@id":"https:\/\/www.caudete.org\/ayuntamiento\/22269-2\/#primaryimage","url":"https:\/\/www.caudete.org\/ayuntamiento\/wp-content\/uploads\/2023\/05\/CLAUSURA-UNIVERSIDAD-POPULAR-Y-CLUBES-DE-LECTURA-X-port.jpg","contentUrl":"https:\/\/www.caudete.org\/ayuntamiento\/wp-content\/uploads\/2023\/05\/CLAUSURA-UNIVERSIDAD-POPULAR-Y-CLUBES-DE-LECTURA-X-port.jpg","width":600,"height":264},{"@type":"BreadcrumbList","@id":"https:\/\/www.caudete.org\/ayuntamiento\/22269-2\/#breadcrumb","itemListElement":[{"@type":"ListItem","position":1,"name":"Inicio","item":"https:\/\/www.caudete.org\/ayuntamiento\/"},{"@type":"ListItem","position":2,"name":"Acto de Clausura de la Universidad Popular y Clubes de Lectura"}]},{"@type":"WebSite","@id":"https:\/\/www.caudete.org\/ayuntamiento\/#website","url":"https:\/\/www.caudete.org\/ayuntamiento\/","name":"MI Ayuntamiento de Caudete","description":"P\u00e1gina Oficial del MI Ayuntamiento de Caudete","publisher":{"@id":"https:\/\/www.caudete.org\/ayuntamiento\/#organization"},"potentialAction":[{"@type":"SearchAction","target":{"@type":"EntryPoint","urlTemplate":"https:\/\/www.caudete.org\/ayuntamiento\/?s={search_term_string}"},"query-input":{"@type":"PropertyValueSpecification","valueRequired":true,"valueName":"search_term_string"}}],"inLanguage":"es"},{"@type":"Organization","@id":"https:\/\/www.caudete.org\/ayuntamiento\/#organization","name":"Ayuntamiento de Caudete","url":"https:\/\/www.caudete.org\/ayuntamiento\/","logo":{"@type":"ImageObject","inLanguage":"es","@id":"https:\/\/www.caudete.org\/ayuntamiento\/#\/schema\/logo\/image\/","url":"https:\/\/www.caudete.org\/ayuntamiento\/wp-content\/uploads\/2020\/11\/logo_ayuntamiento_caudete.jpg","contentUrl":"https:\/\/www.caudete.org\/ayuntamiento\/wp-content\/uploads\/2020\/11\/logo_ayuntamiento_caudete.jpg","width":600,"height":150,"caption":"Ayuntamiento de Caudete"},"image":{"@id":"https:\/\/www.caudete.org\/ayuntamiento\/#\/schema\/logo\/image\/"},"sameAs":["https:\/\/www.facebook.com\/ayuntamientocaudete\/","https:\/\/www.youtube.com\/channel\/UC6VztHaooNsGpw-tNoBEFnQ"]},{"@type":"Person","@id":"https:\/\/www.caudete.org\/ayuntamiento\/#\/schema\/person\/79f7e19fdd176fc2bc7a289013dc2056","name":"ayun","image":{"@type":"ImageObject","inLanguage":"es","@id":"https:\/\/secure.gravatar.com\/avatar\/4ce797ee07c943e7e592f8cd648e503e6cd571387558ed07135799c2bd2847df?s=96&d=mm&r=g","url":"https:\/\/secure.gravatar.com\/avatar\/4ce797ee07c943e7e592f8cd648e503e6cd571387558ed07135799c2bd2847df?s=96&d=mm&r=g","contentUrl":"https:\/\/secure.gravatar.com\/avatar\/4ce797ee07c943e7e592f8cd648e503e6cd571387558ed07135799c2bd2847df?s=96&d=mm&r=g","caption":"ayun"},"sameAs":["http:\/\/www.caudete.org\/ayuntamiento"],"url":"https:\/\/www.caudete.org\/ayuntamiento\/author\/ayun\/"}]}},"_links":{"self":[{"href":"https:\/\/www.caudete.org\/ayuntamiento\/wp-json\/wp\/v2\/posts\/22269","targetHints":{"allow":["GET"]}}],"collection":[{"href":"https:\/\/www.caudete.org\/ayuntamiento\/wp-json\/wp\/v2\/posts"}],"about":[{"href":"https:\/\/www.caudete.org\/ayuntamiento\/wp-json\/wp\/v2\/types\/post"}],"author":[{"embeddable":true,"href":"https:\/\/www.caudete.org\/ayuntamiento\/wp-json\/wp\/v2\/users\/1"}],"replies":[{"embeddable":true,"href":"https:\/\/www.caudete.org\/ayuntamiento\/wp-json\/wp\/v2\/comments?post=22269"}],"version-history":[{"count":2,"href":"https:\/\/www.caudete.org\/ayuntamiento\/wp-json\/wp\/v2\/posts\/22269\/revisions"}],"predecessor-version":[{"id":22273,"href":"https:\/\/www.caudete.org\/ayuntamiento\/wp-json\/wp\/v2\/posts\/22269\/revisions\/22273"}],"wp:featuredmedia":[{"embeddable":true,"href":"https:\/\/www.caudete.org\/ayuntamiento\/wp-json\/wp\/v2\/media\/22271"}],"wp:attachment":[{"href":"https:\/\/www.caudete.org\/ayuntamiento\/wp-json\/wp\/v2\/media?parent=22269"}],"wp:term":[{"taxonomy":"category","embeddable":true,"href":"https:\/\/www.caudete.org\/ayuntamiento\/wp-json\/wp\/v2\/categories?post=22269"},{"taxonomy":"post_tag","embeddable":true,"href":"https:\/\/www.caudete.org\/ayuntamiento\/wp-json\/wp\/v2\/tags?post=22269"}],"curies":[{"name":"wp","href":"https:\/\/api.w.org\/{rel}","templated":true}]}}