{"id":22293,"date":"2023-05-29T15:03:47","date_gmt":"2023-05-29T13:03:47","guid":{"rendered":"https:\/\/www.caudete.org\/ayuntamiento\/?p=22293"},"modified":"2023-05-29T15:03:48","modified_gmt":"2023-05-29T13:03:48","slug":"colaboracion-desde-la-concejalia-de-sanidad-la-asociacion-de-fibromialgia-avance-de-caudete-y-hospital-de-almansa-en-fabricar-capas-de-superheroes-para-la-consulta-de-pediatria","status":"publish","type":"post","link":"https:\/\/www.caudete.org\/ayuntamiento\/colaboracion-desde-la-concejalia-de-sanidad-la-asociacion-de-fibromialgia-avance-de-caudete-y-hospital-de-almansa-en-fabricar-capas-de-superheroes-para-la-consulta-de-pediatria\/","title":{"rendered":"Colaboraci\u00f3n desde la concejal\u00eda de Sanidad, la Asociaci\u00f3n de Fibromialgia Avance de Caudete y Hospital de Almansa en fabricar Capas de Superh\u00e9roes para la consulta de Pediatr\u00eda"},"content":{"rendered":"<p>Informamos de una emocionante colaboraci\u00f3n entre la concejal\u00eda de Sanidad, la Asociaci\u00f3n de Fibromialgia Avance de Caudete y el Hospital de Almansa, en la cual, los ni\u00f1os\/as que acudan a las consultas de pediatr\u00eda del hospital, podr\u00e1n enfrentar sus desaf\u00edos con una nueva dosis de coraje y valent\u00eda. Gracias a la iniciativa &#8220;Capas de Esperanza&#8221;, estos peque\u00f1os\/as superh\u00e9roes recibir\u00e1n capas inspiradas en sus h\u00e9roes favoritos.<\/p>\n<p>Las capas de superh\u00e9roes est\u00e1n confeccionadas a mano y de colores vibrantes. Cada una de ellas ha sido dise\u00f1ada teniendo en cuenta los gustos y preferencias de los ni\u00f1os\/as, y cuenta con el logotipo de superh\u00e9roes.<\/p>\n<p>Ver la sonrisa en el rostro de un ni\u00f1o mientras recibe su capa de superh\u00e9roe es realmente conmovedor. Estamos agradecidos al hospital de Almansa en contar con nuestra colaboraci\u00f3n para llevar a cabo este hermoso proyecto y la generosidad, dedicaci\u00f3n e implicaci\u00f3n de la Asociaci\u00f3n de Fibromialgia quienes las han confeccionado, junto con el ayuntamiento.<\/p>\n<p>Los beneficios psicol\u00f3gicos de esta iniciativa son innegables. Las capas se han convertido en s\u00edmbolos de valent\u00eda y resistencia, ayudando a los peque\u00f1os superh\u00e9roes a enfrentar sus miedos y afrontar los desaf\u00edos que la enfermedad les presenta.<\/p>\n<p>Esperamos que esta colaboraci\u00f3n inspire a otras instituciones de salud a implementar programas similares. Juntos, est\u00e1n demostrando que el poder de la solidaridad desde la asociaci\u00f3n puede hacer una diferencia real en la vida de los ni\u00f1os, y desde el ayuntamiento<\/p>\n<p>Recuerda, con la ayuda de la imaginaci\u00f3n y el apoyo adecuado, todos podemos ser superh\u00e9roes en nuestras propias vidas .<\/p>\n<p>Gracias Fibromialgia Avance de Caudete.<\/p>\n<p><a href=\"https:\/\/www.caudete.org\/ayuntamiento\/colaboracion-desde-la-concejalia-de-sanidad-la-asociacion-de-fibromialgia-avance-de-caudete-y-hospital-de-almansa-en-fabricar-capas-de-superheroes-para-la-consulta-de-pediatria\/img-20230526-wa0007\/\" rel=\"attachment wp-att-22294\"><img fetchpriority=\"high\" decoding=\"async\" class=\"aligncenter size-full wp-image-22294\" src=\"https:\/\/www.caudete.org\/ayuntamiento\/wp-content\/uploads\/2023\/05\/IMG-20230526-WA0007.jpg\" rel='prettyPhoto' alt=\"\" width=\"1024\" height=\"762\" srcset=\"https:\/\/www.caudete.org\/ayuntamiento\/wp-content\/uploads\/2023\/05\/IMG-20230526-WA0007.jpg 1024w, https:\/\/www.caudete.org\/ayuntamiento\/wp-content\/uploads\/2023\/05\/IMG-20230526-WA0007-300x223.jpg 300w, https:\/\/www.caudete.org\/ayuntamiento\/wp-content\/uploads\/2023\/05\/IMG-20230526-WA0007-768x572.jpg 768w\" sizes=\"(max-width: 1024px) 100vw, 1024px\" \/><\/a> <a href=\"https:\/\/www.caudete.org\/ayuntamiento\/colaboracion-desde-la-concejalia-de-sanidad-la-asociacion-de-fibromialgia-avance-de-caudete-y-hospital-de-almansa-en-fabricar-capas-de-superheroes-para-la-consulta-de-pediatria\/img-20230526-wa0008\/\" rel=\"attachment wp-att-22295\"><img decoding=\"async\" class=\"aligncenter size-full wp-image-22295\" src=\"https:\/\/www.caudete.org\/ayuntamiento\/wp-content\/uploads\/2023\/05\/IMG-20230526-WA0008.jpg\" rel='prettyPhoto' alt=\"\" width=\"913\" height=\"720\" srcset=\"https:\/\/www.caudete.org\/ayuntamiento\/wp-content\/uploads\/2023\/05\/IMG-20230526-WA0008.jpg 913w, https:\/\/www.caudete.org\/ayuntamiento\/wp-content\/uploads\/2023\/05\/IMG-20230526-WA0008-300x237.jpg 300w, https:\/\/www.caudete.org\/ayuntamiento\/wp-content\/uploads\/2023\/05\/IMG-20230526-WA0008-768x606.jpg 768w\" sizes=\"(max-width: 913px) 100vw, 913px\" \/><\/a> <a href=\"https:\/\/www.caudete.org\/ayuntamiento\/colaboracion-desde-la-concejalia-de-sanidad-la-asociacion-de-fibromialgia-avance-de-caudete-y-hospital-de-almansa-en-fabricar-capas-de-superheroes-para-la-consulta-de-pediatria\/img-20230526-wa0021\/\" rel=\"attachment wp-att-22296\"><img decoding=\"async\" class=\"aligncenter size-full wp-image-22296\" src=\"https:\/\/www.caudete.org\/ayuntamiento\/wp-content\/uploads\/2023\/05\/IMG-20230526-WA0021.jpg\" rel='prettyPhoto' alt=\"\" width=\"2048\" height=\"2048\" srcset=\"https:\/\/www.caudete.org\/ayuntamiento\/wp-content\/uploads\/2023\/05\/IMG-20230526-WA0021.jpg 2048w, https:\/\/www.caudete.org\/ayuntamiento\/wp-content\/uploads\/2023\/05\/IMG-20230526-WA0021-300x300.jpg 300w, https:\/\/www.caudete.org\/ayuntamiento\/wp-content\/uploads\/2023\/05\/IMG-20230526-WA0021-1024x1024.jpg 1024w, https:\/\/www.caudete.org\/ayuntamiento\/wp-content\/uploads\/2023\/05\/IMG-20230526-WA0021-150x150.jpg 150w, https:\/\/www.caudete.org\/ayuntamiento\/wp-content\/uploads\/2023\/05\/IMG-20230526-WA0021-768x768.jpg 768w, https:\/\/www.caudete.org\/ayuntamiento\/wp-content\/uploads\/2023\/05\/IMG-20230526-WA0021-1536x1536.jpg 1536w, https:\/\/www.caudete.org\/ayuntamiento\/wp-content\/uploads\/2023\/05\/IMG-20230526-WA0021-60x60.jpg 60w\" sizes=\"(max-width: 2048px) 100vw, 2048px\" \/><\/a><\/p>\n","protected":false},"excerpt":{"rendered":"<p>Informamos de una emocionante colaboraci\u00f3n entre la concejal\u00eda de Sanidad, la Asociaci\u00f3n de Fibromialgia Avance de Caudete y el Hospital de Almansa, en la cual, los ni\u00f1os\/as que acudan a las consultas de pediatr\u00eda del hospital, podr\u00e1n enfrentar sus desaf\u00edos con una nueva dosis de coraje y valent\u00eda. Gracias a la iniciativa &#8220;Capas de Esperanza&#8221;, &hellip;<\/p>\n","protected":false},"author":1,"featured_media":22297,"comment_status":"closed","ping_status":"open","sticky":false,"template":"","format":"standard","meta":{"ngg_post_thumbnail":0,"footnotes":""},"categories":[16],"tags":[],"class_list":["post-22293","post","type-post","status-publish","format-standard","has-post-thumbnail","hentry","category-sanidad"],"yoast_head":"<!-- This site is optimized with the Yoast SEO plugin v27.5 - https:\/\/yoast.com\/product\/yoast-seo-wordpress\/ -->\n<title>Colaboraci\u00f3n desde la concejal\u00eda de Sanidad, la Asociaci\u00f3n de Fibromialgia Avance de Caudete y Hospital de Almansa en fabricar Capas de Superh\u00e9roes para la consulta de Pediatr\u00eda - MI Ayuntamiento de Caudete<\/title>\n<meta name=\"description\" content=\"P\u00e1gina Oficial del Ayuntamiento de Caudete (Albacete)\" \/>\n<meta name=\"robots\" content=\"index, follow, max-snippet:-1, max-image-preview:large, max-video-preview:-1\" \/>\n<link rel=\"canonical\" href=\"https:\/\/www.caudete.org\/ayuntamiento\/colaboracion-desde-la-concejalia-de-sanidad-la-asociacion-de-fibromialgia-avance-de-caudete-y-hospital-de-almansa-en-fabricar-capas-de-superheroes-para-la-consulta-de-pediatria\/\" \/>\n<meta property=\"og:locale\" content=\"es_ES\" \/>\n<meta property=\"og:type\" content=\"article\" \/>\n<meta property=\"og:title\" content=\"Colaboraci\u00f3n desde la concejal\u00eda de Sanidad, la Asociaci\u00f3n de Fibromialgia Avance de Caudete y Hospital de Almansa en fabricar Capas de Superh\u00e9roes para la consulta de Pediatr\u00eda - MI Ayuntamiento de Caudete\" \/>\n<meta property=\"og:description\" content=\"P\u00e1gina Oficial del Ayuntamiento de Caudete (Albacete)\" \/>\n<meta property=\"og:url\" content=\"https:\/\/www.caudete.org\/ayuntamiento\/colaboracion-desde-la-concejalia-de-sanidad-la-asociacion-de-fibromialgia-avance-de-caudete-y-hospital-de-almansa-en-fabricar-capas-de-superheroes-para-la-consulta-de-pediatria\/\" \/>\n<meta property=\"og:site_name\" content=\"MI Ayuntamiento de Caudete\" \/>\n<meta property=\"article:publisher\" content=\"https:\/\/www.facebook.com\/ayuntamientocaudete\/\" \/>\n<meta property=\"article:published_time\" content=\"2023-05-29T13:03:47+00:00\" \/>\n<meta property=\"article:modified_time\" content=\"2023-05-29T13:03:48+00:00\" \/>\n<meta property=\"og:image\" content=\"https:\/\/www.caudete.org\/ayuntamiento\/wp-content\/uploads\/2023\/05\/IMG-20230526-WA0008-port.jpg\" \/>\n\t<meta property=\"og:image:width\" content=\"844\" \/>\n\t<meta property=\"og:image:height\" content=\"320\" \/>\n\t<meta property=\"og:image:type\" content=\"image\/jpeg\" \/>\n<meta name=\"author\" content=\"ayun\" \/>\n<meta name=\"twitter:card\" content=\"summary_large_image\" \/>\n<meta name=\"twitter:label1\" content=\"Escrito por\" \/>\n\t<meta name=\"twitter:data1\" content=\"ayun\" \/>\n\t<meta name=\"twitter:label2\" content=\"Tiempo de lectura\" \/>\n\t<meta name=\"twitter:data2\" content=\"2 minutos\" \/>\n<script type=\"application\/ld+json\" class=\"yoast-schema-graph\">{\"@context\":\"https:\\\/\\\/schema.org\",\"@graph\":[{\"@type\":\"Article\",\"@id\":\"https:\\\/\\\/www.caudete.org\\\/ayuntamiento\\\/colaboracion-desde-la-concejalia-de-sanidad-la-asociacion-de-fibromialgia-avance-de-caudete-y-hospital-de-almansa-en-fabricar-capas-de-superheroes-para-la-consulta-de-pediatria\\\/#article\",\"isPartOf\":{\"@id\":\"https:\\\/\\\/www.caudete.org\\\/ayuntamiento\\\/colaboracion-desde-la-concejalia-de-sanidad-la-asociacion-de-fibromialgia-avance-de-caudete-y-hospital-de-almansa-en-fabricar-capas-de-superheroes-para-la-consulta-de-pediatria\\\/\"},\"author\":{\"name\":\"ayun\",\"@id\":\"https:\\\/\\\/www.caudete.org\\\/ayuntamiento\\\/#\\\/schema\\\/person\\\/79f7e19fdd176fc2bc7a289013dc2056\"},\"headline\":\"Colaboraci\u00f3n desde la concejal\u00eda de Sanidad, la Asociaci\u00f3n de Fibromialgia Avance de Caudete y Hospital de Almansa en fabricar Capas de Superh\u00e9roes para la consulta de Pediatr\u00eda\",\"datePublished\":\"2023-05-29T13:03:47+00:00\",\"dateModified\":\"2023-05-29T13:03:48+00:00\",\"mainEntityOfPage\":{\"@id\":\"https:\\\/\\\/www.caudete.org\\\/ayuntamiento\\\/colaboracion-desde-la-concejalia-de-sanidad-la-asociacion-de-fibromialgia-avance-de-caudete-y-hospital-de-almansa-en-fabricar-capas-de-superheroes-para-la-consulta-de-pediatria\\\/\"},\"wordCount\":328,\"publisher\":{\"@id\":\"https:\\\/\\\/www.caudete.org\\\/ayuntamiento\\\/#organization\"},\"image\":{\"@id\":\"https:\\\/\\\/www.caudete.org\\\/ayuntamiento\\\/colaboracion-desde-la-concejalia-de-sanidad-la-asociacion-de-fibromialgia-avance-de-caudete-y-hospital-de-almansa-en-fabricar-capas-de-superheroes-para-la-consulta-de-pediatria\\\/#primaryimage\"},\"thumbnailUrl\":\"https:\\\/\\\/www.caudete.org\\\/ayuntamiento\\\/wp-content\\\/uploads\\\/2023\\\/05\\\/IMG-20230526-WA0008-port.jpg\",\"articleSection\":[\"Sanidad\"],\"inLanguage\":\"es\"},{\"@type\":\"WebPage\",\"@id\":\"https:\\\/\\\/www.caudete.org\\\/ayuntamiento\\\/colaboracion-desde-la-concejalia-de-sanidad-la-asociacion-de-fibromialgia-avance-de-caudete-y-hospital-de-almansa-en-fabricar-capas-de-superheroes-para-la-consulta-de-pediatria\\\/\",\"url\":\"https:\\\/\\\/www.caudete.org\\\/ayuntamiento\\\/colaboracion-desde-la-concejalia-de-sanidad-la-asociacion-de-fibromialgia-avance-de-caudete-y-hospital-de-almansa-en-fabricar-capas-de-superheroes-para-la-consulta-de-pediatria\\\/\",\"name\":\"Colaboraci\u00f3n desde la concejal\u00eda de Sanidad, la Asociaci\u00f3n de Fibromialgia Avance de Caudete y Hospital de Almansa en fabricar Capas de Superh\u00e9roes para la consulta de Pediatr\u00eda - MI Ayuntamiento de Caudete\",\"isPartOf\":{\"@id\":\"https:\\\/\\\/www.caudete.org\\\/ayuntamiento\\\/#website\"},\"primaryImageOfPage\":{\"@id\":\"https:\\\/\\\/www.caudete.org\\\/ayuntamiento\\\/colaboracion-desde-la-concejalia-de-sanidad-la-asociacion-de-fibromialgia-avance-de-caudete-y-hospital-de-almansa-en-fabricar-capas-de-superheroes-para-la-consulta-de-pediatria\\\/#primaryimage\"},\"image\":{\"@id\":\"https:\\\/\\\/www.caudete.org\\\/ayuntamiento\\\/colaboracion-desde-la-concejalia-de-sanidad-la-asociacion-de-fibromialgia-avance-de-caudete-y-hospital-de-almansa-en-fabricar-capas-de-superheroes-para-la-consulta-de-pediatria\\\/#primaryimage\"},\"thumbnailUrl\":\"https:\\\/\\\/www.caudete.org\\\/ayuntamiento\\\/wp-content\\\/uploads\\\/2023\\\/05\\\/IMG-20230526-WA0008-port.jpg\",\"datePublished\":\"2023-05-29T13:03:47+00:00\",\"dateModified\":\"2023-05-29T13:03:48+00:00\",\"description\":\"P\u00e1gina Oficial del Ayuntamiento de Caudete (Albacete)\",\"breadcrumb\":{\"@id\":\"https:\\\/\\\/www.caudete.org\\\/ayuntamiento\\\/colaboracion-desde-la-concejalia-de-sanidad-la-asociacion-de-fibromialgia-avance-de-caudete-y-hospital-de-almansa-en-fabricar-capas-de-superheroes-para-la-consulta-de-pediatria\\\/#breadcrumb\"},\"inLanguage\":\"es\",\"potentialAction\":[{\"@type\":\"ReadAction\",\"target\":[\"https:\\\/\\\/www.caudete.org\\\/ayuntamiento\\\/colaboracion-desde-la-concejalia-de-sanidad-la-asociacion-de-fibromialgia-avance-de-caudete-y-hospital-de-almansa-en-fabricar-capas-de-superheroes-para-la-consulta-de-pediatria\\\/\"]}]},{\"@type\":\"ImageObject\",\"inLanguage\":\"es\",\"@id\":\"https:\\\/\\\/www.caudete.org\\\/ayuntamiento\\\/colaboracion-desde-la-concejalia-de-sanidad-la-asociacion-de-fibromialgia-avance-de-caudete-y-hospital-de-almansa-en-fabricar-capas-de-superheroes-para-la-consulta-de-pediatria\\\/#primaryimage\",\"url\":\"https:\\\/\\\/www.caudete.org\\\/ayuntamiento\\\/wp-content\\\/uploads\\\/2023\\\/05\\\/IMG-20230526-WA0008-port.jpg\",\"contentUrl\":\"https:\\\/\\\/www.caudete.org\\\/ayuntamiento\\\/wp-content\\\/uploads\\\/2023\\\/05\\\/IMG-20230526-WA0008-port.jpg\",\"width\":844,\"height\":320},{\"@type\":\"BreadcrumbList\",\"@id\":\"https:\\\/\\\/www.caudete.org\\\/ayuntamiento\\\/colaboracion-desde-la-concejalia-de-sanidad-la-asociacion-de-fibromialgia-avance-de-caudete-y-hospital-de-almansa-en-fabricar-capas-de-superheroes-para-la-consulta-de-pediatria\\\/#breadcrumb\",\"itemListElement\":[{\"@type\":\"ListItem\",\"position\":1,\"name\":\"Inicio\",\"item\":\"https:\\\/\\\/www.caudete.org\\\/ayuntamiento\\\/\"},{\"@type\":\"ListItem\",\"position\":2,\"name\":\"Colaboraci\u00f3n desde la concejal\u00eda de Sanidad, la Asociaci\u00f3n de Fibromialgia Avance de Caudete y Hospital de Almansa en fabricar Capas de Superh\u00e9roes para la consulta de Pediatr\u00eda\"}]},{\"@type\":\"WebSite\",\"@id\":\"https:\\\/\\\/www.caudete.org\\\/ayuntamiento\\\/#website\",\"url\":\"https:\\\/\\\/www.caudete.org\\\/ayuntamiento\\\/\",\"name\":\"MI Ayuntamiento de Caudete\",\"description\":\"P\u00e1gina Oficial del MI Ayuntamiento de Caudete\",\"publisher\":{\"@id\":\"https:\\\/\\\/www.caudete.org\\\/ayuntamiento\\\/#organization\"},\"potentialAction\":[{\"@type\":\"SearchAction\",\"target\":{\"@type\":\"EntryPoint\",\"urlTemplate\":\"https:\\\/\\\/www.caudete.org\\\/ayuntamiento\\\/?s={search_term_string}\"},\"query-input\":{\"@type\":\"PropertyValueSpecification\",\"valueRequired\":true,\"valueName\":\"search_term_string\"}}],\"inLanguage\":\"es\"},{\"@type\":\"Organization\",\"@id\":\"https:\\\/\\\/www.caudete.org\\\/ayuntamiento\\\/#organization\",\"name\":\"Ayuntamiento de Caudete\",\"url\":\"https:\\\/\\\/www.caudete.org\\\/ayuntamiento\\\/\",\"logo\":{\"@type\":\"ImageObject\",\"inLanguage\":\"es\",\"@id\":\"https:\\\/\\\/www.caudete.org\\\/ayuntamiento\\\/#\\\/schema\\\/logo\\\/image\\\/\",\"url\":\"https:\\\/\\\/www.caudete.org\\\/ayuntamiento\\\/wp-content\\\/uploads\\\/2020\\\/11\\\/logo_ayuntamiento_caudete.jpg\",\"contentUrl\":\"https:\\\/\\\/www.caudete.org\\\/ayuntamiento\\\/wp-content\\\/uploads\\\/2020\\\/11\\\/logo_ayuntamiento_caudete.jpg\",\"width\":600,\"height\":150,\"caption\":\"Ayuntamiento de Caudete\"},\"image\":{\"@id\":\"https:\\\/\\\/www.caudete.org\\\/ayuntamiento\\\/#\\\/schema\\\/logo\\\/image\\\/\"},\"sameAs\":[\"https:\\\/\\\/www.facebook.com\\\/ayuntamientocaudete\\\/\",\"https:\\\/\\\/www.youtube.com\\\/channel\\\/UC6VztHaooNsGpw-tNoBEFnQ\"]},{\"@type\":\"Person\",\"@id\":\"https:\\\/\\\/www.caudete.org\\\/ayuntamiento\\\/#\\\/schema\\\/person\\\/79f7e19fdd176fc2bc7a289013dc2056\",\"name\":\"ayun\",\"image\":{\"@type\":\"ImageObject\",\"inLanguage\":\"es\",\"@id\":\"https:\\\/\\\/secure.gravatar.com\\\/avatar\\\/4ce797ee07c943e7e592f8cd648e503e6cd571387558ed07135799c2bd2847df?s=96&d=mm&r=g\",\"url\":\"https:\\\/\\\/secure.gravatar.com\\\/avatar\\\/4ce797ee07c943e7e592f8cd648e503e6cd571387558ed07135799c2bd2847df?s=96&d=mm&r=g\",\"contentUrl\":\"https:\\\/\\\/secure.gravatar.com\\\/avatar\\\/4ce797ee07c943e7e592f8cd648e503e6cd571387558ed07135799c2bd2847df?s=96&d=mm&r=g\",\"caption\":\"ayun\"},\"sameAs\":[\"http:\\\/\\\/www.caudete.org\\\/ayuntamiento\"],\"url\":\"https:\\\/\\\/www.caudete.org\\\/ayuntamiento\\\/author\\\/ayun\\\/\"}]}<\/script>\n<!-- \/ Yoast SEO plugin. -->","yoast_head_json":{"title":"Colaboraci\u00f3n desde la concejal\u00eda de Sanidad, la Asociaci\u00f3n de Fibromialgia Avance de Caudete y Hospital de Almansa en fabricar Capas de Superh\u00e9roes para la consulta de Pediatr\u00eda - MI Ayuntamiento de Caudete","description":"P\u00e1gina Oficial del Ayuntamiento de Caudete (Albacete)","robots":{"index":"index","follow":"follow","max-snippet":"max-snippet:-1","max-image-preview":"max-image-preview:large","max-video-preview":"max-video-preview:-1"},"canonical":"https:\/\/www.caudete.org\/ayuntamiento\/colaboracion-desde-la-concejalia-de-sanidad-la-asociacion-de-fibromialgia-avance-de-caudete-y-hospital-de-almansa-en-fabricar-capas-de-superheroes-para-la-consulta-de-pediatria\/","og_locale":"es_ES","og_type":"article","og_title":"Colaboraci\u00f3n desde la concejal\u00eda de Sanidad, la Asociaci\u00f3n de Fibromialgia Avance de Caudete y Hospital de Almansa en fabricar Capas de Superh\u00e9roes para la consulta de Pediatr\u00eda - MI Ayuntamiento de Caudete","og_description":"P\u00e1gina Oficial del Ayuntamiento de Caudete (Albacete)","og_url":"https:\/\/www.caudete.org\/ayuntamiento\/colaboracion-desde-la-concejalia-de-sanidad-la-asociacion-de-fibromialgia-avance-de-caudete-y-hospital-de-almansa-en-fabricar-capas-de-superheroes-para-la-consulta-de-pediatria\/","og_site_name":"MI Ayuntamiento de Caudete","article_publisher":"https:\/\/www.facebook.com\/ayuntamientocaudete\/","article_published_time":"2023-05-29T13:03:47+00:00","article_modified_time":"2023-05-29T13:03:48+00:00","og_image":[{"width":844,"height":320,"url":"https:\/\/www.caudete.org\/ayuntamiento\/wp-content\/uploads\/2023\/05\/IMG-20230526-WA0008-port.jpg","type":"image\/jpeg"}],"author":"ayun","twitter_card":"summary_large_image","twitter_misc":{"Escrito por":"ayun","Tiempo de lectura":"2 minutos"},"schema":{"@context":"https:\/\/schema.org","@graph":[{"@type":"Article","@id":"https:\/\/www.caudete.org\/ayuntamiento\/colaboracion-desde-la-concejalia-de-sanidad-la-asociacion-de-fibromialgia-avance-de-caudete-y-hospital-de-almansa-en-fabricar-capas-de-superheroes-para-la-consulta-de-pediatria\/#article","isPartOf":{"@id":"https:\/\/www.caudete.org\/ayuntamiento\/colaboracion-desde-la-concejalia-de-sanidad-la-asociacion-de-fibromialgia-avance-de-caudete-y-hospital-de-almansa-en-fabricar-capas-de-superheroes-para-la-consulta-de-pediatria\/"},"author":{"name":"ayun","@id":"https:\/\/www.caudete.org\/ayuntamiento\/#\/schema\/person\/79f7e19fdd176fc2bc7a289013dc2056"},"headline":"Colaboraci\u00f3n desde la concejal\u00eda de Sanidad, la Asociaci\u00f3n de Fibromialgia Avance de Caudete y Hospital de Almansa en fabricar Capas de Superh\u00e9roes para la consulta de Pediatr\u00eda","datePublished":"2023-05-29T13:03:47+00:00","dateModified":"2023-05-29T13:03:48+00:00","mainEntityOfPage":{"@id":"https:\/\/www.caudete.org\/ayuntamiento\/colaboracion-desde-la-concejalia-de-sanidad-la-asociacion-de-fibromialgia-avance-de-caudete-y-hospital-de-almansa-en-fabricar-capas-de-superheroes-para-la-consulta-de-pediatria\/"},"wordCount":328,"publisher":{"@id":"https:\/\/www.caudete.org\/ayuntamiento\/#organization"},"image":{"@id":"https:\/\/www.caudete.org\/ayuntamiento\/colaboracion-desde-la-concejalia-de-sanidad-la-asociacion-de-fibromialgia-avance-de-caudete-y-hospital-de-almansa-en-fabricar-capas-de-superheroes-para-la-consulta-de-pediatria\/#primaryimage"},"thumbnailUrl":"https:\/\/www.caudete.org\/ayuntamiento\/wp-content\/uploads\/2023\/05\/IMG-20230526-WA0008-port.jpg","articleSection":["Sanidad"],"inLanguage":"es"},{"@type":"WebPage","@id":"https:\/\/www.caudete.org\/ayuntamiento\/colaboracion-desde-la-concejalia-de-sanidad-la-asociacion-de-fibromialgia-avance-de-caudete-y-hospital-de-almansa-en-fabricar-capas-de-superheroes-para-la-consulta-de-pediatria\/","url":"https:\/\/www.caudete.org\/ayuntamiento\/colaboracion-desde-la-concejalia-de-sanidad-la-asociacion-de-fibromialgia-avance-de-caudete-y-hospital-de-almansa-en-fabricar-capas-de-superheroes-para-la-consulta-de-pediatria\/","name":"Colaboraci\u00f3n desde la concejal\u00eda de Sanidad, la Asociaci\u00f3n de Fibromialgia Avance de Caudete y Hospital de Almansa en fabricar Capas de Superh\u00e9roes para la consulta de Pediatr\u00eda - MI Ayuntamiento de Caudete","isPartOf":{"@id":"https:\/\/www.caudete.org\/ayuntamiento\/#website"},"primaryImageOfPage":{"@id":"https:\/\/www.caudete.org\/ayuntamiento\/colaboracion-desde-la-concejalia-de-sanidad-la-asociacion-de-fibromialgia-avance-de-caudete-y-hospital-de-almansa-en-fabricar-capas-de-superheroes-para-la-consulta-de-pediatria\/#primaryimage"},"image":{"@id":"https:\/\/www.caudete.org\/ayuntamiento\/colaboracion-desde-la-concejalia-de-sanidad-la-asociacion-de-fibromialgia-avance-de-caudete-y-hospital-de-almansa-en-fabricar-capas-de-superheroes-para-la-consulta-de-pediatria\/#primaryimage"},"thumbnailUrl":"https:\/\/www.caudete.org\/ayuntamiento\/wp-content\/uploads\/2023\/05\/IMG-20230526-WA0008-port.jpg","datePublished":"2023-05-29T13:03:47+00:00","dateModified":"2023-05-29T13:03:48+00:00","description":"P\u00e1gina Oficial del Ayuntamiento de Caudete (Albacete)","breadcrumb":{"@id":"https:\/\/www.caudete.org\/ayuntamiento\/colaboracion-desde-la-concejalia-de-sanidad-la-asociacion-de-fibromialgia-avance-de-caudete-y-hospital-de-almansa-en-fabricar-capas-de-superheroes-para-la-consulta-de-pediatria\/#breadcrumb"},"inLanguage":"es","potentialAction":[{"@type":"ReadAction","target":["https:\/\/www.caudete.org\/ayuntamiento\/colaboracion-desde-la-concejalia-de-sanidad-la-asociacion-de-fibromialgia-avance-de-caudete-y-hospital-de-almansa-en-fabricar-capas-de-superheroes-para-la-consulta-de-pediatria\/"]}]},{"@type":"ImageObject","inLanguage":"es","@id":"https:\/\/www.caudete.org\/ayuntamiento\/colaboracion-desde-la-concejalia-de-sanidad-la-asociacion-de-fibromialgia-avance-de-caudete-y-hospital-de-almansa-en-fabricar-capas-de-superheroes-para-la-consulta-de-pediatria\/#primaryimage","url":"https:\/\/www.caudete.org\/ayuntamiento\/wp-content\/uploads\/2023\/05\/IMG-20230526-WA0008-port.jpg","contentUrl":"https:\/\/www.caudete.org\/ayuntamiento\/wp-content\/uploads\/2023\/05\/IMG-20230526-WA0008-port.jpg","width":844,"height":320},{"@type":"BreadcrumbList","@id":"https:\/\/www.caudete.org\/ayuntamiento\/colaboracion-desde-la-concejalia-de-sanidad-la-asociacion-de-fibromialgia-avance-de-caudete-y-hospital-de-almansa-en-fabricar-capas-de-superheroes-para-la-consulta-de-pediatria\/#breadcrumb","itemListElement":[{"@type":"ListItem","position":1,"name":"Inicio","item":"https:\/\/www.caudete.org\/ayuntamiento\/"},{"@type":"ListItem","position":2,"name":"Colaboraci\u00f3n desde la concejal\u00eda de Sanidad, la Asociaci\u00f3n de Fibromialgia Avance de Caudete y Hospital de Almansa en fabricar Capas de Superh\u00e9roes para la consulta de Pediatr\u00eda"}]},{"@type":"WebSite","@id":"https:\/\/www.caudete.org\/ayuntamiento\/#website","url":"https:\/\/www.caudete.org\/ayuntamiento\/","name":"MI Ayuntamiento de Caudete","description":"P\u00e1gina Oficial del MI Ayuntamiento de Caudete","publisher":{"@id":"https:\/\/www.caudete.org\/ayuntamiento\/#organization"},"potentialAction":[{"@type":"SearchAction","target":{"@type":"EntryPoint","urlTemplate":"https:\/\/www.caudete.org\/ayuntamiento\/?s={search_term_string}"},"query-input":{"@type":"PropertyValueSpecification","valueRequired":true,"valueName":"search_term_string"}}],"inLanguage":"es"},{"@type":"Organization","@id":"https:\/\/www.caudete.org\/ayuntamiento\/#organization","name":"Ayuntamiento de Caudete","url":"https:\/\/www.caudete.org\/ayuntamiento\/","logo":{"@type":"ImageObject","inLanguage":"es","@id":"https:\/\/www.caudete.org\/ayuntamiento\/#\/schema\/logo\/image\/","url":"https:\/\/www.caudete.org\/ayuntamiento\/wp-content\/uploads\/2020\/11\/logo_ayuntamiento_caudete.jpg","contentUrl":"https:\/\/www.caudete.org\/ayuntamiento\/wp-content\/uploads\/2020\/11\/logo_ayuntamiento_caudete.jpg","width":600,"height":150,"caption":"Ayuntamiento de Caudete"},"image":{"@id":"https:\/\/www.caudete.org\/ayuntamiento\/#\/schema\/logo\/image\/"},"sameAs":["https:\/\/www.facebook.com\/ayuntamientocaudete\/","https:\/\/www.youtube.com\/channel\/UC6VztHaooNsGpw-tNoBEFnQ"]},{"@type":"Person","@id":"https:\/\/www.caudete.org\/ayuntamiento\/#\/schema\/person\/79f7e19fdd176fc2bc7a289013dc2056","name":"ayun","image":{"@type":"ImageObject","inLanguage":"es","@id":"https:\/\/secure.gravatar.com\/avatar\/4ce797ee07c943e7e592f8cd648e503e6cd571387558ed07135799c2bd2847df?s=96&d=mm&r=g","url":"https:\/\/secure.gravatar.com\/avatar\/4ce797ee07c943e7e592f8cd648e503e6cd571387558ed07135799c2bd2847df?s=96&d=mm&r=g","contentUrl":"https:\/\/secure.gravatar.com\/avatar\/4ce797ee07c943e7e592f8cd648e503e6cd571387558ed07135799c2bd2847df?s=96&d=mm&r=g","caption":"ayun"},"sameAs":["http:\/\/www.caudete.org\/ayuntamiento"],"url":"https:\/\/www.caudete.org\/ayuntamiento\/author\/ayun\/"}]}},"_links":{"self":[{"href":"https:\/\/www.caudete.org\/ayuntamiento\/wp-json\/wp\/v2\/posts\/22293","targetHints":{"allow":["GET"]}}],"collection":[{"href":"https:\/\/www.caudete.org\/ayuntamiento\/wp-json\/wp\/v2\/posts"}],"about":[{"href":"https:\/\/www.caudete.org\/ayuntamiento\/wp-json\/wp\/v2\/types\/post"}],"author":[{"embeddable":true,"href":"https:\/\/www.caudete.org\/ayuntamiento\/wp-json\/wp\/v2\/users\/1"}],"replies":[{"embeddable":true,"href":"https:\/\/www.caudete.org\/ayuntamiento\/wp-json\/wp\/v2\/comments?post=22293"}],"version-history":[{"count":2,"href":"https:\/\/www.caudete.org\/ayuntamiento\/wp-json\/wp\/v2\/posts\/22293\/revisions"}],"predecessor-version":[{"id":22299,"href":"https:\/\/www.caudete.org\/ayuntamiento\/wp-json\/wp\/v2\/posts\/22293\/revisions\/22299"}],"wp:featuredmedia":[{"embeddable":true,"href":"https:\/\/www.caudete.org\/ayuntamiento\/wp-json\/wp\/v2\/media\/22297"}],"wp:attachment":[{"href":"https:\/\/www.caudete.org\/ayuntamiento\/wp-json\/wp\/v2\/media?parent=22293"}],"wp:term":[{"taxonomy":"category","embeddable":true,"href":"https:\/\/www.caudete.org\/ayuntamiento\/wp-json\/wp\/v2\/categories?post=22293"},{"taxonomy":"post_tag","embeddable":true,"href":"https:\/\/www.caudete.org\/ayuntamiento\/wp-json\/wp\/v2\/tags?post=22293"}],"curies":[{"name":"wp","href":"https:\/\/api.w.org\/{rel}","templated":true}]}}