{"id":22303,"date":"2023-05-30T11:43:20","date_gmt":"2023-05-30T09:43:20","guid":{"rendered":"https:\/\/www.caudete.org\/ayuntamiento\/?p=22303"},"modified":"2023-06-02T08:58:49","modified_gmt":"2023-06-02T06:58:49","slug":"la-concejalia-de-cultura-presenta-el-libro-lenyera-valenciana-de-oscar-rueda","status":"publish","type":"post","link":"https:\/\/www.caudete.org\/ayuntamiento\/la-concejalia-de-cultura-presenta-el-libro-lenyera-valenciana-de-oscar-rueda\/","title":{"rendered":"La Concejal\u00eda de Cultura presenta el libro \u201cSenyera Valenciana\u201d de Oscar Rueda"},"content":{"rendered":"<p>Desde la Concejal\u00eda de Cultura del M.I. Ayuntamiento de Caudete, a trav\u00e9s de la Biblioteca P\u00fablica Municipal Ana Mar\u00eda Matute se va a presentar el libro \u201cLa Senyera Valenciana\u201d de \u00d3scar Rueda, en colaboraci\u00f3n con la Asociaci\u00f3n Cultural Valencianista de Caudete.<br \/>\nSe trata de un acto enmarcado dentro de su Semana Cultural y Fallera.<br \/>\nUno de los objetivos de la Biblioteca P\u00fablica Municipal es el apoyo a la historia y cultura de Caudete y este libro sin duda indaga en parte de nuestra historia e identidad.<br \/>\nEsta presentaci\u00f3n se realizar\u00e1 el jueves 1 de junio a las 19:00 horas en el Museo de la Acuarela Rafael Requena, con entrada libre y contar\u00e1 con el autor y con Emilio Jos\u00e9 Catal\u00e1n, presidente de la Asociaci\u00f3n Cultural Valencianista de Caudete.<br \/>\n\u00d3scar Rueda Pitarque es un escritor valenciano nacido en 1976. Es ingeniero Ge\u00f3logo, Ingeniero de Caminos e Ingeniero T\u00e9cnico de Obras P\u00fablicas por la Universidad Polit\u00e9cnica de Valencia. Tambi\u00e9n es especialista Universitario en prevenci\u00f3n de Riesgos Laborales por la Universidad de Valencia.<br \/>\nDesarrolla su labor profesional en la empresa privada, habi\u00e9ndose especializado en el campo de la ingenier\u00eda de tr\u00e1nsito y la coordinaci\u00f3n de seguridad y salud.<br \/>\nTambi\u00e9n es profesor de Lengua Valenciana por Lo Rat Penat, siendo el actual Director de los Cursos de Lengua y Literatura Valenciana, (AELLVA), AGREGADO colaborador de la Secci\u00f3n de Lengua y literatura Valenciana de la RACV y presidente fundador de la asociaci\u00f3n cultural Casal Bernat y Baldov\u00ed.<br \/>\nEn 2019 fue designado tambi\u00e9n Acad\u00e9mico electo de N\u00famero de la RACV. Pocos conocen que la Batalla de Almansa tambi\u00e9n tuvo como consecuencia una significativa represi\u00f3n simb\u00f3lica: la Senyera Valenciana fue guardada en un arc\u00f3n. Los vencedores, abanderados de la centralizaci\u00f3n castellana, la consideraban un s\u00edmbolo de las libertades nacionales valencianas que deb\u00edan ser olvidadas para siempre. Pero no lo consiguieron. La Senyera estaba bien arraigada entre los valencianos desde que naci\u00f3 en 1377, por privilegio del rey<br \/>\nPedro el Ceremonioso.<br \/>\nA pesar de la represi\u00f3n borb\u00f3nica, los valencianos mantuvieron viva la memoria de la Senyera durante el siglo XVIII hasta que Vicent Boix, el gran precursor de la Renaixen\u00e7a, la rescat\u00f3 definitivamente. La Senyera fue protagonista principal de los or\u00edgenes del nacionalismo valenciano a principios del siglo XX,<br \/>\nde las manifestaciones pro Estatuto de los a\u00f1os 30 y en la posterior Guerra Civil, como s\u00edmbolo asociado al republicanismo. En los primeros a\u00f1os del franquismo, la Senyera no fue tolerada pero el cari\u00f1o popular hizo que fuera t\u00edmidamente reestablecido su uso, lejos del protagonismo pol\u00edtico que hab\u00eda tenido y que recuperar\u00eda en la transici\u00f3n.<br \/>\nLa historia de la Senyera es tambi\u00e9n la historia de la identidad valenciana.<\/p>\n<p>Y la vitalidad del s\u00edmbolo es la medida de la vitalidad identitaria del pueblo. La Senyera, 636 a\u00f1os despu\u00e9s de su nacimiento, tiene pendiente su gran reto: volver a ser s\u00edmbolo de libertad y encabezar la supervivencia de los valencianos en un mundo globalizado y cada vez m\u00e1s homogeneizado.<\/p>\n<p>En esta presentaci\u00f3n literaria se podr\u00e1n adquirir su libro y el autor realizar\u00e1 firma de ejemplares.<\/p>\n<p>Adem\u00e1s la Biblioteca P\u00fablica Municipal contar\u00e1 con dos ejemplares de este libro en su Secci\u00f3n Local para la consulta y pr\u00e9stamo de cuantos usuarios interesados en esta parte de la historia caudetana lo deseen.<\/p>\n<p><a href=\"https:\/\/www.caudete.org\/ayuntamiento\/la-concejalia-de-cultura-presenta-el-libro-lenyera-valenciana-de-oscar-rueda\/presentacion-senyera\/\" rel=\"attachment wp-att-22304\"><img fetchpriority=\"high\" decoding=\"async\" class=\"aligncenter size-full wp-image-22304\" src=\"https:\/\/www.caudete.org\/ayuntamiento\/wp-content\/uploads\/2023\/05\/presentacion-senyera.jpg\" rel='prettyPhoto' alt=\"\" width=\"1587\" height=\"2245\" srcset=\"https:\/\/www.caudete.org\/ayuntamiento\/wp-content\/uploads\/2023\/05\/presentacion-senyera.jpg 1587w, https:\/\/www.caudete.org\/ayuntamiento\/wp-content\/uploads\/2023\/05\/presentacion-senyera-212x300.jpg 212w, https:\/\/www.caudete.org\/ayuntamiento\/wp-content\/uploads\/2023\/05\/presentacion-senyera-724x1024.jpg 724w, https:\/\/www.caudete.org\/ayuntamiento\/wp-content\/uploads\/2023\/05\/presentacion-senyera-768x1086.jpg 768w, https:\/\/www.caudete.org\/ayuntamiento\/wp-content\/uploads\/2023\/05\/presentacion-senyera-1086x1536.jpg 1086w, https:\/\/www.caudete.org\/ayuntamiento\/wp-content\/uploads\/2023\/05\/presentacion-senyera-1448x2048.jpg 1448w\" sizes=\"(max-width: 1587px) 100vw, 1587px\" \/><\/a><\/p>\n","protected":false},"excerpt":{"rendered":"<p>Desde la Concejal\u00eda de Cultura del M.I. Ayuntamiento de Caudete, a trav\u00e9s de la Biblioteca P\u00fablica Municipal Ana Mar\u00eda Matute se va a presentar el libro \u201cLa Senyera Valenciana\u201d de \u00d3scar Rueda, en colaboraci\u00f3n con la Asociaci\u00f3n Cultural Valencianista de Caudete. Se trata de un acto enmarcado dentro de su Semana Cultural y Fallera. Uno &hellip;<\/p>\n","protected":false},"author":1,"featured_media":22305,"comment_status":"closed","ping_status":"open","sticky":false,"template":"","format":"standard","meta":{"ngg_post_thumbnail":0,"footnotes":""},"categories":[14],"tags":[],"class_list":["post-22303","post","type-post","status-publish","format-standard","has-post-thumbnail","hentry","category-cultura"],"yoast_head":"<!-- This site is optimized with the Yoast SEO plugin v27.4 - https:\/\/yoast.com\/product\/yoast-seo-wordpress\/ -->\n<title>La Concejal\u00eda de Cultura presenta el libro \u201cSenyera Valenciana\u201d de Oscar Rueda - MI Ayuntamiento de Caudete<\/title>\n<meta name=\"description\" content=\"P\u00e1gina Oficial del Ayuntamiento de Caudete (Albacete)\" \/>\n<meta name=\"robots\" content=\"index, follow, max-snippet:-1, max-image-preview:large, max-video-preview:-1\" \/>\n<link rel=\"canonical\" href=\"https:\/\/www.caudete.org\/ayuntamiento\/la-concejalia-de-cultura-presenta-el-libro-lenyera-valenciana-de-oscar-rueda\/\" \/>\n<meta property=\"og:locale\" content=\"es_ES\" \/>\n<meta property=\"og:type\" content=\"article\" \/>\n<meta property=\"og:title\" content=\"La Concejal\u00eda de Cultura presenta el libro \u201cSenyera Valenciana\u201d de Oscar Rueda - MI Ayuntamiento de Caudete\" \/>\n<meta property=\"og:description\" content=\"P\u00e1gina Oficial del Ayuntamiento de Caudete (Albacete)\" \/>\n<meta property=\"og:url\" content=\"https:\/\/www.caudete.org\/ayuntamiento\/la-concejalia-de-cultura-presenta-el-libro-lenyera-valenciana-de-oscar-rueda\/\" \/>\n<meta property=\"og:site_name\" content=\"MI Ayuntamiento de Caudete\" \/>\n<meta property=\"article:publisher\" content=\"https:\/\/www.facebook.com\/ayuntamientocaudete\/\" \/>\n<meta property=\"article:published_time\" content=\"2023-05-30T09:43:20+00:00\" \/>\n<meta property=\"article:modified_time\" content=\"2023-06-02T06:58:49+00:00\" \/>\n<meta property=\"og:image\" content=\"https:\/\/www.caudete.org\/ayuntamiento\/wp-content\/uploads\/2023\/05\/presentacion-senyera-port.jpg\" \/>\n\t<meta property=\"og:image:width\" content=\"1530\" \/>\n\t<meta property=\"og:image:height\" content=\"684\" \/>\n\t<meta property=\"og:image:type\" content=\"image\/jpeg\" \/>\n<meta name=\"author\" content=\"ayun\" \/>\n<meta name=\"twitter:card\" content=\"summary_large_image\" \/>\n<meta name=\"twitter:label1\" content=\"Escrito por\" \/>\n\t<meta name=\"twitter:data1\" content=\"ayun\" \/>\n\t<meta name=\"twitter:label2\" content=\"Tiempo de lectura\" \/>\n\t<meta name=\"twitter:data2\" content=\"3 minutos\" \/>\n<script type=\"application\/ld+json\" class=\"yoast-schema-graph\">{\"@context\":\"https:\\\/\\\/schema.org\",\"@graph\":[{\"@type\":\"Article\",\"@id\":\"https:\\\/\\\/www.caudete.org\\\/ayuntamiento\\\/la-concejalia-de-cultura-presenta-el-libro-lenyera-valenciana-de-oscar-rueda\\\/#article\",\"isPartOf\":{\"@id\":\"https:\\\/\\\/www.caudete.org\\\/ayuntamiento\\\/la-concejalia-de-cultura-presenta-el-libro-lenyera-valenciana-de-oscar-rueda\\\/\"},\"author\":{\"name\":\"ayun\",\"@id\":\"https:\\\/\\\/www.caudete.org\\\/ayuntamiento\\\/#\\\/schema\\\/person\\\/79f7e19fdd176fc2bc7a289013dc2056\"},\"headline\":\"La Concejal\u00eda de Cultura presenta el libro \u201cSenyera Valenciana\u201d de Oscar Rueda\",\"datePublished\":\"2023-05-30T09:43:20+00:00\",\"dateModified\":\"2023-06-02T06:58:49+00:00\",\"mainEntityOfPage\":{\"@id\":\"https:\\\/\\\/www.caudete.org\\\/ayuntamiento\\\/la-concejalia-de-cultura-presenta-el-libro-lenyera-valenciana-de-oscar-rueda\\\/\"},\"wordCount\":603,\"publisher\":{\"@id\":\"https:\\\/\\\/www.caudete.org\\\/ayuntamiento\\\/#organization\"},\"image\":{\"@id\":\"https:\\\/\\\/www.caudete.org\\\/ayuntamiento\\\/la-concejalia-de-cultura-presenta-el-libro-lenyera-valenciana-de-oscar-rueda\\\/#primaryimage\"},\"thumbnailUrl\":\"https:\\\/\\\/www.caudete.org\\\/ayuntamiento\\\/wp-content\\\/uploads\\\/2023\\\/05\\\/presentacion-senyera-port.jpg\",\"articleSection\":[\"Cultura\"],\"inLanguage\":\"es\"},{\"@type\":\"WebPage\",\"@id\":\"https:\\\/\\\/www.caudete.org\\\/ayuntamiento\\\/la-concejalia-de-cultura-presenta-el-libro-lenyera-valenciana-de-oscar-rueda\\\/\",\"url\":\"https:\\\/\\\/www.caudete.org\\\/ayuntamiento\\\/la-concejalia-de-cultura-presenta-el-libro-lenyera-valenciana-de-oscar-rueda\\\/\",\"name\":\"La Concejal\u00eda de Cultura presenta el libro \u201cSenyera Valenciana\u201d de Oscar Rueda - MI Ayuntamiento de Caudete\",\"isPartOf\":{\"@id\":\"https:\\\/\\\/www.caudete.org\\\/ayuntamiento\\\/#website\"},\"primaryImageOfPage\":{\"@id\":\"https:\\\/\\\/www.caudete.org\\\/ayuntamiento\\\/la-concejalia-de-cultura-presenta-el-libro-lenyera-valenciana-de-oscar-rueda\\\/#primaryimage\"},\"image\":{\"@id\":\"https:\\\/\\\/www.caudete.org\\\/ayuntamiento\\\/la-concejalia-de-cultura-presenta-el-libro-lenyera-valenciana-de-oscar-rueda\\\/#primaryimage\"},\"thumbnailUrl\":\"https:\\\/\\\/www.caudete.org\\\/ayuntamiento\\\/wp-content\\\/uploads\\\/2023\\\/05\\\/presentacion-senyera-port.jpg\",\"datePublished\":\"2023-05-30T09:43:20+00:00\",\"dateModified\":\"2023-06-02T06:58:49+00:00\",\"description\":\"P\u00e1gina Oficial del Ayuntamiento de Caudete (Albacete)\",\"breadcrumb\":{\"@id\":\"https:\\\/\\\/www.caudete.org\\\/ayuntamiento\\\/la-concejalia-de-cultura-presenta-el-libro-lenyera-valenciana-de-oscar-rueda\\\/#breadcrumb\"},\"inLanguage\":\"es\",\"potentialAction\":[{\"@type\":\"ReadAction\",\"target\":[\"https:\\\/\\\/www.caudete.org\\\/ayuntamiento\\\/la-concejalia-de-cultura-presenta-el-libro-lenyera-valenciana-de-oscar-rueda\\\/\"]}]},{\"@type\":\"ImageObject\",\"inLanguage\":\"es\",\"@id\":\"https:\\\/\\\/www.caudete.org\\\/ayuntamiento\\\/la-concejalia-de-cultura-presenta-el-libro-lenyera-valenciana-de-oscar-rueda\\\/#primaryimage\",\"url\":\"https:\\\/\\\/www.caudete.org\\\/ayuntamiento\\\/wp-content\\\/uploads\\\/2023\\\/05\\\/presentacion-senyera-port.jpg\",\"contentUrl\":\"https:\\\/\\\/www.caudete.org\\\/ayuntamiento\\\/wp-content\\\/uploads\\\/2023\\\/05\\\/presentacion-senyera-port.jpg\",\"width\":1530,\"height\":684},{\"@type\":\"BreadcrumbList\",\"@id\":\"https:\\\/\\\/www.caudete.org\\\/ayuntamiento\\\/la-concejalia-de-cultura-presenta-el-libro-lenyera-valenciana-de-oscar-rueda\\\/#breadcrumb\",\"itemListElement\":[{\"@type\":\"ListItem\",\"position\":1,\"name\":\"Inicio\",\"item\":\"https:\\\/\\\/www.caudete.org\\\/ayuntamiento\\\/\"},{\"@type\":\"ListItem\",\"position\":2,\"name\":\"La Concejal\u00eda de Cultura presenta el libro \u201cSenyera Valenciana\u201d de Oscar Rueda\"}]},{\"@type\":\"WebSite\",\"@id\":\"https:\\\/\\\/www.caudete.org\\\/ayuntamiento\\\/#website\",\"url\":\"https:\\\/\\\/www.caudete.org\\\/ayuntamiento\\\/\",\"name\":\"MI Ayuntamiento de Caudete\",\"description\":\"P\u00e1gina Oficial del MI Ayuntamiento de Caudete\",\"publisher\":{\"@id\":\"https:\\\/\\\/www.caudete.org\\\/ayuntamiento\\\/#organization\"},\"potentialAction\":[{\"@type\":\"SearchAction\",\"target\":{\"@type\":\"EntryPoint\",\"urlTemplate\":\"https:\\\/\\\/www.caudete.org\\\/ayuntamiento\\\/?s={search_term_string}\"},\"query-input\":{\"@type\":\"PropertyValueSpecification\",\"valueRequired\":true,\"valueName\":\"search_term_string\"}}],\"inLanguage\":\"es\"},{\"@type\":\"Organization\",\"@id\":\"https:\\\/\\\/www.caudete.org\\\/ayuntamiento\\\/#organization\",\"name\":\"Ayuntamiento de Caudete\",\"url\":\"https:\\\/\\\/www.caudete.org\\\/ayuntamiento\\\/\",\"logo\":{\"@type\":\"ImageObject\",\"inLanguage\":\"es\",\"@id\":\"https:\\\/\\\/www.caudete.org\\\/ayuntamiento\\\/#\\\/schema\\\/logo\\\/image\\\/\",\"url\":\"https:\\\/\\\/www.caudete.org\\\/ayuntamiento\\\/wp-content\\\/uploads\\\/2020\\\/11\\\/logo_ayuntamiento_caudete.jpg\",\"contentUrl\":\"https:\\\/\\\/www.caudete.org\\\/ayuntamiento\\\/wp-content\\\/uploads\\\/2020\\\/11\\\/logo_ayuntamiento_caudete.jpg\",\"width\":600,\"height\":150,\"caption\":\"Ayuntamiento de Caudete\"},\"image\":{\"@id\":\"https:\\\/\\\/www.caudete.org\\\/ayuntamiento\\\/#\\\/schema\\\/logo\\\/image\\\/\"},\"sameAs\":[\"https:\\\/\\\/www.facebook.com\\\/ayuntamientocaudete\\\/\",\"https:\\\/\\\/www.youtube.com\\\/channel\\\/UC6VztHaooNsGpw-tNoBEFnQ\"]},{\"@type\":\"Person\",\"@id\":\"https:\\\/\\\/www.caudete.org\\\/ayuntamiento\\\/#\\\/schema\\\/person\\\/79f7e19fdd176fc2bc7a289013dc2056\",\"name\":\"ayun\",\"image\":{\"@type\":\"ImageObject\",\"inLanguage\":\"es\",\"@id\":\"https:\\\/\\\/secure.gravatar.com\\\/avatar\\\/4ce797ee07c943e7e592f8cd648e503e6cd571387558ed07135799c2bd2847df?s=96&d=mm&r=g\",\"url\":\"https:\\\/\\\/secure.gravatar.com\\\/avatar\\\/4ce797ee07c943e7e592f8cd648e503e6cd571387558ed07135799c2bd2847df?s=96&d=mm&r=g\",\"contentUrl\":\"https:\\\/\\\/secure.gravatar.com\\\/avatar\\\/4ce797ee07c943e7e592f8cd648e503e6cd571387558ed07135799c2bd2847df?s=96&d=mm&r=g\",\"caption\":\"ayun\"},\"sameAs\":[\"http:\\\/\\\/www.caudete.org\\\/ayuntamiento\"],\"url\":\"https:\\\/\\\/www.caudete.org\\\/ayuntamiento\\\/author\\\/ayun\\\/\"}]}<\/script>\n<!-- \/ Yoast SEO plugin. -->","yoast_head_json":{"title":"La Concejal\u00eda de Cultura presenta el libro \u201cSenyera Valenciana\u201d de Oscar Rueda - MI Ayuntamiento de Caudete","description":"P\u00e1gina Oficial del Ayuntamiento de Caudete (Albacete)","robots":{"index":"index","follow":"follow","max-snippet":"max-snippet:-1","max-image-preview":"max-image-preview:large","max-video-preview":"max-video-preview:-1"},"canonical":"https:\/\/www.caudete.org\/ayuntamiento\/la-concejalia-de-cultura-presenta-el-libro-lenyera-valenciana-de-oscar-rueda\/","og_locale":"es_ES","og_type":"article","og_title":"La Concejal\u00eda de Cultura presenta el libro \u201cSenyera Valenciana\u201d de Oscar Rueda - MI Ayuntamiento de Caudete","og_description":"P\u00e1gina Oficial del Ayuntamiento de Caudete (Albacete)","og_url":"https:\/\/www.caudete.org\/ayuntamiento\/la-concejalia-de-cultura-presenta-el-libro-lenyera-valenciana-de-oscar-rueda\/","og_site_name":"MI Ayuntamiento de Caudete","article_publisher":"https:\/\/www.facebook.com\/ayuntamientocaudete\/","article_published_time":"2023-05-30T09:43:20+00:00","article_modified_time":"2023-06-02T06:58:49+00:00","og_image":[{"width":1530,"height":684,"url":"https:\/\/www.caudete.org\/ayuntamiento\/wp-content\/uploads\/2023\/05\/presentacion-senyera-port.jpg","type":"image\/jpeg"}],"author":"ayun","twitter_card":"summary_large_image","twitter_misc":{"Escrito por":"ayun","Tiempo de lectura":"3 minutos"},"schema":{"@context":"https:\/\/schema.org","@graph":[{"@type":"Article","@id":"https:\/\/www.caudete.org\/ayuntamiento\/la-concejalia-de-cultura-presenta-el-libro-lenyera-valenciana-de-oscar-rueda\/#article","isPartOf":{"@id":"https:\/\/www.caudete.org\/ayuntamiento\/la-concejalia-de-cultura-presenta-el-libro-lenyera-valenciana-de-oscar-rueda\/"},"author":{"name":"ayun","@id":"https:\/\/www.caudete.org\/ayuntamiento\/#\/schema\/person\/79f7e19fdd176fc2bc7a289013dc2056"},"headline":"La Concejal\u00eda de Cultura presenta el libro \u201cSenyera Valenciana\u201d de Oscar Rueda","datePublished":"2023-05-30T09:43:20+00:00","dateModified":"2023-06-02T06:58:49+00:00","mainEntityOfPage":{"@id":"https:\/\/www.caudete.org\/ayuntamiento\/la-concejalia-de-cultura-presenta-el-libro-lenyera-valenciana-de-oscar-rueda\/"},"wordCount":603,"publisher":{"@id":"https:\/\/www.caudete.org\/ayuntamiento\/#organization"},"image":{"@id":"https:\/\/www.caudete.org\/ayuntamiento\/la-concejalia-de-cultura-presenta-el-libro-lenyera-valenciana-de-oscar-rueda\/#primaryimage"},"thumbnailUrl":"https:\/\/www.caudete.org\/ayuntamiento\/wp-content\/uploads\/2023\/05\/presentacion-senyera-port.jpg","articleSection":["Cultura"],"inLanguage":"es"},{"@type":"WebPage","@id":"https:\/\/www.caudete.org\/ayuntamiento\/la-concejalia-de-cultura-presenta-el-libro-lenyera-valenciana-de-oscar-rueda\/","url":"https:\/\/www.caudete.org\/ayuntamiento\/la-concejalia-de-cultura-presenta-el-libro-lenyera-valenciana-de-oscar-rueda\/","name":"La Concejal\u00eda de Cultura presenta el libro \u201cSenyera Valenciana\u201d de Oscar Rueda - MI Ayuntamiento de Caudete","isPartOf":{"@id":"https:\/\/www.caudete.org\/ayuntamiento\/#website"},"primaryImageOfPage":{"@id":"https:\/\/www.caudete.org\/ayuntamiento\/la-concejalia-de-cultura-presenta-el-libro-lenyera-valenciana-de-oscar-rueda\/#primaryimage"},"image":{"@id":"https:\/\/www.caudete.org\/ayuntamiento\/la-concejalia-de-cultura-presenta-el-libro-lenyera-valenciana-de-oscar-rueda\/#primaryimage"},"thumbnailUrl":"https:\/\/www.caudete.org\/ayuntamiento\/wp-content\/uploads\/2023\/05\/presentacion-senyera-port.jpg","datePublished":"2023-05-30T09:43:20+00:00","dateModified":"2023-06-02T06:58:49+00:00","description":"P\u00e1gina Oficial del Ayuntamiento de Caudete (Albacete)","breadcrumb":{"@id":"https:\/\/www.caudete.org\/ayuntamiento\/la-concejalia-de-cultura-presenta-el-libro-lenyera-valenciana-de-oscar-rueda\/#breadcrumb"},"inLanguage":"es","potentialAction":[{"@type":"ReadAction","target":["https:\/\/www.caudete.org\/ayuntamiento\/la-concejalia-de-cultura-presenta-el-libro-lenyera-valenciana-de-oscar-rueda\/"]}]},{"@type":"ImageObject","inLanguage":"es","@id":"https:\/\/www.caudete.org\/ayuntamiento\/la-concejalia-de-cultura-presenta-el-libro-lenyera-valenciana-de-oscar-rueda\/#primaryimage","url":"https:\/\/www.caudete.org\/ayuntamiento\/wp-content\/uploads\/2023\/05\/presentacion-senyera-port.jpg","contentUrl":"https:\/\/www.caudete.org\/ayuntamiento\/wp-content\/uploads\/2023\/05\/presentacion-senyera-port.jpg","width":1530,"height":684},{"@type":"BreadcrumbList","@id":"https:\/\/www.caudete.org\/ayuntamiento\/la-concejalia-de-cultura-presenta-el-libro-lenyera-valenciana-de-oscar-rueda\/#breadcrumb","itemListElement":[{"@type":"ListItem","position":1,"name":"Inicio","item":"https:\/\/www.caudete.org\/ayuntamiento\/"},{"@type":"ListItem","position":2,"name":"La Concejal\u00eda de Cultura presenta el libro \u201cSenyera Valenciana\u201d de Oscar Rueda"}]},{"@type":"WebSite","@id":"https:\/\/www.caudete.org\/ayuntamiento\/#website","url":"https:\/\/www.caudete.org\/ayuntamiento\/","name":"MI Ayuntamiento de Caudete","description":"P\u00e1gina Oficial del MI Ayuntamiento de Caudete","publisher":{"@id":"https:\/\/www.caudete.org\/ayuntamiento\/#organization"},"potentialAction":[{"@type":"SearchAction","target":{"@type":"EntryPoint","urlTemplate":"https:\/\/www.caudete.org\/ayuntamiento\/?s={search_term_string}"},"query-input":{"@type":"PropertyValueSpecification","valueRequired":true,"valueName":"search_term_string"}}],"inLanguage":"es"},{"@type":"Organization","@id":"https:\/\/www.caudete.org\/ayuntamiento\/#organization","name":"Ayuntamiento de Caudete","url":"https:\/\/www.caudete.org\/ayuntamiento\/","logo":{"@type":"ImageObject","inLanguage":"es","@id":"https:\/\/www.caudete.org\/ayuntamiento\/#\/schema\/logo\/image\/","url":"https:\/\/www.caudete.org\/ayuntamiento\/wp-content\/uploads\/2020\/11\/logo_ayuntamiento_caudete.jpg","contentUrl":"https:\/\/www.caudete.org\/ayuntamiento\/wp-content\/uploads\/2020\/11\/logo_ayuntamiento_caudete.jpg","width":600,"height":150,"caption":"Ayuntamiento de Caudete"},"image":{"@id":"https:\/\/www.caudete.org\/ayuntamiento\/#\/schema\/logo\/image\/"},"sameAs":["https:\/\/www.facebook.com\/ayuntamientocaudete\/","https:\/\/www.youtube.com\/channel\/UC6VztHaooNsGpw-tNoBEFnQ"]},{"@type":"Person","@id":"https:\/\/www.caudete.org\/ayuntamiento\/#\/schema\/person\/79f7e19fdd176fc2bc7a289013dc2056","name":"ayun","image":{"@type":"ImageObject","inLanguage":"es","@id":"https:\/\/secure.gravatar.com\/avatar\/4ce797ee07c943e7e592f8cd648e503e6cd571387558ed07135799c2bd2847df?s=96&d=mm&r=g","url":"https:\/\/secure.gravatar.com\/avatar\/4ce797ee07c943e7e592f8cd648e503e6cd571387558ed07135799c2bd2847df?s=96&d=mm&r=g","contentUrl":"https:\/\/secure.gravatar.com\/avatar\/4ce797ee07c943e7e592f8cd648e503e6cd571387558ed07135799c2bd2847df?s=96&d=mm&r=g","caption":"ayun"},"sameAs":["http:\/\/www.caudete.org\/ayuntamiento"],"url":"https:\/\/www.caudete.org\/ayuntamiento\/author\/ayun\/"}]}},"_links":{"self":[{"href":"https:\/\/www.caudete.org\/ayuntamiento\/wp-json\/wp\/v2\/posts\/22303","targetHints":{"allow":["GET"]}}],"collection":[{"href":"https:\/\/www.caudete.org\/ayuntamiento\/wp-json\/wp\/v2\/posts"}],"about":[{"href":"https:\/\/www.caudete.org\/ayuntamiento\/wp-json\/wp\/v2\/types\/post"}],"author":[{"embeddable":true,"href":"https:\/\/www.caudete.org\/ayuntamiento\/wp-json\/wp\/v2\/users\/1"}],"replies":[{"embeddable":true,"href":"https:\/\/www.caudete.org\/ayuntamiento\/wp-json\/wp\/v2\/comments?post=22303"}],"version-history":[{"count":5,"href":"https:\/\/www.caudete.org\/ayuntamiento\/wp-json\/wp\/v2\/posts\/22303\/revisions"}],"predecessor-version":[{"id":22378,"href":"https:\/\/www.caudete.org\/ayuntamiento\/wp-json\/wp\/v2\/posts\/22303\/revisions\/22378"}],"wp:featuredmedia":[{"embeddable":true,"href":"https:\/\/www.caudete.org\/ayuntamiento\/wp-json\/wp\/v2\/media\/22305"}],"wp:attachment":[{"href":"https:\/\/www.caudete.org\/ayuntamiento\/wp-json\/wp\/v2\/media?parent=22303"}],"wp:term":[{"taxonomy":"category","embeddable":true,"href":"https:\/\/www.caudete.org\/ayuntamiento\/wp-json\/wp\/v2\/categories?post=22303"},{"taxonomy":"post_tag","embeddable":true,"href":"https:\/\/www.caudete.org\/ayuntamiento\/wp-json\/wp\/v2\/tags?post=22303"}],"curies":[{"name":"wp","href":"https:\/\/api.w.org\/{rel}","templated":true}]}}