{"id":22325,"date":"2023-06-02T13:51:58","date_gmt":"2023-06-02T11:51:58","guid":{"rendered":"https:\/\/www.caudete.org\/ayuntamiento\/?p=22325"},"modified":"2023-06-02T12:11:25","modified_gmt":"2023-06-02T10:11:25","slug":"la-concejalia-de-deportes-del-ayuntamiento-de-caudete-presenta-su-nueva-oferta-deportiva-para-el-periodo-estival","status":"publish","type":"post","link":"https:\/\/www.caudete.org\/ayuntamiento\/la-concejalia-de-deportes-del-ayuntamiento-de-caudete-presenta-su-nueva-oferta-deportiva-para-el-periodo-estival\/","title":{"rendered":"La Concejal\u00eda de Deportes del Ayuntamiento de Caudete presenta su nueva oferta deportiva para el periodo estival"},"content":{"rendered":"<p>La Concejal de Deportes, Pilar Egea, ha anunciado la presentaci\u00f3n de la oferta deportiva para este pr\u00f3ximo periodo estival. Una propuesta muy completa y atractiva que va enfocada para todos los p\u00fablicos, con especial atenci\u00f3n a los escolares con el fin de utilizar el deporte como un medio ideal de ocupaci\u00f3n positiva del tiempo libre, a la vez que permitir a la familia conciliar la vida laboral con las vacaciones de los menores.<br \/>\nComo en ediciones anteriores el programa se estructura en tres grandes bloques, las actividades a desarrollarse en el medio acu\u00e1tico a trav\u00e9s de los cursos de nataci\u00f3n, aquaerobic\u2026, los campus deportivos con novedades tan genuinas como el campus de skate, gimnasia de trampol\u00edn\u2026 a la vez que se mantiene la celebraci\u00f3n de otros tan consolidados en nuestra localidad como el Campus de Baloncesto de la Diputaci\u00f3n de Albacete o el Campus de F\u00fatbol del Albacete Balompi\u00e9, entre otros. El \u00faltimo bloque lo conforman las competiciones deportivas, con la novedad este a\u00f1o del Torneo Kings F\u00fatbol 5&#215;5.<br \/>\nLas inscripciones a los diferentes cursos y campus estar\u00e1n abiertas a partir el pr\u00f3ximo lunes 5 de junio.<\/p>\n<p><a href=\"https:\/\/www.caudete.org\/ayuntamiento\/wp-content\/uploads\/2023\/06\/Folleto-23-baja-1.pdf\" class=\"mtli_attachment mtli_pdf\">Folleto &#8220;Verano y Deportes te Esperan&#8221;<\/a><\/p>\n<p><a href=\"https:\/\/www.caudete.org\/ayuntamiento\/la-concejalia-de-deportes-del-ayuntamiento-de-caudete-presenta-su-nueva-oferta-deportiva-para-el-periodo-estival\/depor-2023\/\" rel=\"attachment wp-att-22333\"><img fetchpriority=\"high\" decoding=\"async\" class=\"aligncenter size-full wp-image-22333\" src=\"https:\/\/www.caudete.org\/ayuntamiento\/wp-content\/uploads\/2023\/06\/depor-2023.jpg\" rel='prettyPhoto' alt=\"\" width=\"826\" height=\"826\" srcset=\"https:\/\/www.caudete.org\/ayuntamiento\/wp-content\/uploads\/2023\/06\/depor-2023.jpg 826w, https:\/\/www.caudete.org\/ayuntamiento\/wp-content\/uploads\/2023\/06\/depor-2023-300x300.jpg 300w, https:\/\/www.caudete.org\/ayuntamiento\/wp-content\/uploads\/2023\/06\/depor-2023-150x150.jpg 150w, https:\/\/www.caudete.org\/ayuntamiento\/wp-content\/uploads\/2023\/06\/depor-2023-768x768.jpg 768w, https:\/\/www.caudete.org\/ayuntamiento\/wp-content\/uploads\/2023\/06\/depor-2023-60x60.jpg 60w\" sizes=\"(max-width: 826px) 100vw, 826px\" \/><\/a><\/p>\n","protected":false},"excerpt":{"rendered":"<p>La Concejal de Deportes, Pilar Egea, ha anunciado la presentaci\u00f3n de la oferta deportiva para este pr\u00f3ximo periodo estival. Una propuesta muy completa y atractiva que va enfocada para todos los p\u00fablicos, con especial atenci\u00f3n a los escolares con el fin de utilizar el deporte como un medio ideal de ocupaci\u00f3n positiva del tiempo libre, &hellip;<\/p>\n","protected":false},"author":1,"featured_media":22329,"comment_status":"closed","ping_status":"open","sticky":false,"template":"","format":"standard","meta":{"ngg_post_thumbnail":0,"footnotes":""},"categories":[23],"tags":[],"class_list":["post-22325","post","type-post","status-publish","format-standard","has-post-thumbnail","hentry","category-deportes"],"yoast_head":"<!-- This site is optimized with the Yoast SEO plugin v27.5 - https:\/\/yoast.com\/product\/yoast-seo-wordpress\/ -->\n<title>La Concejal\u00eda de Deportes del Ayuntamiento de Caudete presenta su nueva oferta deportiva para el periodo estival - MI Ayuntamiento de Caudete<\/title>\n<meta name=\"description\" content=\"P\u00e1gina Oficial del Ayuntamiento de Caudete (Albacete)\" \/>\n<meta name=\"robots\" content=\"index, follow, max-snippet:-1, max-image-preview:large, max-video-preview:-1\" \/>\n<link rel=\"canonical\" href=\"https:\/\/www.caudete.org\/ayuntamiento\/la-concejalia-de-deportes-del-ayuntamiento-de-caudete-presenta-su-nueva-oferta-deportiva-para-el-periodo-estival\/\" \/>\n<meta property=\"og:locale\" content=\"es_ES\" \/>\n<meta property=\"og:type\" content=\"article\" \/>\n<meta property=\"og:title\" content=\"La Concejal\u00eda de Deportes del Ayuntamiento de Caudete presenta su nueva oferta deportiva para el periodo estival - MI Ayuntamiento de Caudete\" \/>\n<meta property=\"og:description\" content=\"P\u00e1gina Oficial del Ayuntamiento de Caudete (Albacete)\" \/>\n<meta property=\"og:url\" content=\"https:\/\/www.caudete.org\/ayuntamiento\/la-concejalia-de-deportes-del-ayuntamiento-de-caudete-presenta-su-nueva-oferta-deportiva-para-el-periodo-estival\/\" \/>\n<meta property=\"og:site_name\" content=\"MI Ayuntamiento de Caudete\" \/>\n<meta property=\"article:publisher\" content=\"https:\/\/www.facebook.com\/ayuntamientocaudete\/\" \/>\n<meta property=\"article:published_time\" content=\"2023-06-02T11:51:58+00:00\" \/>\n<meta property=\"og:image\" content=\"https:\/\/www.caudete.org\/ayuntamiento\/wp-content\/uploads\/2023\/06\/depor-2023-port.jpg\" \/>\n\t<meta property=\"og:image:width\" content=\"991\" \/>\n\t<meta property=\"og:image:height\" content=\"397\" \/>\n\t<meta property=\"og:image:type\" content=\"image\/jpeg\" \/>\n<meta name=\"author\" content=\"ayun\" \/>\n<meta name=\"twitter:card\" content=\"summary_large_image\" \/>\n<meta name=\"twitter:label1\" content=\"Escrito por\" \/>\n\t<meta name=\"twitter:data1\" content=\"ayun\" \/>\n\t<meta name=\"twitter:label2\" content=\"Tiempo de lectura\" \/>\n\t<meta name=\"twitter:data2\" content=\"2 minutos\" \/>\n<script type=\"application\/ld+json\" class=\"yoast-schema-graph\">{\"@context\":\"https:\\\/\\\/schema.org\",\"@graph\":[{\"@type\":\"Article\",\"@id\":\"https:\\\/\\\/www.caudete.org\\\/ayuntamiento\\\/la-concejalia-de-deportes-del-ayuntamiento-de-caudete-presenta-su-nueva-oferta-deportiva-para-el-periodo-estival\\\/#article\",\"isPartOf\":{\"@id\":\"https:\\\/\\\/www.caudete.org\\\/ayuntamiento\\\/la-concejalia-de-deportes-del-ayuntamiento-de-caudete-presenta-su-nueva-oferta-deportiva-para-el-periodo-estival\\\/\"},\"author\":{\"name\":\"ayun\",\"@id\":\"https:\\\/\\\/www.caudete.org\\\/ayuntamiento\\\/#\\\/schema\\\/person\\\/79f7e19fdd176fc2bc7a289013dc2056\"},\"headline\":\"La Concejal\u00eda de Deportes del Ayuntamiento de Caudete presenta su nueva oferta deportiva para el periodo estival\",\"datePublished\":\"2023-06-02T11:51:58+00:00\",\"mainEntityOfPage\":{\"@id\":\"https:\\\/\\\/www.caudete.org\\\/ayuntamiento\\\/la-concejalia-de-deportes-del-ayuntamiento-de-caudete-presenta-su-nueva-oferta-deportiva-para-el-periodo-estival\\\/\"},\"wordCount\":226,\"image\":{\"@id\":\"https:\\\/\\\/www.caudete.org\\\/ayuntamiento\\\/la-concejalia-de-deportes-del-ayuntamiento-de-caudete-presenta-su-nueva-oferta-deportiva-para-el-periodo-estival\\\/#primaryimage\"},\"thumbnailUrl\":\"https:\\\/\\\/www.caudete.org\\\/ayuntamiento\\\/wp-content\\\/uploads\\\/2023\\\/06\\\/depor-2023-port.jpg\",\"articleSection\":[\"Deportes\"],\"inLanguage\":\"es\"},{\"@type\":\"WebPage\",\"@id\":\"https:\\\/\\\/www.caudete.org\\\/ayuntamiento\\\/la-concejalia-de-deportes-del-ayuntamiento-de-caudete-presenta-su-nueva-oferta-deportiva-para-el-periodo-estival\\\/\",\"url\":\"https:\\\/\\\/www.caudete.org\\\/ayuntamiento\\\/la-concejalia-de-deportes-del-ayuntamiento-de-caudete-presenta-su-nueva-oferta-deportiva-para-el-periodo-estival\\\/\",\"name\":\"La Concejal\u00eda de Deportes del Ayuntamiento de Caudete presenta su nueva oferta deportiva para el periodo estival - MI Ayuntamiento de Caudete\",\"isPartOf\":{\"@id\":\"https:\\\/\\\/www.caudete.org\\\/ayuntamiento\\\/#website\"},\"primaryImageOfPage\":{\"@id\":\"https:\\\/\\\/www.caudete.org\\\/ayuntamiento\\\/la-concejalia-de-deportes-del-ayuntamiento-de-caudete-presenta-su-nueva-oferta-deportiva-para-el-periodo-estival\\\/#primaryimage\"},\"image\":{\"@id\":\"https:\\\/\\\/www.caudete.org\\\/ayuntamiento\\\/la-concejalia-de-deportes-del-ayuntamiento-de-caudete-presenta-su-nueva-oferta-deportiva-para-el-periodo-estival\\\/#primaryimage\"},\"thumbnailUrl\":\"https:\\\/\\\/www.caudete.org\\\/ayuntamiento\\\/wp-content\\\/uploads\\\/2023\\\/06\\\/depor-2023-port.jpg\",\"datePublished\":\"2023-06-02T11:51:58+00:00\",\"author\":{\"@id\":\"https:\\\/\\\/www.caudete.org\\\/ayuntamiento\\\/#\\\/schema\\\/person\\\/79f7e19fdd176fc2bc7a289013dc2056\"},\"description\":\"P\u00e1gina Oficial del Ayuntamiento de Caudete (Albacete)\",\"breadcrumb\":{\"@id\":\"https:\\\/\\\/www.caudete.org\\\/ayuntamiento\\\/la-concejalia-de-deportes-del-ayuntamiento-de-caudete-presenta-su-nueva-oferta-deportiva-para-el-periodo-estival\\\/#breadcrumb\"},\"inLanguage\":\"es\",\"potentialAction\":[{\"@type\":\"ReadAction\",\"target\":[\"https:\\\/\\\/www.caudete.org\\\/ayuntamiento\\\/la-concejalia-de-deportes-del-ayuntamiento-de-caudete-presenta-su-nueva-oferta-deportiva-para-el-periodo-estival\\\/\"]}]},{\"@type\":\"ImageObject\",\"inLanguage\":\"es\",\"@id\":\"https:\\\/\\\/www.caudete.org\\\/ayuntamiento\\\/la-concejalia-de-deportes-del-ayuntamiento-de-caudete-presenta-su-nueva-oferta-deportiva-para-el-periodo-estival\\\/#primaryimage\",\"url\":\"https:\\\/\\\/www.caudete.org\\\/ayuntamiento\\\/wp-content\\\/uploads\\\/2023\\\/06\\\/depor-2023-port.jpg\",\"contentUrl\":\"https:\\\/\\\/www.caudete.org\\\/ayuntamiento\\\/wp-content\\\/uploads\\\/2023\\\/06\\\/depor-2023-port.jpg\",\"width\":991,\"height\":397},{\"@type\":\"BreadcrumbList\",\"@id\":\"https:\\\/\\\/www.caudete.org\\\/ayuntamiento\\\/la-concejalia-de-deportes-del-ayuntamiento-de-caudete-presenta-su-nueva-oferta-deportiva-para-el-periodo-estival\\\/#breadcrumb\",\"itemListElement\":[{\"@type\":\"ListItem\",\"position\":1,\"name\":\"Inicio\",\"item\":\"https:\\\/\\\/www.caudete.org\\\/ayuntamiento\\\/\"},{\"@type\":\"ListItem\",\"position\":2,\"name\":\"La Concejal\u00eda de Deportes del Ayuntamiento de Caudete presenta su nueva oferta deportiva para el periodo estival\"}]},{\"@type\":\"WebSite\",\"@id\":\"https:\\\/\\\/www.caudete.org\\\/ayuntamiento\\\/#website\",\"url\":\"https:\\\/\\\/www.caudete.org\\\/ayuntamiento\\\/\",\"name\":\"MI Ayuntamiento de Caudete\",\"description\":\"P\u00e1gina Oficial del MI Ayuntamiento de Caudete\",\"potentialAction\":[{\"@type\":\"SearchAction\",\"target\":{\"@type\":\"EntryPoint\",\"urlTemplate\":\"https:\\\/\\\/www.caudete.org\\\/ayuntamiento\\\/?s={search_term_string}\"},\"query-input\":{\"@type\":\"PropertyValueSpecification\",\"valueRequired\":true,\"valueName\":\"search_term_string\"}}],\"inLanguage\":\"es\"},{\"@type\":\"Person\",\"@id\":\"https:\\\/\\\/www.caudete.org\\\/ayuntamiento\\\/#\\\/schema\\\/person\\\/79f7e19fdd176fc2bc7a289013dc2056\",\"name\":\"ayun\",\"image\":{\"@type\":\"ImageObject\",\"inLanguage\":\"es\",\"@id\":\"https:\\\/\\\/secure.gravatar.com\\\/avatar\\\/4ce797ee07c943e7e592f8cd648e503e6cd571387558ed07135799c2bd2847df?s=96&d=mm&r=g\",\"url\":\"https:\\\/\\\/secure.gravatar.com\\\/avatar\\\/4ce797ee07c943e7e592f8cd648e503e6cd571387558ed07135799c2bd2847df?s=96&d=mm&r=g\",\"contentUrl\":\"https:\\\/\\\/secure.gravatar.com\\\/avatar\\\/4ce797ee07c943e7e592f8cd648e503e6cd571387558ed07135799c2bd2847df?s=96&d=mm&r=g\",\"caption\":\"ayun\"},\"sameAs\":[\"http:\\\/\\\/www.caudete.org\\\/ayuntamiento\"],\"url\":\"https:\\\/\\\/www.caudete.org\\\/ayuntamiento\\\/author\\\/ayun\\\/\"}]}<\/script>\n<!-- \/ Yoast SEO plugin. -->","yoast_head_json":{"title":"La Concejal\u00eda de Deportes del Ayuntamiento de Caudete presenta su nueva oferta deportiva para el periodo estival - MI Ayuntamiento de Caudete","description":"P\u00e1gina Oficial del Ayuntamiento de Caudete (Albacete)","robots":{"index":"index","follow":"follow","max-snippet":"max-snippet:-1","max-image-preview":"max-image-preview:large","max-video-preview":"max-video-preview:-1"},"canonical":"https:\/\/www.caudete.org\/ayuntamiento\/la-concejalia-de-deportes-del-ayuntamiento-de-caudete-presenta-su-nueva-oferta-deportiva-para-el-periodo-estival\/","og_locale":"es_ES","og_type":"article","og_title":"La Concejal\u00eda de Deportes del Ayuntamiento de Caudete presenta su nueva oferta deportiva para el periodo estival - MI Ayuntamiento de Caudete","og_description":"P\u00e1gina Oficial del Ayuntamiento de Caudete (Albacete)","og_url":"https:\/\/www.caudete.org\/ayuntamiento\/la-concejalia-de-deportes-del-ayuntamiento-de-caudete-presenta-su-nueva-oferta-deportiva-para-el-periodo-estival\/","og_site_name":"MI Ayuntamiento de Caudete","article_publisher":"https:\/\/www.facebook.com\/ayuntamientocaudete\/","article_published_time":"2023-06-02T11:51:58+00:00","og_image":[{"width":991,"height":397,"url":"https:\/\/www.caudete.org\/ayuntamiento\/wp-content\/uploads\/2023\/06\/depor-2023-port.jpg","type":"image\/jpeg"}],"author":"ayun","twitter_card":"summary_large_image","twitter_misc":{"Escrito por":"ayun","Tiempo de lectura":"2 minutos"},"schema":{"@context":"https:\/\/schema.org","@graph":[{"@type":"Article","@id":"https:\/\/www.caudete.org\/ayuntamiento\/la-concejalia-de-deportes-del-ayuntamiento-de-caudete-presenta-su-nueva-oferta-deportiva-para-el-periodo-estival\/#article","isPartOf":{"@id":"https:\/\/www.caudete.org\/ayuntamiento\/la-concejalia-de-deportes-del-ayuntamiento-de-caudete-presenta-su-nueva-oferta-deportiva-para-el-periodo-estival\/"},"author":{"name":"ayun","@id":"https:\/\/www.caudete.org\/ayuntamiento\/#\/schema\/person\/79f7e19fdd176fc2bc7a289013dc2056"},"headline":"La Concejal\u00eda de Deportes del Ayuntamiento de Caudete presenta su nueva oferta deportiva para el periodo estival","datePublished":"2023-06-02T11:51:58+00:00","mainEntityOfPage":{"@id":"https:\/\/www.caudete.org\/ayuntamiento\/la-concejalia-de-deportes-del-ayuntamiento-de-caudete-presenta-su-nueva-oferta-deportiva-para-el-periodo-estival\/"},"wordCount":226,"image":{"@id":"https:\/\/www.caudete.org\/ayuntamiento\/la-concejalia-de-deportes-del-ayuntamiento-de-caudete-presenta-su-nueva-oferta-deportiva-para-el-periodo-estival\/#primaryimage"},"thumbnailUrl":"https:\/\/www.caudete.org\/ayuntamiento\/wp-content\/uploads\/2023\/06\/depor-2023-port.jpg","articleSection":["Deportes"],"inLanguage":"es"},{"@type":"WebPage","@id":"https:\/\/www.caudete.org\/ayuntamiento\/la-concejalia-de-deportes-del-ayuntamiento-de-caudete-presenta-su-nueva-oferta-deportiva-para-el-periodo-estival\/","url":"https:\/\/www.caudete.org\/ayuntamiento\/la-concejalia-de-deportes-del-ayuntamiento-de-caudete-presenta-su-nueva-oferta-deportiva-para-el-periodo-estival\/","name":"La Concejal\u00eda de Deportes del Ayuntamiento de Caudete presenta su nueva oferta deportiva para el periodo estival - MI Ayuntamiento de Caudete","isPartOf":{"@id":"https:\/\/www.caudete.org\/ayuntamiento\/#website"},"primaryImageOfPage":{"@id":"https:\/\/www.caudete.org\/ayuntamiento\/la-concejalia-de-deportes-del-ayuntamiento-de-caudete-presenta-su-nueva-oferta-deportiva-para-el-periodo-estival\/#primaryimage"},"image":{"@id":"https:\/\/www.caudete.org\/ayuntamiento\/la-concejalia-de-deportes-del-ayuntamiento-de-caudete-presenta-su-nueva-oferta-deportiva-para-el-periodo-estival\/#primaryimage"},"thumbnailUrl":"https:\/\/www.caudete.org\/ayuntamiento\/wp-content\/uploads\/2023\/06\/depor-2023-port.jpg","datePublished":"2023-06-02T11:51:58+00:00","author":{"@id":"https:\/\/www.caudete.org\/ayuntamiento\/#\/schema\/person\/79f7e19fdd176fc2bc7a289013dc2056"},"description":"P\u00e1gina Oficial del Ayuntamiento de Caudete (Albacete)","breadcrumb":{"@id":"https:\/\/www.caudete.org\/ayuntamiento\/la-concejalia-de-deportes-del-ayuntamiento-de-caudete-presenta-su-nueva-oferta-deportiva-para-el-periodo-estival\/#breadcrumb"},"inLanguage":"es","potentialAction":[{"@type":"ReadAction","target":["https:\/\/www.caudete.org\/ayuntamiento\/la-concejalia-de-deportes-del-ayuntamiento-de-caudete-presenta-su-nueva-oferta-deportiva-para-el-periodo-estival\/"]}]},{"@type":"ImageObject","inLanguage":"es","@id":"https:\/\/www.caudete.org\/ayuntamiento\/la-concejalia-de-deportes-del-ayuntamiento-de-caudete-presenta-su-nueva-oferta-deportiva-para-el-periodo-estival\/#primaryimage","url":"https:\/\/www.caudete.org\/ayuntamiento\/wp-content\/uploads\/2023\/06\/depor-2023-port.jpg","contentUrl":"https:\/\/www.caudete.org\/ayuntamiento\/wp-content\/uploads\/2023\/06\/depor-2023-port.jpg","width":991,"height":397},{"@type":"BreadcrumbList","@id":"https:\/\/www.caudete.org\/ayuntamiento\/la-concejalia-de-deportes-del-ayuntamiento-de-caudete-presenta-su-nueva-oferta-deportiva-para-el-periodo-estival\/#breadcrumb","itemListElement":[{"@type":"ListItem","position":1,"name":"Inicio","item":"https:\/\/www.caudete.org\/ayuntamiento\/"},{"@type":"ListItem","position":2,"name":"La Concejal\u00eda de Deportes del Ayuntamiento de Caudete presenta su nueva oferta deportiva para el periodo estival"}]},{"@type":"WebSite","@id":"https:\/\/www.caudete.org\/ayuntamiento\/#website","url":"https:\/\/www.caudete.org\/ayuntamiento\/","name":"MI Ayuntamiento de Caudete","description":"P\u00e1gina Oficial del MI Ayuntamiento de Caudete","potentialAction":[{"@type":"SearchAction","target":{"@type":"EntryPoint","urlTemplate":"https:\/\/www.caudete.org\/ayuntamiento\/?s={search_term_string}"},"query-input":{"@type":"PropertyValueSpecification","valueRequired":true,"valueName":"search_term_string"}}],"inLanguage":"es"},{"@type":"Person","@id":"https:\/\/www.caudete.org\/ayuntamiento\/#\/schema\/person\/79f7e19fdd176fc2bc7a289013dc2056","name":"ayun","image":{"@type":"ImageObject","inLanguage":"es","@id":"https:\/\/secure.gravatar.com\/avatar\/4ce797ee07c943e7e592f8cd648e503e6cd571387558ed07135799c2bd2847df?s=96&d=mm&r=g","url":"https:\/\/secure.gravatar.com\/avatar\/4ce797ee07c943e7e592f8cd648e503e6cd571387558ed07135799c2bd2847df?s=96&d=mm&r=g","contentUrl":"https:\/\/secure.gravatar.com\/avatar\/4ce797ee07c943e7e592f8cd648e503e6cd571387558ed07135799c2bd2847df?s=96&d=mm&r=g","caption":"ayun"},"sameAs":["http:\/\/www.caudete.org\/ayuntamiento"],"url":"https:\/\/www.caudete.org\/ayuntamiento\/author\/ayun\/"}]}},"_links":{"self":[{"href":"https:\/\/www.caudete.org\/ayuntamiento\/wp-json\/wp\/v2\/posts\/22325","targetHints":{"allow":["GET"]}}],"collection":[{"href":"https:\/\/www.caudete.org\/ayuntamiento\/wp-json\/wp\/v2\/posts"}],"about":[{"href":"https:\/\/www.caudete.org\/ayuntamiento\/wp-json\/wp\/v2\/types\/post"}],"author":[{"embeddable":true,"href":"https:\/\/www.caudete.org\/ayuntamiento\/wp-json\/wp\/v2\/users\/1"}],"replies":[{"embeddable":true,"href":"https:\/\/www.caudete.org\/ayuntamiento\/wp-json\/wp\/v2\/comments?post=22325"}],"version-history":[{"count":5,"href":"https:\/\/www.caudete.org\/ayuntamiento\/wp-json\/wp\/v2\/posts\/22325\/revisions"}],"predecessor-version":[{"id":22382,"href":"https:\/\/www.caudete.org\/ayuntamiento\/wp-json\/wp\/v2\/posts\/22325\/revisions\/22382"}],"wp:featuredmedia":[{"embeddable":true,"href":"https:\/\/www.caudete.org\/ayuntamiento\/wp-json\/wp\/v2\/media\/22329"}],"wp:attachment":[{"href":"https:\/\/www.caudete.org\/ayuntamiento\/wp-json\/wp\/v2\/media?parent=22325"}],"wp:term":[{"taxonomy":"category","embeddable":true,"href":"https:\/\/www.caudete.org\/ayuntamiento\/wp-json\/wp\/v2\/categories?post=22325"},{"taxonomy":"post_tag","embeddable":true,"href":"https:\/\/www.caudete.org\/ayuntamiento\/wp-json\/wp\/v2\/tags?post=22325"}],"curies":[{"name":"wp","href":"https:\/\/api.w.org\/{rel}","templated":true}]}}