{"id":22327,"date":"2023-06-01T14:03:08","date_gmt":"2023-06-01T12:03:08","guid":{"rendered":"https:\/\/www.caudete.org\/ayuntamiento\/?p=22327"},"modified":"2023-06-01T17:52:50","modified_gmt":"2023-06-01T15:52:50","slug":"exhibicion-de-patinaje-y-torneo-de-futbol-8-para-este-fin-de-semana","status":"publish","type":"post","link":"https:\/\/www.caudete.org\/ayuntamiento\/exhibicion-de-patinaje-y-torneo-de-futbol-8-para-este-fin-de-semana\/","title":{"rendered":"Exhibici\u00f3n de Patinaje y Torneo de Futbol 8 para este fin de semana"},"content":{"rendered":"<p style=\"text-align: justify;\">La Concejal de Deportes, Pilar Egea, expon\u00eda que con motivo de la finalizaci\u00f3n de la temporada 2022\/23 de las Escuelas Deportivas Municipales, se han programado una serie de torneos y clausuras.<\/p>\n<p style=\"text-align: justify;\">Concretamente, durante este fin de semana del 2 (viernes) y 4 (domingo) de junio tendr\u00e1 lugar la exhibici\u00f3n de patinaje art\u00edstico y el VIII Torneo de F\u00fatbol 8 Villa de Caudete.<\/p>\n<p style=\"text-align: justify;\">En cuanto a la Exhibici\u00f3n de Patinaje, se realiza dentro de la Clausura de las EDM, y tendr\u00e1 lugar entre las 20:30 hasta y las 21:30 horas del viernes 2 de Junio, donde todos los alumnos de las EDM participaran realizando diferentes tipos de figuras, bien de forma individual, d\u00faos o combos. La cancha de F\u00fatbol Sala del Pabell\u00f3n La Cruz en la Ciudad Deportiva Antonio Amor\u00f3s ser\u00e1 la encargada de acoger el evento. Finalizada la exhibici\u00f3n tendr\u00e1 lugar la entrega de medallas conmemorativas para cada uno de los alumnos participantes.<\/p>\n<p style=\"text-align: justify;\">En cuanto al Torneo de F\u00fatbol 8 \u201cVilla de Caudete\u201d, destacaba la Edil que se trata de la octava edici\u00f3n, siendo la Categor\u00eda Benjam\u00edn la encargada del mismo, para el pr\u00f3ximo domingo 4 de junio.<\/p>\n<p style=\"text-align: justify;\">Por la ma\u00f1ana tendr\u00e1 lugar la fase regular y por la tarde la fase eliminatoria, estableci\u00e9ndose la final a las 18:00 horas. A su finalizaci\u00f3n, tendr\u00e1 lugar en el Espacio Municipal La Sala la correspondiente entrega de trofeos.<\/p>\n<p style=\"text-align: justify;\">Los Equipos participantes son:<\/p>\n<ul style=\"text-align: justify;\">\n<li>2 equipos de las EDM de Caudete.<\/li>\n<li>CF Ciudad de Alcoy.<\/li>\n<li>Yeclano Deportivo.<\/li>\n<li>Ucam Murcia CF.<\/li>\n<li>Albacete Balompi\u00e9.<\/li>\n<li>H\u00e9rcules CF.<\/li>\n<li>Real Murcia CF<\/li>\n<\/ul>\n<p style=\"text-align: justify;\">En cuanto a los patrocinadores del evento, cuenta adem\u00e1s de con el Ayuntamiento de Caudete, con los padres de alumnos de la Escuela de F\u00fatbol, y las empresas: Curdec, Neum\u00e1ticos y lavados Caudete, Asador G\u00f3ndola, Viajes Almantur, Visual 3D, Serrano Amor\u00f3s, S.L., Gr\u00faas Amor\u00f3s, Venta Coches.net.<\/p>\n","protected":false},"excerpt":{"rendered":"<p>La Concejal de Deportes, Pilar Egea, expon\u00eda que con motivo de la finalizaci\u00f3n de la temporada 2022\/23 de las Escuelas Deportivas Municipales, se han programado una serie de torneos y clausuras. Concretamente, durante este fin de semana del 2 (viernes) y 4 (domingo) de junio tendr\u00e1 lugar la exhibici\u00f3n de patinaje art\u00edstico y el VIII &hellip;<\/p>\n","protected":false},"author":3,"featured_media":22331,"comment_status":"closed","ping_status":"open","sticky":false,"template":"","format":"standard","meta":{"ngg_post_thumbnail":0,"footnotes":""},"categories":[23],"tags":[],"class_list":["post-22327","post","type-post","status-publish","format-standard","has-post-thumbnail","hentry","category-deportes"],"yoast_head":"<!-- This site is optimized with the Yoast SEO plugin v27.5 - https:\/\/yoast.com\/product\/yoast-seo-wordpress\/ -->\n<title>Exhibici\u00f3n de Patinaje y Torneo de Futbol 8 para este fin de semana - MI Ayuntamiento de Caudete<\/title>\n<meta name=\"description\" content=\"P\u00e1gina Oficial del Ayuntamiento de Caudete (Albacete)\" \/>\n<meta name=\"robots\" content=\"index, follow, max-snippet:-1, max-image-preview:large, max-video-preview:-1\" \/>\n<link rel=\"canonical\" href=\"https:\/\/www.caudete.org\/ayuntamiento\/exhibicion-de-patinaje-y-torneo-de-futbol-8-para-este-fin-de-semana\/\" \/>\n<meta property=\"og:locale\" content=\"es_ES\" \/>\n<meta property=\"og:type\" content=\"article\" \/>\n<meta property=\"og:title\" content=\"Exhibici\u00f3n de Patinaje y Torneo de Futbol 8 para este fin de semana - MI Ayuntamiento de Caudete\" \/>\n<meta property=\"og:description\" content=\"P\u00e1gina Oficial del Ayuntamiento de Caudete (Albacete)\" \/>\n<meta property=\"og:url\" content=\"https:\/\/www.caudete.org\/ayuntamiento\/exhibicion-de-patinaje-y-torneo-de-futbol-8-para-este-fin-de-semana\/\" \/>\n<meta property=\"og:site_name\" content=\"MI Ayuntamiento de Caudete\" \/>\n<meta property=\"article:publisher\" content=\"https:\/\/www.facebook.com\/ayuntamientocaudete\/\" \/>\n<meta property=\"article:published_time\" content=\"2023-06-01T12:03:08+00:00\" \/>\n<meta property=\"article:modified_time\" content=\"2023-06-01T15:52:50+00:00\" \/>\n<meta property=\"og:image\" content=\"https:\/\/www.caudete.org\/ayuntamiento\/wp-content\/uploads\/2023\/06\/WhatsApp-Image-2023-06-01-at-13.49.03.jpeg\" \/>\n\t<meta property=\"og:image:width\" content=\"1920\" \/>\n\t<meta property=\"og:image:height\" content=\"1080\" \/>\n\t<meta property=\"og:image:type\" content=\"image\/jpeg\" \/>\n<meta name=\"author\" content=\"alcalde\" \/>\n<meta name=\"twitter:card\" content=\"summary_large_image\" \/>\n<meta name=\"twitter:label1\" content=\"Escrito por\" \/>\n\t<meta name=\"twitter:data1\" content=\"alcalde\" \/>\n\t<meta name=\"twitter:label2\" content=\"Tiempo de lectura\" \/>\n\t<meta name=\"twitter:data2\" content=\"2 minutos\" \/>\n<script type=\"application\/ld+json\" class=\"yoast-schema-graph\">{\"@context\":\"https:\\\/\\\/schema.org\",\"@graph\":[{\"@type\":\"Article\",\"@id\":\"https:\\\/\\\/www.caudete.org\\\/ayuntamiento\\\/exhibicion-de-patinaje-y-torneo-de-futbol-8-para-este-fin-de-semana\\\/#article\",\"isPartOf\":{\"@id\":\"https:\\\/\\\/www.caudete.org\\\/ayuntamiento\\\/exhibicion-de-patinaje-y-torneo-de-futbol-8-para-este-fin-de-semana\\\/\"},\"author\":{\"name\":\"alcalde\",\"@id\":\"https:\\\/\\\/www.caudete.org\\\/ayuntamiento\\\/#\\\/schema\\\/person\\\/cc646da9133078ee4d8dd47457947253\"},\"headline\":\"Exhibici\u00f3n de Patinaje y Torneo de Futbol 8 para este fin de semana\",\"datePublished\":\"2023-06-01T12:03:08+00:00\",\"dateModified\":\"2023-06-01T15:52:50+00:00\",\"mainEntityOfPage\":{\"@id\":\"https:\\\/\\\/www.caudete.org\\\/ayuntamiento\\\/exhibicion-de-patinaje-y-torneo-de-futbol-8-para-este-fin-de-semana\\\/\"},\"wordCount\":330,\"image\":{\"@id\":\"https:\\\/\\\/www.caudete.org\\\/ayuntamiento\\\/exhibicion-de-patinaje-y-torneo-de-futbol-8-para-este-fin-de-semana\\\/#primaryimage\"},\"thumbnailUrl\":\"https:\\\/\\\/www.caudete.org\\\/ayuntamiento\\\/wp-content\\\/uploads\\\/2023\\\/06\\\/WhatsApp-Image-2023-06-01-at-13.49.03.jpeg\",\"articleSection\":[\"Deportes\"],\"inLanguage\":\"es\"},{\"@type\":\"WebPage\",\"@id\":\"https:\\\/\\\/www.caudete.org\\\/ayuntamiento\\\/exhibicion-de-patinaje-y-torneo-de-futbol-8-para-este-fin-de-semana\\\/\",\"url\":\"https:\\\/\\\/www.caudete.org\\\/ayuntamiento\\\/exhibicion-de-patinaje-y-torneo-de-futbol-8-para-este-fin-de-semana\\\/\",\"name\":\"Exhibici\u00f3n de Patinaje y Torneo de Futbol 8 para este fin de semana - MI Ayuntamiento de Caudete\",\"isPartOf\":{\"@id\":\"https:\\\/\\\/www.caudete.org\\\/ayuntamiento\\\/#website\"},\"primaryImageOfPage\":{\"@id\":\"https:\\\/\\\/www.caudete.org\\\/ayuntamiento\\\/exhibicion-de-patinaje-y-torneo-de-futbol-8-para-este-fin-de-semana\\\/#primaryimage\"},\"image\":{\"@id\":\"https:\\\/\\\/www.caudete.org\\\/ayuntamiento\\\/exhibicion-de-patinaje-y-torneo-de-futbol-8-para-este-fin-de-semana\\\/#primaryimage\"},\"thumbnailUrl\":\"https:\\\/\\\/www.caudete.org\\\/ayuntamiento\\\/wp-content\\\/uploads\\\/2023\\\/06\\\/WhatsApp-Image-2023-06-01-at-13.49.03.jpeg\",\"datePublished\":\"2023-06-01T12:03:08+00:00\",\"dateModified\":\"2023-06-01T15:52:50+00:00\",\"author\":{\"@id\":\"https:\\\/\\\/www.caudete.org\\\/ayuntamiento\\\/#\\\/schema\\\/person\\\/cc646da9133078ee4d8dd47457947253\"},\"description\":\"P\u00e1gina Oficial del Ayuntamiento de Caudete (Albacete)\",\"breadcrumb\":{\"@id\":\"https:\\\/\\\/www.caudete.org\\\/ayuntamiento\\\/exhibicion-de-patinaje-y-torneo-de-futbol-8-para-este-fin-de-semana\\\/#breadcrumb\"},\"inLanguage\":\"es\",\"potentialAction\":[{\"@type\":\"ReadAction\",\"target\":[\"https:\\\/\\\/www.caudete.org\\\/ayuntamiento\\\/exhibicion-de-patinaje-y-torneo-de-futbol-8-para-este-fin-de-semana\\\/\"]}]},{\"@type\":\"ImageObject\",\"inLanguage\":\"es\",\"@id\":\"https:\\\/\\\/www.caudete.org\\\/ayuntamiento\\\/exhibicion-de-patinaje-y-torneo-de-futbol-8-para-este-fin-de-semana\\\/#primaryimage\",\"url\":\"https:\\\/\\\/www.caudete.org\\\/ayuntamiento\\\/wp-content\\\/uploads\\\/2023\\\/06\\\/WhatsApp-Image-2023-06-01-at-13.49.03.jpeg\",\"contentUrl\":\"https:\\\/\\\/www.caudete.org\\\/ayuntamiento\\\/wp-content\\\/uploads\\\/2023\\\/06\\\/WhatsApp-Image-2023-06-01-at-13.49.03.jpeg\",\"width\":1920,\"height\":1080},{\"@type\":\"BreadcrumbList\",\"@id\":\"https:\\\/\\\/www.caudete.org\\\/ayuntamiento\\\/exhibicion-de-patinaje-y-torneo-de-futbol-8-para-este-fin-de-semana\\\/#breadcrumb\",\"itemListElement\":[{\"@type\":\"ListItem\",\"position\":1,\"name\":\"Inicio\",\"item\":\"https:\\\/\\\/www.caudete.org\\\/ayuntamiento\\\/\"},{\"@type\":\"ListItem\",\"position\":2,\"name\":\"Exhibici\u00f3n de Patinaje y Torneo de Futbol 8 para este fin de semana\"}]},{\"@type\":\"WebSite\",\"@id\":\"https:\\\/\\\/www.caudete.org\\\/ayuntamiento\\\/#website\",\"url\":\"https:\\\/\\\/www.caudete.org\\\/ayuntamiento\\\/\",\"name\":\"MI Ayuntamiento de Caudete\",\"description\":\"P\u00e1gina Oficial del MI Ayuntamiento de Caudete\",\"potentialAction\":[{\"@type\":\"SearchAction\",\"target\":{\"@type\":\"EntryPoint\",\"urlTemplate\":\"https:\\\/\\\/www.caudete.org\\\/ayuntamiento\\\/?s={search_term_string}\"},\"query-input\":{\"@type\":\"PropertyValueSpecification\",\"valueRequired\":true,\"valueName\":\"search_term_string\"}}],\"inLanguage\":\"es\"},{\"@type\":\"Person\",\"@id\":\"https:\\\/\\\/www.caudete.org\\\/ayuntamiento\\\/#\\\/schema\\\/person\\\/cc646da9133078ee4d8dd47457947253\",\"name\":\"alcalde\",\"image\":{\"@type\":\"ImageObject\",\"inLanguage\":\"es\",\"@id\":\"https:\\\/\\\/secure.gravatar.com\\\/avatar\\\/84a817ba065b29ff08d666b215a215f5c79186a645ccb25b14a663d48a130f77?s=96&d=mm&r=g\",\"url\":\"https:\\\/\\\/secure.gravatar.com\\\/avatar\\\/84a817ba065b29ff08d666b215a215f5c79186a645ccb25b14a663d48a130f77?s=96&d=mm&r=g\",\"contentUrl\":\"https:\\\/\\\/secure.gravatar.com\\\/avatar\\\/84a817ba065b29ff08d666b215a215f5c79186a645ccb25b14a663d48a130f77?s=96&d=mm&r=g\",\"caption\":\"alcalde\"},\"url\":\"https:\\\/\\\/www.caudete.org\\\/ayuntamiento\\\/author\\\/alcalde\\\/\"}]}<\/script>\n<!-- \/ Yoast SEO plugin. -->","yoast_head_json":{"title":"Exhibici\u00f3n de Patinaje y Torneo de Futbol 8 para este fin de semana - MI Ayuntamiento de Caudete","description":"P\u00e1gina Oficial del Ayuntamiento de Caudete (Albacete)","robots":{"index":"index","follow":"follow","max-snippet":"max-snippet:-1","max-image-preview":"max-image-preview:large","max-video-preview":"max-video-preview:-1"},"canonical":"https:\/\/www.caudete.org\/ayuntamiento\/exhibicion-de-patinaje-y-torneo-de-futbol-8-para-este-fin-de-semana\/","og_locale":"es_ES","og_type":"article","og_title":"Exhibici\u00f3n de Patinaje y Torneo de Futbol 8 para este fin de semana - MI Ayuntamiento de Caudete","og_description":"P\u00e1gina Oficial del Ayuntamiento de Caudete (Albacete)","og_url":"https:\/\/www.caudete.org\/ayuntamiento\/exhibicion-de-patinaje-y-torneo-de-futbol-8-para-este-fin-de-semana\/","og_site_name":"MI Ayuntamiento de Caudete","article_publisher":"https:\/\/www.facebook.com\/ayuntamientocaudete\/","article_published_time":"2023-06-01T12:03:08+00:00","article_modified_time":"2023-06-01T15:52:50+00:00","og_image":[{"width":1920,"height":1080,"url":"https:\/\/www.caudete.org\/ayuntamiento\/wp-content\/uploads\/2023\/06\/WhatsApp-Image-2023-06-01-at-13.49.03.jpeg","type":"image\/jpeg"}],"author":"alcalde","twitter_card":"summary_large_image","twitter_misc":{"Escrito por":"alcalde","Tiempo de lectura":"2 minutos"},"schema":{"@context":"https:\/\/schema.org","@graph":[{"@type":"Article","@id":"https:\/\/www.caudete.org\/ayuntamiento\/exhibicion-de-patinaje-y-torneo-de-futbol-8-para-este-fin-de-semana\/#article","isPartOf":{"@id":"https:\/\/www.caudete.org\/ayuntamiento\/exhibicion-de-patinaje-y-torneo-de-futbol-8-para-este-fin-de-semana\/"},"author":{"name":"alcalde","@id":"https:\/\/www.caudete.org\/ayuntamiento\/#\/schema\/person\/cc646da9133078ee4d8dd47457947253"},"headline":"Exhibici\u00f3n de Patinaje y Torneo de Futbol 8 para este fin de semana","datePublished":"2023-06-01T12:03:08+00:00","dateModified":"2023-06-01T15:52:50+00:00","mainEntityOfPage":{"@id":"https:\/\/www.caudete.org\/ayuntamiento\/exhibicion-de-patinaje-y-torneo-de-futbol-8-para-este-fin-de-semana\/"},"wordCount":330,"image":{"@id":"https:\/\/www.caudete.org\/ayuntamiento\/exhibicion-de-patinaje-y-torneo-de-futbol-8-para-este-fin-de-semana\/#primaryimage"},"thumbnailUrl":"https:\/\/www.caudete.org\/ayuntamiento\/wp-content\/uploads\/2023\/06\/WhatsApp-Image-2023-06-01-at-13.49.03.jpeg","articleSection":["Deportes"],"inLanguage":"es"},{"@type":"WebPage","@id":"https:\/\/www.caudete.org\/ayuntamiento\/exhibicion-de-patinaje-y-torneo-de-futbol-8-para-este-fin-de-semana\/","url":"https:\/\/www.caudete.org\/ayuntamiento\/exhibicion-de-patinaje-y-torneo-de-futbol-8-para-este-fin-de-semana\/","name":"Exhibici\u00f3n de Patinaje y Torneo de Futbol 8 para este fin de semana - MI Ayuntamiento de Caudete","isPartOf":{"@id":"https:\/\/www.caudete.org\/ayuntamiento\/#website"},"primaryImageOfPage":{"@id":"https:\/\/www.caudete.org\/ayuntamiento\/exhibicion-de-patinaje-y-torneo-de-futbol-8-para-este-fin-de-semana\/#primaryimage"},"image":{"@id":"https:\/\/www.caudete.org\/ayuntamiento\/exhibicion-de-patinaje-y-torneo-de-futbol-8-para-este-fin-de-semana\/#primaryimage"},"thumbnailUrl":"https:\/\/www.caudete.org\/ayuntamiento\/wp-content\/uploads\/2023\/06\/WhatsApp-Image-2023-06-01-at-13.49.03.jpeg","datePublished":"2023-06-01T12:03:08+00:00","dateModified":"2023-06-01T15:52:50+00:00","author":{"@id":"https:\/\/www.caudete.org\/ayuntamiento\/#\/schema\/person\/cc646da9133078ee4d8dd47457947253"},"description":"P\u00e1gina Oficial del Ayuntamiento de Caudete (Albacete)","breadcrumb":{"@id":"https:\/\/www.caudete.org\/ayuntamiento\/exhibicion-de-patinaje-y-torneo-de-futbol-8-para-este-fin-de-semana\/#breadcrumb"},"inLanguage":"es","potentialAction":[{"@type":"ReadAction","target":["https:\/\/www.caudete.org\/ayuntamiento\/exhibicion-de-patinaje-y-torneo-de-futbol-8-para-este-fin-de-semana\/"]}]},{"@type":"ImageObject","inLanguage":"es","@id":"https:\/\/www.caudete.org\/ayuntamiento\/exhibicion-de-patinaje-y-torneo-de-futbol-8-para-este-fin-de-semana\/#primaryimage","url":"https:\/\/www.caudete.org\/ayuntamiento\/wp-content\/uploads\/2023\/06\/WhatsApp-Image-2023-06-01-at-13.49.03.jpeg","contentUrl":"https:\/\/www.caudete.org\/ayuntamiento\/wp-content\/uploads\/2023\/06\/WhatsApp-Image-2023-06-01-at-13.49.03.jpeg","width":1920,"height":1080},{"@type":"BreadcrumbList","@id":"https:\/\/www.caudete.org\/ayuntamiento\/exhibicion-de-patinaje-y-torneo-de-futbol-8-para-este-fin-de-semana\/#breadcrumb","itemListElement":[{"@type":"ListItem","position":1,"name":"Inicio","item":"https:\/\/www.caudete.org\/ayuntamiento\/"},{"@type":"ListItem","position":2,"name":"Exhibici\u00f3n de Patinaje y Torneo de Futbol 8 para este fin de semana"}]},{"@type":"WebSite","@id":"https:\/\/www.caudete.org\/ayuntamiento\/#website","url":"https:\/\/www.caudete.org\/ayuntamiento\/","name":"MI Ayuntamiento de Caudete","description":"P\u00e1gina Oficial del MI Ayuntamiento de Caudete","potentialAction":[{"@type":"SearchAction","target":{"@type":"EntryPoint","urlTemplate":"https:\/\/www.caudete.org\/ayuntamiento\/?s={search_term_string}"},"query-input":{"@type":"PropertyValueSpecification","valueRequired":true,"valueName":"search_term_string"}}],"inLanguage":"es"},{"@type":"Person","@id":"https:\/\/www.caudete.org\/ayuntamiento\/#\/schema\/person\/cc646da9133078ee4d8dd47457947253","name":"alcalde","image":{"@type":"ImageObject","inLanguage":"es","@id":"https:\/\/secure.gravatar.com\/avatar\/84a817ba065b29ff08d666b215a215f5c79186a645ccb25b14a663d48a130f77?s=96&d=mm&r=g","url":"https:\/\/secure.gravatar.com\/avatar\/84a817ba065b29ff08d666b215a215f5c79186a645ccb25b14a663d48a130f77?s=96&d=mm&r=g","contentUrl":"https:\/\/secure.gravatar.com\/avatar\/84a817ba065b29ff08d666b215a215f5c79186a645ccb25b14a663d48a130f77?s=96&d=mm&r=g","caption":"alcalde"},"url":"https:\/\/www.caudete.org\/ayuntamiento\/author\/alcalde\/"}]}},"_links":{"self":[{"href":"https:\/\/www.caudete.org\/ayuntamiento\/wp-json\/wp\/v2\/posts\/22327","targetHints":{"allow":["GET"]}}],"collection":[{"href":"https:\/\/www.caudete.org\/ayuntamiento\/wp-json\/wp\/v2\/posts"}],"about":[{"href":"https:\/\/www.caudete.org\/ayuntamiento\/wp-json\/wp\/v2\/types\/post"}],"author":[{"embeddable":true,"href":"https:\/\/www.caudete.org\/ayuntamiento\/wp-json\/wp\/v2\/users\/3"}],"replies":[{"embeddable":true,"href":"https:\/\/www.caudete.org\/ayuntamiento\/wp-json\/wp\/v2\/comments?post=22327"}],"version-history":[{"count":2,"href":"https:\/\/www.caudete.org\/ayuntamiento\/wp-json\/wp\/v2\/posts\/22327\/revisions"}],"predecessor-version":[{"id":22355,"href":"https:\/\/www.caudete.org\/ayuntamiento\/wp-json\/wp\/v2\/posts\/22327\/revisions\/22355"}],"wp:featuredmedia":[{"embeddable":true,"href":"https:\/\/www.caudete.org\/ayuntamiento\/wp-json\/wp\/v2\/media\/22331"}],"wp:attachment":[{"href":"https:\/\/www.caudete.org\/ayuntamiento\/wp-json\/wp\/v2\/media?parent=22327"}],"wp:term":[{"taxonomy":"category","embeddable":true,"href":"https:\/\/www.caudete.org\/ayuntamiento\/wp-json\/wp\/v2\/categories?post=22327"},{"taxonomy":"post_tag","embeddable":true,"href":"https:\/\/www.caudete.org\/ayuntamiento\/wp-json\/wp\/v2\/tags?post=22327"}],"curies":[{"name":"wp","href":"https:\/\/api.w.org\/{rel}","templated":true}]}}