{"id":22335,"date":"2023-06-01T14:05:42","date_gmt":"2023-06-01T12:05:42","guid":{"rendered":"https:\/\/www.caudete.org\/ayuntamiento\/?p=22335"},"modified":"2023-06-01T14:05:42","modified_gmt":"2023-06-01T12:05:42","slug":"acuerdo-de-colaboracion-en-accesibilidad-cognitiva","status":"publish","type":"post","link":"https:\/\/www.caudete.org\/ayuntamiento\/acuerdo-de-colaboracion-en-accesibilidad-cognitiva\/","title":{"rendered":"Acuerdo de Colaboraci\u00f3n en Accesibilidad Cognitiva"},"content":{"rendered":"<p>Nos complace anunciar la firma de un acuerdo de colaboraci\u00f3n con una destacada asociaci\u00f3n de Caudete, Asprona,adherida a la organizaci\u00f3n Plena Inclusi\u00f3n de Castilla-La Mancha que representa a las personas con discapacidad intelectual y del desarrollo.<br \/>\nEn nuestra sociedad, es fundamental garantizar la inclusi\u00f3n y participaci\u00f3n plena de todas las personas, independientemente de sus capacidades cognitivas. Por lo que, reconociendo esta necesidad, hemos decidido unir fuerzas con esta asociaci\u00f3n, l\u00edder en la promoci\u00f3n de los derechos de las personas con discapacidad intelectual, para impulsar medidas concretas que fomenten la accesibilidad cognitiva en los entornos cotidianos.<\/p>\n<p>La accesibilidad cognitiva se refiere a la capacidad de comprender y utilizar la informaci\u00f3n de manera efectiva, facilitando as\u00ed la interacci\u00f3n y participaci\u00f3n de las personas con diversidad cognitiva en su entorno. Esta colaboraci\u00f3n nos permitir\u00e1 implementar estrategias y acciones encaminadas a eliminar barreras y promover la inclusi\u00f3n cognitiva en diversos \u00e1mbitos, la educaci\u00f3n, el empleo, y la cultura, entre otros.<\/p>\n<p>A trav\u00e9s de este acuerdo, trabajaremos estrechamente con la asociaci\u00f3n de Asprona para identificar y abordar las necesidades espec\u00edficas de las personas con diversidad cognitiva. Juntos, desarrollaremos y difundiremos herramientas, recursos y pr\u00e1cticas que mejoren la comunicaci\u00f3n, la informaci\u00f3n y la interacci\u00f3n en los diferentes entornos.<\/p>\n<p>Nuestro compromiso es promover la formaci\u00f3n y sensibilizaci\u00f3n tanto entre nuestro personal como en la sociedad en general, con el fin de generar un cambio positivo y duradero en la accesibilidad cognitiva.<br \/>\nEl objetivo es crear conciencia sobre la importancia de adaptar los entornos para garantizar la igualdad de oportunidades.<\/p>\n<p>Este acuerdo de colaboraci\u00f3n representa un paso significativo hacia la construcci\u00f3n de una sociedad m\u00e1s inclusiva y accesible para todos. Estamos emocionados de trabajar junto a esta asociaci\u00f3n y esperamos lograr avances concretos en la promoci\u00f3n de la accesibilidad cognitiva en nuestros entornos, permitiendo que cada individuo pueda desenvolverse plenamente en la sociedad y alcanzar su m\u00e1ximo potencial.<\/p>\n<p>Seguiremos trabajando de manera constante y comprometida para asegurar que las personas con diversidad cognitiva sean valoradas, respetadas y cuenten con igualdad de oportunidades en cada paso que den. Juntos, podemos hacer la diferencia y construir un futuro inclusivo para todos.<\/p>\n<p><a href=\"https:\/\/www.caudete.org\/ayuntamiento\/acuerdo-de-colaboracion-en-accesibilidad-cognitiva\/img-20230601-wa0003\/\" rel=\"attachment wp-att-22336\"><img fetchpriority=\"high\" decoding=\"async\" class=\"aligncenter size-full wp-image-22336\" src=\"https:\/\/www.caudete.org\/ayuntamiento\/wp-content\/uploads\/2023\/06\/IMG-20230601-WA0003.jpg\" rel='prettyPhoto' alt=\"\" width=\"2000\" height=\"1500\" srcset=\"https:\/\/www.caudete.org\/ayuntamiento\/wp-content\/uploads\/2023\/06\/IMG-20230601-WA0003.jpg 2000w, https:\/\/www.caudete.org\/ayuntamiento\/wp-content\/uploads\/2023\/06\/IMG-20230601-WA0003-300x225.jpg 300w, https:\/\/www.caudete.org\/ayuntamiento\/wp-content\/uploads\/2023\/06\/IMG-20230601-WA0003-1024x768.jpg 1024w, https:\/\/www.caudete.org\/ayuntamiento\/wp-content\/uploads\/2023\/06\/IMG-20230601-WA0003-768x576.jpg 768w, https:\/\/www.caudete.org\/ayuntamiento\/wp-content\/uploads\/2023\/06\/IMG-20230601-WA0003-1536x1152.jpg 1536w\" sizes=\"(max-width: 2000px) 100vw, 2000px\" \/><\/a> <a href=\"https:\/\/www.caudete.org\/ayuntamiento\/acuerdo-de-colaboracion-en-accesibilidad-cognitiva\/img-20230601-wa0004\/\" rel=\"attachment wp-att-22337\"><img decoding=\"async\" class=\"aligncenter size-full wp-image-22337\" src=\"https:\/\/www.caudete.org\/ayuntamiento\/wp-content\/uploads\/2023\/06\/IMG-20230601-WA0004.jpg\" rel='prettyPhoto' alt=\"\" width=\"2000\" height=\"1500\" srcset=\"https:\/\/www.caudete.org\/ayuntamiento\/wp-content\/uploads\/2023\/06\/IMG-20230601-WA0004.jpg 2000w, https:\/\/www.caudete.org\/ayuntamiento\/wp-content\/uploads\/2023\/06\/IMG-20230601-WA0004-300x225.jpg 300w, https:\/\/www.caudete.org\/ayuntamiento\/wp-content\/uploads\/2023\/06\/IMG-20230601-WA0004-1024x768.jpg 1024w, https:\/\/www.caudete.org\/ayuntamiento\/wp-content\/uploads\/2023\/06\/IMG-20230601-WA0004-768x576.jpg 768w, https:\/\/www.caudete.org\/ayuntamiento\/wp-content\/uploads\/2023\/06\/IMG-20230601-WA0004-1536x1152.jpg 1536w\" sizes=\"(max-width: 2000px) 100vw, 2000px\" \/><\/a><\/p>\n","protected":false},"excerpt":{"rendered":"<p>Nos complace anunciar la firma de un acuerdo de colaboraci\u00f3n con una destacada asociaci\u00f3n de Caudete, Asprona,adherida a la organizaci\u00f3n Plena Inclusi\u00f3n de Castilla-La Mancha que representa a las personas con discapacidad intelectual y del desarrollo. En nuestra sociedad, es fundamental garantizar la inclusi\u00f3n y participaci\u00f3n plena de todas las personas, independientemente de sus capacidades &hellip;<\/p>\n","protected":false},"author":1,"featured_media":22338,"comment_status":"closed","ping_status":"open","sticky":false,"template":"","format":"standard","meta":{"ngg_post_thumbnail":0,"footnotes":""},"categories":[51],"tags":[],"class_list":["post-22335","post","type-post","status-publish","format-standard","has-post-thumbnail","hentry","category-bienestar-social"],"yoast_head":"<!-- This site is optimized with the Yoast SEO plugin v27.5 - https:\/\/yoast.com\/product\/yoast-seo-wordpress\/ -->\n<title>Acuerdo de Colaboraci\u00f3n en Accesibilidad Cognitiva - MI Ayuntamiento de Caudete<\/title>\n<meta name=\"description\" content=\"P\u00e1gina Oficial del Ayuntamiento de Caudete (Albacete)\" \/>\n<meta name=\"robots\" content=\"index, follow, max-snippet:-1, max-image-preview:large, max-video-preview:-1\" \/>\n<link rel=\"canonical\" href=\"https:\/\/www.caudete.org\/ayuntamiento\/acuerdo-de-colaboracion-en-accesibilidad-cognitiva\/\" \/>\n<meta property=\"og:locale\" content=\"es_ES\" \/>\n<meta property=\"og:type\" content=\"article\" \/>\n<meta property=\"og:title\" content=\"Acuerdo de Colaboraci\u00f3n en Accesibilidad Cognitiva - MI Ayuntamiento de Caudete\" \/>\n<meta property=\"og:description\" content=\"P\u00e1gina Oficial del Ayuntamiento de Caudete (Albacete)\" \/>\n<meta property=\"og:url\" content=\"https:\/\/www.caudete.org\/ayuntamiento\/acuerdo-de-colaboracion-en-accesibilidad-cognitiva\/\" \/>\n<meta property=\"og:site_name\" content=\"MI Ayuntamiento de Caudete\" \/>\n<meta property=\"article:publisher\" content=\"https:\/\/www.facebook.com\/ayuntamientocaudete\/\" \/>\n<meta property=\"article:published_time\" content=\"2023-06-01T12:05:42+00:00\" \/>\n<meta property=\"og:image\" content=\"https:\/\/www.caudete.org\/ayuntamiento\/wp-content\/uploads\/2023\/06\/IMG-20230601-WA0003-port.jpg\" \/>\n\t<meta property=\"og:image:width\" content=\"1142\" \/>\n\t<meta property=\"og:image:height\" content=\"650\" \/>\n\t<meta property=\"og:image:type\" content=\"image\/jpeg\" \/>\n<meta name=\"author\" content=\"ayun\" \/>\n<meta name=\"twitter:card\" content=\"summary_large_image\" \/>\n<meta name=\"twitter:label1\" content=\"Escrito por\" \/>\n\t<meta name=\"twitter:data1\" content=\"ayun\" \/>\n\t<meta name=\"twitter:label2\" content=\"Tiempo de lectura\" \/>\n\t<meta name=\"twitter:data2\" content=\"3 minutos\" \/>\n<script type=\"application\/ld+json\" class=\"yoast-schema-graph\">{\"@context\":\"https:\\\/\\\/schema.org\",\"@graph\":[{\"@type\":\"Article\",\"@id\":\"https:\\\/\\\/www.caudete.org\\\/ayuntamiento\\\/acuerdo-de-colaboracion-en-accesibilidad-cognitiva\\\/#article\",\"isPartOf\":{\"@id\":\"https:\\\/\\\/www.caudete.org\\\/ayuntamiento\\\/acuerdo-de-colaboracion-en-accesibilidad-cognitiva\\\/\"},\"author\":{\"name\":\"ayun\",\"@id\":\"https:\\\/\\\/www.caudete.org\\\/ayuntamiento\\\/#\\\/schema\\\/person\\\/79f7e19fdd176fc2bc7a289013dc2056\"},\"headline\":\"Acuerdo de Colaboraci\u00f3n en Accesibilidad Cognitiva\",\"datePublished\":\"2023-06-01T12:05:42+00:00\",\"mainEntityOfPage\":{\"@id\":\"https:\\\/\\\/www.caudete.org\\\/ayuntamiento\\\/acuerdo-de-colaboracion-en-accesibilidad-cognitiva\\\/\"},\"wordCount\":389,\"image\":{\"@id\":\"https:\\\/\\\/www.caudete.org\\\/ayuntamiento\\\/acuerdo-de-colaboracion-en-accesibilidad-cognitiva\\\/#primaryimage\"},\"thumbnailUrl\":\"https:\\\/\\\/www.caudete.org\\\/ayuntamiento\\\/wp-content\\\/uploads\\\/2023\\\/06\\\/IMG-20230601-WA0003-port.jpg\",\"articleSection\":[\"Bienestar Social\"],\"inLanguage\":\"es\"},{\"@type\":\"WebPage\",\"@id\":\"https:\\\/\\\/www.caudete.org\\\/ayuntamiento\\\/acuerdo-de-colaboracion-en-accesibilidad-cognitiva\\\/\",\"url\":\"https:\\\/\\\/www.caudete.org\\\/ayuntamiento\\\/acuerdo-de-colaboracion-en-accesibilidad-cognitiva\\\/\",\"name\":\"Acuerdo de Colaboraci\u00f3n en Accesibilidad Cognitiva - MI Ayuntamiento de Caudete\",\"isPartOf\":{\"@id\":\"https:\\\/\\\/www.caudete.org\\\/ayuntamiento\\\/#website\"},\"primaryImageOfPage\":{\"@id\":\"https:\\\/\\\/www.caudete.org\\\/ayuntamiento\\\/acuerdo-de-colaboracion-en-accesibilidad-cognitiva\\\/#primaryimage\"},\"image\":{\"@id\":\"https:\\\/\\\/www.caudete.org\\\/ayuntamiento\\\/acuerdo-de-colaboracion-en-accesibilidad-cognitiva\\\/#primaryimage\"},\"thumbnailUrl\":\"https:\\\/\\\/www.caudete.org\\\/ayuntamiento\\\/wp-content\\\/uploads\\\/2023\\\/06\\\/IMG-20230601-WA0003-port.jpg\",\"datePublished\":\"2023-06-01T12:05:42+00:00\",\"author\":{\"@id\":\"https:\\\/\\\/www.caudete.org\\\/ayuntamiento\\\/#\\\/schema\\\/person\\\/79f7e19fdd176fc2bc7a289013dc2056\"},\"description\":\"P\u00e1gina Oficial del Ayuntamiento de Caudete (Albacete)\",\"breadcrumb\":{\"@id\":\"https:\\\/\\\/www.caudete.org\\\/ayuntamiento\\\/acuerdo-de-colaboracion-en-accesibilidad-cognitiva\\\/#breadcrumb\"},\"inLanguage\":\"es\",\"potentialAction\":[{\"@type\":\"ReadAction\",\"target\":[\"https:\\\/\\\/www.caudete.org\\\/ayuntamiento\\\/acuerdo-de-colaboracion-en-accesibilidad-cognitiva\\\/\"]}]},{\"@type\":\"ImageObject\",\"inLanguage\":\"es\",\"@id\":\"https:\\\/\\\/www.caudete.org\\\/ayuntamiento\\\/acuerdo-de-colaboracion-en-accesibilidad-cognitiva\\\/#primaryimage\",\"url\":\"https:\\\/\\\/www.caudete.org\\\/ayuntamiento\\\/wp-content\\\/uploads\\\/2023\\\/06\\\/IMG-20230601-WA0003-port.jpg\",\"contentUrl\":\"https:\\\/\\\/www.caudete.org\\\/ayuntamiento\\\/wp-content\\\/uploads\\\/2023\\\/06\\\/IMG-20230601-WA0003-port.jpg\",\"width\":1142,\"height\":650},{\"@type\":\"BreadcrumbList\",\"@id\":\"https:\\\/\\\/www.caudete.org\\\/ayuntamiento\\\/acuerdo-de-colaboracion-en-accesibilidad-cognitiva\\\/#breadcrumb\",\"itemListElement\":[{\"@type\":\"ListItem\",\"position\":1,\"name\":\"Inicio\",\"item\":\"https:\\\/\\\/www.caudete.org\\\/ayuntamiento\\\/\"},{\"@type\":\"ListItem\",\"position\":2,\"name\":\"Acuerdo de Colaboraci\u00f3n en Accesibilidad Cognitiva\"}]},{\"@type\":\"WebSite\",\"@id\":\"https:\\\/\\\/www.caudete.org\\\/ayuntamiento\\\/#website\",\"url\":\"https:\\\/\\\/www.caudete.org\\\/ayuntamiento\\\/\",\"name\":\"MI Ayuntamiento de Caudete\",\"description\":\"P\u00e1gina Oficial del MI Ayuntamiento de Caudete\",\"potentialAction\":[{\"@type\":\"SearchAction\",\"target\":{\"@type\":\"EntryPoint\",\"urlTemplate\":\"https:\\\/\\\/www.caudete.org\\\/ayuntamiento\\\/?s={search_term_string}\"},\"query-input\":{\"@type\":\"PropertyValueSpecification\",\"valueRequired\":true,\"valueName\":\"search_term_string\"}}],\"inLanguage\":\"es\"},{\"@type\":\"Person\",\"@id\":\"https:\\\/\\\/www.caudete.org\\\/ayuntamiento\\\/#\\\/schema\\\/person\\\/79f7e19fdd176fc2bc7a289013dc2056\",\"name\":\"ayun\",\"image\":{\"@type\":\"ImageObject\",\"inLanguage\":\"es\",\"@id\":\"https:\\\/\\\/secure.gravatar.com\\\/avatar\\\/4ce797ee07c943e7e592f8cd648e503e6cd571387558ed07135799c2bd2847df?s=96&d=mm&r=g\",\"url\":\"https:\\\/\\\/secure.gravatar.com\\\/avatar\\\/4ce797ee07c943e7e592f8cd648e503e6cd571387558ed07135799c2bd2847df?s=96&d=mm&r=g\",\"contentUrl\":\"https:\\\/\\\/secure.gravatar.com\\\/avatar\\\/4ce797ee07c943e7e592f8cd648e503e6cd571387558ed07135799c2bd2847df?s=96&d=mm&r=g\",\"caption\":\"ayun\"},\"sameAs\":[\"http:\\\/\\\/www.caudete.org\\\/ayuntamiento\"],\"url\":\"https:\\\/\\\/www.caudete.org\\\/ayuntamiento\\\/author\\\/ayun\\\/\"}]}<\/script>\n<!-- \/ Yoast SEO plugin. -->","yoast_head_json":{"title":"Acuerdo de Colaboraci\u00f3n en Accesibilidad Cognitiva - MI Ayuntamiento de Caudete","description":"P\u00e1gina Oficial del Ayuntamiento de Caudete (Albacete)","robots":{"index":"index","follow":"follow","max-snippet":"max-snippet:-1","max-image-preview":"max-image-preview:large","max-video-preview":"max-video-preview:-1"},"canonical":"https:\/\/www.caudete.org\/ayuntamiento\/acuerdo-de-colaboracion-en-accesibilidad-cognitiva\/","og_locale":"es_ES","og_type":"article","og_title":"Acuerdo de Colaboraci\u00f3n en Accesibilidad Cognitiva - MI Ayuntamiento de Caudete","og_description":"P\u00e1gina Oficial del Ayuntamiento de Caudete (Albacete)","og_url":"https:\/\/www.caudete.org\/ayuntamiento\/acuerdo-de-colaboracion-en-accesibilidad-cognitiva\/","og_site_name":"MI Ayuntamiento de Caudete","article_publisher":"https:\/\/www.facebook.com\/ayuntamientocaudete\/","article_published_time":"2023-06-01T12:05:42+00:00","og_image":[{"width":1142,"height":650,"url":"https:\/\/www.caudete.org\/ayuntamiento\/wp-content\/uploads\/2023\/06\/IMG-20230601-WA0003-port.jpg","type":"image\/jpeg"}],"author":"ayun","twitter_card":"summary_large_image","twitter_misc":{"Escrito por":"ayun","Tiempo de lectura":"3 minutos"},"schema":{"@context":"https:\/\/schema.org","@graph":[{"@type":"Article","@id":"https:\/\/www.caudete.org\/ayuntamiento\/acuerdo-de-colaboracion-en-accesibilidad-cognitiva\/#article","isPartOf":{"@id":"https:\/\/www.caudete.org\/ayuntamiento\/acuerdo-de-colaboracion-en-accesibilidad-cognitiva\/"},"author":{"name":"ayun","@id":"https:\/\/www.caudete.org\/ayuntamiento\/#\/schema\/person\/79f7e19fdd176fc2bc7a289013dc2056"},"headline":"Acuerdo de Colaboraci\u00f3n en Accesibilidad Cognitiva","datePublished":"2023-06-01T12:05:42+00:00","mainEntityOfPage":{"@id":"https:\/\/www.caudete.org\/ayuntamiento\/acuerdo-de-colaboracion-en-accesibilidad-cognitiva\/"},"wordCount":389,"image":{"@id":"https:\/\/www.caudete.org\/ayuntamiento\/acuerdo-de-colaboracion-en-accesibilidad-cognitiva\/#primaryimage"},"thumbnailUrl":"https:\/\/www.caudete.org\/ayuntamiento\/wp-content\/uploads\/2023\/06\/IMG-20230601-WA0003-port.jpg","articleSection":["Bienestar Social"],"inLanguage":"es"},{"@type":"WebPage","@id":"https:\/\/www.caudete.org\/ayuntamiento\/acuerdo-de-colaboracion-en-accesibilidad-cognitiva\/","url":"https:\/\/www.caudete.org\/ayuntamiento\/acuerdo-de-colaboracion-en-accesibilidad-cognitiva\/","name":"Acuerdo de Colaboraci\u00f3n en Accesibilidad Cognitiva - MI Ayuntamiento de Caudete","isPartOf":{"@id":"https:\/\/www.caudete.org\/ayuntamiento\/#website"},"primaryImageOfPage":{"@id":"https:\/\/www.caudete.org\/ayuntamiento\/acuerdo-de-colaboracion-en-accesibilidad-cognitiva\/#primaryimage"},"image":{"@id":"https:\/\/www.caudete.org\/ayuntamiento\/acuerdo-de-colaboracion-en-accesibilidad-cognitiva\/#primaryimage"},"thumbnailUrl":"https:\/\/www.caudete.org\/ayuntamiento\/wp-content\/uploads\/2023\/06\/IMG-20230601-WA0003-port.jpg","datePublished":"2023-06-01T12:05:42+00:00","author":{"@id":"https:\/\/www.caudete.org\/ayuntamiento\/#\/schema\/person\/79f7e19fdd176fc2bc7a289013dc2056"},"description":"P\u00e1gina Oficial del Ayuntamiento de Caudete (Albacete)","breadcrumb":{"@id":"https:\/\/www.caudete.org\/ayuntamiento\/acuerdo-de-colaboracion-en-accesibilidad-cognitiva\/#breadcrumb"},"inLanguage":"es","potentialAction":[{"@type":"ReadAction","target":["https:\/\/www.caudete.org\/ayuntamiento\/acuerdo-de-colaboracion-en-accesibilidad-cognitiva\/"]}]},{"@type":"ImageObject","inLanguage":"es","@id":"https:\/\/www.caudete.org\/ayuntamiento\/acuerdo-de-colaboracion-en-accesibilidad-cognitiva\/#primaryimage","url":"https:\/\/www.caudete.org\/ayuntamiento\/wp-content\/uploads\/2023\/06\/IMG-20230601-WA0003-port.jpg","contentUrl":"https:\/\/www.caudete.org\/ayuntamiento\/wp-content\/uploads\/2023\/06\/IMG-20230601-WA0003-port.jpg","width":1142,"height":650},{"@type":"BreadcrumbList","@id":"https:\/\/www.caudete.org\/ayuntamiento\/acuerdo-de-colaboracion-en-accesibilidad-cognitiva\/#breadcrumb","itemListElement":[{"@type":"ListItem","position":1,"name":"Inicio","item":"https:\/\/www.caudete.org\/ayuntamiento\/"},{"@type":"ListItem","position":2,"name":"Acuerdo de Colaboraci\u00f3n en Accesibilidad Cognitiva"}]},{"@type":"WebSite","@id":"https:\/\/www.caudete.org\/ayuntamiento\/#website","url":"https:\/\/www.caudete.org\/ayuntamiento\/","name":"MI Ayuntamiento de Caudete","description":"P\u00e1gina Oficial del MI Ayuntamiento de Caudete","potentialAction":[{"@type":"SearchAction","target":{"@type":"EntryPoint","urlTemplate":"https:\/\/www.caudete.org\/ayuntamiento\/?s={search_term_string}"},"query-input":{"@type":"PropertyValueSpecification","valueRequired":true,"valueName":"search_term_string"}}],"inLanguage":"es"},{"@type":"Person","@id":"https:\/\/www.caudete.org\/ayuntamiento\/#\/schema\/person\/79f7e19fdd176fc2bc7a289013dc2056","name":"ayun","image":{"@type":"ImageObject","inLanguage":"es","@id":"https:\/\/secure.gravatar.com\/avatar\/4ce797ee07c943e7e592f8cd648e503e6cd571387558ed07135799c2bd2847df?s=96&d=mm&r=g","url":"https:\/\/secure.gravatar.com\/avatar\/4ce797ee07c943e7e592f8cd648e503e6cd571387558ed07135799c2bd2847df?s=96&d=mm&r=g","contentUrl":"https:\/\/secure.gravatar.com\/avatar\/4ce797ee07c943e7e592f8cd648e503e6cd571387558ed07135799c2bd2847df?s=96&d=mm&r=g","caption":"ayun"},"sameAs":["http:\/\/www.caudete.org\/ayuntamiento"],"url":"https:\/\/www.caudete.org\/ayuntamiento\/author\/ayun\/"}]}},"_links":{"self":[{"href":"https:\/\/www.caudete.org\/ayuntamiento\/wp-json\/wp\/v2\/posts\/22335","targetHints":{"allow":["GET"]}}],"collection":[{"href":"https:\/\/www.caudete.org\/ayuntamiento\/wp-json\/wp\/v2\/posts"}],"about":[{"href":"https:\/\/www.caudete.org\/ayuntamiento\/wp-json\/wp\/v2\/types\/post"}],"author":[{"embeddable":true,"href":"https:\/\/www.caudete.org\/ayuntamiento\/wp-json\/wp\/v2\/users\/1"}],"replies":[{"embeddable":true,"href":"https:\/\/www.caudete.org\/ayuntamiento\/wp-json\/wp\/v2\/comments?post=22335"}],"version-history":[{"count":2,"href":"https:\/\/www.caudete.org\/ayuntamiento\/wp-json\/wp\/v2\/posts\/22335\/revisions"}],"predecessor-version":[{"id":22340,"href":"https:\/\/www.caudete.org\/ayuntamiento\/wp-json\/wp\/v2\/posts\/22335\/revisions\/22340"}],"wp:featuredmedia":[{"embeddable":true,"href":"https:\/\/www.caudete.org\/ayuntamiento\/wp-json\/wp\/v2\/media\/22338"}],"wp:attachment":[{"href":"https:\/\/www.caudete.org\/ayuntamiento\/wp-json\/wp\/v2\/media?parent=22335"}],"wp:term":[{"taxonomy":"category","embeddable":true,"href":"https:\/\/www.caudete.org\/ayuntamiento\/wp-json\/wp\/v2\/categories?post=22335"},{"taxonomy":"post_tag","embeddable":true,"href":"https:\/\/www.caudete.org\/ayuntamiento\/wp-json\/wp\/v2\/tags?post=22335"}],"curies":[{"name":"wp","href":"https:\/\/api.w.org\/{rel}","templated":true}]}}