{"id":22342,"date":"2023-06-01T14:37:08","date_gmt":"2023-06-01T12:37:08","guid":{"rendered":"https:\/\/www.caudete.org\/ayuntamiento\/?p=22342"},"modified":"2023-06-01T14:37:09","modified_gmt":"2023-06-01T12:37:09","slug":"maria-frances-nunez-y-el-equipo-de-relevos-sub-12-masculino-se-proclaman-campeones-provinciales-de-pista","status":"publish","type":"post","link":"https:\/\/www.caudete.org\/ayuntamiento\/maria-frances-nunez-y-el-equipo-de-relevos-sub-12-masculino-se-proclaman-campeones-provinciales-de-pista\/","title":{"rendered":"Mar\u00eda Franc\u00e9s N\u00fa\u00f1ez y el equipo de relevos sub-12 masculino se proclaman campeones provinciales de pista"},"content":{"rendered":"<p>Seg\u00fan nos informa, la Concejal de Deportes, Pilar Egea, la atleta de las Escuelas Deportivas Municipales de Atletismo, Mar\u00eda Franc\u00e9s N\u00fa\u00f1ez, consigui\u00f3 en la final del campeonato provincial de pista celebrado en Albacete el pasado fin de semana, la medalla de oro en la prueba de 1000 metros en categor\u00eda sub12.<br \/>\nEn la misma prueba tambi\u00e9n se alzaron con la victoria el equipo de relevos 4&#215;60 en categor\u00eda sub12 masculino formado por Alex Camarasa Castillo, Miguel Azor\u00edn Garc\u00eda, Antonio Azor\u00edn Garc\u00eda y Tom\u00e1s Palau Pi.<br \/>\nAdem\u00e1s, Cayetano Tierraseca Cantero sub\u00eda al p\u00f3dium como tercer clasificado en la prueba de 500 metros sub10.<br \/>\nCabe destacar que hasta Albacete se desplazaron m\u00e1s de 20 atletas de las categor\u00edas inferiores de las EDM de atletismo de Caudete, obteniendo unos excelentes resultados en las diferentes pruebas en las que participaron.<br \/>\nLas competiciones continuaron por la tarde para nuestros j\u00f3venes atletas, ya que en Ciudad Real se celebr\u00f3 la \u00faltima jornada de los campeonatos de Castilla La Mancha de pista donde \u00c1ngel Torres Ayuso consigui\u00f3 el cuarto puesto en salto de longitud sub16 y Cristina Asensio Pastor la sexta posici\u00f3n en la prueba de 100 metros sub16.<br \/>\nCon estas dos pruebas se da por finalizado el calendario escolar de atletismo y se pone punto y final a una exitosa temporada de las Escuelas Deportivas Municipales de Atletismo de Caudete tanto en las competiciones de campo a trav\u00e9s como en las de pista.<\/p>\n<p><a href=\"https:\/\/www.caudete.org\/ayuntamiento\/maria-frances-nunez-y-el-equipo-de-relevos-sub-12-masculino-se-proclaman-campeones-provinciales-de-pista\/whatsapp-image-2023-05-30-at-12-17-02-1\/\" rel=\"attachment wp-att-22343\"><img fetchpriority=\"high\" decoding=\"async\" class=\"aligncenter size-full wp-image-22343\" src=\"https:\/\/www.caudete.org\/ayuntamiento\/wp-content\/uploads\/2023\/06\/WhatsApp-Image-2023-05-30-at-12.17.02-1.jpeg\" rel='prettyPhoto' alt=\"\" width=\"1204\" height=\"1600\" srcset=\"https:\/\/www.caudete.org\/ayuntamiento\/wp-content\/uploads\/2023\/06\/WhatsApp-Image-2023-05-30-at-12.17.02-1.jpeg 1204w, https:\/\/www.caudete.org\/ayuntamiento\/wp-content\/uploads\/2023\/06\/WhatsApp-Image-2023-05-30-at-12.17.02-1-226x300.jpeg 226w, https:\/\/www.caudete.org\/ayuntamiento\/wp-content\/uploads\/2023\/06\/WhatsApp-Image-2023-05-30-at-12.17.02-1-771x1024.jpeg 771w, https:\/\/www.caudete.org\/ayuntamiento\/wp-content\/uploads\/2023\/06\/WhatsApp-Image-2023-05-30-at-12.17.02-1-768x1021.jpeg 768w, https:\/\/www.caudete.org\/ayuntamiento\/wp-content\/uploads\/2023\/06\/WhatsApp-Image-2023-05-30-at-12.17.02-1-1156x1536.jpeg 1156w\" sizes=\"(max-width: 1204px) 100vw, 1204px\" \/><\/a> <a href=\"https:\/\/www.caudete.org\/ayuntamiento\/maria-frances-nunez-y-el-equipo-de-relevos-sub-12-masculino-se-proclaman-campeones-provinciales-de-pista\/whatsapp-image-2023-05-30-at-12-17-27\/\" rel=\"attachment wp-att-22344\"><img decoding=\"async\" class=\"aligncenter size-full wp-image-22344\" src=\"https:\/\/www.caudete.org\/ayuntamiento\/wp-content\/uploads\/2023\/06\/WhatsApp-Image-2023-05-30-at-12.17.27.jpeg\" rel='prettyPhoto' alt=\"\" width=\"1600\" height=\"1204\" srcset=\"https:\/\/www.caudete.org\/ayuntamiento\/wp-content\/uploads\/2023\/06\/WhatsApp-Image-2023-05-30-at-12.17.27.jpeg 1600w, https:\/\/www.caudete.org\/ayuntamiento\/wp-content\/uploads\/2023\/06\/WhatsApp-Image-2023-05-30-at-12.17.27-300x226.jpeg 300w, https:\/\/www.caudete.org\/ayuntamiento\/wp-content\/uploads\/2023\/06\/WhatsApp-Image-2023-05-30-at-12.17.27-1024x771.jpeg 1024w, https:\/\/www.caudete.org\/ayuntamiento\/wp-content\/uploads\/2023\/06\/WhatsApp-Image-2023-05-30-at-12.17.27-768x578.jpeg 768w, https:\/\/www.caudete.org\/ayuntamiento\/wp-content\/uploads\/2023\/06\/WhatsApp-Image-2023-05-30-at-12.17.27-1536x1156.jpeg 1536w\" sizes=\"(max-width: 1600px) 100vw, 1600px\" \/><\/a><\/p>\n<p>&nbsp;<\/p>\n","protected":false},"excerpt":{"rendered":"<p>Seg\u00fan nos informa, la Concejal de Deportes, Pilar Egea, la atleta de las Escuelas Deportivas Municipales de Atletismo, Mar\u00eda Franc\u00e9s N\u00fa\u00f1ez, consigui\u00f3 en la final del campeonato provincial de pista celebrado en Albacete el pasado fin de semana, la medalla de oro en la prueba de 1000 metros en categor\u00eda sub12. En la misma prueba &hellip;<\/p>\n","protected":false},"author":1,"featured_media":22345,"comment_status":"closed","ping_status":"open","sticky":false,"template":"","format":"standard","meta":{"ngg_post_thumbnail":0,"footnotes":""},"categories":[23],"tags":[],"class_list":["post-22342","post","type-post","status-publish","format-standard","has-post-thumbnail","hentry","category-deportes"],"yoast_head":"<!-- This site is optimized with the Yoast SEO plugin v27.5 - https:\/\/yoast.com\/product\/yoast-seo-wordpress\/ -->\n<title>Mar\u00eda Franc\u00e9s N\u00fa\u00f1ez y el equipo de relevos sub-12 masculino se proclaman campeones provinciales de pista - MI Ayuntamiento de Caudete<\/title>\n<meta name=\"description\" content=\"P\u00e1gina Oficial del Ayuntamiento de Caudete (Albacete)\" \/>\n<meta name=\"robots\" content=\"index, follow, max-snippet:-1, max-image-preview:large, max-video-preview:-1\" \/>\n<link rel=\"canonical\" href=\"https:\/\/www.caudete.org\/ayuntamiento\/maria-frances-nunez-y-el-equipo-de-relevos-sub-12-masculino-se-proclaman-campeones-provinciales-de-pista\/\" \/>\n<meta property=\"og:locale\" content=\"es_ES\" \/>\n<meta property=\"og:type\" content=\"article\" \/>\n<meta property=\"og:title\" content=\"Mar\u00eda Franc\u00e9s N\u00fa\u00f1ez y el equipo de relevos sub-12 masculino se proclaman campeones provinciales de pista - MI Ayuntamiento de Caudete\" \/>\n<meta property=\"og:description\" content=\"P\u00e1gina Oficial del Ayuntamiento de Caudete (Albacete)\" \/>\n<meta property=\"og:url\" content=\"https:\/\/www.caudete.org\/ayuntamiento\/maria-frances-nunez-y-el-equipo-de-relevos-sub-12-masculino-se-proclaman-campeones-provinciales-de-pista\/\" \/>\n<meta property=\"og:site_name\" content=\"MI Ayuntamiento de Caudete\" \/>\n<meta property=\"article:publisher\" content=\"https:\/\/www.facebook.com\/ayuntamientocaudete\/\" \/>\n<meta property=\"article:published_time\" content=\"2023-06-01T12:37:08+00:00\" \/>\n<meta property=\"article:modified_time\" content=\"2023-06-01T12:37:09+00:00\" \/>\n<meta property=\"og:image\" content=\"https:\/\/www.caudete.org\/ayuntamiento\/wp-content\/uploads\/2023\/06\/WhatsApp-Image-2023-05-30-at-12.17.27-port.jpg\" \/>\n\t<meta property=\"og:image:width\" content=\"1164\" \/>\n\t<meta property=\"og:image:height\" content=\"646\" \/>\n\t<meta property=\"og:image:type\" content=\"image\/jpeg\" \/>\n<meta name=\"author\" content=\"ayun\" \/>\n<meta name=\"twitter:card\" content=\"summary_large_image\" \/>\n<meta name=\"twitter:label1\" content=\"Escrito por\" \/>\n\t<meta name=\"twitter:data1\" content=\"ayun\" \/>\n\t<meta name=\"twitter:label2\" content=\"Tiempo de lectura\" \/>\n\t<meta name=\"twitter:data2\" content=\"2 minutos\" \/>\n<script type=\"application\/ld+json\" class=\"yoast-schema-graph\">{\"@context\":\"https:\\\/\\\/schema.org\",\"@graph\":[{\"@type\":\"Article\",\"@id\":\"https:\\\/\\\/www.caudete.org\\\/ayuntamiento\\\/maria-frances-nunez-y-el-equipo-de-relevos-sub-12-masculino-se-proclaman-campeones-provinciales-de-pista\\\/#article\",\"isPartOf\":{\"@id\":\"https:\\\/\\\/www.caudete.org\\\/ayuntamiento\\\/maria-frances-nunez-y-el-equipo-de-relevos-sub-12-masculino-se-proclaman-campeones-provinciales-de-pista\\\/\"},\"author\":{\"name\":\"ayun\",\"@id\":\"https:\\\/\\\/www.caudete.org\\\/ayuntamiento\\\/#\\\/schema\\\/person\\\/79f7e19fdd176fc2bc7a289013dc2056\"},\"headline\":\"Mar\u00eda Franc\u00e9s N\u00fa\u00f1ez y el equipo de relevos sub-12 masculino se proclaman campeones provinciales de pista\",\"datePublished\":\"2023-06-01T12:37:08+00:00\",\"dateModified\":\"2023-06-01T12:37:09+00:00\",\"mainEntityOfPage\":{\"@id\":\"https:\\\/\\\/www.caudete.org\\\/ayuntamiento\\\/maria-frances-nunez-y-el-equipo-de-relevos-sub-12-masculino-se-proclaman-campeones-provinciales-de-pista\\\/\"},\"wordCount\":273,\"image\":{\"@id\":\"https:\\\/\\\/www.caudete.org\\\/ayuntamiento\\\/maria-frances-nunez-y-el-equipo-de-relevos-sub-12-masculino-se-proclaman-campeones-provinciales-de-pista\\\/#primaryimage\"},\"thumbnailUrl\":\"https:\\\/\\\/www.caudete.org\\\/ayuntamiento\\\/wp-content\\\/uploads\\\/2023\\\/06\\\/WhatsApp-Image-2023-05-30-at-12.17.27-port.jpg\",\"articleSection\":[\"Deportes\"],\"inLanguage\":\"es\"},{\"@type\":\"WebPage\",\"@id\":\"https:\\\/\\\/www.caudete.org\\\/ayuntamiento\\\/maria-frances-nunez-y-el-equipo-de-relevos-sub-12-masculino-se-proclaman-campeones-provinciales-de-pista\\\/\",\"url\":\"https:\\\/\\\/www.caudete.org\\\/ayuntamiento\\\/maria-frances-nunez-y-el-equipo-de-relevos-sub-12-masculino-se-proclaman-campeones-provinciales-de-pista\\\/\",\"name\":\"Mar\u00eda Franc\u00e9s N\u00fa\u00f1ez y el equipo de relevos sub-12 masculino se proclaman campeones provinciales de pista - MI Ayuntamiento de Caudete\",\"isPartOf\":{\"@id\":\"https:\\\/\\\/www.caudete.org\\\/ayuntamiento\\\/#website\"},\"primaryImageOfPage\":{\"@id\":\"https:\\\/\\\/www.caudete.org\\\/ayuntamiento\\\/maria-frances-nunez-y-el-equipo-de-relevos-sub-12-masculino-se-proclaman-campeones-provinciales-de-pista\\\/#primaryimage\"},\"image\":{\"@id\":\"https:\\\/\\\/www.caudete.org\\\/ayuntamiento\\\/maria-frances-nunez-y-el-equipo-de-relevos-sub-12-masculino-se-proclaman-campeones-provinciales-de-pista\\\/#primaryimage\"},\"thumbnailUrl\":\"https:\\\/\\\/www.caudete.org\\\/ayuntamiento\\\/wp-content\\\/uploads\\\/2023\\\/06\\\/WhatsApp-Image-2023-05-30-at-12.17.27-port.jpg\",\"datePublished\":\"2023-06-01T12:37:08+00:00\",\"dateModified\":\"2023-06-01T12:37:09+00:00\",\"author\":{\"@id\":\"https:\\\/\\\/www.caudete.org\\\/ayuntamiento\\\/#\\\/schema\\\/person\\\/79f7e19fdd176fc2bc7a289013dc2056\"},\"description\":\"P\u00e1gina Oficial del Ayuntamiento de Caudete (Albacete)\",\"breadcrumb\":{\"@id\":\"https:\\\/\\\/www.caudete.org\\\/ayuntamiento\\\/maria-frances-nunez-y-el-equipo-de-relevos-sub-12-masculino-se-proclaman-campeones-provinciales-de-pista\\\/#breadcrumb\"},\"inLanguage\":\"es\",\"potentialAction\":[{\"@type\":\"ReadAction\",\"target\":[\"https:\\\/\\\/www.caudete.org\\\/ayuntamiento\\\/maria-frances-nunez-y-el-equipo-de-relevos-sub-12-masculino-se-proclaman-campeones-provinciales-de-pista\\\/\"]}]},{\"@type\":\"ImageObject\",\"inLanguage\":\"es\",\"@id\":\"https:\\\/\\\/www.caudete.org\\\/ayuntamiento\\\/maria-frances-nunez-y-el-equipo-de-relevos-sub-12-masculino-se-proclaman-campeones-provinciales-de-pista\\\/#primaryimage\",\"url\":\"https:\\\/\\\/www.caudete.org\\\/ayuntamiento\\\/wp-content\\\/uploads\\\/2023\\\/06\\\/WhatsApp-Image-2023-05-30-at-12.17.27-port.jpg\",\"contentUrl\":\"https:\\\/\\\/www.caudete.org\\\/ayuntamiento\\\/wp-content\\\/uploads\\\/2023\\\/06\\\/WhatsApp-Image-2023-05-30-at-12.17.27-port.jpg\",\"width\":1164,\"height\":646},{\"@type\":\"BreadcrumbList\",\"@id\":\"https:\\\/\\\/www.caudete.org\\\/ayuntamiento\\\/maria-frances-nunez-y-el-equipo-de-relevos-sub-12-masculino-se-proclaman-campeones-provinciales-de-pista\\\/#breadcrumb\",\"itemListElement\":[{\"@type\":\"ListItem\",\"position\":1,\"name\":\"Inicio\",\"item\":\"https:\\\/\\\/www.caudete.org\\\/ayuntamiento\\\/\"},{\"@type\":\"ListItem\",\"position\":2,\"name\":\"Mar\u00eda Franc\u00e9s N\u00fa\u00f1ez y el equipo de relevos sub-12 masculino se proclaman campeones provinciales de pista\"}]},{\"@type\":\"WebSite\",\"@id\":\"https:\\\/\\\/www.caudete.org\\\/ayuntamiento\\\/#website\",\"url\":\"https:\\\/\\\/www.caudete.org\\\/ayuntamiento\\\/\",\"name\":\"MI Ayuntamiento de Caudete\",\"description\":\"P\u00e1gina Oficial del MI Ayuntamiento de Caudete\",\"potentialAction\":[{\"@type\":\"SearchAction\",\"target\":{\"@type\":\"EntryPoint\",\"urlTemplate\":\"https:\\\/\\\/www.caudete.org\\\/ayuntamiento\\\/?s={search_term_string}\"},\"query-input\":{\"@type\":\"PropertyValueSpecification\",\"valueRequired\":true,\"valueName\":\"search_term_string\"}}],\"inLanguage\":\"es\"},{\"@type\":\"Person\",\"@id\":\"https:\\\/\\\/www.caudete.org\\\/ayuntamiento\\\/#\\\/schema\\\/person\\\/79f7e19fdd176fc2bc7a289013dc2056\",\"name\":\"ayun\",\"image\":{\"@type\":\"ImageObject\",\"inLanguage\":\"es\",\"@id\":\"https:\\\/\\\/secure.gravatar.com\\\/avatar\\\/4ce797ee07c943e7e592f8cd648e503e6cd571387558ed07135799c2bd2847df?s=96&d=mm&r=g\",\"url\":\"https:\\\/\\\/secure.gravatar.com\\\/avatar\\\/4ce797ee07c943e7e592f8cd648e503e6cd571387558ed07135799c2bd2847df?s=96&d=mm&r=g\",\"contentUrl\":\"https:\\\/\\\/secure.gravatar.com\\\/avatar\\\/4ce797ee07c943e7e592f8cd648e503e6cd571387558ed07135799c2bd2847df?s=96&d=mm&r=g\",\"caption\":\"ayun\"},\"sameAs\":[\"http:\\\/\\\/www.caudete.org\\\/ayuntamiento\"],\"url\":\"https:\\\/\\\/www.caudete.org\\\/ayuntamiento\\\/author\\\/ayun\\\/\"}]}<\/script>\n<!-- \/ Yoast SEO plugin. -->","yoast_head_json":{"title":"Mar\u00eda Franc\u00e9s N\u00fa\u00f1ez y el equipo de relevos sub-12 masculino se proclaman campeones provinciales de pista - MI Ayuntamiento de Caudete","description":"P\u00e1gina Oficial del Ayuntamiento de Caudete (Albacete)","robots":{"index":"index","follow":"follow","max-snippet":"max-snippet:-1","max-image-preview":"max-image-preview:large","max-video-preview":"max-video-preview:-1"},"canonical":"https:\/\/www.caudete.org\/ayuntamiento\/maria-frances-nunez-y-el-equipo-de-relevos-sub-12-masculino-se-proclaman-campeones-provinciales-de-pista\/","og_locale":"es_ES","og_type":"article","og_title":"Mar\u00eda Franc\u00e9s N\u00fa\u00f1ez y el equipo de relevos sub-12 masculino se proclaman campeones provinciales de pista - MI Ayuntamiento de Caudete","og_description":"P\u00e1gina Oficial del Ayuntamiento de Caudete (Albacete)","og_url":"https:\/\/www.caudete.org\/ayuntamiento\/maria-frances-nunez-y-el-equipo-de-relevos-sub-12-masculino-se-proclaman-campeones-provinciales-de-pista\/","og_site_name":"MI Ayuntamiento de Caudete","article_publisher":"https:\/\/www.facebook.com\/ayuntamientocaudete\/","article_published_time":"2023-06-01T12:37:08+00:00","article_modified_time":"2023-06-01T12:37:09+00:00","og_image":[{"width":1164,"height":646,"url":"https:\/\/www.caudete.org\/ayuntamiento\/wp-content\/uploads\/2023\/06\/WhatsApp-Image-2023-05-30-at-12.17.27-port.jpg","type":"image\/jpeg"}],"author":"ayun","twitter_card":"summary_large_image","twitter_misc":{"Escrito por":"ayun","Tiempo de lectura":"2 minutos"},"schema":{"@context":"https:\/\/schema.org","@graph":[{"@type":"Article","@id":"https:\/\/www.caudete.org\/ayuntamiento\/maria-frances-nunez-y-el-equipo-de-relevos-sub-12-masculino-se-proclaman-campeones-provinciales-de-pista\/#article","isPartOf":{"@id":"https:\/\/www.caudete.org\/ayuntamiento\/maria-frances-nunez-y-el-equipo-de-relevos-sub-12-masculino-se-proclaman-campeones-provinciales-de-pista\/"},"author":{"name":"ayun","@id":"https:\/\/www.caudete.org\/ayuntamiento\/#\/schema\/person\/79f7e19fdd176fc2bc7a289013dc2056"},"headline":"Mar\u00eda Franc\u00e9s N\u00fa\u00f1ez y el equipo de relevos sub-12 masculino se proclaman campeones provinciales de pista","datePublished":"2023-06-01T12:37:08+00:00","dateModified":"2023-06-01T12:37:09+00:00","mainEntityOfPage":{"@id":"https:\/\/www.caudete.org\/ayuntamiento\/maria-frances-nunez-y-el-equipo-de-relevos-sub-12-masculino-se-proclaman-campeones-provinciales-de-pista\/"},"wordCount":273,"image":{"@id":"https:\/\/www.caudete.org\/ayuntamiento\/maria-frances-nunez-y-el-equipo-de-relevos-sub-12-masculino-se-proclaman-campeones-provinciales-de-pista\/#primaryimage"},"thumbnailUrl":"https:\/\/www.caudete.org\/ayuntamiento\/wp-content\/uploads\/2023\/06\/WhatsApp-Image-2023-05-30-at-12.17.27-port.jpg","articleSection":["Deportes"],"inLanguage":"es"},{"@type":"WebPage","@id":"https:\/\/www.caudete.org\/ayuntamiento\/maria-frances-nunez-y-el-equipo-de-relevos-sub-12-masculino-se-proclaman-campeones-provinciales-de-pista\/","url":"https:\/\/www.caudete.org\/ayuntamiento\/maria-frances-nunez-y-el-equipo-de-relevos-sub-12-masculino-se-proclaman-campeones-provinciales-de-pista\/","name":"Mar\u00eda Franc\u00e9s N\u00fa\u00f1ez y el equipo de relevos sub-12 masculino se proclaman campeones provinciales de pista - MI Ayuntamiento de Caudete","isPartOf":{"@id":"https:\/\/www.caudete.org\/ayuntamiento\/#website"},"primaryImageOfPage":{"@id":"https:\/\/www.caudete.org\/ayuntamiento\/maria-frances-nunez-y-el-equipo-de-relevos-sub-12-masculino-se-proclaman-campeones-provinciales-de-pista\/#primaryimage"},"image":{"@id":"https:\/\/www.caudete.org\/ayuntamiento\/maria-frances-nunez-y-el-equipo-de-relevos-sub-12-masculino-se-proclaman-campeones-provinciales-de-pista\/#primaryimage"},"thumbnailUrl":"https:\/\/www.caudete.org\/ayuntamiento\/wp-content\/uploads\/2023\/06\/WhatsApp-Image-2023-05-30-at-12.17.27-port.jpg","datePublished":"2023-06-01T12:37:08+00:00","dateModified":"2023-06-01T12:37:09+00:00","author":{"@id":"https:\/\/www.caudete.org\/ayuntamiento\/#\/schema\/person\/79f7e19fdd176fc2bc7a289013dc2056"},"description":"P\u00e1gina Oficial del Ayuntamiento de Caudete (Albacete)","breadcrumb":{"@id":"https:\/\/www.caudete.org\/ayuntamiento\/maria-frances-nunez-y-el-equipo-de-relevos-sub-12-masculino-se-proclaman-campeones-provinciales-de-pista\/#breadcrumb"},"inLanguage":"es","potentialAction":[{"@type":"ReadAction","target":["https:\/\/www.caudete.org\/ayuntamiento\/maria-frances-nunez-y-el-equipo-de-relevos-sub-12-masculino-se-proclaman-campeones-provinciales-de-pista\/"]}]},{"@type":"ImageObject","inLanguage":"es","@id":"https:\/\/www.caudete.org\/ayuntamiento\/maria-frances-nunez-y-el-equipo-de-relevos-sub-12-masculino-se-proclaman-campeones-provinciales-de-pista\/#primaryimage","url":"https:\/\/www.caudete.org\/ayuntamiento\/wp-content\/uploads\/2023\/06\/WhatsApp-Image-2023-05-30-at-12.17.27-port.jpg","contentUrl":"https:\/\/www.caudete.org\/ayuntamiento\/wp-content\/uploads\/2023\/06\/WhatsApp-Image-2023-05-30-at-12.17.27-port.jpg","width":1164,"height":646},{"@type":"BreadcrumbList","@id":"https:\/\/www.caudete.org\/ayuntamiento\/maria-frances-nunez-y-el-equipo-de-relevos-sub-12-masculino-se-proclaman-campeones-provinciales-de-pista\/#breadcrumb","itemListElement":[{"@type":"ListItem","position":1,"name":"Inicio","item":"https:\/\/www.caudete.org\/ayuntamiento\/"},{"@type":"ListItem","position":2,"name":"Mar\u00eda Franc\u00e9s N\u00fa\u00f1ez y el equipo de relevos sub-12 masculino se proclaman campeones provinciales de pista"}]},{"@type":"WebSite","@id":"https:\/\/www.caudete.org\/ayuntamiento\/#website","url":"https:\/\/www.caudete.org\/ayuntamiento\/","name":"MI Ayuntamiento de Caudete","description":"P\u00e1gina Oficial del MI Ayuntamiento de Caudete","potentialAction":[{"@type":"SearchAction","target":{"@type":"EntryPoint","urlTemplate":"https:\/\/www.caudete.org\/ayuntamiento\/?s={search_term_string}"},"query-input":{"@type":"PropertyValueSpecification","valueRequired":true,"valueName":"search_term_string"}}],"inLanguage":"es"},{"@type":"Person","@id":"https:\/\/www.caudete.org\/ayuntamiento\/#\/schema\/person\/79f7e19fdd176fc2bc7a289013dc2056","name":"ayun","image":{"@type":"ImageObject","inLanguage":"es","@id":"https:\/\/secure.gravatar.com\/avatar\/4ce797ee07c943e7e592f8cd648e503e6cd571387558ed07135799c2bd2847df?s=96&d=mm&r=g","url":"https:\/\/secure.gravatar.com\/avatar\/4ce797ee07c943e7e592f8cd648e503e6cd571387558ed07135799c2bd2847df?s=96&d=mm&r=g","contentUrl":"https:\/\/secure.gravatar.com\/avatar\/4ce797ee07c943e7e592f8cd648e503e6cd571387558ed07135799c2bd2847df?s=96&d=mm&r=g","caption":"ayun"},"sameAs":["http:\/\/www.caudete.org\/ayuntamiento"],"url":"https:\/\/www.caudete.org\/ayuntamiento\/author\/ayun\/"}]}},"_links":{"self":[{"href":"https:\/\/www.caudete.org\/ayuntamiento\/wp-json\/wp\/v2\/posts\/22342","targetHints":{"allow":["GET"]}}],"collection":[{"href":"https:\/\/www.caudete.org\/ayuntamiento\/wp-json\/wp\/v2\/posts"}],"about":[{"href":"https:\/\/www.caudete.org\/ayuntamiento\/wp-json\/wp\/v2\/types\/post"}],"author":[{"embeddable":true,"href":"https:\/\/www.caudete.org\/ayuntamiento\/wp-json\/wp\/v2\/users\/1"}],"replies":[{"embeddable":true,"href":"https:\/\/www.caudete.org\/ayuntamiento\/wp-json\/wp\/v2\/comments?post=22342"}],"version-history":[{"count":2,"href":"https:\/\/www.caudete.org\/ayuntamiento\/wp-json\/wp\/v2\/posts\/22342\/revisions"}],"predecessor-version":[{"id":22347,"href":"https:\/\/www.caudete.org\/ayuntamiento\/wp-json\/wp\/v2\/posts\/22342\/revisions\/22347"}],"wp:featuredmedia":[{"embeddable":true,"href":"https:\/\/www.caudete.org\/ayuntamiento\/wp-json\/wp\/v2\/media\/22345"}],"wp:attachment":[{"href":"https:\/\/www.caudete.org\/ayuntamiento\/wp-json\/wp\/v2\/media?parent=22342"}],"wp:term":[{"taxonomy":"category","embeddable":true,"href":"https:\/\/www.caudete.org\/ayuntamiento\/wp-json\/wp\/v2\/categories?post=22342"},{"taxonomy":"post_tag","embeddable":true,"href":"https:\/\/www.caudete.org\/ayuntamiento\/wp-json\/wp\/v2\/tags?post=22342"}],"curies":[{"name":"wp","href":"https:\/\/api.w.org\/{rel}","templated":true}]}}