{"id":22349,"date":"2023-06-02T14:44:13","date_gmt":"2023-06-02T12:44:13","guid":{"rendered":"https:\/\/www.caudete.org\/ayuntamiento\/?p=22349"},"modified":"2023-06-01T15:50:36","modified_gmt":"2023-06-01T13:50:36","slug":"vuelve-la-celebracion-del-tradicional-torneo-de-futbol-8-villa-de-caudete-2","status":"publish","type":"post","link":"https:\/\/www.caudete.org\/ayuntamiento\/vuelve-la-celebracion-del-tradicional-torneo-de-futbol-8-villa-de-caudete-2\/","title":{"rendered":"Vuelve la celebraci\u00f3n del tradicional Torneo de F\u00fatbol-8 \u201cVilla de Caudete&#8221;"},"content":{"rendered":"<p>El pr\u00f3ximo domingo 4 de Junio, las instalaciones de la Ciudad Deportiva Antonio Amor\u00f3s acoger\u00e1n la octava edici\u00f3n del Torneo de F\u00fatbol 8 \u201cVilla de Caudete\u201d. Se trata de un evento organizado por la Concejal\u00eda de Deportes del Ayuntamiento de Caudete y dirigido a los equipos de la categor\u00eda benjam\u00edn. El torneo se desarrollar\u00e1 en una fase previa regular, donde todos los equipos quedan divididos en dos grupos para enfrentarse entre s\u00ed, y en una fase eliminatoria, en la que por un lado de la tabla se enfrentar\u00e1n los primeros clasificados de la fase previa y por el otro lado los terceros y cuartos de cada grupo.<\/p>\n<p>Como en la edici\u00f3n anterior (2022) se concentrar\u00e1n en Caudete equipos de clubes de la \u00e9lite del f\u00fatbol espa\u00f1ol, as\u00ed este a\u00f1o, adem\u00e1s de los dos equipos locales, se contar\u00e1 con la presencia del Albacete Balompie C.F, Real Murcia C.F, UCAM Murcia, Hercules C.F Yeclano Deportivo y Ciudad Alcoy. Todo un elenco de equipos los que participar\u00e1n en el VIII Torneo \u201cVilla de Caudete\u201d. Finalizada la competici\u00f3n tendr\u00e1 lugar la correspondiente entrega de trofeos en el Espacio Municipal la Sala.<br \/>\nDestacar que la celebraci\u00f3n de este evento ha sido posible gracias a los siguientes patrocinadores: Ayuntamiento de Caudete, Visual-3D, Curdec, Serrano Amoros S.L, Ventascoches.net, Viajes Almantour, Neum\u00e1ticos y Lavados Caudete, Asador G\u00f3ndola y Gr\u00faas. La gesti\u00f3n econ\u00f3mica del evento se ha completado con el esfuerzo y colaboraci\u00f3n de cada uno de los padres de los\/as alumnos\/as de los equipos locales.<\/p>\n<p><a href=\"https:\/\/www.caudete.org\/ayuntamiento\/vuelve-la-celebracion-del-tradicional-torneo-de-futbol-8-villa-de-caudete-2\/cartel-viii-torneo-futbol-8-benjamin-qr\/\" rel=\"attachment wp-att-22350\"><img fetchpriority=\"high\" decoding=\"async\" class=\"aligncenter size-full wp-image-22350\" src=\"https:\/\/www.caudete.org\/ayuntamiento\/wp-content\/uploads\/2023\/06\/Cartel-VIII-Torneo-Futbol-8-Benjamin-QR.jpg\" rel='prettyPhoto' alt=\"\" width=\"1131\" height=\"1600\" srcset=\"https:\/\/www.caudete.org\/ayuntamiento\/wp-content\/uploads\/2023\/06\/Cartel-VIII-Torneo-Futbol-8-Benjamin-QR.jpg 1131w, https:\/\/www.caudete.org\/ayuntamiento\/wp-content\/uploads\/2023\/06\/Cartel-VIII-Torneo-Futbol-8-Benjamin-QR-212x300.jpg 212w, https:\/\/www.caudete.org\/ayuntamiento\/wp-content\/uploads\/2023\/06\/Cartel-VIII-Torneo-Futbol-8-Benjamin-QR-724x1024.jpg 724w, https:\/\/www.caudete.org\/ayuntamiento\/wp-content\/uploads\/2023\/06\/Cartel-VIII-Torneo-Futbol-8-Benjamin-QR-768x1086.jpg 768w, https:\/\/www.caudete.org\/ayuntamiento\/wp-content\/uploads\/2023\/06\/Cartel-VIII-Torneo-Futbol-8-Benjamin-QR-1086x1536.jpg 1086w\" sizes=\"(max-width: 1131px) 100vw, 1131px\" \/><\/a><\/p>\n","protected":false},"excerpt":{"rendered":"<p>El pr\u00f3ximo domingo 4 de Junio, las instalaciones de la Ciudad Deportiva Antonio Amor\u00f3s acoger\u00e1n la octava edici\u00f3n del Torneo de F\u00fatbol 8 \u201cVilla de Caudete\u201d. Se trata de un evento organizado por la Concejal\u00eda de Deportes del Ayuntamiento de Caudete y dirigido a los equipos de la categor\u00eda benjam\u00edn. El torneo se desarrollar\u00e1 en &hellip;<\/p>\n","protected":false},"author":1,"featured_media":22351,"comment_status":"closed","ping_status":"open","sticky":false,"template":"","format":"standard","meta":{"ngg_post_thumbnail":0,"footnotes":""},"categories":[23],"tags":[],"class_list":["post-22349","post","type-post","status-publish","format-standard","has-post-thumbnail","hentry","category-deportes"],"yoast_head":"<!-- This site is optimized with the Yoast SEO plugin v27.5 - https:\/\/yoast.com\/product\/yoast-seo-wordpress\/ -->\n<title>Vuelve la celebraci\u00f3n del tradicional Torneo de F\u00fatbol-8 \u201cVilla de Caudete&quot; - MI Ayuntamiento de Caudete<\/title>\n<meta name=\"description\" content=\"P\u00e1gina Oficial del Ayuntamiento de Caudete (Albacete)\" \/>\n<meta name=\"robots\" content=\"index, follow, max-snippet:-1, max-image-preview:large, max-video-preview:-1\" \/>\n<link rel=\"canonical\" href=\"https:\/\/www.caudete.org\/ayuntamiento\/vuelve-la-celebracion-del-tradicional-torneo-de-futbol-8-villa-de-caudete-2\/\" \/>\n<meta property=\"og:locale\" content=\"es_ES\" \/>\n<meta property=\"og:type\" content=\"article\" \/>\n<meta property=\"og:title\" content=\"Vuelve la celebraci\u00f3n del tradicional Torneo de F\u00fatbol-8 \u201cVilla de Caudete&quot; - MI Ayuntamiento de Caudete\" \/>\n<meta property=\"og:description\" content=\"P\u00e1gina Oficial del Ayuntamiento de Caudete (Albacete)\" \/>\n<meta property=\"og:url\" content=\"https:\/\/www.caudete.org\/ayuntamiento\/vuelve-la-celebracion-del-tradicional-torneo-de-futbol-8-villa-de-caudete-2\/\" \/>\n<meta property=\"og:site_name\" content=\"MI Ayuntamiento de Caudete\" \/>\n<meta property=\"article:publisher\" content=\"https:\/\/www.facebook.com\/ayuntamientocaudete\/\" \/>\n<meta property=\"article:published_time\" content=\"2023-06-02T12:44:13+00:00\" \/>\n<meta property=\"og:image\" content=\"https:\/\/www.caudete.org\/ayuntamiento\/wp-content\/uploads\/2023\/06\/Cartel-VIII-Torneo-Futbol-8-Benjamin-QR-port.jpg\" \/>\n\t<meta property=\"og:image:width\" content=\"1108\" \/>\n\t<meta property=\"og:image:height\" content=\"301\" \/>\n\t<meta property=\"og:image:type\" content=\"image\/jpeg\" \/>\n<meta name=\"author\" content=\"ayun\" \/>\n<meta name=\"twitter:card\" content=\"summary_large_image\" \/>\n<meta name=\"twitter:label1\" content=\"Escrito por\" \/>\n\t<meta name=\"twitter:data1\" content=\"ayun\" \/>\n\t<meta name=\"twitter:label2\" content=\"Tiempo de lectura\" \/>\n\t<meta name=\"twitter:data2\" content=\"2 minutos\" \/>\n<script type=\"application\/ld+json\" class=\"yoast-schema-graph\">{\"@context\":\"https:\\\/\\\/schema.org\",\"@graph\":[{\"@type\":\"Article\",\"@id\":\"https:\\\/\\\/www.caudete.org\\\/ayuntamiento\\\/vuelve-la-celebracion-del-tradicional-torneo-de-futbol-8-villa-de-caudete-2\\\/#article\",\"isPartOf\":{\"@id\":\"https:\\\/\\\/www.caudete.org\\\/ayuntamiento\\\/vuelve-la-celebracion-del-tradicional-torneo-de-futbol-8-villa-de-caudete-2\\\/\"},\"author\":{\"name\":\"ayun\",\"@id\":\"https:\\\/\\\/www.caudete.org\\\/ayuntamiento\\\/#\\\/schema\\\/person\\\/79f7e19fdd176fc2bc7a289013dc2056\"},\"headline\":\"Vuelve la celebraci\u00f3n del tradicional Torneo de F\u00fatbol-8 \u201cVilla de Caudete&#8221;\",\"datePublished\":\"2023-06-02T12:44:13+00:00\",\"mainEntityOfPage\":{\"@id\":\"https:\\\/\\\/www.caudete.org\\\/ayuntamiento\\\/vuelve-la-celebracion-del-tradicional-torneo-de-futbol-8-villa-de-caudete-2\\\/\"},\"wordCount\":289,\"image\":{\"@id\":\"https:\\\/\\\/www.caudete.org\\\/ayuntamiento\\\/vuelve-la-celebracion-del-tradicional-torneo-de-futbol-8-villa-de-caudete-2\\\/#primaryimage\"},\"thumbnailUrl\":\"https:\\\/\\\/www.caudete.org\\\/ayuntamiento\\\/wp-content\\\/uploads\\\/2023\\\/06\\\/Cartel-VIII-Torneo-Futbol-8-Benjamin-QR-port.jpg\",\"articleSection\":[\"Deportes\"],\"inLanguage\":\"es\"},{\"@type\":\"WebPage\",\"@id\":\"https:\\\/\\\/www.caudete.org\\\/ayuntamiento\\\/vuelve-la-celebracion-del-tradicional-torneo-de-futbol-8-villa-de-caudete-2\\\/\",\"url\":\"https:\\\/\\\/www.caudete.org\\\/ayuntamiento\\\/vuelve-la-celebracion-del-tradicional-torneo-de-futbol-8-villa-de-caudete-2\\\/\",\"name\":\"Vuelve la celebraci\u00f3n del tradicional Torneo de F\u00fatbol-8 \u201cVilla de Caudete\\\" - MI Ayuntamiento de Caudete\",\"isPartOf\":{\"@id\":\"https:\\\/\\\/www.caudete.org\\\/ayuntamiento\\\/#website\"},\"primaryImageOfPage\":{\"@id\":\"https:\\\/\\\/www.caudete.org\\\/ayuntamiento\\\/vuelve-la-celebracion-del-tradicional-torneo-de-futbol-8-villa-de-caudete-2\\\/#primaryimage\"},\"image\":{\"@id\":\"https:\\\/\\\/www.caudete.org\\\/ayuntamiento\\\/vuelve-la-celebracion-del-tradicional-torneo-de-futbol-8-villa-de-caudete-2\\\/#primaryimage\"},\"thumbnailUrl\":\"https:\\\/\\\/www.caudete.org\\\/ayuntamiento\\\/wp-content\\\/uploads\\\/2023\\\/06\\\/Cartel-VIII-Torneo-Futbol-8-Benjamin-QR-port.jpg\",\"datePublished\":\"2023-06-02T12:44:13+00:00\",\"author\":{\"@id\":\"https:\\\/\\\/www.caudete.org\\\/ayuntamiento\\\/#\\\/schema\\\/person\\\/79f7e19fdd176fc2bc7a289013dc2056\"},\"description\":\"P\u00e1gina Oficial del Ayuntamiento de Caudete (Albacete)\",\"breadcrumb\":{\"@id\":\"https:\\\/\\\/www.caudete.org\\\/ayuntamiento\\\/vuelve-la-celebracion-del-tradicional-torneo-de-futbol-8-villa-de-caudete-2\\\/#breadcrumb\"},\"inLanguage\":\"es\",\"potentialAction\":[{\"@type\":\"ReadAction\",\"target\":[\"https:\\\/\\\/www.caudete.org\\\/ayuntamiento\\\/vuelve-la-celebracion-del-tradicional-torneo-de-futbol-8-villa-de-caudete-2\\\/\"]}]},{\"@type\":\"ImageObject\",\"inLanguage\":\"es\",\"@id\":\"https:\\\/\\\/www.caudete.org\\\/ayuntamiento\\\/vuelve-la-celebracion-del-tradicional-torneo-de-futbol-8-villa-de-caudete-2\\\/#primaryimage\",\"url\":\"https:\\\/\\\/www.caudete.org\\\/ayuntamiento\\\/wp-content\\\/uploads\\\/2023\\\/06\\\/Cartel-VIII-Torneo-Futbol-8-Benjamin-QR-port.jpg\",\"contentUrl\":\"https:\\\/\\\/www.caudete.org\\\/ayuntamiento\\\/wp-content\\\/uploads\\\/2023\\\/06\\\/Cartel-VIII-Torneo-Futbol-8-Benjamin-QR-port.jpg\",\"width\":1108,\"height\":301},{\"@type\":\"BreadcrumbList\",\"@id\":\"https:\\\/\\\/www.caudete.org\\\/ayuntamiento\\\/vuelve-la-celebracion-del-tradicional-torneo-de-futbol-8-villa-de-caudete-2\\\/#breadcrumb\",\"itemListElement\":[{\"@type\":\"ListItem\",\"position\":1,\"name\":\"Inicio\",\"item\":\"https:\\\/\\\/www.caudete.org\\\/ayuntamiento\\\/\"},{\"@type\":\"ListItem\",\"position\":2,\"name\":\"Vuelve la celebraci\u00f3n del tradicional Torneo de F\u00fatbol-8 \u201cVilla de Caudete&#8221;\"}]},{\"@type\":\"WebSite\",\"@id\":\"https:\\\/\\\/www.caudete.org\\\/ayuntamiento\\\/#website\",\"url\":\"https:\\\/\\\/www.caudete.org\\\/ayuntamiento\\\/\",\"name\":\"MI Ayuntamiento de Caudete\",\"description\":\"P\u00e1gina Oficial del MI Ayuntamiento de Caudete\",\"potentialAction\":[{\"@type\":\"SearchAction\",\"target\":{\"@type\":\"EntryPoint\",\"urlTemplate\":\"https:\\\/\\\/www.caudete.org\\\/ayuntamiento\\\/?s={search_term_string}\"},\"query-input\":{\"@type\":\"PropertyValueSpecification\",\"valueRequired\":true,\"valueName\":\"search_term_string\"}}],\"inLanguage\":\"es\"},{\"@type\":\"Person\",\"@id\":\"https:\\\/\\\/www.caudete.org\\\/ayuntamiento\\\/#\\\/schema\\\/person\\\/79f7e19fdd176fc2bc7a289013dc2056\",\"name\":\"ayun\",\"image\":{\"@type\":\"ImageObject\",\"inLanguage\":\"es\",\"@id\":\"https:\\\/\\\/secure.gravatar.com\\\/avatar\\\/4ce797ee07c943e7e592f8cd648e503e6cd571387558ed07135799c2bd2847df?s=96&d=mm&r=g\",\"url\":\"https:\\\/\\\/secure.gravatar.com\\\/avatar\\\/4ce797ee07c943e7e592f8cd648e503e6cd571387558ed07135799c2bd2847df?s=96&d=mm&r=g\",\"contentUrl\":\"https:\\\/\\\/secure.gravatar.com\\\/avatar\\\/4ce797ee07c943e7e592f8cd648e503e6cd571387558ed07135799c2bd2847df?s=96&d=mm&r=g\",\"caption\":\"ayun\"},\"sameAs\":[\"http:\\\/\\\/www.caudete.org\\\/ayuntamiento\"],\"url\":\"https:\\\/\\\/www.caudete.org\\\/ayuntamiento\\\/author\\\/ayun\\\/\"}]}<\/script>\n<!-- \/ Yoast SEO plugin. -->","yoast_head_json":{"title":"Vuelve la celebraci\u00f3n del tradicional Torneo de F\u00fatbol-8 \u201cVilla de Caudete\" - MI Ayuntamiento de Caudete","description":"P\u00e1gina Oficial del Ayuntamiento de Caudete (Albacete)","robots":{"index":"index","follow":"follow","max-snippet":"max-snippet:-1","max-image-preview":"max-image-preview:large","max-video-preview":"max-video-preview:-1"},"canonical":"https:\/\/www.caudete.org\/ayuntamiento\/vuelve-la-celebracion-del-tradicional-torneo-de-futbol-8-villa-de-caudete-2\/","og_locale":"es_ES","og_type":"article","og_title":"Vuelve la celebraci\u00f3n del tradicional Torneo de F\u00fatbol-8 \u201cVilla de Caudete\" - MI Ayuntamiento de Caudete","og_description":"P\u00e1gina Oficial del Ayuntamiento de Caudete (Albacete)","og_url":"https:\/\/www.caudete.org\/ayuntamiento\/vuelve-la-celebracion-del-tradicional-torneo-de-futbol-8-villa-de-caudete-2\/","og_site_name":"MI Ayuntamiento de Caudete","article_publisher":"https:\/\/www.facebook.com\/ayuntamientocaudete\/","article_published_time":"2023-06-02T12:44:13+00:00","og_image":[{"width":1108,"height":301,"url":"https:\/\/www.caudete.org\/ayuntamiento\/wp-content\/uploads\/2023\/06\/Cartel-VIII-Torneo-Futbol-8-Benjamin-QR-port.jpg","type":"image\/jpeg"}],"author":"ayun","twitter_card":"summary_large_image","twitter_misc":{"Escrito por":"ayun","Tiempo de lectura":"2 minutos"},"schema":{"@context":"https:\/\/schema.org","@graph":[{"@type":"Article","@id":"https:\/\/www.caudete.org\/ayuntamiento\/vuelve-la-celebracion-del-tradicional-torneo-de-futbol-8-villa-de-caudete-2\/#article","isPartOf":{"@id":"https:\/\/www.caudete.org\/ayuntamiento\/vuelve-la-celebracion-del-tradicional-torneo-de-futbol-8-villa-de-caudete-2\/"},"author":{"name":"ayun","@id":"https:\/\/www.caudete.org\/ayuntamiento\/#\/schema\/person\/79f7e19fdd176fc2bc7a289013dc2056"},"headline":"Vuelve la celebraci\u00f3n del tradicional Torneo de F\u00fatbol-8 \u201cVilla de Caudete&#8221;","datePublished":"2023-06-02T12:44:13+00:00","mainEntityOfPage":{"@id":"https:\/\/www.caudete.org\/ayuntamiento\/vuelve-la-celebracion-del-tradicional-torneo-de-futbol-8-villa-de-caudete-2\/"},"wordCount":289,"image":{"@id":"https:\/\/www.caudete.org\/ayuntamiento\/vuelve-la-celebracion-del-tradicional-torneo-de-futbol-8-villa-de-caudete-2\/#primaryimage"},"thumbnailUrl":"https:\/\/www.caudete.org\/ayuntamiento\/wp-content\/uploads\/2023\/06\/Cartel-VIII-Torneo-Futbol-8-Benjamin-QR-port.jpg","articleSection":["Deportes"],"inLanguage":"es"},{"@type":"WebPage","@id":"https:\/\/www.caudete.org\/ayuntamiento\/vuelve-la-celebracion-del-tradicional-torneo-de-futbol-8-villa-de-caudete-2\/","url":"https:\/\/www.caudete.org\/ayuntamiento\/vuelve-la-celebracion-del-tradicional-torneo-de-futbol-8-villa-de-caudete-2\/","name":"Vuelve la celebraci\u00f3n del tradicional Torneo de F\u00fatbol-8 \u201cVilla de Caudete\" - MI Ayuntamiento de Caudete","isPartOf":{"@id":"https:\/\/www.caudete.org\/ayuntamiento\/#website"},"primaryImageOfPage":{"@id":"https:\/\/www.caudete.org\/ayuntamiento\/vuelve-la-celebracion-del-tradicional-torneo-de-futbol-8-villa-de-caudete-2\/#primaryimage"},"image":{"@id":"https:\/\/www.caudete.org\/ayuntamiento\/vuelve-la-celebracion-del-tradicional-torneo-de-futbol-8-villa-de-caudete-2\/#primaryimage"},"thumbnailUrl":"https:\/\/www.caudete.org\/ayuntamiento\/wp-content\/uploads\/2023\/06\/Cartel-VIII-Torneo-Futbol-8-Benjamin-QR-port.jpg","datePublished":"2023-06-02T12:44:13+00:00","author":{"@id":"https:\/\/www.caudete.org\/ayuntamiento\/#\/schema\/person\/79f7e19fdd176fc2bc7a289013dc2056"},"description":"P\u00e1gina Oficial del Ayuntamiento de Caudete (Albacete)","breadcrumb":{"@id":"https:\/\/www.caudete.org\/ayuntamiento\/vuelve-la-celebracion-del-tradicional-torneo-de-futbol-8-villa-de-caudete-2\/#breadcrumb"},"inLanguage":"es","potentialAction":[{"@type":"ReadAction","target":["https:\/\/www.caudete.org\/ayuntamiento\/vuelve-la-celebracion-del-tradicional-torneo-de-futbol-8-villa-de-caudete-2\/"]}]},{"@type":"ImageObject","inLanguage":"es","@id":"https:\/\/www.caudete.org\/ayuntamiento\/vuelve-la-celebracion-del-tradicional-torneo-de-futbol-8-villa-de-caudete-2\/#primaryimage","url":"https:\/\/www.caudete.org\/ayuntamiento\/wp-content\/uploads\/2023\/06\/Cartel-VIII-Torneo-Futbol-8-Benjamin-QR-port.jpg","contentUrl":"https:\/\/www.caudete.org\/ayuntamiento\/wp-content\/uploads\/2023\/06\/Cartel-VIII-Torneo-Futbol-8-Benjamin-QR-port.jpg","width":1108,"height":301},{"@type":"BreadcrumbList","@id":"https:\/\/www.caudete.org\/ayuntamiento\/vuelve-la-celebracion-del-tradicional-torneo-de-futbol-8-villa-de-caudete-2\/#breadcrumb","itemListElement":[{"@type":"ListItem","position":1,"name":"Inicio","item":"https:\/\/www.caudete.org\/ayuntamiento\/"},{"@type":"ListItem","position":2,"name":"Vuelve la celebraci\u00f3n del tradicional Torneo de F\u00fatbol-8 \u201cVilla de Caudete&#8221;"}]},{"@type":"WebSite","@id":"https:\/\/www.caudete.org\/ayuntamiento\/#website","url":"https:\/\/www.caudete.org\/ayuntamiento\/","name":"MI Ayuntamiento de Caudete","description":"P\u00e1gina Oficial del MI Ayuntamiento de Caudete","potentialAction":[{"@type":"SearchAction","target":{"@type":"EntryPoint","urlTemplate":"https:\/\/www.caudete.org\/ayuntamiento\/?s={search_term_string}"},"query-input":{"@type":"PropertyValueSpecification","valueRequired":true,"valueName":"search_term_string"}}],"inLanguage":"es"},{"@type":"Person","@id":"https:\/\/www.caudete.org\/ayuntamiento\/#\/schema\/person\/79f7e19fdd176fc2bc7a289013dc2056","name":"ayun","image":{"@type":"ImageObject","inLanguage":"es","@id":"https:\/\/secure.gravatar.com\/avatar\/4ce797ee07c943e7e592f8cd648e503e6cd571387558ed07135799c2bd2847df?s=96&d=mm&r=g","url":"https:\/\/secure.gravatar.com\/avatar\/4ce797ee07c943e7e592f8cd648e503e6cd571387558ed07135799c2bd2847df?s=96&d=mm&r=g","contentUrl":"https:\/\/secure.gravatar.com\/avatar\/4ce797ee07c943e7e592f8cd648e503e6cd571387558ed07135799c2bd2847df?s=96&d=mm&r=g","caption":"ayun"},"sameAs":["http:\/\/www.caudete.org\/ayuntamiento"],"url":"https:\/\/www.caudete.org\/ayuntamiento\/author\/ayun\/"}]}},"_links":{"self":[{"href":"https:\/\/www.caudete.org\/ayuntamiento\/wp-json\/wp\/v2\/posts\/22349","targetHints":{"allow":["GET"]}}],"collection":[{"href":"https:\/\/www.caudete.org\/ayuntamiento\/wp-json\/wp\/v2\/posts"}],"about":[{"href":"https:\/\/www.caudete.org\/ayuntamiento\/wp-json\/wp\/v2\/types\/post"}],"author":[{"embeddable":true,"href":"https:\/\/www.caudete.org\/ayuntamiento\/wp-json\/wp\/v2\/users\/1"}],"replies":[{"embeddable":true,"href":"https:\/\/www.caudete.org\/ayuntamiento\/wp-json\/wp\/v2\/comments?post=22349"}],"version-history":[{"count":3,"href":"https:\/\/www.caudete.org\/ayuntamiento\/wp-json\/wp\/v2\/posts\/22349\/revisions"}],"predecessor-version":[{"id":22354,"href":"https:\/\/www.caudete.org\/ayuntamiento\/wp-json\/wp\/v2\/posts\/22349\/revisions\/22354"}],"wp:featuredmedia":[{"embeddable":true,"href":"https:\/\/www.caudete.org\/ayuntamiento\/wp-json\/wp\/v2\/media\/22351"}],"wp:attachment":[{"href":"https:\/\/www.caudete.org\/ayuntamiento\/wp-json\/wp\/v2\/media?parent=22349"}],"wp:term":[{"taxonomy":"category","embeddable":true,"href":"https:\/\/www.caudete.org\/ayuntamiento\/wp-json\/wp\/v2\/categories?post=22349"},{"taxonomy":"post_tag","embeddable":true,"href":"https:\/\/www.caudete.org\/ayuntamiento\/wp-json\/wp\/v2\/tags?post=22349"}],"curies":[{"name":"wp","href":"https:\/\/api.w.org\/{rel}","templated":true}]}}