{"id":22373,"date":"2023-06-03T08:56:52","date_gmt":"2023-06-03T06:56:52","guid":{"rendered":"https:\/\/www.caudete.org\/ayuntamiento\/?p=22373"},"modified":"2023-06-02T13:38:06","modified_gmt":"2023-06-02T11:38:06","slug":"proyecto-de-acogimiento-familiar-especializado","status":"publish","type":"post","link":"https:\/\/www.caudete.org\/ayuntamiento\/proyecto-de-acogimiento-familiar-especializado\/","title":{"rendered":"Proyecto de acogimiento familiar especializado"},"content":{"rendered":"<p>El proyecto de Acogimiento de Familias AcogES+ es una iniciativa que tiene como objetivo principal brindar un entorno seguro y estable a ni\u00f1os, ni\u00f1as y adolescentes que se encuentran en situaci\u00f3n de vulnerabilidad o riesgo en su entorno familiar.<br \/>\nEl programa se basa en el acogimiento familiar, que consiste en brindar temporalmente un hogar y cuidado afectivo a estos ni\u00f1os y j\u00f3venes, mientras se trabaja en la b\u00fasqueda de soluciones para su situaci\u00f3n familiar. El objetivo es proporcionarles un entorno familiar c\u00e1lido, estable y de calidad, donde puedan crecer y desarrollarse de manera adecuada.<br \/>\nEl proyecto AcogES+ de Aldeas infantiles SOS, busca promover la participaci\u00f3n activa de las familias acogedoras y fomentar su capacitaci\u00f3n y apoyo constante. Se brindan recursos, formaci\u00f3n y asesoramiento para que las familias puedan desempe\u00f1ar su rol de acogida de manera efectiva, asegurando el bienestar y desarrollo integral de los ni\u00f1os y j\u00f3venes acogidos.<br \/>\nAdem\u00e1s, se establecen mecanismos de seguimiento y supervisi\u00f3n para garantizar el cumplimiento de los derechos de los ni\u00f1os y j\u00f3venes en acogimiento, as\u00ed como para evaluar y mejorar la calidad de los servicios ofrecidos. Se promueve la coordinaci\u00f3n y colaboraci\u00f3n con diferentes instituciones y organizaciones para optimizar los recursos disponibles y lograr un enfoque integral en el proceso de acogida.<br \/>\nEl proyecto AcogES+ se fundamenta en principios de respeto, protecci\u00f3n de derechos y enfoque centrado en el ni\u00f1o. Busca proporcionar una alternativa de cuidado familiar para aquellos ni\u00f1os y j\u00f3venes que no pueden vivir con su familia de origen, ofreciendo un entorno de afecto y estabilidad que favorezca su desarrollo emocional, social y personal.<br \/>\nEn resumen, el proyecto de Acogimiento de Familias AcogES+ es una iniciativa que promueve el acogimiento familiar como una respuesta adecuada y protectora para ni\u00f1os y j\u00f3venes en situaci\u00f3n de vulnerabilidad, buscando garantizar su bienestar y derechos fundamentales mientras se trabaja en la soluci\u00f3n de sus situaciones familiares.<br \/>\nOs animamos a colaborar y pueden contactar en la web www.casaconfamilia.com<\/p>\n<p><a href=\"https:\/\/www.caudete.org\/ayuntamiento\/proyecto-de-acogimiento-familiar-especializado\/casaconfamilia\/\" rel=\"attachment wp-att-22374\"><img fetchpriority=\"high\" decoding=\"async\" class=\"aligncenter size-full wp-image-22374\" src=\"https:\/\/www.caudete.org\/ayuntamiento\/wp-content\/uploads\/2023\/06\/CasaconFamilia.jpg\" rel='prettyPhoto' alt=\"\" width=\"1080\" height=\"1080\" srcset=\"https:\/\/www.caudete.org\/ayuntamiento\/wp-content\/uploads\/2023\/06\/CasaconFamilia.jpg 1080w, https:\/\/www.caudete.org\/ayuntamiento\/wp-content\/uploads\/2023\/06\/CasaconFamilia-300x300.jpg 300w, https:\/\/www.caudete.org\/ayuntamiento\/wp-content\/uploads\/2023\/06\/CasaconFamilia-1024x1024.jpg 1024w, https:\/\/www.caudete.org\/ayuntamiento\/wp-content\/uploads\/2023\/06\/CasaconFamilia-150x150.jpg 150w, https:\/\/www.caudete.org\/ayuntamiento\/wp-content\/uploads\/2023\/06\/CasaconFamilia-768x768.jpg 768w, https:\/\/www.caudete.org\/ayuntamiento\/wp-content\/uploads\/2023\/06\/CasaconFamilia-60x60.jpg 60w\" sizes=\"(max-width: 1080px) 100vw, 1080px\" \/><\/a><\/p>\n","protected":false},"excerpt":{"rendered":"<p>El proyecto de Acogimiento de Familias AcogES+ es una iniciativa que tiene como objetivo principal brindar un entorno seguro y estable a ni\u00f1os, ni\u00f1as y adolescentes que se encuentran en situaci\u00f3n de vulnerabilidad o riesgo en su entorno familiar. El programa se basa en el acogimiento familiar, que consiste en brindar temporalmente un hogar y &hellip;<\/p>\n","protected":false},"author":1,"featured_media":22375,"comment_status":"closed","ping_status":"open","sticky":false,"template":"","format":"standard","meta":{"ngg_post_thumbnail":0,"footnotes":""},"categories":[51],"tags":[],"class_list":["post-22373","post","type-post","status-publish","format-standard","has-post-thumbnail","hentry","category-bienestar-social"],"yoast_head":"<!-- This site is optimized with the Yoast SEO plugin v27.5 - https:\/\/yoast.com\/product\/yoast-seo-wordpress\/ -->\n<title>Proyecto de acogimiento familiar especializado - MI Ayuntamiento de Caudete<\/title>\n<meta name=\"description\" content=\"P\u00e1gina Oficial del Ayuntamiento de Caudete (Albacete)\" \/>\n<meta name=\"robots\" content=\"index, follow, max-snippet:-1, max-image-preview:large, max-video-preview:-1\" \/>\n<link rel=\"canonical\" href=\"https:\/\/www.caudete.org\/ayuntamiento\/proyecto-de-acogimiento-familiar-especializado\/\" \/>\n<meta property=\"og:locale\" content=\"es_ES\" \/>\n<meta property=\"og:type\" content=\"article\" \/>\n<meta property=\"og:title\" content=\"Proyecto de acogimiento familiar especializado - MI Ayuntamiento de Caudete\" \/>\n<meta property=\"og:description\" content=\"P\u00e1gina Oficial del Ayuntamiento de Caudete (Albacete)\" \/>\n<meta property=\"og:url\" content=\"https:\/\/www.caudete.org\/ayuntamiento\/proyecto-de-acogimiento-familiar-especializado\/\" \/>\n<meta property=\"og:site_name\" content=\"MI Ayuntamiento de Caudete\" \/>\n<meta property=\"article:publisher\" content=\"https:\/\/www.facebook.com\/ayuntamientocaudete\/\" \/>\n<meta property=\"article:published_time\" content=\"2023-06-03T06:56:52+00:00\" \/>\n<meta property=\"og:image\" content=\"https:\/\/www.caudete.org\/ayuntamiento\/wp-content\/uploads\/2023\/06\/CasaconFamilia-port.jpg\" \/>\n\t<meta property=\"og:image:width\" content=\"1078\" \/>\n\t<meta property=\"og:image:height\" content=\"565\" \/>\n\t<meta property=\"og:image:type\" content=\"image\/jpeg\" \/>\n<meta name=\"author\" content=\"ayun\" \/>\n<meta name=\"twitter:card\" content=\"summary_large_image\" \/>\n<meta name=\"twitter:label1\" content=\"Escrito por\" \/>\n\t<meta name=\"twitter:data1\" content=\"ayun\" \/>\n\t<meta name=\"twitter:label2\" content=\"Tiempo de lectura\" \/>\n\t<meta name=\"twitter:data2\" content=\"2 minutos\" \/>\n<script type=\"application\/ld+json\" class=\"yoast-schema-graph\">{\"@context\":\"https:\\\/\\\/schema.org\",\"@graph\":[{\"@type\":\"Article\",\"@id\":\"https:\\\/\\\/www.caudete.org\\\/ayuntamiento\\\/proyecto-de-acogimiento-familiar-especializado\\\/#article\",\"isPartOf\":{\"@id\":\"https:\\\/\\\/www.caudete.org\\\/ayuntamiento\\\/proyecto-de-acogimiento-familiar-especializado\\\/\"},\"author\":{\"name\":\"ayun\",\"@id\":\"https:\\\/\\\/www.caudete.org\\\/ayuntamiento\\\/#\\\/schema\\\/person\\\/79f7e19fdd176fc2bc7a289013dc2056\"},\"headline\":\"Proyecto de acogimiento familiar especializado\",\"datePublished\":\"2023-06-03T06:56:52+00:00\",\"mainEntityOfPage\":{\"@id\":\"https:\\\/\\\/www.caudete.org\\\/ayuntamiento\\\/proyecto-de-acogimiento-familiar-especializado\\\/\"},\"wordCount\":356,\"image\":{\"@id\":\"https:\\\/\\\/www.caudete.org\\\/ayuntamiento\\\/proyecto-de-acogimiento-familiar-especializado\\\/#primaryimage\"},\"thumbnailUrl\":\"https:\\\/\\\/www.caudete.org\\\/ayuntamiento\\\/wp-content\\\/uploads\\\/2023\\\/06\\\/CasaconFamilia-port.jpg\",\"articleSection\":[\"Bienestar Social\"],\"inLanguage\":\"es\"},{\"@type\":\"WebPage\",\"@id\":\"https:\\\/\\\/www.caudete.org\\\/ayuntamiento\\\/proyecto-de-acogimiento-familiar-especializado\\\/\",\"url\":\"https:\\\/\\\/www.caudete.org\\\/ayuntamiento\\\/proyecto-de-acogimiento-familiar-especializado\\\/\",\"name\":\"Proyecto de acogimiento familiar especializado - MI Ayuntamiento de Caudete\",\"isPartOf\":{\"@id\":\"https:\\\/\\\/www.caudete.org\\\/ayuntamiento\\\/#website\"},\"primaryImageOfPage\":{\"@id\":\"https:\\\/\\\/www.caudete.org\\\/ayuntamiento\\\/proyecto-de-acogimiento-familiar-especializado\\\/#primaryimage\"},\"image\":{\"@id\":\"https:\\\/\\\/www.caudete.org\\\/ayuntamiento\\\/proyecto-de-acogimiento-familiar-especializado\\\/#primaryimage\"},\"thumbnailUrl\":\"https:\\\/\\\/www.caudete.org\\\/ayuntamiento\\\/wp-content\\\/uploads\\\/2023\\\/06\\\/CasaconFamilia-port.jpg\",\"datePublished\":\"2023-06-03T06:56:52+00:00\",\"author\":{\"@id\":\"https:\\\/\\\/www.caudete.org\\\/ayuntamiento\\\/#\\\/schema\\\/person\\\/79f7e19fdd176fc2bc7a289013dc2056\"},\"description\":\"P\u00e1gina Oficial del Ayuntamiento de Caudete (Albacete)\",\"breadcrumb\":{\"@id\":\"https:\\\/\\\/www.caudete.org\\\/ayuntamiento\\\/proyecto-de-acogimiento-familiar-especializado\\\/#breadcrumb\"},\"inLanguage\":\"es\",\"potentialAction\":[{\"@type\":\"ReadAction\",\"target\":[\"https:\\\/\\\/www.caudete.org\\\/ayuntamiento\\\/proyecto-de-acogimiento-familiar-especializado\\\/\"]}]},{\"@type\":\"ImageObject\",\"inLanguage\":\"es\",\"@id\":\"https:\\\/\\\/www.caudete.org\\\/ayuntamiento\\\/proyecto-de-acogimiento-familiar-especializado\\\/#primaryimage\",\"url\":\"https:\\\/\\\/www.caudete.org\\\/ayuntamiento\\\/wp-content\\\/uploads\\\/2023\\\/06\\\/CasaconFamilia-port.jpg\",\"contentUrl\":\"https:\\\/\\\/www.caudete.org\\\/ayuntamiento\\\/wp-content\\\/uploads\\\/2023\\\/06\\\/CasaconFamilia-port.jpg\",\"width\":1078,\"height\":565},{\"@type\":\"BreadcrumbList\",\"@id\":\"https:\\\/\\\/www.caudete.org\\\/ayuntamiento\\\/proyecto-de-acogimiento-familiar-especializado\\\/#breadcrumb\",\"itemListElement\":[{\"@type\":\"ListItem\",\"position\":1,\"name\":\"Inicio\",\"item\":\"https:\\\/\\\/www.caudete.org\\\/ayuntamiento\\\/\"},{\"@type\":\"ListItem\",\"position\":2,\"name\":\"Proyecto de acogimiento familiar especializado\"}]},{\"@type\":\"WebSite\",\"@id\":\"https:\\\/\\\/www.caudete.org\\\/ayuntamiento\\\/#website\",\"url\":\"https:\\\/\\\/www.caudete.org\\\/ayuntamiento\\\/\",\"name\":\"MI Ayuntamiento de Caudete\",\"description\":\"P\u00e1gina Oficial del MI Ayuntamiento de Caudete\",\"potentialAction\":[{\"@type\":\"SearchAction\",\"target\":{\"@type\":\"EntryPoint\",\"urlTemplate\":\"https:\\\/\\\/www.caudete.org\\\/ayuntamiento\\\/?s={search_term_string}\"},\"query-input\":{\"@type\":\"PropertyValueSpecification\",\"valueRequired\":true,\"valueName\":\"search_term_string\"}}],\"inLanguage\":\"es\"},{\"@type\":\"Person\",\"@id\":\"https:\\\/\\\/www.caudete.org\\\/ayuntamiento\\\/#\\\/schema\\\/person\\\/79f7e19fdd176fc2bc7a289013dc2056\",\"name\":\"ayun\",\"image\":{\"@type\":\"ImageObject\",\"inLanguage\":\"es\",\"@id\":\"https:\\\/\\\/secure.gravatar.com\\\/avatar\\\/4ce797ee07c943e7e592f8cd648e503e6cd571387558ed07135799c2bd2847df?s=96&d=mm&r=g\",\"url\":\"https:\\\/\\\/secure.gravatar.com\\\/avatar\\\/4ce797ee07c943e7e592f8cd648e503e6cd571387558ed07135799c2bd2847df?s=96&d=mm&r=g\",\"contentUrl\":\"https:\\\/\\\/secure.gravatar.com\\\/avatar\\\/4ce797ee07c943e7e592f8cd648e503e6cd571387558ed07135799c2bd2847df?s=96&d=mm&r=g\",\"caption\":\"ayun\"},\"sameAs\":[\"http:\\\/\\\/www.caudete.org\\\/ayuntamiento\"],\"url\":\"https:\\\/\\\/www.caudete.org\\\/ayuntamiento\\\/author\\\/ayun\\\/\"}]}<\/script>\n<!-- \/ Yoast SEO plugin. -->","yoast_head_json":{"title":"Proyecto de acogimiento familiar especializado - MI Ayuntamiento de Caudete","description":"P\u00e1gina Oficial del Ayuntamiento de Caudete (Albacete)","robots":{"index":"index","follow":"follow","max-snippet":"max-snippet:-1","max-image-preview":"max-image-preview:large","max-video-preview":"max-video-preview:-1"},"canonical":"https:\/\/www.caudete.org\/ayuntamiento\/proyecto-de-acogimiento-familiar-especializado\/","og_locale":"es_ES","og_type":"article","og_title":"Proyecto de acogimiento familiar especializado - MI Ayuntamiento de Caudete","og_description":"P\u00e1gina Oficial del Ayuntamiento de Caudete (Albacete)","og_url":"https:\/\/www.caudete.org\/ayuntamiento\/proyecto-de-acogimiento-familiar-especializado\/","og_site_name":"MI Ayuntamiento de Caudete","article_publisher":"https:\/\/www.facebook.com\/ayuntamientocaudete\/","article_published_time":"2023-06-03T06:56:52+00:00","og_image":[{"width":1078,"height":565,"url":"https:\/\/www.caudete.org\/ayuntamiento\/wp-content\/uploads\/2023\/06\/CasaconFamilia-port.jpg","type":"image\/jpeg"}],"author":"ayun","twitter_card":"summary_large_image","twitter_misc":{"Escrito por":"ayun","Tiempo de lectura":"2 minutos"},"schema":{"@context":"https:\/\/schema.org","@graph":[{"@type":"Article","@id":"https:\/\/www.caudete.org\/ayuntamiento\/proyecto-de-acogimiento-familiar-especializado\/#article","isPartOf":{"@id":"https:\/\/www.caudete.org\/ayuntamiento\/proyecto-de-acogimiento-familiar-especializado\/"},"author":{"name":"ayun","@id":"https:\/\/www.caudete.org\/ayuntamiento\/#\/schema\/person\/79f7e19fdd176fc2bc7a289013dc2056"},"headline":"Proyecto de acogimiento familiar especializado","datePublished":"2023-06-03T06:56:52+00:00","mainEntityOfPage":{"@id":"https:\/\/www.caudete.org\/ayuntamiento\/proyecto-de-acogimiento-familiar-especializado\/"},"wordCount":356,"image":{"@id":"https:\/\/www.caudete.org\/ayuntamiento\/proyecto-de-acogimiento-familiar-especializado\/#primaryimage"},"thumbnailUrl":"https:\/\/www.caudete.org\/ayuntamiento\/wp-content\/uploads\/2023\/06\/CasaconFamilia-port.jpg","articleSection":["Bienestar Social"],"inLanguage":"es"},{"@type":"WebPage","@id":"https:\/\/www.caudete.org\/ayuntamiento\/proyecto-de-acogimiento-familiar-especializado\/","url":"https:\/\/www.caudete.org\/ayuntamiento\/proyecto-de-acogimiento-familiar-especializado\/","name":"Proyecto de acogimiento familiar especializado - MI Ayuntamiento de Caudete","isPartOf":{"@id":"https:\/\/www.caudete.org\/ayuntamiento\/#website"},"primaryImageOfPage":{"@id":"https:\/\/www.caudete.org\/ayuntamiento\/proyecto-de-acogimiento-familiar-especializado\/#primaryimage"},"image":{"@id":"https:\/\/www.caudete.org\/ayuntamiento\/proyecto-de-acogimiento-familiar-especializado\/#primaryimage"},"thumbnailUrl":"https:\/\/www.caudete.org\/ayuntamiento\/wp-content\/uploads\/2023\/06\/CasaconFamilia-port.jpg","datePublished":"2023-06-03T06:56:52+00:00","author":{"@id":"https:\/\/www.caudete.org\/ayuntamiento\/#\/schema\/person\/79f7e19fdd176fc2bc7a289013dc2056"},"description":"P\u00e1gina Oficial del Ayuntamiento de Caudete (Albacete)","breadcrumb":{"@id":"https:\/\/www.caudete.org\/ayuntamiento\/proyecto-de-acogimiento-familiar-especializado\/#breadcrumb"},"inLanguage":"es","potentialAction":[{"@type":"ReadAction","target":["https:\/\/www.caudete.org\/ayuntamiento\/proyecto-de-acogimiento-familiar-especializado\/"]}]},{"@type":"ImageObject","inLanguage":"es","@id":"https:\/\/www.caudete.org\/ayuntamiento\/proyecto-de-acogimiento-familiar-especializado\/#primaryimage","url":"https:\/\/www.caudete.org\/ayuntamiento\/wp-content\/uploads\/2023\/06\/CasaconFamilia-port.jpg","contentUrl":"https:\/\/www.caudete.org\/ayuntamiento\/wp-content\/uploads\/2023\/06\/CasaconFamilia-port.jpg","width":1078,"height":565},{"@type":"BreadcrumbList","@id":"https:\/\/www.caudete.org\/ayuntamiento\/proyecto-de-acogimiento-familiar-especializado\/#breadcrumb","itemListElement":[{"@type":"ListItem","position":1,"name":"Inicio","item":"https:\/\/www.caudete.org\/ayuntamiento\/"},{"@type":"ListItem","position":2,"name":"Proyecto de acogimiento familiar especializado"}]},{"@type":"WebSite","@id":"https:\/\/www.caudete.org\/ayuntamiento\/#website","url":"https:\/\/www.caudete.org\/ayuntamiento\/","name":"MI Ayuntamiento de Caudete","description":"P\u00e1gina Oficial del MI Ayuntamiento de Caudete","potentialAction":[{"@type":"SearchAction","target":{"@type":"EntryPoint","urlTemplate":"https:\/\/www.caudete.org\/ayuntamiento\/?s={search_term_string}"},"query-input":{"@type":"PropertyValueSpecification","valueRequired":true,"valueName":"search_term_string"}}],"inLanguage":"es"},{"@type":"Person","@id":"https:\/\/www.caudete.org\/ayuntamiento\/#\/schema\/person\/79f7e19fdd176fc2bc7a289013dc2056","name":"ayun","image":{"@type":"ImageObject","inLanguage":"es","@id":"https:\/\/secure.gravatar.com\/avatar\/4ce797ee07c943e7e592f8cd648e503e6cd571387558ed07135799c2bd2847df?s=96&d=mm&r=g","url":"https:\/\/secure.gravatar.com\/avatar\/4ce797ee07c943e7e592f8cd648e503e6cd571387558ed07135799c2bd2847df?s=96&d=mm&r=g","contentUrl":"https:\/\/secure.gravatar.com\/avatar\/4ce797ee07c943e7e592f8cd648e503e6cd571387558ed07135799c2bd2847df?s=96&d=mm&r=g","caption":"ayun"},"sameAs":["http:\/\/www.caudete.org\/ayuntamiento"],"url":"https:\/\/www.caudete.org\/ayuntamiento\/author\/ayun\/"}]}},"_links":{"self":[{"href":"https:\/\/www.caudete.org\/ayuntamiento\/wp-json\/wp\/v2\/posts\/22373","targetHints":{"allow":["GET"]}}],"collection":[{"href":"https:\/\/www.caudete.org\/ayuntamiento\/wp-json\/wp\/v2\/posts"}],"about":[{"href":"https:\/\/www.caudete.org\/ayuntamiento\/wp-json\/wp\/v2\/types\/post"}],"author":[{"embeddable":true,"href":"https:\/\/www.caudete.org\/ayuntamiento\/wp-json\/wp\/v2\/users\/1"}],"replies":[{"embeddable":true,"href":"https:\/\/www.caudete.org\/ayuntamiento\/wp-json\/wp\/v2\/comments?post=22373"}],"version-history":[{"count":2,"href":"https:\/\/www.caudete.org\/ayuntamiento\/wp-json\/wp\/v2\/posts\/22373\/revisions"}],"predecessor-version":[{"id":22377,"href":"https:\/\/www.caudete.org\/ayuntamiento\/wp-json\/wp\/v2\/posts\/22373\/revisions\/22377"}],"wp:featuredmedia":[{"embeddable":true,"href":"https:\/\/www.caudete.org\/ayuntamiento\/wp-json\/wp\/v2\/media\/22375"}],"wp:attachment":[{"href":"https:\/\/www.caudete.org\/ayuntamiento\/wp-json\/wp\/v2\/media?parent=22373"}],"wp:term":[{"taxonomy":"category","embeddable":true,"href":"https:\/\/www.caudete.org\/ayuntamiento\/wp-json\/wp\/v2\/categories?post=22373"},{"taxonomy":"post_tag","embeddable":true,"href":"https:\/\/www.caudete.org\/ayuntamiento\/wp-json\/wp\/v2\/tags?post=22373"}],"curies":[{"name":"wp","href":"https:\/\/api.w.org\/{rel}","templated":true}]}}