{"id":22392,"date":"2023-06-03T09:41:56","date_gmt":"2023-06-03T07:41:56","guid":{"rendered":"https:\/\/www.caudete.org\/ayuntamiento\/?p=22392"},"modified":"2023-06-02T13:47:04","modified_gmt":"2023-06-02T11:47:04","slug":"la-concejalia-de-cultura-del-m-i-ayuntamiento-de-caudete-nos-presenta-para-este-mes-de-junio-los-lunes-al-cine","status":"publish","type":"post","link":"https:\/\/www.caudete.org\/ayuntamiento\/la-concejalia-de-cultura-del-m-i-ayuntamiento-de-caudete-nos-presenta-para-este-mes-de-junio-los-lunes-al-cine\/","title":{"rendered":"La Concejal\u00eda de Cultura del M.I. Ayuntamiento de Caudete nos presenta para este mes de junio \u201cLos Lunes al cine\u201d"},"content":{"rendered":"<p>Un proyecto impulsado por la Fundaci\u00f3n Abycine-AB \u201cTerritorio AB\u201d para acercar la cultura cinematogr\u00e1fica a la provincia de Albacete con el apoyo de la Diputaci\u00f3n de Albacete, Junta de Comunidades y la Fundaci\u00f3n Globalcaja . Concretamente en Caudete se proyectar\u00e1n 3 pel\u00edculas los lunes 5 , 12 y 26 de junio a las 21:30 h en el Auditorio Municipal.<\/p>\n<p>El lunes 5 de Junio tendremos la pel\u00edcula <strong>\u201cAs Bestas\u201d<\/strong>. Basada en una incre\u00edble historia real, una de las tantas razones por las que se convirti\u00f3 en una de las mejores pel\u00edculas de 2022. La pel\u00edcula lleg\u00f3 a las salas de cine espa\u00f1olas con una recorrido envidiable: tras maravillar en el Festival de San Sebasti\u00e1n y en el Festival de Sitges, se fue convirtiendo r\u00e1pidamente en una de las pel\u00edculas de la temporada, un nuevo triunfo para el t\u00e1ndem Sorogoyen e Isabel Pe\u00f1a, y tambi\u00e9n en una firme candidata a entrar en el ranking de las mejores pel\u00edculas espa\u00f1olas de la historia. Y no nos olvidemos que &#8216;As bestas&#8217; es el Premio Goya 2023 a Mejor Pel\u00edcula.<br \/>\n2022: 9 Premios Goya, incluyendo Mejor pel\u00edcula, direcci\u00f3n, guion y actor<br \/>\n2022: Premios C\u00e9sar: Mejor pel\u00edcula extranjera<br \/>\n2022: Festival de San Sebasti\u00e1n: Premio del P\u00fablico &#8211; Mejor film europeo<br \/>\n2022: Festival de Tokio: Mejor pel\u00edcula, director y actor (Menochet)<br \/>\n2022: Premios Feroz: Mejor pel\u00edcula drama, actor de reparto (Zahera) y m\u00fasica<br \/>\n2023: Premios Platino: 4 premios, incluyendo Mejor direcci\u00f3n. 6 nominaciones<\/p>\n<p>Para el lunes 12 de junio se proyectar\u00e1 <strong>\u201cCinco Lobitos\u201d<\/strong>. Desde la exquisita discreci\u00f3n y el tacto absoluto, &#8216;Cinco lobitos&#8217; habla de madres con coraje, madres afectuosas, madres a las que les cuesta explicitar sus sentimientos, madres que encuentran sus herramientas para ejercer como tales y madres que est\u00e1n dejando aparcadas estas herramientas. Que la historia no resulte t\u00edpica o ya vista es m\u00e9rito de la directora y tambi\u00e9n de sus dos protagonistas femeninas: cada l\u00e1grima, mirada y movimiento del cuerpo de Laia Costa y Susi S\u00e1nchez est\u00e1n cuidadosamente controlados por dos excelentes actrices que lo cuentan todo desde la sobriedad.<br \/>\n2022: Premios Goya: Mejor actriz (Costa), actriz sec. (S\u00e1nchez) y direcci\u00f3n novel<br \/>\n2022: Premios Feroz: Mejor guion, actriz (Costa) y actriz sec. (Susi S\u00e1nchez)<br \/>\n2022: Festival de M\u00e1laga: 5 premios, incluyendo Mejor pel\u00edcula y guion<br \/>\n2022: Premios Gaud\u00ed: Mejor pel\u00edcula europea<br \/>\n2022: Premios Forqu\u00e9: 2 premios, incl. Mejor actriz (Laia Costa). 4 nominaciones<br \/>\n2023: Premios Platino: Mejor actriz (Costa) y actriz sec. (S\u00e1nchez). 6 nominacione<\/p>\n<p>Termina este programa de los \u201cLunes al cine\u201d con la pel\u00edcula <strong>\u201c20.000 especies de abejas\u201d<\/strong> el Lunes 26 de mayo.<br \/>\n&#8216;20.000 especies de abejas&#8217; retrata los pesos que caen sobre Coc\u00f3, de ocho a\u00f1os, a quien todos a su alrededor insisten en llamar Aitor aunque no se reconozca, ni en ese nombre ni en la mirada de los dem\u00e1s. Su madre (Patricia L\u00f3pez Arnaiz), una mujer en plena crisis, aprovechar\u00e1 las vacaciones para viajar con sus tres hijos al pueblo, donde residen su madre y su t\u00eda (Ane Gabarain y Itziar Lazkano), trabajadoras de la cera. All\u00ed, Coc\u00f3 y las mujeres deber\u00e1n enfrentarse a sus demonios y, sobre todo, podr\u00e1n (por fin) sincerarse consigo mismas.<br \/>\nLa pel\u00edcula &#8216;20.000 especies de abejas&#8217;, dirigida por Estibaliz Urresola, ha sido elegida como ganadora Premio Feroz Puerta Oscura a la mejor pel\u00edcula en competici\u00f3n en la secci\u00f3n oficial del Festival de M\u00e1laga 2023.<\/p>\n<p><a href=\"https:\/\/www.caudete.org\/ayuntamiento\/?attachment_id=22393\" rel=\"attachment wp-att-22393\"><img fetchpriority=\"high\" decoding=\"async\" class=\"aligncenter size-full wp-image-22393\" src=\"https:\/\/www.caudete.org\/ayuntamiento\/wp-content\/uploads\/2023\/06\/Cartel-Los-Lunes-al-Cine.jpg\" rel='prettyPhoto' alt=\"\" width=\"600\" height=\"849\" srcset=\"https:\/\/www.caudete.org\/ayuntamiento\/wp-content\/uploads\/2023\/06\/Cartel-Los-Lunes-al-Cine.jpg 600w, https:\/\/www.caudete.org\/ayuntamiento\/wp-content\/uploads\/2023\/06\/Cartel-Los-Lunes-al-Cine-212x300.jpg 212w\" sizes=\"(max-width: 600px) 100vw, 600px\" \/><\/a><\/p>\n","protected":false},"excerpt":{"rendered":"<p>Un proyecto impulsado por la Fundaci\u00f3n Abycine-AB \u201cTerritorio AB\u201d para acercar la cultura cinematogr\u00e1fica a la provincia de Albacete con el apoyo de la Diputaci\u00f3n de Albacete, Junta de Comunidades y la Fundaci\u00f3n Globalcaja . Concretamente en Caudete se proyectar\u00e1n 3 pel\u00edculas los lunes 5 , 12 y 26 de junio a las 21:30 h &hellip;<\/p>\n","protected":false},"author":1,"featured_media":22394,"comment_status":"closed","ping_status":"open","sticky":false,"template":"","format":"standard","meta":{"ngg_post_thumbnail":0,"footnotes":""},"categories":[14],"tags":[],"class_list":["post-22392","post","type-post","status-publish","format-standard","has-post-thumbnail","hentry","category-cultura"],"yoast_head":"<!-- This site is optimized with the Yoast SEO plugin v27.4 - https:\/\/yoast.com\/product\/yoast-seo-wordpress\/ -->\n<title>La Concejal\u00eda de Cultura del M.I. Ayuntamiento de Caudete nos presenta para este mes de junio \u201cLos Lunes al cine\u201d - MI Ayuntamiento de Caudete<\/title>\n<meta name=\"description\" content=\"P\u00e1gina Oficial del Ayuntamiento de Caudete (Albacete)\" \/>\n<meta name=\"robots\" content=\"index, follow, max-snippet:-1, max-image-preview:large, max-video-preview:-1\" \/>\n<link rel=\"canonical\" href=\"https:\/\/www.caudete.org\/ayuntamiento\/la-concejalia-de-cultura-del-m-i-ayuntamiento-de-caudete-nos-presenta-para-este-mes-de-junio-los-lunes-al-cine\/\" \/>\n<meta property=\"og:locale\" content=\"es_ES\" \/>\n<meta property=\"og:type\" content=\"article\" \/>\n<meta property=\"og:title\" content=\"La Concejal\u00eda de Cultura del M.I. Ayuntamiento de Caudete nos presenta para este mes de junio \u201cLos Lunes al cine\u201d - MI Ayuntamiento de Caudete\" \/>\n<meta property=\"og:description\" content=\"P\u00e1gina Oficial del Ayuntamiento de Caudete (Albacete)\" \/>\n<meta property=\"og:url\" content=\"https:\/\/www.caudete.org\/ayuntamiento\/la-concejalia-de-cultura-del-m-i-ayuntamiento-de-caudete-nos-presenta-para-este-mes-de-junio-los-lunes-al-cine\/\" \/>\n<meta property=\"og:site_name\" content=\"MI Ayuntamiento de Caudete\" \/>\n<meta property=\"article:publisher\" content=\"https:\/\/www.facebook.com\/ayuntamientocaudete\/\" \/>\n<meta property=\"article:published_time\" content=\"2023-06-03T07:41:56+00:00\" \/>\n<meta property=\"og:image\" content=\"https:\/\/www.caudete.org\/ayuntamiento\/wp-content\/uploads\/2023\/06\/Cartel-Los-Lunes-al-Cine-port.jpg\" \/>\n\t<meta property=\"og:image:width\" content=\"600\" \/>\n\t<meta property=\"og:image:height\" content=\"339\" \/>\n\t<meta property=\"og:image:type\" content=\"image\/jpeg\" \/>\n<meta name=\"author\" content=\"ayun\" \/>\n<meta name=\"twitter:card\" content=\"summary_large_image\" \/>\n<meta name=\"twitter:label1\" content=\"Escrito por\" \/>\n\t<meta name=\"twitter:data1\" content=\"ayun\" \/>\n\t<meta name=\"twitter:label2\" content=\"Tiempo de lectura\" \/>\n\t<meta name=\"twitter:data2\" content=\"3 minutos\" \/>\n<script type=\"application\/ld+json\" class=\"yoast-schema-graph\">{\"@context\":\"https:\\\/\\\/schema.org\",\"@graph\":[{\"@type\":\"Article\",\"@id\":\"https:\\\/\\\/www.caudete.org\\\/ayuntamiento\\\/la-concejalia-de-cultura-del-m-i-ayuntamiento-de-caudete-nos-presenta-para-este-mes-de-junio-los-lunes-al-cine\\\/#article\",\"isPartOf\":{\"@id\":\"https:\\\/\\\/www.caudete.org\\\/ayuntamiento\\\/la-concejalia-de-cultura-del-m-i-ayuntamiento-de-caudete-nos-presenta-para-este-mes-de-junio-los-lunes-al-cine\\\/\"},\"author\":{\"name\":\"ayun\",\"@id\":\"https:\\\/\\\/www.caudete.org\\\/ayuntamiento\\\/#\\\/schema\\\/person\\\/79f7e19fdd176fc2bc7a289013dc2056\"},\"headline\":\"La Concejal\u00eda de Cultura del M.I. Ayuntamiento de Caudete nos presenta para este mes de junio \u201cLos Lunes al cine\u201d\",\"datePublished\":\"2023-06-03T07:41:56+00:00\",\"mainEntityOfPage\":{\"@id\":\"https:\\\/\\\/www.caudete.org\\\/ayuntamiento\\\/la-concejalia-de-cultura-del-m-i-ayuntamiento-de-caudete-nos-presenta-para-este-mes-de-junio-los-lunes-al-cine\\\/\"},\"wordCount\":596,\"publisher\":{\"@id\":\"https:\\\/\\\/www.caudete.org\\\/ayuntamiento\\\/#organization\"},\"image\":{\"@id\":\"https:\\\/\\\/www.caudete.org\\\/ayuntamiento\\\/la-concejalia-de-cultura-del-m-i-ayuntamiento-de-caudete-nos-presenta-para-este-mes-de-junio-los-lunes-al-cine\\\/#primaryimage\"},\"thumbnailUrl\":\"https:\\\/\\\/www.caudete.org\\\/ayuntamiento\\\/wp-content\\\/uploads\\\/2023\\\/06\\\/Cartel-Los-Lunes-al-Cine-port.jpg\",\"articleSection\":[\"Cultura\"],\"inLanguage\":\"es\"},{\"@type\":\"WebPage\",\"@id\":\"https:\\\/\\\/www.caudete.org\\\/ayuntamiento\\\/la-concejalia-de-cultura-del-m-i-ayuntamiento-de-caudete-nos-presenta-para-este-mes-de-junio-los-lunes-al-cine\\\/\",\"url\":\"https:\\\/\\\/www.caudete.org\\\/ayuntamiento\\\/la-concejalia-de-cultura-del-m-i-ayuntamiento-de-caudete-nos-presenta-para-este-mes-de-junio-los-lunes-al-cine\\\/\",\"name\":\"La Concejal\u00eda de Cultura del M.I. Ayuntamiento de Caudete nos presenta para este mes de junio \u201cLos Lunes al cine\u201d - MI Ayuntamiento de Caudete\",\"isPartOf\":{\"@id\":\"https:\\\/\\\/www.caudete.org\\\/ayuntamiento\\\/#website\"},\"primaryImageOfPage\":{\"@id\":\"https:\\\/\\\/www.caudete.org\\\/ayuntamiento\\\/la-concejalia-de-cultura-del-m-i-ayuntamiento-de-caudete-nos-presenta-para-este-mes-de-junio-los-lunes-al-cine\\\/#primaryimage\"},\"image\":{\"@id\":\"https:\\\/\\\/www.caudete.org\\\/ayuntamiento\\\/la-concejalia-de-cultura-del-m-i-ayuntamiento-de-caudete-nos-presenta-para-este-mes-de-junio-los-lunes-al-cine\\\/#primaryimage\"},\"thumbnailUrl\":\"https:\\\/\\\/www.caudete.org\\\/ayuntamiento\\\/wp-content\\\/uploads\\\/2023\\\/06\\\/Cartel-Los-Lunes-al-Cine-port.jpg\",\"datePublished\":\"2023-06-03T07:41:56+00:00\",\"description\":\"P\u00e1gina Oficial del Ayuntamiento de Caudete (Albacete)\",\"breadcrumb\":{\"@id\":\"https:\\\/\\\/www.caudete.org\\\/ayuntamiento\\\/la-concejalia-de-cultura-del-m-i-ayuntamiento-de-caudete-nos-presenta-para-este-mes-de-junio-los-lunes-al-cine\\\/#breadcrumb\"},\"inLanguage\":\"es\",\"potentialAction\":[{\"@type\":\"ReadAction\",\"target\":[\"https:\\\/\\\/www.caudete.org\\\/ayuntamiento\\\/la-concejalia-de-cultura-del-m-i-ayuntamiento-de-caudete-nos-presenta-para-este-mes-de-junio-los-lunes-al-cine\\\/\"]}]},{\"@type\":\"ImageObject\",\"inLanguage\":\"es\",\"@id\":\"https:\\\/\\\/www.caudete.org\\\/ayuntamiento\\\/la-concejalia-de-cultura-del-m-i-ayuntamiento-de-caudete-nos-presenta-para-este-mes-de-junio-los-lunes-al-cine\\\/#primaryimage\",\"url\":\"https:\\\/\\\/www.caudete.org\\\/ayuntamiento\\\/wp-content\\\/uploads\\\/2023\\\/06\\\/Cartel-Los-Lunes-al-Cine-port.jpg\",\"contentUrl\":\"https:\\\/\\\/www.caudete.org\\\/ayuntamiento\\\/wp-content\\\/uploads\\\/2023\\\/06\\\/Cartel-Los-Lunes-al-Cine-port.jpg\",\"width\":600,\"height\":339},{\"@type\":\"BreadcrumbList\",\"@id\":\"https:\\\/\\\/www.caudete.org\\\/ayuntamiento\\\/la-concejalia-de-cultura-del-m-i-ayuntamiento-de-caudete-nos-presenta-para-este-mes-de-junio-los-lunes-al-cine\\\/#breadcrumb\",\"itemListElement\":[{\"@type\":\"ListItem\",\"position\":1,\"name\":\"Inicio\",\"item\":\"https:\\\/\\\/www.caudete.org\\\/ayuntamiento\\\/\"},{\"@type\":\"ListItem\",\"position\":2,\"name\":\"La Concejal\u00eda de Cultura del M.I. Ayuntamiento de Caudete nos presenta para este mes de junio \u201cLos Lunes al cine\u201d\"}]},{\"@type\":\"WebSite\",\"@id\":\"https:\\\/\\\/www.caudete.org\\\/ayuntamiento\\\/#website\",\"url\":\"https:\\\/\\\/www.caudete.org\\\/ayuntamiento\\\/\",\"name\":\"MI Ayuntamiento de Caudete\",\"description\":\"P\u00e1gina Oficial del MI Ayuntamiento de Caudete\",\"publisher\":{\"@id\":\"https:\\\/\\\/www.caudete.org\\\/ayuntamiento\\\/#organization\"},\"potentialAction\":[{\"@type\":\"SearchAction\",\"target\":{\"@type\":\"EntryPoint\",\"urlTemplate\":\"https:\\\/\\\/www.caudete.org\\\/ayuntamiento\\\/?s={search_term_string}\"},\"query-input\":{\"@type\":\"PropertyValueSpecification\",\"valueRequired\":true,\"valueName\":\"search_term_string\"}}],\"inLanguage\":\"es\"},{\"@type\":\"Organization\",\"@id\":\"https:\\\/\\\/www.caudete.org\\\/ayuntamiento\\\/#organization\",\"name\":\"Ayuntamiento de Caudete\",\"url\":\"https:\\\/\\\/www.caudete.org\\\/ayuntamiento\\\/\",\"logo\":{\"@type\":\"ImageObject\",\"inLanguage\":\"es\",\"@id\":\"https:\\\/\\\/www.caudete.org\\\/ayuntamiento\\\/#\\\/schema\\\/logo\\\/image\\\/\",\"url\":\"https:\\\/\\\/www.caudete.org\\\/ayuntamiento\\\/wp-content\\\/uploads\\\/2020\\\/11\\\/logo_ayuntamiento_caudete.jpg\",\"contentUrl\":\"https:\\\/\\\/www.caudete.org\\\/ayuntamiento\\\/wp-content\\\/uploads\\\/2020\\\/11\\\/logo_ayuntamiento_caudete.jpg\",\"width\":600,\"height\":150,\"caption\":\"Ayuntamiento de Caudete\"},\"image\":{\"@id\":\"https:\\\/\\\/www.caudete.org\\\/ayuntamiento\\\/#\\\/schema\\\/logo\\\/image\\\/\"},\"sameAs\":[\"https:\\\/\\\/www.facebook.com\\\/ayuntamientocaudete\\\/\",\"https:\\\/\\\/www.youtube.com\\\/channel\\\/UC6VztHaooNsGpw-tNoBEFnQ\"]},{\"@type\":\"Person\",\"@id\":\"https:\\\/\\\/www.caudete.org\\\/ayuntamiento\\\/#\\\/schema\\\/person\\\/79f7e19fdd176fc2bc7a289013dc2056\",\"name\":\"ayun\",\"image\":{\"@type\":\"ImageObject\",\"inLanguage\":\"es\",\"@id\":\"https:\\\/\\\/secure.gravatar.com\\\/avatar\\\/4ce797ee07c943e7e592f8cd648e503e6cd571387558ed07135799c2bd2847df?s=96&d=mm&r=g\",\"url\":\"https:\\\/\\\/secure.gravatar.com\\\/avatar\\\/4ce797ee07c943e7e592f8cd648e503e6cd571387558ed07135799c2bd2847df?s=96&d=mm&r=g\",\"contentUrl\":\"https:\\\/\\\/secure.gravatar.com\\\/avatar\\\/4ce797ee07c943e7e592f8cd648e503e6cd571387558ed07135799c2bd2847df?s=96&d=mm&r=g\",\"caption\":\"ayun\"},\"sameAs\":[\"http:\\\/\\\/www.caudete.org\\\/ayuntamiento\"],\"url\":\"https:\\\/\\\/www.caudete.org\\\/ayuntamiento\\\/author\\\/ayun\\\/\"}]}<\/script>\n<!-- \/ Yoast SEO plugin. -->","yoast_head_json":{"title":"La Concejal\u00eda de Cultura del M.I. Ayuntamiento de Caudete nos presenta para este mes de junio \u201cLos Lunes al cine\u201d - MI Ayuntamiento de Caudete","description":"P\u00e1gina Oficial del Ayuntamiento de Caudete (Albacete)","robots":{"index":"index","follow":"follow","max-snippet":"max-snippet:-1","max-image-preview":"max-image-preview:large","max-video-preview":"max-video-preview:-1"},"canonical":"https:\/\/www.caudete.org\/ayuntamiento\/la-concejalia-de-cultura-del-m-i-ayuntamiento-de-caudete-nos-presenta-para-este-mes-de-junio-los-lunes-al-cine\/","og_locale":"es_ES","og_type":"article","og_title":"La Concejal\u00eda de Cultura del M.I. Ayuntamiento de Caudete nos presenta para este mes de junio \u201cLos Lunes al cine\u201d - MI Ayuntamiento de Caudete","og_description":"P\u00e1gina Oficial del Ayuntamiento de Caudete (Albacete)","og_url":"https:\/\/www.caudete.org\/ayuntamiento\/la-concejalia-de-cultura-del-m-i-ayuntamiento-de-caudete-nos-presenta-para-este-mes-de-junio-los-lunes-al-cine\/","og_site_name":"MI Ayuntamiento de Caudete","article_publisher":"https:\/\/www.facebook.com\/ayuntamientocaudete\/","article_published_time":"2023-06-03T07:41:56+00:00","og_image":[{"width":600,"height":339,"url":"https:\/\/www.caudete.org\/ayuntamiento\/wp-content\/uploads\/2023\/06\/Cartel-Los-Lunes-al-Cine-port.jpg","type":"image\/jpeg"}],"author":"ayun","twitter_card":"summary_large_image","twitter_misc":{"Escrito por":"ayun","Tiempo de lectura":"3 minutos"},"schema":{"@context":"https:\/\/schema.org","@graph":[{"@type":"Article","@id":"https:\/\/www.caudete.org\/ayuntamiento\/la-concejalia-de-cultura-del-m-i-ayuntamiento-de-caudete-nos-presenta-para-este-mes-de-junio-los-lunes-al-cine\/#article","isPartOf":{"@id":"https:\/\/www.caudete.org\/ayuntamiento\/la-concejalia-de-cultura-del-m-i-ayuntamiento-de-caudete-nos-presenta-para-este-mes-de-junio-los-lunes-al-cine\/"},"author":{"name":"ayun","@id":"https:\/\/www.caudete.org\/ayuntamiento\/#\/schema\/person\/79f7e19fdd176fc2bc7a289013dc2056"},"headline":"La Concejal\u00eda de Cultura del M.I. Ayuntamiento de Caudete nos presenta para este mes de junio \u201cLos Lunes al cine\u201d","datePublished":"2023-06-03T07:41:56+00:00","mainEntityOfPage":{"@id":"https:\/\/www.caudete.org\/ayuntamiento\/la-concejalia-de-cultura-del-m-i-ayuntamiento-de-caudete-nos-presenta-para-este-mes-de-junio-los-lunes-al-cine\/"},"wordCount":596,"publisher":{"@id":"https:\/\/www.caudete.org\/ayuntamiento\/#organization"},"image":{"@id":"https:\/\/www.caudete.org\/ayuntamiento\/la-concejalia-de-cultura-del-m-i-ayuntamiento-de-caudete-nos-presenta-para-este-mes-de-junio-los-lunes-al-cine\/#primaryimage"},"thumbnailUrl":"https:\/\/www.caudete.org\/ayuntamiento\/wp-content\/uploads\/2023\/06\/Cartel-Los-Lunes-al-Cine-port.jpg","articleSection":["Cultura"],"inLanguage":"es"},{"@type":"WebPage","@id":"https:\/\/www.caudete.org\/ayuntamiento\/la-concejalia-de-cultura-del-m-i-ayuntamiento-de-caudete-nos-presenta-para-este-mes-de-junio-los-lunes-al-cine\/","url":"https:\/\/www.caudete.org\/ayuntamiento\/la-concejalia-de-cultura-del-m-i-ayuntamiento-de-caudete-nos-presenta-para-este-mes-de-junio-los-lunes-al-cine\/","name":"La Concejal\u00eda de Cultura del M.I. Ayuntamiento de Caudete nos presenta para este mes de junio \u201cLos Lunes al cine\u201d - MI Ayuntamiento de Caudete","isPartOf":{"@id":"https:\/\/www.caudete.org\/ayuntamiento\/#website"},"primaryImageOfPage":{"@id":"https:\/\/www.caudete.org\/ayuntamiento\/la-concejalia-de-cultura-del-m-i-ayuntamiento-de-caudete-nos-presenta-para-este-mes-de-junio-los-lunes-al-cine\/#primaryimage"},"image":{"@id":"https:\/\/www.caudete.org\/ayuntamiento\/la-concejalia-de-cultura-del-m-i-ayuntamiento-de-caudete-nos-presenta-para-este-mes-de-junio-los-lunes-al-cine\/#primaryimage"},"thumbnailUrl":"https:\/\/www.caudete.org\/ayuntamiento\/wp-content\/uploads\/2023\/06\/Cartel-Los-Lunes-al-Cine-port.jpg","datePublished":"2023-06-03T07:41:56+00:00","description":"P\u00e1gina Oficial del Ayuntamiento de Caudete (Albacete)","breadcrumb":{"@id":"https:\/\/www.caudete.org\/ayuntamiento\/la-concejalia-de-cultura-del-m-i-ayuntamiento-de-caudete-nos-presenta-para-este-mes-de-junio-los-lunes-al-cine\/#breadcrumb"},"inLanguage":"es","potentialAction":[{"@type":"ReadAction","target":["https:\/\/www.caudete.org\/ayuntamiento\/la-concejalia-de-cultura-del-m-i-ayuntamiento-de-caudete-nos-presenta-para-este-mes-de-junio-los-lunes-al-cine\/"]}]},{"@type":"ImageObject","inLanguage":"es","@id":"https:\/\/www.caudete.org\/ayuntamiento\/la-concejalia-de-cultura-del-m-i-ayuntamiento-de-caudete-nos-presenta-para-este-mes-de-junio-los-lunes-al-cine\/#primaryimage","url":"https:\/\/www.caudete.org\/ayuntamiento\/wp-content\/uploads\/2023\/06\/Cartel-Los-Lunes-al-Cine-port.jpg","contentUrl":"https:\/\/www.caudete.org\/ayuntamiento\/wp-content\/uploads\/2023\/06\/Cartel-Los-Lunes-al-Cine-port.jpg","width":600,"height":339},{"@type":"BreadcrumbList","@id":"https:\/\/www.caudete.org\/ayuntamiento\/la-concejalia-de-cultura-del-m-i-ayuntamiento-de-caudete-nos-presenta-para-este-mes-de-junio-los-lunes-al-cine\/#breadcrumb","itemListElement":[{"@type":"ListItem","position":1,"name":"Inicio","item":"https:\/\/www.caudete.org\/ayuntamiento\/"},{"@type":"ListItem","position":2,"name":"La Concejal\u00eda de Cultura del M.I. Ayuntamiento de Caudete nos presenta para este mes de junio \u201cLos Lunes al cine\u201d"}]},{"@type":"WebSite","@id":"https:\/\/www.caudete.org\/ayuntamiento\/#website","url":"https:\/\/www.caudete.org\/ayuntamiento\/","name":"MI Ayuntamiento de Caudete","description":"P\u00e1gina Oficial del MI Ayuntamiento de Caudete","publisher":{"@id":"https:\/\/www.caudete.org\/ayuntamiento\/#organization"},"potentialAction":[{"@type":"SearchAction","target":{"@type":"EntryPoint","urlTemplate":"https:\/\/www.caudete.org\/ayuntamiento\/?s={search_term_string}"},"query-input":{"@type":"PropertyValueSpecification","valueRequired":true,"valueName":"search_term_string"}}],"inLanguage":"es"},{"@type":"Organization","@id":"https:\/\/www.caudete.org\/ayuntamiento\/#organization","name":"Ayuntamiento de Caudete","url":"https:\/\/www.caudete.org\/ayuntamiento\/","logo":{"@type":"ImageObject","inLanguage":"es","@id":"https:\/\/www.caudete.org\/ayuntamiento\/#\/schema\/logo\/image\/","url":"https:\/\/www.caudete.org\/ayuntamiento\/wp-content\/uploads\/2020\/11\/logo_ayuntamiento_caudete.jpg","contentUrl":"https:\/\/www.caudete.org\/ayuntamiento\/wp-content\/uploads\/2020\/11\/logo_ayuntamiento_caudete.jpg","width":600,"height":150,"caption":"Ayuntamiento de Caudete"},"image":{"@id":"https:\/\/www.caudete.org\/ayuntamiento\/#\/schema\/logo\/image\/"},"sameAs":["https:\/\/www.facebook.com\/ayuntamientocaudete\/","https:\/\/www.youtube.com\/channel\/UC6VztHaooNsGpw-tNoBEFnQ"]},{"@type":"Person","@id":"https:\/\/www.caudete.org\/ayuntamiento\/#\/schema\/person\/79f7e19fdd176fc2bc7a289013dc2056","name":"ayun","image":{"@type":"ImageObject","inLanguage":"es","@id":"https:\/\/secure.gravatar.com\/avatar\/4ce797ee07c943e7e592f8cd648e503e6cd571387558ed07135799c2bd2847df?s=96&d=mm&r=g","url":"https:\/\/secure.gravatar.com\/avatar\/4ce797ee07c943e7e592f8cd648e503e6cd571387558ed07135799c2bd2847df?s=96&d=mm&r=g","contentUrl":"https:\/\/secure.gravatar.com\/avatar\/4ce797ee07c943e7e592f8cd648e503e6cd571387558ed07135799c2bd2847df?s=96&d=mm&r=g","caption":"ayun"},"sameAs":["http:\/\/www.caudete.org\/ayuntamiento"],"url":"https:\/\/www.caudete.org\/ayuntamiento\/author\/ayun\/"}]}},"_links":{"self":[{"href":"https:\/\/www.caudete.org\/ayuntamiento\/wp-json\/wp\/v2\/posts\/22392","targetHints":{"allow":["GET"]}}],"collection":[{"href":"https:\/\/www.caudete.org\/ayuntamiento\/wp-json\/wp\/v2\/posts"}],"about":[{"href":"https:\/\/www.caudete.org\/ayuntamiento\/wp-json\/wp\/v2\/types\/post"}],"author":[{"embeddable":true,"href":"https:\/\/www.caudete.org\/ayuntamiento\/wp-json\/wp\/v2\/users\/1"}],"replies":[{"embeddable":true,"href":"https:\/\/www.caudete.org\/ayuntamiento\/wp-json\/wp\/v2\/comments?post=22392"}],"version-history":[{"count":3,"href":"https:\/\/www.caudete.org\/ayuntamiento\/wp-json\/wp\/v2\/posts\/22392\/revisions"}],"predecessor-version":[{"id":22397,"href":"https:\/\/www.caudete.org\/ayuntamiento\/wp-json\/wp\/v2\/posts\/22392\/revisions\/22397"}],"wp:featuredmedia":[{"embeddable":true,"href":"https:\/\/www.caudete.org\/ayuntamiento\/wp-json\/wp\/v2\/media\/22394"}],"wp:attachment":[{"href":"https:\/\/www.caudete.org\/ayuntamiento\/wp-json\/wp\/v2\/media?parent=22392"}],"wp:term":[{"taxonomy":"category","embeddable":true,"href":"https:\/\/www.caudete.org\/ayuntamiento\/wp-json\/wp\/v2\/categories?post=22392"},{"taxonomy":"post_tag","embeddable":true,"href":"https:\/\/www.caudete.org\/ayuntamiento\/wp-json\/wp\/v2\/tags?post=22392"}],"curies":[{"name":"wp","href":"https:\/\/api.w.org\/{rel}","templated":true}]}}