{"id":22404,"date":"2023-06-06T15:07:49","date_gmt":"2023-06-06T13:07:49","guid":{"rendered":"https:\/\/www.caudete.org\/ayuntamiento\/?p=22404"},"modified":"2023-06-06T15:07:49","modified_gmt":"2023-06-06T13:07:49","slug":"acto-de-clausura-de-la-universidad-popular-y-clubes-de-lectura","status":"publish","type":"post","link":"https:\/\/www.caudete.org\/ayuntamiento\/acto-de-clausura-de-la-universidad-popular-y-clubes-de-lectura\/","title":{"rendered":"Acto de Clausura de la Universidad Popular y Clubes de Lectura"},"content":{"rendered":"<p>El pasado viernes, 2 de junio a las 20:30 horas, en la Casa de Cultura de Caudete y con la asistencia de unas 350 personas, tuvo lugar la clausura del Curso 2022-2023 de la Universidad Popular y Clubes de lectura, desarrollados desde la Concejal\u00eda de Cultura del M.I. Ayuntamiento de Caudete.<\/p>\n<p>Este a\u00f1o, dicho acto de Clausura, quiso hacer un gui\u00f1o al edificio que acoge a los dos movimientos culturales m\u00e1s representativos de la Casa de Cultura, invitando a los asistentes a que vinieran vestidos de los a\u00f1os veinte, \u00e9poca en la que se inaugur\u00f3 dicho este edificio.<\/p>\n<p>Para ello tambi\u00e9n se engalan\u00f3 la calle y el vest\u00edbulo. La idea inicial era realizar todos los actos en la calle, a modo de verbena, pero la situaci\u00f3n climatol\u00f3gica impidi\u00f3 parte de ellos.<br \/>\nYa dentro del Auditorio Municipal, se tuvo la oportunidad de ver a los alumnos y alumnas del curso de Bailes de Sal\u00f3n de la Universidad Popular, as\u00ed como a las participantes del Club de Lectura de Teatro \u201c27 de marzo\u201d, que se aunaron para realizar una despedida de curso conjunta.<\/p>\n<p>Y el broche final a las actividades del curso 2022\/2023 lo puso la actuaci\u00f3n de Gemenco, que nos present\u00f3 \u201cVersioneando 2.0\u201d, su nuevo espect\u00e1culo de flamenco fusi\u00f3n en el que interpretaron versiones populares de conocidas canciones con din\u00e1micas frescas, influencias flamencas y el sello personal caracter\u00edstico de esta compa\u00f1\u00eda.<\/p>\n<p>Una vez finalizada dicha actuaci\u00f3n, se abrieron las puertas de la Sala de Exposiciones con los trabajos de fin de curso de la Universidad Popular y de los Clubes de Lectura, que permanecer\u00e1 abierta de lunes a viernes de 18:00 a 21:00 horas y los s\u00e1bados de 10:00-13:00 horas, hasta el 17 de junio.<\/p>\n<p>A continuaci\u00f3n se invit\u00f3 a los asistentes a salir a la calle donde se les ofreci\u00f3, recordando verbenas al estilo de 1923, una deliciosa cuerva elaborada por el profesor de Cata de vinos y frutos secos. Todo ello amenizado con m\u00fasica de la \u00e9poca.<\/p>\n<p><a href=\"https:\/\/www.caudete.org\/ayuntamiento\/acto-de-clausura-de-la-universidad-popular-y-clubes-de-lectura\/img20230602221228\/\" rel=\"attachment wp-att-22405\"><img fetchpriority=\"high\" decoding=\"async\" class=\"aligncenter size-full wp-image-22405\" src=\"https:\/\/www.caudete.org\/ayuntamiento\/wp-content\/uploads\/2023\/06\/IMG20230602221228.jpg\" rel='prettyPhoto' alt=\"\" width=\"600\" height=\"800\" srcset=\"https:\/\/www.caudete.org\/ayuntamiento\/wp-content\/uploads\/2023\/06\/IMG20230602221228.jpg 600w, https:\/\/www.caudete.org\/ayuntamiento\/wp-content\/uploads\/2023\/06\/IMG20230602221228-225x300.jpg 225w\" sizes=\"(max-width: 600px) 100vw, 600px\" \/><\/a> <a href=\"https:\/\/www.caudete.org\/ayuntamiento\/acto-de-clausura-de-la-universidad-popular-y-clubes-de-lectura\/img20230602222752\/\" rel=\"attachment wp-att-22406\"><img decoding=\"async\" class=\"aligncenter size-full wp-image-22406\" src=\"https:\/\/www.caudete.org\/ayuntamiento\/wp-content\/uploads\/2023\/06\/IMG20230602222752.jpg\" rel='prettyPhoto' alt=\"\" width=\"800\" height=\"600\" srcset=\"https:\/\/www.caudete.org\/ayuntamiento\/wp-content\/uploads\/2023\/06\/IMG20230602222752.jpg 800w, https:\/\/www.caudete.org\/ayuntamiento\/wp-content\/uploads\/2023\/06\/IMG20230602222752-300x225.jpg 300w, https:\/\/www.caudete.org\/ayuntamiento\/wp-content\/uploads\/2023\/06\/IMG20230602222752-768x576.jpg 768w\" sizes=\"(max-width: 800px) 100vw, 800px\" \/><\/a> <a href=\"https:\/\/www.caudete.org\/ayuntamiento\/acto-de-clausura-de-la-universidad-popular-y-clubes-de-lectura\/img20230602223200\/\" rel=\"attachment wp-att-22407\"><img decoding=\"async\" class=\"aligncenter size-full wp-image-22407\" src=\"https:\/\/www.caudete.org\/ayuntamiento\/wp-content\/uploads\/2023\/06\/IMG20230602223200.jpg\" rel='prettyPhoto' alt=\"\" width=\"800\" height=\"600\" srcset=\"https:\/\/www.caudete.org\/ayuntamiento\/wp-content\/uploads\/2023\/06\/IMG20230602223200.jpg 800w, https:\/\/www.caudete.org\/ayuntamiento\/wp-content\/uploads\/2023\/06\/IMG20230602223200-300x225.jpg 300w, https:\/\/www.caudete.org\/ayuntamiento\/wp-content\/uploads\/2023\/06\/IMG20230602223200-768x576.jpg 768w\" sizes=\"(max-width: 800px) 100vw, 800px\" \/><\/a> <a href=\"https:\/\/www.caudete.org\/ayuntamiento\/acto-de-clausura-de-la-universidad-popular-y-clubes-de-lectura\/img20230602223327\/\" rel=\"attachment wp-att-22408\"><img loading=\"lazy\" decoding=\"async\" class=\"aligncenter size-full wp-image-22408\" src=\"https:\/\/www.caudete.org\/ayuntamiento\/wp-content\/uploads\/2023\/06\/IMG20230602223327.jpg\" rel='prettyPhoto' alt=\"\" width=\"800\" height=\"600\" srcset=\"https:\/\/www.caudete.org\/ayuntamiento\/wp-content\/uploads\/2023\/06\/IMG20230602223327.jpg 800w, https:\/\/www.caudete.org\/ayuntamiento\/wp-content\/uploads\/2023\/06\/IMG20230602223327-300x225.jpg 300w, https:\/\/www.caudete.org\/ayuntamiento\/wp-content\/uploads\/2023\/06\/IMG20230602223327-768x576.jpg 768w\" sizes=\"(max-width: 800px) 100vw, 800px\" \/><\/a> <a href=\"https:\/\/www.caudete.org\/ayuntamiento\/acto-de-clausura-de-la-universidad-popular-y-clubes-de-lectura\/img20230602224929\/\" rel=\"attachment wp-att-22409\"><img loading=\"lazy\" decoding=\"async\" class=\"aligncenter size-full wp-image-22409\" src=\"https:\/\/www.caudete.org\/ayuntamiento\/wp-content\/uploads\/2023\/06\/IMG20230602224929.jpg\" rel='prettyPhoto' alt=\"\" width=\"600\" height=\"800\" srcset=\"https:\/\/www.caudete.org\/ayuntamiento\/wp-content\/uploads\/2023\/06\/IMG20230602224929.jpg 600w, https:\/\/www.caudete.org\/ayuntamiento\/wp-content\/uploads\/2023\/06\/IMG20230602224929-225x300.jpg 225w\" sizes=\"(max-width: 600px) 100vw, 600px\" \/><\/a> <a href=\"https:\/\/www.caudete.org\/ayuntamiento\/acto-de-clausura-de-la-universidad-popular-y-clubes-de-lectura\/whatsapp-image-2023-06-05-at-14-09-08\/\" rel=\"attachment wp-att-22410\"><img loading=\"lazy\" decoding=\"async\" class=\"aligncenter size-full wp-image-22410\" src=\"https:\/\/www.caudete.org\/ayuntamiento\/wp-content\/uploads\/2023\/06\/WhatsApp-Image-2023-06-05-at-14.09.08.jpg\" rel='prettyPhoto' alt=\"\" width=\"800\" height=\"600\" srcset=\"https:\/\/www.caudete.org\/ayuntamiento\/wp-content\/uploads\/2023\/06\/WhatsApp-Image-2023-06-05-at-14.09.08.jpg 800w, https:\/\/www.caudete.org\/ayuntamiento\/wp-content\/uploads\/2023\/06\/WhatsApp-Image-2023-06-05-at-14.09.08-300x225.jpg 300w, https:\/\/www.caudete.org\/ayuntamiento\/wp-content\/uploads\/2023\/06\/WhatsApp-Image-2023-06-05-at-14.09.08-768x576.jpg 768w\" sizes=\"(max-width: 800px) 100vw, 800px\" \/><\/a><\/p>\n","protected":false},"excerpt":{"rendered":"<p>El pasado viernes, 2 de junio a las 20:30 horas, en la Casa de Cultura de Caudete y con la asistencia de unas 350 personas, tuvo lugar la clausura del Curso 2022-2023 de la Universidad Popular y Clubes de lectura, desarrollados desde la Concejal\u00eda de Cultura del M.I. Ayuntamiento de Caudete. Este a\u00f1o, dicho acto &hellip;<\/p>\n","protected":false},"author":1,"featured_media":22411,"comment_status":"closed","ping_status":"open","sticky":false,"template":"","format":"standard","meta":{"ngg_post_thumbnail":0,"footnotes":""},"categories":[14],"tags":[],"class_list":["post-22404","post","type-post","status-publish","format-standard","has-post-thumbnail","hentry","category-cultura"],"yoast_head":"<!-- This site is optimized with the Yoast SEO plugin v27.4 - https:\/\/yoast.com\/product\/yoast-seo-wordpress\/ -->\n<title>Acto de Clausura de la Universidad Popular y Clubes de Lectura - MI Ayuntamiento de Caudete<\/title>\n<meta name=\"description\" content=\"P\u00e1gina Oficial del Ayuntamiento de Caudete (Albacete)\" \/>\n<meta name=\"robots\" content=\"index, follow, max-snippet:-1, max-image-preview:large, max-video-preview:-1\" \/>\n<link rel=\"canonical\" href=\"https:\/\/www.caudete.org\/ayuntamiento\/acto-de-clausura-de-la-universidad-popular-y-clubes-de-lectura\/\" \/>\n<meta property=\"og:locale\" content=\"es_ES\" \/>\n<meta property=\"og:type\" content=\"article\" \/>\n<meta property=\"og:title\" content=\"Acto de Clausura de la Universidad Popular y Clubes de Lectura - MI Ayuntamiento de Caudete\" \/>\n<meta property=\"og:description\" content=\"P\u00e1gina Oficial del Ayuntamiento de Caudete (Albacete)\" \/>\n<meta property=\"og:url\" content=\"https:\/\/www.caudete.org\/ayuntamiento\/acto-de-clausura-de-la-universidad-popular-y-clubes-de-lectura\/\" \/>\n<meta property=\"og:site_name\" content=\"MI Ayuntamiento de Caudete\" \/>\n<meta property=\"article:publisher\" content=\"https:\/\/www.facebook.com\/ayuntamientocaudete\/\" \/>\n<meta property=\"article:published_time\" content=\"2023-06-06T13:07:49+00:00\" \/>\n<meta property=\"og:image\" content=\"https:\/\/www.caudete.org\/ayuntamiento\/wp-content\/uploads\/2023\/06\/WhatsApp-Image-2023-06-05-at-14.09.08-port.jpg\" \/>\n\t<meta property=\"og:image:width\" content=\"785\" \/>\n\t<meta property=\"og:image:height\" content=\"386\" \/>\n\t<meta property=\"og:image:type\" content=\"image\/jpeg\" \/>\n<meta name=\"author\" content=\"ayun\" \/>\n<meta name=\"twitter:card\" content=\"summary_large_image\" \/>\n<meta name=\"twitter:label1\" content=\"Escrito por\" \/>\n\t<meta name=\"twitter:data1\" content=\"ayun\" \/>\n\t<meta name=\"twitter:label2\" content=\"Tiempo de lectura\" \/>\n\t<meta name=\"twitter:data2\" content=\"3 minutos\" \/>\n<script type=\"application\/ld+json\" class=\"yoast-schema-graph\">{\"@context\":\"https:\\\/\\\/schema.org\",\"@graph\":[{\"@type\":\"Article\",\"@id\":\"https:\\\/\\\/www.caudete.org\\\/ayuntamiento\\\/acto-de-clausura-de-la-universidad-popular-y-clubes-de-lectura\\\/#article\",\"isPartOf\":{\"@id\":\"https:\\\/\\\/www.caudete.org\\\/ayuntamiento\\\/acto-de-clausura-de-la-universidad-popular-y-clubes-de-lectura\\\/\"},\"author\":{\"name\":\"ayun\",\"@id\":\"https:\\\/\\\/www.caudete.org\\\/ayuntamiento\\\/#\\\/schema\\\/person\\\/79f7e19fdd176fc2bc7a289013dc2056\"},\"headline\":\"Acto de Clausura de la Universidad Popular y Clubes de Lectura\",\"datePublished\":\"2023-06-06T13:07:49+00:00\",\"mainEntityOfPage\":{\"@id\":\"https:\\\/\\\/www.caudete.org\\\/ayuntamiento\\\/acto-de-clausura-de-la-universidad-popular-y-clubes-de-lectura\\\/\"},\"wordCount\":350,\"publisher\":{\"@id\":\"https:\\\/\\\/www.caudete.org\\\/ayuntamiento\\\/#organization\"},\"image\":{\"@id\":\"https:\\\/\\\/www.caudete.org\\\/ayuntamiento\\\/acto-de-clausura-de-la-universidad-popular-y-clubes-de-lectura\\\/#primaryimage\"},\"thumbnailUrl\":\"https:\\\/\\\/www.caudete.org\\\/ayuntamiento\\\/wp-content\\\/uploads\\\/2023\\\/06\\\/WhatsApp-Image-2023-06-05-at-14.09.08-port.jpg\",\"articleSection\":[\"Cultura\"],\"inLanguage\":\"es\"},{\"@type\":\"WebPage\",\"@id\":\"https:\\\/\\\/www.caudete.org\\\/ayuntamiento\\\/acto-de-clausura-de-la-universidad-popular-y-clubes-de-lectura\\\/\",\"url\":\"https:\\\/\\\/www.caudete.org\\\/ayuntamiento\\\/acto-de-clausura-de-la-universidad-popular-y-clubes-de-lectura\\\/\",\"name\":\"Acto de Clausura de la Universidad Popular y Clubes de Lectura - MI Ayuntamiento de Caudete\",\"isPartOf\":{\"@id\":\"https:\\\/\\\/www.caudete.org\\\/ayuntamiento\\\/#website\"},\"primaryImageOfPage\":{\"@id\":\"https:\\\/\\\/www.caudete.org\\\/ayuntamiento\\\/acto-de-clausura-de-la-universidad-popular-y-clubes-de-lectura\\\/#primaryimage\"},\"image\":{\"@id\":\"https:\\\/\\\/www.caudete.org\\\/ayuntamiento\\\/acto-de-clausura-de-la-universidad-popular-y-clubes-de-lectura\\\/#primaryimage\"},\"thumbnailUrl\":\"https:\\\/\\\/www.caudete.org\\\/ayuntamiento\\\/wp-content\\\/uploads\\\/2023\\\/06\\\/WhatsApp-Image-2023-06-05-at-14.09.08-port.jpg\",\"datePublished\":\"2023-06-06T13:07:49+00:00\",\"description\":\"P\u00e1gina Oficial del Ayuntamiento de Caudete (Albacete)\",\"breadcrumb\":{\"@id\":\"https:\\\/\\\/www.caudete.org\\\/ayuntamiento\\\/acto-de-clausura-de-la-universidad-popular-y-clubes-de-lectura\\\/#breadcrumb\"},\"inLanguage\":\"es\",\"potentialAction\":[{\"@type\":\"ReadAction\",\"target\":[\"https:\\\/\\\/www.caudete.org\\\/ayuntamiento\\\/acto-de-clausura-de-la-universidad-popular-y-clubes-de-lectura\\\/\"]}]},{\"@type\":\"ImageObject\",\"inLanguage\":\"es\",\"@id\":\"https:\\\/\\\/www.caudete.org\\\/ayuntamiento\\\/acto-de-clausura-de-la-universidad-popular-y-clubes-de-lectura\\\/#primaryimage\",\"url\":\"https:\\\/\\\/www.caudete.org\\\/ayuntamiento\\\/wp-content\\\/uploads\\\/2023\\\/06\\\/WhatsApp-Image-2023-06-05-at-14.09.08-port.jpg\",\"contentUrl\":\"https:\\\/\\\/www.caudete.org\\\/ayuntamiento\\\/wp-content\\\/uploads\\\/2023\\\/06\\\/WhatsApp-Image-2023-06-05-at-14.09.08-port.jpg\",\"width\":785,\"height\":386},{\"@type\":\"BreadcrumbList\",\"@id\":\"https:\\\/\\\/www.caudete.org\\\/ayuntamiento\\\/acto-de-clausura-de-la-universidad-popular-y-clubes-de-lectura\\\/#breadcrumb\",\"itemListElement\":[{\"@type\":\"ListItem\",\"position\":1,\"name\":\"Inicio\",\"item\":\"https:\\\/\\\/www.caudete.org\\\/ayuntamiento\\\/\"},{\"@type\":\"ListItem\",\"position\":2,\"name\":\"Acto de Clausura de la Universidad Popular y Clubes de Lectura\"}]},{\"@type\":\"WebSite\",\"@id\":\"https:\\\/\\\/www.caudete.org\\\/ayuntamiento\\\/#website\",\"url\":\"https:\\\/\\\/www.caudete.org\\\/ayuntamiento\\\/\",\"name\":\"MI Ayuntamiento de Caudete\",\"description\":\"P\u00e1gina Oficial del MI Ayuntamiento de Caudete\",\"publisher\":{\"@id\":\"https:\\\/\\\/www.caudete.org\\\/ayuntamiento\\\/#organization\"},\"potentialAction\":[{\"@type\":\"SearchAction\",\"target\":{\"@type\":\"EntryPoint\",\"urlTemplate\":\"https:\\\/\\\/www.caudete.org\\\/ayuntamiento\\\/?s={search_term_string}\"},\"query-input\":{\"@type\":\"PropertyValueSpecification\",\"valueRequired\":true,\"valueName\":\"search_term_string\"}}],\"inLanguage\":\"es\"},{\"@type\":\"Organization\",\"@id\":\"https:\\\/\\\/www.caudete.org\\\/ayuntamiento\\\/#organization\",\"name\":\"Ayuntamiento de Caudete\",\"url\":\"https:\\\/\\\/www.caudete.org\\\/ayuntamiento\\\/\",\"logo\":{\"@type\":\"ImageObject\",\"inLanguage\":\"es\",\"@id\":\"https:\\\/\\\/www.caudete.org\\\/ayuntamiento\\\/#\\\/schema\\\/logo\\\/image\\\/\",\"url\":\"https:\\\/\\\/www.caudete.org\\\/ayuntamiento\\\/wp-content\\\/uploads\\\/2020\\\/11\\\/logo_ayuntamiento_caudete.jpg\",\"contentUrl\":\"https:\\\/\\\/www.caudete.org\\\/ayuntamiento\\\/wp-content\\\/uploads\\\/2020\\\/11\\\/logo_ayuntamiento_caudete.jpg\",\"width\":600,\"height\":150,\"caption\":\"Ayuntamiento de Caudete\"},\"image\":{\"@id\":\"https:\\\/\\\/www.caudete.org\\\/ayuntamiento\\\/#\\\/schema\\\/logo\\\/image\\\/\"},\"sameAs\":[\"https:\\\/\\\/www.facebook.com\\\/ayuntamientocaudete\\\/\",\"https:\\\/\\\/www.youtube.com\\\/channel\\\/UC6VztHaooNsGpw-tNoBEFnQ\"]},{\"@type\":\"Person\",\"@id\":\"https:\\\/\\\/www.caudete.org\\\/ayuntamiento\\\/#\\\/schema\\\/person\\\/79f7e19fdd176fc2bc7a289013dc2056\",\"name\":\"ayun\",\"image\":{\"@type\":\"ImageObject\",\"inLanguage\":\"es\",\"@id\":\"https:\\\/\\\/secure.gravatar.com\\\/avatar\\\/4ce797ee07c943e7e592f8cd648e503e6cd571387558ed07135799c2bd2847df?s=96&d=mm&r=g\",\"url\":\"https:\\\/\\\/secure.gravatar.com\\\/avatar\\\/4ce797ee07c943e7e592f8cd648e503e6cd571387558ed07135799c2bd2847df?s=96&d=mm&r=g\",\"contentUrl\":\"https:\\\/\\\/secure.gravatar.com\\\/avatar\\\/4ce797ee07c943e7e592f8cd648e503e6cd571387558ed07135799c2bd2847df?s=96&d=mm&r=g\",\"caption\":\"ayun\"},\"sameAs\":[\"http:\\\/\\\/www.caudete.org\\\/ayuntamiento\"],\"url\":\"https:\\\/\\\/www.caudete.org\\\/ayuntamiento\\\/author\\\/ayun\\\/\"}]}<\/script>\n<!-- \/ Yoast SEO plugin. -->","yoast_head_json":{"title":"Acto de Clausura de la Universidad Popular y Clubes de Lectura - MI Ayuntamiento de Caudete","description":"P\u00e1gina Oficial del Ayuntamiento de Caudete (Albacete)","robots":{"index":"index","follow":"follow","max-snippet":"max-snippet:-1","max-image-preview":"max-image-preview:large","max-video-preview":"max-video-preview:-1"},"canonical":"https:\/\/www.caudete.org\/ayuntamiento\/acto-de-clausura-de-la-universidad-popular-y-clubes-de-lectura\/","og_locale":"es_ES","og_type":"article","og_title":"Acto de Clausura de la Universidad Popular y Clubes de Lectura - MI Ayuntamiento de Caudete","og_description":"P\u00e1gina Oficial del Ayuntamiento de Caudete (Albacete)","og_url":"https:\/\/www.caudete.org\/ayuntamiento\/acto-de-clausura-de-la-universidad-popular-y-clubes-de-lectura\/","og_site_name":"MI Ayuntamiento de Caudete","article_publisher":"https:\/\/www.facebook.com\/ayuntamientocaudete\/","article_published_time":"2023-06-06T13:07:49+00:00","og_image":[{"width":785,"height":386,"url":"https:\/\/www.caudete.org\/ayuntamiento\/wp-content\/uploads\/2023\/06\/WhatsApp-Image-2023-06-05-at-14.09.08-port.jpg","type":"image\/jpeg"}],"author":"ayun","twitter_card":"summary_large_image","twitter_misc":{"Escrito por":"ayun","Tiempo de lectura":"3 minutos"},"schema":{"@context":"https:\/\/schema.org","@graph":[{"@type":"Article","@id":"https:\/\/www.caudete.org\/ayuntamiento\/acto-de-clausura-de-la-universidad-popular-y-clubes-de-lectura\/#article","isPartOf":{"@id":"https:\/\/www.caudete.org\/ayuntamiento\/acto-de-clausura-de-la-universidad-popular-y-clubes-de-lectura\/"},"author":{"name":"ayun","@id":"https:\/\/www.caudete.org\/ayuntamiento\/#\/schema\/person\/79f7e19fdd176fc2bc7a289013dc2056"},"headline":"Acto de Clausura de la Universidad Popular y Clubes de Lectura","datePublished":"2023-06-06T13:07:49+00:00","mainEntityOfPage":{"@id":"https:\/\/www.caudete.org\/ayuntamiento\/acto-de-clausura-de-la-universidad-popular-y-clubes-de-lectura\/"},"wordCount":350,"publisher":{"@id":"https:\/\/www.caudete.org\/ayuntamiento\/#organization"},"image":{"@id":"https:\/\/www.caudete.org\/ayuntamiento\/acto-de-clausura-de-la-universidad-popular-y-clubes-de-lectura\/#primaryimage"},"thumbnailUrl":"https:\/\/www.caudete.org\/ayuntamiento\/wp-content\/uploads\/2023\/06\/WhatsApp-Image-2023-06-05-at-14.09.08-port.jpg","articleSection":["Cultura"],"inLanguage":"es"},{"@type":"WebPage","@id":"https:\/\/www.caudete.org\/ayuntamiento\/acto-de-clausura-de-la-universidad-popular-y-clubes-de-lectura\/","url":"https:\/\/www.caudete.org\/ayuntamiento\/acto-de-clausura-de-la-universidad-popular-y-clubes-de-lectura\/","name":"Acto de Clausura de la Universidad Popular y Clubes de Lectura - MI Ayuntamiento de Caudete","isPartOf":{"@id":"https:\/\/www.caudete.org\/ayuntamiento\/#website"},"primaryImageOfPage":{"@id":"https:\/\/www.caudete.org\/ayuntamiento\/acto-de-clausura-de-la-universidad-popular-y-clubes-de-lectura\/#primaryimage"},"image":{"@id":"https:\/\/www.caudete.org\/ayuntamiento\/acto-de-clausura-de-la-universidad-popular-y-clubes-de-lectura\/#primaryimage"},"thumbnailUrl":"https:\/\/www.caudete.org\/ayuntamiento\/wp-content\/uploads\/2023\/06\/WhatsApp-Image-2023-06-05-at-14.09.08-port.jpg","datePublished":"2023-06-06T13:07:49+00:00","description":"P\u00e1gina Oficial del Ayuntamiento de Caudete (Albacete)","breadcrumb":{"@id":"https:\/\/www.caudete.org\/ayuntamiento\/acto-de-clausura-de-la-universidad-popular-y-clubes-de-lectura\/#breadcrumb"},"inLanguage":"es","potentialAction":[{"@type":"ReadAction","target":["https:\/\/www.caudete.org\/ayuntamiento\/acto-de-clausura-de-la-universidad-popular-y-clubes-de-lectura\/"]}]},{"@type":"ImageObject","inLanguage":"es","@id":"https:\/\/www.caudete.org\/ayuntamiento\/acto-de-clausura-de-la-universidad-popular-y-clubes-de-lectura\/#primaryimage","url":"https:\/\/www.caudete.org\/ayuntamiento\/wp-content\/uploads\/2023\/06\/WhatsApp-Image-2023-06-05-at-14.09.08-port.jpg","contentUrl":"https:\/\/www.caudete.org\/ayuntamiento\/wp-content\/uploads\/2023\/06\/WhatsApp-Image-2023-06-05-at-14.09.08-port.jpg","width":785,"height":386},{"@type":"BreadcrumbList","@id":"https:\/\/www.caudete.org\/ayuntamiento\/acto-de-clausura-de-la-universidad-popular-y-clubes-de-lectura\/#breadcrumb","itemListElement":[{"@type":"ListItem","position":1,"name":"Inicio","item":"https:\/\/www.caudete.org\/ayuntamiento\/"},{"@type":"ListItem","position":2,"name":"Acto de Clausura de la Universidad Popular y Clubes de Lectura"}]},{"@type":"WebSite","@id":"https:\/\/www.caudete.org\/ayuntamiento\/#website","url":"https:\/\/www.caudete.org\/ayuntamiento\/","name":"MI Ayuntamiento de Caudete","description":"P\u00e1gina Oficial del MI Ayuntamiento de Caudete","publisher":{"@id":"https:\/\/www.caudete.org\/ayuntamiento\/#organization"},"potentialAction":[{"@type":"SearchAction","target":{"@type":"EntryPoint","urlTemplate":"https:\/\/www.caudete.org\/ayuntamiento\/?s={search_term_string}"},"query-input":{"@type":"PropertyValueSpecification","valueRequired":true,"valueName":"search_term_string"}}],"inLanguage":"es"},{"@type":"Organization","@id":"https:\/\/www.caudete.org\/ayuntamiento\/#organization","name":"Ayuntamiento de Caudete","url":"https:\/\/www.caudete.org\/ayuntamiento\/","logo":{"@type":"ImageObject","inLanguage":"es","@id":"https:\/\/www.caudete.org\/ayuntamiento\/#\/schema\/logo\/image\/","url":"https:\/\/www.caudete.org\/ayuntamiento\/wp-content\/uploads\/2020\/11\/logo_ayuntamiento_caudete.jpg","contentUrl":"https:\/\/www.caudete.org\/ayuntamiento\/wp-content\/uploads\/2020\/11\/logo_ayuntamiento_caudete.jpg","width":600,"height":150,"caption":"Ayuntamiento de Caudete"},"image":{"@id":"https:\/\/www.caudete.org\/ayuntamiento\/#\/schema\/logo\/image\/"},"sameAs":["https:\/\/www.facebook.com\/ayuntamientocaudete\/","https:\/\/www.youtube.com\/channel\/UC6VztHaooNsGpw-tNoBEFnQ"]},{"@type":"Person","@id":"https:\/\/www.caudete.org\/ayuntamiento\/#\/schema\/person\/79f7e19fdd176fc2bc7a289013dc2056","name":"ayun","image":{"@type":"ImageObject","inLanguage":"es","@id":"https:\/\/secure.gravatar.com\/avatar\/4ce797ee07c943e7e592f8cd648e503e6cd571387558ed07135799c2bd2847df?s=96&d=mm&r=g","url":"https:\/\/secure.gravatar.com\/avatar\/4ce797ee07c943e7e592f8cd648e503e6cd571387558ed07135799c2bd2847df?s=96&d=mm&r=g","contentUrl":"https:\/\/secure.gravatar.com\/avatar\/4ce797ee07c943e7e592f8cd648e503e6cd571387558ed07135799c2bd2847df?s=96&d=mm&r=g","caption":"ayun"},"sameAs":["http:\/\/www.caudete.org\/ayuntamiento"],"url":"https:\/\/www.caudete.org\/ayuntamiento\/author\/ayun\/"}]}},"_links":{"self":[{"href":"https:\/\/www.caudete.org\/ayuntamiento\/wp-json\/wp\/v2\/posts\/22404","targetHints":{"allow":["GET"]}}],"collection":[{"href":"https:\/\/www.caudete.org\/ayuntamiento\/wp-json\/wp\/v2\/posts"}],"about":[{"href":"https:\/\/www.caudete.org\/ayuntamiento\/wp-json\/wp\/v2\/types\/post"}],"author":[{"embeddable":true,"href":"https:\/\/www.caudete.org\/ayuntamiento\/wp-json\/wp\/v2\/users\/1"}],"replies":[{"embeddable":true,"href":"https:\/\/www.caudete.org\/ayuntamiento\/wp-json\/wp\/v2\/comments?post=22404"}],"version-history":[{"count":2,"href":"https:\/\/www.caudete.org\/ayuntamiento\/wp-json\/wp\/v2\/posts\/22404\/revisions"}],"predecessor-version":[{"id":22413,"href":"https:\/\/www.caudete.org\/ayuntamiento\/wp-json\/wp\/v2\/posts\/22404\/revisions\/22413"}],"wp:featuredmedia":[{"embeddable":true,"href":"https:\/\/www.caudete.org\/ayuntamiento\/wp-json\/wp\/v2\/media\/22411"}],"wp:attachment":[{"href":"https:\/\/www.caudete.org\/ayuntamiento\/wp-json\/wp\/v2\/media?parent=22404"}],"wp:term":[{"taxonomy":"category","embeddable":true,"href":"https:\/\/www.caudete.org\/ayuntamiento\/wp-json\/wp\/v2\/categories?post=22404"},{"taxonomy":"post_tag","embeddable":true,"href":"https:\/\/www.caudete.org\/ayuntamiento\/wp-json\/wp\/v2\/tags?post=22404"}],"curies":[{"name":"wp","href":"https:\/\/api.w.org\/{rel}","templated":true}]}}