{"id":22414,"date":"2023-06-06T15:12:38","date_gmt":"2023-06-06T13:12:38","guid":{"rendered":"https:\/\/www.caudete.org\/ayuntamiento\/?p=22414"},"modified":"2023-06-06T15:12:38","modified_gmt":"2023-06-06T13:12:38","slug":"colaboracion-entre-el-ayuntamiento-de-caudete-y-fundacion-espanola-del-corazon-sobre-ciudad-cardiosaludable-y-cardioprotegida","status":"publish","type":"post","link":"https:\/\/www.caudete.org\/ayuntamiento\/colaboracion-entre-el-ayuntamiento-de-caudete-y-fundacion-espanola-del-corazon-sobre-ciudad-cardiosaludable-y-cardioprotegida\/","title":{"rendered":"Colaboraci\u00f3n entre el Ayuntamiento de Caudete y Fundaci\u00f3n Espa\u00f1ola del Coraz\u00f3n sobre Ciudad Cardiosaludable y Cardioprotegida"},"content":{"rendered":"<p>La Concejal\u00eda de Sanidad del Ayuntamiento de Caudete y la Fundaci\u00f3n Espa\u00f1ola del Coraz\u00f3n se unen en un emocionante proyecto para convertir nuestro municipio en un entorno cardiosaludable y cardioprotegido. Esta iniciativa revolucionaria tiene como objetivo mejorar la salud cardiovascular de todos sus habitantes y proporcionar una respuesta r\u00e1pida en casos de emergencia card\u00edaca.<\/p>\n<p>El proyecto incluye una serie de medidas y acciones destinadas a fomentar h\u00e1bitos de vida saludables y a garantizar la disponibilidad de desfibriladores en lugares estrat\u00e9gicos de la poblaci\u00f3n. Los cu\u00e1les aparecen ubicados en el dibujo de nuestro mapa.<\/p>\n<p>Adem\u00e1s, se llevar\u00e1n a cabo campa\u00f1as de concienciaci\u00f3n sobre la importancia de mantener una dieta equilibrada y una vida activa, as\u00ed como la prevenci\u00f3n de factores de riesgo como el tabaquismo, la obesidad y el sedentarismo. Se organizar\u00e1n charlas, talleres y eventos relacionados con la salud cardiovascular en colaboraci\u00f3n con la Fundaci\u00f3n Espa\u00f1ola del Coraz\u00f3n.<\/p>\n<p>En cuanto a la cardioprotecci\u00f3n, se han instalado desfibriladores en lugares estrat\u00e9gicos de la ciudad, como centros deportivos, edificios p\u00fablicos y lugares de alta afluencia de personas. Estos desfibriladores estar\u00e1n disponibles para ser utilizados en caso de emergencia, y se llevar\u00e1n a cabo cursos de formaci\u00f3n en reanimaci\u00f3n cardiopulmonar (RCP) para garantizar que los ciudadanos est\u00e9n preparados para actuar en situaciones de paro card\u00edaco.<\/p>\n<p>El ayuntamiento y la Fundaci\u00f3n Espa\u00f1ola del Coraz\u00f3n trabajar\u00e1n estrechamente con los servicios de emergencia locales para asegurar una respuesta r\u00e1pida y eficiente en caso de una emergencia card\u00edaca. La colaboraci\u00f3n con los profesionales de la salud y el uso de la tecnolog\u00eda m\u00e1s avanzada en este campo ser\u00e1n fundamentales para garantizar el \u00e9xito del proyecto.<\/p>\n<p>Este emocionante proyecto de ciudad entorno cardiosaludable y cardioprotegido demuestra el compromiso del ayuntamiento y la Fundaci\u00f3n Espa\u00f1ola del Coraz\u00f3n con la salud cardiovascular de sus habitantes. Se espera que esta iniciativa sirva de ejemplo para otras ciudades y contribuya a la reducci\u00f3n de las enfermedades cardiovasculares, mejorando as\u00ed la calidad de vida de la poblaci\u00f3n.<\/p>\n<p>La actividad del pr\u00f3ximo viernes se llevar\u00e1 a cabo con los diferentes colegios de nuestro municipio y abierto a la poblaci\u00f3n en general. Conoceremos d\u00f3nde est\u00e1n instalados los desfibriladores en nuestra poblaci\u00f3n y daremos a conocer la app Ariadna.<br \/>\nQueremos construir espacios cardioprotegidos y ciudades cardiosaludables. Ay\u00fadanos a salvar vidas.<\/p>\n<p><a href=\"https:\/\/www.caudete.org\/ayuntamiento\/colaboracion-entre-el-ayuntamiento-de-caudete-y-fundacion-espanola-del-corazon-sobre-ciudad-cardiosaludable-y-cardioprotegida\/charla-cardiorpoteccion-caudete-1-2\/\" rel=\"attachment wp-att-22419\"><img fetchpriority=\"high\" decoding=\"async\" class=\"aligncenter size-full wp-image-22419\" src=\"https:\/\/www.caudete.org\/ayuntamiento\/wp-content\/uploads\/2023\/06\/CHARLA-CARDIORPOTECCION-CAUDETE-1.jpg\" rel='prettyPhoto' alt=\"\" width=\"795\" height=\"1124\" srcset=\"https:\/\/www.caudete.org\/ayuntamiento\/wp-content\/uploads\/2023\/06\/CHARLA-CARDIORPOTECCION-CAUDETE-1.jpg 795w, https:\/\/www.caudete.org\/ayuntamiento\/wp-content\/uploads\/2023\/06\/CHARLA-CARDIORPOTECCION-CAUDETE-1-212x300.jpg 212w, https:\/\/www.caudete.org\/ayuntamiento\/wp-content\/uploads\/2023\/06\/CHARLA-CARDIORPOTECCION-CAUDETE-1-724x1024.jpg 724w, https:\/\/www.caudete.org\/ayuntamiento\/wp-content\/uploads\/2023\/06\/CHARLA-CARDIORPOTECCION-CAUDETE-1-768x1086.jpg 768w\" sizes=\"(max-width: 795px) 100vw, 795px\" \/><\/a><\/p>\n<p><a href=\"https:\/\/www.caudete.org\/ayuntamiento\/colaboracion-entre-el-ayuntamiento-de-caudete-y-fundacion-espanola-del-corazon-sobre-ciudad-cardiosaludable-y-cardioprotegida\/screenshot_20230606_124658_chrome\/\" rel=\"attachment wp-att-22416\"><img decoding=\"async\" class=\"aligncenter size-full wp-image-22416\" src=\"https:\/\/www.caudete.org\/ayuntamiento\/wp-content\/uploads\/2023\/06\/Screenshot_20230606_124658_Chrome.jpg\" rel='prettyPhoto' alt=\"\" width=\"666\" height=\"447\" srcset=\"https:\/\/www.caudete.org\/ayuntamiento\/wp-content\/uploads\/2023\/06\/Screenshot_20230606_124658_Chrome.jpg 666w, https:\/\/www.caudete.org\/ayuntamiento\/wp-content\/uploads\/2023\/06\/Screenshot_20230606_124658_Chrome-300x201.jpg 300w\" sizes=\"(max-width: 666px) 100vw, 666px\" \/><\/a> <a href=\"https:\/\/www.caudete.org\/ayuntamiento\/colaboracion-entre-el-ayuntamiento-de-caudete-y-fundacion-espanola-del-corazon-sobre-ciudad-cardiosaludable-y-cardioprotegida\/screenshot_20230606_124750_google\/\" rel=\"attachment wp-att-22417\"><img decoding=\"async\" class=\"aligncenter size-full wp-image-22417\" src=\"https:\/\/www.caudete.org\/ayuntamiento\/wp-content\/uploads\/2023\/06\/Screenshot_20230606_124750_Google.jpg\" rel='prettyPhoto' alt=\"\" width=\"1044\" height=\"1045\" srcset=\"https:\/\/www.caudete.org\/ayuntamiento\/wp-content\/uploads\/2023\/06\/Screenshot_20230606_124750_Google.jpg 1044w, https:\/\/www.caudete.org\/ayuntamiento\/wp-content\/uploads\/2023\/06\/Screenshot_20230606_124750_Google-300x300.jpg 300w, https:\/\/www.caudete.org\/ayuntamiento\/wp-content\/uploads\/2023\/06\/Screenshot_20230606_124750_Google-1024x1024.jpg 1024w, https:\/\/www.caudete.org\/ayuntamiento\/wp-content\/uploads\/2023\/06\/Screenshot_20230606_124750_Google-150x150.jpg 150w, https:\/\/www.caudete.org\/ayuntamiento\/wp-content\/uploads\/2023\/06\/Screenshot_20230606_124750_Google-768x769.jpg 768w, https:\/\/www.caudete.org\/ayuntamiento\/wp-content\/uploads\/2023\/06\/Screenshot_20230606_124750_Google-60x60.jpg 60w\" sizes=\"(max-width: 1044px) 100vw, 1044px\" \/><\/a> <a href=\"https:\/\/www.caudete.org\/ayuntamiento\/colaboracion-entre-el-ayuntamiento-de-caudete-y-fundacion-espanola-del-corazon-sobre-ciudad-cardiosaludable-y-cardioprotegida\/screenshot_20230606_124811_google\/\" rel=\"attachment wp-att-22418\"><img loading=\"lazy\" decoding=\"async\" class=\"aligncenter size-full wp-image-22418\" src=\"https:\/\/www.caudete.org\/ayuntamiento\/wp-content\/uploads\/2023\/06\/Screenshot_20230606_124811_Google.jpg\" rel='prettyPhoto' alt=\"\" width=\"761\" height=\"1305\" srcset=\"https:\/\/www.caudete.org\/ayuntamiento\/wp-content\/uploads\/2023\/06\/Screenshot_20230606_124811_Google.jpg 761w, https:\/\/www.caudete.org\/ayuntamiento\/wp-content\/uploads\/2023\/06\/Screenshot_20230606_124811_Google-175x300.jpg 175w, https:\/\/www.caudete.org\/ayuntamiento\/wp-content\/uploads\/2023\/06\/Screenshot_20230606_124811_Google-597x1024.jpg 597w\" sizes=\"(max-width: 761px) 100vw, 761px\" \/><\/a><\/p>\n","protected":false},"excerpt":{"rendered":"<p>La Concejal\u00eda de Sanidad del Ayuntamiento de Caudete y la Fundaci\u00f3n Espa\u00f1ola del Coraz\u00f3n se unen en un emocionante proyecto para convertir nuestro municipio en un entorno cardiosaludable y cardioprotegido. Esta iniciativa revolucionaria tiene como objetivo mejorar la salud cardiovascular de todos sus habitantes y proporcionar una respuesta r\u00e1pida en casos de emergencia card\u00edaca. El &hellip;<\/p>\n","protected":false},"author":1,"featured_media":22420,"comment_status":"closed","ping_status":"open","sticky":false,"template":"","format":"standard","meta":{"ngg_post_thumbnail":0,"footnotes":""},"categories":[16],"tags":[],"class_list":["post-22414","post","type-post","status-publish","format-standard","has-post-thumbnail","hentry","category-sanidad"],"yoast_head":"<!-- This site is optimized with the Yoast SEO plugin v27.5 - https:\/\/yoast.com\/product\/yoast-seo-wordpress\/ -->\n<title>Colaboraci\u00f3n entre el Ayuntamiento de Caudete y Fundaci\u00f3n Espa\u00f1ola del Coraz\u00f3n sobre Ciudad Cardiosaludable y Cardioprotegida - MI Ayuntamiento de Caudete<\/title>\n<meta name=\"description\" content=\"P\u00e1gina Oficial del Ayuntamiento de Caudete (Albacete)\" \/>\n<meta name=\"robots\" content=\"index, follow, max-snippet:-1, max-image-preview:large, max-video-preview:-1\" \/>\n<link rel=\"canonical\" href=\"https:\/\/www.caudete.org\/ayuntamiento\/colaboracion-entre-el-ayuntamiento-de-caudete-y-fundacion-espanola-del-corazon-sobre-ciudad-cardiosaludable-y-cardioprotegida\/\" \/>\n<meta property=\"og:locale\" content=\"es_ES\" \/>\n<meta property=\"og:type\" content=\"article\" \/>\n<meta property=\"og:title\" content=\"Colaboraci\u00f3n entre el Ayuntamiento de Caudete y Fundaci\u00f3n Espa\u00f1ola del Coraz\u00f3n sobre Ciudad Cardiosaludable y Cardioprotegida - MI Ayuntamiento de Caudete\" \/>\n<meta property=\"og:description\" content=\"P\u00e1gina Oficial del Ayuntamiento de Caudete (Albacete)\" \/>\n<meta property=\"og:url\" content=\"https:\/\/www.caudete.org\/ayuntamiento\/colaboracion-entre-el-ayuntamiento-de-caudete-y-fundacion-espanola-del-corazon-sobre-ciudad-cardiosaludable-y-cardioprotegida\/\" \/>\n<meta property=\"og:site_name\" content=\"MI Ayuntamiento de Caudete\" \/>\n<meta property=\"article:publisher\" content=\"https:\/\/www.facebook.com\/ayuntamientocaudete\/\" \/>\n<meta property=\"article:published_time\" content=\"2023-06-06T13:12:38+00:00\" \/>\n<meta property=\"og:image\" content=\"https:\/\/www.caudete.org\/ayuntamiento\/wp-content\/uploads\/2023\/06\/CHARLA-CARDIORPOTECCION-CAUDETE-1-port.jpg\" \/>\n\t<meta property=\"og:image:width\" content=\"795\" \/>\n\t<meta property=\"og:image:height\" content=\"391\" \/>\n\t<meta property=\"og:image:type\" content=\"image\/jpeg\" \/>\n<meta name=\"author\" content=\"ayun\" \/>\n<meta name=\"twitter:card\" content=\"summary_large_image\" \/>\n<meta name=\"twitter:label1\" content=\"Escrito por\" \/>\n\t<meta name=\"twitter:data1\" content=\"ayun\" \/>\n\t<meta name=\"twitter:label2\" content=\"Tiempo de lectura\" \/>\n\t<meta name=\"twitter:data2\" content=\"3 minutos\" \/>\n<script type=\"application\/ld+json\" class=\"yoast-schema-graph\">{\"@context\":\"https:\\\/\\\/schema.org\",\"@graph\":[{\"@type\":\"Article\",\"@id\":\"https:\\\/\\\/www.caudete.org\\\/ayuntamiento\\\/colaboracion-entre-el-ayuntamiento-de-caudete-y-fundacion-espanola-del-corazon-sobre-ciudad-cardiosaludable-y-cardioprotegida\\\/#article\",\"isPartOf\":{\"@id\":\"https:\\\/\\\/www.caudete.org\\\/ayuntamiento\\\/colaboracion-entre-el-ayuntamiento-de-caudete-y-fundacion-espanola-del-corazon-sobre-ciudad-cardiosaludable-y-cardioprotegida\\\/\"},\"author\":{\"name\":\"ayun\",\"@id\":\"https:\\\/\\\/www.caudete.org\\\/ayuntamiento\\\/#\\\/schema\\\/person\\\/79f7e19fdd176fc2bc7a289013dc2056\"},\"headline\":\"Colaboraci\u00f3n entre el Ayuntamiento de Caudete y Fundaci\u00f3n Espa\u00f1ola del Coraz\u00f3n sobre Ciudad Cardiosaludable y Cardioprotegida\",\"datePublished\":\"2023-06-06T13:12:38+00:00\",\"mainEntityOfPage\":{\"@id\":\"https:\\\/\\\/www.caudete.org\\\/ayuntamiento\\\/colaboracion-entre-el-ayuntamiento-de-caudete-y-fundacion-espanola-del-corazon-sobre-ciudad-cardiosaludable-y-cardioprotegida\\\/\"},\"wordCount\":444,\"publisher\":{\"@id\":\"https:\\\/\\\/www.caudete.org\\\/ayuntamiento\\\/#organization\"},\"image\":{\"@id\":\"https:\\\/\\\/www.caudete.org\\\/ayuntamiento\\\/colaboracion-entre-el-ayuntamiento-de-caudete-y-fundacion-espanola-del-corazon-sobre-ciudad-cardiosaludable-y-cardioprotegida\\\/#primaryimage\"},\"thumbnailUrl\":\"https:\\\/\\\/www.caudete.org\\\/ayuntamiento\\\/wp-content\\\/uploads\\\/2023\\\/06\\\/CHARLA-CARDIORPOTECCION-CAUDETE-1-port.jpg\",\"articleSection\":[\"Sanidad\"],\"inLanguage\":\"es\"},{\"@type\":\"WebPage\",\"@id\":\"https:\\\/\\\/www.caudete.org\\\/ayuntamiento\\\/colaboracion-entre-el-ayuntamiento-de-caudete-y-fundacion-espanola-del-corazon-sobre-ciudad-cardiosaludable-y-cardioprotegida\\\/\",\"url\":\"https:\\\/\\\/www.caudete.org\\\/ayuntamiento\\\/colaboracion-entre-el-ayuntamiento-de-caudete-y-fundacion-espanola-del-corazon-sobre-ciudad-cardiosaludable-y-cardioprotegida\\\/\",\"name\":\"Colaboraci\u00f3n entre el Ayuntamiento de Caudete y Fundaci\u00f3n Espa\u00f1ola del Coraz\u00f3n sobre Ciudad Cardiosaludable y Cardioprotegida - MI Ayuntamiento de Caudete\",\"isPartOf\":{\"@id\":\"https:\\\/\\\/www.caudete.org\\\/ayuntamiento\\\/#website\"},\"primaryImageOfPage\":{\"@id\":\"https:\\\/\\\/www.caudete.org\\\/ayuntamiento\\\/colaboracion-entre-el-ayuntamiento-de-caudete-y-fundacion-espanola-del-corazon-sobre-ciudad-cardiosaludable-y-cardioprotegida\\\/#primaryimage\"},\"image\":{\"@id\":\"https:\\\/\\\/www.caudete.org\\\/ayuntamiento\\\/colaboracion-entre-el-ayuntamiento-de-caudete-y-fundacion-espanola-del-corazon-sobre-ciudad-cardiosaludable-y-cardioprotegida\\\/#primaryimage\"},\"thumbnailUrl\":\"https:\\\/\\\/www.caudete.org\\\/ayuntamiento\\\/wp-content\\\/uploads\\\/2023\\\/06\\\/CHARLA-CARDIORPOTECCION-CAUDETE-1-port.jpg\",\"datePublished\":\"2023-06-06T13:12:38+00:00\",\"description\":\"P\u00e1gina Oficial del Ayuntamiento de Caudete (Albacete)\",\"breadcrumb\":{\"@id\":\"https:\\\/\\\/www.caudete.org\\\/ayuntamiento\\\/colaboracion-entre-el-ayuntamiento-de-caudete-y-fundacion-espanola-del-corazon-sobre-ciudad-cardiosaludable-y-cardioprotegida\\\/#breadcrumb\"},\"inLanguage\":\"es\",\"potentialAction\":[{\"@type\":\"ReadAction\",\"target\":[\"https:\\\/\\\/www.caudete.org\\\/ayuntamiento\\\/colaboracion-entre-el-ayuntamiento-de-caudete-y-fundacion-espanola-del-corazon-sobre-ciudad-cardiosaludable-y-cardioprotegida\\\/\"]}]},{\"@type\":\"ImageObject\",\"inLanguage\":\"es\",\"@id\":\"https:\\\/\\\/www.caudete.org\\\/ayuntamiento\\\/colaboracion-entre-el-ayuntamiento-de-caudete-y-fundacion-espanola-del-corazon-sobre-ciudad-cardiosaludable-y-cardioprotegida\\\/#primaryimage\",\"url\":\"https:\\\/\\\/www.caudete.org\\\/ayuntamiento\\\/wp-content\\\/uploads\\\/2023\\\/06\\\/CHARLA-CARDIORPOTECCION-CAUDETE-1-port.jpg\",\"contentUrl\":\"https:\\\/\\\/www.caudete.org\\\/ayuntamiento\\\/wp-content\\\/uploads\\\/2023\\\/06\\\/CHARLA-CARDIORPOTECCION-CAUDETE-1-port.jpg\",\"width\":795,\"height\":391},{\"@type\":\"BreadcrumbList\",\"@id\":\"https:\\\/\\\/www.caudete.org\\\/ayuntamiento\\\/colaboracion-entre-el-ayuntamiento-de-caudete-y-fundacion-espanola-del-corazon-sobre-ciudad-cardiosaludable-y-cardioprotegida\\\/#breadcrumb\",\"itemListElement\":[{\"@type\":\"ListItem\",\"position\":1,\"name\":\"Inicio\",\"item\":\"https:\\\/\\\/www.caudete.org\\\/ayuntamiento\\\/\"},{\"@type\":\"ListItem\",\"position\":2,\"name\":\"Colaboraci\u00f3n entre el Ayuntamiento de Caudete y Fundaci\u00f3n Espa\u00f1ola del Coraz\u00f3n sobre Ciudad Cardiosaludable y Cardioprotegida\"}]},{\"@type\":\"WebSite\",\"@id\":\"https:\\\/\\\/www.caudete.org\\\/ayuntamiento\\\/#website\",\"url\":\"https:\\\/\\\/www.caudete.org\\\/ayuntamiento\\\/\",\"name\":\"MI Ayuntamiento de Caudete\",\"description\":\"P\u00e1gina Oficial del MI Ayuntamiento de Caudete\",\"publisher\":{\"@id\":\"https:\\\/\\\/www.caudete.org\\\/ayuntamiento\\\/#organization\"},\"potentialAction\":[{\"@type\":\"SearchAction\",\"target\":{\"@type\":\"EntryPoint\",\"urlTemplate\":\"https:\\\/\\\/www.caudete.org\\\/ayuntamiento\\\/?s={search_term_string}\"},\"query-input\":{\"@type\":\"PropertyValueSpecification\",\"valueRequired\":true,\"valueName\":\"search_term_string\"}}],\"inLanguage\":\"es\"},{\"@type\":\"Organization\",\"@id\":\"https:\\\/\\\/www.caudete.org\\\/ayuntamiento\\\/#organization\",\"name\":\"Ayuntamiento de Caudete\",\"url\":\"https:\\\/\\\/www.caudete.org\\\/ayuntamiento\\\/\",\"logo\":{\"@type\":\"ImageObject\",\"inLanguage\":\"es\",\"@id\":\"https:\\\/\\\/www.caudete.org\\\/ayuntamiento\\\/#\\\/schema\\\/logo\\\/image\\\/\",\"url\":\"https:\\\/\\\/www.caudete.org\\\/ayuntamiento\\\/wp-content\\\/uploads\\\/2020\\\/11\\\/logo_ayuntamiento_caudete.jpg\",\"contentUrl\":\"https:\\\/\\\/www.caudete.org\\\/ayuntamiento\\\/wp-content\\\/uploads\\\/2020\\\/11\\\/logo_ayuntamiento_caudete.jpg\",\"width\":600,\"height\":150,\"caption\":\"Ayuntamiento de Caudete\"},\"image\":{\"@id\":\"https:\\\/\\\/www.caudete.org\\\/ayuntamiento\\\/#\\\/schema\\\/logo\\\/image\\\/\"},\"sameAs\":[\"https:\\\/\\\/www.facebook.com\\\/ayuntamientocaudete\\\/\",\"https:\\\/\\\/www.youtube.com\\\/channel\\\/UC6VztHaooNsGpw-tNoBEFnQ\"]},{\"@type\":\"Person\",\"@id\":\"https:\\\/\\\/www.caudete.org\\\/ayuntamiento\\\/#\\\/schema\\\/person\\\/79f7e19fdd176fc2bc7a289013dc2056\",\"name\":\"ayun\",\"image\":{\"@type\":\"ImageObject\",\"inLanguage\":\"es\",\"@id\":\"https:\\\/\\\/secure.gravatar.com\\\/avatar\\\/4ce797ee07c943e7e592f8cd648e503e6cd571387558ed07135799c2bd2847df?s=96&d=mm&r=g\",\"url\":\"https:\\\/\\\/secure.gravatar.com\\\/avatar\\\/4ce797ee07c943e7e592f8cd648e503e6cd571387558ed07135799c2bd2847df?s=96&d=mm&r=g\",\"contentUrl\":\"https:\\\/\\\/secure.gravatar.com\\\/avatar\\\/4ce797ee07c943e7e592f8cd648e503e6cd571387558ed07135799c2bd2847df?s=96&d=mm&r=g\",\"caption\":\"ayun\"},\"sameAs\":[\"http:\\\/\\\/www.caudete.org\\\/ayuntamiento\"],\"url\":\"https:\\\/\\\/www.caudete.org\\\/ayuntamiento\\\/author\\\/ayun\\\/\"}]}<\/script>\n<!-- \/ Yoast SEO plugin. -->","yoast_head_json":{"title":"Colaboraci\u00f3n entre el Ayuntamiento de Caudete y Fundaci\u00f3n Espa\u00f1ola del Coraz\u00f3n sobre Ciudad Cardiosaludable y Cardioprotegida - MI Ayuntamiento de Caudete","description":"P\u00e1gina Oficial del Ayuntamiento de Caudete (Albacete)","robots":{"index":"index","follow":"follow","max-snippet":"max-snippet:-1","max-image-preview":"max-image-preview:large","max-video-preview":"max-video-preview:-1"},"canonical":"https:\/\/www.caudete.org\/ayuntamiento\/colaboracion-entre-el-ayuntamiento-de-caudete-y-fundacion-espanola-del-corazon-sobre-ciudad-cardiosaludable-y-cardioprotegida\/","og_locale":"es_ES","og_type":"article","og_title":"Colaboraci\u00f3n entre el Ayuntamiento de Caudete y Fundaci\u00f3n Espa\u00f1ola del Coraz\u00f3n sobre Ciudad Cardiosaludable y Cardioprotegida - MI Ayuntamiento de Caudete","og_description":"P\u00e1gina Oficial del Ayuntamiento de Caudete (Albacete)","og_url":"https:\/\/www.caudete.org\/ayuntamiento\/colaboracion-entre-el-ayuntamiento-de-caudete-y-fundacion-espanola-del-corazon-sobre-ciudad-cardiosaludable-y-cardioprotegida\/","og_site_name":"MI Ayuntamiento de Caudete","article_publisher":"https:\/\/www.facebook.com\/ayuntamientocaudete\/","article_published_time":"2023-06-06T13:12:38+00:00","og_image":[{"width":795,"height":391,"url":"https:\/\/www.caudete.org\/ayuntamiento\/wp-content\/uploads\/2023\/06\/CHARLA-CARDIORPOTECCION-CAUDETE-1-port.jpg","type":"image\/jpeg"}],"author":"ayun","twitter_card":"summary_large_image","twitter_misc":{"Escrito por":"ayun","Tiempo de lectura":"3 minutos"},"schema":{"@context":"https:\/\/schema.org","@graph":[{"@type":"Article","@id":"https:\/\/www.caudete.org\/ayuntamiento\/colaboracion-entre-el-ayuntamiento-de-caudete-y-fundacion-espanola-del-corazon-sobre-ciudad-cardiosaludable-y-cardioprotegida\/#article","isPartOf":{"@id":"https:\/\/www.caudete.org\/ayuntamiento\/colaboracion-entre-el-ayuntamiento-de-caudete-y-fundacion-espanola-del-corazon-sobre-ciudad-cardiosaludable-y-cardioprotegida\/"},"author":{"name":"ayun","@id":"https:\/\/www.caudete.org\/ayuntamiento\/#\/schema\/person\/79f7e19fdd176fc2bc7a289013dc2056"},"headline":"Colaboraci\u00f3n entre el Ayuntamiento de Caudete y Fundaci\u00f3n Espa\u00f1ola del Coraz\u00f3n sobre Ciudad Cardiosaludable y Cardioprotegida","datePublished":"2023-06-06T13:12:38+00:00","mainEntityOfPage":{"@id":"https:\/\/www.caudete.org\/ayuntamiento\/colaboracion-entre-el-ayuntamiento-de-caudete-y-fundacion-espanola-del-corazon-sobre-ciudad-cardiosaludable-y-cardioprotegida\/"},"wordCount":444,"publisher":{"@id":"https:\/\/www.caudete.org\/ayuntamiento\/#organization"},"image":{"@id":"https:\/\/www.caudete.org\/ayuntamiento\/colaboracion-entre-el-ayuntamiento-de-caudete-y-fundacion-espanola-del-corazon-sobre-ciudad-cardiosaludable-y-cardioprotegida\/#primaryimage"},"thumbnailUrl":"https:\/\/www.caudete.org\/ayuntamiento\/wp-content\/uploads\/2023\/06\/CHARLA-CARDIORPOTECCION-CAUDETE-1-port.jpg","articleSection":["Sanidad"],"inLanguage":"es"},{"@type":"WebPage","@id":"https:\/\/www.caudete.org\/ayuntamiento\/colaboracion-entre-el-ayuntamiento-de-caudete-y-fundacion-espanola-del-corazon-sobre-ciudad-cardiosaludable-y-cardioprotegida\/","url":"https:\/\/www.caudete.org\/ayuntamiento\/colaboracion-entre-el-ayuntamiento-de-caudete-y-fundacion-espanola-del-corazon-sobre-ciudad-cardiosaludable-y-cardioprotegida\/","name":"Colaboraci\u00f3n entre el Ayuntamiento de Caudete y Fundaci\u00f3n Espa\u00f1ola del Coraz\u00f3n sobre Ciudad Cardiosaludable y Cardioprotegida - MI Ayuntamiento de Caudete","isPartOf":{"@id":"https:\/\/www.caudete.org\/ayuntamiento\/#website"},"primaryImageOfPage":{"@id":"https:\/\/www.caudete.org\/ayuntamiento\/colaboracion-entre-el-ayuntamiento-de-caudete-y-fundacion-espanola-del-corazon-sobre-ciudad-cardiosaludable-y-cardioprotegida\/#primaryimage"},"image":{"@id":"https:\/\/www.caudete.org\/ayuntamiento\/colaboracion-entre-el-ayuntamiento-de-caudete-y-fundacion-espanola-del-corazon-sobre-ciudad-cardiosaludable-y-cardioprotegida\/#primaryimage"},"thumbnailUrl":"https:\/\/www.caudete.org\/ayuntamiento\/wp-content\/uploads\/2023\/06\/CHARLA-CARDIORPOTECCION-CAUDETE-1-port.jpg","datePublished":"2023-06-06T13:12:38+00:00","description":"P\u00e1gina Oficial del Ayuntamiento de Caudete (Albacete)","breadcrumb":{"@id":"https:\/\/www.caudete.org\/ayuntamiento\/colaboracion-entre-el-ayuntamiento-de-caudete-y-fundacion-espanola-del-corazon-sobre-ciudad-cardiosaludable-y-cardioprotegida\/#breadcrumb"},"inLanguage":"es","potentialAction":[{"@type":"ReadAction","target":["https:\/\/www.caudete.org\/ayuntamiento\/colaboracion-entre-el-ayuntamiento-de-caudete-y-fundacion-espanola-del-corazon-sobre-ciudad-cardiosaludable-y-cardioprotegida\/"]}]},{"@type":"ImageObject","inLanguage":"es","@id":"https:\/\/www.caudete.org\/ayuntamiento\/colaboracion-entre-el-ayuntamiento-de-caudete-y-fundacion-espanola-del-corazon-sobre-ciudad-cardiosaludable-y-cardioprotegida\/#primaryimage","url":"https:\/\/www.caudete.org\/ayuntamiento\/wp-content\/uploads\/2023\/06\/CHARLA-CARDIORPOTECCION-CAUDETE-1-port.jpg","contentUrl":"https:\/\/www.caudete.org\/ayuntamiento\/wp-content\/uploads\/2023\/06\/CHARLA-CARDIORPOTECCION-CAUDETE-1-port.jpg","width":795,"height":391},{"@type":"BreadcrumbList","@id":"https:\/\/www.caudete.org\/ayuntamiento\/colaboracion-entre-el-ayuntamiento-de-caudete-y-fundacion-espanola-del-corazon-sobre-ciudad-cardiosaludable-y-cardioprotegida\/#breadcrumb","itemListElement":[{"@type":"ListItem","position":1,"name":"Inicio","item":"https:\/\/www.caudete.org\/ayuntamiento\/"},{"@type":"ListItem","position":2,"name":"Colaboraci\u00f3n entre el Ayuntamiento de Caudete y Fundaci\u00f3n Espa\u00f1ola del Coraz\u00f3n sobre Ciudad Cardiosaludable y Cardioprotegida"}]},{"@type":"WebSite","@id":"https:\/\/www.caudete.org\/ayuntamiento\/#website","url":"https:\/\/www.caudete.org\/ayuntamiento\/","name":"MI Ayuntamiento de Caudete","description":"P\u00e1gina Oficial del MI Ayuntamiento de Caudete","publisher":{"@id":"https:\/\/www.caudete.org\/ayuntamiento\/#organization"},"potentialAction":[{"@type":"SearchAction","target":{"@type":"EntryPoint","urlTemplate":"https:\/\/www.caudete.org\/ayuntamiento\/?s={search_term_string}"},"query-input":{"@type":"PropertyValueSpecification","valueRequired":true,"valueName":"search_term_string"}}],"inLanguage":"es"},{"@type":"Organization","@id":"https:\/\/www.caudete.org\/ayuntamiento\/#organization","name":"Ayuntamiento de Caudete","url":"https:\/\/www.caudete.org\/ayuntamiento\/","logo":{"@type":"ImageObject","inLanguage":"es","@id":"https:\/\/www.caudete.org\/ayuntamiento\/#\/schema\/logo\/image\/","url":"https:\/\/www.caudete.org\/ayuntamiento\/wp-content\/uploads\/2020\/11\/logo_ayuntamiento_caudete.jpg","contentUrl":"https:\/\/www.caudete.org\/ayuntamiento\/wp-content\/uploads\/2020\/11\/logo_ayuntamiento_caudete.jpg","width":600,"height":150,"caption":"Ayuntamiento de Caudete"},"image":{"@id":"https:\/\/www.caudete.org\/ayuntamiento\/#\/schema\/logo\/image\/"},"sameAs":["https:\/\/www.facebook.com\/ayuntamientocaudete\/","https:\/\/www.youtube.com\/channel\/UC6VztHaooNsGpw-tNoBEFnQ"]},{"@type":"Person","@id":"https:\/\/www.caudete.org\/ayuntamiento\/#\/schema\/person\/79f7e19fdd176fc2bc7a289013dc2056","name":"ayun","image":{"@type":"ImageObject","inLanguage":"es","@id":"https:\/\/secure.gravatar.com\/avatar\/4ce797ee07c943e7e592f8cd648e503e6cd571387558ed07135799c2bd2847df?s=96&d=mm&r=g","url":"https:\/\/secure.gravatar.com\/avatar\/4ce797ee07c943e7e592f8cd648e503e6cd571387558ed07135799c2bd2847df?s=96&d=mm&r=g","contentUrl":"https:\/\/secure.gravatar.com\/avatar\/4ce797ee07c943e7e592f8cd648e503e6cd571387558ed07135799c2bd2847df?s=96&d=mm&r=g","caption":"ayun"},"sameAs":["http:\/\/www.caudete.org\/ayuntamiento"],"url":"https:\/\/www.caudete.org\/ayuntamiento\/author\/ayun\/"}]}},"_links":{"self":[{"href":"https:\/\/www.caudete.org\/ayuntamiento\/wp-json\/wp\/v2\/posts\/22414","targetHints":{"allow":["GET"]}}],"collection":[{"href":"https:\/\/www.caudete.org\/ayuntamiento\/wp-json\/wp\/v2\/posts"}],"about":[{"href":"https:\/\/www.caudete.org\/ayuntamiento\/wp-json\/wp\/v2\/types\/post"}],"author":[{"embeddable":true,"href":"https:\/\/www.caudete.org\/ayuntamiento\/wp-json\/wp\/v2\/users\/1"}],"replies":[{"embeddable":true,"href":"https:\/\/www.caudete.org\/ayuntamiento\/wp-json\/wp\/v2\/comments?post=22414"}],"version-history":[{"count":2,"href":"https:\/\/www.caudete.org\/ayuntamiento\/wp-json\/wp\/v2\/posts\/22414\/revisions"}],"predecessor-version":[{"id":22422,"href":"https:\/\/www.caudete.org\/ayuntamiento\/wp-json\/wp\/v2\/posts\/22414\/revisions\/22422"}],"wp:featuredmedia":[{"embeddable":true,"href":"https:\/\/www.caudete.org\/ayuntamiento\/wp-json\/wp\/v2\/media\/22420"}],"wp:attachment":[{"href":"https:\/\/www.caudete.org\/ayuntamiento\/wp-json\/wp\/v2\/media?parent=22414"}],"wp:term":[{"taxonomy":"category","embeddable":true,"href":"https:\/\/www.caudete.org\/ayuntamiento\/wp-json\/wp\/v2\/categories?post=22414"},{"taxonomy":"post_tag","embeddable":true,"href":"https:\/\/www.caudete.org\/ayuntamiento\/wp-json\/wp\/v2\/tags?post=22414"}],"curies":[{"name":"wp","href":"https:\/\/api.w.org\/{rel}","templated":true}]}}