{"id":22426,"date":"2023-06-09T19:20:37","date_gmt":"2023-06-09T17:20:37","guid":{"rendered":"https:\/\/www.caudete.org\/ayuntamiento\/?p=22426"},"modified":"2023-06-09T19:20:37","modified_gmt":"2023-06-09T17:20:37","slug":"se-licita-la-construccion-de-60-nuevos-nichos-en-el-cementerio-colmantando-la-ultima-manzana-disponible","status":"publish","type":"post","link":"https:\/\/www.caudete.org\/ayuntamiento\/se-licita-la-construccion-de-60-nuevos-nichos-en-el-cementerio-colmantando-la-ultima-manzana-disponible\/","title":{"rendered":"Se licita la construcci\u00f3n de 60 nuevos nichos en el Cementerio, colmantando la \u00faltima manzana disponible"},"content":{"rendered":"<p><a href=\"https:\/\/www.caudete.org\/ayuntamiento\/wp-content\/uploads\/2022\/03\/alzado-nichos.jpg\" rel='prettyPhoto'><img fetchpriority=\"high\" decoding=\"async\" class=\"alignnone wp-image-18488 size-full\" src=\"https:\/\/www.caudete.org\/ayuntamiento\/wp-content\/uploads\/2022\/03\/alzado-nichos.jpg\" alt=\"\" width=\"1327\" height=\"555\" srcset=\"https:\/\/www.caudete.org\/ayuntamiento\/wp-content\/uploads\/2022\/03\/alzado-nichos.jpg 1327w, https:\/\/www.caudete.org\/ayuntamiento\/wp-content\/uploads\/2022\/03\/alzado-nichos-300x125.jpg 300w, https:\/\/www.caudete.org\/ayuntamiento\/wp-content\/uploads\/2022\/03\/alzado-nichos-1024x428.jpg 1024w, https:\/\/www.caudete.org\/ayuntamiento\/wp-content\/uploads\/2022\/03\/alzado-nichos-768x321.jpg 768w\" sizes=\"(max-width: 1327px) 100vw, 1327px\" \/><\/a><\/p>\n<p style=\"text-align: justify;\">Seg\u00fan ha informado el Alcalde Mois\u00e9s L\u00f3pez, el Ayuntamiento ha sacado a licitaci\u00f3n la construcci\u00f3n de 60 nuevos nichos en el Cementerio Municipal, pudiendo las empresas constructoras presentar oferta hasta el pr\u00f3ximo mi\u00e9rcoles 14 de Junio, tras lo cual se proceder\u00e1 a la resoluci\u00f3n del expediente y adjudicaci\u00f3n de las obras a la mejor oferta presentada, en base a los criterios t\u00e9cnicos puntuables.<\/p>\n<p style=\"text-align: justify;\">El proyecto contempla la construcci\u00f3n con elementos prefabricados de hormig\u00f3n, siguiendo la l\u00ednea establecida en los anteriores, con 3 alturas. As\u00ed, no solamente se consigue uniformidad del conjunto, sino tambi\u00e9n mayor solidez y rapidez en su construcci\u00f3n, generando una menor cantidad de residuos en la obra a ejecutar. La cubierta ser\u00e1 de teja cer\u00e1mica mixta, y los muretes de cierre laterales de ladrillo cer\u00e1mico cara vista, donde quedar\u00e1 espacio para contener en un futuro columbarios para cenizas.<\/p>\n<p style=\"text-align: justify;\">Se estima el plazo de ejecuci\u00f3n de las obras en 60 d\u00edas y el presupuesto de ejecuci\u00f3n de las obras asciende a 43.410&#8217;11 \u20ac \u20ac (Beneficio Industrial, Gastos Generales e IVA incluido), y se establecen como criterios de puntuaci\u00f3n:<\/p>\n<ul style=\"text-align: justify;\">\n<li>20 puntos m\u00e1ximo a la oferta econ\u00f3mica m\u00e1s ventajosa.<\/li>\n<li>10 puntos m\u00e1ximo a la rebaja de d\u00edas de ejecuci\u00f3n de obra, a raz\u00f3n de 0&#8217;5 ptos\/d\u00eda con un m\u00e1ximo de rebaja de 20 d\u00edas naturales.<\/li>\n<li>70 puntos a la mejora de suministro de 20 columbarios de cenizas dobles y 10 sencillos, seg\u00fan caracter\u00edsticas fijadas en informe adjunto a proyecto.<\/li>\n<\/ul>\n<p style=\"text-align: justify;\">Con una superficie de 84 m<sup>2<\/sup>, esta obra colmatar\u00e1 el Grupo 24, iniciado en Marzo de 2022. Este hecho supondr\u00e1 adem\u00e1s que se completa la \u00faltima de las manzanas englobadas en la actual urbanizaci\u00f3n del recinto inaugurado en 1997 bajo el mandato de Elisa Pag\u00e1n. As\u00ed las cosas, en dicho recinto urbanizado quedar\u00e1 pendiente la ejecuci\u00f3n de dos grupos: la continuaci\u00f3n del 22 y la del 14, adosadas a las tapias, para la presente legislatura, as\u00ed como el comienzo de la ampliaci\u00f3n del nuevo Cementerio, en el que se ha estado trabajando toda la legislatura que ahora termina, para ejecutarse en la que dar\u00e1 comienzo en unos d\u00edas.<\/p>\n<p>&nbsp;<\/p>\n<p style=\"text-align: justify;\">\n<p style=\"text-align: justify;\">\n<p style=\"text-align: justify;\">\n<p style=\"text-align: justify;\">\n<p><a href=\"https:\/\/www.caudete.org\/ayuntamiento\/wp-content\/uploads\/2022\/03\/seccion-nichos.jpg\" rel='prettyPhoto'><img decoding=\"async\" class=\"alignnone wp-image-18487 size-full\" src=\"https:\/\/www.caudete.org\/ayuntamiento\/wp-content\/uploads\/2022\/03\/seccion-nichos.jpg\" alt=\"\" width=\"1144\" height=\"710\" srcset=\"https:\/\/www.caudete.org\/ayuntamiento\/wp-content\/uploads\/2022\/03\/seccion-nichos.jpg 1144w, https:\/\/www.caudete.org\/ayuntamiento\/wp-content\/uploads\/2022\/03\/seccion-nichos-300x186.jpg 300w, https:\/\/www.caudete.org\/ayuntamiento\/wp-content\/uploads\/2022\/03\/seccion-nichos-1024x636.jpg 1024w, https:\/\/www.caudete.org\/ayuntamiento\/wp-content\/uploads\/2022\/03\/seccion-nichos-768x477.jpg 768w\" sizes=\"(max-width: 1144px) 100vw, 1144px\" \/><\/a><\/p>\n","protected":false},"excerpt":{"rendered":"<p>Seg\u00fan ha informado el Alcalde Mois\u00e9s L\u00f3pez, el Ayuntamiento ha sacado a licitaci\u00f3n la construcci\u00f3n de 60 nuevos nichos en el Cementerio Municipal, pudiendo las empresas constructoras presentar oferta hasta el pr\u00f3ximo mi\u00e9rcoles 14 de Junio, tras lo cual se proceder\u00e1 a la resoluci\u00f3n del expediente y adjudicaci\u00f3n de las obras a la mejor oferta &hellip;<\/p>\n","protected":false},"author":3,"featured_media":22427,"comment_status":"closed","ping_status":"open","sticky":false,"template":"","format":"standard","meta":{"ngg_post_thumbnail":0,"footnotes":""},"categories":[30],"tags":[],"class_list":["post-22426","post","type-post","status-publish","format-standard","has-post-thumbnail","hentry","category-cementerio"],"yoast_head":"<!-- This site is optimized with the Yoast SEO plugin v27.5 - https:\/\/yoast.com\/product\/yoast-seo-wordpress\/ -->\n<title>Se licita la construcci\u00f3n de 60 nuevos nichos en el Cementerio, colmantando la \u00faltima manzana disponible - MI Ayuntamiento de Caudete<\/title>\n<meta name=\"description\" content=\"P\u00e1gina Oficial del Ayuntamiento de Caudete (Albacete)\" \/>\n<meta name=\"robots\" content=\"index, follow, max-snippet:-1, max-image-preview:large, max-video-preview:-1\" \/>\n<link rel=\"canonical\" href=\"https:\/\/www.caudete.org\/ayuntamiento\/se-licita-la-construccion-de-60-nuevos-nichos-en-el-cementerio-colmantando-la-ultima-manzana-disponible\/\" \/>\n<meta property=\"og:locale\" content=\"es_ES\" \/>\n<meta property=\"og:type\" content=\"article\" \/>\n<meta property=\"og:title\" content=\"Se licita la construcci\u00f3n de 60 nuevos nichos en el Cementerio, colmantando la \u00faltima manzana disponible - MI Ayuntamiento de Caudete\" \/>\n<meta property=\"og:description\" content=\"P\u00e1gina Oficial del Ayuntamiento de Caudete (Albacete)\" \/>\n<meta property=\"og:url\" content=\"https:\/\/www.caudete.org\/ayuntamiento\/se-licita-la-construccion-de-60-nuevos-nichos-en-el-cementerio-colmantando-la-ultima-manzana-disponible\/\" \/>\n<meta property=\"og:site_name\" content=\"MI Ayuntamiento de Caudete\" \/>\n<meta property=\"article:publisher\" content=\"https:\/\/www.facebook.com\/ayuntamientocaudete\/\" \/>\n<meta property=\"article:published_time\" content=\"2023-06-09T17:20:37+00:00\" \/>\n<meta property=\"og:image\" content=\"https:\/\/www.caudete.org\/ayuntamiento\/wp-content\/uploads\/2023\/06\/nichos-grupo-24.png\" \/>\n\t<meta property=\"og:image:width\" content=\"1175\" \/>\n\t<meta property=\"og:image:height\" content=\"622\" \/>\n\t<meta property=\"og:image:type\" content=\"image\/png\" \/>\n<meta name=\"author\" content=\"alcalde\" \/>\n<meta name=\"twitter:card\" content=\"summary_large_image\" \/>\n<meta name=\"twitter:label1\" content=\"Escrito por\" \/>\n\t<meta name=\"twitter:data1\" content=\"alcalde\" \/>\n\t<meta name=\"twitter:label2\" content=\"Tiempo de lectura\" \/>\n\t<meta name=\"twitter:data2\" content=\"2 minutos\" \/>\n<script type=\"application\/ld+json\" class=\"yoast-schema-graph\">{\"@context\":\"https:\\\/\\\/schema.org\",\"@graph\":[{\"@type\":\"Article\",\"@id\":\"https:\\\/\\\/www.caudete.org\\\/ayuntamiento\\\/se-licita-la-construccion-de-60-nuevos-nichos-en-el-cementerio-colmantando-la-ultima-manzana-disponible\\\/#article\",\"isPartOf\":{\"@id\":\"https:\\\/\\\/www.caudete.org\\\/ayuntamiento\\\/se-licita-la-construccion-de-60-nuevos-nichos-en-el-cementerio-colmantando-la-ultima-manzana-disponible\\\/\"},\"author\":{\"name\":\"alcalde\",\"@id\":\"https:\\\/\\\/www.caudete.org\\\/ayuntamiento\\\/#\\\/schema\\\/person\\\/cc646da9133078ee4d8dd47457947253\"},\"headline\":\"Se licita la construcci\u00f3n de 60 nuevos nichos en el Cementerio, colmantando la \u00faltima manzana disponible\",\"datePublished\":\"2023-06-09T17:20:37+00:00\",\"mainEntityOfPage\":{\"@id\":\"https:\\\/\\\/www.caudete.org\\\/ayuntamiento\\\/se-licita-la-construccion-de-60-nuevos-nichos-en-el-cementerio-colmantando-la-ultima-manzana-disponible\\\/\"},\"wordCount\":384,\"publisher\":{\"@id\":\"https:\\\/\\\/www.caudete.org\\\/ayuntamiento\\\/#organization\"},\"image\":{\"@id\":\"https:\\\/\\\/www.caudete.org\\\/ayuntamiento\\\/se-licita-la-construccion-de-60-nuevos-nichos-en-el-cementerio-colmantando-la-ultima-manzana-disponible\\\/#primaryimage\"},\"thumbnailUrl\":\"https:\\\/\\\/www.caudete.org\\\/ayuntamiento\\\/wp-content\\\/uploads\\\/2023\\\/06\\\/nichos-grupo-24.png\",\"articleSection\":[\"Cementerio\"],\"inLanguage\":\"es\"},{\"@type\":\"WebPage\",\"@id\":\"https:\\\/\\\/www.caudete.org\\\/ayuntamiento\\\/se-licita-la-construccion-de-60-nuevos-nichos-en-el-cementerio-colmantando-la-ultima-manzana-disponible\\\/\",\"url\":\"https:\\\/\\\/www.caudete.org\\\/ayuntamiento\\\/se-licita-la-construccion-de-60-nuevos-nichos-en-el-cementerio-colmantando-la-ultima-manzana-disponible\\\/\",\"name\":\"Se licita la construcci\u00f3n de 60 nuevos nichos en el Cementerio, colmantando la \u00faltima manzana disponible - MI Ayuntamiento de Caudete\",\"isPartOf\":{\"@id\":\"https:\\\/\\\/www.caudete.org\\\/ayuntamiento\\\/#website\"},\"primaryImageOfPage\":{\"@id\":\"https:\\\/\\\/www.caudete.org\\\/ayuntamiento\\\/se-licita-la-construccion-de-60-nuevos-nichos-en-el-cementerio-colmantando-la-ultima-manzana-disponible\\\/#primaryimage\"},\"image\":{\"@id\":\"https:\\\/\\\/www.caudete.org\\\/ayuntamiento\\\/se-licita-la-construccion-de-60-nuevos-nichos-en-el-cementerio-colmantando-la-ultima-manzana-disponible\\\/#primaryimage\"},\"thumbnailUrl\":\"https:\\\/\\\/www.caudete.org\\\/ayuntamiento\\\/wp-content\\\/uploads\\\/2023\\\/06\\\/nichos-grupo-24.png\",\"datePublished\":\"2023-06-09T17:20:37+00:00\",\"description\":\"P\u00e1gina Oficial del Ayuntamiento de Caudete (Albacete)\",\"breadcrumb\":{\"@id\":\"https:\\\/\\\/www.caudete.org\\\/ayuntamiento\\\/se-licita-la-construccion-de-60-nuevos-nichos-en-el-cementerio-colmantando-la-ultima-manzana-disponible\\\/#breadcrumb\"},\"inLanguage\":\"es\",\"potentialAction\":[{\"@type\":\"ReadAction\",\"target\":[\"https:\\\/\\\/www.caudete.org\\\/ayuntamiento\\\/se-licita-la-construccion-de-60-nuevos-nichos-en-el-cementerio-colmantando-la-ultima-manzana-disponible\\\/\"]}]},{\"@type\":\"ImageObject\",\"inLanguage\":\"es\",\"@id\":\"https:\\\/\\\/www.caudete.org\\\/ayuntamiento\\\/se-licita-la-construccion-de-60-nuevos-nichos-en-el-cementerio-colmantando-la-ultima-manzana-disponible\\\/#primaryimage\",\"url\":\"https:\\\/\\\/www.caudete.org\\\/ayuntamiento\\\/wp-content\\\/uploads\\\/2023\\\/06\\\/nichos-grupo-24.png\",\"contentUrl\":\"https:\\\/\\\/www.caudete.org\\\/ayuntamiento\\\/wp-content\\\/uploads\\\/2023\\\/06\\\/nichos-grupo-24.png\",\"width\":1175,\"height\":622},{\"@type\":\"BreadcrumbList\",\"@id\":\"https:\\\/\\\/www.caudete.org\\\/ayuntamiento\\\/se-licita-la-construccion-de-60-nuevos-nichos-en-el-cementerio-colmantando-la-ultima-manzana-disponible\\\/#breadcrumb\",\"itemListElement\":[{\"@type\":\"ListItem\",\"position\":1,\"name\":\"Inicio\",\"item\":\"https:\\\/\\\/www.caudete.org\\\/ayuntamiento\\\/\"},{\"@type\":\"ListItem\",\"position\":2,\"name\":\"Se licita la construcci\u00f3n de 60 nuevos nichos en el Cementerio, colmantando la \u00faltima manzana disponible\"}]},{\"@type\":\"WebSite\",\"@id\":\"https:\\\/\\\/www.caudete.org\\\/ayuntamiento\\\/#website\",\"url\":\"https:\\\/\\\/www.caudete.org\\\/ayuntamiento\\\/\",\"name\":\"MI Ayuntamiento de Caudete\",\"description\":\"P\u00e1gina Oficial del MI Ayuntamiento de Caudete\",\"publisher\":{\"@id\":\"https:\\\/\\\/www.caudete.org\\\/ayuntamiento\\\/#organization\"},\"potentialAction\":[{\"@type\":\"SearchAction\",\"target\":{\"@type\":\"EntryPoint\",\"urlTemplate\":\"https:\\\/\\\/www.caudete.org\\\/ayuntamiento\\\/?s={search_term_string}\"},\"query-input\":{\"@type\":\"PropertyValueSpecification\",\"valueRequired\":true,\"valueName\":\"search_term_string\"}}],\"inLanguage\":\"es\"},{\"@type\":\"Organization\",\"@id\":\"https:\\\/\\\/www.caudete.org\\\/ayuntamiento\\\/#organization\",\"name\":\"Ayuntamiento de Caudete\",\"url\":\"https:\\\/\\\/www.caudete.org\\\/ayuntamiento\\\/\",\"logo\":{\"@type\":\"ImageObject\",\"inLanguage\":\"es\",\"@id\":\"https:\\\/\\\/www.caudete.org\\\/ayuntamiento\\\/#\\\/schema\\\/logo\\\/image\\\/\",\"url\":\"https:\\\/\\\/www.caudete.org\\\/ayuntamiento\\\/wp-content\\\/uploads\\\/2020\\\/11\\\/logo_ayuntamiento_caudete.jpg\",\"contentUrl\":\"https:\\\/\\\/www.caudete.org\\\/ayuntamiento\\\/wp-content\\\/uploads\\\/2020\\\/11\\\/logo_ayuntamiento_caudete.jpg\",\"width\":600,\"height\":150,\"caption\":\"Ayuntamiento de Caudete\"},\"image\":{\"@id\":\"https:\\\/\\\/www.caudete.org\\\/ayuntamiento\\\/#\\\/schema\\\/logo\\\/image\\\/\"},\"sameAs\":[\"https:\\\/\\\/www.facebook.com\\\/ayuntamientocaudete\\\/\",\"https:\\\/\\\/www.youtube.com\\\/channel\\\/UC6VztHaooNsGpw-tNoBEFnQ\"]},{\"@type\":\"Person\",\"@id\":\"https:\\\/\\\/www.caudete.org\\\/ayuntamiento\\\/#\\\/schema\\\/person\\\/cc646da9133078ee4d8dd47457947253\",\"name\":\"alcalde\",\"image\":{\"@type\":\"ImageObject\",\"inLanguage\":\"es\",\"@id\":\"https:\\\/\\\/secure.gravatar.com\\\/avatar\\\/84a817ba065b29ff08d666b215a215f5c79186a645ccb25b14a663d48a130f77?s=96&d=mm&r=g\",\"url\":\"https:\\\/\\\/secure.gravatar.com\\\/avatar\\\/84a817ba065b29ff08d666b215a215f5c79186a645ccb25b14a663d48a130f77?s=96&d=mm&r=g\",\"contentUrl\":\"https:\\\/\\\/secure.gravatar.com\\\/avatar\\\/84a817ba065b29ff08d666b215a215f5c79186a645ccb25b14a663d48a130f77?s=96&d=mm&r=g\",\"caption\":\"alcalde\"},\"url\":\"https:\\\/\\\/www.caudete.org\\\/ayuntamiento\\\/author\\\/alcalde\\\/\"}]}<\/script>\n<!-- \/ Yoast SEO plugin. -->","yoast_head_json":{"title":"Se licita la construcci\u00f3n de 60 nuevos nichos en el Cementerio, colmantando la \u00faltima manzana disponible - MI Ayuntamiento de Caudete","description":"P\u00e1gina Oficial del Ayuntamiento de Caudete (Albacete)","robots":{"index":"index","follow":"follow","max-snippet":"max-snippet:-1","max-image-preview":"max-image-preview:large","max-video-preview":"max-video-preview:-1"},"canonical":"https:\/\/www.caudete.org\/ayuntamiento\/se-licita-la-construccion-de-60-nuevos-nichos-en-el-cementerio-colmantando-la-ultima-manzana-disponible\/","og_locale":"es_ES","og_type":"article","og_title":"Se licita la construcci\u00f3n de 60 nuevos nichos en el Cementerio, colmantando la \u00faltima manzana disponible - MI Ayuntamiento de Caudete","og_description":"P\u00e1gina Oficial del Ayuntamiento de Caudete (Albacete)","og_url":"https:\/\/www.caudete.org\/ayuntamiento\/se-licita-la-construccion-de-60-nuevos-nichos-en-el-cementerio-colmantando-la-ultima-manzana-disponible\/","og_site_name":"MI Ayuntamiento de Caudete","article_publisher":"https:\/\/www.facebook.com\/ayuntamientocaudete\/","article_published_time":"2023-06-09T17:20:37+00:00","og_image":[{"width":1175,"height":622,"url":"https:\/\/www.caudete.org\/ayuntamiento\/wp-content\/uploads\/2023\/06\/nichos-grupo-24.png","type":"image\/png"}],"author":"alcalde","twitter_card":"summary_large_image","twitter_misc":{"Escrito por":"alcalde","Tiempo de lectura":"2 minutos"},"schema":{"@context":"https:\/\/schema.org","@graph":[{"@type":"Article","@id":"https:\/\/www.caudete.org\/ayuntamiento\/se-licita-la-construccion-de-60-nuevos-nichos-en-el-cementerio-colmantando-la-ultima-manzana-disponible\/#article","isPartOf":{"@id":"https:\/\/www.caudete.org\/ayuntamiento\/se-licita-la-construccion-de-60-nuevos-nichos-en-el-cementerio-colmantando-la-ultima-manzana-disponible\/"},"author":{"name":"alcalde","@id":"https:\/\/www.caudete.org\/ayuntamiento\/#\/schema\/person\/cc646da9133078ee4d8dd47457947253"},"headline":"Se licita la construcci\u00f3n de 60 nuevos nichos en el Cementerio, colmantando la \u00faltima manzana disponible","datePublished":"2023-06-09T17:20:37+00:00","mainEntityOfPage":{"@id":"https:\/\/www.caudete.org\/ayuntamiento\/se-licita-la-construccion-de-60-nuevos-nichos-en-el-cementerio-colmantando-la-ultima-manzana-disponible\/"},"wordCount":384,"publisher":{"@id":"https:\/\/www.caudete.org\/ayuntamiento\/#organization"},"image":{"@id":"https:\/\/www.caudete.org\/ayuntamiento\/se-licita-la-construccion-de-60-nuevos-nichos-en-el-cementerio-colmantando-la-ultima-manzana-disponible\/#primaryimage"},"thumbnailUrl":"https:\/\/www.caudete.org\/ayuntamiento\/wp-content\/uploads\/2023\/06\/nichos-grupo-24.png","articleSection":["Cementerio"],"inLanguage":"es"},{"@type":"WebPage","@id":"https:\/\/www.caudete.org\/ayuntamiento\/se-licita-la-construccion-de-60-nuevos-nichos-en-el-cementerio-colmantando-la-ultima-manzana-disponible\/","url":"https:\/\/www.caudete.org\/ayuntamiento\/se-licita-la-construccion-de-60-nuevos-nichos-en-el-cementerio-colmantando-la-ultima-manzana-disponible\/","name":"Se licita la construcci\u00f3n de 60 nuevos nichos en el Cementerio, colmantando la \u00faltima manzana disponible - MI Ayuntamiento de Caudete","isPartOf":{"@id":"https:\/\/www.caudete.org\/ayuntamiento\/#website"},"primaryImageOfPage":{"@id":"https:\/\/www.caudete.org\/ayuntamiento\/se-licita-la-construccion-de-60-nuevos-nichos-en-el-cementerio-colmantando-la-ultima-manzana-disponible\/#primaryimage"},"image":{"@id":"https:\/\/www.caudete.org\/ayuntamiento\/se-licita-la-construccion-de-60-nuevos-nichos-en-el-cementerio-colmantando-la-ultima-manzana-disponible\/#primaryimage"},"thumbnailUrl":"https:\/\/www.caudete.org\/ayuntamiento\/wp-content\/uploads\/2023\/06\/nichos-grupo-24.png","datePublished":"2023-06-09T17:20:37+00:00","description":"P\u00e1gina Oficial del Ayuntamiento de Caudete (Albacete)","breadcrumb":{"@id":"https:\/\/www.caudete.org\/ayuntamiento\/se-licita-la-construccion-de-60-nuevos-nichos-en-el-cementerio-colmantando-la-ultima-manzana-disponible\/#breadcrumb"},"inLanguage":"es","potentialAction":[{"@type":"ReadAction","target":["https:\/\/www.caudete.org\/ayuntamiento\/se-licita-la-construccion-de-60-nuevos-nichos-en-el-cementerio-colmantando-la-ultima-manzana-disponible\/"]}]},{"@type":"ImageObject","inLanguage":"es","@id":"https:\/\/www.caudete.org\/ayuntamiento\/se-licita-la-construccion-de-60-nuevos-nichos-en-el-cementerio-colmantando-la-ultima-manzana-disponible\/#primaryimage","url":"https:\/\/www.caudete.org\/ayuntamiento\/wp-content\/uploads\/2023\/06\/nichos-grupo-24.png","contentUrl":"https:\/\/www.caudete.org\/ayuntamiento\/wp-content\/uploads\/2023\/06\/nichos-grupo-24.png","width":1175,"height":622},{"@type":"BreadcrumbList","@id":"https:\/\/www.caudete.org\/ayuntamiento\/se-licita-la-construccion-de-60-nuevos-nichos-en-el-cementerio-colmantando-la-ultima-manzana-disponible\/#breadcrumb","itemListElement":[{"@type":"ListItem","position":1,"name":"Inicio","item":"https:\/\/www.caudete.org\/ayuntamiento\/"},{"@type":"ListItem","position":2,"name":"Se licita la construcci\u00f3n de 60 nuevos nichos en el Cementerio, colmantando la \u00faltima manzana disponible"}]},{"@type":"WebSite","@id":"https:\/\/www.caudete.org\/ayuntamiento\/#website","url":"https:\/\/www.caudete.org\/ayuntamiento\/","name":"MI Ayuntamiento de Caudete","description":"P\u00e1gina Oficial del MI Ayuntamiento de Caudete","publisher":{"@id":"https:\/\/www.caudete.org\/ayuntamiento\/#organization"},"potentialAction":[{"@type":"SearchAction","target":{"@type":"EntryPoint","urlTemplate":"https:\/\/www.caudete.org\/ayuntamiento\/?s={search_term_string}"},"query-input":{"@type":"PropertyValueSpecification","valueRequired":true,"valueName":"search_term_string"}}],"inLanguage":"es"},{"@type":"Organization","@id":"https:\/\/www.caudete.org\/ayuntamiento\/#organization","name":"Ayuntamiento de Caudete","url":"https:\/\/www.caudete.org\/ayuntamiento\/","logo":{"@type":"ImageObject","inLanguage":"es","@id":"https:\/\/www.caudete.org\/ayuntamiento\/#\/schema\/logo\/image\/","url":"https:\/\/www.caudete.org\/ayuntamiento\/wp-content\/uploads\/2020\/11\/logo_ayuntamiento_caudete.jpg","contentUrl":"https:\/\/www.caudete.org\/ayuntamiento\/wp-content\/uploads\/2020\/11\/logo_ayuntamiento_caudete.jpg","width":600,"height":150,"caption":"Ayuntamiento de Caudete"},"image":{"@id":"https:\/\/www.caudete.org\/ayuntamiento\/#\/schema\/logo\/image\/"},"sameAs":["https:\/\/www.facebook.com\/ayuntamientocaudete\/","https:\/\/www.youtube.com\/channel\/UC6VztHaooNsGpw-tNoBEFnQ"]},{"@type":"Person","@id":"https:\/\/www.caudete.org\/ayuntamiento\/#\/schema\/person\/cc646da9133078ee4d8dd47457947253","name":"alcalde","image":{"@type":"ImageObject","inLanguage":"es","@id":"https:\/\/secure.gravatar.com\/avatar\/84a817ba065b29ff08d666b215a215f5c79186a645ccb25b14a663d48a130f77?s=96&d=mm&r=g","url":"https:\/\/secure.gravatar.com\/avatar\/84a817ba065b29ff08d666b215a215f5c79186a645ccb25b14a663d48a130f77?s=96&d=mm&r=g","contentUrl":"https:\/\/secure.gravatar.com\/avatar\/84a817ba065b29ff08d666b215a215f5c79186a645ccb25b14a663d48a130f77?s=96&d=mm&r=g","caption":"alcalde"},"url":"https:\/\/www.caudete.org\/ayuntamiento\/author\/alcalde\/"}]}},"_links":{"self":[{"href":"https:\/\/www.caudete.org\/ayuntamiento\/wp-json\/wp\/v2\/posts\/22426","targetHints":{"allow":["GET"]}}],"collection":[{"href":"https:\/\/www.caudete.org\/ayuntamiento\/wp-json\/wp\/v2\/posts"}],"about":[{"href":"https:\/\/www.caudete.org\/ayuntamiento\/wp-json\/wp\/v2\/types\/post"}],"author":[{"embeddable":true,"href":"https:\/\/www.caudete.org\/ayuntamiento\/wp-json\/wp\/v2\/users\/3"}],"replies":[{"embeddable":true,"href":"https:\/\/www.caudete.org\/ayuntamiento\/wp-json\/wp\/v2\/comments?post=22426"}],"version-history":[{"count":1,"href":"https:\/\/www.caudete.org\/ayuntamiento\/wp-json\/wp\/v2\/posts\/22426\/revisions"}],"predecessor-version":[{"id":22428,"href":"https:\/\/www.caudete.org\/ayuntamiento\/wp-json\/wp\/v2\/posts\/22426\/revisions\/22428"}],"wp:featuredmedia":[{"embeddable":true,"href":"https:\/\/www.caudete.org\/ayuntamiento\/wp-json\/wp\/v2\/media\/22427"}],"wp:attachment":[{"href":"https:\/\/www.caudete.org\/ayuntamiento\/wp-json\/wp\/v2\/media?parent=22426"}],"wp:term":[{"taxonomy":"category","embeddable":true,"href":"https:\/\/www.caudete.org\/ayuntamiento\/wp-json\/wp\/v2\/categories?post=22426"},{"taxonomy":"post_tag","embeddable":true,"href":"https:\/\/www.caudete.org\/ayuntamiento\/wp-json\/wp\/v2\/tags?post=22426"}],"curies":[{"name":"wp","href":"https:\/\/api.w.org\/{rel}","templated":true}]}}