{"id":22429,"date":"2023-06-12T13:41:02","date_gmt":"2023-06-12T11:41:02","guid":{"rendered":"https:\/\/www.caudete.org\/ayuntamiento\/?p=22429"},"modified":"2023-06-12T13:41:05","modified_gmt":"2023-06-12T11:41:05","slug":"celebrada-jornada-dentro-del-proyecto-caudete-cardioprotegido-y-cardiosaludable","status":"publish","type":"post","link":"https:\/\/www.caudete.org\/ayuntamiento\/celebrada-jornada-dentro-del-proyecto-caudete-cardioprotegido-y-cardiosaludable\/","title":{"rendered":"Celebrada Jornada dentro del proyecto &#8220;Caudete Cardioprotegido y Cardiosaludable&#8221;"},"content":{"rendered":"<p>Desde la Concejal\u00eda de Sanidad damos a conocer la actividad realizada dentro de nuestro proyecto Caudete cardioprotegido y cardiosaludable,para promover la salud en la comunidad, garantizar la seguridad y atenci\u00f3n inmediata en casos de parocard\u00edaco en espacios p\u00fablicos.<br \/>\nHemos hecho un mapeo de desfibriladores, un inventario de los DEA disponibles en el municipio, tanto en espacios p\u00fablicos c\u00f3mo en espacios privados, siendo registrada la ubicaci\u00f3n de ellos.<br \/>\nContamos con un 7 desfibriladores en nuestro municipio, Polideportivo I, Polideportivo II, Piscina Cubierta, Casa de Cultura, Centro de Mayores, Polic\u00eda y Protecci\u00f3n Civil, con la formaci\u00f3n espec\u00edfica al personal municipal de los espacios p\u00fablicos d\u00f3nde se encuentran los desfibriladores y as\u00ed poder brindar asistencia b\u00e1sica en situaciones de emergencia.<br \/>\n\u00c9stos dispositivos se encuentran registrados en la App Ariadna, un proyecto de la Sociedad Espa\u00f1ola de Cardiolog\u00eda, Fundaci\u00f3n Espa\u00f1ola del Coraz\u00f3n y Cruz Roja, trat\u00e1ndose de un mapa colaborativo de desfibriladores en Espa\u00f1a, con la que con ella, podemos dar respuesta \u00e1gil y r\u00e1pida localizando los desfibriladores m\u00e1s cercanos a tu ubicaci\u00f3n.<br \/>\nCon ello queremos concienciar al municipio sobre la importancia de la cardioprotecci\u00f3n y la reanimaci\u00f3n cardiopulmoanr, siempre en colaboraci\u00f3n con entidades de salud y expertos en emergencias m\u00e9dicas. Para ello hemos creado un acuerdo de colaboraci\u00f3n con la Fundaci\u00f3n Espa\u00f1ola del Coraz\u00f3n y la Sociedad de espa\u00f1ola de Cardiolog\u00eda, un proyecto de ciudad\/ entorno saludable y cardioprotegido. El pasado viernes empezamos una de las actividades con ellos, y continuaremos con muchas otras actuaciones.<\/p>\n<p>Con estas jornadas organizadas con los colegios y p\u00fablico en general, hemos pretendido dar clases para mejorar la supervivencia de una parada card\u00edaca en la calle, practicar las maniobras correctamente y el uso de un desfibrilador junto con el aprendizaje de los primeros auxilios b\u00e1sicos.<br \/>\nAgradecidos de trabajar con \u00e9stas grandes entidades y seguiremos ampliando dicho proyecto.<\/p>\n<p><a href=\"https:\/\/www.caudete.org\/ayuntamiento\/celebrada-jornada-dentro-del-proyecto-caudete-cardioprotegido-y-cardiosaludable\/20230609_110508\/\" rel=\"attachment wp-att-22430\"><img fetchpriority=\"high\" decoding=\"async\" class=\"aligncenter size-full wp-image-22430\" src=\"https:\/\/www.caudete.org\/ayuntamiento\/wp-content\/uploads\/2023\/06\/20230609_110508.jpg\" rel='prettyPhoto' alt=\"\" width=\"800\" height=\"600\" srcset=\"https:\/\/www.caudete.org\/ayuntamiento\/wp-content\/uploads\/2023\/06\/20230609_110508.jpg 800w, https:\/\/www.caudete.org\/ayuntamiento\/wp-content\/uploads\/2023\/06\/20230609_110508-300x225.jpg 300w, https:\/\/www.caudete.org\/ayuntamiento\/wp-content\/uploads\/2023\/06\/20230609_110508-768x576.jpg 768w\" sizes=\"(max-width: 800px) 100vw, 800px\" \/><\/a> <a href=\"https:\/\/www.caudete.org\/ayuntamiento\/celebrada-jornada-dentro-del-proyecto-caudete-cardioprotegido-y-cardiosaludable\/20230609_123031\/\" rel=\"attachment wp-att-22431\"><img decoding=\"async\" class=\"aligncenter size-full wp-image-22431\" src=\"https:\/\/www.caudete.org\/ayuntamiento\/wp-content\/uploads\/2023\/06\/20230609_123031.jpg\" rel='prettyPhoto' alt=\"\" width=\"800\" height=\"600\" srcset=\"https:\/\/www.caudete.org\/ayuntamiento\/wp-content\/uploads\/2023\/06\/20230609_123031.jpg 800w, https:\/\/www.caudete.org\/ayuntamiento\/wp-content\/uploads\/2023\/06\/20230609_123031-300x225.jpg 300w, https:\/\/www.caudete.org\/ayuntamiento\/wp-content\/uploads\/2023\/06\/20230609_123031-768x576.jpg 768w\" sizes=\"(max-width: 800px) 100vw, 800px\" \/><\/a> <a href=\"https:\/\/www.caudete.org\/ayuntamiento\/celebrada-jornada-dentro-del-proyecto-caudete-cardioprotegido-y-cardiosaludable\/img-20230609-wa0015\/\" rel=\"attachment wp-att-22432\"><img decoding=\"async\" class=\"aligncenter size-full wp-image-22432\" src=\"https:\/\/www.caudete.org\/ayuntamiento\/wp-content\/uploads\/2023\/06\/IMG-20230609-WA0015.jpg\" rel='prettyPhoto' alt=\"\" width=\"2048\" height=\"1532\" srcset=\"https:\/\/www.caudete.org\/ayuntamiento\/wp-content\/uploads\/2023\/06\/IMG-20230609-WA0015.jpg 2048w, https:\/\/www.caudete.org\/ayuntamiento\/wp-content\/uploads\/2023\/06\/IMG-20230609-WA0015-300x224.jpg 300w, https:\/\/www.caudete.org\/ayuntamiento\/wp-content\/uploads\/2023\/06\/IMG-20230609-WA0015-1024x766.jpg 1024w, https:\/\/www.caudete.org\/ayuntamiento\/wp-content\/uploads\/2023\/06\/IMG-20230609-WA0015-768x575.jpg 768w, https:\/\/www.caudete.org\/ayuntamiento\/wp-content\/uploads\/2023\/06\/IMG-20230609-WA0015-1536x1149.jpg 1536w\" sizes=\"(max-width: 2048px) 100vw, 2048px\" \/><\/a><\/p>\n","protected":false},"excerpt":{"rendered":"<p>Desde la Concejal\u00eda de Sanidad damos a conocer la actividad realizada dentro de nuestro proyecto Caudete cardioprotegido y cardiosaludable,para promover la salud en la comunidad, garantizar la seguridad y atenci\u00f3n inmediata en casos de parocard\u00edaco en espacios p\u00fablicos. Hemos hecho un mapeo de desfibriladores, un inventario de los DEA disponibles en el municipio, tanto en &hellip;<\/p>\n","protected":false},"author":1,"featured_media":22433,"comment_status":"closed","ping_status":"open","sticky":false,"template":"","format":"standard","meta":{"ngg_post_thumbnail":0,"footnotes":""},"categories":[16],"tags":[],"class_list":["post-22429","post","type-post","status-publish","format-standard","has-post-thumbnail","hentry","category-sanidad"],"yoast_head":"<!-- This site is optimized with the Yoast SEO plugin v27.5 - https:\/\/yoast.com\/product\/yoast-seo-wordpress\/ -->\n<title>Celebrada Jornada dentro del proyecto &quot;Caudete Cardioprotegido y Cardiosaludable&quot; - MI Ayuntamiento de Caudete<\/title>\n<meta name=\"description\" content=\"P\u00e1gina Oficial del Ayuntamiento de Caudete (Albacete)\" \/>\n<meta name=\"robots\" content=\"index, follow, max-snippet:-1, max-image-preview:large, max-video-preview:-1\" \/>\n<link rel=\"canonical\" href=\"https:\/\/www.caudete.org\/ayuntamiento\/celebrada-jornada-dentro-del-proyecto-caudete-cardioprotegido-y-cardiosaludable\/\" \/>\n<meta property=\"og:locale\" content=\"es_ES\" \/>\n<meta property=\"og:type\" content=\"article\" \/>\n<meta property=\"og:title\" content=\"Celebrada Jornada dentro del proyecto &quot;Caudete Cardioprotegido y Cardiosaludable&quot; - MI Ayuntamiento de Caudete\" \/>\n<meta property=\"og:description\" content=\"P\u00e1gina Oficial del Ayuntamiento de Caudete (Albacete)\" \/>\n<meta property=\"og:url\" content=\"https:\/\/www.caudete.org\/ayuntamiento\/celebrada-jornada-dentro-del-proyecto-caudete-cardioprotegido-y-cardiosaludable\/\" \/>\n<meta property=\"og:site_name\" content=\"MI Ayuntamiento de Caudete\" \/>\n<meta property=\"article:publisher\" content=\"https:\/\/www.facebook.com\/ayuntamientocaudete\/\" \/>\n<meta property=\"article:published_time\" content=\"2023-06-12T11:41:02+00:00\" \/>\n<meta property=\"article:modified_time\" content=\"2023-06-12T11:41:05+00:00\" \/>\n<meta property=\"og:image\" content=\"https:\/\/www.caudete.org\/ayuntamiento\/wp-content\/uploads\/2023\/06\/IMG-20230609-WA0015-port.jpg\" \/>\n\t<meta property=\"og:image:width\" content=\"1239\" \/>\n\t<meta property=\"og:image:height\" content=\"676\" \/>\n\t<meta property=\"og:image:type\" content=\"image\/jpeg\" \/>\n<meta name=\"author\" content=\"ayun\" \/>\n<meta name=\"twitter:card\" content=\"summary_large_image\" \/>\n<meta name=\"twitter:label1\" content=\"Escrito por\" \/>\n\t<meta name=\"twitter:data1\" content=\"ayun\" \/>\n\t<meta name=\"twitter:label2\" content=\"Tiempo de lectura\" \/>\n\t<meta name=\"twitter:data2\" content=\"2 minutos\" \/>\n<script type=\"application\/ld+json\" class=\"yoast-schema-graph\">{\"@context\":\"https:\\\/\\\/schema.org\",\"@graph\":[{\"@type\":\"Article\",\"@id\":\"https:\\\/\\\/www.caudete.org\\\/ayuntamiento\\\/celebrada-jornada-dentro-del-proyecto-caudete-cardioprotegido-y-cardiosaludable\\\/#article\",\"isPartOf\":{\"@id\":\"https:\\\/\\\/www.caudete.org\\\/ayuntamiento\\\/celebrada-jornada-dentro-del-proyecto-caudete-cardioprotegido-y-cardiosaludable\\\/\"},\"author\":{\"name\":\"ayun\",\"@id\":\"https:\\\/\\\/www.caudete.org\\\/ayuntamiento\\\/#\\\/schema\\\/person\\\/79f7e19fdd176fc2bc7a289013dc2056\"},\"headline\":\"Celebrada Jornada dentro del proyecto &#8220;Caudete Cardioprotegido y Cardiosaludable&#8221;\",\"datePublished\":\"2023-06-12T11:41:02+00:00\",\"dateModified\":\"2023-06-12T11:41:05+00:00\",\"mainEntityOfPage\":{\"@id\":\"https:\\\/\\\/www.caudete.org\\\/ayuntamiento\\\/celebrada-jornada-dentro-del-proyecto-caudete-cardioprotegido-y-cardiosaludable\\\/\"},\"wordCount\":345,\"publisher\":{\"@id\":\"https:\\\/\\\/www.caudete.org\\\/ayuntamiento\\\/#organization\"},\"image\":{\"@id\":\"https:\\\/\\\/www.caudete.org\\\/ayuntamiento\\\/celebrada-jornada-dentro-del-proyecto-caudete-cardioprotegido-y-cardiosaludable\\\/#primaryimage\"},\"thumbnailUrl\":\"https:\\\/\\\/www.caudete.org\\\/ayuntamiento\\\/wp-content\\\/uploads\\\/2023\\\/06\\\/IMG-20230609-WA0015-port.jpg\",\"articleSection\":[\"Sanidad\"],\"inLanguage\":\"es\"},{\"@type\":\"WebPage\",\"@id\":\"https:\\\/\\\/www.caudete.org\\\/ayuntamiento\\\/celebrada-jornada-dentro-del-proyecto-caudete-cardioprotegido-y-cardiosaludable\\\/\",\"url\":\"https:\\\/\\\/www.caudete.org\\\/ayuntamiento\\\/celebrada-jornada-dentro-del-proyecto-caudete-cardioprotegido-y-cardiosaludable\\\/\",\"name\":\"Celebrada Jornada dentro del proyecto \\\"Caudete Cardioprotegido y Cardiosaludable\\\" - MI Ayuntamiento de Caudete\",\"isPartOf\":{\"@id\":\"https:\\\/\\\/www.caudete.org\\\/ayuntamiento\\\/#website\"},\"primaryImageOfPage\":{\"@id\":\"https:\\\/\\\/www.caudete.org\\\/ayuntamiento\\\/celebrada-jornada-dentro-del-proyecto-caudete-cardioprotegido-y-cardiosaludable\\\/#primaryimage\"},\"image\":{\"@id\":\"https:\\\/\\\/www.caudete.org\\\/ayuntamiento\\\/celebrada-jornada-dentro-del-proyecto-caudete-cardioprotegido-y-cardiosaludable\\\/#primaryimage\"},\"thumbnailUrl\":\"https:\\\/\\\/www.caudete.org\\\/ayuntamiento\\\/wp-content\\\/uploads\\\/2023\\\/06\\\/IMG-20230609-WA0015-port.jpg\",\"datePublished\":\"2023-06-12T11:41:02+00:00\",\"dateModified\":\"2023-06-12T11:41:05+00:00\",\"description\":\"P\u00e1gina Oficial del Ayuntamiento de Caudete (Albacete)\",\"breadcrumb\":{\"@id\":\"https:\\\/\\\/www.caudete.org\\\/ayuntamiento\\\/celebrada-jornada-dentro-del-proyecto-caudete-cardioprotegido-y-cardiosaludable\\\/#breadcrumb\"},\"inLanguage\":\"es\",\"potentialAction\":[{\"@type\":\"ReadAction\",\"target\":[\"https:\\\/\\\/www.caudete.org\\\/ayuntamiento\\\/celebrada-jornada-dentro-del-proyecto-caudete-cardioprotegido-y-cardiosaludable\\\/\"]}]},{\"@type\":\"ImageObject\",\"inLanguage\":\"es\",\"@id\":\"https:\\\/\\\/www.caudete.org\\\/ayuntamiento\\\/celebrada-jornada-dentro-del-proyecto-caudete-cardioprotegido-y-cardiosaludable\\\/#primaryimage\",\"url\":\"https:\\\/\\\/www.caudete.org\\\/ayuntamiento\\\/wp-content\\\/uploads\\\/2023\\\/06\\\/IMG-20230609-WA0015-port.jpg\",\"contentUrl\":\"https:\\\/\\\/www.caudete.org\\\/ayuntamiento\\\/wp-content\\\/uploads\\\/2023\\\/06\\\/IMG-20230609-WA0015-port.jpg\",\"width\":1239,\"height\":676},{\"@type\":\"BreadcrumbList\",\"@id\":\"https:\\\/\\\/www.caudete.org\\\/ayuntamiento\\\/celebrada-jornada-dentro-del-proyecto-caudete-cardioprotegido-y-cardiosaludable\\\/#breadcrumb\",\"itemListElement\":[{\"@type\":\"ListItem\",\"position\":1,\"name\":\"Inicio\",\"item\":\"https:\\\/\\\/www.caudete.org\\\/ayuntamiento\\\/\"},{\"@type\":\"ListItem\",\"position\":2,\"name\":\"Celebrada Jornada dentro del proyecto &#8220;Caudete Cardioprotegido y Cardiosaludable&#8221;\"}]},{\"@type\":\"WebSite\",\"@id\":\"https:\\\/\\\/www.caudete.org\\\/ayuntamiento\\\/#website\",\"url\":\"https:\\\/\\\/www.caudete.org\\\/ayuntamiento\\\/\",\"name\":\"MI Ayuntamiento de Caudete\",\"description\":\"P\u00e1gina Oficial del MI Ayuntamiento de Caudete\",\"publisher\":{\"@id\":\"https:\\\/\\\/www.caudete.org\\\/ayuntamiento\\\/#organization\"},\"potentialAction\":[{\"@type\":\"SearchAction\",\"target\":{\"@type\":\"EntryPoint\",\"urlTemplate\":\"https:\\\/\\\/www.caudete.org\\\/ayuntamiento\\\/?s={search_term_string}\"},\"query-input\":{\"@type\":\"PropertyValueSpecification\",\"valueRequired\":true,\"valueName\":\"search_term_string\"}}],\"inLanguage\":\"es\"},{\"@type\":\"Organization\",\"@id\":\"https:\\\/\\\/www.caudete.org\\\/ayuntamiento\\\/#organization\",\"name\":\"Ayuntamiento de Caudete\",\"url\":\"https:\\\/\\\/www.caudete.org\\\/ayuntamiento\\\/\",\"logo\":{\"@type\":\"ImageObject\",\"inLanguage\":\"es\",\"@id\":\"https:\\\/\\\/www.caudete.org\\\/ayuntamiento\\\/#\\\/schema\\\/logo\\\/image\\\/\",\"url\":\"https:\\\/\\\/www.caudete.org\\\/ayuntamiento\\\/wp-content\\\/uploads\\\/2020\\\/11\\\/logo_ayuntamiento_caudete.jpg\",\"contentUrl\":\"https:\\\/\\\/www.caudete.org\\\/ayuntamiento\\\/wp-content\\\/uploads\\\/2020\\\/11\\\/logo_ayuntamiento_caudete.jpg\",\"width\":600,\"height\":150,\"caption\":\"Ayuntamiento de Caudete\"},\"image\":{\"@id\":\"https:\\\/\\\/www.caudete.org\\\/ayuntamiento\\\/#\\\/schema\\\/logo\\\/image\\\/\"},\"sameAs\":[\"https:\\\/\\\/www.facebook.com\\\/ayuntamientocaudete\\\/\",\"https:\\\/\\\/www.youtube.com\\\/channel\\\/UC6VztHaooNsGpw-tNoBEFnQ\"]},{\"@type\":\"Person\",\"@id\":\"https:\\\/\\\/www.caudete.org\\\/ayuntamiento\\\/#\\\/schema\\\/person\\\/79f7e19fdd176fc2bc7a289013dc2056\",\"name\":\"ayun\",\"image\":{\"@type\":\"ImageObject\",\"inLanguage\":\"es\",\"@id\":\"https:\\\/\\\/secure.gravatar.com\\\/avatar\\\/4ce797ee07c943e7e592f8cd648e503e6cd571387558ed07135799c2bd2847df?s=96&d=mm&r=g\",\"url\":\"https:\\\/\\\/secure.gravatar.com\\\/avatar\\\/4ce797ee07c943e7e592f8cd648e503e6cd571387558ed07135799c2bd2847df?s=96&d=mm&r=g\",\"contentUrl\":\"https:\\\/\\\/secure.gravatar.com\\\/avatar\\\/4ce797ee07c943e7e592f8cd648e503e6cd571387558ed07135799c2bd2847df?s=96&d=mm&r=g\",\"caption\":\"ayun\"},\"sameAs\":[\"http:\\\/\\\/www.caudete.org\\\/ayuntamiento\"],\"url\":\"https:\\\/\\\/www.caudete.org\\\/ayuntamiento\\\/author\\\/ayun\\\/\"}]}<\/script>\n<!-- \/ Yoast SEO plugin. -->","yoast_head_json":{"title":"Celebrada Jornada dentro del proyecto \"Caudete Cardioprotegido y Cardiosaludable\" - MI Ayuntamiento de Caudete","description":"P\u00e1gina Oficial del Ayuntamiento de Caudete (Albacete)","robots":{"index":"index","follow":"follow","max-snippet":"max-snippet:-1","max-image-preview":"max-image-preview:large","max-video-preview":"max-video-preview:-1"},"canonical":"https:\/\/www.caudete.org\/ayuntamiento\/celebrada-jornada-dentro-del-proyecto-caudete-cardioprotegido-y-cardiosaludable\/","og_locale":"es_ES","og_type":"article","og_title":"Celebrada Jornada dentro del proyecto \"Caudete Cardioprotegido y Cardiosaludable\" - MI Ayuntamiento de Caudete","og_description":"P\u00e1gina Oficial del Ayuntamiento de Caudete (Albacete)","og_url":"https:\/\/www.caudete.org\/ayuntamiento\/celebrada-jornada-dentro-del-proyecto-caudete-cardioprotegido-y-cardiosaludable\/","og_site_name":"MI Ayuntamiento de Caudete","article_publisher":"https:\/\/www.facebook.com\/ayuntamientocaudete\/","article_published_time":"2023-06-12T11:41:02+00:00","article_modified_time":"2023-06-12T11:41:05+00:00","og_image":[{"width":1239,"height":676,"url":"https:\/\/www.caudete.org\/ayuntamiento\/wp-content\/uploads\/2023\/06\/IMG-20230609-WA0015-port.jpg","type":"image\/jpeg"}],"author":"ayun","twitter_card":"summary_large_image","twitter_misc":{"Escrito por":"ayun","Tiempo de lectura":"2 minutos"},"schema":{"@context":"https:\/\/schema.org","@graph":[{"@type":"Article","@id":"https:\/\/www.caudete.org\/ayuntamiento\/celebrada-jornada-dentro-del-proyecto-caudete-cardioprotegido-y-cardiosaludable\/#article","isPartOf":{"@id":"https:\/\/www.caudete.org\/ayuntamiento\/celebrada-jornada-dentro-del-proyecto-caudete-cardioprotegido-y-cardiosaludable\/"},"author":{"name":"ayun","@id":"https:\/\/www.caudete.org\/ayuntamiento\/#\/schema\/person\/79f7e19fdd176fc2bc7a289013dc2056"},"headline":"Celebrada Jornada dentro del proyecto &#8220;Caudete Cardioprotegido y Cardiosaludable&#8221;","datePublished":"2023-06-12T11:41:02+00:00","dateModified":"2023-06-12T11:41:05+00:00","mainEntityOfPage":{"@id":"https:\/\/www.caudete.org\/ayuntamiento\/celebrada-jornada-dentro-del-proyecto-caudete-cardioprotegido-y-cardiosaludable\/"},"wordCount":345,"publisher":{"@id":"https:\/\/www.caudete.org\/ayuntamiento\/#organization"},"image":{"@id":"https:\/\/www.caudete.org\/ayuntamiento\/celebrada-jornada-dentro-del-proyecto-caudete-cardioprotegido-y-cardiosaludable\/#primaryimage"},"thumbnailUrl":"https:\/\/www.caudete.org\/ayuntamiento\/wp-content\/uploads\/2023\/06\/IMG-20230609-WA0015-port.jpg","articleSection":["Sanidad"],"inLanguage":"es"},{"@type":"WebPage","@id":"https:\/\/www.caudete.org\/ayuntamiento\/celebrada-jornada-dentro-del-proyecto-caudete-cardioprotegido-y-cardiosaludable\/","url":"https:\/\/www.caudete.org\/ayuntamiento\/celebrada-jornada-dentro-del-proyecto-caudete-cardioprotegido-y-cardiosaludable\/","name":"Celebrada Jornada dentro del proyecto \"Caudete Cardioprotegido y Cardiosaludable\" - MI Ayuntamiento de Caudete","isPartOf":{"@id":"https:\/\/www.caudete.org\/ayuntamiento\/#website"},"primaryImageOfPage":{"@id":"https:\/\/www.caudete.org\/ayuntamiento\/celebrada-jornada-dentro-del-proyecto-caudete-cardioprotegido-y-cardiosaludable\/#primaryimage"},"image":{"@id":"https:\/\/www.caudete.org\/ayuntamiento\/celebrada-jornada-dentro-del-proyecto-caudete-cardioprotegido-y-cardiosaludable\/#primaryimage"},"thumbnailUrl":"https:\/\/www.caudete.org\/ayuntamiento\/wp-content\/uploads\/2023\/06\/IMG-20230609-WA0015-port.jpg","datePublished":"2023-06-12T11:41:02+00:00","dateModified":"2023-06-12T11:41:05+00:00","description":"P\u00e1gina Oficial del Ayuntamiento de Caudete (Albacete)","breadcrumb":{"@id":"https:\/\/www.caudete.org\/ayuntamiento\/celebrada-jornada-dentro-del-proyecto-caudete-cardioprotegido-y-cardiosaludable\/#breadcrumb"},"inLanguage":"es","potentialAction":[{"@type":"ReadAction","target":["https:\/\/www.caudete.org\/ayuntamiento\/celebrada-jornada-dentro-del-proyecto-caudete-cardioprotegido-y-cardiosaludable\/"]}]},{"@type":"ImageObject","inLanguage":"es","@id":"https:\/\/www.caudete.org\/ayuntamiento\/celebrada-jornada-dentro-del-proyecto-caudete-cardioprotegido-y-cardiosaludable\/#primaryimage","url":"https:\/\/www.caudete.org\/ayuntamiento\/wp-content\/uploads\/2023\/06\/IMG-20230609-WA0015-port.jpg","contentUrl":"https:\/\/www.caudete.org\/ayuntamiento\/wp-content\/uploads\/2023\/06\/IMG-20230609-WA0015-port.jpg","width":1239,"height":676},{"@type":"BreadcrumbList","@id":"https:\/\/www.caudete.org\/ayuntamiento\/celebrada-jornada-dentro-del-proyecto-caudete-cardioprotegido-y-cardiosaludable\/#breadcrumb","itemListElement":[{"@type":"ListItem","position":1,"name":"Inicio","item":"https:\/\/www.caudete.org\/ayuntamiento\/"},{"@type":"ListItem","position":2,"name":"Celebrada Jornada dentro del proyecto &#8220;Caudete Cardioprotegido y Cardiosaludable&#8221;"}]},{"@type":"WebSite","@id":"https:\/\/www.caudete.org\/ayuntamiento\/#website","url":"https:\/\/www.caudete.org\/ayuntamiento\/","name":"MI Ayuntamiento de Caudete","description":"P\u00e1gina Oficial del MI Ayuntamiento de Caudete","publisher":{"@id":"https:\/\/www.caudete.org\/ayuntamiento\/#organization"},"potentialAction":[{"@type":"SearchAction","target":{"@type":"EntryPoint","urlTemplate":"https:\/\/www.caudete.org\/ayuntamiento\/?s={search_term_string}"},"query-input":{"@type":"PropertyValueSpecification","valueRequired":true,"valueName":"search_term_string"}}],"inLanguage":"es"},{"@type":"Organization","@id":"https:\/\/www.caudete.org\/ayuntamiento\/#organization","name":"Ayuntamiento de Caudete","url":"https:\/\/www.caudete.org\/ayuntamiento\/","logo":{"@type":"ImageObject","inLanguage":"es","@id":"https:\/\/www.caudete.org\/ayuntamiento\/#\/schema\/logo\/image\/","url":"https:\/\/www.caudete.org\/ayuntamiento\/wp-content\/uploads\/2020\/11\/logo_ayuntamiento_caudete.jpg","contentUrl":"https:\/\/www.caudete.org\/ayuntamiento\/wp-content\/uploads\/2020\/11\/logo_ayuntamiento_caudete.jpg","width":600,"height":150,"caption":"Ayuntamiento de Caudete"},"image":{"@id":"https:\/\/www.caudete.org\/ayuntamiento\/#\/schema\/logo\/image\/"},"sameAs":["https:\/\/www.facebook.com\/ayuntamientocaudete\/","https:\/\/www.youtube.com\/channel\/UC6VztHaooNsGpw-tNoBEFnQ"]},{"@type":"Person","@id":"https:\/\/www.caudete.org\/ayuntamiento\/#\/schema\/person\/79f7e19fdd176fc2bc7a289013dc2056","name":"ayun","image":{"@type":"ImageObject","inLanguage":"es","@id":"https:\/\/secure.gravatar.com\/avatar\/4ce797ee07c943e7e592f8cd648e503e6cd571387558ed07135799c2bd2847df?s=96&d=mm&r=g","url":"https:\/\/secure.gravatar.com\/avatar\/4ce797ee07c943e7e592f8cd648e503e6cd571387558ed07135799c2bd2847df?s=96&d=mm&r=g","contentUrl":"https:\/\/secure.gravatar.com\/avatar\/4ce797ee07c943e7e592f8cd648e503e6cd571387558ed07135799c2bd2847df?s=96&d=mm&r=g","caption":"ayun"},"sameAs":["http:\/\/www.caudete.org\/ayuntamiento"],"url":"https:\/\/www.caudete.org\/ayuntamiento\/author\/ayun\/"}]}},"_links":{"self":[{"href":"https:\/\/www.caudete.org\/ayuntamiento\/wp-json\/wp\/v2\/posts\/22429","targetHints":{"allow":["GET"]}}],"collection":[{"href":"https:\/\/www.caudete.org\/ayuntamiento\/wp-json\/wp\/v2\/posts"}],"about":[{"href":"https:\/\/www.caudete.org\/ayuntamiento\/wp-json\/wp\/v2\/types\/post"}],"author":[{"embeddable":true,"href":"https:\/\/www.caudete.org\/ayuntamiento\/wp-json\/wp\/v2\/users\/1"}],"replies":[{"embeddable":true,"href":"https:\/\/www.caudete.org\/ayuntamiento\/wp-json\/wp\/v2\/comments?post=22429"}],"version-history":[{"count":2,"href":"https:\/\/www.caudete.org\/ayuntamiento\/wp-json\/wp\/v2\/posts\/22429\/revisions"}],"predecessor-version":[{"id":22435,"href":"https:\/\/www.caudete.org\/ayuntamiento\/wp-json\/wp\/v2\/posts\/22429\/revisions\/22435"}],"wp:featuredmedia":[{"embeddable":true,"href":"https:\/\/www.caudete.org\/ayuntamiento\/wp-json\/wp\/v2\/media\/22433"}],"wp:attachment":[{"href":"https:\/\/www.caudete.org\/ayuntamiento\/wp-json\/wp\/v2\/media?parent=22429"}],"wp:term":[{"taxonomy":"category","embeddable":true,"href":"https:\/\/www.caudete.org\/ayuntamiento\/wp-json\/wp\/v2\/categories?post=22429"},{"taxonomy":"post_tag","embeddable":true,"href":"https:\/\/www.caudete.org\/ayuntamiento\/wp-json\/wp\/v2\/tags?post=22429"}],"curies":[{"name":"wp","href":"https:\/\/api.w.org\/{rel}","templated":true}]}}