{"id":22436,"date":"2023-06-13T11:17:41","date_gmt":"2023-06-13T09:17:41","guid":{"rendered":"https:\/\/www.caudete.org\/ayuntamiento\/?p=22436"},"modified":"2023-06-13T11:17:42","modified_gmt":"2023-06-13T09:17:42","slug":"encuentro-literario-online-con-paula-farias-el-viernes-16-de-junio-a-las-1930-horas-en-el-museo-de-la-acuarela-rafael-requena-de-caudete","status":"publish","type":"post","link":"https:\/\/www.caudete.org\/ayuntamiento\/encuentro-literario-online-con-paula-farias-el-viernes-16-de-junio-a-las-1930-horas-en-el-museo-de-la-acuarela-rafael-requena-de-caudete\/","title":{"rendered":"Encuentro literario online con Paula Farias,  el viernes 16 de junio  a las 19:30 horas,  en el museo de la acuarela \u201cRafael Requena\u201d de Caudete"},"content":{"rendered":"<p>Desde la Concejal\u00eda de Cultura del M.I. Ayuntamiento de Caudete, informamos de la pr\u00f3xima actividad literaria con la presentaci\u00f3n online de la novela Piel de Deriva de Paula Farias<\/p>\n<p>Organizado desde la Biblioteca P\u00fablica Municipal Ana Mar\u00eda Matute, este evento literario contar\u00e1 con la participaci\u00f3n de la autora de forma online a trav\u00e9s del canal de Instagram de la Biblioteca llamado @Caudetebiblio y tendr\u00e1 lugar el viernes 16 de junio a las 19:30 horas, en el Museo de la Acuarela \u201cRafael Requena\u201d. Este acto contar\u00e1 adem\u00e1s con la participaci\u00f3n de Emilia Bautista, presidenta de Caudete Se Mueve<\/p>\n<p>Con motivo de la efem\u00e9ride del 20 de junio, del D\u00eda Mundial de Refugiado desde Caudete Se Mueve, se va a realizar una Semana de actividades. Entre las que se encuadra \u00e9sta. Caudete se Mueve es una Plataforma ciudadana creada para denunciar la violacion de los DDHH y ayudar en lo que sea posible en los casos que sea necesario.&nbsp;<\/p>\n<p>Paula Farias es m\u00e9dico, trabajadora humanitaria y contadora de historias que desgrana en cuentos, libros, canciones y poemas. Tras unos a\u00f1os navegando con Greenpeace, comenz\u00f3 a trabajar para M\u00e9dicos Sin Fronteras en la guerra de los Balcanes, lo que despu\u00e9s la llev\u00f3 a coordinar emergencias en cat\u00e1strofes naturales, epidemias y conflictos armados, incluyendo la guerra de Kosovo, una experiencia que se trasluce en su primera novela, &#8220;Dejarse llover&#8221; (2005), que m\u00e1s tarde Fernando Le\u00f3n de Aranoa llevar\u00eda al cine con el t\u00edtulo &#8220;A perfect day&#8221; y que merecer\u00eda el Premio Goya al Mejor Guion Adaptado. En 2004, public\u00f3 el libro de relatos &#8220;D\u00e9jate contar un cuento&#8221; y, en 2021, &#8220;Fantasmas azules&#8221;, ambientada en la guerra de Afganist\u00e1n. Tras presidir M\u00e9dicos Sin Fronteras, puso en marcha las operaciones de rescate que la organizaci\u00f3n despleg\u00f3 en el Mediterr\u00e1neo para dar respuesta a una crisis que a\u00fan hoy contin\u00faa y subyace en las p\u00e1ginas de &#8220;Piel de deriva&#8221;. Tambi\u00e9n disponible de Paula Farias en AdN: &#8220;Fantasmas azules&#8221;<br \/>\nPor su parte Emilia Bautista forma parte de la Plataforma Ciudadana Caudete se Mueve desde el a\u00f1o 2016. A trav\u00e9s de esta plataforma hemos&nbsp; visitado y realizado labores de voluntariado en pa\u00edses como Grecia , durante la crisis de Los Refugiados que huyen de la guerra en Siria, colaborando con En Red SOS Refugiados Europa, de la que tambi\u00e9n formamos parte como vocal .&nbsp;Hemos&nbsp; trabajado en los campamentos de refugiados de Atenas y en la isla de Lesvos. Tambi\u00e9n hemos trabajado en Senegal , M\u00e9xico, y Palestina realizando igualmente labores de voluntariado&nbsp; durante todo este tiempo. Actualmente seguimos realizando trabajo de sensibilizaci\u00f3n y denuncia en zonas de conflicto y en cualquier lugar donde los Derechos Humanos sean violados. Realizamos charlas , mesas de debate, coloquios .. donde documentamos la situaci\u00f3n de vulnerabilidad que sufre millones de personas , e intentamos que la sociedad no los olvide. Ademas de realizar recogidas de Ayuda Humanitaria que hacemos llegar donde sea necesaria a trav\u00e9s del envi\u00f3 de Contenedores Solidarios<\/p>\n<p>En esta presentaci\u00f3n literaria se podr\u00e1n adquirir su libro. Adem\u00e1s la Biblioteca P\u00fablica Municipal contar\u00e1 con dos ejemplares de esta novela para su lectura y pr\u00e9stamo. Agradecemos la colaboraci\u00f3n del grupo Anaya editorial por facilitarnos este encuentro literario.<br \/>\nInvitamos a todos los interesados en esta actividad a su asistencia a este evento, os esperamos.<\/p>\n<p><a href=\"https:\/\/www.caudete.org\/ayuntamiento\/encuentro-literario-online-con-paula-farias-el-viernes-16-de-junio-a-las-1930-horas-en-el-museo-de-la-acuarela-rafael-requena-de-caudete\/piel-de-deriva\/\" rel=\"attachment wp-att-22437\"><img fetchpriority=\"high\" decoding=\"async\" class=\"aligncenter size-full wp-image-22437\" src=\"https:\/\/www.caudete.org\/ayuntamiento\/wp-content\/uploads\/2023\/06\/piel-de-deriva.jpg\" rel='prettyPhoto' alt=\"\" width=\"800\" height=\"1132\" srcset=\"https:\/\/www.caudete.org\/ayuntamiento\/wp-content\/uploads\/2023\/06\/piel-de-deriva.jpg 800w, https:\/\/www.caudete.org\/ayuntamiento\/wp-content\/uploads\/2023\/06\/piel-de-deriva-212x300.jpg 212w, https:\/\/www.caudete.org\/ayuntamiento\/wp-content\/uploads\/2023\/06\/piel-de-deriva-724x1024.jpg 724w, https:\/\/www.caudete.org\/ayuntamiento\/wp-content\/uploads\/2023\/06\/piel-de-deriva-768x1087.jpg 768w\" sizes=\"(max-width: 800px) 100vw, 800px\" \/><\/a><\/p>\n","protected":false},"excerpt":{"rendered":"<p>Desde la Concejal\u00eda de Cultura del M.I. Ayuntamiento de Caudete, informamos de la pr\u00f3xima actividad literaria con la presentaci\u00f3n online de la novela Piel de Deriva de Paula Farias Organizado desde la Biblioteca P\u00fablica Municipal Ana Mar\u00eda Matute, este evento literario contar\u00e1 con la participaci\u00f3n de la autora de forma online a trav\u00e9s del canal &hellip;<\/p>\n","protected":false},"author":1,"featured_media":22438,"comment_status":"closed","ping_status":"open","sticky":false,"template":"","format":"standard","meta":{"ngg_post_thumbnail":0,"footnotes":""},"categories":[14],"tags":[],"class_list":["post-22436","post","type-post","status-publish","format-standard","has-post-thumbnail","hentry","category-cultura"],"yoast_head":"<!-- This site is optimized with the Yoast SEO plugin v27.4 - https:\/\/yoast.com\/product\/yoast-seo-wordpress\/ -->\n<title>Encuentro literario online con Paula Farias, el viernes 16 de junio a las 19:30 horas, en el museo de la acuarela \u201cRafael Requena\u201d de Caudete - MI Ayuntamiento de Caudete<\/title>\n<meta name=\"description\" content=\"P\u00e1gina Oficial del Ayuntamiento de Caudete (Albacete)\" \/>\n<meta name=\"robots\" content=\"index, follow, max-snippet:-1, max-image-preview:large, max-video-preview:-1\" \/>\n<link rel=\"canonical\" href=\"https:\/\/www.caudete.org\/ayuntamiento\/encuentro-literario-online-con-paula-farias-el-viernes-16-de-junio-a-las-1930-horas-en-el-museo-de-la-acuarela-rafael-requena-de-caudete\/\" \/>\n<meta property=\"og:locale\" content=\"es_ES\" \/>\n<meta property=\"og:type\" content=\"article\" \/>\n<meta property=\"og:title\" content=\"Encuentro literario online con Paula Farias, el viernes 16 de junio a las 19:30 horas, en el museo de la acuarela \u201cRafael Requena\u201d de Caudete - MI Ayuntamiento de Caudete\" \/>\n<meta property=\"og:description\" content=\"P\u00e1gina Oficial del Ayuntamiento de Caudete (Albacete)\" \/>\n<meta property=\"og:url\" content=\"https:\/\/www.caudete.org\/ayuntamiento\/encuentro-literario-online-con-paula-farias-el-viernes-16-de-junio-a-las-1930-horas-en-el-museo-de-la-acuarela-rafael-requena-de-caudete\/\" \/>\n<meta property=\"og:site_name\" content=\"MI Ayuntamiento de Caudete\" \/>\n<meta property=\"article:publisher\" content=\"https:\/\/www.facebook.com\/ayuntamientocaudete\/\" \/>\n<meta property=\"article:published_time\" content=\"2023-06-13T09:17:41+00:00\" \/>\n<meta property=\"article:modified_time\" content=\"2023-06-13T09:17:42+00:00\" \/>\n<meta property=\"og:image\" content=\"https:\/\/www.caudete.org\/ayuntamiento\/wp-content\/uploads\/2023\/06\/piel-de-deriva-port.jpg\" \/>\n\t<meta property=\"og:image:width\" content=\"796\" \/>\n\t<meta property=\"og:image:height\" content=\"334\" \/>\n\t<meta property=\"og:image:type\" content=\"image\/jpeg\" \/>\n<meta name=\"author\" content=\"ayun\" \/>\n<meta name=\"twitter:card\" content=\"summary_large_image\" \/>\n<meta name=\"twitter:label1\" content=\"Escrito por\" \/>\n\t<meta name=\"twitter:data1\" content=\"ayun\" \/>\n\t<meta name=\"twitter:label2\" content=\"Tiempo de lectura\" \/>\n\t<meta name=\"twitter:data2\" content=\"3 minutos\" \/>\n<script type=\"application\/ld+json\" class=\"yoast-schema-graph\">{\"@context\":\"https:\\\/\\\/schema.org\",\"@graph\":[{\"@type\":\"Article\",\"@id\":\"https:\\\/\\\/www.caudete.org\\\/ayuntamiento\\\/encuentro-literario-online-con-paula-farias-el-viernes-16-de-junio-a-las-1930-horas-en-el-museo-de-la-acuarela-rafael-requena-de-caudete\\\/#article\",\"isPartOf\":{\"@id\":\"https:\\\/\\\/www.caudete.org\\\/ayuntamiento\\\/encuentro-literario-online-con-paula-farias-el-viernes-16-de-junio-a-las-1930-horas-en-el-museo-de-la-acuarela-rafael-requena-de-caudete\\\/\"},\"author\":{\"name\":\"ayun\",\"@id\":\"https:\\\/\\\/www.caudete.org\\\/ayuntamiento\\\/#\\\/schema\\\/person\\\/79f7e19fdd176fc2bc7a289013dc2056\"},\"headline\":\"Encuentro literario online con Paula Farias, el viernes 16 de junio a las 19:30 horas, en el museo de la acuarela \u201cRafael Requena\u201d de Caudete\",\"datePublished\":\"2023-06-13T09:17:41+00:00\",\"dateModified\":\"2023-06-13T09:17:42+00:00\",\"mainEntityOfPage\":{\"@id\":\"https:\\\/\\\/www.caudete.org\\\/ayuntamiento\\\/encuentro-literario-online-con-paula-farias-el-viernes-16-de-junio-a-las-1930-horas-en-el-museo-de-la-acuarela-rafael-requena-de-caudete\\\/\"},\"wordCount\":603,\"publisher\":{\"@id\":\"https:\\\/\\\/www.caudete.org\\\/ayuntamiento\\\/#organization\"},\"image\":{\"@id\":\"https:\\\/\\\/www.caudete.org\\\/ayuntamiento\\\/encuentro-literario-online-con-paula-farias-el-viernes-16-de-junio-a-las-1930-horas-en-el-museo-de-la-acuarela-rafael-requena-de-caudete\\\/#primaryimage\"},\"thumbnailUrl\":\"https:\\\/\\\/www.caudete.org\\\/ayuntamiento\\\/wp-content\\\/uploads\\\/2023\\\/06\\\/piel-de-deriva-port.jpg\",\"articleSection\":[\"Cultura\"],\"inLanguage\":\"es\"},{\"@type\":\"WebPage\",\"@id\":\"https:\\\/\\\/www.caudete.org\\\/ayuntamiento\\\/encuentro-literario-online-con-paula-farias-el-viernes-16-de-junio-a-las-1930-horas-en-el-museo-de-la-acuarela-rafael-requena-de-caudete\\\/\",\"url\":\"https:\\\/\\\/www.caudete.org\\\/ayuntamiento\\\/encuentro-literario-online-con-paula-farias-el-viernes-16-de-junio-a-las-1930-horas-en-el-museo-de-la-acuarela-rafael-requena-de-caudete\\\/\",\"name\":\"Encuentro literario online con Paula Farias, el viernes 16 de junio a las 19:30 horas, en el museo de la acuarela \u201cRafael Requena\u201d de Caudete - MI Ayuntamiento de Caudete\",\"isPartOf\":{\"@id\":\"https:\\\/\\\/www.caudete.org\\\/ayuntamiento\\\/#website\"},\"primaryImageOfPage\":{\"@id\":\"https:\\\/\\\/www.caudete.org\\\/ayuntamiento\\\/encuentro-literario-online-con-paula-farias-el-viernes-16-de-junio-a-las-1930-horas-en-el-museo-de-la-acuarela-rafael-requena-de-caudete\\\/#primaryimage\"},\"image\":{\"@id\":\"https:\\\/\\\/www.caudete.org\\\/ayuntamiento\\\/encuentro-literario-online-con-paula-farias-el-viernes-16-de-junio-a-las-1930-horas-en-el-museo-de-la-acuarela-rafael-requena-de-caudete\\\/#primaryimage\"},\"thumbnailUrl\":\"https:\\\/\\\/www.caudete.org\\\/ayuntamiento\\\/wp-content\\\/uploads\\\/2023\\\/06\\\/piel-de-deriva-port.jpg\",\"datePublished\":\"2023-06-13T09:17:41+00:00\",\"dateModified\":\"2023-06-13T09:17:42+00:00\",\"description\":\"P\u00e1gina Oficial del Ayuntamiento de Caudete (Albacete)\",\"breadcrumb\":{\"@id\":\"https:\\\/\\\/www.caudete.org\\\/ayuntamiento\\\/encuentro-literario-online-con-paula-farias-el-viernes-16-de-junio-a-las-1930-horas-en-el-museo-de-la-acuarela-rafael-requena-de-caudete\\\/#breadcrumb\"},\"inLanguage\":\"es\",\"potentialAction\":[{\"@type\":\"ReadAction\",\"target\":[\"https:\\\/\\\/www.caudete.org\\\/ayuntamiento\\\/encuentro-literario-online-con-paula-farias-el-viernes-16-de-junio-a-las-1930-horas-en-el-museo-de-la-acuarela-rafael-requena-de-caudete\\\/\"]}]},{\"@type\":\"ImageObject\",\"inLanguage\":\"es\",\"@id\":\"https:\\\/\\\/www.caudete.org\\\/ayuntamiento\\\/encuentro-literario-online-con-paula-farias-el-viernes-16-de-junio-a-las-1930-horas-en-el-museo-de-la-acuarela-rafael-requena-de-caudete\\\/#primaryimage\",\"url\":\"https:\\\/\\\/www.caudete.org\\\/ayuntamiento\\\/wp-content\\\/uploads\\\/2023\\\/06\\\/piel-de-deriva-port.jpg\",\"contentUrl\":\"https:\\\/\\\/www.caudete.org\\\/ayuntamiento\\\/wp-content\\\/uploads\\\/2023\\\/06\\\/piel-de-deriva-port.jpg\",\"width\":796,\"height\":334},{\"@type\":\"BreadcrumbList\",\"@id\":\"https:\\\/\\\/www.caudete.org\\\/ayuntamiento\\\/encuentro-literario-online-con-paula-farias-el-viernes-16-de-junio-a-las-1930-horas-en-el-museo-de-la-acuarela-rafael-requena-de-caudete\\\/#breadcrumb\",\"itemListElement\":[{\"@type\":\"ListItem\",\"position\":1,\"name\":\"Inicio\",\"item\":\"https:\\\/\\\/www.caudete.org\\\/ayuntamiento\\\/\"},{\"@type\":\"ListItem\",\"position\":2,\"name\":\"Encuentro literario online con Paula Farias, el viernes 16 de junio a las 19:30 horas, en el museo de la acuarela \u201cRafael Requena\u201d de Caudete\"}]},{\"@type\":\"WebSite\",\"@id\":\"https:\\\/\\\/www.caudete.org\\\/ayuntamiento\\\/#website\",\"url\":\"https:\\\/\\\/www.caudete.org\\\/ayuntamiento\\\/\",\"name\":\"MI Ayuntamiento de Caudete\",\"description\":\"P\u00e1gina Oficial del MI Ayuntamiento de Caudete\",\"publisher\":{\"@id\":\"https:\\\/\\\/www.caudete.org\\\/ayuntamiento\\\/#organization\"},\"potentialAction\":[{\"@type\":\"SearchAction\",\"target\":{\"@type\":\"EntryPoint\",\"urlTemplate\":\"https:\\\/\\\/www.caudete.org\\\/ayuntamiento\\\/?s={search_term_string}\"},\"query-input\":{\"@type\":\"PropertyValueSpecification\",\"valueRequired\":true,\"valueName\":\"search_term_string\"}}],\"inLanguage\":\"es\"},{\"@type\":\"Organization\",\"@id\":\"https:\\\/\\\/www.caudete.org\\\/ayuntamiento\\\/#organization\",\"name\":\"Ayuntamiento de Caudete\",\"url\":\"https:\\\/\\\/www.caudete.org\\\/ayuntamiento\\\/\",\"logo\":{\"@type\":\"ImageObject\",\"inLanguage\":\"es\",\"@id\":\"https:\\\/\\\/www.caudete.org\\\/ayuntamiento\\\/#\\\/schema\\\/logo\\\/image\\\/\",\"url\":\"https:\\\/\\\/www.caudete.org\\\/ayuntamiento\\\/wp-content\\\/uploads\\\/2020\\\/11\\\/logo_ayuntamiento_caudete.jpg\",\"contentUrl\":\"https:\\\/\\\/www.caudete.org\\\/ayuntamiento\\\/wp-content\\\/uploads\\\/2020\\\/11\\\/logo_ayuntamiento_caudete.jpg\",\"width\":600,\"height\":150,\"caption\":\"Ayuntamiento de Caudete\"},\"image\":{\"@id\":\"https:\\\/\\\/www.caudete.org\\\/ayuntamiento\\\/#\\\/schema\\\/logo\\\/image\\\/\"},\"sameAs\":[\"https:\\\/\\\/www.facebook.com\\\/ayuntamientocaudete\\\/\",\"https:\\\/\\\/www.youtube.com\\\/channel\\\/UC6VztHaooNsGpw-tNoBEFnQ\"]},{\"@type\":\"Person\",\"@id\":\"https:\\\/\\\/www.caudete.org\\\/ayuntamiento\\\/#\\\/schema\\\/person\\\/79f7e19fdd176fc2bc7a289013dc2056\",\"name\":\"ayun\",\"image\":{\"@type\":\"ImageObject\",\"inLanguage\":\"es\",\"@id\":\"https:\\\/\\\/secure.gravatar.com\\\/avatar\\\/4ce797ee07c943e7e592f8cd648e503e6cd571387558ed07135799c2bd2847df?s=96&d=mm&r=g\",\"url\":\"https:\\\/\\\/secure.gravatar.com\\\/avatar\\\/4ce797ee07c943e7e592f8cd648e503e6cd571387558ed07135799c2bd2847df?s=96&d=mm&r=g\",\"contentUrl\":\"https:\\\/\\\/secure.gravatar.com\\\/avatar\\\/4ce797ee07c943e7e592f8cd648e503e6cd571387558ed07135799c2bd2847df?s=96&d=mm&r=g\",\"caption\":\"ayun\"},\"sameAs\":[\"http:\\\/\\\/www.caudete.org\\\/ayuntamiento\"],\"url\":\"https:\\\/\\\/www.caudete.org\\\/ayuntamiento\\\/author\\\/ayun\\\/\"}]}<\/script>\n<!-- \/ Yoast SEO plugin. -->","yoast_head_json":{"title":"Encuentro literario online con Paula Farias, el viernes 16 de junio a las 19:30 horas, en el museo de la acuarela \u201cRafael Requena\u201d de Caudete - MI Ayuntamiento de Caudete","description":"P\u00e1gina Oficial del Ayuntamiento de Caudete (Albacete)","robots":{"index":"index","follow":"follow","max-snippet":"max-snippet:-1","max-image-preview":"max-image-preview:large","max-video-preview":"max-video-preview:-1"},"canonical":"https:\/\/www.caudete.org\/ayuntamiento\/encuentro-literario-online-con-paula-farias-el-viernes-16-de-junio-a-las-1930-horas-en-el-museo-de-la-acuarela-rafael-requena-de-caudete\/","og_locale":"es_ES","og_type":"article","og_title":"Encuentro literario online con Paula Farias, el viernes 16 de junio a las 19:30 horas, en el museo de la acuarela \u201cRafael Requena\u201d de Caudete - MI Ayuntamiento de Caudete","og_description":"P\u00e1gina Oficial del Ayuntamiento de Caudete (Albacete)","og_url":"https:\/\/www.caudete.org\/ayuntamiento\/encuentro-literario-online-con-paula-farias-el-viernes-16-de-junio-a-las-1930-horas-en-el-museo-de-la-acuarela-rafael-requena-de-caudete\/","og_site_name":"MI Ayuntamiento de Caudete","article_publisher":"https:\/\/www.facebook.com\/ayuntamientocaudete\/","article_published_time":"2023-06-13T09:17:41+00:00","article_modified_time":"2023-06-13T09:17:42+00:00","og_image":[{"width":796,"height":334,"url":"https:\/\/www.caudete.org\/ayuntamiento\/wp-content\/uploads\/2023\/06\/piel-de-deriva-port.jpg","type":"image\/jpeg"}],"author":"ayun","twitter_card":"summary_large_image","twitter_misc":{"Escrito por":"ayun","Tiempo de lectura":"3 minutos"},"schema":{"@context":"https:\/\/schema.org","@graph":[{"@type":"Article","@id":"https:\/\/www.caudete.org\/ayuntamiento\/encuentro-literario-online-con-paula-farias-el-viernes-16-de-junio-a-las-1930-horas-en-el-museo-de-la-acuarela-rafael-requena-de-caudete\/#article","isPartOf":{"@id":"https:\/\/www.caudete.org\/ayuntamiento\/encuentro-literario-online-con-paula-farias-el-viernes-16-de-junio-a-las-1930-horas-en-el-museo-de-la-acuarela-rafael-requena-de-caudete\/"},"author":{"name":"ayun","@id":"https:\/\/www.caudete.org\/ayuntamiento\/#\/schema\/person\/79f7e19fdd176fc2bc7a289013dc2056"},"headline":"Encuentro literario online con Paula Farias, el viernes 16 de junio a las 19:30 horas, en el museo de la acuarela \u201cRafael Requena\u201d de Caudete","datePublished":"2023-06-13T09:17:41+00:00","dateModified":"2023-06-13T09:17:42+00:00","mainEntityOfPage":{"@id":"https:\/\/www.caudete.org\/ayuntamiento\/encuentro-literario-online-con-paula-farias-el-viernes-16-de-junio-a-las-1930-horas-en-el-museo-de-la-acuarela-rafael-requena-de-caudete\/"},"wordCount":603,"publisher":{"@id":"https:\/\/www.caudete.org\/ayuntamiento\/#organization"},"image":{"@id":"https:\/\/www.caudete.org\/ayuntamiento\/encuentro-literario-online-con-paula-farias-el-viernes-16-de-junio-a-las-1930-horas-en-el-museo-de-la-acuarela-rafael-requena-de-caudete\/#primaryimage"},"thumbnailUrl":"https:\/\/www.caudete.org\/ayuntamiento\/wp-content\/uploads\/2023\/06\/piel-de-deriva-port.jpg","articleSection":["Cultura"],"inLanguage":"es"},{"@type":"WebPage","@id":"https:\/\/www.caudete.org\/ayuntamiento\/encuentro-literario-online-con-paula-farias-el-viernes-16-de-junio-a-las-1930-horas-en-el-museo-de-la-acuarela-rafael-requena-de-caudete\/","url":"https:\/\/www.caudete.org\/ayuntamiento\/encuentro-literario-online-con-paula-farias-el-viernes-16-de-junio-a-las-1930-horas-en-el-museo-de-la-acuarela-rafael-requena-de-caudete\/","name":"Encuentro literario online con Paula Farias, el viernes 16 de junio a las 19:30 horas, en el museo de la acuarela \u201cRafael Requena\u201d de Caudete - MI Ayuntamiento de Caudete","isPartOf":{"@id":"https:\/\/www.caudete.org\/ayuntamiento\/#website"},"primaryImageOfPage":{"@id":"https:\/\/www.caudete.org\/ayuntamiento\/encuentro-literario-online-con-paula-farias-el-viernes-16-de-junio-a-las-1930-horas-en-el-museo-de-la-acuarela-rafael-requena-de-caudete\/#primaryimage"},"image":{"@id":"https:\/\/www.caudete.org\/ayuntamiento\/encuentro-literario-online-con-paula-farias-el-viernes-16-de-junio-a-las-1930-horas-en-el-museo-de-la-acuarela-rafael-requena-de-caudete\/#primaryimage"},"thumbnailUrl":"https:\/\/www.caudete.org\/ayuntamiento\/wp-content\/uploads\/2023\/06\/piel-de-deriva-port.jpg","datePublished":"2023-06-13T09:17:41+00:00","dateModified":"2023-06-13T09:17:42+00:00","description":"P\u00e1gina Oficial del Ayuntamiento de Caudete (Albacete)","breadcrumb":{"@id":"https:\/\/www.caudete.org\/ayuntamiento\/encuentro-literario-online-con-paula-farias-el-viernes-16-de-junio-a-las-1930-horas-en-el-museo-de-la-acuarela-rafael-requena-de-caudete\/#breadcrumb"},"inLanguage":"es","potentialAction":[{"@type":"ReadAction","target":["https:\/\/www.caudete.org\/ayuntamiento\/encuentro-literario-online-con-paula-farias-el-viernes-16-de-junio-a-las-1930-horas-en-el-museo-de-la-acuarela-rafael-requena-de-caudete\/"]}]},{"@type":"ImageObject","inLanguage":"es","@id":"https:\/\/www.caudete.org\/ayuntamiento\/encuentro-literario-online-con-paula-farias-el-viernes-16-de-junio-a-las-1930-horas-en-el-museo-de-la-acuarela-rafael-requena-de-caudete\/#primaryimage","url":"https:\/\/www.caudete.org\/ayuntamiento\/wp-content\/uploads\/2023\/06\/piel-de-deriva-port.jpg","contentUrl":"https:\/\/www.caudete.org\/ayuntamiento\/wp-content\/uploads\/2023\/06\/piel-de-deriva-port.jpg","width":796,"height":334},{"@type":"BreadcrumbList","@id":"https:\/\/www.caudete.org\/ayuntamiento\/encuentro-literario-online-con-paula-farias-el-viernes-16-de-junio-a-las-1930-horas-en-el-museo-de-la-acuarela-rafael-requena-de-caudete\/#breadcrumb","itemListElement":[{"@type":"ListItem","position":1,"name":"Inicio","item":"https:\/\/www.caudete.org\/ayuntamiento\/"},{"@type":"ListItem","position":2,"name":"Encuentro literario online con Paula Farias, el viernes 16 de junio a las 19:30 horas, en el museo de la acuarela \u201cRafael Requena\u201d de Caudete"}]},{"@type":"WebSite","@id":"https:\/\/www.caudete.org\/ayuntamiento\/#website","url":"https:\/\/www.caudete.org\/ayuntamiento\/","name":"MI Ayuntamiento de Caudete","description":"P\u00e1gina Oficial del MI Ayuntamiento de Caudete","publisher":{"@id":"https:\/\/www.caudete.org\/ayuntamiento\/#organization"},"potentialAction":[{"@type":"SearchAction","target":{"@type":"EntryPoint","urlTemplate":"https:\/\/www.caudete.org\/ayuntamiento\/?s={search_term_string}"},"query-input":{"@type":"PropertyValueSpecification","valueRequired":true,"valueName":"search_term_string"}}],"inLanguage":"es"},{"@type":"Organization","@id":"https:\/\/www.caudete.org\/ayuntamiento\/#organization","name":"Ayuntamiento de Caudete","url":"https:\/\/www.caudete.org\/ayuntamiento\/","logo":{"@type":"ImageObject","inLanguage":"es","@id":"https:\/\/www.caudete.org\/ayuntamiento\/#\/schema\/logo\/image\/","url":"https:\/\/www.caudete.org\/ayuntamiento\/wp-content\/uploads\/2020\/11\/logo_ayuntamiento_caudete.jpg","contentUrl":"https:\/\/www.caudete.org\/ayuntamiento\/wp-content\/uploads\/2020\/11\/logo_ayuntamiento_caudete.jpg","width":600,"height":150,"caption":"Ayuntamiento de Caudete"},"image":{"@id":"https:\/\/www.caudete.org\/ayuntamiento\/#\/schema\/logo\/image\/"},"sameAs":["https:\/\/www.facebook.com\/ayuntamientocaudete\/","https:\/\/www.youtube.com\/channel\/UC6VztHaooNsGpw-tNoBEFnQ"]},{"@type":"Person","@id":"https:\/\/www.caudete.org\/ayuntamiento\/#\/schema\/person\/79f7e19fdd176fc2bc7a289013dc2056","name":"ayun","image":{"@type":"ImageObject","inLanguage":"es","@id":"https:\/\/secure.gravatar.com\/avatar\/4ce797ee07c943e7e592f8cd648e503e6cd571387558ed07135799c2bd2847df?s=96&d=mm&r=g","url":"https:\/\/secure.gravatar.com\/avatar\/4ce797ee07c943e7e592f8cd648e503e6cd571387558ed07135799c2bd2847df?s=96&d=mm&r=g","contentUrl":"https:\/\/secure.gravatar.com\/avatar\/4ce797ee07c943e7e592f8cd648e503e6cd571387558ed07135799c2bd2847df?s=96&d=mm&r=g","caption":"ayun"},"sameAs":["http:\/\/www.caudete.org\/ayuntamiento"],"url":"https:\/\/www.caudete.org\/ayuntamiento\/author\/ayun\/"}]}},"_links":{"self":[{"href":"https:\/\/www.caudete.org\/ayuntamiento\/wp-json\/wp\/v2\/posts\/22436","targetHints":{"allow":["GET"]}}],"collection":[{"href":"https:\/\/www.caudete.org\/ayuntamiento\/wp-json\/wp\/v2\/posts"}],"about":[{"href":"https:\/\/www.caudete.org\/ayuntamiento\/wp-json\/wp\/v2\/types\/post"}],"author":[{"embeddable":true,"href":"https:\/\/www.caudete.org\/ayuntamiento\/wp-json\/wp\/v2\/users\/1"}],"replies":[{"embeddable":true,"href":"https:\/\/www.caudete.org\/ayuntamiento\/wp-json\/wp\/v2\/comments?post=22436"}],"version-history":[{"count":2,"href":"https:\/\/www.caudete.org\/ayuntamiento\/wp-json\/wp\/v2\/posts\/22436\/revisions"}],"predecessor-version":[{"id":22440,"href":"https:\/\/www.caudete.org\/ayuntamiento\/wp-json\/wp\/v2\/posts\/22436\/revisions\/22440"}],"wp:featuredmedia":[{"embeddable":true,"href":"https:\/\/www.caudete.org\/ayuntamiento\/wp-json\/wp\/v2\/media\/22438"}],"wp:attachment":[{"href":"https:\/\/www.caudete.org\/ayuntamiento\/wp-json\/wp\/v2\/media?parent=22436"}],"wp:term":[{"taxonomy":"category","embeddable":true,"href":"https:\/\/www.caudete.org\/ayuntamiento\/wp-json\/wp\/v2\/categories?post=22436"},{"taxonomy":"post_tag","embeddable":true,"href":"https:\/\/www.caudete.org\/ayuntamiento\/wp-json\/wp\/v2\/tags?post=22436"}],"curies":[{"name":"wp","href":"https:\/\/api.w.org\/{rel}","templated":true}]}}