{"id":22479,"date":"2023-06-15T11:30:00","date_gmt":"2023-06-15T09:30:00","guid":{"rendered":"https:\/\/www.caudete.org\/ayuntamiento\/?p=22479"},"modified":"2023-06-15T11:37:10","modified_gmt":"2023-06-15T09:37:10","slug":"la-piscina-publica-municipal-abrira-sus-puertas-el-proximo-viernes-16-de-junio","status":"publish","type":"post","link":"https:\/\/www.caudete.org\/ayuntamiento\/la-piscina-publica-municipal-abrira-sus-puertas-el-proximo-viernes-16-de-junio\/","title":{"rendered":"La Piscina P\u00fablica Municipal abrir\u00e1 sus puertas el pr\u00f3ximo viernes 16 de junio"},"content":{"rendered":"<p>La Concejal de Deportes, Pilar Egea, ha puesto en conocimiento de la ciudadan\u00eda la fecha de apertura de la Piscina P\u00fablica Municipal de Verano que tendr\u00e1 lugar el viernes 16 de junio a las 16:00 horas.<\/p>\n<p>El horario de apertura hasta el 26 de junio ser\u00e1 de 16:00 a 20:00 horas, salvo los fines de semana que se abrir\u00e1 a las 11:00 de la ma\u00f1ana. A partir de la citada fecha hasta el cierre el 3 de septiembre el horario ser\u00e1 de d\u00eda completo y de forma ininterrumpida.<\/p>\n<p>La compra de entradas se debe realizar, preferentemente, de forma on-line a trav\u00e9s de la web <a href=\"https:\/\/www.piscinascaudete.com\/\" target=\"_blank\" rel=\"nofollow\">https:\/\/www.piscinascaudete.com\/<\/a> a fin de facilitar el proceso de check-in para acceder a la instalaci\u00f3n.<\/p>\n<p><a href=\"https:\/\/www.caudete.org\/ayuntamiento\/la-piscina-publica-municipal-abrira-sus-puertas-el-proximo-viernes-16-de-junio\/piscina-verano\/\" rel=\"attachment wp-att-22483\"><img fetchpriority=\"high\" decoding=\"async\" class=\"aligncenter size-full wp-image-22483\" src=\"https:\/\/www.caudete.org\/ayuntamiento\/wp-content\/uploads\/2023\/06\/Piscina-Verano-scaled.jpg\" rel='prettyPhoto' alt=\"\" width=\"2560\" height=\"1707\" srcset=\"https:\/\/www.caudete.org\/ayuntamiento\/wp-content\/uploads\/2023\/06\/Piscina-Verano-scaled.jpg 2560w, https:\/\/www.caudete.org\/ayuntamiento\/wp-content\/uploads\/2023\/06\/Piscina-Verano-300x200.jpg 300w, https:\/\/www.caudete.org\/ayuntamiento\/wp-content\/uploads\/2023\/06\/Piscina-Verano-1024x683.jpg 1024w, https:\/\/www.caudete.org\/ayuntamiento\/wp-content\/uploads\/2023\/06\/Piscina-Verano-768x512.jpg 768w, https:\/\/www.caudete.org\/ayuntamiento\/wp-content\/uploads\/2023\/06\/Piscina-Verano-1536x1024.jpg 1536w, https:\/\/www.caudete.org\/ayuntamiento\/wp-content\/uploads\/2023\/06\/Piscina-Verano-2048x1365.jpg 2048w\" sizes=\"(max-width: 2560px) 100vw, 2560px\" \/><\/a><\/p>\n","protected":false},"excerpt":{"rendered":"<p>La Concejal de Deportes, Pilar Egea, ha puesto en conocimiento de la ciudadan\u00eda la fecha de apertura de la Piscina P\u00fablica Municipal de Verano que tendr\u00e1 lugar el viernes 16 de junio a las 16:00 horas. El horario de apertura hasta el 26 de junio ser\u00e1 de 16:00 a 20:00 horas, salvo los fines de &hellip;<\/p>\n","protected":false},"author":1,"featured_media":22480,"comment_status":"closed","ping_status":"open","sticky":false,"template":"","format":"standard","meta":{"ngg_post_thumbnail":0,"footnotes":""},"categories":[23],"tags":[],"class_list":["post-22479","post","type-post","status-publish","format-standard","has-post-thumbnail","hentry","category-deportes"],"yoast_head":"<!-- This site is optimized with the Yoast SEO plugin v27.5 - https:\/\/yoast.com\/product\/yoast-seo-wordpress\/ -->\n<title>La Piscina P\u00fablica Municipal abrir\u00e1 sus puertas el pr\u00f3ximo viernes 16 de junio - MI Ayuntamiento de Caudete<\/title>\n<meta name=\"description\" content=\"P\u00e1gina Oficial del Ayuntamiento de Caudete (Albacete)\" \/>\n<meta name=\"robots\" content=\"index, follow, max-snippet:-1, max-image-preview:large, max-video-preview:-1\" \/>\n<link rel=\"canonical\" href=\"https:\/\/www.caudete.org\/ayuntamiento\/la-piscina-publica-municipal-abrira-sus-puertas-el-proximo-viernes-16-de-junio\/\" \/>\n<meta property=\"og:locale\" content=\"es_ES\" \/>\n<meta property=\"og:type\" content=\"article\" \/>\n<meta property=\"og:title\" content=\"La Piscina P\u00fablica Municipal abrir\u00e1 sus puertas el pr\u00f3ximo viernes 16 de junio - MI Ayuntamiento de Caudete\" \/>\n<meta property=\"og:description\" content=\"P\u00e1gina Oficial del Ayuntamiento de Caudete (Albacete)\" \/>\n<meta property=\"og:url\" content=\"https:\/\/www.caudete.org\/ayuntamiento\/la-piscina-publica-municipal-abrira-sus-puertas-el-proximo-viernes-16-de-junio\/\" \/>\n<meta property=\"og:site_name\" content=\"MI Ayuntamiento de Caudete\" \/>\n<meta property=\"article:publisher\" content=\"https:\/\/www.facebook.com\/ayuntamientocaudete\/\" \/>\n<meta property=\"article:published_time\" content=\"2023-06-15T09:30:00+00:00\" \/>\n<meta property=\"article:modified_time\" content=\"2023-06-15T09:37:10+00:00\" \/>\n<meta property=\"og:image\" content=\"https:\/\/www.caudete.org\/ayuntamiento\/wp-content\/uploads\/2023\/06\/piscina.jpg\" \/>\n\t<meta property=\"og:image:width\" content=\"1006\" \/>\n\t<meta property=\"og:image:height\" content=\"452\" \/>\n\t<meta property=\"og:image:type\" content=\"image\/jpeg\" \/>\n<meta name=\"author\" content=\"ayun\" \/>\n<meta name=\"twitter:card\" content=\"summary_large_image\" \/>\n<meta name=\"twitter:label1\" content=\"Escrito por\" \/>\n\t<meta name=\"twitter:data1\" content=\"ayun\" \/>\n\t<meta name=\"twitter:label2\" content=\"Tiempo de lectura\" \/>\n\t<meta name=\"twitter:data2\" content=\"1 minuto\" \/>\n<script type=\"application\/ld+json\" class=\"yoast-schema-graph\">{\"@context\":\"https:\\\/\\\/schema.org\",\"@graph\":[{\"@type\":\"Article\",\"@id\":\"https:\\\/\\\/www.caudete.org\\\/ayuntamiento\\\/la-piscina-publica-municipal-abrira-sus-puertas-el-proximo-viernes-16-de-junio\\\/#article\",\"isPartOf\":{\"@id\":\"https:\\\/\\\/www.caudete.org\\\/ayuntamiento\\\/la-piscina-publica-municipal-abrira-sus-puertas-el-proximo-viernes-16-de-junio\\\/\"},\"author\":{\"name\":\"ayun\",\"@id\":\"https:\\\/\\\/www.caudete.org\\\/ayuntamiento\\\/#\\\/schema\\\/person\\\/79f7e19fdd176fc2bc7a289013dc2056\"},\"headline\":\"La Piscina P\u00fablica Municipal abrir\u00e1 sus puertas el pr\u00f3ximo viernes 16 de junio\",\"datePublished\":\"2023-06-15T09:30:00+00:00\",\"dateModified\":\"2023-06-15T09:37:10+00:00\",\"mainEntityOfPage\":{\"@id\":\"https:\\\/\\\/www.caudete.org\\\/ayuntamiento\\\/la-piscina-publica-municipal-abrira-sus-puertas-el-proximo-viernes-16-de-junio\\\/\"},\"wordCount\":134,\"image\":{\"@id\":\"https:\\\/\\\/www.caudete.org\\\/ayuntamiento\\\/la-piscina-publica-municipal-abrira-sus-puertas-el-proximo-viernes-16-de-junio\\\/#primaryimage\"},\"thumbnailUrl\":\"https:\\\/\\\/www.caudete.org\\\/ayuntamiento\\\/wp-content\\\/uploads\\\/2023\\\/06\\\/piscina.jpg\",\"articleSection\":[\"Deportes\"],\"inLanguage\":\"es\"},{\"@type\":\"WebPage\",\"@id\":\"https:\\\/\\\/www.caudete.org\\\/ayuntamiento\\\/la-piscina-publica-municipal-abrira-sus-puertas-el-proximo-viernes-16-de-junio\\\/\",\"url\":\"https:\\\/\\\/www.caudete.org\\\/ayuntamiento\\\/la-piscina-publica-municipal-abrira-sus-puertas-el-proximo-viernes-16-de-junio\\\/\",\"name\":\"La Piscina P\u00fablica Municipal abrir\u00e1 sus puertas el pr\u00f3ximo viernes 16 de junio - MI Ayuntamiento de Caudete\",\"isPartOf\":{\"@id\":\"https:\\\/\\\/www.caudete.org\\\/ayuntamiento\\\/#website\"},\"primaryImageOfPage\":{\"@id\":\"https:\\\/\\\/www.caudete.org\\\/ayuntamiento\\\/la-piscina-publica-municipal-abrira-sus-puertas-el-proximo-viernes-16-de-junio\\\/#primaryimage\"},\"image\":{\"@id\":\"https:\\\/\\\/www.caudete.org\\\/ayuntamiento\\\/la-piscina-publica-municipal-abrira-sus-puertas-el-proximo-viernes-16-de-junio\\\/#primaryimage\"},\"thumbnailUrl\":\"https:\\\/\\\/www.caudete.org\\\/ayuntamiento\\\/wp-content\\\/uploads\\\/2023\\\/06\\\/piscina.jpg\",\"datePublished\":\"2023-06-15T09:30:00+00:00\",\"dateModified\":\"2023-06-15T09:37:10+00:00\",\"author\":{\"@id\":\"https:\\\/\\\/www.caudete.org\\\/ayuntamiento\\\/#\\\/schema\\\/person\\\/79f7e19fdd176fc2bc7a289013dc2056\"},\"description\":\"P\u00e1gina Oficial del Ayuntamiento de Caudete (Albacete)\",\"breadcrumb\":{\"@id\":\"https:\\\/\\\/www.caudete.org\\\/ayuntamiento\\\/la-piscina-publica-municipal-abrira-sus-puertas-el-proximo-viernes-16-de-junio\\\/#breadcrumb\"},\"inLanguage\":\"es\",\"potentialAction\":[{\"@type\":\"ReadAction\",\"target\":[\"https:\\\/\\\/www.caudete.org\\\/ayuntamiento\\\/la-piscina-publica-municipal-abrira-sus-puertas-el-proximo-viernes-16-de-junio\\\/\"]}]},{\"@type\":\"ImageObject\",\"inLanguage\":\"es\",\"@id\":\"https:\\\/\\\/www.caudete.org\\\/ayuntamiento\\\/la-piscina-publica-municipal-abrira-sus-puertas-el-proximo-viernes-16-de-junio\\\/#primaryimage\",\"url\":\"https:\\\/\\\/www.caudete.org\\\/ayuntamiento\\\/wp-content\\\/uploads\\\/2023\\\/06\\\/piscina.jpg\",\"contentUrl\":\"https:\\\/\\\/www.caudete.org\\\/ayuntamiento\\\/wp-content\\\/uploads\\\/2023\\\/06\\\/piscina.jpg\",\"width\":1006,\"height\":452},{\"@type\":\"BreadcrumbList\",\"@id\":\"https:\\\/\\\/www.caudete.org\\\/ayuntamiento\\\/la-piscina-publica-municipal-abrira-sus-puertas-el-proximo-viernes-16-de-junio\\\/#breadcrumb\",\"itemListElement\":[{\"@type\":\"ListItem\",\"position\":1,\"name\":\"Inicio\",\"item\":\"https:\\\/\\\/www.caudete.org\\\/ayuntamiento\\\/\"},{\"@type\":\"ListItem\",\"position\":2,\"name\":\"La Piscina P\u00fablica Municipal abrir\u00e1 sus puertas el pr\u00f3ximo viernes 16 de junio\"}]},{\"@type\":\"WebSite\",\"@id\":\"https:\\\/\\\/www.caudete.org\\\/ayuntamiento\\\/#website\",\"url\":\"https:\\\/\\\/www.caudete.org\\\/ayuntamiento\\\/\",\"name\":\"MI Ayuntamiento de Caudete\",\"description\":\"P\u00e1gina Oficial del MI Ayuntamiento de Caudete\",\"potentialAction\":[{\"@type\":\"SearchAction\",\"target\":{\"@type\":\"EntryPoint\",\"urlTemplate\":\"https:\\\/\\\/www.caudete.org\\\/ayuntamiento\\\/?s={search_term_string}\"},\"query-input\":{\"@type\":\"PropertyValueSpecification\",\"valueRequired\":true,\"valueName\":\"search_term_string\"}}],\"inLanguage\":\"es\"},{\"@type\":\"Person\",\"@id\":\"https:\\\/\\\/www.caudete.org\\\/ayuntamiento\\\/#\\\/schema\\\/person\\\/79f7e19fdd176fc2bc7a289013dc2056\",\"name\":\"ayun\",\"image\":{\"@type\":\"ImageObject\",\"inLanguage\":\"es\",\"@id\":\"https:\\\/\\\/secure.gravatar.com\\\/avatar\\\/4ce797ee07c943e7e592f8cd648e503e6cd571387558ed07135799c2bd2847df?s=96&d=mm&r=g\",\"url\":\"https:\\\/\\\/secure.gravatar.com\\\/avatar\\\/4ce797ee07c943e7e592f8cd648e503e6cd571387558ed07135799c2bd2847df?s=96&d=mm&r=g\",\"contentUrl\":\"https:\\\/\\\/secure.gravatar.com\\\/avatar\\\/4ce797ee07c943e7e592f8cd648e503e6cd571387558ed07135799c2bd2847df?s=96&d=mm&r=g\",\"caption\":\"ayun\"},\"sameAs\":[\"http:\\\/\\\/www.caudete.org\\\/ayuntamiento\"],\"url\":\"https:\\\/\\\/www.caudete.org\\\/ayuntamiento\\\/author\\\/ayun\\\/\"}]}<\/script>\n<!-- \/ Yoast SEO plugin. -->","yoast_head_json":{"title":"La Piscina P\u00fablica Municipal abrir\u00e1 sus puertas el pr\u00f3ximo viernes 16 de junio - MI Ayuntamiento de Caudete","description":"P\u00e1gina Oficial del Ayuntamiento de Caudete (Albacete)","robots":{"index":"index","follow":"follow","max-snippet":"max-snippet:-1","max-image-preview":"max-image-preview:large","max-video-preview":"max-video-preview:-1"},"canonical":"https:\/\/www.caudete.org\/ayuntamiento\/la-piscina-publica-municipal-abrira-sus-puertas-el-proximo-viernes-16-de-junio\/","og_locale":"es_ES","og_type":"article","og_title":"La Piscina P\u00fablica Municipal abrir\u00e1 sus puertas el pr\u00f3ximo viernes 16 de junio - MI Ayuntamiento de Caudete","og_description":"P\u00e1gina Oficial del Ayuntamiento de Caudete (Albacete)","og_url":"https:\/\/www.caudete.org\/ayuntamiento\/la-piscina-publica-municipal-abrira-sus-puertas-el-proximo-viernes-16-de-junio\/","og_site_name":"MI Ayuntamiento de Caudete","article_publisher":"https:\/\/www.facebook.com\/ayuntamientocaudete\/","article_published_time":"2023-06-15T09:30:00+00:00","article_modified_time":"2023-06-15T09:37:10+00:00","og_image":[{"width":1006,"height":452,"url":"https:\/\/www.caudete.org\/ayuntamiento\/wp-content\/uploads\/2023\/06\/piscina.jpg","type":"image\/jpeg"}],"author":"ayun","twitter_card":"summary_large_image","twitter_misc":{"Escrito por":"ayun","Tiempo de lectura":"1 minuto"},"schema":{"@context":"https:\/\/schema.org","@graph":[{"@type":"Article","@id":"https:\/\/www.caudete.org\/ayuntamiento\/la-piscina-publica-municipal-abrira-sus-puertas-el-proximo-viernes-16-de-junio\/#article","isPartOf":{"@id":"https:\/\/www.caudete.org\/ayuntamiento\/la-piscina-publica-municipal-abrira-sus-puertas-el-proximo-viernes-16-de-junio\/"},"author":{"name":"ayun","@id":"https:\/\/www.caudete.org\/ayuntamiento\/#\/schema\/person\/79f7e19fdd176fc2bc7a289013dc2056"},"headline":"La Piscina P\u00fablica Municipal abrir\u00e1 sus puertas el pr\u00f3ximo viernes 16 de junio","datePublished":"2023-06-15T09:30:00+00:00","dateModified":"2023-06-15T09:37:10+00:00","mainEntityOfPage":{"@id":"https:\/\/www.caudete.org\/ayuntamiento\/la-piscina-publica-municipal-abrira-sus-puertas-el-proximo-viernes-16-de-junio\/"},"wordCount":134,"image":{"@id":"https:\/\/www.caudete.org\/ayuntamiento\/la-piscina-publica-municipal-abrira-sus-puertas-el-proximo-viernes-16-de-junio\/#primaryimage"},"thumbnailUrl":"https:\/\/www.caudete.org\/ayuntamiento\/wp-content\/uploads\/2023\/06\/piscina.jpg","articleSection":["Deportes"],"inLanguage":"es"},{"@type":"WebPage","@id":"https:\/\/www.caudete.org\/ayuntamiento\/la-piscina-publica-municipal-abrira-sus-puertas-el-proximo-viernes-16-de-junio\/","url":"https:\/\/www.caudete.org\/ayuntamiento\/la-piscina-publica-municipal-abrira-sus-puertas-el-proximo-viernes-16-de-junio\/","name":"La Piscina P\u00fablica Municipal abrir\u00e1 sus puertas el pr\u00f3ximo viernes 16 de junio - MI Ayuntamiento de Caudete","isPartOf":{"@id":"https:\/\/www.caudete.org\/ayuntamiento\/#website"},"primaryImageOfPage":{"@id":"https:\/\/www.caudete.org\/ayuntamiento\/la-piscina-publica-municipal-abrira-sus-puertas-el-proximo-viernes-16-de-junio\/#primaryimage"},"image":{"@id":"https:\/\/www.caudete.org\/ayuntamiento\/la-piscina-publica-municipal-abrira-sus-puertas-el-proximo-viernes-16-de-junio\/#primaryimage"},"thumbnailUrl":"https:\/\/www.caudete.org\/ayuntamiento\/wp-content\/uploads\/2023\/06\/piscina.jpg","datePublished":"2023-06-15T09:30:00+00:00","dateModified":"2023-06-15T09:37:10+00:00","author":{"@id":"https:\/\/www.caudete.org\/ayuntamiento\/#\/schema\/person\/79f7e19fdd176fc2bc7a289013dc2056"},"description":"P\u00e1gina Oficial del Ayuntamiento de Caudete (Albacete)","breadcrumb":{"@id":"https:\/\/www.caudete.org\/ayuntamiento\/la-piscina-publica-municipal-abrira-sus-puertas-el-proximo-viernes-16-de-junio\/#breadcrumb"},"inLanguage":"es","potentialAction":[{"@type":"ReadAction","target":["https:\/\/www.caudete.org\/ayuntamiento\/la-piscina-publica-municipal-abrira-sus-puertas-el-proximo-viernes-16-de-junio\/"]}]},{"@type":"ImageObject","inLanguage":"es","@id":"https:\/\/www.caudete.org\/ayuntamiento\/la-piscina-publica-municipal-abrira-sus-puertas-el-proximo-viernes-16-de-junio\/#primaryimage","url":"https:\/\/www.caudete.org\/ayuntamiento\/wp-content\/uploads\/2023\/06\/piscina.jpg","contentUrl":"https:\/\/www.caudete.org\/ayuntamiento\/wp-content\/uploads\/2023\/06\/piscina.jpg","width":1006,"height":452},{"@type":"BreadcrumbList","@id":"https:\/\/www.caudete.org\/ayuntamiento\/la-piscina-publica-municipal-abrira-sus-puertas-el-proximo-viernes-16-de-junio\/#breadcrumb","itemListElement":[{"@type":"ListItem","position":1,"name":"Inicio","item":"https:\/\/www.caudete.org\/ayuntamiento\/"},{"@type":"ListItem","position":2,"name":"La Piscina P\u00fablica Municipal abrir\u00e1 sus puertas el pr\u00f3ximo viernes 16 de junio"}]},{"@type":"WebSite","@id":"https:\/\/www.caudete.org\/ayuntamiento\/#website","url":"https:\/\/www.caudete.org\/ayuntamiento\/","name":"MI Ayuntamiento de Caudete","description":"P\u00e1gina Oficial del MI Ayuntamiento de Caudete","potentialAction":[{"@type":"SearchAction","target":{"@type":"EntryPoint","urlTemplate":"https:\/\/www.caudete.org\/ayuntamiento\/?s={search_term_string}"},"query-input":{"@type":"PropertyValueSpecification","valueRequired":true,"valueName":"search_term_string"}}],"inLanguage":"es"},{"@type":"Person","@id":"https:\/\/www.caudete.org\/ayuntamiento\/#\/schema\/person\/79f7e19fdd176fc2bc7a289013dc2056","name":"ayun","image":{"@type":"ImageObject","inLanguage":"es","@id":"https:\/\/secure.gravatar.com\/avatar\/4ce797ee07c943e7e592f8cd648e503e6cd571387558ed07135799c2bd2847df?s=96&d=mm&r=g","url":"https:\/\/secure.gravatar.com\/avatar\/4ce797ee07c943e7e592f8cd648e503e6cd571387558ed07135799c2bd2847df?s=96&d=mm&r=g","contentUrl":"https:\/\/secure.gravatar.com\/avatar\/4ce797ee07c943e7e592f8cd648e503e6cd571387558ed07135799c2bd2847df?s=96&d=mm&r=g","caption":"ayun"},"sameAs":["http:\/\/www.caudete.org\/ayuntamiento"],"url":"https:\/\/www.caudete.org\/ayuntamiento\/author\/ayun\/"}]}},"_links":{"self":[{"href":"https:\/\/www.caudete.org\/ayuntamiento\/wp-json\/wp\/v2\/posts\/22479","targetHints":{"allow":["GET"]}}],"collection":[{"href":"https:\/\/www.caudete.org\/ayuntamiento\/wp-json\/wp\/v2\/posts"}],"about":[{"href":"https:\/\/www.caudete.org\/ayuntamiento\/wp-json\/wp\/v2\/types\/post"}],"author":[{"embeddable":true,"href":"https:\/\/www.caudete.org\/ayuntamiento\/wp-json\/wp\/v2\/users\/1"}],"replies":[{"embeddable":true,"href":"https:\/\/www.caudete.org\/ayuntamiento\/wp-json\/wp\/v2\/comments?post=22479"}],"version-history":[{"count":2,"href":"https:\/\/www.caudete.org\/ayuntamiento\/wp-json\/wp\/v2\/posts\/22479\/revisions"}],"predecessor-version":[{"id":22484,"href":"https:\/\/www.caudete.org\/ayuntamiento\/wp-json\/wp\/v2\/posts\/22479\/revisions\/22484"}],"wp:featuredmedia":[{"embeddable":true,"href":"https:\/\/www.caudete.org\/ayuntamiento\/wp-json\/wp\/v2\/media\/22480"}],"wp:attachment":[{"href":"https:\/\/www.caudete.org\/ayuntamiento\/wp-json\/wp\/v2\/media?parent=22479"}],"wp:term":[{"taxonomy":"category","embeddable":true,"href":"https:\/\/www.caudete.org\/ayuntamiento\/wp-json\/wp\/v2\/categories?post=22479"},{"taxonomy":"post_tag","embeddable":true,"href":"https:\/\/www.caudete.org\/ayuntamiento\/wp-json\/wp\/v2\/tags?post=22479"}],"curies":[{"name":"wp","href":"https:\/\/api.w.org\/{rel}","templated":true}]}}