{"id":22496,"date":"2023-06-16T08:48:58","date_gmt":"2023-06-16T06:48:58","guid":{"rendered":"https:\/\/www.caudete.org\/ayuntamiento\/?p=22496"},"modified":"2023-06-16T08:49:32","modified_gmt":"2023-06-16T06:49:32","slug":"el-caudetano-hugo-hernandez-huesca-se-proclama-campeon-en-el-campeonato-de-tenis-por-equipos","status":"publish","type":"post","link":"https:\/\/www.caudete.org\/ayuntamiento\/el-caudetano-hugo-hernandez-huesca-se-proclama-campeon-en-el-campeonato-de-tenis-por-equipos\/","title":{"rendered":"El caudetano Hugo Hern\u00e1ndez Huesca se proclama campe\u00f3n en el Campeonato de Tenis por Equipos"},"content":{"rendered":"<p>La Concejal de Deportes, Pilar Egea, informaba a los medios de los resultados obtenidos el pasado fin de semana por nuestro jugador local Hugo Hern\u00e1ndez Huesca. \u00c9ste, junto a sus compa\u00f1eros del MASQUETENNIS, se desplazaba el pasado fin de semana hasta la localidad de, Daimiel en Ciudad Real, donde se disputaba el Campeonato de Tenis Regional por Equipos de Clubes en categor\u00eda Alev\u00edn, proclam\u00e1ndose el equipo de Caudete como campeones de la regi\u00f3n. Para el pr\u00f3ximo mes de agosto disputar\u00e1n el Campeonato de Espa\u00f1a Mapfre de Tenis en Murcia, en el que se esperan poder replicar los resultados obtenidos.<\/p>\n<p><a href=\"https:\/\/www.caudete.org\/ayuntamiento\/el-caudetano-hugo-hernandez-huesca-se-proclama-campeon-en-el-campeonato-de-tenis-por-equipos\/hugo-fernandez-tenis\/\" rel=\"attachment wp-att-22497\"><img fetchpriority=\"high\" decoding=\"async\" class=\"aligncenter size-full wp-image-22497\" src=\"https:\/\/www.caudete.org\/ayuntamiento\/wp-content\/uploads\/2023\/06\/Hugo-Fernandez-tenis.jpeg\" rel='prettyPhoto' alt=\"\" width=\"768\" height=\"1024\" srcset=\"https:\/\/www.caudete.org\/ayuntamiento\/wp-content\/uploads\/2023\/06\/Hugo-Fernandez-tenis.jpeg 768w, https:\/\/www.caudete.org\/ayuntamiento\/wp-content\/uploads\/2023\/06\/Hugo-Fernandez-tenis-225x300.jpeg 225w\" sizes=\"(max-width: 768px) 100vw, 768px\" \/><\/a><\/p>\n","protected":false},"excerpt":{"rendered":"<p>La Concejal de Deportes, Pilar Egea, informaba a los medios de los resultados obtenidos el pasado fin de semana por nuestro jugador local Hugo Hern\u00e1ndez Huesca. \u00c9ste, junto a sus compa\u00f1eros del MASQUETENNIS, se desplazaba el pasado fin de semana hasta la localidad de, Daimiel en Ciudad Real, donde se disputaba el Campeonato de Tenis &hellip;<\/p>\n","protected":false},"author":1,"featured_media":22498,"comment_status":"closed","ping_status":"open","sticky":false,"template":"","format":"standard","meta":{"ngg_post_thumbnail":0,"footnotes":""},"categories":[23],"tags":[],"class_list":["post-22496","post","type-post","status-publish","format-standard","has-post-thumbnail","hentry","category-deportes"],"yoast_head":"<!-- This site is optimized with the Yoast SEO plugin v27.5 - https:\/\/yoast.com\/product\/yoast-seo-wordpress\/ -->\n<title>El caudetano Hugo Hern\u00e1ndez Huesca se proclama campe\u00f3n en el Campeonato de Tenis por Equipos - MI Ayuntamiento de Caudete<\/title>\n<meta name=\"description\" content=\"P\u00e1gina Oficial del Ayuntamiento de Caudete (Albacete)\" \/>\n<meta name=\"robots\" content=\"index, follow, max-snippet:-1, max-image-preview:large, max-video-preview:-1\" \/>\n<link rel=\"canonical\" href=\"https:\/\/www.caudete.org\/ayuntamiento\/el-caudetano-hugo-hernandez-huesca-se-proclama-campeon-en-el-campeonato-de-tenis-por-equipos\/\" \/>\n<meta property=\"og:locale\" content=\"es_ES\" \/>\n<meta property=\"og:type\" content=\"article\" \/>\n<meta property=\"og:title\" content=\"El caudetano Hugo Hern\u00e1ndez Huesca se proclama campe\u00f3n en el Campeonato de Tenis por Equipos - MI Ayuntamiento de Caudete\" \/>\n<meta property=\"og:description\" content=\"P\u00e1gina Oficial del Ayuntamiento de Caudete (Albacete)\" \/>\n<meta property=\"og:url\" content=\"https:\/\/www.caudete.org\/ayuntamiento\/el-caudetano-hugo-hernandez-huesca-se-proclama-campeon-en-el-campeonato-de-tenis-por-equipos\/\" \/>\n<meta property=\"og:site_name\" content=\"MI Ayuntamiento de Caudete\" \/>\n<meta property=\"article:publisher\" content=\"https:\/\/www.facebook.com\/ayuntamientocaudete\/\" \/>\n<meta property=\"article:published_time\" content=\"2023-06-16T06:48:58+00:00\" \/>\n<meta property=\"article:modified_time\" content=\"2023-06-16T06:49:32+00:00\" \/>\n<meta property=\"og:image\" content=\"https:\/\/www.caudete.org\/ayuntamiento\/wp-content\/uploads\/2023\/06\/Hugo-Fernandez-tenis-port.jpg\" \/>\n\t<meta property=\"og:image:width\" content=\"459\" \/>\n\t<meta property=\"og:image:height\" content=\"270\" \/>\n\t<meta property=\"og:image:type\" content=\"image\/jpeg\" \/>\n<meta name=\"author\" content=\"ayun\" \/>\n<meta name=\"twitter:card\" content=\"summary_large_image\" \/>\n<meta name=\"twitter:label1\" content=\"Escrito por\" \/>\n\t<meta name=\"twitter:data1\" content=\"ayun\" \/>\n\t<meta name=\"twitter:label2\" content=\"Tiempo de lectura\" \/>\n\t<meta name=\"twitter:data2\" content=\"1 minuto\" \/>\n<script type=\"application\/ld+json\" class=\"yoast-schema-graph\">{\"@context\":\"https:\\\/\\\/schema.org\",\"@graph\":[{\"@type\":\"Article\",\"@id\":\"https:\\\/\\\/www.caudete.org\\\/ayuntamiento\\\/el-caudetano-hugo-hernandez-huesca-se-proclama-campeon-en-el-campeonato-de-tenis-por-equipos\\\/#article\",\"isPartOf\":{\"@id\":\"https:\\\/\\\/www.caudete.org\\\/ayuntamiento\\\/el-caudetano-hugo-hernandez-huesca-se-proclama-campeon-en-el-campeonato-de-tenis-por-equipos\\\/\"},\"author\":{\"name\":\"ayun\",\"@id\":\"https:\\\/\\\/www.caudete.org\\\/ayuntamiento\\\/#\\\/schema\\\/person\\\/79f7e19fdd176fc2bc7a289013dc2056\"},\"headline\":\"El caudetano Hugo Hern\u00e1ndez Huesca se proclama campe\u00f3n en el Campeonato de Tenis por Equipos\",\"datePublished\":\"2023-06-16T06:48:58+00:00\",\"dateModified\":\"2023-06-16T06:49:32+00:00\",\"mainEntityOfPage\":{\"@id\":\"https:\\\/\\\/www.caudete.org\\\/ayuntamiento\\\/el-caudetano-hugo-hernandez-huesca-se-proclama-campeon-en-el-campeonato-de-tenis-por-equipos\\\/\"},\"wordCount\":125,\"image\":{\"@id\":\"https:\\\/\\\/www.caudete.org\\\/ayuntamiento\\\/el-caudetano-hugo-hernandez-huesca-se-proclama-campeon-en-el-campeonato-de-tenis-por-equipos\\\/#primaryimage\"},\"thumbnailUrl\":\"https:\\\/\\\/www.caudete.org\\\/ayuntamiento\\\/wp-content\\\/uploads\\\/2023\\\/06\\\/Hugo-Fernandez-tenis-port.jpg\",\"articleSection\":[\"Deportes\"],\"inLanguage\":\"es\"},{\"@type\":\"WebPage\",\"@id\":\"https:\\\/\\\/www.caudete.org\\\/ayuntamiento\\\/el-caudetano-hugo-hernandez-huesca-se-proclama-campeon-en-el-campeonato-de-tenis-por-equipos\\\/\",\"url\":\"https:\\\/\\\/www.caudete.org\\\/ayuntamiento\\\/el-caudetano-hugo-hernandez-huesca-se-proclama-campeon-en-el-campeonato-de-tenis-por-equipos\\\/\",\"name\":\"El caudetano Hugo Hern\u00e1ndez Huesca se proclama campe\u00f3n en el Campeonato de Tenis por Equipos - MI Ayuntamiento de Caudete\",\"isPartOf\":{\"@id\":\"https:\\\/\\\/www.caudete.org\\\/ayuntamiento\\\/#website\"},\"primaryImageOfPage\":{\"@id\":\"https:\\\/\\\/www.caudete.org\\\/ayuntamiento\\\/el-caudetano-hugo-hernandez-huesca-se-proclama-campeon-en-el-campeonato-de-tenis-por-equipos\\\/#primaryimage\"},\"image\":{\"@id\":\"https:\\\/\\\/www.caudete.org\\\/ayuntamiento\\\/el-caudetano-hugo-hernandez-huesca-se-proclama-campeon-en-el-campeonato-de-tenis-por-equipos\\\/#primaryimage\"},\"thumbnailUrl\":\"https:\\\/\\\/www.caudete.org\\\/ayuntamiento\\\/wp-content\\\/uploads\\\/2023\\\/06\\\/Hugo-Fernandez-tenis-port.jpg\",\"datePublished\":\"2023-06-16T06:48:58+00:00\",\"dateModified\":\"2023-06-16T06:49:32+00:00\",\"author\":{\"@id\":\"https:\\\/\\\/www.caudete.org\\\/ayuntamiento\\\/#\\\/schema\\\/person\\\/79f7e19fdd176fc2bc7a289013dc2056\"},\"description\":\"P\u00e1gina Oficial del Ayuntamiento de Caudete (Albacete)\",\"breadcrumb\":{\"@id\":\"https:\\\/\\\/www.caudete.org\\\/ayuntamiento\\\/el-caudetano-hugo-hernandez-huesca-se-proclama-campeon-en-el-campeonato-de-tenis-por-equipos\\\/#breadcrumb\"},\"inLanguage\":\"es\",\"potentialAction\":[{\"@type\":\"ReadAction\",\"target\":[\"https:\\\/\\\/www.caudete.org\\\/ayuntamiento\\\/el-caudetano-hugo-hernandez-huesca-se-proclama-campeon-en-el-campeonato-de-tenis-por-equipos\\\/\"]}]},{\"@type\":\"ImageObject\",\"inLanguage\":\"es\",\"@id\":\"https:\\\/\\\/www.caudete.org\\\/ayuntamiento\\\/el-caudetano-hugo-hernandez-huesca-se-proclama-campeon-en-el-campeonato-de-tenis-por-equipos\\\/#primaryimage\",\"url\":\"https:\\\/\\\/www.caudete.org\\\/ayuntamiento\\\/wp-content\\\/uploads\\\/2023\\\/06\\\/Hugo-Fernandez-tenis-port.jpg\",\"contentUrl\":\"https:\\\/\\\/www.caudete.org\\\/ayuntamiento\\\/wp-content\\\/uploads\\\/2023\\\/06\\\/Hugo-Fernandez-tenis-port.jpg\",\"width\":459,\"height\":270},{\"@type\":\"BreadcrumbList\",\"@id\":\"https:\\\/\\\/www.caudete.org\\\/ayuntamiento\\\/el-caudetano-hugo-hernandez-huesca-se-proclama-campeon-en-el-campeonato-de-tenis-por-equipos\\\/#breadcrumb\",\"itemListElement\":[{\"@type\":\"ListItem\",\"position\":1,\"name\":\"Inicio\",\"item\":\"https:\\\/\\\/www.caudete.org\\\/ayuntamiento\\\/\"},{\"@type\":\"ListItem\",\"position\":2,\"name\":\"El caudetano Hugo Hern\u00e1ndez Huesca se proclama campe\u00f3n en el Campeonato de Tenis por Equipos\"}]},{\"@type\":\"WebSite\",\"@id\":\"https:\\\/\\\/www.caudete.org\\\/ayuntamiento\\\/#website\",\"url\":\"https:\\\/\\\/www.caudete.org\\\/ayuntamiento\\\/\",\"name\":\"MI Ayuntamiento de Caudete\",\"description\":\"P\u00e1gina Oficial del MI Ayuntamiento de Caudete\",\"potentialAction\":[{\"@type\":\"SearchAction\",\"target\":{\"@type\":\"EntryPoint\",\"urlTemplate\":\"https:\\\/\\\/www.caudete.org\\\/ayuntamiento\\\/?s={search_term_string}\"},\"query-input\":{\"@type\":\"PropertyValueSpecification\",\"valueRequired\":true,\"valueName\":\"search_term_string\"}}],\"inLanguage\":\"es\"},{\"@type\":\"Person\",\"@id\":\"https:\\\/\\\/www.caudete.org\\\/ayuntamiento\\\/#\\\/schema\\\/person\\\/79f7e19fdd176fc2bc7a289013dc2056\",\"name\":\"ayun\",\"image\":{\"@type\":\"ImageObject\",\"inLanguage\":\"es\",\"@id\":\"https:\\\/\\\/secure.gravatar.com\\\/avatar\\\/4ce797ee07c943e7e592f8cd648e503e6cd571387558ed07135799c2bd2847df?s=96&d=mm&r=g\",\"url\":\"https:\\\/\\\/secure.gravatar.com\\\/avatar\\\/4ce797ee07c943e7e592f8cd648e503e6cd571387558ed07135799c2bd2847df?s=96&d=mm&r=g\",\"contentUrl\":\"https:\\\/\\\/secure.gravatar.com\\\/avatar\\\/4ce797ee07c943e7e592f8cd648e503e6cd571387558ed07135799c2bd2847df?s=96&d=mm&r=g\",\"caption\":\"ayun\"},\"sameAs\":[\"http:\\\/\\\/www.caudete.org\\\/ayuntamiento\"],\"url\":\"https:\\\/\\\/www.caudete.org\\\/ayuntamiento\\\/author\\\/ayun\\\/\"}]}<\/script>\n<!-- \/ Yoast SEO plugin. -->","yoast_head_json":{"title":"El caudetano Hugo Hern\u00e1ndez Huesca se proclama campe\u00f3n en el Campeonato de Tenis por Equipos - MI Ayuntamiento de Caudete","description":"P\u00e1gina Oficial del Ayuntamiento de Caudete (Albacete)","robots":{"index":"index","follow":"follow","max-snippet":"max-snippet:-1","max-image-preview":"max-image-preview:large","max-video-preview":"max-video-preview:-1"},"canonical":"https:\/\/www.caudete.org\/ayuntamiento\/el-caudetano-hugo-hernandez-huesca-se-proclama-campeon-en-el-campeonato-de-tenis-por-equipos\/","og_locale":"es_ES","og_type":"article","og_title":"El caudetano Hugo Hern\u00e1ndez Huesca se proclama campe\u00f3n en el Campeonato de Tenis por Equipos - MI Ayuntamiento de Caudete","og_description":"P\u00e1gina Oficial del Ayuntamiento de Caudete (Albacete)","og_url":"https:\/\/www.caudete.org\/ayuntamiento\/el-caudetano-hugo-hernandez-huesca-se-proclama-campeon-en-el-campeonato-de-tenis-por-equipos\/","og_site_name":"MI Ayuntamiento de Caudete","article_publisher":"https:\/\/www.facebook.com\/ayuntamientocaudete\/","article_published_time":"2023-06-16T06:48:58+00:00","article_modified_time":"2023-06-16T06:49:32+00:00","og_image":[{"width":459,"height":270,"url":"https:\/\/www.caudete.org\/ayuntamiento\/wp-content\/uploads\/2023\/06\/Hugo-Fernandez-tenis-port.jpg","type":"image\/jpeg"}],"author":"ayun","twitter_card":"summary_large_image","twitter_misc":{"Escrito por":"ayun","Tiempo de lectura":"1 minuto"},"schema":{"@context":"https:\/\/schema.org","@graph":[{"@type":"Article","@id":"https:\/\/www.caudete.org\/ayuntamiento\/el-caudetano-hugo-hernandez-huesca-se-proclama-campeon-en-el-campeonato-de-tenis-por-equipos\/#article","isPartOf":{"@id":"https:\/\/www.caudete.org\/ayuntamiento\/el-caudetano-hugo-hernandez-huesca-se-proclama-campeon-en-el-campeonato-de-tenis-por-equipos\/"},"author":{"name":"ayun","@id":"https:\/\/www.caudete.org\/ayuntamiento\/#\/schema\/person\/79f7e19fdd176fc2bc7a289013dc2056"},"headline":"El caudetano Hugo Hern\u00e1ndez Huesca se proclama campe\u00f3n en el Campeonato de Tenis por Equipos","datePublished":"2023-06-16T06:48:58+00:00","dateModified":"2023-06-16T06:49:32+00:00","mainEntityOfPage":{"@id":"https:\/\/www.caudete.org\/ayuntamiento\/el-caudetano-hugo-hernandez-huesca-se-proclama-campeon-en-el-campeonato-de-tenis-por-equipos\/"},"wordCount":125,"image":{"@id":"https:\/\/www.caudete.org\/ayuntamiento\/el-caudetano-hugo-hernandez-huesca-se-proclama-campeon-en-el-campeonato-de-tenis-por-equipos\/#primaryimage"},"thumbnailUrl":"https:\/\/www.caudete.org\/ayuntamiento\/wp-content\/uploads\/2023\/06\/Hugo-Fernandez-tenis-port.jpg","articleSection":["Deportes"],"inLanguage":"es"},{"@type":"WebPage","@id":"https:\/\/www.caudete.org\/ayuntamiento\/el-caudetano-hugo-hernandez-huesca-se-proclama-campeon-en-el-campeonato-de-tenis-por-equipos\/","url":"https:\/\/www.caudete.org\/ayuntamiento\/el-caudetano-hugo-hernandez-huesca-se-proclama-campeon-en-el-campeonato-de-tenis-por-equipos\/","name":"El caudetano Hugo Hern\u00e1ndez Huesca se proclama campe\u00f3n en el Campeonato de Tenis por Equipos - MI Ayuntamiento de Caudete","isPartOf":{"@id":"https:\/\/www.caudete.org\/ayuntamiento\/#website"},"primaryImageOfPage":{"@id":"https:\/\/www.caudete.org\/ayuntamiento\/el-caudetano-hugo-hernandez-huesca-se-proclama-campeon-en-el-campeonato-de-tenis-por-equipos\/#primaryimage"},"image":{"@id":"https:\/\/www.caudete.org\/ayuntamiento\/el-caudetano-hugo-hernandez-huesca-se-proclama-campeon-en-el-campeonato-de-tenis-por-equipos\/#primaryimage"},"thumbnailUrl":"https:\/\/www.caudete.org\/ayuntamiento\/wp-content\/uploads\/2023\/06\/Hugo-Fernandez-tenis-port.jpg","datePublished":"2023-06-16T06:48:58+00:00","dateModified":"2023-06-16T06:49:32+00:00","author":{"@id":"https:\/\/www.caudete.org\/ayuntamiento\/#\/schema\/person\/79f7e19fdd176fc2bc7a289013dc2056"},"description":"P\u00e1gina Oficial del Ayuntamiento de Caudete (Albacete)","breadcrumb":{"@id":"https:\/\/www.caudete.org\/ayuntamiento\/el-caudetano-hugo-hernandez-huesca-se-proclama-campeon-en-el-campeonato-de-tenis-por-equipos\/#breadcrumb"},"inLanguage":"es","potentialAction":[{"@type":"ReadAction","target":["https:\/\/www.caudete.org\/ayuntamiento\/el-caudetano-hugo-hernandez-huesca-se-proclama-campeon-en-el-campeonato-de-tenis-por-equipos\/"]}]},{"@type":"ImageObject","inLanguage":"es","@id":"https:\/\/www.caudete.org\/ayuntamiento\/el-caudetano-hugo-hernandez-huesca-se-proclama-campeon-en-el-campeonato-de-tenis-por-equipos\/#primaryimage","url":"https:\/\/www.caudete.org\/ayuntamiento\/wp-content\/uploads\/2023\/06\/Hugo-Fernandez-tenis-port.jpg","contentUrl":"https:\/\/www.caudete.org\/ayuntamiento\/wp-content\/uploads\/2023\/06\/Hugo-Fernandez-tenis-port.jpg","width":459,"height":270},{"@type":"BreadcrumbList","@id":"https:\/\/www.caudete.org\/ayuntamiento\/el-caudetano-hugo-hernandez-huesca-se-proclama-campeon-en-el-campeonato-de-tenis-por-equipos\/#breadcrumb","itemListElement":[{"@type":"ListItem","position":1,"name":"Inicio","item":"https:\/\/www.caudete.org\/ayuntamiento\/"},{"@type":"ListItem","position":2,"name":"El caudetano Hugo Hern\u00e1ndez Huesca se proclama campe\u00f3n en el Campeonato de Tenis por Equipos"}]},{"@type":"WebSite","@id":"https:\/\/www.caudete.org\/ayuntamiento\/#website","url":"https:\/\/www.caudete.org\/ayuntamiento\/","name":"MI Ayuntamiento de Caudete","description":"P\u00e1gina Oficial del MI Ayuntamiento de Caudete","potentialAction":[{"@type":"SearchAction","target":{"@type":"EntryPoint","urlTemplate":"https:\/\/www.caudete.org\/ayuntamiento\/?s={search_term_string}"},"query-input":{"@type":"PropertyValueSpecification","valueRequired":true,"valueName":"search_term_string"}}],"inLanguage":"es"},{"@type":"Person","@id":"https:\/\/www.caudete.org\/ayuntamiento\/#\/schema\/person\/79f7e19fdd176fc2bc7a289013dc2056","name":"ayun","image":{"@type":"ImageObject","inLanguage":"es","@id":"https:\/\/secure.gravatar.com\/avatar\/4ce797ee07c943e7e592f8cd648e503e6cd571387558ed07135799c2bd2847df?s=96&d=mm&r=g","url":"https:\/\/secure.gravatar.com\/avatar\/4ce797ee07c943e7e592f8cd648e503e6cd571387558ed07135799c2bd2847df?s=96&d=mm&r=g","contentUrl":"https:\/\/secure.gravatar.com\/avatar\/4ce797ee07c943e7e592f8cd648e503e6cd571387558ed07135799c2bd2847df?s=96&d=mm&r=g","caption":"ayun"},"sameAs":["http:\/\/www.caudete.org\/ayuntamiento"],"url":"https:\/\/www.caudete.org\/ayuntamiento\/author\/ayun\/"}]}},"_links":{"self":[{"href":"https:\/\/www.caudete.org\/ayuntamiento\/wp-json\/wp\/v2\/posts\/22496","targetHints":{"allow":["GET"]}}],"collection":[{"href":"https:\/\/www.caudete.org\/ayuntamiento\/wp-json\/wp\/v2\/posts"}],"about":[{"href":"https:\/\/www.caudete.org\/ayuntamiento\/wp-json\/wp\/v2\/types\/post"}],"author":[{"embeddable":true,"href":"https:\/\/www.caudete.org\/ayuntamiento\/wp-json\/wp\/v2\/users\/1"}],"replies":[{"embeddable":true,"href":"https:\/\/www.caudete.org\/ayuntamiento\/wp-json\/wp\/v2\/comments?post=22496"}],"version-history":[{"count":3,"href":"https:\/\/www.caudete.org\/ayuntamiento\/wp-json\/wp\/v2\/posts\/22496\/revisions"}],"predecessor-version":[{"id":22501,"href":"https:\/\/www.caudete.org\/ayuntamiento\/wp-json\/wp\/v2\/posts\/22496\/revisions\/22501"}],"wp:featuredmedia":[{"embeddable":true,"href":"https:\/\/www.caudete.org\/ayuntamiento\/wp-json\/wp\/v2\/media\/22498"}],"wp:attachment":[{"href":"https:\/\/www.caudete.org\/ayuntamiento\/wp-json\/wp\/v2\/media?parent=22496"}],"wp:term":[{"taxonomy":"category","embeddable":true,"href":"https:\/\/www.caudete.org\/ayuntamiento\/wp-json\/wp\/v2\/categories?post=22496"},{"taxonomy":"post_tag","embeddable":true,"href":"https:\/\/www.caudete.org\/ayuntamiento\/wp-json\/wp\/v2\/tags?post=22496"}],"curies":[{"name":"wp","href":"https:\/\/api.w.org\/{rel}","templated":true}]}}