{"id":22571,"date":"2023-06-25T22:24:07","date_gmt":"2023-06-25T20:24:07","guid":{"rendered":"https:\/\/www.caudete.org\/ayuntamiento\/?p=22571"},"modified":"2023-06-25T22:24:07","modified_gmt":"2023-06-25T20:24:07","slug":"cambios-temporales-en-el-trafico-por-las-obras-en-c-abadia-y-virgen-de-gracia","status":"publish","type":"post","link":"https:\/\/www.caudete.org\/ayuntamiento\/cambios-temporales-en-el-trafico-por-las-obras-en-c-abadia-y-virgen-de-gracia\/","title":{"rendered":"Cambios temporales en el tr\u00e1fico por las obras en C\/Abad\u00eda y Virgen de Gracia"},"content":{"rendered":"<p style=\"text-align: justify;\">Las obras de reurbanizaci\u00f3n en Calle Mayor, Abad\u00eda y Virgen de Gracia mediante el POS-2022, oblig\u00f3 en Marzo a adoptar de forma provisional cambios en el tr\u00e1fico y la movilidad urbana para adecuarlo a la ejecuci\u00f3n de las obras.<\/p>\n<p style=\"text-align: justify;\">Durante las pr\u00f3ximas semanas, <strong>las obras<\/strong> se van a centrar en el tramo afecto de <strong>Calle Abad\u00eda (fachada de la Lonja) y en el primer tramo de Avenida Virgen de Gracia (desde la Lonja al Horno de la Lirona).<\/strong><\/p>\n<p style=\"text-align: justify;\">As\u00ed lo informaba el Alcalde, como responsable de la movilidad urbana en el presente mandato, de forma que <strong>a partir de ma\u00f1ana lunes 26 Junio a las 08:00h<\/strong> y hasta nueva orden:<\/p>\n<p style=\"text-align: justify;\">1. No se podr\u00e1 acceder a Calle Abad\u00eda ni a Virgen de Gracia desde Plaza de la Iglesia.<\/p>\n<p style=\"text-align: justify;\">2. El sentido de circulaci\u00f3n de Calle Sacramento ser\u00e1 de salida y no de entrada.<\/p>\n<p style=\"text-align: justify;\">3. Para acceder a Plaza de la Iglesia, se har\u00e1 desde Calle De\u00e1n Mart\u00ednez.<\/p>\n<p style=\"text-align: justify;\">4. Se mantiene cortada la Calle Mayor desde el parking de la plaza Nuestra Se\u00f1ora del Carmen.<\/p>\n<p style=\"text-align: justify;\">5. Se mantiene el cambio de sentido de circulaci\u00f3n en Calle las Moreras, El Mercado y El Molino.<\/p>\n<p style=\"text-align: justify;\">6. Desde Calle El Mercado solo se permitir\u00e1 el giro a izquierda, hacia Jos\u00e9 Ruiz Ruiz, ya que a derechas estar\u00e1n ejecut\u00e1ndose las obras.<\/p>\n<p style=\"text-align: justify;\">\n","protected":false},"excerpt":{"rendered":"<p>Las obras de reurbanizaci\u00f3n en Calle Mayor, Abad\u00eda y Virgen de Gracia mediante el POS-2022, oblig\u00f3 en Marzo a adoptar de forma provisional cambios en el tr\u00e1fico y la movilidad urbana para adecuarlo a la ejecuci\u00f3n de las obras. Durante las pr\u00f3ximas semanas, las obras se van a centrar en el tramo afecto de Calle &hellip;<\/p>\n","protected":false},"author":3,"featured_media":18660,"comment_status":"closed","ping_status":"open","sticky":false,"template":"","format":"standard","meta":{"ngg_post_thumbnail":0,"footnotes":""},"categories":[46],"tags":[],"class_list":["post-22571","post","type-post","status-publish","format-standard","has-post-thumbnail","hentry","category-movilidad-urbana"],"yoast_head":"<!-- This site is optimized with the Yoast SEO plugin v27.5 - https:\/\/yoast.com\/product\/yoast-seo-wordpress\/ -->\n<title>Cambios temporales en el tr\u00e1fico por las obras en C\/Abad\u00eda y Virgen de Gracia - MI Ayuntamiento de Caudete<\/title>\n<meta name=\"description\" content=\"P\u00e1gina Oficial del Ayuntamiento de Caudete (Albacete)\" \/>\n<meta name=\"robots\" content=\"index, follow, max-snippet:-1, max-image-preview:large, max-video-preview:-1\" \/>\n<link rel=\"canonical\" href=\"https:\/\/www.caudete.org\/ayuntamiento\/cambios-temporales-en-el-trafico-por-las-obras-en-c-abadia-y-virgen-de-gracia\/\" \/>\n<meta property=\"og:locale\" content=\"es_ES\" \/>\n<meta property=\"og:type\" content=\"article\" \/>\n<meta property=\"og:title\" content=\"Cambios temporales en el tr\u00e1fico por las obras en C\/Abad\u00eda y Virgen de Gracia - MI Ayuntamiento de Caudete\" \/>\n<meta property=\"og:description\" content=\"P\u00e1gina Oficial del Ayuntamiento de Caudete (Albacete)\" \/>\n<meta property=\"og:url\" content=\"https:\/\/www.caudete.org\/ayuntamiento\/cambios-temporales-en-el-trafico-por-las-obras-en-c-abadia-y-virgen-de-gracia\/\" \/>\n<meta property=\"og:site_name\" content=\"MI Ayuntamiento de Caudete\" \/>\n<meta property=\"article:publisher\" content=\"https:\/\/www.facebook.com\/ayuntamientocaudete\/\" \/>\n<meta property=\"article:published_time\" content=\"2023-06-25T20:24:07+00:00\" \/>\n<meta property=\"og:image\" content=\"https:\/\/www.caudete.org\/ayuntamiento\/wp-content\/uploads\/2022\/04\/IMG_6298-800x533-1.jpg\" \/>\n\t<meta property=\"og:image:width\" content=\"800\" \/>\n\t<meta property=\"og:image:height\" content=\"533\" \/>\n\t<meta property=\"og:image:type\" content=\"image\/jpeg\" \/>\n<meta name=\"author\" content=\"alcalde\" \/>\n<meta name=\"twitter:card\" content=\"summary_large_image\" \/>\n<meta name=\"twitter:label1\" content=\"Escrito por\" \/>\n\t<meta name=\"twitter:data1\" content=\"alcalde\" \/>\n\t<meta name=\"twitter:label2\" content=\"Tiempo de lectura\" \/>\n\t<meta name=\"twitter:data2\" content=\"1 minuto\" \/>\n<script type=\"application\/ld+json\" class=\"yoast-schema-graph\">{\"@context\":\"https:\\\/\\\/schema.org\",\"@graph\":[{\"@type\":\"Article\",\"@id\":\"https:\\\/\\\/www.caudete.org\\\/ayuntamiento\\\/cambios-temporales-en-el-trafico-por-las-obras-en-c-abadia-y-virgen-de-gracia\\\/#article\",\"isPartOf\":{\"@id\":\"https:\\\/\\\/www.caudete.org\\\/ayuntamiento\\\/cambios-temporales-en-el-trafico-por-las-obras-en-c-abadia-y-virgen-de-gracia\\\/\"},\"author\":{\"name\":\"alcalde\",\"@id\":\"https:\\\/\\\/www.caudete.org\\\/ayuntamiento\\\/#\\\/schema\\\/person\\\/cc646da9133078ee4d8dd47457947253\"},\"headline\":\"Cambios temporales en el tr\u00e1fico por las obras en C\\\/Abad\u00eda y Virgen de Gracia\",\"datePublished\":\"2023-06-25T20:24:07+00:00\",\"mainEntityOfPage\":{\"@id\":\"https:\\\/\\\/www.caudete.org\\\/ayuntamiento\\\/cambios-temporales-en-el-trafico-por-las-obras-en-c-abadia-y-virgen-de-gracia\\\/\"},\"wordCount\":241,\"image\":{\"@id\":\"https:\\\/\\\/www.caudete.org\\\/ayuntamiento\\\/cambios-temporales-en-el-trafico-por-las-obras-en-c-abadia-y-virgen-de-gracia\\\/#primaryimage\"},\"thumbnailUrl\":\"https:\\\/\\\/www.caudete.org\\\/ayuntamiento\\\/wp-content\\\/uploads\\\/2022\\\/04\\\/IMG_6298-800x533-1.jpg\",\"articleSection\":[\"Movilidad Urbana\"],\"inLanguage\":\"es\"},{\"@type\":\"WebPage\",\"@id\":\"https:\\\/\\\/www.caudete.org\\\/ayuntamiento\\\/cambios-temporales-en-el-trafico-por-las-obras-en-c-abadia-y-virgen-de-gracia\\\/\",\"url\":\"https:\\\/\\\/www.caudete.org\\\/ayuntamiento\\\/cambios-temporales-en-el-trafico-por-las-obras-en-c-abadia-y-virgen-de-gracia\\\/\",\"name\":\"Cambios temporales en el tr\u00e1fico por las obras en C\\\/Abad\u00eda y Virgen de Gracia - MI Ayuntamiento de Caudete\",\"isPartOf\":{\"@id\":\"https:\\\/\\\/www.caudete.org\\\/ayuntamiento\\\/#website\"},\"primaryImageOfPage\":{\"@id\":\"https:\\\/\\\/www.caudete.org\\\/ayuntamiento\\\/cambios-temporales-en-el-trafico-por-las-obras-en-c-abadia-y-virgen-de-gracia\\\/#primaryimage\"},\"image\":{\"@id\":\"https:\\\/\\\/www.caudete.org\\\/ayuntamiento\\\/cambios-temporales-en-el-trafico-por-las-obras-en-c-abadia-y-virgen-de-gracia\\\/#primaryimage\"},\"thumbnailUrl\":\"https:\\\/\\\/www.caudete.org\\\/ayuntamiento\\\/wp-content\\\/uploads\\\/2022\\\/04\\\/IMG_6298-800x533-1.jpg\",\"datePublished\":\"2023-06-25T20:24:07+00:00\",\"author\":{\"@id\":\"https:\\\/\\\/www.caudete.org\\\/ayuntamiento\\\/#\\\/schema\\\/person\\\/cc646da9133078ee4d8dd47457947253\"},\"description\":\"P\u00e1gina Oficial del Ayuntamiento de Caudete (Albacete)\",\"breadcrumb\":{\"@id\":\"https:\\\/\\\/www.caudete.org\\\/ayuntamiento\\\/cambios-temporales-en-el-trafico-por-las-obras-en-c-abadia-y-virgen-de-gracia\\\/#breadcrumb\"},\"inLanguage\":\"es\",\"potentialAction\":[{\"@type\":\"ReadAction\",\"target\":[\"https:\\\/\\\/www.caudete.org\\\/ayuntamiento\\\/cambios-temporales-en-el-trafico-por-las-obras-en-c-abadia-y-virgen-de-gracia\\\/\"]}]},{\"@type\":\"ImageObject\",\"inLanguage\":\"es\",\"@id\":\"https:\\\/\\\/www.caudete.org\\\/ayuntamiento\\\/cambios-temporales-en-el-trafico-por-las-obras-en-c-abadia-y-virgen-de-gracia\\\/#primaryimage\",\"url\":\"https:\\\/\\\/www.caudete.org\\\/ayuntamiento\\\/wp-content\\\/uploads\\\/2022\\\/04\\\/IMG_6298-800x533-1.jpg\",\"contentUrl\":\"https:\\\/\\\/www.caudete.org\\\/ayuntamiento\\\/wp-content\\\/uploads\\\/2022\\\/04\\\/IMG_6298-800x533-1.jpg\",\"width\":800,\"height\":533},{\"@type\":\"BreadcrumbList\",\"@id\":\"https:\\\/\\\/www.caudete.org\\\/ayuntamiento\\\/cambios-temporales-en-el-trafico-por-las-obras-en-c-abadia-y-virgen-de-gracia\\\/#breadcrumb\",\"itemListElement\":[{\"@type\":\"ListItem\",\"position\":1,\"name\":\"Inicio\",\"item\":\"https:\\\/\\\/www.caudete.org\\\/ayuntamiento\\\/\"},{\"@type\":\"ListItem\",\"position\":2,\"name\":\"Cambios temporales en el tr\u00e1fico por las obras en C\\\/Abad\u00eda y Virgen de Gracia\"}]},{\"@type\":\"WebSite\",\"@id\":\"https:\\\/\\\/www.caudete.org\\\/ayuntamiento\\\/#website\",\"url\":\"https:\\\/\\\/www.caudete.org\\\/ayuntamiento\\\/\",\"name\":\"MI Ayuntamiento de Caudete\",\"description\":\"P\u00e1gina Oficial del MI Ayuntamiento de Caudete\",\"potentialAction\":[{\"@type\":\"SearchAction\",\"target\":{\"@type\":\"EntryPoint\",\"urlTemplate\":\"https:\\\/\\\/www.caudete.org\\\/ayuntamiento\\\/?s={search_term_string}\"},\"query-input\":{\"@type\":\"PropertyValueSpecification\",\"valueRequired\":true,\"valueName\":\"search_term_string\"}}],\"inLanguage\":\"es\"},{\"@type\":\"Person\",\"@id\":\"https:\\\/\\\/www.caudete.org\\\/ayuntamiento\\\/#\\\/schema\\\/person\\\/cc646da9133078ee4d8dd47457947253\",\"name\":\"alcalde\",\"image\":{\"@type\":\"ImageObject\",\"inLanguage\":\"es\",\"@id\":\"https:\\\/\\\/secure.gravatar.com\\\/avatar\\\/84a817ba065b29ff08d666b215a215f5c79186a645ccb25b14a663d48a130f77?s=96&d=mm&r=g\",\"url\":\"https:\\\/\\\/secure.gravatar.com\\\/avatar\\\/84a817ba065b29ff08d666b215a215f5c79186a645ccb25b14a663d48a130f77?s=96&d=mm&r=g\",\"contentUrl\":\"https:\\\/\\\/secure.gravatar.com\\\/avatar\\\/84a817ba065b29ff08d666b215a215f5c79186a645ccb25b14a663d48a130f77?s=96&d=mm&r=g\",\"caption\":\"alcalde\"},\"url\":\"https:\\\/\\\/www.caudete.org\\\/ayuntamiento\\\/author\\\/alcalde\\\/\"}]}<\/script>\n<!-- \/ Yoast SEO plugin. -->","yoast_head_json":{"title":"Cambios temporales en el tr\u00e1fico por las obras en C\/Abad\u00eda y Virgen de Gracia - MI Ayuntamiento de Caudete","description":"P\u00e1gina Oficial del Ayuntamiento de Caudete (Albacete)","robots":{"index":"index","follow":"follow","max-snippet":"max-snippet:-1","max-image-preview":"max-image-preview:large","max-video-preview":"max-video-preview:-1"},"canonical":"https:\/\/www.caudete.org\/ayuntamiento\/cambios-temporales-en-el-trafico-por-las-obras-en-c-abadia-y-virgen-de-gracia\/","og_locale":"es_ES","og_type":"article","og_title":"Cambios temporales en el tr\u00e1fico por las obras en C\/Abad\u00eda y Virgen de Gracia - MI Ayuntamiento de Caudete","og_description":"P\u00e1gina Oficial del Ayuntamiento de Caudete (Albacete)","og_url":"https:\/\/www.caudete.org\/ayuntamiento\/cambios-temporales-en-el-trafico-por-las-obras-en-c-abadia-y-virgen-de-gracia\/","og_site_name":"MI Ayuntamiento de Caudete","article_publisher":"https:\/\/www.facebook.com\/ayuntamientocaudete\/","article_published_time":"2023-06-25T20:24:07+00:00","og_image":[{"width":800,"height":533,"url":"https:\/\/www.caudete.org\/ayuntamiento\/wp-content\/uploads\/2022\/04\/IMG_6298-800x533-1.jpg","type":"image\/jpeg"}],"author":"alcalde","twitter_card":"summary_large_image","twitter_misc":{"Escrito por":"alcalde","Tiempo de lectura":"1 minuto"},"schema":{"@context":"https:\/\/schema.org","@graph":[{"@type":"Article","@id":"https:\/\/www.caudete.org\/ayuntamiento\/cambios-temporales-en-el-trafico-por-las-obras-en-c-abadia-y-virgen-de-gracia\/#article","isPartOf":{"@id":"https:\/\/www.caudete.org\/ayuntamiento\/cambios-temporales-en-el-trafico-por-las-obras-en-c-abadia-y-virgen-de-gracia\/"},"author":{"name":"alcalde","@id":"https:\/\/www.caudete.org\/ayuntamiento\/#\/schema\/person\/cc646da9133078ee4d8dd47457947253"},"headline":"Cambios temporales en el tr\u00e1fico por las obras en C\/Abad\u00eda y Virgen de Gracia","datePublished":"2023-06-25T20:24:07+00:00","mainEntityOfPage":{"@id":"https:\/\/www.caudete.org\/ayuntamiento\/cambios-temporales-en-el-trafico-por-las-obras-en-c-abadia-y-virgen-de-gracia\/"},"wordCount":241,"image":{"@id":"https:\/\/www.caudete.org\/ayuntamiento\/cambios-temporales-en-el-trafico-por-las-obras-en-c-abadia-y-virgen-de-gracia\/#primaryimage"},"thumbnailUrl":"https:\/\/www.caudete.org\/ayuntamiento\/wp-content\/uploads\/2022\/04\/IMG_6298-800x533-1.jpg","articleSection":["Movilidad Urbana"],"inLanguage":"es"},{"@type":"WebPage","@id":"https:\/\/www.caudete.org\/ayuntamiento\/cambios-temporales-en-el-trafico-por-las-obras-en-c-abadia-y-virgen-de-gracia\/","url":"https:\/\/www.caudete.org\/ayuntamiento\/cambios-temporales-en-el-trafico-por-las-obras-en-c-abadia-y-virgen-de-gracia\/","name":"Cambios temporales en el tr\u00e1fico por las obras en C\/Abad\u00eda y Virgen de Gracia - MI Ayuntamiento de Caudete","isPartOf":{"@id":"https:\/\/www.caudete.org\/ayuntamiento\/#website"},"primaryImageOfPage":{"@id":"https:\/\/www.caudete.org\/ayuntamiento\/cambios-temporales-en-el-trafico-por-las-obras-en-c-abadia-y-virgen-de-gracia\/#primaryimage"},"image":{"@id":"https:\/\/www.caudete.org\/ayuntamiento\/cambios-temporales-en-el-trafico-por-las-obras-en-c-abadia-y-virgen-de-gracia\/#primaryimage"},"thumbnailUrl":"https:\/\/www.caudete.org\/ayuntamiento\/wp-content\/uploads\/2022\/04\/IMG_6298-800x533-1.jpg","datePublished":"2023-06-25T20:24:07+00:00","author":{"@id":"https:\/\/www.caudete.org\/ayuntamiento\/#\/schema\/person\/cc646da9133078ee4d8dd47457947253"},"description":"P\u00e1gina Oficial del Ayuntamiento de Caudete (Albacete)","breadcrumb":{"@id":"https:\/\/www.caudete.org\/ayuntamiento\/cambios-temporales-en-el-trafico-por-las-obras-en-c-abadia-y-virgen-de-gracia\/#breadcrumb"},"inLanguage":"es","potentialAction":[{"@type":"ReadAction","target":["https:\/\/www.caudete.org\/ayuntamiento\/cambios-temporales-en-el-trafico-por-las-obras-en-c-abadia-y-virgen-de-gracia\/"]}]},{"@type":"ImageObject","inLanguage":"es","@id":"https:\/\/www.caudete.org\/ayuntamiento\/cambios-temporales-en-el-trafico-por-las-obras-en-c-abadia-y-virgen-de-gracia\/#primaryimage","url":"https:\/\/www.caudete.org\/ayuntamiento\/wp-content\/uploads\/2022\/04\/IMG_6298-800x533-1.jpg","contentUrl":"https:\/\/www.caudete.org\/ayuntamiento\/wp-content\/uploads\/2022\/04\/IMG_6298-800x533-1.jpg","width":800,"height":533},{"@type":"BreadcrumbList","@id":"https:\/\/www.caudete.org\/ayuntamiento\/cambios-temporales-en-el-trafico-por-las-obras-en-c-abadia-y-virgen-de-gracia\/#breadcrumb","itemListElement":[{"@type":"ListItem","position":1,"name":"Inicio","item":"https:\/\/www.caudete.org\/ayuntamiento\/"},{"@type":"ListItem","position":2,"name":"Cambios temporales en el tr\u00e1fico por las obras en C\/Abad\u00eda y Virgen de Gracia"}]},{"@type":"WebSite","@id":"https:\/\/www.caudete.org\/ayuntamiento\/#website","url":"https:\/\/www.caudete.org\/ayuntamiento\/","name":"MI Ayuntamiento de Caudete","description":"P\u00e1gina Oficial del MI Ayuntamiento de Caudete","potentialAction":[{"@type":"SearchAction","target":{"@type":"EntryPoint","urlTemplate":"https:\/\/www.caudete.org\/ayuntamiento\/?s={search_term_string}"},"query-input":{"@type":"PropertyValueSpecification","valueRequired":true,"valueName":"search_term_string"}}],"inLanguage":"es"},{"@type":"Person","@id":"https:\/\/www.caudete.org\/ayuntamiento\/#\/schema\/person\/cc646da9133078ee4d8dd47457947253","name":"alcalde","image":{"@type":"ImageObject","inLanguage":"es","@id":"https:\/\/secure.gravatar.com\/avatar\/84a817ba065b29ff08d666b215a215f5c79186a645ccb25b14a663d48a130f77?s=96&d=mm&r=g","url":"https:\/\/secure.gravatar.com\/avatar\/84a817ba065b29ff08d666b215a215f5c79186a645ccb25b14a663d48a130f77?s=96&d=mm&r=g","contentUrl":"https:\/\/secure.gravatar.com\/avatar\/84a817ba065b29ff08d666b215a215f5c79186a645ccb25b14a663d48a130f77?s=96&d=mm&r=g","caption":"alcalde"},"url":"https:\/\/www.caudete.org\/ayuntamiento\/author\/alcalde\/"}]}},"_links":{"self":[{"href":"https:\/\/www.caudete.org\/ayuntamiento\/wp-json\/wp\/v2\/posts\/22571","targetHints":{"allow":["GET"]}}],"collection":[{"href":"https:\/\/www.caudete.org\/ayuntamiento\/wp-json\/wp\/v2\/posts"}],"about":[{"href":"https:\/\/www.caudete.org\/ayuntamiento\/wp-json\/wp\/v2\/types\/post"}],"author":[{"embeddable":true,"href":"https:\/\/www.caudete.org\/ayuntamiento\/wp-json\/wp\/v2\/users\/3"}],"replies":[{"embeddable":true,"href":"https:\/\/www.caudete.org\/ayuntamiento\/wp-json\/wp\/v2\/comments?post=22571"}],"version-history":[{"count":1,"href":"https:\/\/www.caudete.org\/ayuntamiento\/wp-json\/wp\/v2\/posts\/22571\/revisions"}],"predecessor-version":[{"id":22572,"href":"https:\/\/www.caudete.org\/ayuntamiento\/wp-json\/wp\/v2\/posts\/22571\/revisions\/22572"}],"wp:featuredmedia":[{"embeddable":true,"href":"https:\/\/www.caudete.org\/ayuntamiento\/wp-json\/wp\/v2\/media\/18660"}],"wp:attachment":[{"href":"https:\/\/www.caudete.org\/ayuntamiento\/wp-json\/wp\/v2\/media?parent=22571"}],"wp:term":[{"taxonomy":"category","embeddable":true,"href":"https:\/\/www.caudete.org\/ayuntamiento\/wp-json\/wp\/v2\/categories?post=22571"},{"taxonomy":"post_tag","embeddable":true,"href":"https:\/\/www.caudete.org\/ayuntamiento\/wp-json\/wp\/v2\/tags?post=22571"}],"curies":[{"name":"wp","href":"https:\/\/api.w.org\/{rel}","templated":true}]}}