{"id":22579,"date":"2023-06-26T15:11:52","date_gmt":"2023-06-26T13:11:52","guid":{"rendered":"https:\/\/www.caudete.org\/ayuntamiento\/?p=22579"},"modified":"2023-06-28T10:09:22","modified_gmt":"2023-06-28T08:09:22","slug":"torneos-deportivos-planificados-para-este-periodo-estival","status":"publish","type":"post","link":"https:\/\/www.caudete.org\/ayuntamiento\/torneos-deportivos-planificados-para-este-periodo-estival\/","title":{"rendered":"Torneos Deportivos planificados para este periodo estival"},"content":{"rendered":"<p>La Concejal de Deportes, Pilar Ega, ha manifestado, que a la oferta deportiva de verano de cursos y campus, se suma ahora la nueva propuesta de torneos deportivos, lo cuales tendr\u00e1n lugar durante los meses de julio y agosto.<br \/>\nEl primer evento a celebrarse ser\u00e1 el Torneo de Voley Playa durante el viernes 14 y s\u00e1bado 15 de julio. Seguidamente el s\u00e1bado 22 de julio se acoger\u00e1 el d\u00e9cimo s\u00e9ptimo torneo de Ajedrez \u201cBobby Fischer\u201d el cual como en ediciones anteriores se disputar\u00e1 bajo el sistema Suizo a 7 rondas, contando este a\u00f1o con una nueva ubicaci\u00f3n, concretamente el Centro Social \u201cAlcalde Vicente Lillo\u201d.<br \/>\nEl \u00faltimo fin de semana de julio ser\u00e1 el turno de las 24 horas de voleibol las cuales se desarrollar\u00e1n en una primera fase regular donde los equipos quedar\u00e1n segmentados por grupos para acto seguido proseguir con la fase eliminatoria.<br \/>\nActo seguido, vuelve el ajedrez pero esta vez con una nueva propuesta, a trav\u00e9s del tradicional encuentro de Ajedrez al Aire Libre donde los amantes de este deporte se re\u00fanen en el entorno del Paseo Luis Golf para la disputa de partidas de ajedrez sin un formato de competici\u00f3n predefinido. La oferta deportiva de torneos se finaliza con una nueva iniciativa de esta modalidad deportiva, el \u201cI Campeonato Local de Ajedrez Nocturno 5+5\u201d. El mismo que tambi\u00e9n se llevar\u00e1 a cabo en el Paseo Luis Golf se realizar\u00e1 con un ritmo de juego de 5 minutos m\u00e1s 5 segundos por jugada y a 9 rondas.<\/p>\n<p><a href=\"https:\/\/www.caudete.org\/ayuntamiento\/la-concejalia-de-deportes-presenta-los-torneos-deportivos-planificados-para-este-periodo-estival\/folleto-eventos-verano-5\/\" rel=\"attachment wp-att-22580\">Folleto Eventos verano<\/a><\/p>\n<p><a href=\"https:\/\/www.caudete.org\/ayuntamiento\/la-concejalia-de-deportes-presenta-los-torneos-deportivos-planificados-para-este-periodo-estival\/folleto-eventos-verano-5-2\/\" rel=\"attachment wp-att-22581\"><img fetchpriority=\"high\" decoding=\"async\" class=\"aligncenter size-full wp-image-22581\" src=\"https:\/\/www.caudete.org\/ayuntamiento\/wp-content\/uploads\/2023\/06\/Folleto-Eventos-verano-5.jpg\" rel='prettyPhoto' alt=\"\" width=\"600\" height=\"600\" srcset=\"https:\/\/www.caudete.org\/ayuntamiento\/wp-content\/uploads\/2023\/06\/Folleto-Eventos-verano-5.jpg 600w, https:\/\/www.caudete.org\/ayuntamiento\/wp-content\/uploads\/2023\/06\/Folleto-Eventos-verano-5-300x300.jpg 300w, https:\/\/www.caudete.org\/ayuntamiento\/wp-content\/uploads\/2023\/06\/Folleto-Eventos-verano-5-150x150.jpg 150w, https:\/\/www.caudete.org\/ayuntamiento\/wp-content\/uploads\/2023\/06\/Folleto-Eventos-verano-5-60x60.jpg 60w\" sizes=\"(max-width: 600px) 100vw, 600px\" \/><\/a><\/p>\n","protected":false},"excerpt":{"rendered":"<p>La Concejal de Deportes, Pilar Ega, ha manifestado, que a la oferta deportiva de verano de cursos y campus, se suma ahora la nueva propuesta de torneos deportivos, lo cuales tendr\u00e1n lugar durante los meses de julio y agosto. El primer evento a celebrarse ser\u00e1 el Torneo de Voley Playa durante el viernes 14 y &hellip;<\/p>\n","protected":false},"author":1,"featured_media":22582,"comment_status":"closed","ping_status":"open","sticky":false,"template":"","format":"standard","meta":{"ngg_post_thumbnail":0,"footnotes":""},"categories":[23],"tags":[],"class_list":["post-22579","post","type-post","status-publish","format-standard","has-post-thumbnail","hentry","category-deportes"],"yoast_head":"<!-- This site is optimized with the Yoast SEO plugin v27.5 - https:\/\/yoast.com\/product\/yoast-seo-wordpress\/ -->\n<title>Torneos Deportivos planificados para este periodo estival - MI Ayuntamiento de Caudete<\/title>\n<meta name=\"description\" content=\"P\u00e1gina Oficial del Ayuntamiento de Caudete (Albacete)\" \/>\n<meta name=\"robots\" content=\"index, follow, max-snippet:-1, max-image-preview:large, max-video-preview:-1\" \/>\n<link rel=\"canonical\" href=\"https:\/\/www.caudete.org\/ayuntamiento\/torneos-deportivos-planificados-para-este-periodo-estival\/\" \/>\n<meta property=\"og:locale\" content=\"es_ES\" \/>\n<meta property=\"og:type\" content=\"article\" \/>\n<meta property=\"og:title\" content=\"Torneos Deportivos planificados para este periodo estival - MI Ayuntamiento de Caudete\" \/>\n<meta property=\"og:description\" content=\"P\u00e1gina Oficial del Ayuntamiento de Caudete (Albacete)\" \/>\n<meta property=\"og:url\" content=\"https:\/\/www.caudete.org\/ayuntamiento\/torneos-deportivos-planificados-para-este-periodo-estival\/\" \/>\n<meta property=\"og:site_name\" content=\"MI Ayuntamiento de Caudete\" \/>\n<meta property=\"article:publisher\" content=\"https:\/\/www.facebook.com\/ayuntamientocaudete\/\" \/>\n<meta property=\"article:published_time\" content=\"2023-06-26T13:11:52+00:00\" \/>\n<meta property=\"article:modified_time\" content=\"2023-06-28T08:09:22+00:00\" \/>\n<meta property=\"og:image\" content=\"https:\/\/www.caudete.org\/ayuntamiento\/wp-content\/uploads\/2023\/06\/Folleto-Eventos-verano-5-port.jpg\" \/>\n\t<meta property=\"og:image:width\" content=\"600\" \/>\n\t<meta property=\"og:image:height\" content=\"237\" \/>\n\t<meta property=\"og:image:type\" content=\"image\/jpeg\" \/>\n<meta name=\"author\" content=\"ayun\" \/>\n<meta name=\"twitter:card\" content=\"summary_large_image\" \/>\n<meta name=\"twitter:label1\" content=\"Escrito por\" \/>\n\t<meta name=\"twitter:data1\" content=\"ayun\" \/>\n\t<meta name=\"twitter:label2\" content=\"Tiempo de lectura\" \/>\n\t<meta name=\"twitter:data2\" content=\"2 minutos\" \/>\n<script type=\"application\/ld+json\" class=\"yoast-schema-graph\">{\"@context\":\"https:\\\/\\\/schema.org\",\"@graph\":[{\"@type\":\"Article\",\"@id\":\"https:\\\/\\\/www.caudete.org\\\/ayuntamiento\\\/torneos-deportivos-planificados-para-este-periodo-estival\\\/#article\",\"isPartOf\":{\"@id\":\"https:\\\/\\\/www.caudete.org\\\/ayuntamiento\\\/torneos-deportivos-planificados-para-este-periodo-estival\\\/\"},\"author\":{\"name\":\"ayun\",\"@id\":\"https:\\\/\\\/www.caudete.org\\\/ayuntamiento\\\/#\\\/schema\\\/person\\\/79f7e19fdd176fc2bc7a289013dc2056\"},\"headline\":\"Torneos Deportivos planificados para este periodo estival\",\"datePublished\":\"2023-06-26T13:11:52+00:00\",\"dateModified\":\"2023-06-28T08:09:22+00:00\",\"mainEntityOfPage\":{\"@id\":\"https:\\\/\\\/www.caudete.org\\\/ayuntamiento\\\/torneos-deportivos-planificados-para-este-periodo-estival\\\/\"},\"wordCount\":264,\"image\":{\"@id\":\"https:\\\/\\\/www.caudete.org\\\/ayuntamiento\\\/torneos-deportivos-planificados-para-este-periodo-estival\\\/#primaryimage\"},\"thumbnailUrl\":\"https:\\\/\\\/www.caudete.org\\\/ayuntamiento\\\/wp-content\\\/uploads\\\/2023\\\/06\\\/Folleto-Eventos-verano-5-port.jpg\",\"articleSection\":[\"Deportes\"],\"inLanguage\":\"es\"},{\"@type\":\"WebPage\",\"@id\":\"https:\\\/\\\/www.caudete.org\\\/ayuntamiento\\\/torneos-deportivos-planificados-para-este-periodo-estival\\\/\",\"url\":\"https:\\\/\\\/www.caudete.org\\\/ayuntamiento\\\/torneos-deportivos-planificados-para-este-periodo-estival\\\/\",\"name\":\"Torneos Deportivos planificados para este periodo estival - MI Ayuntamiento de Caudete\",\"isPartOf\":{\"@id\":\"https:\\\/\\\/www.caudete.org\\\/ayuntamiento\\\/#website\"},\"primaryImageOfPage\":{\"@id\":\"https:\\\/\\\/www.caudete.org\\\/ayuntamiento\\\/torneos-deportivos-planificados-para-este-periodo-estival\\\/#primaryimage\"},\"image\":{\"@id\":\"https:\\\/\\\/www.caudete.org\\\/ayuntamiento\\\/torneos-deportivos-planificados-para-este-periodo-estival\\\/#primaryimage\"},\"thumbnailUrl\":\"https:\\\/\\\/www.caudete.org\\\/ayuntamiento\\\/wp-content\\\/uploads\\\/2023\\\/06\\\/Folleto-Eventos-verano-5-port.jpg\",\"datePublished\":\"2023-06-26T13:11:52+00:00\",\"dateModified\":\"2023-06-28T08:09:22+00:00\",\"author\":{\"@id\":\"https:\\\/\\\/www.caudete.org\\\/ayuntamiento\\\/#\\\/schema\\\/person\\\/79f7e19fdd176fc2bc7a289013dc2056\"},\"description\":\"P\u00e1gina Oficial del Ayuntamiento de Caudete (Albacete)\",\"breadcrumb\":{\"@id\":\"https:\\\/\\\/www.caudete.org\\\/ayuntamiento\\\/torneos-deportivos-planificados-para-este-periodo-estival\\\/#breadcrumb\"},\"inLanguage\":\"es\",\"potentialAction\":[{\"@type\":\"ReadAction\",\"target\":[\"https:\\\/\\\/www.caudete.org\\\/ayuntamiento\\\/torneos-deportivos-planificados-para-este-periodo-estival\\\/\"]}]},{\"@type\":\"ImageObject\",\"inLanguage\":\"es\",\"@id\":\"https:\\\/\\\/www.caudete.org\\\/ayuntamiento\\\/torneos-deportivos-planificados-para-este-periodo-estival\\\/#primaryimage\",\"url\":\"https:\\\/\\\/www.caudete.org\\\/ayuntamiento\\\/wp-content\\\/uploads\\\/2023\\\/06\\\/Folleto-Eventos-verano-5-port.jpg\",\"contentUrl\":\"https:\\\/\\\/www.caudete.org\\\/ayuntamiento\\\/wp-content\\\/uploads\\\/2023\\\/06\\\/Folleto-Eventos-verano-5-port.jpg\",\"width\":600,\"height\":237},{\"@type\":\"BreadcrumbList\",\"@id\":\"https:\\\/\\\/www.caudete.org\\\/ayuntamiento\\\/torneos-deportivos-planificados-para-este-periodo-estival\\\/#breadcrumb\",\"itemListElement\":[{\"@type\":\"ListItem\",\"position\":1,\"name\":\"Inicio\",\"item\":\"https:\\\/\\\/www.caudete.org\\\/ayuntamiento\\\/\"},{\"@type\":\"ListItem\",\"position\":2,\"name\":\"Torneos Deportivos planificados para este periodo estival\"}]},{\"@type\":\"WebSite\",\"@id\":\"https:\\\/\\\/www.caudete.org\\\/ayuntamiento\\\/#website\",\"url\":\"https:\\\/\\\/www.caudete.org\\\/ayuntamiento\\\/\",\"name\":\"MI Ayuntamiento de Caudete\",\"description\":\"P\u00e1gina Oficial del MI Ayuntamiento de Caudete\",\"potentialAction\":[{\"@type\":\"SearchAction\",\"target\":{\"@type\":\"EntryPoint\",\"urlTemplate\":\"https:\\\/\\\/www.caudete.org\\\/ayuntamiento\\\/?s={search_term_string}\"},\"query-input\":{\"@type\":\"PropertyValueSpecification\",\"valueRequired\":true,\"valueName\":\"search_term_string\"}}],\"inLanguage\":\"es\"},{\"@type\":\"Person\",\"@id\":\"https:\\\/\\\/www.caudete.org\\\/ayuntamiento\\\/#\\\/schema\\\/person\\\/79f7e19fdd176fc2bc7a289013dc2056\",\"name\":\"ayun\",\"image\":{\"@type\":\"ImageObject\",\"inLanguage\":\"es\",\"@id\":\"https:\\\/\\\/secure.gravatar.com\\\/avatar\\\/4ce797ee07c943e7e592f8cd648e503e6cd571387558ed07135799c2bd2847df?s=96&d=mm&r=g\",\"url\":\"https:\\\/\\\/secure.gravatar.com\\\/avatar\\\/4ce797ee07c943e7e592f8cd648e503e6cd571387558ed07135799c2bd2847df?s=96&d=mm&r=g\",\"contentUrl\":\"https:\\\/\\\/secure.gravatar.com\\\/avatar\\\/4ce797ee07c943e7e592f8cd648e503e6cd571387558ed07135799c2bd2847df?s=96&d=mm&r=g\",\"caption\":\"ayun\"},\"sameAs\":[\"http:\\\/\\\/www.caudete.org\\\/ayuntamiento\"],\"url\":\"https:\\\/\\\/www.caudete.org\\\/ayuntamiento\\\/author\\\/ayun\\\/\"}]}<\/script>\n<!-- \/ Yoast SEO plugin. -->","yoast_head_json":{"title":"Torneos Deportivos planificados para este periodo estival - MI Ayuntamiento de Caudete","description":"P\u00e1gina Oficial del Ayuntamiento de Caudete (Albacete)","robots":{"index":"index","follow":"follow","max-snippet":"max-snippet:-1","max-image-preview":"max-image-preview:large","max-video-preview":"max-video-preview:-1"},"canonical":"https:\/\/www.caudete.org\/ayuntamiento\/torneos-deportivos-planificados-para-este-periodo-estival\/","og_locale":"es_ES","og_type":"article","og_title":"Torneos Deportivos planificados para este periodo estival - MI Ayuntamiento de Caudete","og_description":"P\u00e1gina Oficial del Ayuntamiento de Caudete (Albacete)","og_url":"https:\/\/www.caudete.org\/ayuntamiento\/torneos-deportivos-planificados-para-este-periodo-estival\/","og_site_name":"MI Ayuntamiento de Caudete","article_publisher":"https:\/\/www.facebook.com\/ayuntamientocaudete\/","article_published_time":"2023-06-26T13:11:52+00:00","article_modified_time":"2023-06-28T08:09:22+00:00","og_image":[{"width":600,"height":237,"url":"https:\/\/www.caudete.org\/ayuntamiento\/wp-content\/uploads\/2023\/06\/Folleto-Eventos-verano-5-port.jpg","type":"image\/jpeg"}],"author":"ayun","twitter_card":"summary_large_image","twitter_misc":{"Escrito por":"ayun","Tiempo de lectura":"2 minutos"},"schema":{"@context":"https:\/\/schema.org","@graph":[{"@type":"Article","@id":"https:\/\/www.caudete.org\/ayuntamiento\/torneos-deportivos-planificados-para-este-periodo-estival\/#article","isPartOf":{"@id":"https:\/\/www.caudete.org\/ayuntamiento\/torneos-deportivos-planificados-para-este-periodo-estival\/"},"author":{"name":"ayun","@id":"https:\/\/www.caudete.org\/ayuntamiento\/#\/schema\/person\/79f7e19fdd176fc2bc7a289013dc2056"},"headline":"Torneos Deportivos planificados para este periodo estival","datePublished":"2023-06-26T13:11:52+00:00","dateModified":"2023-06-28T08:09:22+00:00","mainEntityOfPage":{"@id":"https:\/\/www.caudete.org\/ayuntamiento\/torneos-deportivos-planificados-para-este-periodo-estival\/"},"wordCount":264,"image":{"@id":"https:\/\/www.caudete.org\/ayuntamiento\/torneos-deportivos-planificados-para-este-periodo-estival\/#primaryimage"},"thumbnailUrl":"https:\/\/www.caudete.org\/ayuntamiento\/wp-content\/uploads\/2023\/06\/Folleto-Eventos-verano-5-port.jpg","articleSection":["Deportes"],"inLanguage":"es"},{"@type":"WebPage","@id":"https:\/\/www.caudete.org\/ayuntamiento\/torneos-deportivos-planificados-para-este-periodo-estival\/","url":"https:\/\/www.caudete.org\/ayuntamiento\/torneos-deportivos-planificados-para-este-periodo-estival\/","name":"Torneos Deportivos planificados para este periodo estival - MI Ayuntamiento de Caudete","isPartOf":{"@id":"https:\/\/www.caudete.org\/ayuntamiento\/#website"},"primaryImageOfPage":{"@id":"https:\/\/www.caudete.org\/ayuntamiento\/torneos-deportivos-planificados-para-este-periodo-estival\/#primaryimage"},"image":{"@id":"https:\/\/www.caudete.org\/ayuntamiento\/torneos-deportivos-planificados-para-este-periodo-estival\/#primaryimage"},"thumbnailUrl":"https:\/\/www.caudete.org\/ayuntamiento\/wp-content\/uploads\/2023\/06\/Folleto-Eventos-verano-5-port.jpg","datePublished":"2023-06-26T13:11:52+00:00","dateModified":"2023-06-28T08:09:22+00:00","author":{"@id":"https:\/\/www.caudete.org\/ayuntamiento\/#\/schema\/person\/79f7e19fdd176fc2bc7a289013dc2056"},"description":"P\u00e1gina Oficial del Ayuntamiento de Caudete (Albacete)","breadcrumb":{"@id":"https:\/\/www.caudete.org\/ayuntamiento\/torneos-deportivos-planificados-para-este-periodo-estival\/#breadcrumb"},"inLanguage":"es","potentialAction":[{"@type":"ReadAction","target":["https:\/\/www.caudete.org\/ayuntamiento\/torneos-deportivos-planificados-para-este-periodo-estival\/"]}]},{"@type":"ImageObject","inLanguage":"es","@id":"https:\/\/www.caudete.org\/ayuntamiento\/torneos-deportivos-planificados-para-este-periodo-estival\/#primaryimage","url":"https:\/\/www.caudete.org\/ayuntamiento\/wp-content\/uploads\/2023\/06\/Folleto-Eventos-verano-5-port.jpg","contentUrl":"https:\/\/www.caudete.org\/ayuntamiento\/wp-content\/uploads\/2023\/06\/Folleto-Eventos-verano-5-port.jpg","width":600,"height":237},{"@type":"BreadcrumbList","@id":"https:\/\/www.caudete.org\/ayuntamiento\/torneos-deportivos-planificados-para-este-periodo-estival\/#breadcrumb","itemListElement":[{"@type":"ListItem","position":1,"name":"Inicio","item":"https:\/\/www.caudete.org\/ayuntamiento\/"},{"@type":"ListItem","position":2,"name":"Torneos Deportivos planificados para este periodo estival"}]},{"@type":"WebSite","@id":"https:\/\/www.caudete.org\/ayuntamiento\/#website","url":"https:\/\/www.caudete.org\/ayuntamiento\/","name":"MI Ayuntamiento de Caudete","description":"P\u00e1gina Oficial del MI Ayuntamiento de Caudete","potentialAction":[{"@type":"SearchAction","target":{"@type":"EntryPoint","urlTemplate":"https:\/\/www.caudete.org\/ayuntamiento\/?s={search_term_string}"},"query-input":{"@type":"PropertyValueSpecification","valueRequired":true,"valueName":"search_term_string"}}],"inLanguage":"es"},{"@type":"Person","@id":"https:\/\/www.caudete.org\/ayuntamiento\/#\/schema\/person\/79f7e19fdd176fc2bc7a289013dc2056","name":"ayun","image":{"@type":"ImageObject","inLanguage":"es","@id":"https:\/\/secure.gravatar.com\/avatar\/4ce797ee07c943e7e592f8cd648e503e6cd571387558ed07135799c2bd2847df?s=96&d=mm&r=g","url":"https:\/\/secure.gravatar.com\/avatar\/4ce797ee07c943e7e592f8cd648e503e6cd571387558ed07135799c2bd2847df?s=96&d=mm&r=g","contentUrl":"https:\/\/secure.gravatar.com\/avatar\/4ce797ee07c943e7e592f8cd648e503e6cd571387558ed07135799c2bd2847df?s=96&d=mm&r=g","caption":"ayun"},"sameAs":["http:\/\/www.caudete.org\/ayuntamiento"],"url":"https:\/\/www.caudete.org\/ayuntamiento\/author\/ayun\/"}]}},"_links":{"self":[{"href":"https:\/\/www.caudete.org\/ayuntamiento\/wp-json\/wp\/v2\/posts\/22579","targetHints":{"allow":["GET"]}}],"collection":[{"href":"https:\/\/www.caudete.org\/ayuntamiento\/wp-json\/wp\/v2\/posts"}],"about":[{"href":"https:\/\/www.caudete.org\/ayuntamiento\/wp-json\/wp\/v2\/types\/post"}],"author":[{"embeddable":true,"href":"https:\/\/www.caudete.org\/ayuntamiento\/wp-json\/wp\/v2\/users\/1"}],"replies":[{"embeddable":true,"href":"https:\/\/www.caudete.org\/ayuntamiento\/wp-json\/wp\/v2\/comments?post=22579"}],"version-history":[{"count":3,"href":"https:\/\/www.caudete.org\/ayuntamiento\/wp-json\/wp\/v2\/posts\/22579\/revisions"}],"predecessor-version":[{"id":22610,"href":"https:\/\/www.caudete.org\/ayuntamiento\/wp-json\/wp\/v2\/posts\/22579\/revisions\/22610"}],"wp:featuredmedia":[{"embeddable":true,"href":"https:\/\/www.caudete.org\/ayuntamiento\/wp-json\/wp\/v2\/media\/22582"}],"wp:attachment":[{"href":"https:\/\/www.caudete.org\/ayuntamiento\/wp-json\/wp\/v2\/media?parent=22579"}],"wp:term":[{"taxonomy":"category","embeddable":true,"href":"https:\/\/www.caudete.org\/ayuntamiento\/wp-json\/wp\/v2\/categories?post=22579"},{"taxonomy":"post_tag","embeddable":true,"href":"https:\/\/www.caudete.org\/ayuntamiento\/wp-json\/wp\/v2\/tags?post=22579"}],"curies":[{"name":"wp","href":"https:\/\/api.w.org\/{rel}","templated":true}]}}