{"id":22620,"date":"2023-06-29T12:33:36","date_gmt":"2023-06-29T10:33:36","guid":{"rendered":"https:\/\/www.caudete.org\/ayuntamiento\/?p=22620"},"modified":"2023-07-03T14:20:31","modified_gmt":"2023-07-03T12:20:31","slug":"los-programas-erasmus-han-favorecido-las-practicas-de-dos-jovenes-franceses-en-el-comercio-local","status":"publish","type":"post","link":"https:\/\/www.caudete.org\/ayuntamiento\/los-programas-erasmus-han-favorecido-las-practicas-de-dos-jovenes-franceses-en-el-comercio-local\/","title":{"rendered":"Los programas ERASMUS han favorecido las practicas de dos j\u00f3venes franceses en el Comercio Local"},"content":{"rendered":"<p style=\"text-align: justify;\"><span style=\"font-family: georgia, palatino, serif;\">Mar\u00eda Dolores Requena Azor\u00edn, Concejal de Juventud, Promoci\u00f3n y Desarrollo Econ\u00f3mico, informa de la exitosa acogida en pr\u00e1cticas de dos alumnos franceses, Hugo y Rodrigue, estudiantes de primer a\u00f1o de los estudios de formaci\u00f3n profesional de t\u00e9cnico superior en gesti\u00f3n operativa de las ventas, procedentes del Lyc\u00e9e Technique Priv\u00e9 La Sagesse de Valenciennes, en el norte de Francia. Ambos han sido acogidos durante dos meses en el marco de la Acreditaci\u00f3n Erasmus+ en el sector de Formaci\u00f3n Profesional de Ayuntamiento de Caudete, que incluye entre sus objetivos la colaboraci\u00f3n con centros educativos europeos.<\/span><\/p>\n<p style=\"text-align: justify;\"><span style=\"font-family: georgia, palatino, serif;\">Rodrigue ha realizado su pr\u00e1ctica en el comercio Eco Caudete, regentado por Vicenta S\u00e1nchez, y Hugo lo ha hecho en la librer\u00eda Da Vinci Bellas Artes, regentada por Pedro Jorge.<\/span><\/p>\n<p style=\"text-align: justify;\"><span style=\"font-family: georgia, palatino, serif;\">Tanto los estudiantes participantes como los empresarios locales han expresado su satisfacci\u00f3n por la experiencia vivida.<\/span><\/p>\n<p style=\"text-align: justify;\"><span style=\"font-size: medium; font-family: georgia, palatino, serif;\"><span style=\"color: #000000;\"><span lang=\"es-ES\">El programa Erasmus+<\/span><\/span><span style=\"color: #000000;\"><span lang=\"es-ES\"> Formaci\u00f3n Profesional <\/span><\/span><span style=\"color: #000000;\"><span lang=\"es-ES\">promueve la movilidad europea <\/span><\/span><span style=\"color: #000000;\"><span lang=\"es-ES\">para la realizaci\u00f3n de pr\u00e1cticas en empresas <\/span><\/span><span style=\"color: #000000;\"><span lang=\"es-ES\">del alumando <\/span><\/span><span style=\"color: #000000;\"><span lang=\"es-ES\">como v\u00eda<\/span><\/span> <span style=\"color: #000000;\"><span lang=\"es-ES\">de<\/span><\/span><span style=\"color: #000000;\"><span lang=\"es-ES\"> mejora <\/span><\/span><span style=\"color: #000000;\"><span lang=\"es-ES\">de <\/span><\/span><span style=\"color: #000000;\"><span lang=\"es-ES\">las competencias interculturales y ling\u00fc\u00edsticas,<\/span><\/span> <span style=\"color: #000000;\"><span lang=\"es-ES\">para <\/span><\/span><span style=\"color: #000000;\"><span lang=\"es-ES\">acercar la escuela al mercado laboral <\/span><\/span><span style=\"color: #000000;\"><span lang=\"es-ES\">y, <\/span><\/span><span style=\"color: #000000;\"><span lang=\"es-ES\">en \u00faltimo t\u00e9rmino, para <\/span><\/span><span style=\"color: #000000;\"><span lang=\"es-ES\">favorecer un<\/span><\/span><span style=\"color: #000000;\"><span lang=\"es-ES\">a<\/span><\/span><span style=\"color: #000000;\"><span lang=\"es-ES\"> mayor c<\/span><\/span><span style=\"color: #000000;\"><span lang=\"es-ES\">ohesi\u00f3n social en toda la <\/span><\/span><span style=\"color: #000000;\"><span lang=\"es-ES\">Uni\u00f3n Europea.<\/span><\/span><\/span><\/p>\n<p><a href=\"https:\/\/www.caudete.org\/ayuntamiento\/wp-content\/uploads\/2023\/06\/IMG_20230621_125953-scaled.jpg\" rel='prettyPhoto'><img fetchpriority=\"high\" decoding=\"async\" class=\"alignnone wp-image-22622 size-full\" src=\"https:\/\/www.caudete.org\/ayuntamiento\/wp-content\/uploads\/2023\/06\/IMG_20230621_125953-scaled.jpg\" alt=\"\" width=\"1920\" height=\"2560\" srcset=\"https:\/\/www.caudete.org\/ayuntamiento\/wp-content\/uploads\/2023\/06\/IMG_20230621_125953-scaled.jpg 1920w, https:\/\/www.caudete.org\/ayuntamiento\/wp-content\/uploads\/2023\/06\/IMG_20230621_125953-225x300.jpg 225w, https:\/\/www.caudete.org\/ayuntamiento\/wp-content\/uploads\/2023\/06\/IMG_20230621_125953-768x1024.jpg 768w, https:\/\/www.caudete.org\/ayuntamiento\/wp-content\/uploads\/2023\/06\/IMG_20230621_125953-1152x1536.jpg 1152w, https:\/\/www.caudete.org\/ayuntamiento\/wp-content\/uploads\/2023\/06\/IMG_20230621_125953-1536x2048.jpg 1536w\" sizes=\"(max-width: 1920px) 100vw, 1920px\" \/><\/a> <a href=\"https:\/\/www.caudete.org\/ayuntamiento\/wp-content\/uploads\/2023\/06\/IMG_20230621_131818-scaled.jpg\" rel='prettyPhoto'><img decoding=\"async\" class=\"alignnone wp-image-22621 size-full\" src=\"https:\/\/www.caudete.org\/ayuntamiento\/wp-content\/uploads\/2023\/06\/IMG_20230621_131818-scaled.jpg\" alt=\"\" width=\"1920\" height=\"2560\" srcset=\"https:\/\/www.caudete.org\/ayuntamiento\/wp-content\/uploads\/2023\/06\/IMG_20230621_131818-scaled.jpg 1920w, https:\/\/www.caudete.org\/ayuntamiento\/wp-content\/uploads\/2023\/06\/IMG_20230621_131818-225x300.jpg 225w, https:\/\/www.caudete.org\/ayuntamiento\/wp-content\/uploads\/2023\/06\/IMG_20230621_131818-768x1024.jpg 768w, https:\/\/www.caudete.org\/ayuntamiento\/wp-content\/uploads\/2023\/06\/IMG_20230621_131818-1152x1536.jpg 1152w, https:\/\/www.caudete.org\/ayuntamiento\/wp-content\/uploads\/2023\/06\/IMG_20230621_131818-1536x2048.jpg 1536w\" sizes=\"(max-width: 1920px) 100vw, 1920px\" \/><\/a><\/p>\n","protected":false},"excerpt":{"rendered":"<p>Mar\u00eda Dolores Requena Azor\u00edn, Concejal de Juventud, Promoci\u00f3n y Desarrollo Econ\u00f3mico, informa de la exitosa acogida en pr\u00e1cticas de dos alumnos franceses, Hugo y Rodrigue, estudiantes de primer a\u00f1o de los estudios de formaci\u00f3n profesional de t\u00e9cnico superior en gesti\u00f3n operativa de las ventas, procedentes del Lyc\u00e9e Technique Priv\u00e9 La Sagesse de Valenciennes, en el &hellip;<\/p>\n","protected":false},"author":3,"featured_media":22628,"comment_status":"closed","ping_status":"open","sticky":false,"template":"","format":"standard","meta":{"ngg_post_thumbnail":0,"footnotes":""},"categories":[851],"tags":[],"class_list":["post-22620","post","type-post","status-publish","format-standard","has-post-thumbnail","hentry","category-promocion-y-desarrollo-economico"],"yoast_head":"<!-- This site is optimized with the Yoast SEO plugin v27.4 - https:\/\/yoast.com\/product\/yoast-seo-wordpress\/ -->\n<title>Los programas ERASMUS han favorecido las practicas de dos j\u00f3venes franceses en el Comercio Local - MI Ayuntamiento de Caudete<\/title>\n<meta name=\"description\" content=\"P\u00e1gina Oficial del Ayuntamiento de Caudete (Albacete)\" \/>\n<meta name=\"robots\" content=\"index, follow, max-snippet:-1, max-image-preview:large, max-video-preview:-1\" \/>\n<link rel=\"canonical\" href=\"https:\/\/www.caudete.org\/ayuntamiento\/los-programas-erasmus-han-favorecido-las-practicas-de-dos-jovenes-franceses-en-el-comercio-local\/\" \/>\n<meta property=\"og:locale\" content=\"es_ES\" \/>\n<meta property=\"og:type\" content=\"article\" \/>\n<meta property=\"og:title\" content=\"Los programas ERASMUS han favorecido las practicas de dos j\u00f3venes franceses en el Comercio Local - MI Ayuntamiento de Caudete\" \/>\n<meta property=\"og:description\" content=\"P\u00e1gina Oficial del Ayuntamiento de Caudete (Albacete)\" \/>\n<meta property=\"og:url\" content=\"https:\/\/www.caudete.org\/ayuntamiento\/los-programas-erasmus-han-favorecido-las-practicas-de-dos-jovenes-franceses-en-el-comercio-local\/\" \/>\n<meta property=\"og:site_name\" content=\"MI Ayuntamiento de Caudete\" \/>\n<meta property=\"article:publisher\" content=\"https:\/\/www.facebook.com\/ayuntamientocaudete\/\" \/>\n<meta property=\"article:published_time\" content=\"2023-06-29T10:33:36+00:00\" \/>\n<meta property=\"article:modified_time\" content=\"2023-07-03T12:20:31+00:00\" \/>\n<meta property=\"og:image\" content=\"https:\/\/www.caudete.org\/ayuntamiento\/wp-content\/uploads\/2023\/06\/portada.jpg\" \/>\n\t<meta property=\"og:image:width\" content=\"676\" \/>\n\t<meta property=\"og:image:height\" content=\"301\" \/>\n\t<meta property=\"og:image:type\" content=\"image\/jpeg\" \/>\n<meta name=\"author\" content=\"alcalde\" \/>\n<meta name=\"twitter:card\" content=\"summary_large_image\" \/>\n<meta name=\"twitter:label1\" content=\"Escrito por\" \/>\n\t<meta name=\"twitter:data1\" content=\"alcalde\" \/>\n\t<meta name=\"twitter:label2\" content=\"Tiempo de lectura\" \/>\n\t<meta name=\"twitter:data2\" content=\"2 minutos\" \/>\n<script type=\"application\/ld+json\" class=\"yoast-schema-graph\">{\"@context\":\"https:\\\/\\\/schema.org\",\"@graph\":[{\"@type\":\"Article\",\"@id\":\"https:\\\/\\\/www.caudete.org\\\/ayuntamiento\\\/los-programas-erasmus-han-favorecido-las-practicas-de-dos-jovenes-franceses-en-el-comercio-local\\\/#article\",\"isPartOf\":{\"@id\":\"https:\\\/\\\/www.caudete.org\\\/ayuntamiento\\\/los-programas-erasmus-han-favorecido-las-practicas-de-dos-jovenes-franceses-en-el-comercio-local\\\/\"},\"author\":{\"name\":\"alcalde\",\"@id\":\"https:\\\/\\\/www.caudete.org\\\/ayuntamiento\\\/#\\\/schema\\\/person\\\/cc646da9133078ee4d8dd47457947253\"},\"headline\":\"Los programas ERASMUS han favorecido las practicas de dos j\u00f3venes franceses en el Comercio Local\",\"datePublished\":\"2023-06-29T10:33:36+00:00\",\"dateModified\":\"2023-07-03T12:20:31+00:00\",\"mainEntityOfPage\":{\"@id\":\"https:\\\/\\\/www.caudete.org\\\/ayuntamiento\\\/los-programas-erasmus-han-favorecido-las-practicas-de-dos-jovenes-franceses-en-el-comercio-local\\\/\"},\"wordCount\":232,\"publisher\":{\"@id\":\"https:\\\/\\\/www.caudete.org\\\/ayuntamiento\\\/#organization\"},\"image\":{\"@id\":\"https:\\\/\\\/www.caudete.org\\\/ayuntamiento\\\/los-programas-erasmus-han-favorecido-las-practicas-de-dos-jovenes-franceses-en-el-comercio-local\\\/#primaryimage\"},\"thumbnailUrl\":\"https:\\\/\\\/www.caudete.org\\\/ayuntamiento\\\/wp-content\\\/uploads\\\/2023\\\/06\\\/portada.jpg\",\"articleSection\":[\"Promoci\u00f3n y Desarrollo Econ\u00f3mico\"],\"inLanguage\":\"es\"},{\"@type\":\"WebPage\",\"@id\":\"https:\\\/\\\/www.caudete.org\\\/ayuntamiento\\\/los-programas-erasmus-han-favorecido-las-practicas-de-dos-jovenes-franceses-en-el-comercio-local\\\/\",\"url\":\"https:\\\/\\\/www.caudete.org\\\/ayuntamiento\\\/los-programas-erasmus-han-favorecido-las-practicas-de-dos-jovenes-franceses-en-el-comercio-local\\\/\",\"name\":\"Los programas ERASMUS han favorecido las practicas de dos j\u00f3venes franceses en el Comercio Local - MI Ayuntamiento de Caudete\",\"isPartOf\":{\"@id\":\"https:\\\/\\\/www.caudete.org\\\/ayuntamiento\\\/#website\"},\"primaryImageOfPage\":{\"@id\":\"https:\\\/\\\/www.caudete.org\\\/ayuntamiento\\\/los-programas-erasmus-han-favorecido-las-practicas-de-dos-jovenes-franceses-en-el-comercio-local\\\/#primaryimage\"},\"image\":{\"@id\":\"https:\\\/\\\/www.caudete.org\\\/ayuntamiento\\\/los-programas-erasmus-han-favorecido-las-practicas-de-dos-jovenes-franceses-en-el-comercio-local\\\/#primaryimage\"},\"thumbnailUrl\":\"https:\\\/\\\/www.caudete.org\\\/ayuntamiento\\\/wp-content\\\/uploads\\\/2023\\\/06\\\/portada.jpg\",\"datePublished\":\"2023-06-29T10:33:36+00:00\",\"dateModified\":\"2023-07-03T12:20:31+00:00\",\"description\":\"P\u00e1gina Oficial del Ayuntamiento de Caudete (Albacete)\",\"breadcrumb\":{\"@id\":\"https:\\\/\\\/www.caudete.org\\\/ayuntamiento\\\/los-programas-erasmus-han-favorecido-las-practicas-de-dos-jovenes-franceses-en-el-comercio-local\\\/#breadcrumb\"},\"inLanguage\":\"es\",\"potentialAction\":[{\"@type\":\"ReadAction\",\"target\":[\"https:\\\/\\\/www.caudete.org\\\/ayuntamiento\\\/los-programas-erasmus-han-favorecido-las-practicas-de-dos-jovenes-franceses-en-el-comercio-local\\\/\"]}]},{\"@type\":\"ImageObject\",\"inLanguage\":\"es\",\"@id\":\"https:\\\/\\\/www.caudete.org\\\/ayuntamiento\\\/los-programas-erasmus-han-favorecido-las-practicas-de-dos-jovenes-franceses-en-el-comercio-local\\\/#primaryimage\",\"url\":\"https:\\\/\\\/www.caudete.org\\\/ayuntamiento\\\/wp-content\\\/uploads\\\/2023\\\/06\\\/portada.jpg\",\"contentUrl\":\"https:\\\/\\\/www.caudete.org\\\/ayuntamiento\\\/wp-content\\\/uploads\\\/2023\\\/06\\\/portada.jpg\",\"width\":676,\"height\":301},{\"@type\":\"BreadcrumbList\",\"@id\":\"https:\\\/\\\/www.caudete.org\\\/ayuntamiento\\\/los-programas-erasmus-han-favorecido-las-practicas-de-dos-jovenes-franceses-en-el-comercio-local\\\/#breadcrumb\",\"itemListElement\":[{\"@type\":\"ListItem\",\"position\":1,\"name\":\"Inicio\",\"item\":\"https:\\\/\\\/www.caudete.org\\\/ayuntamiento\\\/\"},{\"@type\":\"ListItem\",\"position\":2,\"name\":\"Los programas ERASMUS han favorecido las practicas de dos j\u00f3venes franceses en el Comercio Local\"}]},{\"@type\":\"WebSite\",\"@id\":\"https:\\\/\\\/www.caudete.org\\\/ayuntamiento\\\/#website\",\"url\":\"https:\\\/\\\/www.caudete.org\\\/ayuntamiento\\\/\",\"name\":\"MI Ayuntamiento de Caudete\",\"description\":\"P\u00e1gina Oficial del MI Ayuntamiento de Caudete\",\"publisher\":{\"@id\":\"https:\\\/\\\/www.caudete.org\\\/ayuntamiento\\\/#organization\"},\"potentialAction\":[{\"@type\":\"SearchAction\",\"target\":{\"@type\":\"EntryPoint\",\"urlTemplate\":\"https:\\\/\\\/www.caudete.org\\\/ayuntamiento\\\/?s={search_term_string}\"},\"query-input\":{\"@type\":\"PropertyValueSpecification\",\"valueRequired\":true,\"valueName\":\"search_term_string\"}}],\"inLanguage\":\"es\"},{\"@type\":\"Organization\",\"@id\":\"https:\\\/\\\/www.caudete.org\\\/ayuntamiento\\\/#organization\",\"name\":\"Ayuntamiento de Caudete\",\"url\":\"https:\\\/\\\/www.caudete.org\\\/ayuntamiento\\\/\",\"logo\":{\"@type\":\"ImageObject\",\"inLanguage\":\"es\",\"@id\":\"https:\\\/\\\/www.caudete.org\\\/ayuntamiento\\\/#\\\/schema\\\/logo\\\/image\\\/\",\"url\":\"https:\\\/\\\/www.caudete.org\\\/ayuntamiento\\\/wp-content\\\/uploads\\\/2020\\\/11\\\/logo_ayuntamiento_caudete.jpg\",\"contentUrl\":\"https:\\\/\\\/www.caudete.org\\\/ayuntamiento\\\/wp-content\\\/uploads\\\/2020\\\/11\\\/logo_ayuntamiento_caudete.jpg\",\"width\":600,\"height\":150,\"caption\":\"Ayuntamiento de Caudete\"},\"image\":{\"@id\":\"https:\\\/\\\/www.caudete.org\\\/ayuntamiento\\\/#\\\/schema\\\/logo\\\/image\\\/\"},\"sameAs\":[\"https:\\\/\\\/www.facebook.com\\\/ayuntamientocaudete\\\/\",\"https:\\\/\\\/www.youtube.com\\\/channel\\\/UC6VztHaooNsGpw-tNoBEFnQ\"]},{\"@type\":\"Person\",\"@id\":\"https:\\\/\\\/www.caudete.org\\\/ayuntamiento\\\/#\\\/schema\\\/person\\\/cc646da9133078ee4d8dd47457947253\",\"name\":\"alcalde\",\"image\":{\"@type\":\"ImageObject\",\"inLanguage\":\"es\",\"@id\":\"https:\\\/\\\/secure.gravatar.com\\\/avatar\\\/84a817ba065b29ff08d666b215a215f5c79186a645ccb25b14a663d48a130f77?s=96&d=mm&r=g\",\"url\":\"https:\\\/\\\/secure.gravatar.com\\\/avatar\\\/84a817ba065b29ff08d666b215a215f5c79186a645ccb25b14a663d48a130f77?s=96&d=mm&r=g\",\"contentUrl\":\"https:\\\/\\\/secure.gravatar.com\\\/avatar\\\/84a817ba065b29ff08d666b215a215f5c79186a645ccb25b14a663d48a130f77?s=96&d=mm&r=g\",\"caption\":\"alcalde\"},\"url\":\"https:\\\/\\\/www.caudete.org\\\/ayuntamiento\\\/author\\\/alcalde\\\/\"}]}<\/script>\n<!-- \/ Yoast SEO plugin. -->","yoast_head_json":{"title":"Los programas ERASMUS han favorecido las practicas de dos j\u00f3venes franceses en el Comercio Local - MI Ayuntamiento de Caudete","description":"P\u00e1gina Oficial del Ayuntamiento de Caudete (Albacete)","robots":{"index":"index","follow":"follow","max-snippet":"max-snippet:-1","max-image-preview":"max-image-preview:large","max-video-preview":"max-video-preview:-1"},"canonical":"https:\/\/www.caudete.org\/ayuntamiento\/los-programas-erasmus-han-favorecido-las-practicas-de-dos-jovenes-franceses-en-el-comercio-local\/","og_locale":"es_ES","og_type":"article","og_title":"Los programas ERASMUS han favorecido las practicas de dos j\u00f3venes franceses en el Comercio Local - MI Ayuntamiento de Caudete","og_description":"P\u00e1gina Oficial del Ayuntamiento de Caudete (Albacete)","og_url":"https:\/\/www.caudete.org\/ayuntamiento\/los-programas-erasmus-han-favorecido-las-practicas-de-dos-jovenes-franceses-en-el-comercio-local\/","og_site_name":"MI Ayuntamiento de Caudete","article_publisher":"https:\/\/www.facebook.com\/ayuntamientocaudete\/","article_published_time":"2023-06-29T10:33:36+00:00","article_modified_time":"2023-07-03T12:20:31+00:00","og_image":[{"width":676,"height":301,"url":"https:\/\/www.caudete.org\/ayuntamiento\/wp-content\/uploads\/2023\/06\/portada.jpg","type":"image\/jpeg"}],"author":"alcalde","twitter_card":"summary_large_image","twitter_misc":{"Escrito por":"alcalde","Tiempo de lectura":"2 minutos"},"schema":{"@context":"https:\/\/schema.org","@graph":[{"@type":"Article","@id":"https:\/\/www.caudete.org\/ayuntamiento\/los-programas-erasmus-han-favorecido-las-practicas-de-dos-jovenes-franceses-en-el-comercio-local\/#article","isPartOf":{"@id":"https:\/\/www.caudete.org\/ayuntamiento\/los-programas-erasmus-han-favorecido-las-practicas-de-dos-jovenes-franceses-en-el-comercio-local\/"},"author":{"name":"alcalde","@id":"https:\/\/www.caudete.org\/ayuntamiento\/#\/schema\/person\/cc646da9133078ee4d8dd47457947253"},"headline":"Los programas ERASMUS han favorecido las practicas de dos j\u00f3venes franceses en el Comercio Local","datePublished":"2023-06-29T10:33:36+00:00","dateModified":"2023-07-03T12:20:31+00:00","mainEntityOfPage":{"@id":"https:\/\/www.caudete.org\/ayuntamiento\/los-programas-erasmus-han-favorecido-las-practicas-de-dos-jovenes-franceses-en-el-comercio-local\/"},"wordCount":232,"publisher":{"@id":"https:\/\/www.caudete.org\/ayuntamiento\/#organization"},"image":{"@id":"https:\/\/www.caudete.org\/ayuntamiento\/los-programas-erasmus-han-favorecido-las-practicas-de-dos-jovenes-franceses-en-el-comercio-local\/#primaryimage"},"thumbnailUrl":"https:\/\/www.caudete.org\/ayuntamiento\/wp-content\/uploads\/2023\/06\/portada.jpg","articleSection":["Promoci\u00f3n y Desarrollo Econ\u00f3mico"],"inLanguage":"es"},{"@type":"WebPage","@id":"https:\/\/www.caudete.org\/ayuntamiento\/los-programas-erasmus-han-favorecido-las-practicas-de-dos-jovenes-franceses-en-el-comercio-local\/","url":"https:\/\/www.caudete.org\/ayuntamiento\/los-programas-erasmus-han-favorecido-las-practicas-de-dos-jovenes-franceses-en-el-comercio-local\/","name":"Los programas ERASMUS han favorecido las practicas de dos j\u00f3venes franceses en el Comercio Local - MI Ayuntamiento de Caudete","isPartOf":{"@id":"https:\/\/www.caudete.org\/ayuntamiento\/#website"},"primaryImageOfPage":{"@id":"https:\/\/www.caudete.org\/ayuntamiento\/los-programas-erasmus-han-favorecido-las-practicas-de-dos-jovenes-franceses-en-el-comercio-local\/#primaryimage"},"image":{"@id":"https:\/\/www.caudete.org\/ayuntamiento\/los-programas-erasmus-han-favorecido-las-practicas-de-dos-jovenes-franceses-en-el-comercio-local\/#primaryimage"},"thumbnailUrl":"https:\/\/www.caudete.org\/ayuntamiento\/wp-content\/uploads\/2023\/06\/portada.jpg","datePublished":"2023-06-29T10:33:36+00:00","dateModified":"2023-07-03T12:20:31+00:00","description":"P\u00e1gina Oficial del Ayuntamiento de Caudete (Albacete)","breadcrumb":{"@id":"https:\/\/www.caudete.org\/ayuntamiento\/los-programas-erasmus-han-favorecido-las-practicas-de-dos-jovenes-franceses-en-el-comercio-local\/#breadcrumb"},"inLanguage":"es","potentialAction":[{"@type":"ReadAction","target":["https:\/\/www.caudete.org\/ayuntamiento\/los-programas-erasmus-han-favorecido-las-practicas-de-dos-jovenes-franceses-en-el-comercio-local\/"]}]},{"@type":"ImageObject","inLanguage":"es","@id":"https:\/\/www.caudete.org\/ayuntamiento\/los-programas-erasmus-han-favorecido-las-practicas-de-dos-jovenes-franceses-en-el-comercio-local\/#primaryimage","url":"https:\/\/www.caudete.org\/ayuntamiento\/wp-content\/uploads\/2023\/06\/portada.jpg","contentUrl":"https:\/\/www.caudete.org\/ayuntamiento\/wp-content\/uploads\/2023\/06\/portada.jpg","width":676,"height":301},{"@type":"BreadcrumbList","@id":"https:\/\/www.caudete.org\/ayuntamiento\/los-programas-erasmus-han-favorecido-las-practicas-de-dos-jovenes-franceses-en-el-comercio-local\/#breadcrumb","itemListElement":[{"@type":"ListItem","position":1,"name":"Inicio","item":"https:\/\/www.caudete.org\/ayuntamiento\/"},{"@type":"ListItem","position":2,"name":"Los programas ERASMUS han favorecido las practicas de dos j\u00f3venes franceses en el Comercio Local"}]},{"@type":"WebSite","@id":"https:\/\/www.caudete.org\/ayuntamiento\/#website","url":"https:\/\/www.caudete.org\/ayuntamiento\/","name":"MI Ayuntamiento de Caudete","description":"P\u00e1gina Oficial del MI Ayuntamiento de Caudete","publisher":{"@id":"https:\/\/www.caudete.org\/ayuntamiento\/#organization"},"potentialAction":[{"@type":"SearchAction","target":{"@type":"EntryPoint","urlTemplate":"https:\/\/www.caudete.org\/ayuntamiento\/?s={search_term_string}"},"query-input":{"@type":"PropertyValueSpecification","valueRequired":true,"valueName":"search_term_string"}}],"inLanguage":"es"},{"@type":"Organization","@id":"https:\/\/www.caudete.org\/ayuntamiento\/#organization","name":"Ayuntamiento de Caudete","url":"https:\/\/www.caudete.org\/ayuntamiento\/","logo":{"@type":"ImageObject","inLanguage":"es","@id":"https:\/\/www.caudete.org\/ayuntamiento\/#\/schema\/logo\/image\/","url":"https:\/\/www.caudete.org\/ayuntamiento\/wp-content\/uploads\/2020\/11\/logo_ayuntamiento_caudete.jpg","contentUrl":"https:\/\/www.caudete.org\/ayuntamiento\/wp-content\/uploads\/2020\/11\/logo_ayuntamiento_caudete.jpg","width":600,"height":150,"caption":"Ayuntamiento de Caudete"},"image":{"@id":"https:\/\/www.caudete.org\/ayuntamiento\/#\/schema\/logo\/image\/"},"sameAs":["https:\/\/www.facebook.com\/ayuntamientocaudete\/","https:\/\/www.youtube.com\/channel\/UC6VztHaooNsGpw-tNoBEFnQ"]},{"@type":"Person","@id":"https:\/\/www.caudete.org\/ayuntamiento\/#\/schema\/person\/cc646da9133078ee4d8dd47457947253","name":"alcalde","image":{"@type":"ImageObject","inLanguage":"es","@id":"https:\/\/secure.gravatar.com\/avatar\/84a817ba065b29ff08d666b215a215f5c79186a645ccb25b14a663d48a130f77?s=96&d=mm&r=g","url":"https:\/\/secure.gravatar.com\/avatar\/84a817ba065b29ff08d666b215a215f5c79186a645ccb25b14a663d48a130f77?s=96&d=mm&r=g","contentUrl":"https:\/\/secure.gravatar.com\/avatar\/84a817ba065b29ff08d666b215a215f5c79186a645ccb25b14a663d48a130f77?s=96&d=mm&r=g","caption":"alcalde"},"url":"https:\/\/www.caudete.org\/ayuntamiento\/author\/alcalde\/"}]}},"_links":{"self":[{"href":"https:\/\/www.caudete.org\/ayuntamiento\/wp-json\/wp\/v2\/posts\/22620","targetHints":{"allow":["GET"]}}],"collection":[{"href":"https:\/\/www.caudete.org\/ayuntamiento\/wp-json\/wp\/v2\/posts"}],"about":[{"href":"https:\/\/www.caudete.org\/ayuntamiento\/wp-json\/wp\/v2\/types\/post"}],"author":[{"embeddable":true,"href":"https:\/\/www.caudete.org\/ayuntamiento\/wp-json\/wp\/v2\/users\/3"}],"replies":[{"embeddable":true,"href":"https:\/\/www.caudete.org\/ayuntamiento\/wp-json\/wp\/v2\/comments?post=22620"}],"version-history":[{"count":2,"href":"https:\/\/www.caudete.org\/ayuntamiento\/wp-json\/wp\/v2\/posts\/22620\/revisions"}],"predecessor-version":[{"id":22629,"href":"https:\/\/www.caudete.org\/ayuntamiento\/wp-json\/wp\/v2\/posts\/22620\/revisions\/22629"}],"wp:featuredmedia":[{"embeddable":true,"href":"https:\/\/www.caudete.org\/ayuntamiento\/wp-json\/wp\/v2\/media\/22628"}],"wp:attachment":[{"href":"https:\/\/www.caudete.org\/ayuntamiento\/wp-json\/wp\/v2\/media?parent=22620"}],"wp:term":[{"taxonomy":"category","embeddable":true,"href":"https:\/\/www.caudete.org\/ayuntamiento\/wp-json\/wp\/v2\/categories?post=22620"},{"taxonomy":"post_tag","embeddable":true,"href":"https:\/\/www.caudete.org\/ayuntamiento\/wp-json\/wp\/v2\/tags?post=22620"}],"curies":[{"name":"wp","href":"https:\/\/api.w.org\/{rel}","templated":true}]}}