{"id":22626,"date":"2023-06-29T12:39:03","date_gmt":"2023-06-29T10:39:03","guid":{"rendered":"https:\/\/www.caudete.org\/ayuntamiento\/?p=22626"},"modified":"2023-06-29T12:39:03","modified_gmt":"2023-06-29T10:39:03","slug":"con-13-anos-maria-gracia-debuta-en-el-campeonato-de-espana-de-baloncesto-3x3-u13-con-la-seleccion-de-castilla-la-mancha","status":"publish","type":"post","link":"https:\/\/www.caudete.org\/ayuntamiento\/con-13-anos-maria-gracia-debuta-en-el-campeonato-de-espana-de-baloncesto-3x3-u13-con-la-seleccion-de-castilla-la-mancha\/","title":{"rendered":"Con 13 a\u00f1os, Mar\u00eda Gracia debuta en el Campeonato de Espa\u00f1a de Baloncesto 3&#215;3 U13 con la Selecci\u00f3n de Castilla-La Mancha"},"content":{"rendered":"<p style=\"text-align: justify;\"><strong>LA CAUDETANA MAR\u00cdA GRACIA DEBUTA EN EL \u201cCAMPEONATO DE ESPA\u00d1A BALONCESTO 3X3 U13\u201d CON LA SELECCI\u00d3N DE CASTILLA-LA MANCHA. <\/strong><\/p>\n<p style=\"text-align: justify;\">La Concejala de Deportes, Pilar Egea, informaba hace unos d\u00edas de la participaci\u00f3n de nuestra paisana, Mar\u00eda Gracia S\u00e1ez en el \u201cCampeonato de Espa\u00f1a de Baloncesto 3&#215;3 &#8211; U13\u201d celebrado el pasado 24 y 25 de junio en Blanes.\u00a0 Mar\u00eda tiene 13 a\u00f1os y juega en las Escuelas Deportivas de Caudete en el equipo Infantil Femenino de Baloncesto. Su gran afici\u00f3n por el baloncesto acompa\u00f1ada de su talento, esfuerzo y constancia han dado el fruto de ser seleccionada con la selecci\u00f3n de Castilla-La Mancha en el citado campeonato de Espa\u00f1a\u00a0 de su categor\u00eda.<\/p>\n<p style=\"text-align: justify;\">Destacar que el equipo Infantil Femenino, consigui\u00f3 vencer el primer partido \u00a0por 8-2 a la selecci\u00f3n de La Rioja logrando de esta forma llegar con vida al \u00faltimo partido donde se jugar\u00eda el pase a los cuartos de final ante Cantabria. En el choque decisivo ante las c\u00e1ntabras, las de Cristina \u00c1lvaro, no pudieron aguantar el ritmo impuesto por \u00e9stas, \u00a0las cuales acabaron pasando a cuartos como segundas de grupo. Las infantiles de Castilla-La Mancha lograron la 12\u00aa plaza, un resultado m\u00e1s que satisfactorio y con grandes expectativas y experiencia para futuros campeonatos.<\/p>\n<p style=\"text-align: justify;\">Desde el M.I. Ayuntamiento de Caudete junto a las Escuelas Deportivas Municipales queremos felicitar a Mar\u00eda por sus grandes resultados deportivos y por ser un gran ejemplo de deportividad, aprendizaje y superaci\u00f3n.<\/p>\n","protected":false},"excerpt":{"rendered":"<p>LA CAUDETANA MAR\u00cdA GRACIA DEBUTA EN EL \u201cCAMPEONATO DE ESPA\u00d1A BALONCESTO 3X3 U13\u201d CON LA SELECCI\u00d3N DE CASTILLA-LA MANCHA. La Concejala de Deportes, Pilar Egea, informaba hace unos d\u00edas de la participaci\u00f3n de nuestra paisana, Mar\u00eda Gracia S\u00e1ez en el \u201cCampeonato de Espa\u00f1a de Baloncesto 3&#215;3 &#8211; U13\u201d celebrado el pasado 24 y 25 de &hellip;<\/p>\n","protected":false},"author":3,"featured_media":22623,"comment_status":"closed","ping_status":"open","sticky":false,"template":"","format":"standard","meta":{"ngg_post_thumbnail":0,"footnotes":""},"categories":[23],"tags":[],"class_list":["post-22626","post","type-post","status-publish","format-standard","has-post-thumbnail","hentry","category-deportes"],"yoast_head":"<!-- This site is optimized with the Yoast SEO plugin v27.5 - https:\/\/yoast.com\/product\/yoast-seo-wordpress\/ -->\n<title>Con 13 a\u00f1os, Mar\u00eda Gracia debuta en el Campeonato de Espa\u00f1a de Baloncesto 3x3 U13 con la Selecci\u00f3n de Castilla-La Mancha - MI Ayuntamiento de Caudete<\/title>\n<meta name=\"description\" content=\"P\u00e1gina Oficial del Ayuntamiento de Caudete (Albacete)\" \/>\n<meta name=\"robots\" content=\"index, follow, max-snippet:-1, max-image-preview:large, max-video-preview:-1\" \/>\n<link rel=\"canonical\" href=\"https:\/\/www.caudete.org\/ayuntamiento\/con-13-anos-maria-gracia-debuta-en-el-campeonato-de-espana-de-baloncesto-3x3-u13-con-la-seleccion-de-castilla-la-mancha\/\" \/>\n<meta property=\"og:locale\" content=\"es_ES\" \/>\n<meta property=\"og:type\" content=\"article\" \/>\n<meta property=\"og:title\" content=\"Con 13 a\u00f1os, Mar\u00eda Gracia debuta en el Campeonato de Espa\u00f1a de Baloncesto 3x3 U13 con la Selecci\u00f3n de Castilla-La Mancha - MI Ayuntamiento de Caudete\" \/>\n<meta property=\"og:description\" content=\"P\u00e1gina Oficial del Ayuntamiento de Caudete (Albacete)\" \/>\n<meta property=\"og:url\" content=\"https:\/\/www.caudete.org\/ayuntamiento\/con-13-anos-maria-gracia-debuta-en-el-campeonato-de-espana-de-baloncesto-3x3-u13-con-la-seleccion-de-castilla-la-mancha\/\" \/>\n<meta property=\"og:site_name\" content=\"MI Ayuntamiento de Caudete\" \/>\n<meta property=\"article:publisher\" content=\"https:\/\/www.facebook.com\/ayuntamientocaudete\/\" \/>\n<meta property=\"article:published_time\" content=\"2023-06-29T10:39:03+00:00\" \/>\n<meta property=\"og:image\" content=\"https:\/\/www.caudete.org\/ayuntamiento\/wp-content\/uploads\/2023\/06\/Foto-Maria-Garcia.jpg\" \/>\n\t<meta property=\"og:image:width\" content=\"2013\" \/>\n\t<meta property=\"og:image:height\" content=\"1306\" \/>\n\t<meta property=\"og:image:type\" content=\"image\/jpeg\" \/>\n<meta name=\"author\" content=\"alcalde\" \/>\n<meta name=\"twitter:card\" content=\"summary_large_image\" \/>\n<meta name=\"twitter:label1\" content=\"Escrito por\" \/>\n\t<meta name=\"twitter:data1\" content=\"alcalde\" \/>\n\t<meta name=\"twitter:label2\" content=\"Tiempo de lectura\" \/>\n\t<meta name=\"twitter:data2\" content=\"2 minutos\" \/>\n<script type=\"application\/ld+json\" class=\"yoast-schema-graph\">{\"@context\":\"https:\\\/\\\/schema.org\",\"@graph\":[{\"@type\":\"Article\",\"@id\":\"https:\\\/\\\/www.caudete.org\\\/ayuntamiento\\\/con-13-anos-maria-gracia-debuta-en-el-campeonato-de-espana-de-baloncesto-3x3-u13-con-la-seleccion-de-castilla-la-mancha\\\/#article\",\"isPartOf\":{\"@id\":\"https:\\\/\\\/www.caudete.org\\\/ayuntamiento\\\/con-13-anos-maria-gracia-debuta-en-el-campeonato-de-espana-de-baloncesto-3x3-u13-con-la-seleccion-de-castilla-la-mancha\\\/\"},\"author\":{\"name\":\"alcalde\",\"@id\":\"https:\\\/\\\/www.caudete.org\\\/ayuntamiento\\\/#\\\/schema\\\/person\\\/cc646da9133078ee4d8dd47457947253\"},\"headline\":\"Con 13 a\u00f1os, Mar\u00eda Gracia debuta en el Campeonato de Espa\u00f1a de Baloncesto 3&#215;3 U13 con la Selecci\u00f3n de Castilla-La Mancha\",\"datePublished\":\"2023-06-29T10:39:03+00:00\",\"mainEntityOfPage\":{\"@id\":\"https:\\\/\\\/www.caudete.org\\\/ayuntamiento\\\/con-13-anos-maria-gracia-debuta-en-el-campeonato-de-espana-de-baloncesto-3x3-u13-con-la-seleccion-de-castilla-la-mancha\\\/\"},\"wordCount\":279,\"image\":{\"@id\":\"https:\\\/\\\/www.caudete.org\\\/ayuntamiento\\\/con-13-anos-maria-gracia-debuta-en-el-campeonato-de-espana-de-baloncesto-3x3-u13-con-la-seleccion-de-castilla-la-mancha\\\/#primaryimage\"},\"thumbnailUrl\":\"https:\\\/\\\/www.caudete.org\\\/ayuntamiento\\\/wp-content\\\/uploads\\\/2023\\\/06\\\/Foto-Maria-Garcia.jpg\",\"articleSection\":[\"Deportes\"],\"inLanguage\":\"es\"},{\"@type\":\"WebPage\",\"@id\":\"https:\\\/\\\/www.caudete.org\\\/ayuntamiento\\\/con-13-anos-maria-gracia-debuta-en-el-campeonato-de-espana-de-baloncesto-3x3-u13-con-la-seleccion-de-castilla-la-mancha\\\/\",\"url\":\"https:\\\/\\\/www.caudete.org\\\/ayuntamiento\\\/con-13-anos-maria-gracia-debuta-en-el-campeonato-de-espana-de-baloncesto-3x3-u13-con-la-seleccion-de-castilla-la-mancha\\\/\",\"name\":\"Con 13 a\u00f1os, Mar\u00eda Gracia debuta en el Campeonato de Espa\u00f1a de Baloncesto 3x3 U13 con la Selecci\u00f3n de Castilla-La Mancha - MI Ayuntamiento de Caudete\",\"isPartOf\":{\"@id\":\"https:\\\/\\\/www.caudete.org\\\/ayuntamiento\\\/#website\"},\"primaryImageOfPage\":{\"@id\":\"https:\\\/\\\/www.caudete.org\\\/ayuntamiento\\\/con-13-anos-maria-gracia-debuta-en-el-campeonato-de-espana-de-baloncesto-3x3-u13-con-la-seleccion-de-castilla-la-mancha\\\/#primaryimage\"},\"image\":{\"@id\":\"https:\\\/\\\/www.caudete.org\\\/ayuntamiento\\\/con-13-anos-maria-gracia-debuta-en-el-campeonato-de-espana-de-baloncesto-3x3-u13-con-la-seleccion-de-castilla-la-mancha\\\/#primaryimage\"},\"thumbnailUrl\":\"https:\\\/\\\/www.caudete.org\\\/ayuntamiento\\\/wp-content\\\/uploads\\\/2023\\\/06\\\/Foto-Maria-Garcia.jpg\",\"datePublished\":\"2023-06-29T10:39:03+00:00\",\"author\":{\"@id\":\"https:\\\/\\\/www.caudete.org\\\/ayuntamiento\\\/#\\\/schema\\\/person\\\/cc646da9133078ee4d8dd47457947253\"},\"description\":\"P\u00e1gina Oficial del Ayuntamiento de Caudete (Albacete)\",\"breadcrumb\":{\"@id\":\"https:\\\/\\\/www.caudete.org\\\/ayuntamiento\\\/con-13-anos-maria-gracia-debuta-en-el-campeonato-de-espana-de-baloncesto-3x3-u13-con-la-seleccion-de-castilla-la-mancha\\\/#breadcrumb\"},\"inLanguage\":\"es\",\"potentialAction\":[{\"@type\":\"ReadAction\",\"target\":[\"https:\\\/\\\/www.caudete.org\\\/ayuntamiento\\\/con-13-anos-maria-gracia-debuta-en-el-campeonato-de-espana-de-baloncesto-3x3-u13-con-la-seleccion-de-castilla-la-mancha\\\/\"]}]},{\"@type\":\"ImageObject\",\"inLanguage\":\"es\",\"@id\":\"https:\\\/\\\/www.caudete.org\\\/ayuntamiento\\\/con-13-anos-maria-gracia-debuta-en-el-campeonato-de-espana-de-baloncesto-3x3-u13-con-la-seleccion-de-castilla-la-mancha\\\/#primaryimage\",\"url\":\"https:\\\/\\\/www.caudete.org\\\/ayuntamiento\\\/wp-content\\\/uploads\\\/2023\\\/06\\\/Foto-Maria-Garcia.jpg\",\"contentUrl\":\"https:\\\/\\\/www.caudete.org\\\/ayuntamiento\\\/wp-content\\\/uploads\\\/2023\\\/06\\\/Foto-Maria-Garcia.jpg\",\"width\":2013,\"height\":1306},{\"@type\":\"BreadcrumbList\",\"@id\":\"https:\\\/\\\/www.caudete.org\\\/ayuntamiento\\\/con-13-anos-maria-gracia-debuta-en-el-campeonato-de-espana-de-baloncesto-3x3-u13-con-la-seleccion-de-castilla-la-mancha\\\/#breadcrumb\",\"itemListElement\":[{\"@type\":\"ListItem\",\"position\":1,\"name\":\"Inicio\",\"item\":\"https:\\\/\\\/www.caudete.org\\\/ayuntamiento\\\/\"},{\"@type\":\"ListItem\",\"position\":2,\"name\":\"Con 13 a\u00f1os, Mar\u00eda Gracia debuta en el Campeonato de Espa\u00f1a de Baloncesto 3&#215;3 U13 con la Selecci\u00f3n de Castilla-La Mancha\"}]},{\"@type\":\"WebSite\",\"@id\":\"https:\\\/\\\/www.caudete.org\\\/ayuntamiento\\\/#website\",\"url\":\"https:\\\/\\\/www.caudete.org\\\/ayuntamiento\\\/\",\"name\":\"MI Ayuntamiento de Caudete\",\"description\":\"P\u00e1gina Oficial del MI Ayuntamiento de Caudete\",\"potentialAction\":[{\"@type\":\"SearchAction\",\"target\":{\"@type\":\"EntryPoint\",\"urlTemplate\":\"https:\\\/\\\/www.caudete.org\\\/ayuntamiento\\\/?s={search_term_string}\"},\"query-input\":{\"@type\":\"PropertyValueSpecification\",\"valueRequired\":true,\"valueName\":\"search_term_string\"}}],\"inLanguage\":\"es\"},{\"@type\":\"Person\",\"@id\":\"https:\\\/\\\/www.caudete.org\\\/ayuntamiento\\\/#\\\/schema\\\/person\\\/cc646da9133078ee4d8dd47457947253\",\"name\":\"alcalde\",\"image\":{\"@type\":\"ImageObject\",\"inLanguage\":\"es\",\"@id\":\"https:\\\/\\\/secure.gravatar.com\\\/avatar\\\/84a817ba065b29ff08d666b215a215f5c79186a645ccb25b14a663d48a130f77?s=96&d=mm&r=g\",\"url\":\"https:\\\/\\\/secure.gravatar.com\\\/avatar\\\/84a817ba065b29ff08d666b215a215f5c79186a645ccb25b14a663d48a130f77?s=96&d=mm&r=g\",\"contentUrl\":\"https:\\\/\\\/secure.gravatar.com\\\/avatar\\\/84a817ba065b29ff08d666b215a215f5c79186a645ccb25b14a663d48a130f77?s=96&d=mm&r=g\",\"caption\":\"alcalde\"},\"url\":\"https:\\\/\\\/www.caudete.org\\\/ayuntamiento\\\/author\\\/alcalde\\\/\"}]}<\/script>\n<!-- \/ Yoast SEO plugin. -->","yoast_head_json":{"title":"Con 13 a\u00f1os, Mar\u00eda Gracia debuta en el Campeonato de Espa\u00f1a de Baloncesto 3x3 U13 con la Selecci\u00f3n de Castilla-La Mancha - MI Ayuntamiento de Caudete","description":"P\u00e1gina Oficial del Ayuntamiento de Caudete (Albacete)","robots":{"index":"index","follow":"follow","max-snippet":"max-snippet:-1","max-image-preview":"max-image-preview:large","max-video-preview":"max-video-preview:-1"},"canonical":"https:\/\/www.caudete.org\/ayuntamiento\/con-13-anos-maria-gracia-debuta-en-el-campeonato-de-espana-de-baloncesto-3x3-u13-con-la-seleccion-de-castilla-la-mancha\/","og_locale":"es_ES","og_type":"article","og_title":"Con 13 a\u00f1os, Mar\u00eda Gracia debuta en el Campeonato de Espa\u00f1a de Baloncesto 3x3 U13 con la Selecci\u00f3n de Castilla-La Mancha - MI Ayuntamiento de Caudete","og_description":"P\u00e1gina Oficial del Ayuntamiento de Caudete (Albacete)","og_url":"https:\/\/www.caudete.org\/ayuntamiento\/con-13-anos-maria-gracia-debuta-en-el-campeonato-de-espana-de-baloncesto-3x3-u13-con-la-seleccion-de-castilla-la-mancha\/","og_site_name":"MI Ayuntamiento de Caudete","article_publisher":"https:\/\/www.facebook.com\/ayuntamientocaudete\/","article_published_time":"2023-06-29T10:39:03+00:00","og_image":[{"width":2013,"height":1306,"url":"https:\/\/www.caudete.org\/ayuntamiento\/wp-content\/uploads\/2023\/06\/Foto-Maria-Garcia.jpg","type":"image\/jpeg"}],"author":"alcalde","twitter_card":"summary_large_image","twitter_misc":{"Escrito por":"alcalde","Tiempo de lectura":"2 minutos"},"schema":{"@context":"https:\/\/schema.org","@graph":[{"@type":"Article","@id":"https:\/\/www.caudete.org\/ayuntamiento\/con-13-anos-maria-gracia-debuta-en-el-campeonato-de-espana-de-baloncesto-3x3-u13-con-la-seleccion-de-castilla-la-mancha\/#article","isPartOf":{"@id":"https:\/\/www.caudete.org\/ayuntamiento\/con-13-anos-maria-gracia-debuta-en-el-campeonato-de-espana-de-baloncesto-3x3-u13-con-la-seleccion-de-castilla-la-mancha\/"},"author":{"name":"alcalde","@id":"https:\/\/www.caudete.org\/ayuntamiento\/#\/schema\/person\/cc646da9133078ee4d8dd47457947253"},"headline":"Con 13 a\u00f1os, Mar\u00eda Gracia debuta en el Campeonato de Espa\u00f1a de Baloncesto 3&#215;3 U13 con la Selecci\u00f3n de Castilla-La Mancha","datePublished":"2023-06-29T10:39:03+00:00","mainEntityOfPage":{"@id":"https:\/\/www.caudete.org\/ayuntamiento\/con-13-anos-maria-gracia-debuta-en-el-campeonato-de-espana-de-baloncesto-3x3-u13-con-la-seleccion-de-castilla-la-mancha\/"},"wordCount":279,"image":{"@id":"https:\/\/www.caudete.org\/ayuntamiento\/con-13-anos-maria-gracia-debuta-en-el-campeonato-de-espana-de-baloncesto-3x3-u13-con-la-seleccion-de-castilla-la-mancha\/#primaryimage"},"thumbnailUrl":"https:\/\/www.caudete.org\/ayuntamiento\/wp-content\/uploads\/2023\/06\/Foto-Maria-Garcia.jpg","articleSection":["Deportes"],"inLanguage":"es"},{"@type":"WebPage","@id":"https:\/\/www.caudete.org\/ayuntamiento\/con-13-anos-maria-gracia-debuta-en-el-campeonato-de-espana-de-baloncesto-3x3-u13-con-la-seleccion-de-castilla-la-mancha\/","url":"https:\/\/www.caudete.org\/ayuntamiento\/con-13-anos-maria-gracia-debuta-en-el-campeonato-de-espana-de-baloncesto-3x3-u13-con-la-seleccion-de-castilla-la-mancha\/","name":"Con 13 a\u00f1os, Mar\u00eda Gracia debuta en el Campeonato de Espa\u00f1a de Baloncesto 3x3 U13 con la Selecci\u00f3n de Castilla-La Mancha - MI Ayuntamiento de Caudete","isPartOf":{"@id":"https:\/\/www.caudete.org\/ayuntamiento\/#website"},"primaryImageOfPage":{"@id":"https:\/\/www.caudete.org\/ayuntamiento\/con-13-anos-maria-gracia-debuta-en-el-campeonato-de-espana-de-baloncesto-3x3-u13-con-la-seleccion-de-castilla-la-mancha\/#primaryimage"},"image":{"@id":"https:\/\/www.caudete.org\/ayuntamiento\/con-13-anos-maria-gracia-debuta-en-el-campeonato-de-espana-de-baloncesto-3x3-u13-con-la-seleccion-de-castilla-la-mancha\/#primaryimage"},"thumbnailUrl":"https:\/\/www.caudete.org\/ayuntamiento\/wp-content\/uploads\/2023\/06\/Foto-Maria-Garcia.jpg","datePublished":"2023-06-29T10:39:03+00:00","author":{"@id":"https:\/\/www.caudete.org\/ayuntamiento\/#\/schema\/person\/cc646da9133078ee4d8dd47457947253"},"description":"P\u00e1gina Oficial del Ayuntamiento de Caudete (Albacete)","breadcrumb":{"@id":"https:\/\/www.caudete.org\/ayuntamiento\/con-13-anos-maria-gracia-debuta-en-el-campeonato-de-espana-de-baloncesto-3x3-u13-con-la-seleccion-de-castilla-la-mancha\/#breadcrumb"},"inLanguage":"es","potentialAction":[{"@type":"ReadAction","target":["https:\/\/www.caudete.org\/ayuntamiento\/con-13-anos-maria-gracia-debuta-en-el-campeonato-de-espana-de-baloncesto-3x3-u13-con-la-seleccion-de-castilla-la-mancha\/"]}]},{"@type":"ImageObject","inLanguage":"es","@id":"https:\/\/www.caudete.org\/ayuntamiento\/con-13-anos-maria-gracia-debuta-en-el-campeonato-de-espana-de-baloncesto-3x3-u13-con-la-seleccion-de-castilla-la-mancha\/#primaryimage","url":"https:\/\/www.caudete.org\/ayuntamiento\/wp-content\/uploads\/2023\/06\/Foto-Maria-Garcia.jpg","contentUrl":"https:\/\/www.caudete.org\/ayuntamiento\/wp-content\/uploads\/2023\/06\/Foto-Maria-Garcia.jpg","width":2013,"height":1306},{"@type":"BreadcrumbList","@id":"https:\/\/www.caudete.org\/ayuntamiento\/con-13-anos-maria-gracia-debuta-en-el-campeonato-de-espana-de-baloncesto-3x3-u13-con-la-seleccion-de-castilla-la-mancha\/#breadcrumb","itemListElement":[{"@type":"ListItem","position":1,"name":"Inicio","item":"https:\/\/www.caudete.org\/ayuntamiento\/"},{"@type":"ListItem","position":2,"name":"Con 13 a\u00f1os, Mar\u00eda Gracia debuta en el Campeonato de Espa\u00f1a de Baloncesto 3&#215;3 U13 con la Selecci\u00f3n de Castilla-La Mancha"}]},{"@type":"WebSite","@id":"https:\/\/www.caudete.org\/ayuntamiento\/#website","url":"https:\/\/www.caudete.org\/ayuntamiento\/","name":"MI Ayuntamiento de Caudete","description":"P\u00e1gina Oficial del MI Ayuntamiento de Caudete","potentialAction":[{"@type":"SearchAction","target":{"@type":"EntryPoint","urlTemplate":"https:\/\/www.caudete.org\/ayuntamiento\/?s={search_term_string}"},"query-input":{"@type":"PropertyValueSpecification","valueRequired":true,"valueName":"search_term_string"}}],"inLanguage":"es"},{"@type":"Person","@id":"https:\/\/www.caudete.org\/ayuntamiento\/#\/schema\/person\/cc646da9133078ee4d8dd47457947253","name":"alcalde","image":{"@type":"ImageObject","inLanguage":"es","@id":"https:\/\/secure.gravatar.com\/avatar\/84a817ba065b29ff08d666b215a215f5c79186a645ccb25b14a663d48a130f77?s=96&d=mm&r=g","url":"https:\/\/secure.gravatar.com\/avatar\/84a817ba065b29ff08d666b215a215f5c79186a645ccb25b14a663d48a130f77?s=96&d=mm&r=g","contentUrl":"https:\/\/secure.gravatar.com\/avatar\/84a817ba065b29ff08d666b215a215f5c79186a645ccb25b14a663d48a130f77?s=96&d=mm&r=g","caption":"alcalde"},"url":"https:\/\/www.caudete.org\/ayuntamiento\/author\/alcalde\/"}]}},"_links":{"self":[{"href":"https:\/\/www.caudete.org\/ayuntamiento\/wp-json\/wp\/v2\/posts\/22626","targetHints":{"allow":["GET"]}}],"collection":[{"href":"https:\/\/www.caudete.org\/ayuntamiento\/wp-json\/wp\/v2\/posts"}],"about":[{"href":"https:\/\/www.caudete.org\/ayuntamiento\/wp-json\/wp\/v2\/types\/post"}],"author":[{"embeddable":true,"href":"https:\/\/www.caudete.org\/ayuntamiento\/wp-json\/wp\/v2\/users\/3"}],"replies":[{"embeddable":true,"href":"https:\/\/www.caudete.org\/ayuntamiento\/wp-json\/wp\/v2\/comments?post=22626"}],"version-history":[{"count":1,"href":"https:\/\/www.caudete.org\/ayuntamiento\/wp-json\/wp\/v2\/posts\/22626\/revisions"}],"predecessor-version":[{"id":22627,"href":"https:\/\/www.caudete.org\/ayuntamiento\/wp-json\/wp\/v2\/posts\/22626\/revisions\/22627"}],"wp:featuredmedia":[{"embeddable":true,"href":"https:\/\/www.caudete.org\/ayuntamiento\/wp-json\/wp\/v2\/media\/22623"}],"wp:attachment":[{"href":"https:\/\/www.caudete.org\/ayuntamiento\/wp-json\/wp\/v2\/media?parent=22626"}],"wp:term":[{"taxonomy":"category","embeddable":true,"href":"https:\/\/www.caudete.org\/ayuntamiento\/wp-json\/wp\/v2\/categories?post=22626"},{"taxonomy":"post_tag","embeddable":true,"href":"https:\/\/www.caudete.org\/ayuntamiento\/wp-json\/wp\/v2\/tags?post=22626"}],"curies":[{"name":"wp","href":"https:\/\/api.w.org\/{rel}","templated":true}]}}