{"id":22643,"date":"2023-07-03T21:12:40","date_gmt":"2023-07-03T19:12:40","guid":{"rendered":"https:\/\/www.caudete.org\/ayuntamiento\/?p=22643"},"modified":"2023-07-03T21:11:34","modified_gmt":"2023-07-03T19:11:34","slug":"a-partir-de-manana-la-c-las-eras-estara-cortada-por-obras-entre-c-principe-de-los-ingenios-y-c-las-moreras","status":"publish","type":"post","link":"https:\/\/www.caudete.org\/ayuntamiento\/a-partir-de-manana-la-c-las-eras-estara-cortada-por-obras-entre-c-principe-de-los-ingenios-y-c-las-moreras\/","title":{"rendered":"A partir de ma\u00f1ana, la C\/LAS ERAS estar\u00e1 cortada por Obras entre C\/Pr\u00edncipe de los Ingenios y C\/Las Moreras"},"content":{"rendered":"<p style=\"text-align: justify;\">El Alcalde Mois\u00e9s L\u00f3pez, encargado del \u00e1rea de Movilidad Urbana, Accesibilidad, Obras y Urbanismo, ha informado sobre un corte de Calle, previsto para algo m\u00e1s de una semana en un tramo de C\/Las Eras, por obras en el acerado de Casa de Cultura, elimin\u00e1ndose temporalmente el estacionamiento en dicho espacio.<\/p>\n<p style=\"text-align: justify;\">Las obras proyectadas en la fachada del edificio municipal de Casa de Cultura requiere previamente de otras actuaciones auxiliares, en este caso las necesarias para eliminar el cableado sobre fachada. Aprovechando la oportunidad, desde el Departamento T\u00e9cnico encargado se opt\u00f3 por ocultar todas estas instalaciones en el subsuelo y evitar que que queden vistas, as\u00ed como evitar futuros cableados sobre la misma.<\/p>\n<p style=\"text-align: justify;\">Para ello, se ha previsto la realizaci\u00f3n de dos zanjas, una para cableado el\u00e9ctrico y otra para telefon\u00eda y telecomunicaciones, con sus debidas arquetas y medidas de\u00a0 seguridad.<\/p>\n<p style=\"text-align: justify;\">La ejecuci\u00f3n de las obras, requiere por tanto de medidas de seguridad, como son el corte de Calle, que se extender\u00e1 el tiempo estrictamente necesario, quedando abierta fuera del horario de trabajo, siempre y cuando la ejecuci\u00f3n de las obras lo permitan. Durante el corte de calle, quienes accedan por C\/Las Eras podr\u00e1n desviarse hacia C\/Pr\u00edncipe de los Ingenios.<\/p>\n<p style=\"text-align: justify;\">Ambas zanjas se van a ejecutar por la zona de acerado del edificio de Casa de Cultura (C\/Las Eras), por lo que adem\u00e1s se proceder\u00e1 a sustituir el pavimento de la misma por uno con \u00edndice de resbaladicidad menor al actual, lo que mejorar\u00e1 y garantizar\u00e1 el transito por la misma durante d\u00edas de lluvia principalmente.<\/p>\n<p style=\"text-align: justify;\">Estas obras tienen un plazo de ejecuci\u00f3n de 20 d\u00edas, y han sido adjudicadas a la empresa local Agullosa, S.L. por un importe de 15.122&#8217;18\u20ac (IVA incluido).<\/p>\n<p><a href=\"https:\/\/www.caudete.org\/ayuntamiento\/wp-content\/uploads\/2023\/07\/WhatsApp-Image-2023-07-03-at-21.08.14.jpeg\" rel='prettyPhoto'><img fetchpriority=\"high\" decoding=\"async\" class=\"aligncenter wp-image-22649 size-full\" src=\"https:\/\/www.caudete.org\/ayuntamiento\/wp-content\/uploads\/2023\/07\/WhatsApp-Image-2023-07-03-at-21.08.14.jpeg\" alt=\"\" width=\"2048\" height=\"1536\" srcset=\"https:\/\/www.caudete.org\/ayuntamiento\/wp-content\/uploads\/2023\/07\/WhatsApp-Image-2023-07-03-at-21.08.14.jpeg 2048w, https:\/\/www.caudete.org\/ayuntamiento\/wp-content\/uploads\/2023\/07\/WhatsApp-Image-2023-07-03-at-21.08.14-300x225.jpeg 300w, https:\/\/www.caudete.org\/ayuntamiento\/wp-content\/uploads\/2023\/07\/WhatsApp-Image-2023-07-03-at-21.08.14-1024x768.jpeg 1024w, https:\/\/www.caudete.org\/ayuntamiento\/wp-content\/uploads\/2023\/07\/WhatsApp-Image-2023-07-03-at-21.08.14-768x576.jpeg 768w, https:\/\/www.caudete.org\/ayuntamiento\/wp-content\/uploads\/2023\/07\/WhatsApp-Image-2023-07-03-at-21.08.14-1536x1152.jpeg 1536w\" sizes=\"(max-width: 2048px) 100vw, 2048px\" \/><\/a> <a href=\"https:\/\/www.caudete.org\/ayuntamiento\/wp-content\/uploads\/2023\/07\/WhatsApp-Image-2023-07-03-at-21.08.14-1.jpeg\" rel='prettyPhoto'><img decoding=\"async\" class=\"aligncenter wp-image-22648 size-full\" src=\"https:\/\/www.caudete.org\/ayuntamiento\/wp-content\/uploads\/2023\/07\/WhatsApp-Image-2023-07-03-at-21.08.14-1.jpeg\" alt=\"\" width=\"2048\" height=\"1536\" srcset=\"https:\/\/www.caudete.org\/ayuntamiento\/wp-content\/uploads\/2023\/07\/WhatsApp-Image-2023-07-03-at-21.08.14-1.jpeg 2048w, https:\/\/www.caudete.org\/ayuntamiento\/wp-content\/uploads\/2023\/07\/WhatsApp-Image-2023-07-03-at-21.08.14-1-300x225.jpeg 300w, https:\/\/www.caudete.org\/ayuntamiento\/wp-content\/uploads\/2023\/07\/WhatsApp-Image-2023-07-03-at-21.08.14-1-1024x768.jpeg 1024w, https:\/\/www.caudete.org\/ayuntamiento\/wp-content\/uploads\/2023\/07\/WhatsApp-Image-2023-07-03-at-21.08.14-1-768x576.jpeg 768w, https:\/\/www.caudete.org\/ayuntamiento\/wp-content\/uploads\/2023\/07\/WhatsApp-Image-2023-07-03-at-21.08.14-1-1536x1152.jpeg 1536w\" sizes=\"(max-width: 2048px) 100vw, 2048px\" \/><\/a><\/p>\n","protected":false},"excerpt":{"rendered":"<p>El Alcalde Mois\u00e9s L\u00f3pez, encargado del \u00e1rea de Movilidad Urbana, Accesibilidad, Obras y Urbanismo, ha informado sobre un corte de Calle, previsto para algo m\u00e1s de una semana en un tramo de C\/Las Eras, por obras en el acerado de Casa de Cultura, elimin\u00e1ndose temporalmente el estacionamiento en dicho espacio. Las obras proyectadas en la &hellip;<\/p>\n","protected":false},"author":3,"featured_media":22647,"comment_status":"closed","ping_status":"open","sticky":false,"template":"","format":"standard","meta":{"ngg_post_thumbnail":0,"footnotes":""},"categories":[46],"tags":[],"class_list":["post-22643","post","type-post","status-publish","format-standard","has-post-thumbnail","hentry","category-movilidad-urbana"],"yoast_head":"<!-- This site is optimized with the Yoast SEO plugin v27.5 - https:\/\/yoast.com\/product\/yoast-seo-wordpress\/ -->\n<title>A partir de ma\u00f1ana, la C\/LAS ERAS estar\u00e1 cortada por Obras entre C\/Pr\u00edncipe de los Ingenios y C\/Las Moreras - MI Ayuntamiento de Caudete<\/title>\n<meta name=\"description\" content=\"P\u00e1gina Oficial del Ayuntamiento de Caudete (Albacete)\" \/>\n<meta name=\"robots\" content=\"index, follow, max-snippet:-1, max-image-preview:large, max-video-preview:-1\" \/>\n<link rel=\"canonical\" href=\"https:\/\/www.caudete.org\/ayuntamiento\/a-partir-de-manana-la-c-las-eras-estara-cortada-por-obras-entre-c-principe-de-los-ingenios-y-c-las-moreras\/\" \/>\n<meta property=\"og:locale\" content=\"es_ES\" \/>\n<meta property=\"og:type\" content=\"article\" \/>\n<meta property=\"og:title\" content=\"A partir de ma\u00f1ana, la C\/LAS ERAS estar\u00e1 cortada por Obras entre C\/Pr\u00edncipe de los Ingenios y C\/Las Moreras - MI Ayuntamiento de Caudete\" \/>\n<meta property=\"og:description\" content=\"P\u00e1gina Oficial del Ayuntamiento de Caudete (Albacete)\" \/>\n<meta property=\"og:url\" content=\"https:\/\/www.caudete.org\/ayuntamiento\/a-partir-de-manana-la-c-las-eras-estara-cortada-por-obras-entre-c-principe-de-los-ingenios-y-c-las-moreras\/\" \/>\n<meta property=\"og:site_name\" content=\"MI Ayuntamiento de Caudete\" \/>\n<meta property=\"article:publisher\" content=\"https:\/\/www.facebook.com\/ayuntamientocaudete\/\" \/>\n<meta property=\"article:published_time\" content=\"2023-07-03T19:12:40+00:00\" \/>\n<meta property=\"og:image\" content=\"https:\/\/www.caudete.org\/ayuntamiento\/wp-content\/uploads\/2023\/07\/WhatsApp-Image-2023-07-03-at-21.08.14-2.jpeg\" \/>\n\t<meta property=\"og:image:width\" content=\"2048\" \/>\n\t<meta property=\"og:image:height\" content=\"1536\" \/>\n\t<meta property=\"og:image:type\" content=\"image\/jpeg\" \/>\n<meta name=\"author\" content=\"alcalde\" \/>\n<meta name=\"twitter:card\" content=\"summary_large_image\" \/>\n<meta name=\"twitter:label1\" content=\"Escrito por\" \/>\n\t<meta name=\"twitter:data1\" content=\"alcalde\" \/>\n\t<meta name=\"twitter:label2\" content=\"Tiempo de lectura\" \/>\n\t<meta name=\"twitter:data2\" content=\"2 minutos\" \/>\n<script type=\"application\/ld+json\" class=\"yoast-schema-graph\">{\"@context\":\"https:\\\/\\\/schema.org\",\"@graph\":[{\"@type\":\"Article\",\"@id\":\"https:\\\/\\\/www.caudete.org\\\/ayuntamiento\\\/a-partir-de-manana-la-c-las-eras-estara-cortada-por-obras-entre-c-principe-de-los-ingenios-y-c-las-moreras\\\/#article\",\"isPartOf\":{\"@id\":\"https:\\\/\\\/www.caudete.org\\\/ayuntamiento\\\/a-partir-de-manana-la-c-las-eras-estara-cortada-por-obras-entre-c-principe-de-los-ingenios-y-c-las-moreras\\\/\"},\"author\":{\"name\":\"alcalde\",\"@id\":\"https:\\\/\\\/www.caudete.org\\\/ayuntamiento\\\/#\\\/schema\\\/person\\\/cc646da9133078ee4d8dd47457947253\"},\"headline\":\"A partir de ma\u00f1ana, la C\\\/LAS ERAS estar\u00e1 cortada por Obras entre C\\\/Pr\u00edncipe de los Ingenios y C\\\/Las Moreras\",\"datePublished\":\"2023-07-03T19:12:40+00:00\",\"mainEntityOfPage\":{\"@id\":\"https:\\\/\\\/www.caudete.org\\\/ayuntamiento\\\/a-partir-de-manana-la-c-las-eras-estara-cortada-por-obras-entre-c-principe-de-los-ingenios-y-c-las-moreras\\\/\"},\"wordCount\":325,\"image\":{\"@id\":\"https:\\\/\\\/www.caudete.org\\\/ayuntamiento\\\/a-partir-de-manana-la-c-las-eras-estara-cortada-por-obras-entre-c-principe-de-los-ingenios-y-c-las-moreras\\\/#primaryimage\"},\"thumbnailUrl\":\"https:\\\/\\\/www.caudete.org\\\/ayuntamiento\\\/wp-content\\\/uploads\\\/2023\\\/07\\\/WhatsApp-Image-2023-07-03-at-21.08.14-2.jpeg\",\"articleSection\":[\"Movilidad Urbana\"],\"inLanguage\":\"es\"},{\"@type\":\"WebPage\",\"@id\":\"https:\\\/\\\/www.caudete.org\\\/ayuntamiento\\\/a-partir-de-manana-la-c-las-eras-estara-cortada-por-obras-entre-c-principe-de-los-ingenios-y-c-las-moreras\\\/\",\"url\":\"https:\\\/\\\/www.caudete.org\\\/ayuntamiento\\\/a-partir-de-manana-la-c-las-eras-estara-cortada-por-obras-entre-c-principe-de-los-ingenios-y-c-las-moreras\\\/\",\"name\":\"A partir de ma\u00f1ana, la C\\\/LAS ERAS estar\u00e1 cortada por Obras entre C\\\/Pr\u00edncipe de los Ingenios y C\\\/Las Moreras - MI Ayuntamiento de Caudete\",\"isPartOf\":{\"@id\":\"https:\\\/\\\/www.caudete.org\\\/ayuntamiento\\\/#website\"},\"primaryImageOfPage\":{\"@id\":\"https:\\\/\\\/www.caudete.org\\\/ayuntamiento\\\/a-partir-de-manana-la-c-las-eras-estara-cortada-por-obras-entre-c-principe-de-los-ingenios-y-c-las-moreras\\\/#primaryimage\"},\"image\":{\"@id\":\"https:\\\/\\\/www.caudete.org\\\/ayuntamiento\\\/a-partir-de-manana-la-c-las-eras-estara-cortada-por-obras-entre-c-principe-de-los-ingenios-y-c-las-moreras\\\/#primaryimage\"},\"thumbnailUrl\":\"https:\\\/\\\/www.caudete.org\\\/ayuntamiento\\\/wp-content\\\/uploads\\\/2023\\\/07\\\/WhatsApp-Image-2023-07-03-at-21.08.14-2.jpeg\",\"datePublished\":\"2023-07-03T19:12:40+00:00\",\"author\":{\"@id\":\"https:\\\/\\\/www.caudete.org\\\/ayuntamiento\\\/#\\\/schema\\\/person\\\/cc646da9133078ee4d8dd47457947253\"},\"description\":\"P\u00e1gina Oficial del Ayuntamiento de Caudete (Albacete)\",\"breadcrumb\":{\"@id\":\"https:\\\/\\\/www.caudete.org\\\/ayuntamiento\\\/a-partir-de-manana-la-c-las-eras-estara-cortada-por-obras-entre-c-principe-de-los-ingenios-y-c-las-moreras\\\/#breadcrumb\"},\"inLanguage\":\"es\",\"potentialAction\":[{\"@type\":\"ReadAction\",\"target\":[\"https:\\\/\\\/www.caudete.org\\\/ayuntamiento\\\/a-partir-de-manana-la-c-las-eras-estara-cortada-por-obras-entre-c-principe-de-los-ingenios-y-c-las-moreras\\\/\"]}]},{\"@type\":\"ImageObject\",\"inLanguage\":\"es\",\"@id\":\"https:\\\/\\\/www.caudete.org\\\/ayuntamiento\\\/a-partir-de-manana-la-c-las-eras-estara-cortada-por-obras-entre-c-principe-de-los-ingenios-y-c-las-moreras\\\/#primaryimage\",\"url\":\"https:\\\/\\\/www.caudete.org\\\/ayuntamiento\\\/wp-content\\\/uploads\\\/2023\\\/07\\\/WhatsApp-Image-2023-07-03-at-21.08.14-2.jpeg\",\"contentUrl\":\"https:\\\/\\\/www.caudete.org\\\/ayuntamiento\\\/wp-content\\\/uploads\\\/2023\\\/07\\\/WhatsApp-Image-2023-07-03-at-21.08.14-2.jpeg\",\"width\":2048,\"height\":1536},{\"@type\":\"BreadcrumbList\",\"@id\":\"https:\\\/\\\/www.caudete.org\\\/ayuntamiento\\\/a-partir-de-manana-la-c-las-eras-estara-cortada-por-obras-entre-c-principe-de-los-ingenios-y-c-las-moreras\\\/#breadcrumb\",\"itemListElement\":[{\"@type\":\"ListItem\",\"position\":1,\"name\":\"Inicio\",\"item\":\"https:\\\/\\\/www.caudete.org\\\/ayuntamiento\\\/\"},{\"@type\":\"ListItem\",\"position\":2,\"name\":\"A partir de ma\u00f1ana, la C\\\/LAS ERAS estar\u00e1 cortada por Obras entre C\\\/Pr\u00edncipe de los Ingenios y C\\\/Las Moreras\"}]},{\"@type\":\"WebSite\",\"@id\":\"https:\\\/\\\/www.caudete.org\\\/ayuntamiento\\\/#website\",\"url\":\"https:\\\/\\\/www.caudete.org\\\/ayuntamiento\\\/\",\"name\":\"MI Ayuntamiento de Caudete\",\"description\":\"P\u00e1gina Oficial del MI Ayuntamiento de Caudete\",\"potentialAction\":[{\"@type\":\"SearchAction\",\"target\":{\"@type\":\"EntryPoint\",\"urlTemplate\":\"https:\\\/\\\/www.caudete.org\\\/ayuntamiento\\\/?s={search_term_string}\"},\"query-input\":{\"@type\":\"PropertyValueSpecification\",\"valueRequired\":true,\"valueName\":\"search_term_string\"}}],\"inLanguage\":\"es\"},{\"@type\":\"Person\",\"@id\":\"https:\\\/\\\/www.caudete.org\\\/ayuntamiento\\\/#\\\/schema\\\/person\\\/cc646da9133078ee4d8dd47457947253\",\"name\":\"alcalde\",\"image\":{\"@type\":\"ImageObject\",\"inLanguage\":\"es\",\"@id\":\"https:\\\/\\\/secure.gravatar.com\\\/avatar\\\/84a817ba065b29ff08d666b215a215f5c79186a645ccb25b14a663d48a130f77?s=96&d=mm&r=g\",\"url\":\"https:\\\/\\\/secure.gravatar.com\\\/avatar\\\/84a817ba065b29ff08d666b215a215f5c79186a645ccb25b14a663d48a130f77?s=96&d=mm&r=g\",\"contentUrl\":\"https:\\\/\\\/secure.gravatar.com\\\/avatar\\\/84a817ba065b29ff08d666b215a215f5c79186a645ccb25b14a663d48a130f77?s=96&d=mm&r=g\",\"caption\":\"alcalde\"},\"url\":\"https:\\\/\\\/www.caudete.org\\\/ayuntamiento\\\/author\\\/alcalde\\\/\"}]}<\/script>\n<!-- \/ Yoast SEO plugin. -->","yoast_head_json":{"title":"A partir de ma\u00f1ana, la C\/LAS ERAS estar\u00e1 cortada por Obras entre C\/Pr\u00edncipe de los Ingenios y C\/Las Moreras - MI Ayuntamiento de Caudete","description":"P\u00e1gina Oficial del Ayuntamiento de Caudete (Albacete)","robots":{"index":"index","follow":"follow","max-snippet":"max-snippet:-1","max-image-preview":"max-image-preview:large","max-video-preview":"max-video-preview:-1"},"canonical":"https:\/\/www.caudete.org\/ayuntamiento\/a-partir-de-manana-la-c-las-eras-estara-cortada-por-obras-entre-c-principe-de-los-ingenios-y-c-las-moreras\/","og_locale":"es_ES","og_type":"article","og_title":"A partir de ma\u00f1ana, la C\/LAS ERAS estar\u00e1 cortada por Obras entre C\/Pr\u00edncipe de los Ingenios y C\/Las Moreras - MI Ayuntamiento de Caudete","og_description":"P\u00e1gina Oficial del Ayuntamiento de Caudete (Albacete)","og_url":"https:\/\/www.caudete.org\/ayuntamiento\/a-partir-de-manana-la-c-las-eras-estara-cortada-por-obras-entre-c-principe-de-los-ingenios-y-c-las-moreras\/","og_site_name":"MI Ayuntamiento de Caudete","article_publisher":"https:\/\/www.facebook.com\/ayuntamientocaudete\/","article_published_time":"2023-07-03T19:12:40+00:00","og_image":[{"width":2048,"height":1536,"url":"https:\/\/www.caudete.org\/ayuntamiento\/wp-content\/uploads\/2023\/07\/WhatsApp-Image-2023-07-03-at-21.08.14-2.jpeg","type":"image\/jpeg"}],"author":"alcalde","twitter_card":"summary_large_image","twitter_misc":{"Escrito por":"alcalde","Tiempo de lectura":"2 minutos"},"schema":{"@context":"https:\/\/schema.org","@graph":[{"@type":"Article","@id":"https:\/\/www.caudete.org\/ayuntamiento\/a-partir-de-manana-la-c-las-eras-estara-cortada-por-obras-entre-c-principe-de-los-ingenios-y-c-las-moreras\/#article","isPartOf":{"@id":"https:\/\/www.caudete.org\/ayuntamiento\/a-partir-de-manana-la-c-las-eras-estara-cortada-por-obras-entre-c-principe-de-los-ingenios-y-c-las-moreras\/"},"author":{"name":"alcalde","@id":"https:\/\/www.caudete.org\/ayuntamiento\/#\/schema\/person\/cc646da9133078ee4d8dd47457947253"},"headline":"A partir de ma\u00f1ana, la C\/LAS ERAS estar\u00e1 cortada por Obras entre C\/Pr\u00edncipe de los Ingenios y C\/Las Moreras","datePublished":"2023-07-03T19:12:40+00:00","mainEntityOfPage":{"@id":"https:\/\/www.caudete.org\/ayuntamiento\/a-partir-de-manana-la-c-las-eras-estara-cortada-por-obras-entre-c-principe-de-los-ingenios-y-c-las-moreras\/"},"wordCount":325,"image":{"@id":"https:\/\/www.caudete.org\/ayuntamiento\/a-partir-de-manana-la-c-las-eras-estara-cortada-por-obras-entre-c-principe-de-los-ingenios-y-c-las-moreras\/#primaryimage"},"thumbnailUrl":"https:\/\/www.caudete.org\/ayuntamiento\/wp-content\/uploads\/2023\/07\/WhatsApp-Image-2023-07-03-at-21.08.14-2.jpeg","articleSection":["Movilidad Urbana"],"inLanguage":"es"},{"@type":"WebPage","@id":"https:\/\/www.caudete.org\/ayuntamiento\/a-partir-de-manana-la-c-las-eras-estara-cortada-por-obras-entre-c-principe-de-los-ingenios-y-c-las-moreras\/","url":"https:\/\/www.caudete.org\/ayuntamiento\/a-partir-de-manana-la-c-las-eras-estara-cortada-por-obras-entre-c-principe-de-los-ingenios-y-c-las-moreras\/","name":"A partir de ma\u00f1ana, la C\/LAS ERAS estar\u00e1 cortada por Obras entre C\/Pr\u00edncipe de los Ingenios y C\/Las Moreras - MI Ayuntamiento de Caudete","isPartOf":{"@id":"https:\/\/www.caudete.org\/ayuntamiento\/#website"},"primaryImageOfPage":{"@id":"https:\/\/www.caudete.org\/ayuntamiento\/a-partir-de-manana-la-c-las-eras-estara-cortada-por-obras-entre-c-principe-de-los-ingenios-y-c-las-moreras\/#primaryimage"},"image":{"@id":"https:\/\/www.caudete.org\/ayuntamiento\/a-partir-de-manana-la-c-las-eras-estara-cortada-por-obras-entre-c-principe-de-los-ingenios-y-c-las-moreras\/#primaryimage"},"thumbnailUrl":"https:\/\/www.caudete.org\/ayuntamiento\/wp-content\/uploads\/2023\/07\/WhatsApp-Image-2023-07-03-at-21.08.14-2.jpeg","datePublished":"2023-07-03T19:12:40+00:00","author":{"@id":"https:\/\/www.caudete.org\/ayuntamiento\/#\/schema\/person\/cc646da9133078ee4d8dd47457947253"},"description":"P\u00e1gina Oficial del Ayuntamiento de Caudete (Albacete)","breadcrumb":{"@id":"https:\/\/www.caudete.org\/ayuntamiento\/a-partir-de-manana-la-c-las-eras-estara-cortada-por-obras-entre-c-principe-de-los-ingenios-y-c-las-moreras\/#breadcrumb"},"inLanguage":"es","potentialAction":[{"@type":"ReadAction","target":["https:\/\/www.caudete.org\/ayuntamiento\/a-partir-de-manana-la-c-las-eras-estara-cortada-por-obras-entre-c-principe-de-los-ingenios-y-c-las-moreras\/"]}]},{"@type":"ImageObject","inLanguage":"es","@id":"https:\/\/www.caudete.org\/ayuntamiento\/a-partir-de-manana-la-c-las-eras-estara-cortada-por-obras-entre-c-principe-de-los-ingenios-y-c-las-moreras\/#primaryimage","url":"https:\/\/www.caudete.org\/ayuntamiento\/wp-content\/uploads\/2023\/07\/WhatsApp-Image-2023-07-03-at-21.08.14-2.jpeg","contentUrl":"https:\/\/www.caudete.org\/ayuntamiento\/wp-content\/uploads\/2023\/07\/WhatsApp-Image-2023-07-03-at-21.08.14-2.jpeg","width":2048,"height":1536},{"@type":"BreadcrumbList","@id":"https:\/\/www.caudete.org\/ayuntamiento\/a-partir-de-manana-la-c-las-eras-estara-cortada-por-obras-entre-c-principe-de-los-ingenios-y-c-las-moreras\/#breadcrumb","itemListElement":[{"@type":"ListItem","position":1,"name":"Inicio","item":"https:\/\/www.caudete.org\/ayuntamiento\/"},{"@type":"ListItem","position":2,"name":"A partir de ma\u00f1ana, la C\/LAS ERAS estar\u00e1 cortada por Obras entre C\/Pr\u00edncipe de los Ingenios y C\/Las Moreras"}]},{"@type":"WebSite","@id":"https:\/\/www.caudete.org\/ayuntamiento\/#website","url":"https:\/\/www.caudete.org\/ayuntamiento\/","name":"MI Ayuntamiento de Caudete","description":"P\u00e1gina Oficial del MI Ayuntamiento de Caudete","potentialAction":[{"@type":"SearchAction","target":{"@type":"EntryPoint","urlTemplate":"https:\/\/www.caudete.org\/ayuntamiento\/?s={search_term_string}"},"query-input":{"@type":"PropertyValueSpecification","valueRequired":true,"valueName":"search_term_string"}}],"inLanguage":"es"},{"@type":"Person","@id":"https:\/\/www.caudete.org\/ayuntamiento\/#\/schema\/person\/cc646da9133078ee4d8dd47457947253","name":"alcalde","image":{"@type":"ImageObject","inLanguage":"es","@id":"https:\/\/secure.gravatar.com\/avatar\/84a817ba065b29ff08d666b215a215f5c79186a645ccb25b14a663d48a130f77?s=96&d=mm&r=g","url":"https:\/\/secure.gravatar.com\/avatar\/84a817ba065b29ff08d666b215a215f5c79186a645ccb25b14a663d48a130f77?s=96&d=mm&r=g","contentUrl":"https:\/\/secure.gravatar.com\/avatar\/84a817ba065b29ff08d666b215a215f5c79186a645ccb25b14a663d48a130f77?s=96&d=mm&r=g","caption":"alcalde"},"url":"https:\/\/www.caudete.org\/ayuntamiento\/author\/alcalde\/"}]}},"_links":{"self":[{"href":"https:\/\/www.caudete.org\/ayuntamiento\/wp-json\/wp\/v2\/posts\/22643","targetHints":{"allow":["GET"]}}],"collection":[{"href":"https:\/\/www.caudete.org\/ayuntamiento\/wp-json\/wp\/v2\/posts"}],"about":[{"href":"https:\/\/www.caudete.org\/ayuntamiento\/wp-json\/wp\/v2\/types\/post"}],"author":[{"embeddable":true,"href":"https:\/\/www.caudete.org\/ayuntamiento\/wp-json\/wp\/v2\/users\/3"}],"replies":[{"embeddable":true,"href":"https:\/\/www.caudete.org\/ayuntamiento\/wp-json\/wp\/v2\/comments?post=22643"}],"version-history":[{"count":3,"href":"https:\/\/www.caudete.org\/ayuntamiento\/wp-json\/wp\/v2\/posts\/22643\/revisions"}],"predecessor-version":[{"id":22651,"href":"https:\/\/www.caudete.org\/ayuntamiento\/wp-json\/wp\/v2\/posts\/22643\/revisions\/22651"}],"wp:featuredmedia":[{"embeddable":true,"href":"https:\/\/www.caudete.org\/ayuntamiento\/wp-json\/wp\/v2\/media\/22647"}],"wp:attachment":[{"href":"https:\/\/www.caudete.org\/ayuntamiento\/wp-json\/wp\/v2\/media?parent=22643"}],"wp:term":[{"taxonomy":"category","embeddable":true,"href":"https:\/\/www.caudete.org\/ayuntamiento\/wp-json\/wp\/v2\/categories?post=22643"},{"taxonomy":"post_tag","embeddable":true,"href":"https:\/\/www.caudete.org\/ayuntamiento\/wp-json\/wp\/v2\/tags?post=22643"}],"curies":[{"name":"wp","href":"https:\/\/api.w.org\/{rel}","templated":true}]}}