{"id":22672,"date":"2023-07-05T13:51:24","date_gmt":"2023-07-05T11:51:24","guid":{"rendered":"https:\/\/www.caudete.org\/ayuntamiento\/?p=22672"},"modified":"2023-07-05T13:51:29","modified_gmt":"2023-07-05T11:51:29","slug":"el-deportista-caudetano-juan-carlos-albertos-marco-vuelve-a-hacer-historia","status":"publish","type":"post","link":"https:\/\/www.caudete.org\/ayuntamiento\/el-deportista-caudetano-juan-carlos-albertos-marco-vuelve-a-hacer-historia\/","title":{"rendered":"El deportista caudetano, Juan Carlos Albertos Marco, vuelve a hacer historia"},"content":{"rendered":"<p>Recientemente, la Concejal de Deportes, Pilar Egea, hac\u00eda eco de las nuevas haza\u00f1as deportivas alcanzada por nuestro paisano, Juan Carlos Albertos Marco, que una vez m\u00e1s dejaba el nombre de Caudete en lo m\u00e1s alto del panorama nacional e internacional.<\/p>\n<p>Tal es el caso que durante el mes de junio en la localidad francesa de Laissac- &#8211; Aveyron consegu\u00eda proclamarse nada menos que Subcampe\u00f3n de Europa de ciclismo de monta\u00f1a en la modalidad XCM en la categor\u00eda de M\u00e1ster 40 con un tiempo total de 4 horas y 7 minutos.<\/p>\n<p>Por otro lado, tras celebrase el Gran Premio de Sabi\u00f1anigo, \u00faltima prueba de la Copa de Espa\u00f1a XCO Cofidis 2023, nuestro paisano consegu\u00eda decretarse como Campe\u00f3n en M\u00e1ster 40 del citado campeonato. Un resultado que pon\u00eda el broche de oro a toda una temporada de grandes resultados y regularidad en todas las pruebas integrantes de la citada Copa de Espa\u00f1a.<br \/>\nDesde la Concejal\u00eda de Deportes queremos felicitar a Juan Carlos por los grandes resultados cosechados recientemente.<\/p>\n<p><a href=\"https:\/\/www.caudete.org\/ayuntamiento\/el-deportista-caudetano-juan-carlos-albertos-marco-vuelve-a-hacer-historia\/clasificacion-juan-carlos\/\" rel=\"attachment wp-att-22673\"><img fetchpriority=\"high\" decoding=\"async\" class=\"aligncenter size-full wp-image-22673\" src=\"https:\/\/www.caudete.org\/ayuntamiento\/wp-content\/uploads\/2023\/07\/Clasificacion-Juan-Carlos.jpg\" rel='prettyPhoto' alt=\"\" width=\"504\" height=\"719\" srcset=\"https:\/\/www.caudete.org\/ayuntamiento\/wp-content\/uploads\/2023\/07\/Clasificacion-Juan-Carlos.jpg 504w, https:\/\/www.caudete.org\/ayuntamiento\/wp-content\/uploads\/2023\/07\/Clasificacion-Juan-Carlos-210x300.jpg 210w\" sizes=\"(max-width: 504px) 100vw, 504px\" \/><\/a><\/p>\n","protected":false},"excerpt":{"rendered":"<p>Recientemente, la Concejal de Deportes, Pilar Egea, hac\u00eda eco de las nuevas haza\u00f1as deportivas alcanzada por nuestro paisano, Juan Carlos Albertos Marco, que una vez m\u00e1s dejaba el nombre de Caudete en lo m\u00e1s alto del panorama nacional e internacional. Tal es el caso que durante el mes de junio en la localidad francesa de &hellip;<\/p>\n","protected":false},"author":1,"featured_media":22674,"comment_status":"closed","ping_status":"open","sticky":false,"template":"","format":"standard","meta":{"ngg_post_thumbnail":0,"footnotes":""},"categories":[23],"tags":[],"class_list":["post-22672","post","type-post","status-publish","format-standard","has-post-thumbnail","hentry","category-deportes"],"yoast_head":"<!-- This site is optimized with the Yoast SEO plugin v27.5 - https:\/\/yoast.com\/product\/yoast-seo-wordpress\/ -->\n<title>El deportista caudetano, Juan Carlos Albertos Marco, vuelve a hacer historia - MI Ayuntamiento de Caudete<\/title>\n<meta name=\"description\" content=\"P\u00e1gina Oficial del Ayuntamiento de Caudete (Albacete)\" \/>\n<meta name=\"robots\" content=\"index, follow, max-snippet:-1, max-image-preview:large, max-video-preview:-1\" \/>\n<link rel=\"canonical\" href=\"https:\/\/www.caudete.org\/ayuntamiento\/el-deportista-caudetano-juan-carlos-albertos-marco-vuelve-a-hacer-historia\/\" \/>\n<meta property=\"og:locale\" content=\"es_ES\" \/>\n<meta property=\"og:type\" content=\"article\" \/>\n<meta property=\"og:title\" content=\"El deportista caudetano, Juan Carlos Albertos Marco, vuelve a hacer historia - MI Ayuntamiento de Caudete\" \/>\n<meta property=\"og:description\" content=\"P\u00e1gina Oficial del Ayuntamiento de Caudete (Albacete)\" \/>\n<meta property=\"og:url\" content=\"https:\/\/www.caudete.org\/ayuntamiento\/el-deportista-caudetano-juan-carlos-albertos-marco-vuelve-a-hacer-historia\/\" \/>\n<meta property=\"og:site_name\" content=\"MI Ayuntamiento de Caudete\" \/>\n<meta property=\"article:publisher\" content=\"https:\/\/www.facebook.com\/ayuntamientocaudete\/\" \/>\n<meta property=\"article:published_time\" content=\"2023-07-05T11:51:24+00:00\" \/>\n<meta property=\"article:modified_time\" content=\"2023-07-05T11:51:29+00:00\" \/>\n<meta property=\"og:image\" content=\"https:\/\/www.caudete.org\/ayuntamiento\/wp-content\/uploads\/2023\/07\/JuanCarlosAlbertos.jpg\" \/>\n\t<meta property=\"og:image:width\" content=\"864\" \/>\n\t<meta property=\"og:image:height\" content=\"380\" \/>\n\t<meta property=\"og:image:type\" content=\"image\/jpeg\" \/>\n<meta name=\"author\" content=\"ayun\" \/>\n<meta name=\"twitter:card\" content=\"summary_large_image\" \/>\n<meta name=\"twitter:label1\" content=\"Escrito por\" \/>\n\t<meta name=\"twitter:data1\" content=\"ayun\" \/>\n\t<meta name=\"twitter:label2\" content=\"Tiempo de lectura\" \/>\n\t<meta name=\"twitter:data2\" content=\"1 minuto\" \/>\n<script type=\"application\/ld+json\" class=\"yoast-schema-graph\">{\"@context\":\"https:\\\/\\\/schema.org\",\"@graph\":[{\"@type\":\"Article\",\"@id\":\"https:\\\/\\\/www.caudete.org\\\/ayuntamiento\\\/el-deportista-caudetano-juan-carlos-albertos-marco-vuelve-a-hacer-historia\\\/#article\",\"isPartOf\":{\"@id\":\"https:\\\/\\\/www.caudete.org\\\/ayuntamiento\\\/el-deportista-caudetano-juan-carlos-albertos-marco-vuelve-a-hacer-historia\\\/\"},\"author\":{\"name\":\"ayun\",\"@id\":\"https:\\\/\\\/www.caudete.org\\\/ayuntamiento\\\/#\\\/schema\\\/person\\\/79f7e19fdd176fc2bc7a289013dc2056\"},\"headline\":\"El deportista caudetano, Juan Carlos Albertos Marco, vuelve a hacer historia\",\"datePublished\":\"2023-07-05T11:51:24+00:00\",\"dateModified\":\"2023-07-05T11:51:29+00:00\",\"mainEntityOfPage\":{\"@id\":\"https:\\\/\\\/www.caudete.org\\\/ayuntamiento\\\/el-deportista-caudetano-juan-carlos-albertos-marco-vuelve-a-hacer-historia\\\/\"},\"wordCount\":189,\"image\":{\"@id\":\"https:\\\/\\\/www.caudete.org\\\/ayuntamiento\\\/el-deportista-caudetano-juan-carlos-albertos-marco-vuelve-a-hacer-historia\\\/#primaryimage\"},\"thumbnailUrl\":\"https:\\\/\\\/www.caudete.org\\\/ayuntamiento\\\/wp-content\\\/uploads\\\/2023\\\/07\\\/JuanCarlosAlbertos.jpg\",\"articleSection\":[\"Deportes\"],\"inLanguage\":\"es\"},{\"@type\":\"WebPage\",\"@id\":\"https:\\\/\\\/www.caudete.org\\\/ayuntamiento\\\/el-deportista-caudetano-juan-carlos-albertos-marco-vuelve-a-hacer-historia\\\/\",\"url\":\"https:\\\/\\\/www.caudete.org\\\/ayuntamiento\\\/el-deportista-caudetano-juan-carlos-albertos-marco-vuelve-a-hacer-historia\\\/\",\"name\":\"El deportista caudetano, Juan Carlos Albertos Marco, vuelve a hacer historia - MI Ayuntamiento de Caudete\",\"isPartOf\":{\"@id\":\"https:\\\/\\\/www.caudete.org\\\/ayuntamiento\\\/#website\"},\"primaryImageOfPage\":{\"@id\":\"https:\\\/\\\/www.caudete.org\\\/ayuntamiento\\\/el-deportista-caudetano-juan-carlos-albertos-marco-vuelve-a-hacer-historia\\\/#primaryimage\"},\"image\":{\"@id\":\"https:\\\/\\\/www.caudete.org\\\/ayuntamiento\\\/el-deportista-caudetano-juan-carlos-albertos-marco-vuelve-a-hacer-historia\\\/#primaryimage\"},\"thumbnailUrl\":\"https:\\\/\\\/www.caudete.org\\\/ayuntamiento\\\/wp-content\\\/uploads\\\/2023\\\/07\\\/JuanCarlosAlbertos.jpg\",\"datePublished\":\"2023-07-05T11:51:24+00:00\",\"dateModified\":\"2023-07-05T11:51:29+00:00\",\"author\":{\"@id\":\"https:\\\/\\\/www.caudete.org\\\/ayuntamiento\\\/#\\\/schema\\\/person\\\/79f7e19fdd176fc2bc7a289013dc2056\"},\"description\":\"P\u00e1gina Oficial del Ayuntamiento de Caudete (Albacete)\",\"breadcrumb\":{\"@id\":\"https:\\\/\\\/www.caudete.org\\\/ayuntamiento\\\/el-deportista-caudetano-juan-carlos-albertos-marco-vuelve-a-hacer-historia\\\/#breadcrumb\"},\"inLanguage\":\"es\",\"potentialAction\":[{\"@type\":\"ReadAction\",\"target\":[\"https:\\\/\\\/www.caudete.org\\\/ayuntamiento\\\/el-deportista-caudetano-juan-carlos-albertos-marco-vuelve-a-hacer-historia\\\/\"]}]},{\"@type\":\"ImageObject\",\"inLanguage\":\"es\",\"@id\":\"https:\\\/\\\/www.caudete.org\\\/ayuntamiento\\\/el-deportista-caudetano-juan-carlos-albertos-marco-vuelve-a-hacer-historia\\\/#primaryimage\",\"url\":\"https:\\\/\\\/www.caudete.org\\\/ayuntamiento\\\/wp-content\\\/uploads\\\/2023\\\/07\\\/JuanCarlosAlbertos.jpg\",\"contentUrl\":\"https:\\\/\\\/www.caudete.org\\\/ayuntamiento\\\/wp-content\\\/uploads\\\/2023\\\/07\\\/JuanCarlosAlbertos.jpg\",\"width\":864,\"height\":380},{\"@type\":\"BreadcrumbList\",\"@id\":\"https:\\\/\\\/www.caudete.org\\\/ayuntamiento\\\/el-deportista-caudetano-juan-carlos-albertos-marco-vuelve-a-hacer-historia\\\/#breadcrumb\",\"itemListElement\":[{\"@type\":\"ListItem\",\"position\":1,\"name\":\"Inicio\",\"item\":\"https:\\\/\\\/www.caudete.org\\\/ayuntamiento\\\/\"},{\"@type\":\"ListItem\",\"position\":2,\"name\":\"El deportista caudetano, Juan Carlos Albertos Marco, vuelve a hacer historia\"}]},{\"@type\":\"WebSite\",\"@id\":\"https:\\\/\\\/www.caudete.org\\\/ayuntamiento\\\/#website\",\"url\":\"https:\\\/\\\/www.caudete.org\\\/ayuntamiento\\\/\",\"name\":\"MI Ayuntamiento de Caudete\",\"description\":\"P\u00e1gina Oficial del MI Ayuntamiento de Caudete\",\"potentialAction\":[{\"@type\":\"SearchAction\",\"target\":{\"@type\":\"EntryPoint\",\"urlTemplate\":\"https:\\\/\\\/www.caudete.org\\\/ayuntamiento\\\/?s={search_term_string}\"},\"query-input\":{\"@type\":\"PropertyValueSpecification\",\"valueRequired\":true,\"valueName\":\"search_term_string\"}}],\"inLanguage\":\"es\"},{\"@type\":\"Person\",\"@id\":\"https:\\\/\\\/www.caudete.org\\\/ayuntamiento\\\/#\\\/schema\\\/person\\\/79f7e19fdd176fc2bc7a289013dc2056\",\"name\":\"ayun\",\"image\":{\"@type\":\"ImageObject\",\"inLanguage\":\"es\",\"@id\":\"https:\\\/\\\/secure.gravatar.com\\\/avatar\\\/4ce797ee07c943e7e592f8cd648e503e6cd571387558ed07135799c2bd2847df?s=96&d=mm&r=g\",\"url\":\"https:\\\/\\\/secure.gravatar.com\\\/avatar\\\/4ce797ee07c943e7e592f8cd648e503e6cd571387558ed07135799c2bd2847df?s=96&d=mm&r=g\",\"contentUrl\":\"https:\\\/\\\/secure.gravatar.com\\\/avatar\\\/4ce797ee07c943e7e592f8cd648e503e6cd571387558ed07135799c2bd2847df?s=96&d=mm&r=g\",\"caption\":\"ayun\"},\"sameAs\":[\"http:\\\/\\\/www.caudete.org\\\/ayuntamiento\"],\"url\":\"https:\\\/\\\/www.caudete.org\\\/ayuntamiento\\\/author\\\/ayun\\\/\"}]}<\/script>\n<!-- \/ Yoast SEO plugin. -->","yoast_head_json":{"title":"El deportista caudetano, Juan Carlos Albertos Marco, vuelve a hacer historia - MI Ayuntamiento de Caudete","description":"P\u00e1gina Oficial del Ayuntamiento de Caudete (Albacete)","robots":{"index":"index","follow":"follow","max-snippet":"max-snippet:-1","max-image-preview":"max-image-preview:large","max-video-preview":"max-video-preview:-1"},"canonical":"https:\/\/www.caudete.org\/ayuntamiento\/el-deportista-caudetano-juan-carlos-albertos-marco-vuelve-a-hacer-historia\/","og_locale":"es_ES","og_type":"article","og_title":"El deportista caudetano, Juan Carlos Albertos Marco, vuelve a hacer historia - MI Ayuntamiento de Caudete","og_description":"P\u00e1gina Oficial del Ayuntamiento de Caudete (Albacete)","og_url":"https:\/\/www.caudete.org\/ayuntamiento\/el-deportista-caudetano-juan-carlos-albertos-marco-vuelve-a-hacer-historia\/","og_site_name":"MI Ayuntamiento de Caudete","article_publisher":"https:\/\/www.facebook.com\/ayuntamientocaudete\/","article_published_time":"2023-07-05T11:51:24+00:00","article_modified_time":"2023-07-05T11:51:29+00:00","og_image":[{"width":864,"height":380,"url":"https:\/\/www.caudete.org\/ayuntamiento\/wp-content\/uploads\/2023\/07\/JuanCarlosAlbertos.jpg","type":"image\/jpeg"}],"author":"ayun","twitter_card":"summary_large_image","twitter_misc":{"Escrito por":"ayun","Tiempo de lectura":"1 minuto"},"schema":{"@context":"https:\/\/schema.org","@graph":[{"@type":"Article","@id":"https:\/\/www.caudete.org\/ayuntamiento\/el-deportista-caudetano-juan-carlos-albertos-marco-vuelve-a-hacer-historia\/#article","isPartOf":{"@id":"https:\/\/www.caudete.org\/ayuntamiento\/el-deportista-caudetano-juan-carlos-albertos-marco-vuelve-a-hacer-historia\/"},"author":{"name":"ayun","@id":"https:\/\/www.caudete.org\/ayuntamiento\/#\/schema\/person\/79f7e19fdd176fc2bc7a289013dc2056"},"headline":"El deportista caudetano, Juan Carlos Albertos Marco, vuelve a hacer historia","datePublished":"2023-07-05T11:51:24+00:00","dateModified":"2023-07-05T11:51:29+00:00","mainEntityOfPage":{"@id":"https:\/\/www.caudete.org\/ayuntamiento\/el-deportista-caudetano-juan-carlos-albertos-marco-vuelve-a-hacer-historia\/"},"wordCount":189,"image":{"@id":"https:\/\/www.caudete.org\/ayuntamiento\/el-deportista-caudetano-juan-carlos-albertos-marco-vuelve-a-hacer-historia\/#primaryimage"},"thumbnailUrl":"https:\/\/www.caudete.org\/ayuntamiento\/wp-content\/uploads\/2023\/07\/JuanCarlosAlbertos.jpg","articleSection":["Deportes"],"inLanguage":"es"},{"@type":"WebPage","@id":"https:\/\/www.caudete.org\/ayuntamiento\/el-deportista-caudetano-juan-carlos-albertos-marco-vuelve-a-hacer-historia\/","url":"https:\/\/www.caudete.org\/ayuntamiento\/el-deportista-caudetano-juan-carlos-albertos-marco-vuelve-a-hacer-historia\/","name":"El deportista caudetano, Juan Carlos Albertos Marco, vuelve a hacer historia - MI Ayuntamiento de Caudete","isPartOf":{"@id":"https:\/\/www.caudete.org\/ayuntamiento\/#website"},"primaryImageOfPage":{"@id":"https:\/\/www.caudete.org\/ayuntamiento\/el-deportista-caudetano-juan-carlos-albertos-marco-vuelve-a-hacer-historia\/#primaryimage"},"image":{"@id":"https:\/\/www.caudete.org\/ayuntamiento\/el-deportista-caudetano-juan-carlos-albertos-marco-vuelve-a-hacer-historia\/#primaryimage"},"thumbnailUrl":"https:\/\/www.caudete.org\/ayuntamiento\/wp-content\/uploads\/2023\/07\/JuanCarlosAlbertos.jpg","datePublished":"2023-07-05T11:51:24+00:00","dateModified":"2023-07-05T11:51:29+00:00","author":{"@id":"https:\/\/www.caudete.org\/ayuntamiento\/#\/schema\/person\/79f7e19fdd176fc2bc7a289013dc2056"},"description":"P\u00e1gina Oficial del Ayuntamiento de Caudete (Albacete)","breadcrumb":{"@id":"https:\/\/www.caudete.org\/ayuntamiento\/el-deportista-caudetano-juan-carlos-albertos-marco-vuelve-a-hacer-historia\/#breadcrumb"},"inLanguage":"es","potentialAction":[{"@type":"ReadAction","target":["https:\/\/www.caudete.org\/ayuntamiento\/el-deportista-caudetano-juan-carlos-albertos-marco-vuelve-a-hacer-historia\/"]}]},{"@type":"ImageObject","inLanguage":"es","@id":"https:\/\/www.caudete.org\/ayuntamiento\/el-deportista-caudetano-juan-carlos-albertos-marco-vuelve-a-hacer-historia\/#primaryimage","url":"https:\/\/www.caudete.org\/ayuntamiento\/wp-content\/uploads\/2023\/07\/JuanCarlosAlbertos.jpg","contentUrl":"https:\/\/www.caudete.org\/ayuntamiento\/wp-content\/uploads\/2023\/07\/JuanCarlosAlbertos.jpg","width":864,"height":380},{"@type":"BreadcrumbList","@id":"https:\/\/www.caudete.org\/ayuntamiento\/el-deportista-caudetano-juan-carlos-albertos-marco-vuelve-a-hacer-historia\/#breadcrumb","itemListElement":[{"@type":"ListItem","position":1,"name":"Inicio","item":"https:\/\/www.caudete.org\/ayuntamiento\/"},{"@type":"ListItem","position":2,"name":"El deportista caudetano, Juan Carlos Albertos Marco, vuelve a hacer historia"}]},{"@type":"WebSite","@id":"https:\/\/www.caudete.org\/ayuntamiento\/#website","url":"https:\/\/www.caudete.org\/ayuntamiento\/","name":"MI Ayuntamiento de Caudete","description":"P\u00e1gina Oficial del MI Ayuntamiento de Caudete","potentialAction":[{"@type":"SearchAction","target":{"@type":"EntryPoint","urlTemplate":"https:\/\/www.caudete.org\/ayuntamiento\/?s={search_term_string}"},"query-input":{"@type":"PropertyValueSpecification","valueRequired":true,"valueName":"search_term_string"}}],"inLanguage":"es"},{"@type":"Person","@id":"https:\/\/www.caudete.org\/ayuntamiento\/#\/schema\/person\/79f7e19fdd176fc2bc7a289013dc2056","name":"ayun","image":{"@type":"ImageObject","inLanguage":"es","@id":"https:\/\/secure.gravatar.com\/avatar\/4ce797ee07c943e7e592f8cd648e503e6cd571387558ed07135799c2bd2847df?s=96&d=mm&r=g","url":"https:\/\/secure.gravatar.com\/avatar\/4ce797ee07c943e7e592f8cd648e503e6cd571387558ed07135799c2bd2847df?s=96&d=mm&r=g","contentUrl":"https:\/\/secure.gravatar.com\/avatar\/4ce797ee07c943e7e592f8cd648e503e6cd571387558ed07135799c2bd2847df?s=96&d=mm&r=g","caption":"ayun"},"sameAs":["http:\/\/www.caudete.org\/ayuntamiento"],"url":"https:\/\/www.caudete.org\/ayuntamiento\/author\/ayun\/"}]}},"_links":{"self":[{"href":"https:\/\/www.caudete.org\/ayuntamiento\/wp-json\/wp\/v2\/posts\/22672","targetHints":{"allow":["GET"]}}],"collection":[{"href":"https:\/\/www.caudete.org\/ayuntamiento\/wp-json\/wp\/v2\/posts"}],"about":[{"href":"https:\/\/www.caudete.org\/ayuntamiento\/wp-json\/wp\/v2\/types\/post"}],"author":[{"embeddable":true,"href":"https:\/\/www.caudete.org\/ayuntamiento\/wp-json\/wp\/v2\/users\/1"}],"replies":[{"embeddable":true,"href":"https:\/\/www.caudete.org\/ayuntamiento\/wp-json\/wp\/v2\/comments?post=22672"}],"version-history":[{"count":2,"href":"https:\/\/www.caudete.org\/ayuntamiento\/wp-json\/wp\/v2\/posts\/22672\/revisions"}],"predecessor-version":[{"id":22676,"href":"https:\/\/www.caudete.org\/ayuntamiento\/wp-json\/wp\/v2\/posts\/22672\/revisions\/22676"}],"wp:featuredmedia":[{"embeddable":true,"href":"https:\/\/www.caudete.org\/ayuntamiento\/wp-json\/wp\/v2\/media\/22674"}],"wp:attachment":[{"href":"https:\/\/www.caudete.org\/ayuntamiento\/wp-json\/wp\/v2\/media?parent=22672"}],"wp:term":[{"taxonomy":"category","embeddable":true,"href":"https:\/\/www.caudete.org\/ayuntamiento\/wp-json\/wp\/v2\/categories?post=22672"},{"taxonomy":"post_tag","embeddable":true,"href":"https:\/\/www.caudete.org\/ayuntamiento\/wp-json\/wp\/v2\/tags?post=22672"}],"curies":[{"name":"wp","href":"https:\/\/api.w.org\/{rel}","templated":true}]}}