{"id":22796,"date":"2023-07-10T00:24:45","date_gmt":"2023-07-09T22:24:45","guid":{"rendered":"https:\/\/www.caudete.org\/ayuntamiento\/?p=22796"},"modified":"2023-07-10T00:24:45","modified_gmt":"2023-07-09T22:24:45","slug":"los-pozos-de-agua-santa-ana-1-y-san-miguel-en-marcha","status":"publish","type":"post","link":"https:\/\/www.caudete.org\/ayuntamiento\/los-pozos-de-agua-santa-ana-1-y-san-miguel-en-marcha\/","title":{"rendered":"Los Pozos de Agua &#8220;Santa Ana 1&#8221; y &#8220;San Miguel&#8221; en marcha"},"content":{"rendered":"<p style=\"text-align: justify;\">Durante varias semanas el pozo denominado \u00abSanta Ana 1\u00bb, situado al final de la Vereda de santa Ana, ha estado inutilizado debido a una aver\u00eda de la bomba. Aprovechando esta parada obligatoria, y que se ha tenido que sacar dicha bomba para su reparaci\u00f3n, se han a\u00f1adido tres tramos m\u00e1s de tubo al entubado de dicho pozo para poder meter la bomba a mas profundidad, seg\u00fan ha informado el concejal del Ciclo Integral del Agua, Jos\u00e9 Miguel Moll\u00e1.<\/p>\n<p style=\"text-align: justify;\">\u00abDe este modo\u00bb, explica el concejal, \u00abse garantiza que dicha bomba tenga m\u00e1s metros de agua por encima de ella. Esta es la forma de prevenir las posibles aver\u00edas por trabajar en seco la bomba. Esto, que es algo muy positivo, tambi\u00e9n tiene su parte negativa, y es que al estar la bomba m\u00e1s profunda, consume m\u00e1s electricidad y cuesta m\u00e1s dinero extraer el agua\u00bb.<\/p>\n<p style=\"text-align: justify;\">El pozo tiene 300 metros de profundidad, y el nivel del agua est\u00e1 a 187 metros de la boca del pozo. La bomba est\u00e1 situada actualmente a 214 metros de profundidad, y la columna de agua, es decir, la parte del pozo que est\u00e1 llena de agua, es de 113 metros.<br \/>\n\u00abPor aportar m\u00e1s datos a los ciudadanos, quiero decir que al lado, a unos 20 metros de distancia de este pozo, y separado por un reguero, se encuentra otro pozo, el \u2018Santa Ana 2\u2019. Cada uno tiene una capacidad de aporte de agua de 50 litros por segundo, pero tienen un problema: que ambos comparten la misma l\u00ednea el\u00e9ctrica, el mismo transformador y la misma tuber\u00eda conductora hasta el deposito de 5 millones de litros (el m\u00e1s grande que tenemos en Caudete, donde se clora el agua que vamos a consumir), por lo que s\u00f3lo podemos extraer agua de un pozo cada vez. Si pudi\u00e9semos extraer de los dos al mismo tiempo, tendr\u00edamos un aporte para llenar los dep\u00f3sitos de 100 litros por segundo\u00bb, subraya Moll\u00e1.<\/p>\n<p style=\"text-align: justify;\">Un curiosidad<br \/>\n\u00abEste pozo, \u2018Santa Ana 1\u2019, es el que los socialistas \u2018pincharon\u2019 fuera de la propiedad municipal (en terreno del vecino). Al vecino no le hizo gracia, llev\u00f3 al Ayuntamiento al juzgado y hace unos meses los caudetanos hemos tenido que pagar 200.000 euros por aquel error. Es decir, que todav\u00eda colea la etapa socialista. Y dicen sin sonrojarse que nosotros somos el Equipo de Gobierno m\u00e1s caro de la historia de la democracia\u2026\u00bb, indica Jos\u00e9 Miguel Moll\u00e1.<\/p>\n<p style=\"text-align: justify;\">Para finalizar, el edil apunta que \u00abtambi\u00e9n tenemos en marcha el pozo de \u2018San Miguel\u2019, en la carretera de Montealegre, que tiene una capacidad de aporte de 25 litros por segundo, por lo que si no ocurre ninguna hecatombe, podemos asegurar que vamos a poder pasar el verano sin problemas de abastecimiento en lo que respecta a capacidad de extracci\u00f3n del l\u00edquido elemento\u00bb.<\/p>\n","protected":false},"excerpt":{"rendered":"<p>Durante varias semanas el pozo denominado \u00abSanta Ana 1\u00bb, situado al final de la Vereda de santa Ana, ha estado inutilizado debido a una aver\u00eda de la bomba. Aprovechando esta parada obligatoria, y que se ha tenido que sacar dicha bomba para su reparaci\u00f3n, se han a\u00f1adido tres tramos m\u00e1s de tubo al entubado de &hellip;<\/p>\n","protected":false},"author":3,"featured_media":22797,"comment_status":"closed","ping_status":"open","sticky":false,"template":"","format":"standard","meta":{"ngg_post_thumbnail":0,"footnotes":""},"categories":[49],"tags":[],"class_list":["post-22796","post","type-post","status-publish","format-standard","has-post-thumbnail","hentry","category-ciclo-integral-del-agua"],"yoast_head":"<!-- This site is optimized with the Yoast SEO plugin v27.5 - https:\/\/yoast.com\/product\/yoast-seo-wordpress\/ -->\n<title>Los Pozos de Agua &quot;Santa Ana 1&quot; y &quot;San Miguel&quot; en marcha - MI Ayuntamiento de Caudete<\/title>\n<meta name=\"description\" content=\"P\u00e1gina Oficial del Ayuntamiento de Caudete (Albacete)\" \/>\n<meta name=\"robots\" content=\"index, follow, max-snippet:-1, max-image-preview:large, max-video-preview:-1\" \/>\n<link rel=\"canonical\" href=\"https:\/\/www.caudete.org\/ayuntamiento\/los-pozos-de-agua-santa-ana-1-y-san-miguel-en-marcha\/\" \/>\n<meta property=\"og:locale\" content=\"es_ES\" \/>\n<meta property=\"og:type\" content=\"article\" \/>\n<meta property=\"og:title\" content=\"Los Pozos de Agua &quot;Santa Ana 1&quot; y &quot;San Miguel&quot; en marcha - MI Ayuntamiento de Caudete\" \/>\n<meta property=\"og:description\" content=\"P\u00e1gina Oficial del Ayuntamiento de Caudete (Albacete)\" \/>\n<meta property=\"og:url\" content=\"https:\/\/www.caudete.org\/ayuntamiento\/los-pozos-de-agua-santa-ana-1-y-san-miguel-en-marcha\/\" \/>\n<meta property=\"og:site_name\" content=\"MI Ayuntamiento de Caudete\" \/>\n<meta property=\"article:publisher\" content=\"https:\/\/www.facebook.com\/ayuntamientocaudete\/\" \/>\n<meta property=\"article:published_time\" content=\"2023-07-09T22:24:45+00:00\" \/>\n<meta property=\"og:image\" content=\"https:\/\/www.caudete.org\/ayuntamiento\/wp-content\/uploads\/2023\/07\/pozo-agua-caudete-digital.jpg\" \/>\n\t<meta property=\"og:image:width\" content=\"1024\" \/>\n\t<meta property=\"og:image:height\" content=\"559\" \/>\n\t<meta property=\"og:image:type\" content=\"image\/jpeg\" \/>\n<meta name=\"author\" content=\"alcalde\" \/>\n<meta name=\"twitter:card\" content=\"summary_large_image\" \/>\n<meta name=\"twitter:label1\" content=\"Escrito por\" \/>\n\t<meta name=\"twitter:data1\" content=\"alcalde\" \/>\n\t<meta name=\"twitter:label2\" content=\"Tiempo de lectura\" \/>\n\t<meta name=\"twitter:data2\" content=\"3 minutos\" \/>\n<script type=\"application\/ld+json\" class=\"yoast-schema-graph\">{\"@context\":\"https:\\\/\\\/schema.org\",\"@graph\":[{\"@type\":\"Article\",\"@id\":\"https:\\\/\\\/www.caudete.org\\\/ayuntamiento\\\/los-pozos-de-agua-santa-ana-1-y-san-miguel-en-marcha\\\/#article\",\"isPartOf\":{\"@id\":\"https:\\\/\\\/www.caudete.org\\\/ayuntamiento\\\/los-pozos-de-agua-santa-ana-1-y-san-miguel-en-marcha\\\/\"},\"author\":{\"name\":\"alcalde\",\"@id\":\"https:\\\/\\\/www.caudete.org\\\/ayuntamiento\\\/#\\\/schema\\\/person\\\/cc646da9133078ee4d8dd47457947253\"},\"headline\":\"Los Pozos de Agua &#8220;Santa Ana 1&#8221; y &#8220;San Miguel&#8221; en marcha\",\"datePublished\":\"2023-07-09T22:24:45+00:00\",\"mainEntityOfPage\":{\"@id\":\"https:\\\/\\\/www.caudete.org\\\/ayuntamiento\\\/los-pozos-de-agua-santa-ana-1-y-san-miguel-en-marcha\\\/\"},\"wordCount\":485,\"image\":{\"@id\":\"https:\\\/\\\/www.caudete.org\\\/ayuntamiento\\\/los-pozos-de-agua-santa-ana-1-y-san-miguel-en-marcha\\\/#primaryimage\"},\"thumbnailUrl\":\"https:\\\/\\\/www.caudete.org\\\/ayuntamiento\\\/wp-content\\\/uploads\\\/2023\\\/07\\\/pozo-agua-caudete-digital.jpg\",\"articleSection\":[\"Ciclo Integral del Agua\"],\"inLanguage\":\"es\"},{\"@type\":\"WebPage\",\"@id\":\"https:\\\/\\\/www.caudete.org\\\/ayuntamiento\\\/los-pozos-de-agua-santa-ana-1-y-san-miguel-en-marcha\\\/\",\"url\":\"https:\\\/\\\/www.caudete.org\\\/ayuntamiento\\\/los-pozos-de-agua-santa-ana-1-y-san-miguel-en-marcha\\\/\",\"name\":\"Los Pozos de Agua \\\"Santa Ana 1\\\" y \\\"San Miguel\\\" en marcha - MI Ayuntamiento de Caudete\",\"isPartOf\":{\"@id\":\"https:\\\/\\\/www.caudete.org\\\/ayuntamiento\\\/#website\"},\"primaryImageOfPage\":{\"@id\":\"https:\\\/\\\/www.caudete.org\\\/ayuntamiento\\\/los-pozos-de-agua-santa-ana-1-y-san-miguel-en-marcha\\\/#primaryimage\"},\"image\":{\"@id\":\"https:\\\/\\\/www.caudete.org\\\/ayuntamiento\\\/los-pozos-de-agua-santa-ana-1-y-san-miguel-en-marcha\\\/#primaryimage\"},\"thumbnailUrl\":\"https:\\\/\\\/www.caudete.org\\\/ayuntamiento\\\/wp-content\\\/uploads\\\/2023\\\/07\\\/pozo-agua-caudete-digital.jpg\",\"datePublished\":\"2023-07-09T22:24:45+00:00\",\"author\":{\"@id\":\"https:\\\/\\\/www.caudete.org\\\/ayuntamiento\\\/#\\\/schema\\\/person\\\/cc646da9133078ee4d8dd47457947253\"},\"description\":\"P\u00e1gina Oficial del Ayuntamiento de Caudete (Albacete)\",\"breadcrumb\":{\"@id\":\"https:\\\/\\\/www.caudete.org\\\/ayuntamiento\\\/los-pozos-de-agua-santa-ana-1-y-san-miguel-en-marcha\\\/#breadcrumb\"},\"inLanguage\":\"es\",\"potentialAction\":[{\"@type\":\"ReadAction\",\"target\":[\"https:\\\/\\\/www.caudete.org\\\/ayuntamiento\\\/los-pozos-de-agua-santa-ana-1-y-san-miguel-en-marcha\\\/\"]}]},{\"@type\":\"ImageObject\",\"inLanguage\":\"es\",\"@id\":\"https:\\\/\\\/www.caudete.org\\\/ayuntamiento\\\/los-pozos-de-agua-santa-ana-1-y-san-miguel-en-marcha\\\/#primaryimage\",\"url\":\"https:\\\/\\\/www.caudete.org\\\/ayuntamiento\\\/wp-content\\\/uploads\\\/2023\\\/07\\\/pozo-agua-caudete-digital.jpg\",\"contentUrl\":\"https:\\\/\\\/www.caudete.org\\\/ayuntamiento\\\/wp-content\\\/uploads\\\/2023\\\/07\\\/pozo-agua-caudete-digital.jpg\",\"width\":1024,\"height\":559},{\"@type\":\"BreadcrumbList\",\"@id\":\"https:\\\/\\\/www.caudete.org\\\/ayuntamiento\\\/los-pozos-de-agua-santa-ana-1-y-san-miguel-en-marcha\\\/#breadcrumb\",\"itemListElement\":[{\"@type\":\"ListItem\",\"position\":1,\"name\":\"Inicio\",\"item\":\"https:\\\/\\\/www.caudete.org\\\/ayuntamiento\\\/\"},{\"@type\":\"ListItem\",\"position\":2,\"name\":\"Los Pozos de Agua &#8220;Santa Ana 1&#8221; y &#8220;San Miguel&#8221; en marcha\"}]},{\"@type\":\"WebSite\",\"@id\":\"https:\\\/\\\/www.caudete.org\\\/ayuntamiento\\\/#website\",\"url\":\"https:\\\/\\\/www.caudete.org\\\/ayuntamiento\\\/\",\"name\":\"MI Ayuntamiento de Caudete\",\"description\":\"P\u00e1gina Oficial del MI Ayuntamiento de Caudete\",\"potentialAction\":[{\"@type\":\"SearchAction\",\"target\":{\"@type\":\"EntryPoint\",\"urlTemplate\":\"https:\\\/\\\/www.caudete.org\\\/ayuntamiento\\\/?s={search_term_string}\"},\"query-input\":{\"@type\":\"PropertyValueSpecification\",\"valueRequired\":true,\"valueName\":\"search_term_string\"}}],\"inLanguage\":\"es\"},{\"@type\":\"Person\",\"@id\":\"https:\\\/\\\/www.caudete.org\\\/ayuntamiento\\\/#\\\/schema\\\/person\\\/cc646da9133078ee4d8dd47457947253\",\"name\":\"alcalde\",\"image\":{\"@type\":\"ImageObject\",\"inLanguage\":\"es\",\"@id\":\"https:\\\/\\\/secure.gravatar.com\\\/avatar\\\/84a817ba065b29ff08d666b215a215f5c79186a645ccb25b14a663d48a130f77?s=96&d=mm&r=g\",\"url\":\"https:\\\/\\\/secure.gravatar.com\\\/avatar\\\/84a817ba065b29ff08d666b215a215f5c79186a645ccb25b14a663d48a130f77?s=96&d=mm&r=g\",\"contentUrl\":\"https:\\\/\\\/secure.gravatar.com\\\/avatar\\\/84a817ba065b29ff08d666b215a215f5c79186a645ccb25b14a663d48a130f77?s=96&d=mm&r=g\",\"caption\":\"alcalde\"},\"url\":\"https:\\\/\\\/www.caudete.org\\\/ayuntamiento\\\/author\\\/alcalde\\\/\"}]}<\/script>\n<!-- \/ Yoast SEO plugin. -->","yoast_head_json":{"title":"Los Pozos de Agua \"Santa Ana 1\" y \"San Miguel\" en marcha - MI Ayuntamiento de Caudete","description":"P\u00e1gina Oficial del Ayuntamiento de Caudete (Albacete)","robots":{"index":"index","follow":"follow","max-snippet":"max-snippet:-1","max-image-preview":"max-image-preview:large","max-video-preview":"max-video-preview:-1"},"canonical":"https:\/\/www.caudete.org\/ayuntamiento\/los-pozos-de-agua-santa-ana-1-y-san-miguel-en-marcha\/","og_locale":"es_ES","og_type":"article","og_title":"Los Pozos de Agua \"Santa Ana 1\" y \"San Miguel\" en marcha - MI Ayuntamiento de Caudete","og_description":"P\u00e1gina Oficial del Ayuntamiento de Caudete (Albacete)","og_url":"https:\/\/www.caudete.org\/ayuntamiento\/los-pozos-de-agua-santa-ana-1-y-san-miguel-en-marcha\/","og_site_name":"MI Ayuntamiento de Caudete","article_publisher":"https:\/\/www.facebook.com\/ayuntamientocaudete\/","article_published_time":"2023-07-09T22:24:45+00:00","og_image":[{"width":1024,"height":559,"url":"https:\/\/www.caudete.org\/ayuntamiento\/wp-content\/uploads\/2023\/07\/pozo-agua-caudete-digital.jpg","type":"image\/jpeg"}],"author":"alcalde","twitter_card":"summary_large_image","twitter_misc":{"Escrito por":"alcalde","Tiempo de lectura":"3 minutos"},"schema":{"@context":"https:\/\/schema.org","@graph":[{"@type":"Article","@id":"https:\/\/www.caudete.org\/ayuntamiento\/los-pozos-de-agua-santa-ana-1-y-san-miguel-en-marcha\/#article","isPartOf":{"@id":"https:\/\/www.caudete.org\/ayuntamiento\/los-pozos-de-agua-santa-ana-1-y-san-miguel-en-marcha\/"},"author":{"name":"alcalde","@id":"https:\/\/www.caudete.org\/ayuntamiento\/#\/schema\/person\/cc646da9133078ee4d8dd47457947253"},"headline":"Los Pozos de Agua &#8220;Santa Ana 1&#8221; y &#8220;San Miguel&#8221; en marcha","datePublished":"2023-07-09T22:24:45+00:00","mainEntityOfPage":{"@id":"https:\/\/www.caudete.org\/ayuntamiento\/los-pozos-de-agua-santa-ana-1-y-san-miguel-en-marcha\/"},"wordCount":485,"image":{"@id":"https:\/\/www.caudete.org\/ayuntamiento\/los-pozos-de-agua-santa-ana-1-y-san-miguel-en-marcha\/#primaryimage"},"thumbnailUrl":"https:\/\/www.caudete.org\/ayuntamiento\/wp-content\/uploads\/2023\/07\/pozo-agua-caudete-digital.jpg","articleSection":["Ciclo Integral del Agua"],"inLanguage":"es"},{"@type":"WebPage","@id":"https:\/\/www.caudete.org\/ayuntamiento\/los-pozos-de-agua-santa-ana-1-y-san-miguel-en-marcha\/","url":"https:\/\/www.caudete.org\/ayuntamiento\/los-pozos-de-agua-santa-ana-1-y-san-miguel-en-marcha\/","name":"Los Pozos de Agua \"Santa Ana 1\" y \"San Miguel\" en marcha - MI Ayuntamiento de Caudete","isPartOf":{"@id":"https:\/\/www.caudete.org\/ayuntamiento\/#website"},"primaryImageOfPage":{"@id":"https:\/\/www.caudete.org\/ayuntamiento\/los-pozos-de-agua-santa-ana-1-y-san-miguel-en-marcha\/#primaryimage"},"image":{"@id":"https:\/\/www.caudete.org\/ayuntamiento\/los-pozos-de-agua-santa-ana-1-y-san-miguel-en-marcha\/#primaryimage"},"thumbnailUrl":"https:\/\/www.caudete.org\/ayuntamiento\/wp-content\/uploads\/2023\/07\/pozo-agua-caudete-digital.jpg","datePublished":"2023-07-09T22:24:45+00:00","author":{"@id":"https:\/\/www.caudete.org\/ayuntamiento\/#\/schema\/person\/cc646da9133078ee4d8dd47457947253"},"description":"P\u00e1gina Oficial del Ayuntamiento de Caudete (Albacete)","breadcrumb":{"@id":"https:\/\/www.caudete.org\/ayuntamiento\/los-pozos-de-agua-santa-ana-1-y-san-miguel-en-marcha\/#breadcrumb"},"inLanguage":"es","potentialAction":[{"@type":"ReadAction","target":["https:\/\/www.caudete.org\/ayuntamiento\/los-pozos-de-agua-santa-ana-1-y-san-miguel-en-marcha\/"]}]},{"@type":"ImageObject","inLanguage":"es","@id":"https:\/\/www.caudete.org\/ayuntamiento\/los-pozos-de-agua-santa-ana-1-y-san-miguel-en-marcha\/#primaryimage","url":"https:\/\/www.caudete.org\/ayuntamiento\/wp-content\/uploads\/2023\/07\/pozo-agua-caudete-digital.jpg","contentUrl":"https:\/\/www.caudete.org\/ayuntamiento\/wp-content\/uploads\/2023\/07\/pozo-agua-caudete-digital.jpg","width":1024,"height":559},{"@type":"BreadcrumbList","@id":"https:\/\/www.caudete.org\/ayuntamiento\/los-pozos-de-agua-santa-ana-1-y-san-miguel-en-marcha\/#breadcrumb","itemListElement":[{"@type":"ListItem","position":1,"name":"Inicio","item":"https:\/\/www.caudete.org\/ayuntamiento\/"},{"@type":"ListItem","position":2,"name":"Los Pozos de Agua &#8220;Santa Ana 1&#8221; y &#8220;San Miguel&#8221; en marcha"}]},{"@type":"WebSite","@id":"https:\/\/www.caudete.org\/ayuntamiento\/#website","url":"https:\/\/www.caudete.org\/ayuntamiento\/","name":"MI Ayuntamiento de Caudete","description":"P\u00e1gina Oficial del MI Ayuntamiento de Caudete","potentialAction":[{"@type":"SearchAction","target":{"@type":"EntryPoint","urlTemplate":"https:\/\/www.caudete.org\/ayuntamiento\/?s={search_term_string}"},"query-input":{"@type":"PropertyValueSpecification","valueRequired":true,"valueName":"search_term_string"}}],"inLanguage":"es"},{"@type":"Person","@id":"https:\/\/www.caudete.org\/ayuntamiento\/#\/schema\/person\/cc646da9133078ee4d8dd47457947253","name":"alcalde","image":{"@type":"ImageObject","inLanguage":"es","@id":"https:\/\/secure.gravatar.com\/avatar\/84a817ba065b29ff08d666b215a215f5c79186a645ccb25b14a663d48a130f77?s=96&d=mm&r=g","url":"https:\/\/secure.gravatar.com\/avatar\/84a817ba065b29ff08d666b215a215f5c79186a645ccb25b14a663d48a130f77?s=96&d=mm&r=g","contentUrl":"https:\/\/secure.gravatar.com\/avatar\/84a817ba065b29ff08d666b215a215f5c79186a645ccb25b14a663d48a130f77?s=96&d=mm&r=g","caption":"alcalde"},"url":"https:\/\/www.caudete.org\/ayuntamiento\/author\/alcalde\/"}]}},"_links":{"self":[{"href":"https:\/\/www.caudete.org\/ayuntamiento\/wp-json\/wp\/v2\/posts\/22796","targetHints":{"allow":["GET"]}}],"collection":[{"href":"https:\/\/www.caudete.org\/ayuntamiento\/wp-json\/wp\/v2\/posts"}],"about":[{"href":"https:\/\/www.caudete.org\/ayuntamiento\/wp-json\/wp\/v2\/types\/post"}],"author":[{"embeddable":true,"href":"https:\/\/www.caudete.org\/ayuntamiento\/wp-json\/wp\/v2\/users\/3"}],"replies":[{"embeddable":true,"href":"https:\/\/www.caudete.org\/ayuntamiento\/wp-json\/wp\/v2\/comments?post=22796"}],"version-history":[{"count":1,"href":"https:\/\/www.caudete.org\/ayuntamiento\/wp-json\/wp\/v2\/posts\/22796\/revisions"}],"predecessor-version":[{"id":22798,"href":"https:\/\/www.caudete.org\/ayuntamiento\/wp-json\/wp\/v2\/posts\/22796\/revisions\/22798"}],"wp:featuredmedia":[{"embeddable":true,"href":"https:\/\/www.caudete.org\/ayuntamiento\/wp-json\/wp\/v2\/media\/22797"}],"wp:attachment":[{"href":"https:\/\/www.caudete.org\/ayuntamiento\/wp-json\/wp\/v2\/media?parent=22796"}],"wp:term":[{"taxonomy":"category","embeddable":true,"href":"https:\/\/www.caudete.org\/ayuntamiento\/wp-json\/wp\/v2\/categories?post=22796"},{"taxonomy":"post_tag","embeddable":true,"href":"https:\/\/www.caudete.org\/ayuntamiento\/wp-json\/wp\/v2\/tags?post=22796"}],"curies":[{"name":"wp","href":"https:\/\/api.w.org\/{rel}","templated":true}]}}