{"id":22869,"date":"2023-07-11T09:02:36","date_gmt":"2023-07-11T07:02:36","guid":{"rendered":"https:\/\/www.caudete.org\/ayuntamiento\/?p=22869"},"modified":"2023-07-11T01:19:11","modified_gmt":"2023-07-10T23:19:11","slug":"22869-2","status":"publish","type":"post","link":"https:\/\/www.caudete.org\/ayuntamiento\/22869-2\/","title":{"rendered":"La Concejal\u00eda de Patrimonio propone al IEA el &#8220;Estudio Arqueol\u00f3gico del poblamiento rural de la Vega de Bogarra&#8221;"},"content":{"rendered":"<p style=\"text-align: justify;\">El Concejal de Patrimonio Hist\u00f3rico, Diego Cuenca Olivares, ha informado que en la \u00faltima Junta de Gobierno Local se dio el visto bueno a la solicitud de subvenci\u00f3n al Instituto de Estudios Albacentenses dentro de la convocatoria de Proyectos de Investigaci\u00f3n sobre el Patrimonio Arqueol\u00f3gico Local, para la actuaci\u00f3n de <em><strong>&#8220;Estudio Arqueol\u00f3gico del poblamiento rural de la Vega de Bogarra&#8221;<\/strong><\/em>. Alegaba que tras la actuaci\u00f3n sobre los restos de la Torre, entre el Consistorio y el propio Institutito provincial, la oportunidad estaba ahora en darle continuidad a este espacio y prestarle la atenci\u00f3n debida.<\/p>\n<p style=\"text-align: justify;\"><span id=\"page3R_mcid9\" class=\"markedContent\"><span dir=\"ltr\" role=\"presentation\">La m\u00e1s que conocida Torre de <\/span><span dir=\"ltr\" role=\"presentation\">Bogarra <\/span><span dir=\"ltr\" role=\"presentation\">presenta gran <\/span><span dir=\"ltr\" role=\"presentation\">inter\u00e9s no solo por la presencia de la propia torre, sino tambi\u00e9n por la presencia de una <\/span><span dir=\"ltr\" role=\"presentation\">serie de evidencias materiales que apuntan hacia la existencia de una alquer\u00eda, una <\/span><span dir=\"ltr\" role=\"presentation\">necr\u00f3polis e incluso una cerca defensiva, que, en conjunto, materializan un yacimiento <\/span><span dir=\"ltr\" role=\"presentation\">de aproximadamente 3000 m\u00b2 restringidos entre los dos caminos que separan la acequia <\/span><span dir=\"ltr\" role=\"presentation\">y el balsazo de Bogarra.\u00a0<\/span><\/span><\/p>\n<p style=\"text-align: justify;\">A 600 metros de distancia, <span id=\"page3R_mcid10\" class=\"markedContent\"><span dir=\"ltr\" role=\"presentation\">debemos situar el yacimiento ib\u00e9rico <\/span><span dir=\"ltr\" role=\"presentation\">de Bogarra caracterizado por una abundante presencia de materiales cer\u00e1micos de <\/span><span dir=\"ltr\" role=\"presentation\">diversas producciones y tipolog\u00edas, que dibujan un repertorio propio del ib\u00e9rico pleno y <\/span><span dir=\"ltr\" role=\"presentation\">m\u00e1s concretamente del siglo IV. Las investigaciones desarrolladas hasta la fecha tienden <\/span><span dir=\"ltr\" role=\"presentation\">a caracterizarlo como un h\u00e1bitat de car\u00e1cter agr\u00edcola en el llano con una extensi\u00f3n <\/span><span dir=\"ltr\" role=\"presentation\">aproximada de 0.3 Ha<\/span><\/span><\/p>\n<p style=\"text-align: justify;\">Partiendo de ambos hitos principales, el estudio trata de aglutinar a ambas zonas mediante un trabajo de prospecci\u00f3n <span id=\"page5R_mcid4\" class=\"markedContent\"><span dir=\"ltr\" role=\"presentation\">arqueol\u00f3gica <\/span><span dir=\"ltr\" role=\"presentation\">correctamente<\/span> <span dir=\"ltr\" role=\"presentation\">estructurada,<\/span> <span dir=\"ltr\" role=\"presentation\">que<\/span> <span dir=\"ltr\" role=\"presentation\">permita<\/span> <span dir=\"ltr\" role=\"presentation\">incrementar<\/span> <span dir=\"ltr\" role=\"presentation\">el<\/span> <span dir=\"ltr\" role=\"presentation\">conocimiento<\/span> <span dir=\"ltr\" role=\"presentation\">hist\u00f3rico-<\/span><span dir=\"ltr\" role=\"presentation\">arqueol\u00f3gico de un paisaje cultural de vocaci\u00f3n agr\u00edcola como es la vega de Bogarra.<\/span><\/span><\/p>\n<p style=\"text-align: justify;\"><span id=\"page5R_mcid2\" class=\"markedContent\"><span dir=\"ltr\" role=\"presentation\">Con ello se busca <\/span><span dir=\"ltr\" role=\"presentation\">obtener una representaci\u00f3n espacial precisa de los distintos conjuntos materiales, que <\/span><span dir=\"ltr\" role=\"presentation\">nos<\/span> <span dir=\"ltr\" role=\"presentation\">permita<\/span> <span dir=\"ltr\" role=\"presentation\">extraer<\/span> <span dir=\"ltr\" role=\"presentation\">una<\/span> <span dir=\"ltr\" role=\"presentation\">lectura<\/span> <span dir=\"ltr\" role=\"presentation\">microespacial<\/span> <span dir=\"ltr\" role=\"presentation\">de<\/span> <span dir=\"ltr\" role=\"presentation\">las<\/span> <span dir=\"ltr\" role=\"presentation\">distintas<\/span> <span dir=\"ltr\" role=\"presentation\">zonas<\/span> <span dir=\"ltr\" role=\"presentation\">en<\/span> <span dir=\"ltr\" role=\"presentation\">las<\/span> <span dir=\"ltr\" role=\"presentation\">que <\/span><span dir=\"ltr\" role=\"presentation\">identifiquemos una mayor representatividad cuantitativa de materiales arqueol\u00f3gicos a <\/span><span dir=\"ltr\" role=\"presentation\">trav\u00e9s de la confecci\u00f3n de mapas de densidades de materiales cer\u00e1micos.<\/span><\/span><\/p>\n<p style=\"text-align: justify;\"><span id=\"page5R_mcid3\" class=\"markedContent\"><span dir=\"ltr\" role=\"presentation\">Por<\/span> <span dir=\"ltr\" role=\"presentation\">otro<\/span> <span dir=\"ltr\" role=\"presentation\">lado,<\/span> <span dir=\"ltr\" role=\"presentation\">el<\/span> <span dir=\"ltr\" role=\"presentation\">reconocimiento<\/span> <span dir=\"ltr\" role=\"presentation\">de<\/span> <span dir=\"ltr\" role=\"presentation\">las<\/span> <span dir=\"ltr\" role=\"presentation\">distintas<\/span> <span dir=\"ltr\" role=\"presentation\">producciones,<\/span> <span dir=\"ltr\" role=\"presentation\">tipos<\/span> <span dir=\"ltr\" role=\"presentation\">y <\/span><span dir=\"ltr\" role=\"presentation\">decoraciones que componen estos conjuntos materiales, contrastado con los repertorios <\/span><span dir=\"ltr\" role=\"presentation\">conocidos<\/span> <span dir=\"ltr\" role=\"presentation\">hasta<\/span> <span dir=\"ltr\" role=\"presentation\">la<\/span> <span dir=\"ltr\" role=\"presentation\">fecha<\/span> <span dir=\"ltr\" role=\"presentation\">en<\/span> <span dir=\"ltr\" role=\"presentation\">los<\/span> <span dir=\"ltr\" role=\"presentation\">numerosos<\/span> <span dir=\"ltr\" role=\"presentation\">contextos<\/span> <span dir=\"ltr\" role=\"presentation\">documentados<\/span> <span dir=\"ltr\" role=\"presentation\">en<\/span> <span dir=\"ltr\" role=\"presentation\">zonas <\/span><span dir=\"ltr\" role=\"presentation\">geogr\u00e1ficas cercanas, puede suponer un aporte de gran inter\u00e9s de cara a obtener una <\/span><span dir=\"ltr\" role=\"presentation\">mayor precisi\u00f3n sobre las cronolog\u00edas relativas a los episodios de ocupaci\u00f3n de cada <\/span><span dir=\"ltr\" role=\"presentation\">periodo hist\u00f3rico.<\/span><\/span><\/p>\n<p style=\"text-align: justify;\">Los trabajos se prev\u00e9n puedan ser desarrollados en 35 jornadas con 4 Arque\u00f3logos y estudiantes de Arqueolog\u00eda, contando para ello con un presupuesto de 7.055\u20ac (IVA incluido), donde el IEA podr\u00e1 aportar hasta el 80% de la actuaci\u00f3n como m\u00e1ximo.<\/p>\n<p><a href=\"https:\/\/www.caudete.org\/ayuntamiento\/wp-content\/uploads\/2023\/07\/BOGARRA.png\" rel='prettyPhoto'><img fetchpriority=\"high\" decoding=\"async\" class=\"wp-image-22870 size-full aligncenter\" src=\"https:\/\/www.caudete.org\/ayuntamiento\/wp-content\/uploads\/2023\/07\/BOGARRA.png\" alt=\"\" width=\"831\" height=\"480\" srcset=\"https:\/\/www.caudete.org\/ayuntamiento\/wp-content\/uploads\/2023\/07\/BOGARRA.png 831w, https:\/\/www.caudete.org\/ayuntamiento\/wp-content\/uploads\/2023\/07\/BOGARRA-300x173.png 300w, https:\/\/www.caudete.org\/ayuntamiento\/wp-content\/uploads\/2023\/07\/BOGARRA-768x444.png 768w\" sizes=\"(max-width: 831px) 100vw, 831px\" \/><\/a><\/p>\n","protected":false},"excerpt":{"rendered":"<p>El Concejal de Patrimonio Hist\u00f3rico, Diego Cuenca Olivares, ha informado que en la \u00faltima Junta de Gobierno Local se dio el visto bueno a la solicitud de subvenci\u00f3n al Instituto de Estudios Albacentenses dentro de la convocatoria de Proyectos de Investigaci\u00f3n sobre el Patrimonio Arqueol\u00f3gico Local, para la actuaci\u00f3n de &#8220;Estudio Arqueol\u00f3gico del poblamiento rural &hellip;<\/p>\n","protected":false},"author":3,"featured_media":22870,"comment_status":"closed","ping_status":"open","sticky":false,"template":"","format":"standard","meta":{"ngg_post_thumbnail":0,"footnotes":""},"categories":[45],"tags":[],"class_list":["post-22869","post","type-post","status-publish","format-standard","has-post-thumbnail","hentry","category-patrimonio"],"yoast_head":"<!-- This site is optimized with the Yoast SEO plugin v27.5 - https:\/\/yoast.com\/product\/yoast-seo-wordpress\/ -->\n<title>La Concejal\u00eda de Patrimonio propone al IEA el &quot;Estudio Arqueol\u00f3gico del poblamiento rural de la Vega de Bogarra&quot; - MI Ayuntamiento de Caudete<\/title>\n<meta name=\"description\" content=\"P\u00e1gina Oficial del Ayuntamiento de Caudete (Albacete)\" \/>\n<meta name=\"robots\" content=\"index, follow, max-snippet:-1, max-image-preview:large, max-video-preview:-1\" \/>\n<link rel=\"canonical\" href=\"https:\/\/www.caudete.org\/ayuntamiento\/22869-2\/\" \/>\n<meta property=\"og:locale\" content=\"es_ES\" \/>\n<meta property=\"og:type\" content=\"article\" \/>\n<meta property=\"og:title\" content=\"La Concejal\u00eda de Patrimonio propone al IEA el &quot;Estudio Arqueol\u00f3gico del poblamiento rural de la Vega de Bogarra&quot; - MI Ayuntamiento de Caudete\" \/>\n<meta property=\"og:description\" content=\"P\u00e1gina Oficial del Ayuntamiento de Caudete (Albacete)\" \/>\n<meta property=\"og:url\" content=\"https:\/\/www.caudete.org\/ayuntamiento\/22869-2\/\" \/>\n<meta property=\"og:site_name\" content=\"MI Ayuntamiento de Caudete\" \/>\n<meta property=\"article:publisher\" content=\"https:\/\/www.facebook.com\/ayuntamientocaudete\/\" \/>\n<meta property=\"article:published_time\" content=\"2023-07-11T07:02:36+00:00\" \/>\n<meta property=\"og:image\" content=\"https:\/\/www.caudete.org\/ayuntamiento\/wp-content\/uploads\/2023\/07\/BOGARRA.png\" \/>\n\t<meta property=\"og:image:width\" content=\"831\" \/>\n\t<meta property=\"og:image:height\" content=\"480\" \/>\n\t<meta property=\"og:image:type\" content=\"image\/png\" \/>\n<meta name=\"author\" content=\"alcalde\" \/>\n<meta name=\"twitter:card\" content=\"summary_large_image\" \/>\n<meta name=\"twitter:label1\" content=\"Escrito por\" \/>\n\t<meta name=\"twitter:data1\" content=\"alcalde\" \/>\n\t<meta name=\"twitter:label2\" content=\"Tiempo de lectura\" \/>\n\t<meta name=\"twitter:data2\" content=\"3 minutos\" \/>\n<script type=\"application\/ld+json\" class=\"yoast-schema-graph\">{\"@context\":\"https:\\\/\\\/schema.org\",\"@graph\":[{\"@type\":\"Article\",\"@id\":\"https:\\\/\\\/www.caudete.org\\\/ayuntamiento\\\/22869-2\\\/#article\",\"isPartOf\":{\"@id\":\"https:\\\/\\\/www.caudete.org\\\/ayuntamiento\\\/22869-2\\\/\"},\"author\":{\"name\":\"alcalde\",\"@id\":\"https:\\\/\\\/www.caudete.org\\\/ayuntamiento\\\/#\\\/schema\\\/person\\\/cc646da9133078ee4d8dd47457947253\"},\"headline\":\"La Concejal\u00eda de Patrimonio propone al IEA el &#8220;Estudio Arqueol\u00f3gico del poblamiento rural de la Vega de Bogarra&#8221;\",\"datePublished\":\"2023-07-11T07:02:36+00:00\",\"mainEntityOfPage\":{\"@id\":\"https:\\\/\\\/www.caudete.org\\\/ayuntamiento\\\/22869-2\\\/\"},\"wordCount\":474,\"image\":{\"@id\":\"https:\\\/\\\/www.caudete.org\\\/ayuntamiento\\\/22869-2\\\/#primaryimage\"},\"thumbnailUrl\":\"https:\\\/\\\/www.caudete.org\\\/ayuntamiento\\\/wp-content\\\/uploads\\\/2023\\\/07\\\/BOGARRA.png\",\"articleSection\":[\"Patrimonio\"],\"inLanguage\":\"es\"},{\"@type\":\"WebPage\",\"@id\":\"https:\\\/\\\/www.caudete.org\\\/ayuntamiento\\\/22869-2\\\/\",\"url\":\"https:\\\/\\\/www.caudete.org\\\/ayuntamiento\\\/22869-2\\\/\",\"name\":\"La Concejal\u00eda de Patrimonio propone al IEA el \\\"Estudio Arqueol\u00f3gico del poblamiento rural de la Vega de Bogarra\\\" - MI Ayuntamiento de Caudete\",\"isPartOf\":{\"@id\":\"https:\\\/\\\/www.caudete.org\\\/ayuntamiento\\\/#website\"},\"primaryImageOfPage\":{\"@id\":\"https:\\\/\\\/www.caudete.org\\\/ayuntamiento\\\/22869-2\\\/#primaryimage\"},\"image\":{\"@id\":\"https:\\\/\\\/www.caudete.org\\\/ayuntamiento\\\/22869-2\\\/#primaryimage\"},\"thumbnailUrl\":\"https:\\\/\\\/www.caudete.org\\\/ayuntamiento\\\/wp-content\\\/uploads\\\/2023\\\/07\\\/BOGARRA.png\",\"datePublished\":\"2023-07-11T07:02:36+00:00\",\"author\":{\"@id\":\"https:\\\/\\\/www.caudete.org\\\/ayuntamiento\\\/#\\\/schema\\\/person\\\/cc646da9133078ee4d8dd47457947253\"},\"description\":\"P\u00e1gina Oficial del Ayuntamiento de Caudete (Albacete)\",\"breadcrumb\":{\"@id\":\"https:\\\/\\\/www.caudete.org\\\/ayuntamiento\\\/22869-2\\\/#breadcrumb\"},\"inLanguage\":\"es\",\"potentialAction\":[{\"@type\":\"ReadAction\",\"target\":[\"https:\\\/\\\/www.caudete.org\\\/ayuntamiento\\\/22869-2\\\/\"]}]},{\"@type\":\"ImageObject\",\"inLanguage\":\"es\",\"@id\":\"https:\\\/\\\/www.caudete.org\\\/ayuntamiento\\\/22869-2\\\/#primaryimage\",\"url\":\"https:\\\/\\\/www.caudete.org\\\/ayuntamiento\\\/wp-content\\\/uploads\\\/2023\\\/07\\\/BOGARRA.png\",\"contentUrl\":\"https:\\\/\\\/www.caudete.org\\\/ayuntamiento\\\/wp-content\\\/uploads\\\/2023\\\/07\\\/BOGARRA.png\",\"width\":831,\"height\":480},{\"@type\":\"BreadcrumbList\",\"@id\":\"https:\\\/\\\/www.caudete.org\\\/ayuntamiento\\\/22869-2\\\/#breadcrumb\",\"itemListElement\":[{\"@type\":\"ListItem\",\"position\":1,\"name\":\"Inicio\",\"item\":\"https:\\\/\\\/www.caudete.org\\\/ayuntamiento\\\/\"},{\"@type\":\"ListItem\",\"position\":2,\"name\":\"La Concejal\u00eda de Patrimonio propone al IEA el &#8220;Estudio Arqueol\u00f3gico del poblamiento rural de la Vega de Bogarra&#8221;\"}]},{\"@type\":\"WebSite\",\"@id\":\"https:\\\/\\\/www.caudete.org\\\/ayuntamiento\\\/#website\",\"url\":\"https:\\\/\\\/www.caudete.org\\\/ayuntamiento\\\/\",\"name\":\"MI Ayuntamiento de Caudete\",\"description\":\"P\u00e1gina Oficial del MI Ayuntamiento de Caudete\",\"potentialAction\":[{\"@type\":\"SearchAction\",\"target\":{\"@type\":\"EntryPoint\",\"urlTemplate\":\"https:\\\/\\\/www.caudete.org\\\/ayuntamiento\\\/?s={search_term_string}\"},\"query-input\":{\"@type\":\"PropertyValueSpecification\",\"valueRequired\":true,\"valueName\":\"search_term_string\"}}],\"inLanguage\":\"es\"},{\"@type\":\"Person\",\"@id\":\"https:\\\/\\\/www.caudete.org\\\/ayuntamiento\\\/#\\\/schema\\\/person\\\/cc646da9133078ee4d8dd47457947253\",\"name\":\"alcalde\",\"image\":{\"@type\":\"ImageObject\",\"inLanguage\":\"es\",\"@id\":\"https:\\\/\\\/secure.gravatar.com\\\/avatar\\\/84a817ba065b29ff08d666b215a215f5c79186a645ccb25b14a663d48a130f77?s=96&d=mm&r=g\",\"url\":\"https:\\\/\\\/secure.gravatar.com\\\/avatar\\\/84a817ba065b29ff08d666b215a215f5c79186a645ccb25b14a663d48a130f77?s=96&d=mm&r=g\",\"contentUrl\":\"https:\\\/\\\/secure.gravatar.com\\\/avatar\\\/84a817ba065b29ff08d666b215a215f5c79186a645ccb25b14a663d48a130f77?s=96&d=mm&r=g\",\"caption\":\"alcalde\"},\"url\":\"https:\\\/\\\/www.caudete.org\\\/ayuntamiento\\\/author\\\/alcalde\\\/\"}]}<\/script>\n<!-- \/ Yoast SEO plugin. -->","yoast_head_json":{"title":"La Concejal\u00eda de Patrimonio propone al IEA el \"Estudio Arqueol\u00f3gico del poblamiento rural de la Vega de Bogarra\" - MI Ayuntamiento de Caudete","description":"P\u00e1gina Oficial del Ayuntamiento de Caudete (Albacete)","robots":{"index":"index","follow":"follow","max-snippet":"max-snippet:-1","max-image-preview":"max-image-preview:large","max-video-preview":"max-video-preview:-1"},"canonical":"https:\/\/www.caudete.org\/ayuntamiento\/22869-2\/","og_locale":"es_ES","og_type":"article","og_title":"La Concejal\u00eda de Patrimonio propone al IEA el \"Estudio Arqueol\u00f3gico del poblamiento rural de la Vega de Bogarra\" - MI Ayuntamiento de Caudete","og_description":"P\u00e1gina Oficial del Ayuntamiento de Caudete (Albacete)","og_url":"https:\/\/www.caudete.org\/ayuntamiento\/22869-2\/","og_site_name":"MI Ayuntamiento de Caudete","article_publisher":"https:\/\/www.facebook.com\/ayuntamientocaudete\/","article_published_time":"2023-07-11T07:02:36+00:00","og_image":[{"width":831,"height":480,"url":"https:\/\/www.caudete.org\/ayuntamiento\/wp-content\/uploads\/2023\/07\/BOGARRA.png","type":"image\/png"}],"author":"alcalde","twitter_card":"summary_large_image","twitter_misc":{"Escrito por":"alcalde","Tiempo de lectura":"3 minutos"},"schema":{"@context":"https:\/\/schema.org","@graph":[{"@type":"Article","@id":"https:\/\/www.caudete.org\/ayuntamiento\/22869-2\/#article","isPartOf":{"@id":"https:\/\/www.caudete.org\/ayuntamiento\/22869-2\/"},"author":{"name":"alcalde","@id":"https:\/\/www.caudete.org\/ayuntamiento\/#\/schema\/person\/cc646da9133078ee4d8dd47457947253"},"headline":"La Concejal\u00eda de Patrimonio propone al IEA el &#8220;Estudio Arqueol\u00f3gico del poblamiento rural de la Vega de Bogarra&#8221;","datePublished":"2023-07-11T07:02:36+00:00","mainEntityOfPage":{"@id":"https:\/\/www.caudete.org\/ayuntamiento\/22869-2\/"},"wordCount":474,"image":{"@id":"https:\/\/www.caudete.org\/ayuntamiento\/22869-2\/#primaryimage"},"thumbnailUrl":"https:\/\/www.caudete.org\/ayuntamiento\/wp-content\/uploads\/2023\/07\/BOGARRA.png","articleSection":["Patrimonio"],"inLanguage":"es"},{"@type":"WebPage","@id":"https:\/\/www.caudete.org\/ayuntamiento\/22869-2\/","url":"https:\/\/www.caudete.org\/ayuntamiento\/22869-2\/","name":"La Concejal\u00eda de Patrimonio propone al IEA el \"Estudio Arqueol\u00f3gico del poblamiento rural de la Vega de Bogarra\" - MI Ayuntamiento de Caudete","isPartOf":{"@id":"https:\/\/www.caudete.org\/ayuntamiento\/#website"},"primaryImageOfPage":{"@id":"https:\/\/www.caudete.org\/ayuntamiento\/22869-2\/#primaryimage"},"image":{"@id":"https:\/\/www.caudete.org\/ayuntamiento\/22869-2\/#primaryimage"},"thumbnailUrl":"https:\/\/www.caudete.org\/ayuntamiento\/wp-content\/uploads\/2023\/07\/BOGARRA.png","datePublished":"2023-07-11T07:02:36+00:00","author":{"@id":"https:\/\/www.caudete.org\/ayuntamiento\/#\/schema\/person\/cc646da9133078ee4d8dd47457947253"},"description":"P\u00e1gina Oficial del Ayuntamiento de Caudete (Albacete)","breadcrumb":{"@id":"https:\/\/www.caudete.org\/ayuntamiento\/22869-2\/#breadcrumb"},"inLanguage":"es","potentialAction":[{"@type":"ReadAction","target":["https:\/\/www.caudete.org\/ayuntamiento\/22869-2\/"]}]},{"@type":"ImageObject","inLanguage":"es","@id":"https:\/\/www.caudete.org\/ayuntamiento\/22869-2\/#primaryimage","url":"https:\/\/www.caudete.org\/ayuntamiento\/wp-content\/uploads\/2023\/07\/BOGARRA.png","contentUrl":"https:\/\/www.caudete.org\/ayuntamiento\/wp-content\/uploads\/2023\/07\/BOGARRA.png","width":831,"height":480},{"@type":"BreadcrumbList","@id":"https:\/\/www.caudete.org\/ayuntamiento\/22869-2\/#breadcrumb","itemListElement":[{"@type":"ListItem","position":1,"name":"Inicio","item":"https:\/\/www.caudete.org\/ayuntamiento\/"},{"@type":"ListItem","position":2,"name":"La Concejal\u00eda de Patrimonio propone al IEA el &#8220;Estudio Arqueol\u00f3gico del poblamiento rural de la Vega de Bogarra&#8221;"}]},{"@type":"WebSite","@id":"https:\/\/www.caudete.org\/ayuntamiento\/#website","url":"https:\/\/www.caudete.org\/ayuntamiento\/","name":"MI Ayuntamiento de Caudete","description":"P\u00e1gina Oficial del MI Ayuntamiento de Caudete","potentialAction":[{"@type":"SearchAction","target":{"@type":"EntryPoint","urlTemplate":"https:\/\/www.caudete.org\/ayuntamiento\/?s={search_term_string}"},"query-input":{"@type":"PropertyValueSpecification","valueRequired":true,"valueName":"search_term_string"}}],"inLanguage":"es"},{"@type":"Person","@id":"https:\/\/www.caudete.org\/ayuntamiento\/#\/schema\/person\/cc646da9133078ee4d8dd47457947253","name":"alcalde","image":{"@type":"ImageObject","inLanguage":"es","@id":"https:\/\/secure.gravatar.com\/avatar\/84a817ba065b29ff08d666b215a215f5c79186a645ccb25b14a663d48a130f77?s=96&d=mm&r=g","url":"https:\/\/secure.gravatar.com\/avatar\/84a817ba065b29ff08d666b215a215f5c79186a645ccb25b14a663d48a130f77?s=96&d=mm&r=g","contentUrl":"https:\/\/secure.gravatar.com\/avatar\/84a817ba065b29ff08d666b215a215f5c79186a645ccb25b14a663d48a130f77?s=96&d=mm&r=g","caption":"alcalde"},"url":"https:\/\/www.caudete.org\/ayuntamiento\/author\/alcalde\/"}]}},"_links":{"self":[{"href":"https:\/\/www.caudete.org\/ayuntamiento\/wp-json\/wp\/v2\/posts\/22869","targetHints":{"allow":["GET"]}}],"collection":[{"href":"https:\/\/www.caudete.org\/ayuntamiento\/wp-json\/wp\/v2\/posts"}],"about":[{"href":"https:\/\/www.caudete.org\/ayuntamiento\/wp-json\/wp\/v2\/types\/post"}],"author":[{"embeddable":true,"href":"https:\/\/www.caudete.org\/ayuntamiento\/wp-json\/wp\/v2\/users\/3"}],"replies":[{"embeddable":true,"href":"https:\/\/www.caudete.org\/ayuntamiento\/wp-json\/wp\/v2\/comments?post=22869"}],"version-history":[{"count":2,"href":"https:\/\/www.caudete.org\/ayuntamiento\/wp-json\/wp\/v2\/posts\/22869\/revisions"}],"predecessor-version":[{"id":22872,"href":"https:\/\/www.caudete.org\/ayuntamiento\/wp-json\/wp\/v2\/posts\/22869\/revisions\/22872"}],"wp:featuredmedia":[{"embeddable":true,"href":"https:\/\/www.caudete.org\/ayuntamiento\/wp-json\/wp\/v2\/media\/22870"}],"wp:attachment":[{"href":"https:\/\/www.caudete.org\/ayuntamiento\/wp-json\/wp\/v2\/media?parent=22869"}],"wp:term":[{"taxonomy":"category","embeddable":true,"href":"https:\/\/www.caudete.org\/ayuntamiento\/wp-json\/wp\/v2\/categories?post=22869"},{"taxonomy":"post_tag","embeddable":true,"href":"https:\/\/www.caudete.org\/ayuntamiento\/wp-json\/wp\/v2\/tags?post=22869"}],"curies":[{"name":"wp","href":"https:\/\/api.w.org\/{rel}","templated":true}]}}