{"id":22919,"date":"2023-07-14T20:54:16","date_gmt":"2023-07-14T18:54:16","guid":{"rendered":"https:\/\/www.caudete.org\/ayuntamiento\/?p=22919"},"modified":"2023-07-14T20:54:16","modified_gmt":"2023-07-14T18:54:16","slug":"las-obras-de-reurbanizacion-en-c-mayor-avanzan-a-buen-ritmo","status":"publish","type":"post","link":"https:\/\/www.caudete.org\/ayuntamiento\/las-obras-de-reurbanizacion-en-c-mayor-avanzan-a-buen-ritmo\/","title":{"rendered":"Las obras de reurbanizaci\u00f3n en C\/Mayor avanzan a buen ritmo"},"content":{"rendered":"<p><a href=\"https:\/\/www.caudete.org\/ayuntamiento\/wp-content\/uploads\/2023\/07\/WhatsApp-Image-2023-07-14-at-20.04.32-4.jpeg\" rel='prettyPhoto'><img fetchpriority=\"high\" decoding=\"async\" class=\"alignnone wp-image-22915 size-full\" src=\"https:\/\/www.caudete.org\/ayuntamiento\/wp-content\/uploads\/2023\/07\/WhatsApp-Image-2023-07-14-at-20.04.32-4.jpeg\" alt=\"\" width=\"1599\" height=\"1200\" srcset=\"https:\/\/www.caudete.org\/ayuntamiento\/wp-content\/uploads\/2023\/07\/WhatsApp-Image-2023-07-14-at-20.04.32-4.jpeg 1599w, https:\/\/www.caudete.org\/ayuntamiento\/wp-content\/uploads\/2023\/07\/WhatsApp-Image-2023-07-14-at-20.04.32-4-300x225.jpeg 300w, https:\/\/www.caudete.org\/ayuntamiento\/wp-content\/uploads\/2023\/07\/WhatsApp-Image-2023-07-14-at-20.04.32-4-1024x768.jpeg 1024w, https:\/\/www.caudete.org\/ayuntamiento\/wp-content\/uploads\/2023\/07\/WhatsApp-Image-2023-07-14-at-20.04.32-4-768x576.jpeg 768w, https:\/\/www.caudete.org\/ayuntamiento\/wp-content\/uploads\/2023\/07\/WhatsApp-Image-2023-07-14-at-20.04.32-4-1536x1153.jpeg 1536w\" sizes=\"(max-width: 1599px) 100vw, 1599px\" \/><\/a><\/p>\n<p style=\"text-align: justify;\">Esta ma\u00f1ana la empresa adjudicataria de las obras de reurbanizaci\u00f3n de las Calles Mayor, Abad\u00eda y Virgen de Gracia recib\u00edan, como a diario, la visita del Alcalde Mois\u00e9s L\u00f3pez y del Arquitecto Municipal, para comprobar el estado de ejecuci\u00f3n de las mismas.<\/p>\n<p style=\"text-align: justify;\">Esta semana ha sido importante, pues estaba programada la finalizacion del tramo afectado en la lonja, con el cambio de valvuler\u00eda de la Red de Agua, y la zona de pavimentaci\u00f3n pr\u00f3xima, todo ello, para a lo largo de la semana pr\u00f3xima poder abrir al tr\u00e1fico la Calle Mayor, Abad\u00eda y zona afectada de Plaza de la Iglesia y aleda\u00f1os.<\/p>\n<p style=\"text-align: justify;\">As\u00ed las cosas, la pr\u00f3xima semana se producir\u00e1 un reajuste del tr\u00e1fico para poder centrar las obras en el resto de tramo de Virgen de Gracia.<\/p>\n<p style=\"text-align: justify;\"><a href=\"https:\/\/www.caudete.org\/ayuntamiento\/wp-content\/uploads\/2023\/07\/WhatsApp-Image-2023-07-14-at-20.04.32-2.jpeg\" rel='prettyPhoto'><img decoding=\"async\" class=\"alignnone wp-image-22917 size-full\" src=\"https:\/\/www.caudete.org\/ayuntamiento\/wp-content\/uploads\/2023\/07\/WhatsApp-Image-2023-07-14-at-20.04.32-2.jpeg\" alt=\"\" width=\"1599\" height=\"1200\" srcset=\"https:\/\/www.caudete.org\/ayuntamiento\/wp-content\/uploads\/2023\/07\/WhatsApp-Image-2023-07-14-at-20.04.32-2.jpeg 1599w, https:\/\/www.caudete.org\/ayuntamiento\/wp-content\/uploads\/2023\/07\/WhatsApp-Image-2023-07-14-at-20.04.32-2-300x225.jpeg 300w, https:\/\/www.caudete.org\/ayuntamiento\/wp-content\/uploads\/2023\/07\/WhatsApp-Image-2023-07-14-at-20.04.32-2-1024x768.jpeg 1024w, https:\/\/www.caudete.org\/ayuntamiento\/wp-content\/uploads\/2023\/07\/WhatsApp-Image-2023-07-14-at-20.04.32-2-768x576.jpeg 768w, https:\/\/www.caudete.org\/ayuntamiento\/wp-content\/uploads\/2023\/07\/WhatsApp-Image-2023-07-14-at-20.04.32-2-1536x1153.jpeg 1536w\" sizes=\"(max-width: 1599px) 100vw, 1599px\" \/><\/a><a href=\"https:\/\/www.caudete.org\/ayuntamiento\/wp-content\/uploads\/2023\/07\/WhatsApp-Image-2023-07-14-at-20.04.32-1.jpeg\" rel='prettyPhoto'><img decoding=\"async\" class=\"alignnone wp-image-22918 size-full\" src=\"https:\/\/www.caudete.org\/ayuntamiento\/wp-content\/uploads\/2023\/07\/WhatsApp-Image-2023-07-14-at-20.04.32-1.jpeg\" alt=\"\" width=\"1599\" height=\"1200\" srcset=\"https:\/\/www.caudete.org\/ayuntamiento\/wp-content\/uploads\/2023\/07\/WhatsApp-Image-2023-07-14-at-20.04.32-1.jpeg 1599w, https:\/\/www.caudete.org\/ayuntamiento\/wp-content\/uploads\/2023\/07\/WhatsApp-Image-2023-07-14-at-20.04.32-1-300x225.jpeg 300w, https:\/\/www.caudete.org\/ayuntamiento\/wp-content\/uploads\/2023\/07\/WhatsApp-Image-2023-07-14-at-20.04.32-1-1024x768.jpeg 1024w, https:\/\/www.caudete.org\/ayuntamiento\/wp-content\/uploads\/2023\/07\/WhatsApp-Image-2023-07-14-at-20.04.32-1-768x576.jpeg 768w, https:\/\/www.caudete.org\/ayuntamiento\/wp-content\/uploads\/2023\/07\/WhatsApp-Image-2023-07-14-at-20.04.32-1-1536x1153.jpeg 1536w\" sizes=\"(max-width: 1599px) 100vw, 1599px\" \/><\/a><\/p>\n","protected":false},"excerpt":{"rendered":"<p>Esta ma\u00f1ana la empresa adjudicataria de las obras de reurbanizaci\u00f3n de las Calles Mayor, Abad\u00eda y Virgen de Gracia recib\u00edan, como a diario, la visita del Alcalde Mois\u00e9s L\u00f3pez y del Arquitecto Municipal, para comprobar el estado de ejecuci\u00f3n de las mismas. Esta semana ha sido importante, pues estaba programada la finalizacion del tramo afectado &hellip;<\/p>\n","protected":false},"author":3,"featured_media":22916,"comment_status":"closed","ping_status":"open","sticky":false,"template":"","format":"standard","meta":{"ngg_post_thumbnail":0,"footnotes":""},"categories":[92],"tags":[],"class_list":["post-22919","post","type-post","status-publish","format-standard","has-post-thumbnail","hentry","category-obras-y-urbanismo"],"yoast_head":"<!-- This site is optimized with the Yoast SEO plugin v27.5 - https:\/\/yoast.com\/product\/yoast-seo-wordpress\/ -->\n<title>Las obras de reurbanizaci\u00f3n en C\/Mayor avanzan a buen ritmo - MI Ayuntamiento de Caudete<\/title>\n<meta name=\"description\" content=\"P\u00e1gina Oficial del Ayuntamiento de Caudete (Albacete)\" \/>\n<meta name=\"robots\" content=\"index, follow, max-snippet:-1, max-image-preview:large, max-video-preview:-1\" \/>\n<link rel=\"canonical\" href=\"https:\/\/www.caudete.org\/ayuntamiento\/las-obras-de-reurbanizacion-en-c-mayor-avanzan-a-buen-ritmo\/\" \/>\n<meta property=\"og:locale\" content=\"es_ES\" \/>\n<meta property=\"og:type\" content=\"article\" \/>\n<meta property=\"og:title\" content=\"Las obras de reurbanizaci\u00f3n en C\/Mayor avanzan a buen ritmo - MI Ayuntamiento de Caudete\" \/>\n<meta property=\"og:description\" content=\"P\u00e1gina Oficial del Ayuntamiento de Caudete (Albacete)\" \/>\n<meta property=\"og:url\" content=\"https:\/\/www.caudete.org\/ayuntamiento\/las-obras-de-reurbanizacion-en-c-mayor-avanzan-a-buen-ritmo\/\" \/>\n<meta property=\"og:site_name\" content=\"MI Ayuntamiento de Caudete\" \/>\n<meta property=\"article:publisher\" content=\"https:\/\/www.facebook.com\/ayuntamientocaudete\/\" \/>\n<meta property=\"article:published_time\" content=\"2023-07-14T18:54:16+00:00\" \/>\n<meta property=\"og:image\" content=\"https:\/\/www.caudete.org\/ayuntamiento\/wp-content\/uploads\/2023\/07\/WhatsApp-Image-2023-07-14-at-20.04.32-3.jpeg\" \/>\n\t<meta property=\"og:image:width\" content=\"1599\" \/>\n\t<meta property=\"og:image:height\" content=\"1200\" \/>\n\t<meta property=\"og:image:type\" content=\"image\/jpeg\" \/>\n<meta name=\"author\" content=\"alcalde\" \/>\n<meta name=\"twitter:card\" content=\"summary_large_image\" \/>\n<meta name=\"twitter:label1\" content=\"Escrito por\" \/>\n\t<meta name=\"twitter:data1\" content=\"alcalde\" \/>\n\t<meta name=\"twitter:label2\" content=\"Tiempo de lectura\" \/>\n\t<meta name=\"twitter:data2\" content=\"2 minutos\" \/>\n<script type=\"application\/ld+json\" class=\"yoast-schema-graph\">{\"@context\":\"https:\\\/\\\/schema.org\",\"@graph\":[{\"@type\":\"Article\",\"@id\":\"https:\\\/\\\/www.caudete.org\\\/ayuntamiento\\\/las-obras-de-reurbanizacion-en-c-mayor-avanzan-a-buen-ritmo\\\/#article\",\"isPartOf\":{\"@id\":\"https:\\\/\\\/www.caudete.org\\\/ayuntamiento\\\/las-obras-de-reurbanizacion-en-c-mayor-avanzan-a-buen-ritmo\\\/\"},\"author\":{\"name\":\"alcalde\",\"@id\":\"https:\\\/\\\/www.caudete.org\\\/ayuntamiento\\\/#\\\/schema\\\/person\\\/cc646da9133078ee4d8dd47457947253\"},\"headline\":\"Las obras de reurbanizaci\u00f3n en C\\\/Mayor avanzan a buen ritmo\",\"datePublished\":\"2023-07-14T18:54:16+00:00\",\"mainEntityOfPage\":{\"@id\":\"https:\\\/\\\/www.caudete.org\\\/ayuntamiento\\\/las-obras-de-reurbanizacion-en-c-mayor-avanzan-a-buen-ritmo\\\/\"},\"wordCount\":156,\"image\":{\"@id\":\"https:\\\/\\\/www.caudete.org\\\/ayuntamiento\\\/las-obras-de-reurbanizacion-en-c-mayor-avanzan-a-buen-ritmo\\\/#primaryimage\"},\"thumbnailUrl\":\"https:\\\/\\\/www.caudete.org\\\/ayuntamiento\\\/wp-content\\\/uploads\\\/2023\\\/07\\\/WhatsApp-Image-2023-07-14-at-20.04.32-3.jpeg\",\"articleSection\":[\"Obras y Urbanismo\"],\"inLanguage\":\"es\"},{\"@type\":\"WebPage\",\"@id\":\"https:\\\/\\\/www.caudete.org\\\/ayuntamiento\\\/las-obras-de-reurbanizacion-en-c-mayor-avanzan-a-buen-ritmo\\\/\",\"url\":\"https:\\\/\\\/www.caudete.org\\\/ayuntamiento\\\/las-obras-de-reurbanizacion-en-c-mayor-avanzan-a-buen-ritmo\\\/\",\"name\":\"Las obras de reurbanizaci\u00f3n en C\\\/Mayor avanzan a buen ritmo - MI Ayuntamiento de Caudete\",\"isPartOf\":{\"@id\":\"https:\\\/\\\/www.caudete.org\\\/ayuntamiento\\\/#website\"},\"primaryImageOfPage\":{\"@id\":\"https:\\\/\\\/www.caudete.org\\\/ayuntamiento\\\/las-obras-de-reurbanizacion-en-c-mayor-avanzan-a-buen-ritmo\\\/#primaryimage\"},\"image\":{\"@id\":\"https:\\\/\\\/www.caudete.org\\\/ayuntamiento\\\/las-obras-de-reurbanizacion-en-c-mayor-avanzan-a-buen-ritmo\\\/#primaryimage\"},\"thumbnailUrl\":\"https:\\\/\\\/www.caudete.org\\\/ayuntamiento\\\/wp-content\\\/uploads\\\/2023\\\/07\\\/WhatsApp-Image-2023-07-14-at-20.04.32-3.jpeg\",\"datePublished\":\"2023-07-14T18:54:16+00:00\",\"author\":{\"@id\":\"https:\\\/\\\/www.caudete.org\\\/ayuntamiento\\\/#\\\/schema\\\/person\\\/cc646da9133078ee4d8dd47457947253\"},\"description\":\"P\u00e1gina Oficial del Ayuntamiento de Caudete (Albacete)\",\"breadcrumb\":{\"@id\":\"https:\\\/\\\/www.caudete.org\\\/ayuntamiento\\\/las-obras-de-reurbanizacion-en-c-mayor-avanzan-a-buen-ritmo\\\/#breadcrumb\"},\"inLanguage\":\"es\",\"potentialAction\":[{\"@type\":\"ReadAction\",\"target\":[\"https:\\\/\\\/www.caudete.org\\\/ayuntamiento\\\/las-obras-de-reurbanizacion-en-c-mayor-avanzan-a-buen-ritmo\\\/\"]}]},{\"@type\":\"ImageObject\",\"inLanguage\":\"es\",\"@id\":\"https:\\\/\\\/www.caudete.org\\\/ayuntamiento\\\/las-obras-de-reurbanizacion-en-c-mayor-avanzan-a-buen-ritmo\\\/#primaryimage\",\"url\":\"https:\\\/\\\/www.caudete.org\\\/ayuntamiento\\\/wp-content\\\/uploads\\\/2023\\\/07\\\/WhatsApp-Image-2023-07-14-at-20.04.32-3.jpeg\",\"contentUrl\":\"https:\\\/\\\/www.caudete.org\\\/ayuntamiento\\\/wp-content\\\/uploads\\\/2023\\\/07\\\/WhatsApp-Image-2023-07-14-at-20.04.32-3.jpeg\",\"width\":1599,\"height\":1200},{\"@type\":\"BreadcrumbList\",\"@id\":\"https:\\\/\\\/www.caudete.org\\\/ayuntamiento\\\/las-obras-de-reurbanizacion-en-c-mayor-avanzan-a-buen-ritmo\\\/#breadcrumb\",\"itemListElement\":[{\"@type\":\"ListItem\",\"position\":1,\"name\":\"Inicio\",\"item\":\"https:\\\/\\\/www.caudete.org\\\/ayuntamiento\\\/\"},{\"@type\":\"ListItem\",\"position\":2,\"name\":\"Las obras de reurbanizaci\u00f3n en C\\\/Mayor avanzan a buen ritmo\"}]},{\"@type\":\"WebSite\",\"@id\":\"https:\\\/\\\/www.caudete.org\\\/ayuntamiento\\\/#website\",\"url\":\"https:\\\/\\\/www.caudete.org\\\/ayuntamiento\\\/\",\"name\":\"MI Ayuntamiento de Caudete\",\"description\":\"P\u00e1gina Oficial del MI Ayuntamiento de Caudete\",\"potentialAction\":[{\"@type\":\"SearchAction\",\"target\":{\"@type\":\"EntryPoint\",\"urlTemplate\":\"https:\\\/\\\/www.caudete.org\\\/ayuntamiento\\\/?s={search_term_string}\"},\"query-input\":{\"@type\":\"PropertyValueSpecification\",\"valueRequired\":true,\"valueName\":\"search_term_string\"}}],\"inLanguage\":\"es\"},{\"@type\":\"Person\",\"@id\":\"https:\\\/\\\/www.caudete.org\\\/ayuntamiento\\\/#\\\/schema\\\/person\\\/cc646da9133078ee4d8dd47457947253\",\"name\":\"alcalde\",\"image\":{\"@type\":\"ImageObject\",\"inLanguage\":\"es\",\"@id\":\"https:\\\/\\\/secure.gravatar.com\\\/avatar\\\/84a817ba065b29ff08d666b215a215f5c79186a645ccb25b14a663d48a130f77?s=96&d=mm&r=g\",\"url\":\"https:\\\/\\\/secure.gravatar.com\\\/avatar\\\/84a817ba065b29ff08d666b215a215f5c79186a645ccb25b14a663d48a130f77?s=96&d=mm&r=g\",\"contentUrl\":\"https:\\\/\\\/secure.gravatar.com\\\/avatar\\\/84a817ba065b29ff08d666b215a215f5c79186a645ccb25b14a663d48a130f77?s=96&d=mm&r=g\",\"caption\":\"alcalde\"},\"url\":\"https:\\\/\\\/www.caudete.org\\\/ayuntamiento\\\/author\\\/alcalde\\\/\"}]}<\/script>\n<!-- \/ Yoast SEO plugin. -->","yoast_head_json":{"title":"Las obras de reurbanizaci\u00f3n en C\/Mayor avanzan a buen ritmo - MI Ayuntamiento de Caudete","description":"P\u00e1gina Oficial del Ayuntamiento de Caudete (Albacete)","robots":{"index":"index","follow":"follow","max-snippet":"max-snippet:-1","max-image-preview":"max-image-preview:large","max-video-preview":"max-video-preview:-1"},"canonical":"https:\/\/www.caudete.org\/ayuntamiento\/las-obras-de-reurbanizacion-en-c-mayor-avanzan-a-buen-ritmo\/","og_locale":"es_ES","og_type":"article","og_title":"Las obras de reurbanizaci\u00f3n en C\/Mayor avanzan a buen ritmo - MI Ayuntamiento de Caudete","og_description":"P\u00e1gina Oficial del Ayuntamiento de Caudete (Albacete)","og_url":"https:\/\/www.caudete.org\/ayuntamiento\/las-obras-de-reurbanizacion-en-c-mayor-avanzan-a-buen-ritmo\/","og_site_name":"MI Ayuntamiento de Caudete","article_publisher":"https:\/\/www.facebook.com\/ayuntamientocaudete\/","article_published_time":"2023-07-14T18:54:16+00:00","og_image":[{"width":1599,"height":1200,"url":"https:\/\/www.caudete.org\/ayuntamiento\/wp-content\/uploads\/2023\/07\/WhatsApp-Image-2023-07-14-at-20.04.32-3.jpeg","type":"image\/jpeg"}],"author":"alcalde","twitter_card":"summary_large_image","twitter_misc":{"Escrito por":"alcalde","Tiempo de lectura":"2 minutos"},"schema":{"@context":"https:\/\/schema.org","@graph":[{"@type":"Article","@id":"https:\/\/www.caudete.org\/ayuntamiento\/las-obras-de-reurbanizacion-en-c-mayor-avanzan-a-buen-ritmo\/#article","isPartOf":{"@id":"https:\/\/www.caudete.org\/ayuntamiento\/las-obras-de-reurbanizacion-en-c-mayor-avanzan-a-buen-ritmo\/"},"author":{"name":"alcalde","@id":"https:\/\/www.caudete.org\/ayuntamiento\/#\/schema\/person\/cc646da9133078ee4d8dd47457947253"},"headline":"Las obras de reurbanizaci\u00f3n en C\/Mayor avanzan a buen ritmo","datePublished":"2023-07-14T18:54:16+00:00","mainEntityOfPage":{"@id":"https:\/\/www.caudete.org\/ayuntamiento\/las-obras-de-reurbanizacion-en-c-mayor-avanzan-a-buen-ritmo\/"},"wordCount":156,"image":{"@id":"https:\/\/www.caudete.org\/ayuntamiento\/las-obras-de-reurbanizacion-en-c-mayor-avanzan-a-buen-ritmo\/#primaryimage"},"thumbnailUrl":"https:\/\/www.caudete.org\/ayuntamiento\/wp-content\/uploads\/2023\/07\/WhatsApp-Image-2023-07-14-at-20.04.32-3.jpeg","articleSection":["Obras y Urbanismo"],"inLanguage":"es"},{"@type":"WebPage","@id":"https:\/\/www.caudete.org\/ayuntamiento\/las-obras-de-reurbanizacion-en-c-mayor-avanzan-a-buen-ritmo\/","url":"https:\/\/www.caudete.org\/ayuntamiento\/las-obras-de-reurbanizacion-en-c-mayor-avanzan-a-buen-ritmo\/","name":"Las obras de reurbanizaci\u00f3n en C\/Mayor avanzan a buen ritmo - MI Ayuntamiento de Caudete","isPartOf":{"@id":"https:\/\/www.caudete.org\/ayuntamiento\/#website"},"primaryImageOfPage":{"@id":"https:\/\/www.caudete.org\/ayuntamiento\/las-obras-de-reurbanizacion-en-c-mayor-avanzan-a-buen-ritmo\/#primaryimage"},"image":{"@id":"https:\/\/www.caudete.org\/ayuntamiento\/las-obras-de-reurbanizacion-en-c-mayor-avanzan-a-buen-ritmo\/#primaryimage"},"thumbnailUrl":"https:\/\/www.caudete.org\/ayuntamiento\/wp-content\/uploads\/2023\/07\/WhatsApp-Image-2023-07-14-at-20.04.32-3.jpeg","datePublished":"2023-07-14T18:54:16+00:00","author":{"@id":"https:\/\/www.caudete.org\/ayuntamiento\/#\/schema\/person\/cc646da9133078ee4d8dd47457947253"},"description":"P\u00e1gina Oficial del Ayuntamiento de Caudete (Albacete)","breadcrumb":{"@id":"https:\/\/www.caudete.org\/ayuntamiento\/las-obras-de-reurbanizacion-en-c-mayor-avanzan-a-buen-ritmo\/#breadcrumb"},"inLanguage":"es","potentialAction":[{"@type":"ReadAction","target":["https:\/\/www.caudete.org\/ayuntamiento\/las-obras-de-reurbanizacion-en-c-mayor-avanzan-a-buen-ritmo\/"]}]},{"@type":"ImageObject","inLanguage":"es","@id":"https:\/\/www.caudete.org\/ayuntamiento\/las-obras-de-reurbanizacion-en-c-mayor-avanzan-a-buen-ritmo\/#primaryimage","url":"https:\/\/www.caudete.org\/ayuntamiento\/wp-content\/uploads\/2023\/07\/WhatsApp-Image-2023-07-14-at-20.04.32-3.jpeg","contentUrl":"https:\/\/www.caudete.org\/ayuntamiento\/wp-content\/uploads\/2023\/07\/WhatsApp-Image-2023-07-14-at-20.04.32-3.jpeg","width":1599,"height":1200},{"@type":"BreadcrumbList","@id":"https:\/\/www.caudete.org\/ayuntamiento\/las-obras-de-reurbanizacion-en-c-mayor-avanzan-a-buen-ritmo\/#breadcrumb","itemListElement":[{"@type":"ListItem","position":1,"name":"Inicio","item":"https:\/\/www.caudete.org\/ayuntamiento\/"},{"@type":"ListItem","position":2,"name":"Las obras de reurbanizaci\u00f3n en C\/Mayor avanzan a buen ritmo"}]},{"@type":"WebSite","@id":"https:\/\/www.caudete.org\/ayuntamiento\/#website","url":"https:\/\/www.caudete.org\/ayuntamiento\/","name":"MI Ayuntamiento de Caudete","description":"P\u00e1gina Oficial del MI Ayuntamiento de Caudete","potentialAction":[{"@type":"SearchAction","target":{"@type":"EntryPoint","urlTemplate":"https:\/\/www.caudete.org\/ayuntamiento\/?s={search_term_string}"},"query-input":{"@type":"PropertyValueSpecification","valueRequired":true,"valueName":"search_term_string"}}],"inLanguage":"es"},{"@type":"Person","@id":"https:\/\/www.caudete.org\/ayuntamiento\/#\/schema\/person\/cc646da9133078ee4d8dd47457947253","name":"alcalde","image":{"@type":"ImageObject","inLanguage":"es","@id":"https:\/\/secure.gravatar.com\/avatar\/84a817ba065b29ff08d666b215a215f5c79186a645ccb25b14a663d48a130f77?s=96&d=mm&r=g","url":"https:\/\/secure.gravatar.com\/avatar\/84a817ba065b29ff08d666b215a215f5c79186a645ccb25b14a663d48a130f77?s=96&d=mm&r=g","contentUrl":"https:\/\/secure.gravatar.com\/avatar\/84a817ba065b29ff08d666b215a215f5c79186a645ccb25b14a663d48a130f77?s=96&d=mm&r=g","caption":"alcalde"},"url":"https:\/\/www.caudete.org\/ayuntamiento\/author\/alcalde\/"}]}},"_links":{"self":[{"href":"https:\/\/www.caudete.org\/ayuntamiento\/wp-json\/wp\/v2\/posts\/22919","targetHints":{"allow":["GET"]}}],"collection":[{"href":"https:\/\/www.caudete.org\/ayuntamiento\/wp-json\/wp\/v2\/posts"}],"about":[{"href":"https:\/\/www.caudete.org\/ayuntamiento\/wp-json\/wp\/v2\/types\/post"}],"author":[{"embeddable":true,"href":"https:\/\/www.caudete.org\/ayuntamiento\/wp-json\/wp\/v2\/users\/3"}],"replies":[{"embeddable":true,"href":"https:\/\/www.caudete.org\/ayuntamiento\/wp-json\/wp\/v2\/comments?post=22919"}],"version-history":[{"count":1,"href":"https:\/\/www.caudete.org\/ayuntamiento\/wp-json\/wp\/v2\/posts\/22919\/revisions"}],"predecessor-version":[{"id":22920,"href":"https:\/\/www.caudete.org\/ayuntamiento\/wp-json\/wp\/v2\/posts\/22919\/revisions\/22920"}],"wp:featuredmedia":[{"embeddable":true,"href":"https:\/\/www.caudete.org\/ayuntamiento\/wp-json\/wp\/v2\/media\/22916"}],"wp:attachment":[{"href":"https:\/\/www.caudete.org\/ayuntamiento\/wp-json\/wp\/v2\/media?parent=22919"}],"wp:term":[{"taxonomy":"category","embeddable":true,"href":"https:\/\/www.caudete.org\/ayuntamiento\/wp-json\/wp\/v2\/categories?post=22919"},{"taxonomy":"post_tag","embeddable":true,"href":"https:\/\/www.caudete.org\/ayuntamiento\/wp-json\/wp\/v2\/tags?post=22919"}],"curies":[{"name":"wp","href":"https:\/\/api.w.org\/{rel}","templated":true}]}}