{"id":22927,"date":"2023-07-17T14:57:35","date_gmt":"2023-07-17T12:57:35","guid":{"rendered":"https:\/\/www.caudete.org\/ayuntamiento\/?p=22927"},"modified":"2023-07-17T15:05:15","modified_gmt":"2023-07-17T13:05:15","slug":"encuesta-sobre-los-festivos-locales-de-2024-el-8-de-septiembre-sera-domingo","status":"publish","type":"post","link":"https:\/\/www.caudete.org\/ayuntamiento\/encuesta-sobre-los-festivos-locales-de-2024-el-8-de-septiembre-sera-domingo\/","title":{"rendered":"ENCUESTA sobre los Festivos Locales de 2024. El 8 de Septiembre, ser\u00e1 domingo"},"content":{"rendered":"<p style=\"text-align: justify;\">El Gobierno Municipal, por medio de la Concejal\u00eda de Participaci\u00f3n Ciudadana que gestiona el Edil Diego Cuenca Olivares, lanza a la opini\u00f3n de los caudetanos la propuesta de los Festivos Locales del pr\u00f3ximo a\u00f1o 2024.<\/p>\n<p style=\"text-align: justify;\"><strong>Tradicionalmente<\/strong>, \u00e9stos recaen en el <strong>Lunes de San Vicente<\/strong> (segundas Pascuas) y el d\u00eda de la Patrona, <strong>Ntra Sra de Gracia, el 8 de Septiembre<\/strong>. Sin embargo,<strong> al caer domingo \u00e9ste \u00faltimo, el festivo local se puede mover a otro d\u00eda del calendario<\/strong> para su disfrute. Por ello, se solicita la opini\u00f3n ciudadana para poder recabar la propuesta definitiva.<\/p>\n<p style=\"text-align: justify;\">En la encuesta se han dado 3 opciones, dos de ellas centradas en las propias Fiestas Patronales, la tercera opci\u00f3n, para poder rese\u00f1ar cualquier otra festividad o d\u00eda del calendario que se estime oportuno. Todo ello, viene precedido de una serie de 3 preguntas que permitir\u00e1n hacer una mejor lectura de los resultados, y que \u00fanicamente tienen que ver con el perfil del encuestado.<\/p>\n<p style=\"text-align: justify;\">Cabe destacar que <strong>la decisi\u00f3n ser\u00e1 adoptada en el Pleno Municipal<\/strong>, y para ello, <strong>se tendr\u00e1 en cuenta la opini\u00f3n dada al respecto por los caudetanos<\/strong>, ya que es algo que afecta al conjunto de la poblaci\u00f3n.<\/p>\n<p style=\"text-align: justify;\">La <strong>encuesta<\/strong> estar\u00e1 <strong>activa desde hoy lunes<\/strong> 17 y <strong>hasta el jueves 20<\/strong> de Julio <strong>a las 23.59h<\/strong>, ya que la Comisi\u00f3n de Asuntos Generales, que abordar\u00e1 esta cuesti\u00f3n, est\u00e1 prevista se realice en la ma\u00f1ana del viernes 21, como tr\u00e1mite previo al Pleno Ordinario.<\/p>\n<p style=\"text-align: center;\"><span style=\"font-size: 14pt;\"><a href=\"https:\/\/docs.google.com\/forms\/d\/e\/1FAIpQLSd0_-4Wg4JJzNSvRMUB9LCQ3yaZ_kmeNGxTQlH62iJ_1exeAQ\/viewform?usp=sf_link\" target=\"_blank\" rel=\"nofollow\">ACCESO A LA ENCUESTA<\/a><\/span><\/p>\n<p>&nbsp;<\/p>\n","protected":false},"excerpt":{"rendered":"<p>El Gobierno Municipal, por medio de la Concejal\u00eda de Participaci\u00f3n Ciudadana que gestiona el Edil Diego Cuenca Olivares, lanza a la opini\u00f3n de los caudetanos la propuesta de los Festivos Locales del pr\u00f3ximo a\u00f1o 2024. Tradicionalmente, \u00e9stos recaen en el Lunes de San Vicente (segundas Pascuas) y el d\u00eda de la Patrona, Ntra Sra de &hellip;<\/p>\n","protected":false},"author":3,"featured_media":22928,"comment_status":"closed","ping_status":"open","sticky":false,"template":"","format":"standard","meta":{"ngg_post_thumbnail":0,"footnotes":""},"categories":[38],"tags":[],"class_list":["post-22927","post","type-post","status-publish","format-standard","has-post-thumbnail","hentry","category-participacion-ciudadana"],"yoast_head":"<!-- This site is optimized with the Yoast SEO plugin v27.5 - https:\/\/yoast.com\/product\/yoast-seo-wordpress\/ -->\n<title>ENCUESTA sobre los Festivos Locales de 2024. El 8 de Septiembre, ser\u00e1 domingo - MI Ayuntamiento de Caudete<\/title>\n<meta name=\"description\" content=\"P\u00e1gina Oficial del Ayuntamiento de Caudete (Albacete)\" \/>\n<meta name=\"robots\" content=\"index, follow, max-snippet:-1, max-image-preview:large, max-video-preview:-1\" \/>\n<link rel=\"canonical\" href=\"https:\/\/www.caudete.org\/ayuntamiento\/encuesta-sobre-los-festivos-locales-de-2024-el-8-de-septiembre-sera-domingo\/\" \/>\n<meta property=\"og:locale\" content=\"es_ES\" \/>\n<meta property=\"og:type\" content=\"article\" \/>\n<meta property=\"og:title\" content=\"ENCUESTA sobre los Festivos Locales de 2024. El 8 de Septiembre, ser\u00e1 domingo - MI Ayuntamiento de Caudete\" \/>\n<meta property=\"og:description\" content=\"P\u00e1gina Oficial del Ayuntamiento de Caudete (Albacete)\" \/>\n<meta property=\"og:url\" content=\"https:\/\/www.caudete.org\/ayuntamiento\/encuesta-sobre-los-festivos-locales-de-2024-el-8-de-septiembre-sera-domingo\/\" \/>\n<meta property=\"og:site_name\" content=\"MI Ayuntamiento de Caudete\" \/>\n<meta property=\"article:publisher\" content=\"https:\/\/www.facebook.com\/ayuntamientocaudete\/\" \/>\n<meta property=\"article:published_time\" content=\"2023-07-17T12:57:35+00:00\" \/>\n<meta property=\"article:modified_time\" content=\"2023-07-17T13:05:15+00:00\" \/>\n<meta property=\"og:image\" content=\"https:\/\/www.caudete.org\/ayuntamiento\/wp-content\/uploads\/2023\/07\/ZnBBTmF2dUY2R0twVkllNG55Yy9lUmZBOTMyOXQwL1plUzZrMFBuemxpRT01400x788-c.jpg\" \/>\n\t<meta property=\"og:image:width\" content=\"1400\" \/>\n\t<meta property=\"og:image:height\" content=\"788\" \/>\n\t<meta property=\"og:image:type\" content=\"image\/jpeg\" \/>\n<meta name=\"author\" content=\"alcalde\" \/>\n<meta name=\"twitter:card\" content=\"summary_large_image\" \/>\n<meta name=\"twitter:label1\" content=\"Escrito por\" \/>\n\t<meta name=\"twitter:data1\" content=\"alcalde\" \/>\n\t<meta name=\"twitter:label2\" content=\"Tiempo de lectura\" \/>\n\t<meta name=\"twitter:data2\" content=\"2 minutos\" \/>\n<script type=\"application\/ld+json\" class=\"yoast-schema-graph\">{\"@context\":\"https:\\\/\\\/schema.org\",\"@graph\":[{\"@type\":\"Article\",\"@id\":\"https:\\\/\\\/www.caudete.org\\\/ayuntamiento\\\/encuesta-sobre-los-festivos-locales-de-2024-el-8-de-septiembre-sera-domingo\\\/#article\",\"isPartOf\":{\"@id\":\"https:\\\/\\\/www.caudete.org\\\/ayuntamiento\\\/encuesta-sobre-los-festivos-locales-de-2024-el-8-de-septiembre-sera-domingo\\\/\"},\"author\":{\"name\":\"alcalde\",\"@id\":\"https:\\\/\\\/www.caudete.org\\\/ayuntamiento\\\/#\\\/schema\\\/person\\\/cc646da9133078ee4d8dd47457947253\"},\"headline\":\"ENCUESTA sobre los Festivos Locales de 2024. El 8 de Septiembre, ser\u00e1 domingo\",\"datePublished\":\"2023-07-17T12:57:35+00:00\",\"dateModified\":\"2023-07-17T13:05:15+00:00\",\"mainEntityOfPage\":{\"@id\":\"https:\\\/\\\/www.caudete.org\\\/ayuntamiento\\\/encuesta-sobre-los-festivos-locales-de-2024-el-8-de-septiembre-sera-domingo\\\/\"},\"wordCount\":268,\"publisher\":{\"@id\":\"https:\\\/\\\/www.caudete.org\\\/ayuntamiento\\\/#organization\"},\"image\":{\"@id\":\"https:\\\/\\\/www.caudete.org\\\/ayuntamiento\\\/encuesta-sobre-los-festivos-locales-de-2024-el-8-de-septiembre-sera-domingo\\\/#primaryimage\"},\"thumbnailUrl\":\"https:\\\/\\\/www.caudete.org\\\/ayuntamiento\\\/wp-content\\\/uploads\\\/2023\\\/07\\\/ZnBBTmF2dUY2R0twVkllNG55Yy9lUmZBOTMyOXQwL1plUzZrMFBuemxpRT01400x788-c.jpg\",\"articleSection\":[\"Participaci\u00f3n Ciudadana\"],\"inLanguage\":\"es\"},{\"@type\":\"WebPage\",\"@id\":\"https:\\\/\\\/www.caudete.org\\\/ayuntamiento\\\/encuesta-sobre-los-festivos-locales-de-2024-el-8-de-septiembre-sera-domingo\\\/\",\"url\":\"https:\\\/\\\/www.caudete.org\\\/ayuntamiento\\\/encuesta-sobre-los-festivos-locales-de-2024-el-8-de-septiembre-sera-domingo\\\/\",\"name\":\"ENCUESTA sobre los Festivos Locales de 2024. El 8 de Septiembre, ser\u00e1 domingo - MI Ayuntamiento de Caudete\",\"isPartOf\":{\"@id\":\"https:\\\/\\\/www.caudete.org\\\/ayuntamiento\\\/#website\"},\"primaryImageOfPage\":{\"@id\":\"https:\\\/\\\/www.caudete.org\\\/ayuntamiento\\\/encuesta-sobre-los-festivos-locales-de-2024-el-8-de-septiembre-sera-domingo\\\/#primaryimage\"},\"image\":{\"@id\":\"https:\\\/\\\/www.caudete.org\\\/ayuntamiento\\\/encuesta-sobre-los-festivos-locales-de-2024-el-8-de-septiembre-sera-domingo\\\/#primaryimage\"},\"thumbnailUrl\":\"https:\\\/\\\/www.caudete.org\\\/ayuntamiento\\\/wp-content\\\/uploads\\\/2023\\\/07\\\/ZnBBTmF2dUY2R0twVkllNG55Yy9lUmZBOTMyOXQwL1plUzZrMFBuemxpRT01400x788-c.jpg\",\"datePublished\":\"2023-07-17T12:57:35+00:00\",\"dateModified\":\"2023-07-17T13:05:15+00:00\",\"description\":\"P\u00e1gina Oficial del Ayuntamiento de Caudete (Albacete)\",\"breadcrumb\":{\"@id\":\"https:\\\/\\\/www.caudete.org\\\/ayuntamiento\\\/encuesta-sobre-los-festivos-locales-de-2024-el-8-de-septiembre-sera-domingo\\\/#breadcrumb\"},\"inLanguage\":\"es\",\"potentialAction\":[{\"@type\":\"ReadAction\",\"target\":[\"https:\\\/\\\/www.caudete.org\\\/ayuntamiento\\\/encuesta-sobre-los-festivos-locales-de-2024-el-8-de-septiembre-sera-domingo\\\/\"]}]},{\"@type\":\"ImageObject\",\"inLanguage\":\"es\",\"@id\":\"https:\\\/\\\/www.caudete.org\\\/ayuntamiento\\\/encuesta-sobre-los-festivos-locales-de-2024-el-8-de-septiembre-sera-domingo\\\/#primaryimage\",\"url\":\"https:\\\/\\\/www.caudete.org\\\/ayuntamiento\\\/wp-content\\\/uploads\\\/2023\\\/07\\\/ZnBBTmF2dUY2R0twVkllNG55Yy9lUmZBOTMyOXQwL1plUzZrMFBuemxpRT01400x788-c.jpg\",\"contentUrl\":\"https:\\\/\\\/www.caudete.org\\\/ayuntamiento\\\/wp-content\\\/uploads\\\/2023\\\/07\\\/ZnBBTmF2dUY2R0twVkllNG55Yy9lUmZBOTMyOXQwL1plUzZrMFBuemxpRT01400x788-c.jpg\",\"width\":1400,\"height\":788},{\"@type\":\"BreadcrumbList\",\"@id\":\"https:\\\/\\\/www.caudete.org\\\/ayuntamiento\\\/encuesta-sobre-los-festivos-locales-de-2024-el-8-de-septiembre-sera-domingo\\\/#breadcrumb\",\"itemListElement\":[{\"@type\":\"ListItem\",\"position\":1,\"name\":\"Inicio\",\"item\":\"https:\\\/\\\/www.caudete.org\\\/ayuntamiento\\\/\"},{\"@type\":\"ListItem\",\"position\":2,\"name\":\"ENCUESTA sobre los Festivos Locales de 2024. El 8 de Septiembre, ser\u00e1 domingo\"}]},{\"@type\":\"WebSite\",\"@id\":\"https:\\\/\\\/www.caudete.org\\\/ayuntamiento\\\/#website\",\"url\":\"https:\\\/\\\/www.caudete.org\\\/ayuntamiento\\\/\",\"name\":\"MI Ayuntamiento de Caudete\",\"description\":\"P\u00e1gina Oficial del MI Ayuntamiento de Caudete\",\"publisher\":{\"@id\":\"https:\\\/\\\/www.caudete.org\\\/ayuntamiento\\\/#organization\"},\"potentialAction\":[{\"@type\":\"SearchAction\",\"target\":{\"@type\":\"EntryPoint\",\"urlTemplate\":\"https:\\\/\\\/www.caudete.org\\\/ayuntamiento\\\/?s={search_term_string}\"},\"query-input\":{\"@type\":\"PropertyValueSpecification\",\"valueRequired\":true,\"valueName\":\"search_term_string\"}}],\"inLanguage\":\"es\"},{\"@type\":\"Organization\",\"@id\":\"https:\\\/\\\/www.caudete.org\\\/ayuntamiento\\\/#organization\",\"name\":\"Ayuntamiento de Caudete\",\"url\":\"https:\\\/\\\/www.caudete.org\\\/ayuntamiento\\\/\",\"logo\":{\"@type\":\"ImageObject\",\"inLanguage\":\"es\",\"@id\":\"https:\\\/\\\/www.caudete.org\\\/ayuntamiento\\\/#\\\/schema\\\/logo\\\/image\\\/\",\"url\":\"https:\\\/\\\/www.caudete.org\\\/ayuntamiento\\\/wp-content\\\/uploads\\\/2020\\\/11\\\/logo_ayuntamiento_caudete.jpg\",\"contentUrl\":\"https:\\\/\\\/www.caudete.org\\\/ayuntamiento\\\/wp-content\\\/uploads\\\/2020\\\/11\\\/logo_ayuntamiento_caudete.jpg\",\"width\":600,\"height\":150,\"caption\":\"Ayuntamiento de Caudete\"},\"image\":{\"@id\":\"https:\\\/\\\/www.caudete.org\\\/ayuntamiento\\\/#\\\/schema\\\/logo\\\/image\\\/\"},\"sameAs\":[\"https:\\\/\\\/www.facebook.com\\\/ayuntamientocaudete\\\/\",\"https:\\\/\\\/www.youtube.com\\\/channel\\\/UC6VztHaooNsGpw-tNoBEFnQ\"]},{\"@type\":\"Person\",\"@id\":\"https:\\\/\\\/www.caudete.org\\\/ayuntamiento\\\/#\\\/schema\\\/person\\\/cc646da9133078ee4d8dd47457947253\",\"name\":\"alcalde\",\"image\":{\"@type\":\"ImageObject\",\"inLanguage\":\"es\",\"@id\":\"https:\\\/\\\/secure.gravatar.com\\\/avatar\\\/84a817ba065b29ff08d666b215a215f5c79186a645ccb25b14a663d48a130f77?s=96&d=mm&r=g\",\"url\":\"https:\\\/\\\/secure.gravatar.com\\\/avatar\\\/84a817ba065b29ff08d666b215a215f5c79186a645ccb25b14a663d48a130f77?s=96&d=mm&r=g\",\"contentUrl\":\"https:\\\/\\\/secure.gravatar.com\\\/avatar\\\/84a817ba065b29ff08d666b215a215f5c79186a645ccb25b14a663d48a130f77?s=96&d=mm&r=g\",\"caption\":\"alcalde\"},\"url\":\"https:\\\/\\\/www.caudete.org\\\/ayuntamiento\\\/author\\\/alcalde\\\/\"}]}<\/script>\n<!-- \/ Yoast SEO plugin. -->","yoast_head_json":{"title":"ENCUESTA sobre los Festivos Locales de 2024. El 8 de Septiembre, ser\u00e1 domingo - MI Ayuntamiento de Caudete","description":"P\u00e1gina Oficial del Ayuntamiento de Caudete (Albacete)","robots":{"index":"index","follow":"follow","max-snippet":"max-snippet:-1","max-image-preview":"max-image-preview:large","max-video-preview":"max-video-preview:-1"},"canonical":"https:\/\/www.caudete.org\/ayuntamiento\/encuesta-sobre-los-festivos-locales-de-2024-el-8-de-septiembre-sera-domingo\/","og_locale":"es_ES","og_type":"article","og_title":"ENCUESTA sobre los Festivos Locales de 2024. El 8 de Septiembre, ser\u00e1 domingo - MI Ayuntamiento de Caudete","og_description":"P\u00e1gina Oficial del Ayuntamiento de Caudete (Albacete)","og_url":"https:\/\/www.caudete.org\/ayuntamiento\/encuesta-sobre-los-festivos-locales-de-2024-el-8-de-septiembre-sera-domingo\/","og_site_name":"MI Ayuntamiento de Caudete","article_publisher":"https:\/\/www.facebook.com\/ayuntamientocaudete\/","article_published_time":"2023-07-17T12:57:35+00:00","article_modified_time":"2023-07-17T13:05:15+00:00","og_image":[{"width":1400,"height":788,"url":"https:\/\/www.caudete.org\/ayuntamiento\/wp-content\/uploads\/2023\/07\/ZnBBTmF2dUY2R0twVkllNG55Yy9lUmZBOTMyOXQwL1plUzZrMFBuemxpRT01400x788-c.jpg","type":"image\/jpeg"}],"author":"alcalde","twitter_card":"summary_large_image","twitter_misc":{"Escrito por":"alcalde","Tiempo de lectura":"2 minutos"},"schema":{"@context":"https:\/\/schema.org","@graph":[{"@type":"Article","@id":"https:\/\/www.caudete.org\/ayuntamiento\/encuesta-sobre-los-festivos-locales-de-2024-el-8-de-septiembre-sera-domingo\/#article","isPartOf":{"@id":"https:\/\/www.caudete.org\/ayuntamiento\/encuesta-sobre-los-festivos-locales-de-2024-el-8-de-septiembre-sera-domingo\/"},"author":{"name":"alcalde","@id":"https:\/\/www.caudete.org\/ayuntamiento\/#\/schema\/person\/cc646da9133078ee4d8dd47457947253"},"headline":"ENCUESTA sobre los Festivos Locales de 2024. El 8 de Septiembre, ser\u00e1 domingo","datePublished":"2023-07-17T12:57:35+00:00","dateModified":"2023-07-17T13:05:15+00:00","mainEntityOfPage":{"@id":"https:\/\/www.caudete.org\/ayuntamiento\/encuesta-sobre-los-festivos-locales-de-2024-el-8-de-septiembre-sera-domingo\/"},"wordCount":268,"publisher":{"@id":"https:\/\/www.caudete.org\/ayuntamiento\/#organization"},"image":{"@id":"https:\/\/www.caudete.org\/ayuntamiento\/encuesta-sobre-los-festivos-locales-de-2024-el-8-de-septiembre-sera-domingo\/#primaryimage"},"thumbnailUrl":"https:\/\/www.caudete.org\/ayuntamiento\/wp-content\/uploads\/2023\/07\/ZnBBTmF2dUY2R0twVkllNG55Yy9lUmZBOTMyOXQwL1plUzZrMFBuemxpRT01400x788-c.jpg","articleSection":["Participaci\u00f3n Ciudadana"],"inLanguage":"es"},{"@type":"WebPage","@id":"https:\/\/www.caudete.org\/ayuntamiento\/encuesta-sobre-los-festivos-locales-de-2024-el-8-de-septiembre-sera-domingo\/","url":"https:\/\/www.caudete.org\/ayuntamiento\/encuesta-sobre-los-festivos-locales-de-2024-el-8-de-septiembre-sera-domingo\/","name":"ENCUESTA sobre los Festivos Locales de 2024. El 8 de Septiembre, ser\u00e1 domingo - MI Ayuntamiento de Caudete","isPartOf":{"@id":"https:\/\/www.caudete.org\/ayuntamiento\/#website"},"primaryImageOfPage":{"@id":"https:\/\/www.caudete.org\/ayuntamiento\/encuesta-sobre-los-festivos-locales-de-2024-el-8-de-septiembre-sera-domingo\/#primaryimage"},"image":{"@id":"https:\/\/www.caudete.org\/ayuntamiento\/encuesta-sobre-los-festivos-locales-de-2024-el-8-de-septiembre-sera-domingo\/#primaryimage"},"thumbnailUrl":"https:\/\/www.caudete.org\/ayuntamiento\/wp-content\/uploads\/2023\/07\/ZnBBTmF2dUY2R0twVkllNG55Yy9lUmZBOTMyOXQwL1plUzZrMFBuemxpRT01400x788-c.jpg","datePublished":"2023-07-17T12:57:35+00:00","dateModified":"2023-07-17T13:05:15+00:00","description":"P\u00e1gina Oficial del Ayuntamiento de Caudete (Albacete)","breadcrumb":{"@id":"https:\/\/www.caudete.org\/ayuntamiento\/encuesta-sobre-los-festivos-locales-de-2024-el-8-de-septiembre-sera-domingo\/#breadcrumb"},"inLanguage":"es","potentialAction":[{"@type":"ReadAction","target":["https:\/\/www.caudete.org\/ayuntamiento\/encuesta-sobre-los-festivos-locales-de-2024-el-8-de-septiembre-sera-domingo\/"]}]},{"@type":"ImageObject","inLanguage":"es","@id":"https:\/\/www.caudete.org\/ayuntamiento\/encuesta-sobre-los-festivos-locales-de-2024-el-8-de-septiembre-sera-domingo\/#primaryimage","url":"https:\/\/www.caudete.org\/ayuntamiento\/wp-content\/uploads\/2023\/07\/ZnBBTmF2dUY2R0twVkllNG55Yy9lUmZBOTMyOXQwL1plUzZrMFBuemxpRT01400x788-c.jpg","contentUrl":"https:\/\/www.caudete.org\/ayuntamiento\/wp-content\/uploads\/2023\/07\/ZnBBTmF2dUY2R0twVkllNG55Yy9lUmZBOTMyOXQwL1plUzZrMFBuemxpRT01400x788-c.jpg","width":1400,"height":788},{"@type":"BreadcrumbList","@id":"https:\/\/www.caudete.org\/ayuntamiento\/encuesta-sobre-los-festivos-locales-de-2024-el-8-de-septiembre-sera-domingo\/#breadcrumb","itemListElement":[{"@type":"ListItem","position":1,"name":"Inicio","item":"https:\/\/www.caudete.org\/ayuntamiento\/"},{"@type":"ListItem","position":2,"name":"ENCUESTA sobre los Festivos Locales de 2024. El 8 de Septiembre, ser\u00e1 domingo"}]},{"@type":"WebSite","@id":"https:\/\/www.caudete.org\/ayuntamiento\/#website","url":"https:\/\/www.caudete.org\/ayuntamiento\/","name":"MI Ayuntamiento de Caudete","description":"P\u00e1gina Oficial del MI Ayuntamiento de Caudete","publisher":{"@id":"https:\/\/www.caudete.org\/ayuntamiento\/#organization"},"potentialAction":[{"@type":"SearchAction","target":{"@type":"EntryPoint","urlTemplate":"https:\/\/www.caudete.org\/ayuntamiento\/?s={search_term_string}"},"query-input":{"@type":"PropertyValueSpecification","valueRequired":true,"valueName":"search_term_string"}}],"inLanguage":"es"},{"@type":"Organization","@id":"https:\/\/www.caudete.org\/ayuntamiento\/#organization","name":"Ayuntamiento de Caudete","url":"https:\/\/www.caudete.org\/ayuntamiento\/","logo":{"@type":"ImageObject","inLanguage":"es","@id":"https:\/\/www.caudete.org\/ayuntamiento\/#\/schema\/logo\/image\/","url":"https:\/\/www.caudete.org\/ayuntamiento\/wp-content\/uploads\/2020\/11\/logo_ayuntamiento_caudete.jpg","contentUrl":"https:\/\/www.caudete.org\/ayuntamiento\/wp-content\/uploads\/2020\/11\/logo_ayuntamiento_caudete.jpg","width":600,"height":150,"caption":"Ayuntamiento de Caudete"},"image":{"@id":"https:\/\/www.caudete.org\/ayuntamiento\/#\/schema\/logo\/image\/"},"sameAs":["https:\/\/www.facebook.com\/ayuntamientocaudete\/","https:\/\/www.youtube.com\/channel\/UC6VztHaooNsGpw-tNoBEFnQ"]},{"@type":"Person","@id":"https:\/\/www.caudete.org\/ayuntamiento\/#\/schema\/person\/cc646da9133078ee4d8dd47457947253","name":"alcalde","image":{"@type":"ImageObject","inLanguage":"es","@id":"https:\/\/secure.gravatar.com\/avatar\/84a817ba065b29ff08d666b215a215f5c79186a645ccb25b14a663d48a130f77?s=96&d=mm&r=g","url":"https:\/\/secure.gravatar.com\/avatar\/84a817ba065b29ff08d666b215a215f5c79186a645ccb25b14a663d48a130f77?s=96&d=mm&r=g","contentUrl":"https:\/\/secure.gravatar.com\/avatar\/84a817ba065b29ff08d666b215a215f5c79186a645ccb25b14a663d48a130f77?s=96&d=mm&r=g","caption":"alcalde"},"url":"https:\/\/www.caudete.org\/ayuntamiento\/author\/alcalde\/"}]}},"_links":{"self":[{"href":"https:\/\/www.caudete.org\/ayuntamiento\/wp-json\/wp\/v2\/posts\/22927","targetHints":{"allow":["GET"]}}],"collection":[{"href":"https:\/\/www.caudete.org\/ayuntamiento\/wp-json\/wp\/v2\/posts"}],"about":[{"href":"https:\/\/www.caudete.org\/ayuntamiento\/wp-json\/wp\/v2\/types\/post"}],"author":[{"embeddable":true,"href":"https:\/\/www.caudete.org\/ayuntamiento\/wp-json\/wp\/v2\/users\/3"}],"replies":[{"embeddable":true,"href":"https:\/\/www.caudete.org\/ayuntamiento\/wp-json\/wp\/v2\/comments?post=22927"}],"version-history":[{"count":1,"href":"https:\/\/www.caudete.org\/ayuntamiento\/wp-json\/wp\/v2\/posts\/22927\/revisions"}],"predecessor-version":[{"id":22929,"href":"https:\/\/www.caudete.org\/ayuntamiento\/wp-json\/wp\/v2\/posts\/22927\/revisions\/22929"}],"wp:featuredmedia":[{"embeddable":true,"href":"https:\/\/www.caudete.org\/ayuntamiento\/wp-json\/wp\/v2\/media\/22928"}],"wp:attachment":[{"href":"https:\/\/www.caudete.org\/ayuntamiento\/wp-json\/wp\/v2\/media?parent=22927"}],"wp:term":[{"taxonomy":"category","embeddable":true,"href":"https:\/\/www.caudete.org\/ayuntamiento\/wp-json\/wp\/v2\/categories?post=22927"},{"taxonomy":"post_tag","embeddable":true,"href":"https:\/\/www.caudete.org\/ayuntamiento\/wp-json\/wp\/v2\/tags?post=22927"}],"curies":[{"name":"wp","href":"https:\/\/api.w.org\/{rel}","templated":true}]}}