{"id":22931,"date":"2023-07-17T15:19:49","date_gmt":"2023-07-17T13:19:49","guid":{"rendered":"https:\/\/www.caudete.org\/ayuntamiento\/?p=22931"},"modified":"2023-07-17T15:19:49","modified_gmt":"2023-07-17T13:19:49","slug":"5-agentes-se-suman-hoy-a-la-plantilla-de-la-policia-local","status":"publish","type":"post","link":"https:\/\/www.caudete.org\/ayuntamiento\/5-agentes-se-suman-hoy-a-la-plantilla-de-la-policia-local\/","title":{"rendered":"5 Agentes se suman hoy a la plantilla de la Polic\u00eda Local"},"content":{"rendered":"<p style=\"text-align: center;\"><a href=\"https:\/\/www.caudete.org\/ayuntamiento\/wp-content\/uploads\/2023\/02\/IMG-20230225-WA0025-e1689599875728.jpg\" rel='prettyPhoto'><img fetchpriority=\"high\" decoding=\"async\" class=\"alignnone wp-image-21462 size-full\" src=\"https:\/\/www.caudete.org\/ayuntamiento\/wp-content\/uploads\/2023\/02\/IMG-20230225-WA0025-e1689599875728.jpg\" alt=\"\" width=\"832\" height=\"608\" srcset=\"https:\/\/www.caudete.org\/ayuntamiento\/wp-content\/uploads\/2023\/02\/IMG-20230225-WA0025-e1689599875728.jpg 832w, https:\/\/www.caudete.org\/ayuntamiento\/wp-content\/uploads\/2023\/02\/IMG-20230225-WA0025-e1689599875728-300x219.jpg 300w, https:\/\/www.caudete.org\/ayuntamiento\/wp-content\/uploads\/2023\/02\/IMG-20230225-WA0025-e1689599875728-768x561.jpg 768w\" sizes=\"(max-width: 832px) 100vw, 832px\" \/><\/a><\/p>\n<p style=\"text-align: justify;\">M\u00aa Dolores Requena Azor\u00edn, Concejal Delegada de Seguridad Ciudadana ha informado que en el d\u00eda de hoy se incorporan los 5 nuevos Agentes de Polic\u00eda Local que marcharon a la Escuela de Seguridad Ciudadana de Toledo, tras ser los ganadores de la oposici\u00f3n convocada, y jurar su cargo en el Ayuntamiento de Caudete.<\/p>\n<p style=\"text-align: justify;\">Remarcaba que es un momento hist\u00f3rico para el municipio, por ser la primera vez que la plantilla policial alcanza este n\u00ba de miembros activos (18), lo que indiscutiblemente marca cual es la preocupaci\u00f3n y la prioridad para el Gobierno Municipal: la tranquilidad y la seguridad de los caudetanos. Son los frutos de la gesti\u00f3n en dicha materia del anterior Gobierno Municipal que gestiona nuestro Alcalde, y por tanto, un hecho que hay que poner en valor a favor de quien gestion\u00f3 las Concejal\u00edas de Personal y de Interior en el anterior mandato, M\u00aa del Mar Requena.<\/p>\n<p style=\"text-align: justify;\">Estos nuevos agentes, han sido a\u00f1adidos al Cuadrante Policial, y ejercer\u00e1n su periodo de pr\u00e1cticas junto a uno de sus compa\u00f1eros veteranos, en todos los turnos, y pasando igualmente por todo tipo de servicio policial. Ser\u00e1 a mitad de Noviembre cuando finalicen este periodo, y tomen posesi\u00f3n como Funcionarios de Carrera, en su escala, en el Ayuntamiento de Caudete, donde ejercer\u00e1n con plenos derechos su puesto de trabajo.<\/p>\n<p style=\"text-align: justify;\">Igualmente, M\u00aa Dolores adelantaba que en la plantilla de la Polic\u00eda Local se prev\u00e9n nuevas incorporaciones en un futuro inmediato, con el objetivo de garantizar la seguridad de los caudetanos, cumpliendo as\u00ed el compromiso adquirido con el pueblo.<\/p>\n<p style=\"text-align: center;\"><a href=\"https:\/\/www.caudete.org\/ayuntamiento\/wp-content\/uploads\/2023\/07\/5-NUEVOS-AGENTES.jpg\" rel='prettyPhoto'><img decoding=\"async\" class=\"alignnone wp-image-22932 size-full\" src=\"https:\/\/www.caudete.org\/ayuntamiento\/wp-content\/uploads\/2023\/07\/5-NUEVOS-AGENTES.jpg\" alt=\"\" width=\"907\" height=\"727\" srcset=\"https:\/\/www.caudete.org\/ayuntamiento\/wp-content\/uploads\/2023\/07\/5-NUEVOS-AGENTES.jpg 907w, https:\/\/www.caudete.org\/ayuntamiento\/wp-content\/uploads\/2023\/07\/5-NUEVOS-AGENTES-300x240.jpg 300w, https:\/\/www.caudete.org\/ayuntamiento\/wp-content\/uploads\/2023\/07\/5-NUEVOS-AGENTES-768x616.jpg 768w\" sizes=\"(max-width: 907px) 100vw, 907px\" \/><\/a><\/p>\n","protected":false},"excerpt":{"rendered":"<p>M\u00aa Dolores Requena Azor\u00edn, Concejal Delegada de Seguridad Ciudadana ha informado que en el d\u00eda de hoy se incorporan los 5 nuevos Agentes de Polic\u00eda Local que marcharon a la Escuela de Seguridad Ciudadana de Toledo, tras ser los ganadores de la oposici\u00f3n convocada, y jurar su cargo en el Ayuntamiento de Caudete. Remarcaba que &hellip;<\/p>\n","protected":false},"author":3,"featured_media":22932,"comment_status":"closed","ping_status":"open","sticky":false,"template":"","format":"standard","meta":{"ngg_post_thumbnail":0,"footnotes":""},"categories":[852],"tags":[],"class_list":["post-22931","post","type-post","status-publish","format-standard","has-post-thumbnail","hentry","category-seguridad-ciudadana"],"yoast_head":"<!-- This site is optimized with the Yoast SEO plugin v27.5 - https:\/\/yoast.com\/product\/yoast-seo-wordpress\/ -->\n<title>5 Agentes se suman hoy a la plantilla de la Polic\u00eda Local - MI Ayuntamiento de Caudete<\/title>\n<meta name=\"description\" content=\"P\u00e1gina Oficial del Ayuntamiento de Caudete (Albacete)\" \/>\n<meta name=\"robots\" content=\"index, follow, max-snippet:-1, max-image-preview:large, max-video-preview:-1\" \/>\n<link rel=\"canonical\" href=\"https:\/\/www.caudete.org\/ayuntamiento\/5-agentes-se-suman-hoy-a-la-plantilla-de-la-policia-local\/\" \/>\n<meta property=\"og:locale\" content=\"es_ES\" \/>\n<meta property=\"og:type\" content=\"article\" \/>\n<meta property=\"og:title\" content=\"5 Agentes se suman hoy a la plantilla de la Polic\u00eda Local - MI Ayuntamiento de Caudete\" \/>\n<meta property=\"og:description\" content=\"P\u00e1gina Oficial del Ayuntamiento de Caudete (Albacete)\" \/>\n<meta property=\"og:url\" content=\"https:\/\/www.caudete.org\/ayuntamiento\/5-agentes-se-suman-hoy-a-la-plantilla-de-la-policia-local\/\" \/>\n<meta property=\"og:site_name\" content=\"MI Ayuntamiento de Caudete\" \/>\n<meta property=\"article:publisher\" content=\"https:\/\/www.facebook.com\/ayuntamientocaudete\/\" \/>\n<meta property=\"article:published_time\" content=\"2023-07-17T13:19:49+00:00\" \/>\n<meta property=\"og:image\" content=\"https:\/\/www.caudete.org\/ayuntamiento\/wp-content\/uploads\/2023\/07\/5-NUEVOS-AGENTES.jpg\" \/>\n\t<meta property=\"og:image:width\" content=\"907\" \/>\n\t<meta property=\"og:image:height\" content=\"727\" \/>\n\t<meta property=\"og:image:type\" content=\"image\/jpeg\" \/>\n<meta name=\"author\" content=\"alcalde\" \/>\n<meta name=\"twitter:card\" content=\"summary_large_image\" \/>\n<meta name=\"twitter:label1\" content=\"Escrito por\" \/>\n\t<meta name=\"twitter:data1\" content=\"alcalde\" \/>\n\t<meta name=\"twitter:label2\" content=\"Tiempo de lectura\" \/>\n\t<meta name=\"twitter:data2\" content=\"2 minutos\" \/>\n<script type=\"application\/ld+json\" class=\"yoast-schema-graph\">{\"@context\":\"https:\\\/\\\/schema.org\",\"@graph\":[{\"@type\":\"Article\",\"@id\":\"https:\\\/\\\/www.caudete.org\\\/ayuntamiento\\\/5-agentes-se-suman-hoy-a-la-plantilla-de-la-policia-local\\\/#article\",\"isPartOf\":{\"@id\":\"https:\\\/\\\/www.caudete.org\\\/ayuntamiento\\\/5-agentes-se-suman-hoy-a-la-plantilla-de-la-policia-local\\\/\"},\"author\":{\"name\":\"alcalde\",\"@id\":\"https:\\\/\\\/www.caudete.org\\\/ayuntamiento\\\/#\\\/schema\\\/person\\\/cc646da9133078ee4d8dd47457947253\"},\"headline\":\"5 Agentes se suman hoy a la plantilla de la Polic\u00eda Local\",\"datePublished\":\"2023-07-17T13:19:49+00:00\",\"mainEntityOfPage\":{\"@id\":\"https:\\\/\\\/www.caudete.org\\\/ayuntamiento\\\/5-agentes-se-suman-hoy-a-la-plantilla-de-la-policia-local\\\/\"},\"wordCount\":281,\"image\":{\"@id\":\"https:\\\/\\\/www.caudete.org\\\/ayuntamiento\\\/5-agentes-se-suman-hoy-a-la-plantilla-de-la-policia-local\\\/#primaryimage\"},\"thumbnailUrl\":\"https:\\\/\\\/www.caudete.org\\\/ayuntamiento\\\/wp-content\\\/uploads\\\/2023\\\/07\\\/5-NUEVOS-AGENTES.jpg\",\"articleSection\":[\"Seguridad Ciudadana\"],\"inLanguage\":\"es\"},{\"@type\":\"WebPage\",\"@id\":\"https:\\\/\\\/www.caudete.org\\\/ayuntamiento\\\/5-agentes-se-suman-hoy-a-la-plantilla-de-la-policia-local\\\/\",\"url\":\"https:\\\/\\\/www.caudete.org\\\/ayuntamiento\\\/5-agentes-se-suman-hoy-a-la-plantilla-de-la-policia-local\\\/\",\"name\":\"5 Agentes se suman hoy a la plantilla de la Polic\u00eda Local - MI Ayuntamiento de Caudete\",\"isPartOf\":{\"@id\":\"https:\\\/\\\/www.caudete.org\\\/ayuntamiento\\\/#website\"},\"primaryImageOfPage\":{\"@id\":\"https:\\\/\\\/www.caudete.org\\\/ayuntamiento\\\/5-agentes-se-suman-hoy-a-la-plantilla-de-la-policia-local\\\/#primaryimage\"},\"image\":{\"@id\":\"https:\\\/\\\/www.caudete.org\\\/ayuntamiento\\\/5-agentes-se-suman-hoy-a-la-plantilla-de-la-policia-local\\\/#primaryimage\"},\"thumbnailUrl\":\"https:\\\/\\\/www.caudete.org\\\/ayuntamiento\\\/wp-content\\\/uploads\\\/2023\\\/07\\\/5-NUEVOS-AGENTES.jpg\",\"datePublished\":\"2023-07-17T13:19:49+00:00\",\"author\":{\"@id\":\"https:\\\/\\\/www.caudete.org\\\/ayuntamiento\\\/#\\\/schema\\\/person\\\/cc646da9133078ee4d8dd47457947253\"},\"description\":\"P\u00e1gina Oficial del Ayuntamiento de Caudete (Albacete)\",\"breadcrumb\":{\"@id\":\"https:\\\/\\\/www.caudete.org\\\/ayuntamiento\\\/5-agentes-se-suman-hoy-a-la-plantilla-de-la-policia-local\\\/#breadcrumb\"},\"inLanguage\":\"es\",\"potentialAction\":[{\"@type\":\"ReadAction\",\"target\":[\"https:\\\/\\\/www.caudete.org\\\/ayuntamiento\\\/5-agentes-se-suman-hoy-a-la-plantilla-de-la-policia-local\\\/\"]}]},{\"@type\":\"ImageObject\",\"inLanguage\":\"es\",\"@id\":\"https:\\\/\\\/www.caudete.org\\\/ayuntamiento\\\/5-agentes-se-suman-hoy-a-la-plantilla-de-la-policia-local\\\/#primaryimage\",\"url\":\"https:\\\/\\\/www.caudete.org\\\/ayuntamiento\\\/wp-content\\\/uploads\\\/2023\\\/07\\\/5-NUEVOS-AGENTES.jpg\",\"contentUrl\":\"https:\\\/\\\/www.caudete.org\\\/ayuntamiento\\\/wp-content\\\/uploads\\\/2023\\\/07\\\/5-NUEVOS-AGENTES.jpg\",\"width\":907,\"height\":727},{\"@type\":\"BreadcrumbList\",\"@id\":\"https:\\\/\\\/www.caudete.org\\\/ayuntamiento\\\/5-agentes-se-suman-hoy-a-la-plantilla-de-la-policia-local\\\/#breadcrumb\",\"itemListElement\":[{\"@type\":\"ListItem\",\"position\":1,\"name\":\"Inicio\",\"item\":\"https:\\\/\\\/www.caudete.org\\\/ayuntamiento\\\/\"},{\"@type\":\"ListItem\",\"position\":2,\"name\":\"5 Agentes se suman hoy a la plantilla de la Polic\u00eda Local\"}]},{\"@type\":\"WebSite\",\"@id\":\"https:\\\/\\\/www.caudete.org\\\/ayuntamiento\\\/#website\",\"url\":\"https:\\\/\\\/www.caudete.org\\\/ayuntamiento\\\/\",\"name\":\"MI Ayuntamiento de Caudete\",\"description\":\"P\u00e1gina Oficial del MI Ayuntamiento de Caudete\",\"potentialAction\":[{\"@type\":\"SearchAction\",\"target\":{\"@type\":\"EntryPoint\",\"urlTemplate\":\"https:\\\/\\\/www.caudete.org\\\/ayuntamiento\\\/?s={search_term_string}\"},\"query-input\":{\"@type\":\"PropertyValueSpecification\",\"valueRequired\":true,\"valueName\":\"search_term_string\"}}],\"inLanguage\":\"es\"},{\"@type\":\"Person\",\"@id\":\"https:\\\/\\\/www.caudete.org\\\/ayuntamiento\\\/#\\\/schema\\\/person\\\/cc646da9133078ee4d8dd47457947253\",\"name\":\"alcalde\",\"image\":{\"@type\":\"ImageObject\",\"inLanguage\":\"es\",\"@id\":\"https:\\\/\\\/secure.gravatar.com\\\/avatar\\\/84a817ba065b29ff08d666b215a215f5c79186a645ccb25b14a663d48a130f77?s=96&d=mm&r=g\",\"url\":\"https:\\\/\\\/secure.gravatar.com\\\/avatar\\\/84a817ba065b29ff08d666b215a215f5c79186a645ccb25b14a663d48a130f77?s=96&d=mm&r=g\",\"contentUrl\":\"https:\\\/\\\/secure.gravatar.com\\\/avatar\\\/84a817ba065b29ff08d666b215a215f5c79186a645ccb25b14a663d48a130f77?s=96&d=mm&r=g\",\"caption\":\"alcalde\"},\"url\":\"https:\\\/\\\/www.caudete.org\\\/ayuntamiento\\\/author\\\/alcalde\\\/\"}]}<\/script>\n<!-- \/ Yoast SEO plugin. -->","yoast_head_json":{"title":"5 Agentes se suman hoy a la plantilla de la Polic\u00eda Local - MI Ayuntamiento de Caudete","description":"P\u00e1gina Oficial del Ayuntamiento de Caudete (Albacete)","robots":{"index":"index","follow":"follow","max-snippet":"max-snippet:-1","max-image-preview":"max-image-preview:large","max-video-preview":"max-video-preview:-1"},"canonical":"https:\/\/www.caudete.org\/ayuntamiento\/5-agentes-se-suman-hoy-a-la-plantilla-de-la-policia-local\/","og_locale":"es_ES","og_type":"article","og_title":"5 Agentes se suman hoy a la plantilla de la Polic\u00eda Local - MI Ayuntamiento de Caudete","og_description":"P\u00e1gina Oficial del Ayuntamiento de Caudete (Albacete)","og_url":"https:\/\/www.caudete.org\/ayuntamiento\/5-agentes-se-suman-hoy-a-la-plantilla-de-la-policia-local\/","og_site_name":"MI Ayuntamiento de Caudete","article_publisher":"https:\/\/www.facebook.com\/ayuntamientocaudete\/","article_published_time":"2023-07-17T13:19:49+00:00","og_image":[{"width":907,"height":727,"url":"https:\/\/www.caudete.org\/ayuntamiento\/wp-content\/uploads\/2023\/07\/5-NUEVOS-AGENTES.jpg","type":"image\/jpeg"}],"author":"alcalde","twitter_card":"summary_large_image","twitter_misc":{"Escrito por":"alcalde","Tiempo de lectura":"2 minutos"},"schema":{"@context":"https:\/\/schema.org","@graph":[{"@type":"Article","@id":"https:\/\/www.caudete.org\/ayuntamiento\/5-agentes-se-suman-hoy-a-la-plantilla-de-la-policia-local\/#article","isPartOf":{"@id":"https:\/\/www.caudete.org\/ayuntamiento\/5-agentes-se-suman-hoy-a-la-plantilla-de-la-policia-local\/"},"author":{"name":"alcalde","@id":"https:\/\/www.caudete.org\/ayuntamiento\/#\/schema\/person\/cc646da9133078ee4d8dd47457947253"},"headline":"5 Agentes se suman hoy a la plantilla de la Polic\u00eda Local","datePublished":"2023-07-17T13:19:49+00:00","mainEntityOfPage":{"@id":"https:\/\/www.caudete.org\/ayuntamiento\/5-agentes-se-suman-hoy-a-la-plantilla-de-la-policia-local\/"},"wordCount":281,"image":{"@id":"https:\/\/www.caudete.org\/ayuntamiento\/5-agentes-se-suman-hoy-a-la-plantilla-de-la-policia-local\/#primaryimage"},"thumbnailUrl":"https:\/\/www.caudete.org\/ayuntamiento\/wp-content\/uploads\/2023\/07\/5-NUEVOS-AGENTES.jpg","articleSection":["Seguridad Ciudadana"],"inLanguage":"es"},{"@type":"WebPage","@id":"https:\/\/www.caudete.org\/ayuntamiento\/5-agentes-se-suman-hoy-a-la-plantilla-de-la-policia-local\/","url":"https:\/\/www.caudete.org\/ayuntamiento\/5-agentes-se-suman-hoy-a-la-plantilla-de-la-policia-local\/","name":"5 Agentes se suman hoy a la plantilla de la Polic\u00eda Local - MI Ayuntamiento de Caudete","isPartOf":{"@id":"https:\/\/www.caudete.org\/ayuntamiento\/#website"},"primaryImageOfPage":{"@id":"https:\/\/www.caudete.org\/ayuntamiento\/5-agentes-se-suman-hoy-a-la-plantilla-de-la-policia-local\/#primaryimage"},"image":{"@id":"https:\/\/www.caudete.org\/ayuntamiento\/5-agentes-se-suman-hoy-a-la-plantilla-de-la-policia-local\/#primaryimage"},"thumbnailUrl":"https:\/\/www.caudete.org\/ayuntamiento\/wp-content\/uploads\/2023\/07\/5-NUEVOS-AGENTES.jpg","datePublished":"2023-07-17T13:19:49+00:00","author":{"@id":"https:\/\/www.caudete.org\/ayuntamiento\/#\/schema\/person\/cc646da9133078ee4d8dd47457947253"},"description":"P\u00e1gina Oficial del Ayuntamiento de Caudete (Albacete)","breadcrumb":{"@id":"https:\/\/www.caudete.org\/ayuntamiento\/5-agentes-se-suman-hoy-a-la-plantilla-de-la-policia-local\/#breadcrumb"},"inLanguage":"es","potentialAction":[{"@type":"ReadAction","target":["https:\/\/www.caudete.org\/ayuntamiento\/5-agentes-se-suman-hoy-a-la-plantilla-de-la-policia-local\/"]}]},{"@type":"ImageObject","inLanguage":"es","@id":"https:\/\/www.caudete.org\/ayuntamiento\/5-agentes-se-suman-hoy-a-la-plantilla-de-la-policia-local\/#primaryimage","url":"https:\/\/www.caudete.org\/ayuntamiento\/wp-content\/uploads\/2023\/07\/5-NUEVOS-AGENTES.jpg","contentUrl":"https:\/\/www.caudete.org\/ayuntamiento\/wp-content\/uploads\/2023\/07\/5-NUEVOS-AGENTES.jpg","width":907,"height":727},{"@type":"BreadcrumbList","@id":"https:\/\/www.caudete.org\/ayuntamiento\/5-agentes-se-suman-hoy-a-la-plantilla-de-la-policia-local\/#breadcrumb","itemListElement":[{"@type":"ListItem","position":1,"name":"Inicio","item":"https:\/\/www.caudete.org\/ayuntamiento\/"},{"@type":"ListItem","position":2,"name":"5 Agentes se suman hoy a la plantilla de la Polic\u00eda Local"}]},{"@type":"WebSite","@id":"https:\/\/www.caudete.org\/ayuntamiento\/#website","url":"https:\/\/www.caudete.org\/ayuntamiento\/","name":"MI Ayuntamiento de Caudete","description":"P\u00e1gina Oficial del MI Ayuntamiento de Caudete","potentialAction":[{"@type":"SearchAction","target":{"@type":"EntryPoint","urlTemplate":"https:\/\/www.caudete.org\/ayuntamiento\/?s={search_term_string}"},"query-input":{"@type":"PropertyValueSpecification","valueRequired":true,"valueName":"search_term_string"}}],"inLanguage":"es"},{"@type":"Person","@id":"https:\/\/www.caudete.org\/ayuntamiento\/#\/schema\/person\/cc646da9133078ee4d8dd47457947253","name":"alcalde","image":{"@type":"ImageObject","inLanguage":"es","@id":"https:\/\/secure.gravatar.com\/avatar\/84a817ba065b29ff08d666b215a215f5c79186a645ccb25b14a663d48a130f77?s=96&d=mm&r=g","url":"https:\/\/secure.gravatar.com\/avatar\/84a817ba065b29ff08d666b215a215f5c79186a645ccb25b14a663d48a130f77?s=96&d=mm&r=g","contentUrl":"https:\/\/secure.gravatar.com\/avatar\/84a817ba065b29ff08d666b215a215f5c79186a645ccb25b14a663d48a130f77?s=96&d=mm&r=g","caption":"alcalde"},"url":"https:\/\/www.caudete.org\/ayuntamiento\/author\/alcalde\/"}]}},"_links":{"self":[{"href":"https:\/\/www.caudete.org\/ayuntamiento\/wp-json\/wp\/v2\/posts\/22931","targetHints":{"allow":["GET"]}}],"collection":[{"href":"https:\/\/www.caudete.org\/ayuntamiento\/wp-json\/wp\/v2\/posts"}],"about":[{"href":"https:\/\/www.caudete.org\/ayuntamiento\/wp-json\/wp\/v2\/types\/post"}],"author":[{"embeddable":true,"href":"https:\/\/www.caudete.org\/ayuntamiento\/wp-json\/wp\/v2\/users\/3"}],"replies":[{"embeddable":true,"href":"https:\/\/www.caudete.org\/ayuntamiento\/wp-json\/wp\/v2\/comments?post=22931"}],"version-history":[{"count":1,"href":"https:\/\/www.caudete.org\/ayuntamiento\/wp-json\/wp\/v2\/posts\/22931\/revisions"}],"predecessor-version":[{"id":22933,"href":"https:\/\/www.caudete.org\/ayuntamiento\/wp-json\/wp\/v2\/posts\/22931\/revisions\/22933"}],"wp:featuredmedia":[{"embeddable":true,"href":"https:\/\/www.caudete.org\/ayuntamiento\/wp-json\/wp\/v2\/media\/22932"}],"wp:attachment":[{"href":"https:\/\/www.caudete.org\/ayuntamiento\/wp-json\/wp\/v2\/media?parent=22931"}],"wp:term":[{"taxonomy":"category","embeddable":true,"href":"https:\/\/www.caudete.org\/ayuntamiento\/wp-json\/wp\/v2\/categories?post=22931"},{"taxonomy":"post_tag","embeddable":true,"href":"https:\/\/www.caudete.org\/ayuntamiento\/wp-json\/wp\/v2\/tags?post=22931"}],"curies":[{"name":"wp","href":"https:\/\/api.w.org\/{rel}","templated":true}]}}