{"id":22939,"date":"2023-07-18T14:53:10","date_gmt":"2023-07-18T12:53:10","guid":{"rendered":"https:\/\/www.caudete.org\/ayuntamiento\/?p=22939"},"modified":"2023-07-18T14:53:10","modified_gmt":"2023-07-18T12:53:10","slug":"el-ayuntamiento-prepara-la-cena-de-gala-de-su-dama-de-honor-para-el-28-de-julio","status":"publish","type":"post","link":"https:\/\/www.caudete.org\/ayuntamiento\/el-ayuntamiento-prepara-la-cena-de-gala-de-su-dama-de-honor-para-el-28-de-julio\/","title":{"rendered":"El Ayuntamiento prepara la CENA DE GALA de su Dama de Honor, para el 28 de Julio"},"content":{"rendered":"<p style=\"text-align: justify;\">El Concejal de Fiestas, Francisco Medina Requena, ha adelantado que la ya tradicional Cena de Gala de la Dama de Honor del M.I.Ayuntamiento se celebrar\u00e1 el pr\u00f3ximo viernes 28 de Julio en el complejo de Los Mirenos a las 21.00 horas.<\/p>\n<p style=\"text-align: justify;\">En la misma, se\u00a0 realizar\u00e1 la exaltaci\u00f3n de la Dama de Honor 2023 para las Fiestas Patronales, la Sta. Almudena Uribe-Echevarria Valencia, quien adem\u00e1s fue nombrada Reina de Fiestas el pasado 1 de Julio, tras 19 a\u00f1os sin recaer esta distinci\u00f3n en la mujer caudetana que durante las fiestas representa a la poblaci\u00f3n por medio del Consistorio.<\/p>\n<p style=\"text-align: justify;\">Durante el acto, se contar\u00e1 con el homenaje a quien fuera Dama de Honor el pasado a\u00f1o, la Srta. M\u00aa del Mar S\u00e1nchez L\u00f3pez, y de quien lo fuera hace ahora 25 a\u00f1os, D\u00f1a. Isabel Franc\u00e9s \u00dabeda. Se completar\u00e1 el acto con el homenaje a las Damas de 1969 y 1973, D\u00f1a. Rafaela Solera Ba\u00f1\u00f3n y D\u00f1a. Mar\u00eda Dolores Ba\u00f1\u00f3n Graci\u00e1, respectivamente.<\/p>\n<p style=\"text-align: justify;\">Las reservas se pueden hacer hasta el mismo d\u00eda 24 de Julio, al precio de 30\u20ac por comensal, en el n\u00famero de tel\u00e9fono 665.900.087, abierta no solo a festeros, sino tambien a todos aquellos caudetanos que quieran disfrutar de una noche de fiesta.<\/p>\n<p><a href=\"https:\/\/www.caudete.org\/ayuntamiento\/wp-content\/uploads\/2023\/07\/WhatsApp-Image-2023-07-17-at-22.40.51-1.jpeg\" rel='prettyPhoto'><img fetchpriority=\"high\" decoding=\"async\" class=\"alignnone wp-image-22941 size-full\" src=\"https:\/\/www.caudete.org\/ayuntamiento\/wp-content\/uploads\/2023\/07\/WhatsApp-Image-2023-07-17-at-22.40.51-1.jpeg\" alt=\"\" width=\"1131\" height=\"1600\" srcset=\"https:\/\/www.caudete.org\/ayuntamiento\/wp-content\/uploads\/2023\/07\/WhatsApp-Image-2023-07-17-at-22.40.51-1.jpeg 1131w, https:\/\/www.caudete.org\/ayuntamiento\/wp-content\/uploads\/2023\/07\/WhatsApp-Image-2023-07-17-at-22.40.51-1-212x300.jpeg 212w, https:\/\/www.caudete.org\/ayuntamiento\/wp-content\/uploads\/2023\/07\/WhatsApp-Image-2023-07-17-at-22.40.51-1-724x1024.jpeg 724w, https:\/\/www.caudete.org\/ayuntamiento\/wp-content\/uploads\/2023\/07\/WhatsApp-Image-2023-07-17-at-22.40.51-1-768x1086.jpeg 768w, https:\/\/www.caudete.org\/ayuntamiento\/wp-content\/uploads\/2023\/07\/WhatsApp-Image-2023-07-17-at-22.40.51-1-1086x1536.jpeg 1086w\" sizes=\"(max-width: 1131px) 100vw, 1131px\" \/><\/a><\/p>\n","protected":false},"excerpt":{"rendered":"<p>El Concejal de Fiestas, Francisco Medina Requena, ha adelantado que la ya tradicional Cena de Gala de la Dama de Honor del M.I.Ayuntamiento se celebrar\u00e1 el pr\u00f3ximo viernes 28 de Julio en el complejo de Los Mirenos a las 21.00 horas. En la misma, se\u00a0 realizar\u00e1 la exaltaci\u00f3n de la Dama de Honor 2023 para &hellip;<\/p>\n","protected":false},"author":3,"featured_media":22940,"comment_status":"closed","ping_status":"open","sticky":false,"template":"","format":"standard","meta":{"ngg_post_thumbnail":0,"footnotes":""},"categories":[31],"tags":[],"class_list":["post-22939","post","type-post","status-publish","format-standard","has-post-thumbnail","hentry","category-fiestas"],"yoast_head":"<!-- This site is optimized with the Yoast SEO plugin v27.5 - https:\/\/yoast.com\/product\/yoast-seo-wordpress\/ -->\n<title>El Ayuntamiento prepara la CENA DE GALA de su Dama de Honor, para el 28 de Julio - MI Ayuntamiento de Caudete<\/title>\n<meta name=\"description\" content=\"P\u00e1gina Oficial del Ayuntamiento de Caudete (Albacete)\" \/>\n<meta name=\"robots\" content=\"index, follow, max-snippet:-1, max-image-preview:large, max-video-preview:-1\" \/>\n<link rel=\"canonical\" href=\"https:\/\/www.caudete.org\/ayuntamiento\/el-ayuntamiento-prepara-la-cena-de-gala-de-su-dama-de-honor-para-el-28-de-julio\/\" \/>\n<meta property=\"og:locale\" content=\"es_ES\" \/>\n<meta property=\"og:type\" content=\"article\" \/>\n<meta property=\"og:title\" content=\"El Ayuntamiento prepara la CENA DE GALA de su Dama de Honor, para el 28 de Julio - MI Ayuntamiento de Caudete\" \/>\n<meta property=\"og:description\" content=\"P\u00e1gina Oficial del Ayuntamiento de Caudete (Albacete)\" \/>\n<meta property=\"og:url\" content=\"https:\/\/www.caudete.org\/ayuntamiento\/el-ayuntamiento-prepara-la-cena-de-gala-de-su-dama-de-honor-para-el-28-de-julio\/\" \/>\n<meta property=\"og:site_name\" content=\"MI Ayuntamiento de Caudete\" \/>\n<meta property=\"article:publisher\" content=\"https:\/\/www.facebook.com\/ayuntamientocaudete\/\" \/>\n<meta property=\"article:published_time\" content=\"2023-07-18T12:53:10+00:00\" \/>\n<meta property=\"og:image\" content=\"https:\/\/www.caudete.org\/ayuntamiento\/wp-content\/uploads\/2023\/07\/WhatsApp-Image-2023-07-17-at-22.40.51.jpeg\" \/>\n\t<meta property=\"og:image:width\" content=\"1131\" \/>\n\t<meta property=\"og:image:height\" content=\"665\" \/>\n\t<meta property=\"og:image:type\" content=\"image\/jpeg\" \/>\n<meta name=\"author\" content=\"alcalde\" \/>\n<meta name=\"twitter:card\" content=\"summary_large_image\" \/>\n<meta name=\"twitter:label1\" content=\"Escrito por\" \/>\n\t<meta name=\"twitter:data1\" content=\"alcalde\" \/>\n\t<meta name=\"twitter:label2\" content=\"Tiempo de lectura\" \/>\n\t<meta name=\"twitter:data2\" content=\"2 minutos\" \/>\n<script type=\"application\/ld+json\" class=\"yoast-schema-graph\">{\"@context\":\"https:\\\/\\\/schema.org\",\"@graph\":[{\"@type\":\"Article\",\"@id\":\"https:\\\/\\\/www.caudete.org\\\/ayuntamiento\\\/el-ayuntamiento-prepara-la-cena-de-gala-de-su-dama-de-honor-para-el-28-de-julio\\\/#article\",\"isPartOf\":{\"@id\":\"https:\\\/\\\/www.caudete.org\\\/ayuntamiento\\\/el-ayuntamiento-prepara-la-cena-de-gala-de-su-dama-de-honor-para-el-28-de-julio\\\/\"},\"author\":{\"name\":\"alcalde\",\"@id\":\"https:\\\/\\\/www.caudete.org\\\/ayuntamiento\\\/#\\\/schema\\\/person\\\/cc646da9133078ee4d8dd47457947253\"},\"headline\":\"El Ayuntamiento prepara la CENA DE GALA de su Dama de Honor, para el 28 de Julio\",\"datePublished\":\"2023-07-18T12:53:10+00:00\",\"mainEntityOfPage\":{\"@id\":\"https:\\\/\\\/www.caudete.org\\\/ayuntamiento\\\/el-ayuntamiento-prepara-la-cena-de-gala-de-su-dama-de-honor-para-el-28-de-julio\\\/\"},\"wordCount\":230,\"image\":{\"@id\":\"https:\\\/\\\/www.caudete.org\\\/ayuntamiento\\\/el-ayuntamiento-prepara-la-cena-de-gala-de-su-dama-de-honor-para-el-28-de-julio\\\/#primaryimage\"},\"thumbnailUrl\":\"https:\\\/\\\/www.caudete.org\\\/ayuntamiento\\\/wp-content\\\/uploads\\\/2023\\\/07\\\/WhatsApp-Image-2023-07-17-at-22.40.51.jpeg\",\"articleSection\":[\"Fiestas\"],\"inLanguage\":\"es\"},{\"@type\":\"WebPage\",\"@id\":\"https:\\\/\\\/www.caudete.org\\\/ayuntamiento\\\/el-ayuntamiento-prepara-la-cena-de-gala-de-su-dama-de-honor-para-el-28-de-julio\\\/\",\"url\":\"https:\\\/\\\/www.caudete.org\\\/ayuntamiento\\\/el-ayuntamiento-prepara-la-cena-de-gala-de-su-dama-de-honor-para-el-28-de-julio\\\/\",\"name\":\"El Ayuntamiento prepara la CENA DE GALA de su Dama de Honor, para el 28 de Julio - MI Ayuntamiento de Caudete\",\"isPartOf\":{\"@id\":\"https:\\\/\\\/www.caudete.org\\\/ayuntamiento\\\/#website\"},\"primaryImageOfPage\":{\"@id\":\"https:\\\/\\\/www.caudete.org\\\/ayuntamiento\\\/el-ayuntamiento-prepara-la-cena-de-gala-de-su-dama-de-honor-para-el-28-de-julio\\\/#primaryimage\"},\"image\":{\"@id\":\"https:\\\/\\\/www.caudete.org\\\/ayuntamiento\\\/el-ayuntamiento-prepara-la-cena-de-gala-de-su-dama-de-honor-para-el-28-de-julio\\\/#primaryimage\"},\"thumbnailUrl\":\"https:\\\/\\\/www.caudete.org\\\/ayuntamiento\\\/wp-content\\\/uploads\\\/2023\\\/07\\\/WhatsApp-Image-2023-07-17-at-22.40.51.jpeg\",\"datePublished\":\"2023-07-18T12:53:10+00:00\",\"author\":{\"@id\":\"https:\\\/\\\/www.caudete.org\\\/ayuntamiento\\\/#\\\/schema\\\/person\\\/cc646da9133078ee4d8dd47457947253\"},\"description\":\"P\u00e1gina Oficial del Ayuntamiento de Caudete (Albacete)\",\"breadcrumb\":{\"@id\":\"https:\\\/\\\/www.caudete.org\\\/ayuntamiento\\\/el-ayuntamiento-prepara-la-cena-de-gala-de-su-dama-de-honor-para-el-28-de-julio\\\/#breadcrumb\"},\"inLanguage\":\"es\",\"potentialAction\":[{\"@type\":\"ReadAction\",\"target\":[\"https:\\\/\\\/www.caudete.org\\\/ayuntamiento\\\/el-ayuntamiento-prepara-la-cena-de-gala-de-su-dama-de-honor-para-el-28-de-julio\\\/\"]}]},{\"@type\":\"ImageObject\",\"inLanguage\":\"es\",\"@id\":\"https:\\\/\\\/www.caudete.org\\\/ayuntamiento\\\/el-ayuntamiento-prepara-la-cena-de-gala-de-su-dama-de-honor-para-el-28-de-julio\\\/#primaryimage\",\"url\":\"https:\\\/\\\/www.caudete.org\\\/ayuntamiento\\\/wp-content\\\/uploads\\\/2023\\\/07\\\/WhatsApp-Image-2023-07-17-at-22.40.51.jpeg\",\"contentUrl\":\"https:\\\/\\\/www.caudete.org\\\/ayuntamiento\\\/wp-content\\\/uploads\\\/2023\\\/07\\\/WhatsApp-Image-2023-07-17-at-22.40.51.jpeg\",\"width\":1131,\"height\":665},{\"@type\":\"BreadcrumbList\",\"@id\":\"https:\\\/\\\/www.caudete.org\\\/ayuntamiento\\\/el-ayuntamiento-prepara-la-cena-de-gala-de-su-dama-de-honor-para-el-28-de-julio\\\/#breadcrumb\",\"itemListElement\":[{\"@type\":\"ListItem\",\"position\":1,\"name\":\"Inicio\",\"item\":\"https:\\\/\\\/www.caudete.org\\\/ayuntamiento\\\/\"},{\"@type\":\"ListItem\",\"position\":2,\"name\":\"El Ayuntamiento prepara la CENA DE GALA de su Dama de Honor, para el 28 de Julio\"}]},{\"@type\":\"WebSite\",\"@id\":\"https:\\\/\\\/www.caudete.org\\\/ayuntamiento\\\/#website\",\"url\":\"https:\\\/\\\/www.caudete.org\\\/ayuntamiento\\\/\",\"name\":\"MI Ayuntamiento de Caudete\",\"description\":\"P\u00e1gina Oficial del MI Ayuntamiento de Caudete\",\"potentialAction\":[{\"@type\":\"SearchAction\",\"target\":{\"@type\":\"EntryPoint\",\"urlTemplate\":\"https:\\\/\\\/www.caudete.org\\\/ayuntamiento\\\/?s={search_term_string}\"},\"query-input\":{\"@type\":\"PropertyValueSpecification\",\"valueRequired\":true,\"valueName\":\"search_term_string\"}}],\"inLanguage\":\"es\"},{\"@type\":\"Person\",\"@id\":\"https:\\\/\\\/www.caudete.org\\\/ayuntamiento\\\/#\\\/schema\\\/person\\\/cc646da9133078ee4d8dd47457947253\",\"name\":\"alcalde\",\"image\":{\"@type\":\"ImageObject\",\"inLanguage\":\"es\",\"@id\":\"https:\\\/\\\/secure.gravatar.com\\\/avatar\\\/84a817ba065b29ff08d666b215a215f5c79186a645ccb25b14a663d48a130f77?s=96&d=mm&r=g\",\"url\":\"https:\\\/\\\/secure.gravatar.com\\\/avatar\\\/84a817ba065b29ff08d666b215a215f5c79186a645ccb25b14a663d48a130f77?s=96&d=mm&r=g\",\"contentUrl\":\"https:\\\/\\\/secure.gravatar.com\\\/avatar\\\/84a817ba065b29ff08d666b215a215f5c79186a645ccb25b14a663d48a130f77?s=96&d=mm&r=g\",\"caption\":\"alcalde\"},\"url\":\"https:\\\/\\\/www.caudete.org\\\/ayuntamiento\\\/author\\\/alcalde\\\/\"}]}<\/script>\n<!-- \/ Yoast SEO plugin. -->","yoast_head_json":{"title":"El Ayuntamiento prepara la CENA DE GALA de su Dama de Honor, para el 28 de Julio - MI Ayuntamiento de Caudete","description":"P\u00e1gina Oficial del Ayuntamiento de Caudete (Albacete)","robots":{"index":"index","follow":"follow","max-snippet":"max-snippet:-1","max-image-preview":"max-image-preview:large","max-video-preview":"max-video-preview:-1"},"canonical":"https:\/\/www.caudete.org\/ayuntamiento\/el-ayuntamiento-prepara-la-cena-de-gala-de-su-dama-de-honor-para-el-28-de-julio\/","og_locale":"es_ES","og_type":"article","og_title":"El Ayuntamiento prepara la CENA DE GALA de su Dama de Honor, para el 28 de Julio - MI Ayuntamiento de Caudete","og_description":"P\u00e1gina Oficial del Ayuntamiento de Caudete (Albacete)","og_url":"https:\/\/www.caudete.org\/ayuntamiento\/el-ayuntamiento-prepara-la-cena-de-gala-de-su-dama-de-honor-para-el-28-de-julio\/","og_site_name":"MI Ayuntamiento de Caudete","article_publisher":"https:\/\/www.facebook.com\/ayuntamientocaudete\/","article_published_time":"2023-07-18T12:53:10+00:00","og_image":[{"width":1131,"height":665,"url":"https:\/\/www.caudete.org\/ayuntamiento\/wp-content\/uploads\/2023\/07\/WhatsApp-Image-2023-07-17-at-22.40.51.jpeg","type":"image\/jpeg"}],"author":"alcalde","twitter_card":"summary_large_image","twitter_misc":{"Escrito por":"alcalde","Tiempo de lectura":"2 minutos"},"schema":{"@context":"https:\/\/schema.org","@graph":[{"@type":"Article","@id":"https:\/\/www.caudete.org\/ayuntamiento\/el-ayuntamiento-prepara-la-cena-de-gala-de-su-dama-de-honor-para-el-28-de-julio\/#article","isPartOf":{"@id":"https:\/\/www.caudete.org\/ayuntamiento\/el-ayuntamiento-prepara-la-cena-de-gala-de-su-dama-de-honor-para-el-28-de-julio\/"},"author":{"name":"alcalde","@id":"https:\/\/www.caudete.org\/ayuntamiento\/#\/schema\/person\/cc646da9133078ee4d8dd47457947253"},"headline":"El Ayuntamiento prepara la CENA DE GALA de su Dama de Honor, para el 28 de Julio","datePublished":"2023-07-18T12:53:10+00:00","mainEntityOfPage":{"@id":"https:\/\/www.caudete.org\/ayuntamiento\/el-ayuntamiento-prepara-la-cena-de-gala-de-su-dama-de-honor-para-el-28-de-julio\/"},"wordCount":230,"image":{"@id":"https:\/\/www.caudete.org\/ayuntamiento\/el-ayuntamiento-prepara-la-cena-de-gala-de-su-dama-de-honor-para-el-28-de-julio\/#primaryimage"},"thumbnailUrl":"https:\/\/www.caudete.org\/ayuntamiento\/wp-content\/uploads\/2023\/07\/WhatsApp-Image-2023-07-17-at-22.40.51.jpeg","articleSection":["Fiestas"],"inLanguage":"es"},{"@type":"WebPage","@id":"https:\/\/www.caudete.org\/ayuntamiento\/el-ayuntamiento-prepara-la-cena-de-gala-de-su-dama-de-honor-para-el-28-de-julio\/","url":"https:\/\/www.caudete.org\/ayuntamiento\/el-ayuntamiento-prepara-la-cena-de-gala-de-su-dama-de-honor-para-el-28-de-julio\/","name":"El Ayuntamiento prepara la CENA DE GALA de su Dama de Honor, para el 28 de Julio - MI Ayuntamiento de Caudete","isPartOf":{"@id":"https:\/\/www.caudete.org\/ayuntamiento\/#website"},"primaryImageOfPage":{"@id":"https:\/\/www.caudete.org\/ayuntamiento\/el-ayuntamiento-prepara-la-cena-de-gala-de-su-dama-de-honor-para-el-28-de-julio\/#primaryimage"},"image":{"@id":"https:\/\/www.caudete.org\/ayuntamiento\/el-ayuntamiento-prepara-la-cena-de-gala-de-su-dama-de-honor-para-el-28-de-julio\/#primaryimage"},"thumbnailUrl":"https:\/\/www.caudete.org\/ayuntamiento\/wp-content\/uploads\/2023\/07\/WhatsApp-Image-2023-07-17-at-22.40.51.jpeg","datePublished":"2023-07-18T12:53:10+00:00","author":{"@id":"https:\/\/www.caudete.org\/ayuntamiento\/#\/schema\/person\/cc646da9133078ee4d8dd47457947253"},"description":"P\u00e1gina Oficial del Ayuntamiento de Caudete (Albacete)","breadcrumb":{"@id":"https:\/\/www.caudete.org\/ayuntamiento\/el-ayuntamiento-prepara-la-cena-de-gala-de-su-dama-de-honor-para-el-28-de-julio\/#breadcrumb"},"inLanguage":"es","potentialAction":[{"@type":"ReadAction","target":["https:\/\/www.caudete.org\/ayuntamiento\/el-ayuntamiento-prepara-la-cena-de-gala-de-su-dama-de-honor-para-el-28-de-julio\/"]}]},{"@type":"ImageObject","inLanguage":"es","@id":"https:\/\/www.caudete.org\/ayuntamiento\/el-ayuntamiento-prepara-la-cena-de-gala-de-su-dama-de-honor-para-el-28-de-julio\/#primaryimage","url":"https:\/\/www.caudete.org\/ayuntamiento\/wp-content\/uploads\/2023\/07\/WhatsApp-Image-2023-07-17-at-22.40.51.jpeg","contentUrl":"https:\/\/www.caudete.org\/ayuntamiento\/wp-content\/uploads\/2023\/07\/WhatsApp-Image-2023-07-17-at-22.40.51.jpeg","width":1131,"height":665},{"@type":"BreadcrumbList","@id":"https:\/\/www.caudete.org\/ayuntamiento\/el-ayuntamiento-prepara-la-cena-de-gala-de-su-dama-de-honor-para-el-28-de-julio\/#breadcrumb","itemListElement":[{"@type":"ListItem","position":1,"name":"Inicio","item":"https:\/\/www.caudete.org\/ayuntamiento\/"},{"@type":"ListItem","position":2,"name":"El Ayuntamiento prepara la CENA DE GALA de su Dama de Honor, para el 28 de Julio"}]},{"@type":"WebSite","@id":"https:\/\/www.caudete.org\/ayuntamiento\/#website","url":"https:\/\/www.caudete.org\/ayuntamiento\/","name":"MI Ayuntamiento de Caudete","description":"P\u00e1gina Oficial del MI Ayuntamiento de Caudete","potentialAction":[{"@type":"SearchAction","target":{"@type":"EntryPoint","urlTemplate":"https:\/\/www.caudete.org\/ayuntamiento\/?s={search_term_string}"},"query-input":{"@type":"PropertyValueSpecification","valueRequired":true,"valueName":"search_term_string"}}],"inLanguage":"es"},{"@type":"Person","@id":"https:\/\/www.caudete.org\/ayuntamiento\/#\/schema\/person\/cc646da9133078ee4d8dd47457947253","name":"alcalde","image":{"@type":"ImageObject","inLanguage":"es","@id":"https:\/\/secure.gravatar.com\/avatar\/84a817ba065b29ff08d666b215a215f5c79186a645ccb25b14a663d48a130f77?s=96&d=mm&r=g","url":"https:\/\/secure.gravatar.com\/avatar\/84a817ba065b29ff08d666b215a215f5c79186a645ccb25b14a663d48a130f77?s=96&d=mm&r=g","contentUrl":"https:\/\/secure.gravatar.com\/avatar\/84a817ba065b29ff08d666b215a215f5c79186a645ccb25b14a663d48a130f77?s=96&d=mm&r=g","caption":"alcalde"},"url":"https:\/\/www.caudete.org\/ayuntamiento\/author\/alcalde\/"}]}},"_links":{"self":[{"href":"https:\/\/www.caudete.org\/ayuntamiento\/wp-json\/wp\/v2\/posts\/22939","targetHints":{"allow":["GET"]}}],"collection":[{"href":"https:\/\/www.caudete.org\/ayuntamiento\/wp-json\/wp\/v2\/posts"}],"about":[{"href":"https:\/\/www.caudete.org\/ayuntamiento\/wp-json\/wp\/v2\/types\/post"}],"author":[{"embeddable":true,"href":"https:\/\/www.caudete.org\/ayuntamiento\/wp-json\/wp\/v2\/users\/3"}],"replies":[{"embeddable":true,"href":"https:\/\/www.caudete.org\/ayuntamiento\/wp-json\/wp\/v2\/comments?post=22939"}],"version-history":[{"count":1,"href":"https:\/\/www.caudete.org\/ayuntamiento\/wp-json\/wp\/v2\/posts\/22939\/revisions"}],"predecessor-version":[{"id":22942,"href":"https:\/\/www.caudete.org\/ayuntamiento\/wp-json\/wp\/v2\/posts\/22939\/revisions\/22942"}],"wp:featuredmedia":[{"embeddable":true,"href":"https:\/\/www.caudete.org\/ayuntamiento\/wp-json\/wp\/v2\/media\/22940"}],"wp:attachment":[{"href":"https:\/\/www.caudete.org\/ayuntamiento\/wp-json\/wp\/v2\/media?parent=22939"}],"wp:term":[{"taxonomy":"category","embeddable":true,"href":"https:\/\/www.caudete.org\/ayuntamiento\/wp-json\/wp\/v2\/categories?post=22939"},{"taxonomy":"post_tag","embeddable":true,"href":"https:\/\/www.caudete.org\/ayuntamiento\/wp-json\/wp\/v2\/tags?post=22939"}],"curies":[{"name":"wp","href":"https:\/\/api.w.org\/{rel}","templated":true}]}}