{"id":22960,"date":"2023-07-25T10:09:09","date_gmt":"2023-07-25T08:09:09","guid":{"rendered":"https:\/\/www.caudete.org\/ayuntamiento\/?p=22960"},"modified":"2023-07-25T10:09:57","modified_gmt":"2023-07-25T08:09:57","slug":"policia-y-gcivil-rescatan-a-una-pareja-que-cayo-con-su-vehiculo-al-fondo-de-una-rambla","status":"publish","type":"post","link":"https:\/\/www.caudete.org\/ayuntamiento\/policia-y-gcivil-rescatan-a-una-pareja-que-cayo-con-su-vehiculo-al-fondo-de-una-rambla\/","title":{"rendered":"Polic\u00eda y GCivil rescatan a una pareja que cay\u00f3 con su veh\u00edculo al fondo de una rambla"},"content":{"rendered":"<p style=\"text-align: justify;\">M\u00aa Dolores Requena, Concejal de Seguridad, ha informado que sobre las 10:00 horas del pasado Domingo 9 de julio se recib\u00eda una llamada del 112 en la Jefatura de Polic\u00eda Local, informando de que dos personas habr\u00edan ca\u00eddo con su veh\u00edculo en una rambla en la zona monta\u00f1osa existente entre el t\u00e9rmino municipal de Almansa y Caudete. R\u00e1pidamente la patrulla de Polic\u00eda Local junto a la de Guardia Civil se desplazaron a la zona, localizando al veh\u00edculo en el fondo de una rambla, gracias a la colaboraci\u00f3n de un ciclista.<\/p>\n<p style=\"text-align: justify;\">Al llegar al lugar encontraron a una pareja de personas mayores en buen estado, los cuales contaron a los agentes que la noche anterior, mientras regresaban a Caudete, cayeron con su veh\u00edculo a la rambla, y que hab\u00edan pasado la noche dentro del coche al no poder solicitar ayuda debido a la falta de cobertura telef\u00f3nica. Por parte de los agentes de Guardia Civil y Polic\u00eda Local se procedi\u00f3 al traslado de ambos al Centro Sanitario de Caudete para ser reconocidos por un m\u00e9dico, al tiempo que se llevaron a cabo gestiones para el aviso a sus familiares, as\u00ed como la recuperaci\u00f3n del veh\u00edculo siniestrado mediante una gr\u00faa.<\/p>\n","protected":false},"excerpt":{"rendered":"<p>M\u00aa Dolores Requena, Concejal de Seguridad, ha informado que sobre las 10:00 horas del pasado Domingo 9 de julio se recib\u00eda una llamada del 112 en la Jefatura de Polic\u00eda Local, informando de que dos personas habr\u00edan ca\u00eddo con su veh\u00edculo en una rambla en la zona monta\u00f1osa existente entre el t\u00e9rmino municipal de Almansa &hellip;<\/p>\n","protected":false},"author":3,"featured_media":22961,"comment_status":"closed","ping_status":"open","sticky":false,"template":"","format":"standard","meta":{"ngg_post_thumbnail":0,"footnotes":""},"categories":[852],"tags":[],"class_list":["post-22960","post","type-post","status-publish","format-standard","has-post-thumbnail","hentry","category-seguridad-ciudadana"],"yoast_head":"<!-- This site is optimized with the Yoast SEO plugin v27.5 - https:\/\/yoast.com\/product\/yoast-seo-wordpress\/ -->\n<title>Polic\u00eda y GCivil rescatan a una pareja que cay\u00f3 con su veh\u00edculo al fondo de una rambla - MI Ayuntamiento de Caudete<\/title>\n<meta name=\"description\" content=\"P\u00e1gina Oficial del Ayuntamiento de Caudete (Albacete)\" \/>\n<meta name=\"robots\" content=\"index, follow, max-snippet:-1, max-image-preview:large, max-video-preview:-1\" \/>\n<link rel=\"canonical\" href=\"https:\/\/www.caudete.org\/ayuntamiento\/policia-y-gcivil-rescatan-a-una-pareja-que-cayo-con-su-vehiculo-al-fondo-de-una-rambla\/\" \/>\n<meta property=\"og:locale\" content=\"es_ES\" \/>\n<meta property=\"og:type\" content=\"article\" \/>\n<meta property=\"og:title\" content=\"Polic\u00eda y GCivil rescatan a una pareja que cay\u00f3 con su veh\u00edculo al fondo de una rambla - MI Ayuntamiento de Caudete\" \/>\n<meta property=\"og:description\" content=\"P\u00e1gina Oficial del Ayuntamiento de Caudete (Albacete)\" \/>\n<meta property=\"og:url\" content=\"https:\/\/www.caudete.org\/ayuntamiento\/policia-y-gcivil-rescatan-a-una-pareja-que-cayo-con-su-vehiculo-al-fondo-de-una-rambla\/\" \/>\n<meta property=\"og:site_name\" content=\"MI Ayuntamiento de Caudete\" \/>\n<meta property=\"article:publisher\" content=\"https:\/\/www.facebook.com\/ayuntamientocaudete\/\" \/>\n<meta property=\"article:published_time\" content=\"2023-07-25T08:09:09+00:00\" \/>\n<meta property=\"article:modified_time\" content=\"2023-07-25T08:09:57+00:00\" \/>\n<meta property=\"og:image\" content=\"https:\/\/www.caudete.org\/ayuntamiento\/wp-content\/uploads\/2023\/07\/MDOLROES_POLICIA.jpg\" \/>\n\t<meta property=\"og:image:width\" content=\"921\" \/>\n\t<meta property=\"og:image:height\" content=\"625\" \/>\n\t<meta property=\"og:image:type\" content=\"image\/jpeg\" \/>\n<meta name=\"author\" content=\"alcalde\" \/>\n<meta name=\"twitter:card\" content=\"summary_large_image\" \/>\n<meta name=\"twitter:label1\" content=\"Escrito por\" \/>\n\t<meta name=\"twitter:data1\" content=\"alcalde\" \/>\n\t<meta name=\"twitter:label2\" content=\"Tiempo de lectura\" \/>\n\t<meta name=\"twitter:data2\" content=\"1 minuto\" \/>\n<script type=\"application\/ld+json\" class=\"yoast-schema-graph\">{\"@context\":\"https:\\\/\\\/schema.org\",\"@graph\":[{\"@type\":\"Article\",\"@id\":\"https:\\\/\\\/www.caudete.org\\\/ayuntamiento\\\/policia-y-gcivil-rescatan-a-una-pareja-que-cayo-con-su-vehiculo-al-fondo-de-una-rambla\\\/#article\",\"isPartOf\":{\"@id\":\"https:\\\/\\\/www.caudete.org\\\/ayuntamiento\\\/policia-y-gcivil-rescatan-a-una-pareja-que-cayo-con-su-vehiculo-al-fondo-de-una-rambla\\\/\"},\"author\":{\"name\":\"alcalde\",\"@id\":\"https:\\\/\\\/www.caudete.org\\\/ayuntamiento\\\/#\\\/schema\\\/person\\\/cc646da9133078ee4d8dd47457947253\"},\"headline\":\"Polic\u00eda y GCivil rescatan a una pareja que cay\u00f3 con su veh\u00edculo al fondo de una rambla\",\"datePublished\":\"2023-07-25T08:09:09+00:00\",\"dateModified\":\"2023-07-25T08:09:57+00:00\",\"mainEntityOfPage\":{\"@id\":\"https:\\\/\\\/www.caudete.org\\\/ayuntamiento\\\/policia-y-gcivil-rescatan-a-una-pareja-que-cayo-con-su-vehiculo-al-fondo-de-una-rambla\\\/\"},\"wordCount\":233,\"image\":{\"@id\":\"https:\\\/\\\/www.caudete.org\\\/ayuntamiento\\\/policia-y-gcivil-rescatan-a-una-pareja-que-cayo-con-su-vehiculo-al-fondo-de-una-rambla\\\/#primaryimage\"},\"thumbnailUrl\":\"https:\\\/\\\/www.caudete.org\\\/ayuntamiento\\\/wp-content\\\/uploads\\\/2023\\\/07\\\/MDOLROES_POLICIA.jpg\",\"articleSection\":[\"Seguridad Ciudadana\"],\"inLanguage\":\"es\"},{\"@type\":\"WebPage\",\"@id\":\"https:\\\/\\\/www.caudete.org\\\/ayuntamiento\\\/policia-y-gcivil-rescatan-a-una-pareja-que-cayo-con-su-vehiculo-al-fondo-de-una-rambla\\\/\",\"url\":\"https:\\\/\\\/www.caudete.org\\\/ayuntamiento\\\/policia-y-gcivil-rescatan-a-una-pareja-que-cayo-con-su-vehiculo-al-fondo-de-una-rambla\\\/\",\"name\":\"Polic\u00eda y GCivil rescatan a una pareja que cay\u00f3 con su veh\u00edculo al fondo de una rambla - MI Ayuntamiento de Caudete\",\"isPartOf\":{\"@id\":\"https:\\\/\\\/www.caudete.org\\\/ayuntamiento\\\/#website\"},\"primaryImageOfPage\":{\"@id\":\"https:\\\/\\\/www.caudete.org\\\/ayuntamiento\\\/policia-y-gcivil-rescatan-a-una-pareja-que-cayo-con-su-vehiculo-al-fondo-de-una-rambla\\\/#primaryimage\"},\"image\":{\"@id\":\"https:\\\/\\\/www.caudete.org\\\/ayuntamiento\\\/policia-y-gcivil-rescatan-a-una-pareja-que-cayo-con-su-vehiculo-al-fondo-de-una-rambla\\\/#primaryimage\"},\"thumbnailUrl\":\"https:\\\/\\\/www.caudete.org\\\/ayuntamiento\\\/wp-content\\\/uploads\\\/2023\\\/07\\\/MDOLROES_POLICIA.jpg\",\"datePublished\":\"2023-07-25T08:09:09+00:00\",\"dateModified\":\"2023-07-25T08:09:57+00:00\",\"author\":{\"@id\":\"https:\\\/\\\/www.caudete.org\\\/ayuntamiento\\\/#\\\/schema\\\/person\\\/cc646da9133078ee4d8dd47457947253\"},\"description\":\"P\u00e1gina Oficial del Ayuntamiento de Caudete (Albacete)\",\"breadcrumb\":{\"@id\":\"https:\\\/\\\/www.caudete.org\\\/ayuntamiento\\\/policia-y-gcivil-rescatan-a-una-pareja-que-cayo-con-su-vehiculo-al-fondo-de-una-rambla\\\/#breadcrumb\"},\"inLanguage\":\"es\",\"potentialAction\":[{\"@type\":\"ReadAction\",\"target\":[\"https:\\\/\\\/www.caudete.org\\\/ayuntamiento\\\/policia-y-gcivil-rescatan-a-una-pareja-que-cayo-con-su-vehiculo-al-fondo-de-una-rambla\\\/\"]}]},{\"@type\":\"ImageObject\",\"inLanguage\":\"es\",\"@id\":\"https:\\\/\\\/www.caudete.org\\\/ayuntamiento\\\/policia-y-gcivil-rescatan-a-una-pareja-que-cayo-con-su-vehiculo-al-fondo-de-una-rambla\\\/#primaryimage\",\"url\":\"https:\\\/\\\/www.caudete.org\\\/ayuntamiento\\\/wp-content\\\/uploads\\\/2023\\\/07\\\/MDOLROES_POLICIA.jpg\",\"contentUrl\":\"https:\\\/\\\/www.caudete.org\\\/ayuntamiento\\\/wp-content\\\/uploads\\\/2023\\\/07\\\/MDOLROES_POLICIA.jpg\",\"width\":921,\"height\":625},{\"@type\":\"BreadcrumbList\",\"@id\":\"https:\\\/\\\/www.caudete.org\\\/ayuntamiento\\\/policia-y-gcivil-rescatan-a-una-pareja-que-cayo-con-su-vehiculo-al-fondo-de-una-rambla\\\/#breadcrumb\",\"itemListElement\":[{\"@type\":\"ListItem\",\"position\":1,\"name\":\"Inicio\",\"item\":\"https:\\\/\\\/www.caudete.org\\\/ayuntamiento\\\/\"},{\"@type\":\"ListItem\",\"position\":2,\"name\":\"Polic\u00eda y GCivil rescatan a una pareja que cay\u00f3 con su veh\u00edculo al fondo de una rambla\"}]},{\"@type\":\"WebSite\",\"@id\":\"https:\\\/\\\/www.caudete.org\\\/ayuntamiento\\\/#website\",\"url\":\"https:\\\/\\\/www.caudete.org\\\/ayuntamiento\\\/\",\"name\":\"MI Ayuntamiento de Caudete\",\"description\":\"P\u00e1gina Oficial del MI Ayuntamiento de Caudete\",\"potentialAction\":[{\"@type\":\"SearchAction\",\"target\":{\"@type\":\"EntryPoint\",\"urlTemplate\":\"https:\\\/\\\/www.caudete.org\\\/ayuntamiento\\\/?s={search_term_string}\"},\"query-input\":{\"@type\":\"PropertyValueSpecification\",\"valueRequired\":true,\"valueName\":\"search_term_string\"}}],\"inLanguage\":\"es\"},{\"@type\":\"Person\",\"@id\":\"https:\\\/\\\/www.caudete.org\\\/ayuntamiento\\\/#\\\/schema\\\/person\\\/cc646da9133078ee4d8dd47457947253\",\"name\":\"alcalde\",\"image\":{\"@type\":\"ImageObject\",\"inLanguage\":\"es\",\"@id\":\"https:\\\/\\\/secure.gravatar.com\\\/avatar\\\/84a817ba065b29ff08d666b215a215f5c79186a645ccb25b14a663d48a130f77?s=96&d=mm&r=g\",\"url\":\"https:\\\/\\\/secure.gravatar.com\\\/avatar\\\/84a817ba065b29ff08d666b215a215f5c79186a645ccb25b14a663d48a130f77?s=96&d=mm&r=g\",\"contentUrl\":\"https:\\\/\\\/secure.gravatar.com\\\/avatar\\\/84a817ba065b29ff08d666b215a215f5c79186a645ccb25b14a663d48a130f77?s=96&d=mm&r=g\",\"caption\":\"alcalde\"},\"url\":\"https:\\\/\\\/www.caudete.org\\\/ayuntamiento\\\/author\\\/alcalde\\\/\"}]}<\/script>\n<!-- \/ Yoast SEO plugin. -->","yoast_head_json":{"title":"Polic\u00eda y GCivil rescatan a una pareja que cay\u00f3 con su veh\u00edculo al fondo de una rambla - MI Ayuntamiento de Caudete","description":"P\u00e1gina Oficial del Ayuntamiento de Caudete (Albacete)","robots":{"index":"index","follow":"follow","max-snippet":"max-snippet:-1","max-image-preview":"max-image-preview:large","max-video-preview":"max-video-preview:-1"},"canonical":"https:\/\/www.caudete.org\/ayuntamiento\/policia-y-gcivil-rescatan-a-una-pareja-que-cayo-con-su-vehiculo-al-fondo-de-una-rambla\/","og_locale":"es_ES","og_type":"article","og_title":"Polic\u00eda y GCivil rescatan a una pareja que cay\u00f3 con su veh\u00edculo al fondo de una rambla - MI Ayuntamiento de Caudete","og_description":"P\u00e1gina Oficial del Ayuntamiento de Caudete (Albacete)","og_url":"https:\/\/www.caudete.org\/ayuntamiento\/policia-y-gcivil-rescatan-a-una-pareja-que-cayo-con-su-vehiculo-al-fondo-de-una-rambla\/","og_site_name":"MI Ayuntamiento de Caudete","article_publisher":"https:\/\/www.facebook.com\/ayuntamientocaudete\/","article_published_time":"2023-07-25T08:09:09+00:00","article_modified_time":"2023-07-25T08:09:57+00:00","og_image":[{"width":921,"height":625,"url":"https:\/\/www.caudete.org\/ayuntamiento\/wp-content\/uploads\/2023\/07\/MDOLROES_POLICIA.jpg","type":"image\/jpeg"}],"author":"alcalde","twitter_card":"summary_large_image","twitter_misc":{"Escrito por":"alcalde","Tiempo de lectura":"1 minuto"},"schema":{"@context":"https:\/\/schema.org","@graph":[{"@type":"Article","@id":"https:\/\/www.caudete.org\/ayuntamiento\/policia-y-gcivil-rescatan-a-una-pareja-que-cayo-con-su-vehiculo-al-fondo-de-una-rambla\/#article","isPartOf":{"@id":"https:\/\/www.caudete.org\/ayuntamiento\/policia-y-gcivil-rescatan-a-una-pareja-que-cayo-con-su-vehiculo-al-fondo-de-una-rambla\/"},"author":{"name":"alcalde","@id":"https:\/\/www.caudete.org\/ayuntamiento\/#\/schema\/person\/cc646da9133078ee4d8dd47457947253"},"headline":"Polic\u00eda y GCivil rescatan a una pareja que cay\u00f3 con su veh\u00edculo al fondo de una rambla","datePublished":"2023-07-25T08:09:09+00:00","dateModified":"2023-07-25T08:09:57+00:00","mainEntityOfPage":{"@id":"https:\/\/www.caudete.org\/ayuntamiento\/policia-y-gcivil-rescatan-a-una-pareja-que-cayo-con-su-vehiculo-al-fondo-de-una-rambla\/"},"wordCount":233,"image":{"@id":"https:\/\/www.caudete.org\/ayuntamiento\/policia-y-gcivil-rescatan-a-una-pareja-que-cayo-con-su-vehiculo-al-fondo-de-una-rambla\/#primaryimage"},"thumbnailUrl":"https:\/\/www.caudete.org\/ayuntamiento\/wp-content\/uploads\/2023\/07\/MDOLROES_POLICIA.jpg","articleSection":["Seguridad Ciudadana"],"inLanguage":"es"},{"@type":"WebPage","@id":"https:\/\/www.caudete.org\/ayuntamiento\/policia-y-gcivil-rescatan-a-una-pareja-que-cayo-con-su-vehiculo-al-fondo-de-una-rambla\/","url":"https:\/\/www.caudete.org\/ayuntamiento\/policia-y-gcivil-rescatan-a-una-pareja-que-cayo-con-su-vehiculo-al-fondo-de-una-rambla\/","name":"Polic\u00eda y GCivil rescatan a una pareja que cay\u00f3 con su veh\u00edculo al fondo de una rambla - MI Ayuntamiento de Caudete","isPartOf":{"@id":"https:\/\/www.caudete.org\/ayuntamiento\/#website"},"primaryImageOfPage":{"@id":"https:\/\/www.caudete.org\/ayuntamiento\/policia-y-gcivil-rescatan-a-una-pareja-que-cayo-con-su-vehiculo-al-fondo-de-una-rambla\/#primaryimage"},"image":{"@id":"https:\/\/www.caudete.org\/ayuntamiento\/policia-y-gcivil-rescatan-a-una-pareja-que-cayo-con-su-vehiculo-al-fondo-de-una-rambla\/#primaryimage"},"thumbnailUrl":"https:\/\/www.caudete.org\/ayuntamiento\/wp-content\/uploads\/2023\/07\/MDOLROES_POLICIA.jpg","datePublished":"2023-07-25T08:09:09+00:00","dateModified":"2023-07-25T08:09:57+00:00","author":{"@id":"https:\/\/www.caudete.org\/ayuntamiento\/#\/schema\/person\/cc646da9133078ee4d8dd47457947253"},"description":"P\u00e1gina Oficial del Ayuntamiento de Caudete (Albacete)","breadcrumb":{"@id":"https:\/\/www.caudete.org\/ayuntamiento\/policia-y-gcivil-rescatan-a-una-pareja-que-cayo-con-su-vehiculo-al-fondo-de-una-rambla\/#breadcrumb"},"inLanguage":"es","potentialAction":[{"@type":"ReadAction","target":["https:\/\/www.caudete.org\/ayuntamiento\/policia-y-gcivil-rescatan-a-una-pareja-que-cayo-con-su-vehiculo-al-fondo-de-una-rambla\/"]}]},{"@type":"ImageObject","inLanguage":"es","@id":"https:\/\/www.caudete.org\/ayuntamiento\/policia-y-gcivil-rescatan-a-una-pareja-que-cayo-con-su-vehiculo-al-fondo-de-una-rambla\/#primaryimage","url":"https:\/\/www.caudete.org\/ayuntamiento\/wp-content\/uploads\/2023\/07\/MDOLROES_POLICIA.jpg","contentUrl":"https:\/\/www.caudete.org\/ayuntamiento\/wp-content\/uploads\/2023\/07\/MDOLROES_POLICIA.jpg","width":921,"height":625},{"@type":"BreadcrumbList","@id":"https:\/\/www.caudete.org\/ayuntamiento\/policia-y-gcivil-rescatan-a-una-pareja-que-cayo-con-su-vehiculo-al-fondo-de-una-rambla\/#breadcrumb","itemListElement":[{"@type":"ListItem","position":1,"name":"Inicio","item":"https:\/\/www.caudete.org\/ayuntamiento\/"},{"@type":"ListItem","position":2,"name":"Polic\u00eda y GCivil rescatan a una pareja que cay\u00f3 con su veh\u00edculo al fondo de una rambla"}]},{"@type":"WebSite","@id":"https:\/\/www.caudete.org\/ayuntamiento\/#website","url":"https:\/\/www.caudete.org\/ayuntamiento\/","name":"MI Ayuntamiento de Caudete","description":"P\u00e1gina Oficial del MI Ayuntamiento de Caudete","potentialAction":[{"@type":"SearchAction","target":{"@type":"EntryPoint","urlTemplate":"https:\/\/www.caudete.org\/ayuntamiento\/?s={search_term_string}"},"query-input":{"@type":"PropertyValueSpecification","valueRequired":true,"valueName":"search_term_string"}}],"inLanguage":"es"},{"@type":"Person","@id":"https:\/\/www.caudete.org\/ayuntamiento\/#\/schema\/person\/cc646da9133078ee4d8dd47457947253","name":"alcalde","image":{"@type":"ImageObject","inLanguage":"es","@id":"https:\/\/secure.gravatar.com\/avatar\/84a817ba065b29ff08d666b215a215f5c79186a645ccb25b14a663d48a130f77?s=96&d=mm&r=g","url":"https:\/\/secure.gravatar.com\/avatar\/84a817ba065b29ff08d666b215a215f5c79186a645ccb25b14a663d48a130f77?s=96&d=mm&r=g","contentUrl":"https:\/\/secure.gravatar.com\/avatar\/84a817ba065b29ff08d666b215a215f5c79186a645ccb25b14a663d48a130f77?s=96&d=mm&r=g","caption":"alcalde"},"url":"https:\/\/www.caudete.org\/ayuntamiento\/author\/alcalde\/"}]}},"_links":{"self":[{"href":"https:\/\/www.caudete.org\/ayuntamiento\/wp-json\/wp\/v2\/posts\/22960","targetHints":{"allow":["GET"]}}],"collection":[{"href":"https:\/\/www.caudete.org\/ayuntamiento\/wp-json\/wp\/v2\/posts"}],"about":[{"href":"https:\/\/www.caudete.org\/ayuntamiento\/wp-json\/wp\/v2\/types\/post"}],"author":[{"embeddable":true,"href":"https:\/\/www.caudete.org\/ayuntamiento\/wp-json\/wp\/v2\/users\/3"}],"replies":[{"embeddable":true,"href":"https:\/\/www.caudete.org\/ayuntamiento\/wp-json\/wp\/v2\/comments?post=22960"}],"version-history":[{"count":2,"href":"https:\/\/www.caudete.org\/ayuntamiento\/wp-json\/wp\/v2\/posts\/22960\/revisions"}],"predecessor-version":[{"id":22992,"href":"https:\/\/www.caudete.org\/ayuntamiento\/wp-json\/wp\/v2\/posts\/22960\/revisions\/22992"}],"wp:featuredmedia":[{"embeddable":true,"href":"https:\/\/www.caudete.org\/ayuntamiento\/wp-json\/wp\/v2\/media\/22961"}],"wp:attachment":[{"href":"https:\/\/www.caudete.org\/ayuntamiento\/wp-json\/wp\/v2\/media?parent=22960"}],"wp:term":[{"taxonomy":"category","embeddable":true,"href":"https:\/\/www.caudete.org\/ayuntamiento\/wp-json\/wp\/v2\/categories?post=22960"},{"taxonomy":"post_tag","embeddable":true,"href":"https:\/\/www.caudete.org\/ayuntamiento\/wp-json\/wp\/v2\/tags?post=22960"}],"curies":[{"name":"wp","href":"https:\/\/api.w.org\/{rel}","templated":true}]}}