{"id":22963,"date":"2023-07-26T09:13:36","date_gmt":"2023-07-26T07:13:36","guid":{"rendered":"https:\/\/www.caudete.org\/ayuntamiento\/?p=22963"},"modified":"2023-07-26T09:39:29","modified_gmt":"2023-07-26T07:39:29","slug":"experiencia-erasmus-en-susurros-en-la-noche-con-el-italiano-simone-m-franco","status":"publish","type":"post","link":"https:\/\/www.caudete.org\/ayuntamiento\/experiencia-erasmus-en-susurros-en-la-noche-con-el-italiano-simone-m-franco\/","title":{"rendered":"Experiencia ERASMUS en &#8220;Susurros en la noche&#8221; con el italiano Simone M.Franco"},"content":{"rendered":"<p><a href=\"https:\/\/www.caudete.org\/ayuntamiento\/wp-content\/uploads\/2023\/07\/efe984d1-dd91-4dbb-a21f-4d1b4ad34a7a.jpg\" rel='prettyPhoto'><img fetchpriority=\"high\" decoding=\"async\" class=\"alignnone wp-image-22969 size-full\" src=\"https:\/\/www.caudete.org\/ayuntamiento\/wp-content\/uploads\/2023\/07\/efe984d1-dd91-4dbb-a21f-4d1b4ad34a7a.jpg\" alt=\"\" width=\"1600\" height=\"1200\" srcset=\"https:\/\/www.caudete.org\/ayuntamiento\/wp-content\/uploads\/2023\/07\/efe984d1-dd91-4dbb-a21f-4d1b4ad34a7a.jpg 1600w, https:\/\/www.caudete.org\/ayuntamiento\/wp-content\/uploads\/2023\/07\/efe984d1-dd91-4dbb-a21f-4d1b4ad34a7a-300x225.jpg 300w, https:\/\/www.caudete.org\/ayuntamiento\/wp-content\/uploads\/2023\/07\/efe984d1-dd91-4dbb-a21f-4d1b4ad34a7a-1024x768.jpg 1024w, https:\/\/www.caudete.org\/ayuntamiento\/wp-content\/uploads\/2023\/07\/efe984d1-dd91-4dbb-a21f-4d1b4ad34a7a-768x576.jpg 768w, https:\/\/www.caudete.org\/ayuntamiento\/wp-content\/uploads\/2023\/07\/efe984d1-dd91-4dbb-a21f-4d1b4ad34a7a-1536x1152.jpg 1536w\" sizes=\"(max-width: 1600px) 100vw, 1600px\" \/><\/a><\/p>\n<p style=\"text-align: justify;\"><span style=\"font-family: georgia, palatino, serif;\">Mar\u00eda Dolores Requena Azor\u00edn, Concejal de Juventud, Promoci\u00f3n y Desarrollo Econ\u00f3mico, informa de la colaboraci\u00f3n, como experto invitado en el marco del proyecto Erasmus+ Educaci\u00f3n Adultos, de Simone Martino Franco, actor, director y formador art\u00edstico italiano, en la preparaci\u00f3n de la representaci\u00f3n de \u201cEl asesino sin mano\u201d cuento popular de Italo Calvino que fue representado dentro del evento \u201cSusurros en la noche\u201d como parte de las actividades del programa de actividades \u201cX las Lunas\u201d, que organiza el Ayuntamiento de Caudete. <\/span><\/p>\n<p style=\"text-align: justify;\"><span style=\"font-family: georgia, palatino, serif;\">El programa permite que las entidades beneficiarias de financiaci\u00f3n puedan contar con la experiencia y conocimiento de expertos profesionales europeos del \u00e1mbito de la educaci\u00f3n, cultura y formaci\u00f3n.<\/span><\/p>\n<p style=\"text-align: justify;\"><span style=\"font-family: georgia, palatino, serif;\">Simone Martino Franco participa en laboratorios de investigaci\u00f3n teatral tanto en Italia como a nivel internacional. Es autor de varias obras teatrales, con especial enfoque en colectivos vulnerables, como personas afectadas por enfermedad mental, migrantes o refugiados. Ha organizado talleres en prisiones y en centros de atenci\u00f3n a personas con discapacidad o problemas de salud mental. Cuenta tambi\u00e9n con amplia trayectoria como actor con directores italianos e internacionales.<\/span><\/p>\n<p style=\"text-align: justify;\"><span style=\"font-family: georgia, palatino, serif;\">El programa Erasmus en el sector de educaci\u00f3n de personas adultas pretende impulsar el aprendizaje a lo largo de la vida. La Uni\u00f3n Europea aspira a ampliar sustancialmente el porcentaje de poblaci\u00f3n adulta en formaci\u00f3n en los pr\u00f3ximos a\u00f1os, y en este contexto la educaci\u00f3n no formal cobra una relevancia destacada.<\/span><\/p>\n<p style=\"text-align: justify;\"><span style=\"font-family: georgia, palatino, serif;\"><span style=\"font-size: medium;\">La Acreditaci\u00f3n Erasmus con que cuenta el Ayuntamiento de Caudete garantiza la financiaci\u00f3n anual estable hasta 2027 para las movilidades de adultos en formaci\u00f3n en estructuras como la Biblioteca Municipal, la Universidad Popular o la Escuela Municipal de M\u00fasica y Danza.<\/span><\/span><\/p>\n<p style=\"text-align: center;\"><a href=\"https:\/\/www.caudete.org\/ayuntamiento\/wp-content\/uploads\/2023\/07\/42892e57-ff93-4b57-b404-b8c9aba64595.jpg\" rel='prettyPhoto'><img decoding=\"async\" class=\"alignnone wp-image-22967 size-full\" src=\"https:\/\/www.caudete.org\/ayuntamiento\/wp-content\/uploads\/2023\/07\/42892e57-ff93-4b57-b404-b8c9aba64595.jpg\" alt=\"\" width=\"640\" height=\"480\" srcset=\"https:\/\/www.caudete.org\/ayuntamiento\/wp-content\/uploads\/2023\/07\/42892e57-ff93-4b57-b404-b8c9aba64595.jpg 640w, https:\/\/www.caudete.org\/ayuntamiento\/wp-content\/uploads\/2023\/07\/42892e57-ff93-4b57-b404-b8c9aba64595-300x225.jpg 300w\" sizes=\"(max-width: 640px) 100vw, 640px\" \/><\/a><\/p>\n","protected":false},"excerpt":{"rendered":"<p>Mar\u00eda Dolores Requena Azor\u00edn, Concejal de Juventud, Promoci\u00f3n y Desarrollo Econ\u00f3mico, informa de la colaboraci\u00f3n, como experto invitado en el marco del proyecto Erasmus+ Educaci\u00f3n Adultos, de Simone Martino Franco, actor, director y formador art\u00edstico italiano, en la preparaci\u00f3n de la representaci\u00f3n de \u201cEl asesino sin mano\u201d cuento popular de Italo Calvino que fue representado &hellip;<\/p>\n","protected":false},"author":3,"featured_media":22968,"comment_status":"closed","ping_status":"open","sticky":false,"template":"","format":"standard","meta":{"ngg_post_thumbnail":0,"footnotes":""},"categories":[851],"tags":[],"class_list":["post-22963","post","type-post","status-publish","format-standard","has-post-thumbnail","hentry","category-promocion-y-desarrollo-economico"],"yoast_head":"<!-- This site is optimized with the Yoast SEO plugin v27.4 - https:\/\/yoast.com\/product\/yoast-seo-wordpress\/ -->\n<title>Experiencia ERASMUS en &quot;Susurros en la noche&quot; con el italiano Simone M.Franco - MI Ayuntamiento de Caudete<\/title>\n<meta name=\"description\" content=\"P\u00e1gina Oficial del Ayuntamiento de Caudete (Albacete)\" \/>\n<meta name=\"robots\" content=\"index, follow, max-snippet:-1, max-image-preview:large, max-video-preview:-1\" \/>\n<link rel=\"canonical\" href=\"https:\/\/www.caudete.org\/ayuntamiento\/experiencia-erasmus-en-susurros-en-la-noche-con-el-italiano-simone-m-franco\/\" \/>\n<meta property=\"og:locale\" content=\"es_ES\" \/>\n<meta property=\"og:type\" content=\"article\" \/>\n<meta property=\"og:title\" content=\"Experiencia ERASMUS en &quot;Susurros en la noche&quot; con el italiano Simone M.Franco - MI Ayuntamiento de Caudete\" \/>\n<meta property=\"og:description\" content=\"P\u00e1gina Oficial del Ayuntamiento de Caudete (Albacete)\" \/>\n<meta property=\"og:url\" content=\"https:\/\/www.caudete.org\/ayuntamiento\/experiencia-erasmus-en-susurros-en-la-noche-con-el-italiano-simone-m-franco\/\" \/>\n<meta property=\"og:site_name\" content=\"MI Ayuntamiento de Caudete\" \/>\n<meta property=\"article:publisher\" content=\"https:\/\/www.facebook.com\/ayuntamientocaudete\/\" \/>\n<meta property=\"article:published_time\" content=\"2023-07-26T07:13:36+00:00\" \/>\n<meta property=\"article:modified_time\" content=\"2023-07-26T07:39:29+00:00\" \/>\n<meta property=\"og:image\" content=\"https:\/\/www.caudete.org\/ayuntamiento\/wp-content\/uploads\/2023\/07\/2923bf46-e464-43c4-bfcd-e9df925b3c57.jpg\" \/>\n\t<meta property=\"og:image:width\" content=\"2048\" \/>\n\t<meta property=\"og:image:height\" content=\"1152\" \/>\n\t<meta property=\"og:image:type\" content=\"image\/jpeg\" \/>\n<meta name=\"author\" content=\"alcalde\" \/>\n<meta name=\"twitter:card\" content=\"summary_large_image\" \/>\n<meta name=\"twitter:label1\" content=\"Escrito por\" \/>\n\t<meta name=\"twitter:data1\" content=\"alcalde\" \/>\n\t<meta name=\"twitter:label2\" content=\"Tiempo de lectura\" \/>\n\t<meta name=\"twitter:data2\" content=\"2 minutos\" \/>\n<script type=\"application\/ld+json\" class=\"yoast-schema-graph\">{\"@context\":\"https:\\\/\\\/schema.org\",\"@graph\":[{\"@type\":\"Article\",\"@id\":\"https:\\\/\\\/www.caudete.org\\\/ayuntamiento\\\/experiencia-erasmus-en-susurros-en-la-noche-con-el-italiano-simone-m-franco\\\/#article\",\"isPartOf\":{\"@id\":\"https:\\\/\\\/www.caudete.org\\\/ayuntamiento\\\/experiencia-erasmus-en-susurros-en-la-noche-con-el-italiano-simone-m-franco\\\/\"},\"author\":{\"name\":\"alcalde\",\"@id\":\"https:\\\/\\\/www.caudete.org\\\/ayuntamiento\\\/#\\\/schema\\\/person\\\/cc646da9133078ee4d8dd47457947253\"},\"headline\":\"Experiencia ERASMUS en &#8220;Susurros en la noche&#8221; con el italiano Simone M.Franco\",\"datePublished\":\"2023-07-26T07:13:36+00:00\",\"dateModified\":\"2023-07-26T07:39:29+00:00\",\"mainEntityOfPage\":{\"@id\":\"https:\\\/\\\/www.caudete.org\\\/ayuntamiento\\\/experiencia-erasmus-en-susurros-en-la-noche-con-el-italiano-simone-m-franco\\\/\"},\"wordCount\":306,\"publisher\":{\"@id\":\"https:\\\/\\\/www.caudete.org\\\/ayuntamiento\\\/#organization\"},\"image\":{\"@id\":\"https:\\\/\\\/www.caudete.org\\\/ayuntamiento\\\/experiencia-erasmus-en-susurros-en-la-noche-con-el-italiano-simone-m-franco\\\/#primaryimage\"},\"thumbnailUrl\":\"https:\\\/\\\/www.caudete.org\\\/ayuntamiento\\\/wp-content\\\/uploads\\\/2023\\\/07\\\/2923bf46-e464-43c4-bfcd-e9df925b3c57.jpg\",\"articleSection\":[\"Promoci\u00f3n y Desarrollo Econ\u00f3mico\"],\"inLanguage\":\"es\"},{\"@type\":\"WebPage\",\"@id\":\"https:\\\/\\\/www.caudete.org\\\/ayuntamiento\\\/experiencia-erasmus-en-susurros-en-la-noche-con-el-italiano-simone-m-franco\\\/\",\"url\":\"https:\\\/\\\/www.caudete.org\\\/ayuntamiento\\\/experiencia-erasmus-en-susurros-en-la-noche-con-el-italiano-simone-m-franco\\\/\",\"name\":\"Experiencia ERASMUS en \\\"Susurros en la noche\\\" con el italiano Simone M.Franco - MI Ayuntamiento de Caudete\",\"isPartOf\":{\"@id\":\"https:\\\/\\\/www.caudete.org\\\/ayuntamiento\\\/#website\"},\"primaryImageOfPage\":{\"@id\":\"https:\\\/\\\/www.caudete.org\\\/ayuntamiento\\\/experiencia-erasmus-en-susurros-en-la-noche-con-el-italiano-simone-m-franco\\\/#primaryimage\"},\"image\":{\"@id\":\"https:\\\/\\\/www.caudete.org\\\/ayuntamiento\\\/experiencia-erasmus-en-susurros-en-la-noche-con-el-italiano-simone-m-franco\\\/#primaryimage\"},\"thumbnailUrl\":\"https:\\\/\\\/www.caudete.org\\\/ayuntamiento\\\/wp-content\\\/uploads\\\/2023\\\/07\\\/2923bf46-e464-43c4-bfcd-e9df925b3c57.jpg\",\"datePublished\":\"2023-07-26T07:13:36+00:00\",\"dateModified\":\"2023-07-26T07:39:29+00:00\",\"description\":\"P\u00e1gina Oficial del Ayuntamiento de Caudete (Albacete)\",\"breadcrumb\":{\"@id\":\"https:\\\/\\\/www.caudete.org\\\/ayuntamiento\\\/experiencia-erasmus-en-susurros-en-la-noche-con-el-italiano-simone-m-franco\\\/#breadcrumb\"},\"inLanguage\":\"es\",\"potentialAction\":[{\"@type\":\"ReadAction\",\"target\":[\"https:\\\/\\\/www.caudete.org\\\/ayuntamiento\\\/experiencia-erasmus-en-susurros-en-la-noche-con-el-italiano-simone-m-franco\\\/\"]}]},{\"@type\":\"ImageObject\",\"inLanguage\":\"es\",\"@id\":\"https:\\\/\\\/www.caudete.org\\\/ayuntamiento\\\/experiencia-erasmus-en-susurros-en-la-noche-con-el-italiano-simone-m-franco\\\/#primaryimage\",\"url\":\"https:\\\/\\\/www.caudete.org\\\/ayuntamiento\\\/wp-content\\\/uploads\\\/2023\\\/07\\\/2923bf46-e464-43c4-bfcd-e9df925b3c57.jpg\",\"contentUrl\":\"https:\\\/\\\/www.caudete.org\\\/ayuntamiento\\\/wp-content\\\/uploads\\\/2023\\\/07\\\/2923bf46-e464-43c4-bfcd-e9df925b3c57.jpg\",\"width\":2048,\"height\":1152},{\"@type\":\"BreadcrumbList\",\"@id\":\"https:\\\/\\\/www.caudete.org\\\/ayuntamiento\\\/experiencia-erasmus-en-susurros-en-la-noche-con-el-italiano-simone-m-franco\\\/#breadcrumb\",\"itemListElement\":[{\"@type\":\"ListItem\",\"position\":1,\"name\":\"Inicio\",\"item\":\"https:\\\/\\\/www.caudete.org\\\/ayuntamiento\\\/\"},{\"@type\":\"ListItem\",\"position\":2,\"name\":\"Experiencia ERASMUS en &#8220;Susurros en la noche&#8221; con el italiano Simone M.Franco\"}]},{\"@type\":\"WebSite\",\"@id\":\"https:\\\/\\\/www.caudete.org\\\/ayuntamiento\\\/#website\",\"url\":\"https:\\\/\\\/www.caudete.org\\\/ayuntamiento\\\/\",\"name\":\"MI Ayuntamiento de Caudete\",\"description\":\"P\u00e1gina Oficial del MI Ayuntamiento de Caudete\",\"publisher\":{\"@id\":\"https:\\\/\\\/www.caudete.org\\\/ayuntamiento\\\/#organization\"},\"potentialAction\":[{\"@type\":\"SearchAction\",\"target\":{\"@type\":\"EntryPoint\",\"urlTemplate\":\"https:\\\/\\\/www.caudete.org\\\/ayuntamiento\\\/?s={search_term_string}\"},\"query-input\":{\"@type\":\"PropertyValueSpecification\",\"valueRequired\":true,\"valueName\":\"search_term_string\"}}],\"inLanguage\":\"es\"},{\"@type\":\"Organization\",\"@id\":\"https:\\\/\\\/www.caudete.org\\\/ayuntamiento\\\/#organization\",\"name\":\"Ayuntamiento de Caudete\",\"url\":\"https:\\\/\\\/www.caudete.org\\\/ayuntamiento\\\/\",\"logo\":{\"@type\":\"ImageObject\",\"inLanguage\":\"es\",\"@id\":\"https:\\\/\\\/www.caudete.org\\\/ayuntamiento\\\/#\\\/schema\\\/logo\\\/image\\\/\",\"url\":\"https:\\\/\\\/www.caudete.org\\\/ayuntamiento\\\/wp-content\\\/uploads\\\/2020\\\/11\\\/logo_ayuntamiento_caudete.jpg\",\"contentUrl\":\"https:\\\/\\\/www.caudete.org\\\/ayuntamiento\\\/wp-content\\\/uploads\\\/2020\\\/11\\\/logo_ayuntamiento_caudete.jpg\",\"width\":600,\"height\":150,\"caption\":\"Ayuntamiento de Caudete\"},\"image\":{\"@id\":\"https:\\\/\\\/www.caudete.org\\\/ayuntamiento\\\/#\\\/schema\\\/logo\\\/image\\\/\"},\"sameAs\":[\"https:\\\/\\\/www.facebook.com\\\/ayuntamientocaudete\\\/\",\"https:\\\/\\\/www.youtube.com\\\/channel\\\/UC6VztHaooNsGpw-tNoBEFnQ\"]},{\"@type\":\"Person\",\"@id\":\"https:\\\/\\\/www.caudete.org\\\/ayuntamiento\\\/#\\\/schema\\\/person\\\/cc646da9133078ee4d8dd47457947253\",\"name\":\"alcalde\",\"image\":{\"@type\":\"ImageObject\",\"inLanguage\":\"es\",\"@id\":\"https:\\\/\\\/secure.gravatar.com\\\/avatar\\\/84a817ba065b29ff08d666b215a215f5c79186a645ccb25b14a663d48a130f77?s=96&d=mm&r=g\",\"url\":\"https:\\\/\\\/secure.gravatar.com\\\/avatar\\\/84a817ba065b29ff08d666b215a215f5c79186a645ccb25b14a663d48a130f77?s=96&d=mm&r=g\",\"contentUrl\":\"https:\\\/\\\/secure.gravatar.com\\\/avatar\\\/84a817ba065b29ff08d666b215a215f5c79186a645ccb25b14a663d48a130f77?s=96&d=mm&r=g\",\"caption\":\"alcalde\"},\"url\":\"https:\\\/\\\/www.caudete.org\\\/ayuntamiento\\\/author\\\/alcalde\\\/\"}]}<\/script>\n<!-- \/ Yoast SEO plugin. -->","yoast_head_json":{"title":"Experiencia ERASMUS en \"Susurros en la noche\" con el italiano Simone M.Franco - MI Ayuntamiento de Caudete","description":"P\u00e1gina Oficial del Ayuntamiento de Caudete (Albacete)","robots":{"index":"index","follow":"follow","max-snippet":"max-snippet:-1","max-image-preview":"max-image-preview:large","max-video-preview":"max-video-preview:-1"},"canonical":"https:\/\/www.caudete.org\/ayuntamiento\/experiencia-erasmus-en-susurros-en-la-noche-con-el-italiano-simone-m-franco\/","og_locale":"es_ES","og_type":"article","og_title":"Experiencia ERASMUS en \"Susurros en la noche\" con el italiano Simone M.Franco - MI Ayuntamiento de Caudete","og_description":"P\u00e1gina Oficial del Ayuntamiento de Caudete (Albacete)","og_url":"https:\/\/www.caudete.org\/ayuntamiento\/experiencia-erasmus-en-susurros-en-la-noche-con-el-italiano-simone-m-franco\/","og_site_name":"MI Ayuntamiento de Caudete","article_publisher":"https:\/\/www.facebook.com\/ayuntamientocaudete\/","article_published_time":"2023-07-26T07:13:36+00:00","article_modified_time":"2023-07-26T07:39:29+00:00","og_image":[{"width":2048,"height":1152,"url":"https:\/\/www.caudete.org\/ayuntamiento\/wp-content\/uploads\/2023\/07\/2923bf46-e464-43c4-bfcd-e9df925b3c57.jpg","type":"image\/jpeg"}],"author":"alcalde","twitter_card":"summary_large_image","twitter_misc":{"Escrito por":"alcalde","Tiempo de lectura":"2 minutos"},"schema":{"@context":"https:\/\/schema.org","@graph":[{"@type":"Article","@id":"https:\/\/www.caudete.org\/ayuntamiento\/experiencia-erasmus-en-susurros-en-la-noche-con-el-italiano-simone-m-franco\/#article","isPartOf":{"@id":"https:\/\/www.caudete.org\/ayuntamiento\/experiencia-erasmus-en-susurros-en-la-noche-con-el-italiano-simone-m-franco\/"},"author":{"name":"alcalde","@id":"https:\/\/www.caudete.org\/ayuntamiento\/#\/schema\/person\/cc646da9133078ee4d8dd47457947253"},"headline":"Experiencia ERASMUS en &#8220;Susurros en la noche&#8221; con el italiano Simone M.Franco","datePublished":"2023-07-26T07:13:36+00:00","dateModified":"2023-07-26T07:39:29+00:00","mainEntityOfPage":{"@id":"https:\/\/www.caudete.org\/ayuntamiento\/experiencia-erasmus-en-susurros-en-la-noche-con-el-italiano-simone-m-franco\/"},"wordCount":306,"publisher":{"@id":"https:\/\/www.caudete.org\/ayuntamiento\/#organization"},"image":{"@id":"https:\/\/www.caudete.org\/ayuntamiento\/experiencia-erasmus-en-susurros-en-la-noche-con-el-italiano-simone-m-franco\/#primaryimage"},"thumbnailUrl":"https:\/\/www.caudete.org\/ayuntamiento\/wp-content\/uploads\/2023\/07\/2923bf46-e464-43c4-bfcd-e9df925b3c57.jpg","articleSection":["Promoci\u00f3n y Desarrollo Econ\u00f3mico"],"inLanguage":"es"},{"@type":"WebPage","@id":"https:\/\/www.caudete.org\/ayuntamiento\/experiencia-erasmus-en-susurros-en-la-noche-con-el-italiano-simone-m-franco\/","url":"https:\/\/www.caudete.org\/ayuntamiento\/experiencia-erasmus-en-susurros-en-la-noche-con-el-italiano-simone-m-franco\/","name":"Experiencia ERASMUS en \"Susurros en la noche\" con el italiano Simone M.Franco - MI Ayuntamiento de Caudete","isPartOf":{"@id":"https:\/\/www.caudete.org\/ayuntamiento\/#website"},"primaryImageOfPage":{"@id":"https:\/\/www.caudete.org\/ayuntamiento\/experiencia-erasmus-en-susurros-en-la-noche-con-el-italiano-simone-m-franco\/#primaryimage"},"image":{"@id":"https:\/\/www.caudete.org\/ayuntamiento\/experiencia-erasmus-en-susurros-en-la-noche-con-el-italiano-simone-m-franco\/#primaryimage"},"thumbnailUrl":"https:\/\/www.caudete.org\/ayuntamiento\/wp-content\/uploads\/2023\/07\/2923bf46-e464-43c4-bfcd-e9df925b3c57.jpg","datePublished":"2023-07-26T07:13:36+00:00","dateModified":"2023-07-26T07:39:29+00:00","description":"P\u00e1gina Oficial del Ayuntamiento de Caudete (Albacete)","breadcrumb":{"@id":"https:\/\/www.caudete.org\/ayuntamiento\/experiencia-erasmus-en-susurros-en-la-noche-con-el-italiano-simone-m-franco\/#breadcrumb"},"inLanguage":"es","potentialAction":[{"@type":"ReadAction","target":["https:\/\/www.caudete.org\/ayuntamiento\/experiencia-erasmus-en-susurros-en-la-noche-con-el-italiano-simone-m-franco\/"]}]},{"@type":"ImageObject","inLanguage":"es","@id":"https:\/\/www.caudete.org\/ayuntamiento\/experiencia-erasmus-en-susurros-en-la-noche-con-el-italiano-simone-m-franco\/#primaryimage","url":"https:\/\/www.caudete.org\/ayuntamiento\/wp-content\/uploads\/2023\/07\/2923bf46-e464-43c4-bfcd-e9df925b3c57.jpg","contentUrl":"https:\/\/www.caudete.org\/ayuntamiento\/wp-content\/uploads\/2023\/07\/2923bf46-e464-43c4-bfcd-e9df925b3c57.jpg","width":2048,"height":1152},{"@type":"BreadcrumbList","@id":"https:\/\/www.caudete.org\/ayuntamiento\/experiencia-erasmus-en-susurros-en-la-noche-con-el-italiano-simone-m-franco\/#breadcrumb","itemListElement":[{"@type":"ListItem","position":1,"name":"Inicio","item":"https:\/\/www.caudete.org\/ayuntamiento\/"},{"@type":"ListItem","position":2,"name":"Experiencia ERASMUS en &#8220;Susurros en la noche&#8221; con el italiano Simone M.Franco"}]},{"@type":"WebSite","@id":"https:\/\/www.caudete.org\/ayuntamiento\/#website","url":"https:\/\/www.caudete.org\/ayuntamiento\/","name":"MI Ayuntamiento de Caudete","description":"P\u00e1gina Oficial del MI Ayuntamiento de Caudete","publisher":{"@id":"https:\/\/www.caudete.org\/ayuntamiento\/#organization"},"potentialAction":[{"@type":"SearchAction","target":{"@type":"EntryPoint","urlTemplate":"https:\/\/www.caudete.org\/ayuntamiento\/?s={search_term_string}"},"query-input":{"@type":"PropertyValueSpecification","valueRequired":true,"valueName":"search_term_string"}}],"inLanguage":"es"},{"@type":"Organization","@id":"https:\/\/www.caudete.org\/ayuntamiento\/#organization","name":"Ayuntamiento de Caudete","url":"https:\/\/www.caudete.org\/ayuntamiento\/","logo":{"@type":"ImageObject","inLanguage":"es","@id":"https:\/\/www.caudete.org\/ayuntamiento\/#\/schema\/logo\/image\/","url":"https:\/\/www.caudete.org\/ayuntamiento\/wp-content\/uploads\/2020\/11\/logo_ayuntamiento_caudete.jpg","contentUrl":"https:\/\/www.caudete.org\/ayuntamiento\/wp-content\/uploads\/2020\/11\/logo_ayuntamiento_caudete.jpg","width":600,"height":150,"caption":"Ayuntamiento de Caudete"},"image":{"@id":"https:\/\/www.caudete.org\/ayuntamiento\/#\/schema\/logo\/image\/"},"sameAs":["https:\/\/www.facebook.com\/ayuntamientocaudete\/","https:\/\/www.youtube.com\/channel\/UC6VztHaooNsGpw-tNoBEFnQ"]},{"@type":"Person","@id":"https:\/\/www.caudete.org\/ayuntamiento\/#\/schema\/person\/cc646da9133078ee4d8dd47457947253","name":"alcalde","image":{"@type":"ImageObject","inLanguage":"es","@id":"https:\/\/secure.gravatar.com\/avatar\/84a817ba065b29ff08d666b215a215f5c79186a645ccb25b14a663d48a130f77?s=96&d=mm&r=g","url":"https:\/\/secure.gravatar.com\/avatar\/84a817ba065b29ff08d666b215a215f5c79186a645ccb25b14a663d48a130f77?s=96&d=mm&r=g","contentUrl":"https:\/\/secure.gravatar.com\/avatar\/84a817ba065b29ff08d666b215a215f5c79186a645ccb25b14a663d48a130f77?s=96&d=mm&r=g","caption":"alcalde"},"url":"https:\/\/www.caudete.org\/ayuntamiento\/author\/alcalde\/"}]}},"_links":{"self":[{"href":"https:\/\/www.caudete.org\/ayuntamiento\/wp-json\/wp\/v2\/posts\/22963","targetHints":{"allow":["GET"]}}],"collection":[{"href":"https:\/\/www.caudete.org\/ayuntamiento\/wp-json\/wp\/v2\/posts"}],"about":[{"href":"https:\/\/www.caudete.org\/ayuntamiento\/wp-json\/wp\/v2\/types\/post"}],"author":[{"embeddable":true,"href":"https:\/\/www.caudete.org\/ayuntamiento\/wp-json\/wp\/v2\/users\/3"}],"replies":[{"embeddable":true,"href":"https:\/\/www.caudete.org\/ayuntamiento\/wp-json\/wp\/v2\/comments?post=22963"}],"version-history":[{"count":1,"href":"https:\/\/www.caudete.org\/ayuntamiento\/wp-json\/wp\/v2\/posts\/22963\/revisions"}],"predecessor-version":[{"id":22970,"href":"https:\/\/www.caudete.org\/ayuntamiento\/wp-json\/wp\/v2\/posts\/22963\/revisions\/22970"}],"wp:featuredmedia":[{"embeddable":true,"href":"https:\/\/www.caudete.org\/ayuntamiento\/wp-json\/wp\/v2\/media\/22968"}],"wp:attachment":[{"href":"https:\/\/www.caudete.org\/ayuntamiento\/wp-json\/wp\/v2\/media?parent=22963"}],"wp:term":[{"taxonomy":"category","embeddable":true,"href":"https:\/\/www.caudete.org\/ayuntamiento\/wp-json\/wp\/v2\/categories?post=22963"},{"taxonomy":"post_tag","embeddable":true,"href":"https:\/\/www.caudete.org\/ayuntamiento\/wp-json\/wp\/v2\/tags?post=22963"}],"curies":[{"name":"wp","href":"https:\/\/api.w.org\/{rel}","templated":true}]}}