{"id":22971,"date":"2023-07-27T09:28:00","date_gmt":"2023-07-27T07:28:00","guid":{"rendered":"https:\/\/www.caudete.org\/ayuntamiento\/?p=22971"},"modified":"2023-07-25T09:36:06","modified_gmt":"2023-07-25T07:36:06","slug":"caudeteeneuropa-la-escuela-de-musica-viaja-a-toulouse-francia-por-medio-de-3-de-sus-profesores","status":"publish","type":"post","link":"https:\/\/www.caudete.org\/ayuntamiento\/caudeteeneuropa-la-escuela-de-musica-viaja-a-toulouse-francia-por-medio-de-3-de-sus-profesores\/","title":{"rendered":"CaudeteEnEuropa: la Escuela de M\u00fasica viaja a Toulouse (Francia) por medio de 3 de sus profesores"},"content":{"rendered":"<p style=\"text-align: justify;\"><span style=\"font-family: georgia, palatino, serif;\">Mar\u00eda Dolores Requena Azor\u00edn, Concejala de Juventud, Promoci\u00f3n y Desarrollo Econ\u00f3mico, informa de la positiva valoraci\u00f3n de la actividad de observaci\u00f3n de pr\u00e1cticas de trabajo realizada por 3 profesores de la Escuela Municipal de M\u00fasica de Caudete en Music-Halle, L\u2019\u00c9cole des Musiques Vivaces, en Toulouse, Francia, en el marco del proyecto Erasmus+ Acreditaci\u00f3n Adultos del Ayuntamiento de Caudete.<\/span><\/p>\n<p style=\"text-align: justify;\" align=\"left\"><span style=\"font-family: georgia, palatino, serif;\"><span style=\"color: #333333;\"><span style=\"font-size: medium;\">Durante la actividad, el profesorado participante pudo asistir <\/span><\/span><span style=\"color: #333333;\"><span style=\"font-size: medium;\">a <\/span><\/span><span style=\"color: #333333;\"><span style=\"font-size: medium;\">clase<\/span><\/span><span style=\"color: #333333;\"><span style=\"font-size: medium;\">s<\/span><\/span> <span style=\"color: #333333;\"><span style=\"font-size: medium;\">d<\/span><\/span><span style=\"color: #333333;\"><span style=\"font-size: medium;\">e <\/span><\/span><span style=\"color: #333333;\"><span style=\"font-size: medium;\">diferentes instrumentos musicales,<\/span><\/span> <span style=\"color: #333333;\"><span style=\"font-size: medium;\">a clases de t\u00e9cnica vocal, \u201censemble\u201d e improvisaci\u00f3n; a taller<\/span><\/span><span style=\"color: #333333;\"><span style=\"font-size: medium;\">es<\/span><\/span><span style=\"color: #333333;\"><span style=\"font-size: medium;\"> de creaci\u00f3n de canci<\/span><\/span><span style=\"color: #333333;\"><span style=\"font-size: medium;\">o<\/span><\/span><span style=\"color: #333333;\"><span style=\"font-size: medium;\">nes<\/span><\/span><span style=\"color: #333333;\"><span style=\"font-size: medium;\">,<\/span><\/span><span style=\"color: #333333;\"><span style=\"font-size: medium;\"> de <\/span><\/span><span style=\"color: #333333;\"><span style=\"font-size: medium;\">t<\/span><\/span><span style=\"color: #333333;\"><span style=\"font-size: medium;\">\u00e9cnica<\/span><\/span><span style=\"color: #333333;\"><span style=\"font-size: medium;\">s<\/span><\/span><span style=\"color: #333333;\"><span style=\"font-size: medium;\"> de grabaci\u00f3n de estudio, <\/span><\/span><span style=\"color: #333333;\"><span style=\"font-size: medium;\">o<\/span><\/span><span style=\"color: #333333;\"><span style=\"font-size: medium;\"> de Ritmos del mundo y M<\/span><\/span><span style=\"color: #333333;\"><span style=\"font-size: medium;\">\u00fa<\/span><\/span><span style=\"color: #333333;\"><span style=\"font-size: medium;\">sicas <\/span><\/span><span style=\"color: #333333;\"><span style=\"font-size: medium;\">a<\/span><\/span><span style=\"color: #333333;\"><span style=\"font-size: medium;\">ctuales mediterr<\/span><\/span><span style=\"color: #333333;\"><span style=\"font-size: medium;\">\u00e1<\/span><\/span><span style=\"color: #333333;\"><span style=\"font-size: medium;\">neas, <\/span><\/span><span style=\"color: #333333;\"><span style=\"font-size: medium;\">entre otros<\/span><\/span><span style=\"color: #333333;\"><span style=\"font-size: medium;\">.<\/span><\/span><\/span><\/p>\n<p style=\"text-align: justify;\" align=\"left\"><span style=\"font-family: georgia, palatino, serif;\"><span style=\"font-size: medium;\"><span style=\"color: #333333;\">Los participantes<\/span><span style=\"color: #333333;\"> destaca<\/span><span style=\"color: #333333;\">n<\/span><span style=\"color: #333333;\"> el<\/span><span style=\"color: #333333;\"> aprendi<\/span><span style=\"color: #333333;\">zaje<\/span><span style=\"color: #333333;\"> sobre el m\u00e9todo paja, del foniatra franc\u00e9s Mr Amy Benoit de la <\/span><span style=\"color: #333333;\">Bret\u00e8que; <\/span><span style=\"color: #333333;\">sobre la<\/span><span style=\"color: #333333;\"> grabaci\u00f3n por pistas <\/span><span style=\"color: #333333;\">del alumnado en las clases, para <\/span><span style=\"color: #333333;\">su<\/span><span style=\"color: #333333;\"> an\u00e1lisis posterior;<\/span> <span style=\"color: #333333;\">sobre <\/span><span style=\"color: #333333;\">la entonaci\u00f3n, con un m\u00e9todo <\/span><span style=\"color: #333333;\">que se centra en<\/span><span style=\"color: #333333;\"> los grados de una escala en forma de espiral, <\/span><span style=\"color: #333333;\">o sobre metodolog\u00edas como la observada <\/span><span style=\"color: #333333;\">en las clases de composici\u00f3n, <\/span><span style=\"color: #333333;\">en las que <\/span><span style=\"color: #333333;\">el alumno lleva una idea musical que, con el profesor, <\/span><span style=\"color: #333333;\">se <\/span><span style=\"color: #333333;\">analiza, y <\/span><span style=\"color: #333333;\">sobre la que <\/span><span style=\"color: #333333;\">var\u00edan acordes para darle forma y mejor sonoridad.<\/span><\/span><\/span><\/p>\n<p style=\"text-align: justify;\" align=\"left\"><span style=\"font-family: georgia, palatino, serif;\"><span style=\"font-size: medium;\"><span style=\"color: #333333;\">Asimismo, ha resultado de inter\u00e9s conocer el trabajo<\/span><span style=\"color: #333333;\"> con la percusi\u00f3n en el cuerpo, de forma que el alumno sienta el ritmo, <\/span><span style=\"color: #333333;\">con<\/span><span style=\"color: #333333;\"> juegos r\u00edtmicos por grupos <\/span><span style=\"color: #333333;\">e improvisaci\u00f3n <\/span><span style=\"color: #333333;\">voca<\/span><span style=\"color: #333333;\">l y creatividad, <\/span><span style=\"color: #333333;\">as\u00ed como el enfoque pr\u00e1ctico y participativo que el centro confiere a la ense\u00f1anza musical. <\/span> <\/span><\/span><\/p>\n<p style=\"text-align: justify;\"><span style=\"font-family: georgia, palatino, serif;\">El programa Erasmus en el sector de educaci\u00f3n de personas adultas pretende impulsar el aprendizaje a lo largo de la vida. La Uni\u00f3n Europea aspira a ampliar sustancialmente el porcentaje de poblaci\u00f3n adulta en formaci\u00f3n en los pr\u00f3ximos a\u00f1os, y en este contexto la educaci\u00f3n no formal cobra una relevancia destacada.<\/span><\/p>\n<p style=\"text-align: justify;\"><span style=\"font-family: georgia, palatino, serif;\"><span style=\"font-size: medium;\">La Acreditaci\u00f3n Erasmus con que cuenta el Ayuntamiento de Caudete garantiza la financiaci\u00f3n anual estable hasta 2027 para las movilidades de adultos en formaci\u00f3n en estructuras como la Biblioteca Municipal, la Universidad Popular o la Escuela Municipal de M\u00fasica y Danza.<\/span><\/span><\/p>\n<p><a href=\"https:\/\/www.caudete.org\/ayuntamiento\/wp-content\/uploads\/2023\/07\/9ce22059-4e56-4015-9239-4908909d94f7.jpg\" rel='prettyPhoto'><img fetchpriority=\"high\" decoding=\"async\" class=\"wp-image-22973 size-full aligncenter\" src=\"https:\/\/www.caudete.org\/ayuntamiento\/wp-content\/uploads\/2023\/07\/9ce22059-4e56-4015-9239-4908909d94f7.jpg\" alt=\"\" width=\"674\" height=\"1024\" srcset=\"https:\/\/www.caudete.org\/ayuntamiento\/wp-content\/uploads\/2023\/07\/9ce22059-4e56-4015-9239-4908909d94f7.jpg 674w, https:\/\/www.caudete.org\/ayuntamiento\/wp-content\/uploads\/2023\/07\/9ce22059-4e56-4015-9239-4908909d94f7-197x300.jpg 197w\" sizes=\"(max-width: 674px) 100vw, 674px\" \/><\/a> <a href=\"https:\/\/www.caudete.org\/ayuntamiento\/wp-content\/uploads\/2023\/07\/82191aa0-9ad8-490b-9d67-68d25b1acb16.jpg\" rel='prettyPhoto'><img decoding=\"async\" class=\"alignnone wp-image-22974 size-full\" src=\"https:\/\/www.caudete.org\/ayuntamiento\/wp-content\/uploads\/2023\/07\/82191aa0-9ad8-490b-9d67-68d25b1acb16.jpg\" alt=\"\" width=\"1024\" height=\"574\" srcset=\"https:\/\/www.caudete.org\/ayuntamiento\/wp-content\/uploads\/2023\/07\/82191aa0-9ad8-490b-9d67-68d25b1acb16.jpg 1024w, https:\/\/www.caudete.org\/ayuntamiento\/wp-content\/uploads\/2023\/07\/82191aa0-9ad8-490b-9d67-68d25b1acb16-300x168.jpg 300w, https:\/\/www.caudete.org\/ayuntamiento\/wp-content\/uploads\/2023\/07\/82191aa0-9ad8-490b-9d67-68d25b1acb16-768x431.jpg 768w\" sizes=\"(max-width: 1024px) 100vw, 1024px\" \/><\/a> <a href=\"https:\/\/www.caudete.org\/ayuntamiento\/wp-content\/uploads\/2023\/07\/4b63753f-3671-4c23-949f-c97ab8e6e689.jpg\" rel='prettyPhoto'><img decoding=\"async\" class=\"alignnone wp-image-22978 size-full\" src=\"https:\/\/www.caudete.org\/ayuntamiento\/wp-content\/uploads\/2023\/07\/4b63753f-3671-4c23-949f-c97ab8e6e689.jpg\" alt=\"\" width=\"1024\" height=\"768\" srcset=\"https:\/\/www.caudete.org\/ayuntamiento\/wp-content\/uploads\/2023\/07\/4b63753f-3671-4c23-949f-c97ab8e6e689.jpg 1024w, https:\/\/www.caudete.org\/ayuntamiento\/wp-content\/uploads\/2023\/07\/4b63753f-3671-4c23-949f-c97ab8e6e689-300x225.jpg 300w, https:\/\/www.caudete.org\/ayuntamiento\/wp-content\/uploads\/2023\/07\/4b63753f-3671-4c23-949f-c97ab8e6e689-768x576.jpg 768w\" sizes=\"(max-width: 1024px) 100vw, 1024px\" \/><\/a><\/p>\n","protected":false},"excerpt":{"rendered":"<p>Mar\u00eda Dolores Requena Azor\u00edn, Concejala de Juventud, Promoci\u00f3n y Desarrollo Econ\u00f3mico, informa de la positiva valoraci\u00f3n de la actividad de observaci\u00f3n de pr\u00e1cticas de trabajo realizada por 3 profesores de la Escuela Municipal de M\u00fasica de Caudete en Music-Halle, L\u2019\u00c9cole des Musiques Vivaces, en Toulouse, Francia, en el marco del proyecto Erasmus+ Acreditaci\u00f3n Adultos del &hellip;<\/p>\n","protected":false},"author":3,"featured_media":22977,"comment_status":"closed","ping_status":"open","sticky":false,"template":"","format":"standard","meta":{"ngg_post_thumbnail":0,"footnotes":""},"categories":[851],"tags":[],"class_list":["post-22971","post","type-post","status-publish","format-standard","has-post-thumbnail","hentry","category-promocion-y-desarrollo-economico"],"yoast_head":"<!-- This site is optimized with the Yoast SEO plugin v27.4 - https:\/\/yoast.com\/product\/yoast-seo-wordpress\/ -->\n<title>CaudeteEnEuropa: la Escuela de M\u00fasica viaja a Toulouse (Francia) por medio de 3 de sus profesores - MI Ayuntamiento de Caudete<\/title>\n<meta name=\"description\" content=\"P\u00e1gina Oficial del Ayuntamiento de Caudete (Albacete)\" \/>\n<meta name=\"robots\" content=\"index, follow, max-snippet:-1, max-image-preview:large, max-video-preview:-1\" \/>\n<link rel=\"canonical\" href=\"https:\/\/www.caudete.org\/ayuntamiento\/caudeteeneuropa-la-escuela-de-musica-viaja-a-toulouse-francia-por-medio-de-3-de-sus-profesores\/\" \/>\n<meta property=\"og:locale\" content=\"es_ES\" \/>\n<meta property=\"og:type\" content=\"article\" \/>\n<meta property=\"og:title\" content=\"CaudeteEnEuropa: la Escuela de M\u00fasica viaja a Toulouse (Francia) por medio de 3 de sus profesores - MI Ayuntamiento de Caudete\" \/>\n<meta property=\"og:description\" content=\"P\u00e1gina Oficial del Ayuntamiento de Caudete (Albacete)\" \/>\n<meta property=\"og:url\" content=\"https:\/\/www.caudete.org\/ayuntamiento\/caudeteeneuropa-la-escuela-de-musica-viaja-a-toulouse-francia-por-medio-de-3-de-sus-profesores\/\" \/>\n<meta property=\"og:site_name\" content=\"MI Ayuntamiento de Caudete\" \/>\n<meta property=\"article:publisher\" content=\"https:\/\/www.facebook.com\/ayuntamientocaudete\/\" \/>\n<meta property=\"article:published_time\" content=\"2023-07-27T07:28:00+00:00\" \/>\n<meta property=\"og:image\" content=\"https:\/\/www.caudete.org\/ayuntamiento\/wp-content\/uploads\/2023\/07\/bb6f59d6-bc10-4f39-94db-da7441432492.jpg\" \/>\n\t<meta property=\"og:image:width\" content=\"1024\" \/>\n\t<meta property=\"og:image:height\" content=\"768\" \/>\n\t<meta property=\"og:image:type\" content=\"image\/jpeg\" \/>\n<meta name=\"author\" content=\"alcalde\" \/>\n<meta name=\"twitter:card\" content=\"summary_large_image\" \/>\n<meta name=\"twitter:label1\" content=\"Escrito por\" \/>\n\t<meta name=\"twitter:data1\" content=\"alcalde\" \/>\n\t<meta name=\"twitter:label2\" content=\"Tiempo de lectura\" \/>\n\t<meta name=\"twitter:data2\" content=\"3 minutos\" \/>\n<script type=\"application\/ld+json\" class=\"yoast-schema-graph\">{\"@context\":\"https:\\\/\\\/schema.org\",\"@graph\":[{\"@type\":\"Article\",\"@id\":\"https:\\\/\\\/www.caudete.org\\\/ayuntamiento\\\/caudeteeneuropa-la-escuela-de-musica-viaja-a-toulouse-francia-por-medio-de-3-de-sus-profesores\\\/#article\",\"isPartOf\":{\"@id\":\"https:\\\/\\\/www.caudete.org\\\/ayuntamiento\\\/caudeteeneuropa-la-escuela-de-musica-viaja-a-toulouse-francia-por-medio-de-3-de-sus-profesores\\\/\"},\"author\":{\"name\":\"alcalde\",\"@id\":\"https:\\\/\\\/www.caudete.org\\\/ayuntamiento\\\/#\\\/schema\\\/person\\\/cc646da9133078ee4d8dd47457947253\"},\"headline\":\"CaudeteEnEuropa: la Escuela de M\u00fasica viaja a Toulouse (Francia) por medio de 3 de sus profesores\",\"datePublished\":\"2023-07-27T07:28:00+00:00\",\"mainEntityOfPage\":{\"@id\":\"https:\\\/\\\/www.caudete.org\\\/ayuntamiento\\\/caudeteeneuropa-la-escuela-de-musica-viaja-a-toulouse-francia-por-medio-de-3-de-sus-profesores\\\/\"},\"wordCount\":399,\"publisher\":{\"@id\":\"https:\\\/\\\/www.caudete.org\\\/ayuntamiento\\\/#organization\"},\"image\":{\"@id\":\"https:\\\/\\\/www.caudete.org\\\/ayuntamiento\\\/caudeteeneuropa-la-escuela-de-musica-viaja-a-toulouse-francia-por-medio-de-3-de-sus-profesores\\\/#primaryimage\"},\"thumbnailUrl\":\"https:\\\/\\\/www.caudete.org\\\/ayuntamiento\\\/wp-content\\\/uploads\\\/2023\\\/07\\\/bb6f59d6-bc10-4f39-94db-da7441432492.jpg\",\"articleSection\":[\"Promoci\u00f3n y Desarrollo Econ\u00f3mico\"],\"inLanguage\":\"es\"},{\"@type\":\"WebPage\",\"@id\":\"https:\\\/\\\/www.caudete.org\\\/ayuntamiento\\\/caudeteeneuropa-la-escuela-de-musica-viaja-a-toulouse-francia-por-medio-de-3-de-sus-profesores\\\/\",\"url\":\"https:\\\/\\\/www.caudete.org\\\/ayuntamiento\\\/caudeteeneuropa-la-escuela-de-musica-viaja-a-toulouse-francia-por-medio-de-3-de-sus-profesores\\\/\",\"name\":\"CaudeteEnEuropa: la Escuela de M\u00fasica viaja a Toulouse (Francia) por medio de 3 de sus profesores - MI Ayuntamiento de Caudete\",\"isPartOf\":{\"@id\":\"https:\\\/\\\/www.caudete.org\\\/ayuntamiento\\\/#website\"},\"primaryImageOfPage\":{\"@id\":\"https:\\\/\\\/www.caudete.org\\\/ayuntamiento\\\/caudeteeneuropa-la-escuela-de-musica-viaja-a-toulouse-francia-por-medio-de-3-de-sus-profesores\\\/#primaryimage\"},\"image\":{\"@id\":\"https:\\\/\\\/www.caudete.org\\\/ayuntamiento\\\/caudeteeneuropa-la-escuela-de-musica-viaja-a-toulouse-francia-por-medio-de-3-de-sus-profesores\\\/#primaryimage\"},\"thumbnailUrl\":\"https:\\\/\\\/www.caudete.org\\\/ayuntamiento\\\/wp-content\\\/uploads\\\/2023\\\/07\\\/bb6f59d6-bc10-4f39-94db-da7441432492.jpg\",\"datePublished\":\"2023-07-27T07:28:00+00:00\",\"description\":\"P\u00e1gina Oficial del Ayuntamiento de Caudete (Albacete)\",\"breadcrumb\":{\"@id\":\"https:\\\/\\\/www.caudete.org\\\/ayuntamiento\\\/caudeteeneuropa-la-escuela-de-musica-viaja-a-toulouse-francia-por-medio-de-3-de-sus-profesores\\\/#breadcrumb\"},\"inLanguage\":\"es\",\"potentialAction\":[{\"@type\":\"ReadAction\",\"target\":[\"https:\\\/\\\/www.caudete.org\\\/ayuntamiento\\\/caudeteeneuropa-la-escuela-de-musica-viaja-a-toulouse-francia-por-medio-de-3-de-sus-profesores\\\/\"]}]},{\"@type\":\"ImageObject\",\"inLanguage\":\"es\",\"@id\":\"https:\\\/\\\/www.caudete.org\\\/ayuntamiento\\\/caudeteeneuropa-la-escuela-de-musica-viaja-a-toulouse-francia-por-medio-de-3-de-sus-profesores\\\/#primaryimage\",\"url\":\"https:\\\/\\\/www.caudete.org\\\/ayuntamiento\\\/wp-content\\\/uploads\\\/2023\\\/07\\\/bb6f59d6-bc10-4f39-94db-da7441432492.jpg\",\"contentUrl\":\"https:\\\/\\\/www.caudete.org\\\/ayuntamiento\\\/wp-content\\\/uploads\\\/2023\\\/07\\\/bb6f59d6-bc10-4f39-94db-da7441432492.jpg\",\"width\":1024,\"height\":768},{\"@type\":\"BreadcrumbList\",\"@id\":\"https:\\\/\\\/www.caudete.org\\\/ayuntamiento\\\/caudeteeneuropa-la-escuela-de-musica-viaja-a-toulouse-francia-por-medio-de-3-de-sus-profesores\\\/#breadcrumb\",\"itemListElement\":[{\"@type\":\"ListItem\",\"position\":1,\"name\":\"Inicio\",\"item\":\"https:\\\/\\\/www.caudete.org\\\/ayuntamiento\\\/\"},{\"@type\":\"ListItem\",\"position\":2,\"name\":\"CaudeteEnEuropa: la Escuela de M\u00fasica viaja a Toulouse (Francia) por medio de 3 de sus profesores\"}]},{\"@type\":\"WebSite\",\"@id\":\"https:\\\/\\\/www.caudete.org\\\/ayuntamiento\\\/#website\",\"url\":\"https:\\\/\\\/www.caudete.org\\\/ayuntamiento\\\/\",\"name\":\"MI Ayuntamiento de Caudete\",\"description\":\"P\u00e1gina Oficial del MI Ayuntamiento de Caudete\",\"publisher\":{\"@id\":\"https:\\\/\\\/www.caudete.org\\\/ayuntamiento\\\/#organization\"},\"potentialAction\":[{\"@type\":\"SearchAction\",\"target\":{\"@type\":\"EntryPoint\",\"urlTemplate\":\"https:\\\/\\\/www.caudete.org\\\/ayuntamiento\\\/?s={search_term_string}\"},\"query-input\":{\"@type\":\"PropertyValueSpecification\",\"valueRequired\":true,\"valueName\":\"search_term_string\"}}],\"inLanguage\":\"es\"},{\"@type\":\"Organization\",\"@id\":\"https:\\\/\\\/www.caudete.org\\\/ayuntamiento\\\/#organization\",\"name\":\"Ayuntamiento de Caudete\",\"url\":\"https:\\\/\\\/www.caudete.org\\\/ayuntamiento\\\/\",\"logo\":{\"@type\":\"ImageObject\",\"inLanguage\":\"es\",\"@id\":\"https:\\\/\\\/www.caudete.org\\\/ayuntamiento\\\/#\\\/schema\\\/logo\\\/image\\\/\",\"url\":\"https:\\\/\\\/www.caudete.org\\\/ayuntamiento\\\/wp-content\\\/uploads\\\/2020\\\/11\\\/logo_ayuntamiento_caudete.jpg\",\"contentUrl\":\"https:\\\/\\\/www.caudete.org\\\/ayuntamiento\\\/wp-content\\\/uploads\\\/2020\\\/11\\\/logo_ayuntamiento_caudete.jpg\",\"width\":600,\"height\":150,\"caption\":\"Ayuntamiento de Caudete\"},\"image\":{\"@id\":\"https:\\\/\\\/www.caudete.org\\\/ayuntamiento\\\/#\\\/schema\\\/logo\\\/image\\\/\"},\"sameAs\":[\"https:\\\/\\\/www.facebook.com\\\/ayuntamientocaudete\\\/\",\"https:\\\/\\\/www.youtube.com\\\/channel\\\/UC6VztHaooNsGpw-tNoBEFnQ\"]},{\"@type\":\"Person\",\"@id\":\"https:\\\/\\\/www.caudete.org\\\/ayuntamiento\\\/#\\\/schema\\\/person\\\/cc646da9133078ee4d8dd47457947253\",\"name\":\"alcalde\",\"image\":{\"@type\":\"ImageObject\",\"inLanguage\":\"es\",\"@id\":\"https:\\\/\\\/secure.gravatar.com\\\/avatar\\\/84a817ba065b29ff08d666b215a215f5c79186a645ccb25b14a663d48a130f77?s=96&d=mm&r=g\",\"url\":\"https:\\\/\\\/secure.gravatar.com\\\/avatar\\\/84a817ba065b29ff08d666b215a215f5c79186a645ccb25b14a663d48a130f77?s=96&d=mm&r=g\",\"contentUrl\":\"https:\\\/\\\/secure.gravatar.com\\\/avatar\\\/84a817ba065b29ff08d666b215a215f5c79186a645ccb25b14a663d48a130f77?s=96&d=mm&r=g\",\"caption\":\"alcalde\"},\"url\":\"https:\\\/\\\/www.caudete.org\\\/ayuntamiento\\\/author\\\/alcalde\\\/\"}]}<\/script>\n<!-- \/ Yoast SEO plugin. -->","yoast_head_json":{"title":"CaudeteEnEuropa: la Escuela de M\u00fasica viaja a Toulouse (Francia) por medio de 3 de sus profesores - MI Ayuntamiento de Caudete","description":"P\u00e1gina Oficial del Ayuntamiento de Caudete (Albacete)","robots":{"index":"index","follow":"follow","max-snippet":"max-snippet:-1","max-image-preview":"max-image-preview:large","max-video-preview":"max-video-preview:-1"},"canonical":"https:\/\/www.caudete.org\/ayuntamiento\/caudeteeneuropa-la-escuela-de-musica-viaja-a-toulouse-francia-por-medio-de-3-de-sus-profesores\/","og_locale":"es_ES","og_type":"article","og_title":"CaudeteEnEuropa: la Escuela de M\u00fasica viaja a Toulouse (Francia) por medio de 3 de sus profesores - MI Ayuntamiento de Caudete","og_description":"P\u00e1gina Oficial del Ayuntamiento de Caudete (Albacete)","og_url":"https:\/\/www.caudete.org\/ayuntamiento\/caudeteeneuropa-la-escuela-de-musica-viaja-a-toulouse-francia-por-medio-de-3-de-sus-profesores\/","og_site_name":"MI Ayuntamiento de Caudete","article_publisher":"https:\/\/www.facebook.com\/ayuntamientocaudete\/","article_published_time":"2023-07-27T07:28:00+00:00","og_image":[{"width":1024,"height":768,"url":"https:\/\/www.caudete.org\/ayuntamiento\/wp-content\/uploads\/2023\/07\/bb6f59d6-bc10-4f39-94db-da7441432492.jpg","type":"image\/jpeg"}],"author":"alcalde","twitter_card":"summary_large_image","twitter_misc":{"Escrito por":"alcalde","Tiempo de lectura":"3 minutos"},"schema":{"@context":"https:\/\/schema.org","@graph":[{"@type":"Article","@id":"https:\/\/www.caudete.org\/ayuntamiento\/caudeteeneuropa-la-escuela-de-musica-viaja-a-toulouse-francia-por-medio-de-3-de-sus-profesores\/#article","isPartOf":{"@id":"https:\/\/www.caudete.org\/ayuntamiento\/caudeteeneuropa-la-escuela-de-musica-viaja-a-toulouse-francia-por-medio-de-3-de-sus-profesores\/"},"author":{"name":"alcalde","@id":"https:\/\/www.caudete.org\/ayuntamiento\/#\/schema\/person\/cc646da9133078ee4d8dd47457947253"},"headline":"CaudeteEnEuropa: la Escuela de M\u00fasica viaja a Toulouse (Francia) por medio de 3 de sus profesores","datePublished":"2023-07-27T07:28:00+00:00","mainEntityOfPage":{"@id":"https:\/\/www.caudete.org\/ayuntamiento\/caudeteeneuropa-la-escuela-de-musica-viaja-a-toulouse-francia-por-medio-de-3-de-sus-profesores\/"},"wordCount":399,"publisher":{"@id":"https:\/\/www.caudete.org\/ayuntamiento\/#organization"},"image":{"@id":"https:\/\/www.caudete.org\/ayuntamiento\/caudeteeneuropa-la-escuela-de-musica-viaja-a-toulouse-francia-por-medio-de-3-de-sus-profesores\/#primaryimage"},"thumbnailUrl":"https:\/\/www.caudete.org\/ayuntamiento\/wp-content\/uploads\/2023\/07\/bb6f59d6-bc10-4f39-94db-da7441432492.jpg","articleSection":["Promoci\u00f3n y Desarrollo Econ\u00f3mico"],"inLanguage":"es"},{"@type":"WebPage","@id":"https:\/\/www.caudete.org\/ayuntamiento\/caudeteeneuropa-la-escuela-de-musica-viaja-a-toulouse-francia-por-medio-de-3-de-sus-profesores\/","url":"https:\/\/www.caudete.org\/ayuntamiento\/caudeteeneuropa-la-escuela-de-musica-viaja-a-toulouse-francia-por-medio-de-3-de-sus-profesores\/","name":"CaudeteEnEuropa: la Escuela de M\u00fasica viaja a Toulouse (Francia) por medio de 3 de sus profesores - MI Ayuntamiento de Caudete","isPartOf":{"@id":"https:\/\/www.caudete.org\/ayuntamiento\/#website"},"primaryImageOfPage":{"@id":"https:\/\/www.caudete.org\/ayuntamiento\/caudeteeneuropa-la-escuela-de-musica-viaja-a-toulouse-francia-por-medio-de-3-de-sus-profesores\/#primaryimage"},"image":{"@id":"https:\/\/www.caudete.org\/ayuntamiento\/caudeteeneuropa-la-escuela-de-musica-viaja-a-toulouse-francia-por-medio-de-3-de-sus-profesores\/#primaryimage"},"thumbnailUrl":"https:\/\/www.caudete.org\/ayuntamiento\/wp-content\/uploads\/2023\/07\/bb6f59d6-bc10-4f39-94db-da7441432492.jpg","datePublished":"2023-07-27T07:28:00+00:00","description":"P\u00e1gina Oficial del Ayuntamiento de Caudete (Albacete)","breadcrumb":{"@id":"https:\/\/www.caudete.org\/ayuntamiento\/caudeteeneuropa-la-escuela-de-musica-viaja-a-toulouse-francia-por-medio-de-3-de-sus-profesores\/#breadcrumb"},"inLanguage":"es","potentialAction":[{"@type":"ReadAction","target":["https:\/\/www.caudete.org\/ayuntamiento\/caudeteeneuropa-la-escuela-de-musica-viaja-a-toulouse-francia-por-medio-de-3-de-sus-profesores\/"]}]},{"@type":"ImageObject","inLanguage":"es","@id":"https:\/\/www.caudete.org\/ayuntamiento\/caudeteeneuropa-la-escuela-de-musica-viaja-a-toulouse-francia-por-medio-de-3-de-sus-profesores\/#primaryimage","url":"https:\/\/www.caudete.org\/ayuntamiento\/wp-content\/uploads\/2023\/07\/bb6f59d6-bc10-4f39-94db-da7441432492.jpg","contentUrl":"https:\/\/www.caudete.org\/ayuntamiento\/wp-content\/uploads\/2023\/07\/bb6f59d6-bc10-4f39-94db-da7441432492.jpg","width":1024,"height":768},{"@type":"BreadcrumbList","@id":"https:\/\/www.caudete.org\/ayuntamiento\/caudeteeneuropa-la-escuela-de-musica-viaja-a-toulouse-francia-por-medio-de-3-de-sus-profesores\/#breadcrumb","itemListElement":[{"@type":"ListItem","position":1,"name":"Inicio","item":"https:\/\/www.caudete.org\/ayuntamiento\/"},{"@type":"ListItem","position":2,"name":"CaudeteEnEuropa: la Escuela de M\u00fasica viaja a Toulouse (Francia) por medio de 3 de sus profesores"}]},{"@type":"WebSite","@id":"https:\/\/www.caudete.org\/ayuntamiento\/#website","url":"https:\/\/www.caudete.org\/ayuntamiento\/","name":"MI Ayuntamiento de Caudete","description":"P\u00e1gina Oficial del MI Ayuntamiento de Caudete","publisher":{"@id":"https:\/\/www.caudete.org\/ayuntamiento\/#organization"},"potentialAction":[{"@type":"SearchAction","target":{"@type":"EntryPoint","urlTemplate":"https:\/\/www.caudete.org\/ayuntamiento\/?s={search_term_string}"},"query-input":{"@type":"PropertyValueSpecification","valueRequired":true,"valueName":"search_term_string"}}],"inLanguage":"es"},{"@type":"Organization","@id":"https:\/\/www.caudete.org\/ayuntamiento\/#organization","name":"Ayuntamiento de Caudete","url":"https:\/\/www.caudete.org\/ayuntamiento\/","logo":{"@type":"ImageObject","inLanguage":"es","@id":"https:\/\/www.caudete.org\/ayuntamiento\/#\/schema\/logo\/image\/","url":"https:\/\/www.caudete.org\/ayuntamiento\/wp-content\/uploads\/2020\/11\/logo_ayuntamiento_caudete.jpg","contentUrl":"https:\/\/www.caudete.org\/ayuntamiento\/wp-content\/uploads\/2020\/11\/logo_ayuntamiento_caudete.jpg","width":600,"height":150,"caption":"Ayuntamiento de Caudete"},"image":{"@id":"https:\/\/www.caudete.org\/ayuntamiento\/#\/schema\/logo\/image\/"},"sameAs":["https:\/\/www.facebook.com\/ayuntamientocaudete\/","https:\/\/www.youtube.com\/channel\/UC6VztHaooNsGpw-tNoBEFnQ"]},{"@type":"Person","@id":"https:\/\/www.caudete.org\/ayuntamiento\/#\/schema\/person\/cc646da9133078ee4d8dd47457947253","name":"alcalde","image":{"@type":"ImageObject","inLanguage":"es","@id":"https:\/\/secure.gravatar.com\/avatar\/84a817ba065b29ff08d666b215a215f5c79186a645ccb25b14a663d48a130f77?s=96&d=mm&r=g","url":"https:\/\/secure.gravatar.com\/avatar\/84a817ba065b29ff08d666b215a215f5c79186a645ccb25b14a663d48a130f77?s=96&d=mm&r=g","contentUrl":"https:\/\/secure.gravatar.com\/avatar\/84a817ba065b29ff08d666b215a215f5c79186a645ccb25b14a663d48a130f77?s=96&d=mm&r=g","caption":"alcalde"},"url":"https:\/\/www.caudete.org\/ayuntamiento\/author\/alcalde\/"}]}},"_links":{"self":[{"href":"https:\/\/www.caudete.org\/ayuntamiento\/wp-json\/wp\/v2\/posts\/22971","targetHints":{"allow":["GET"]}}],"collection":[{"href":"https:\/\/www.caudete.org\/ayuntamiento\/wp-json\/wp\/v2\/posts"}],"about":[{"href":"https:\/\/www.caudete.org\/ayuntamiento\/wp-json\/wp\/v2\/types\/post"}],"author":[{"embeddable":true,"href":"https:\/\/www.caudete.org\/ayuntamiento\/wp-json\/wp\/v2\/users\/3"}],"replies":[{"embeddable":true,"href":"https:\/\/www.caudete.org\/ayuntamiento\/wp-json\/wp\/v2\/comments?post=22971"}],"version-history":[{"count":1,"href":"https:\/\/www.caudete.org\/ayuntamiento\/wp-json\/wp\/v2\/posts\/22971\/revisions"}],"predecessor-version":[{"id":22979,"href":"https:\/\/www.caudete.org\/ayuntamiento\/wp-json\/wp\/v2\/posts\/22971\/revisions\/22979"}],"wp:featuredmedia":[{"embeddable":true,"href":"https:\/\/www.caudete.org\/ayuntamiento\/wp-json\/wp\/v2\/media\/22977"}],"wp:attachment":[{"href":"https:\/\/www.caudete.org\/ayuntamiento\/wp-json\/wp\/v2\/media?parent=22971"}],"wp:term":[{"taxonomy":"category","embeddable":true,"href":"https:\/\/www.caudete.org\/ayuntamiento\/wp-json\/wp\/v2\/categories?post=22971"},{"taxonomy":"post_tag","embeddable":true,"href":"https:\/\/www.caudete.org\/ayuntamiento\/wp-json\/wp\/v2\/tags?post=22971"}],"curies":[{"name":"wp","href":"https:\/\/api.w.org\/{rel}","templated":true}]}}