{"id":22980,"date":"2023-07-25T10:00:08","date_gmt":"2023-07-25T08:00:08","guid":{"rendered":"https:\/\/www.caudete.org\/ayuntamiento\/?p=22980"},"modified":"2023-07-25T09:40:17","modified_gmt":"2023-07-25T07:40:17","slug":"nuevo-servicio-de-respiro-familiar-para-fines-de-semana-de-agosto-a-noviembre","status":"publish","type":"post","link":"https:\/\/www.caudete.org\/ayuntamiento\/nuevo-servicio-de-respiro-familiar-para-fines-de-semana-de-agosto-a-noviembre\/","title":{"rendered":"Nuevo servicio de RESPIRO FAMILIAR para fines de semana de Agosto a Noviembre"},"content":{"rendered":"<p align=\"justify\"><span style=\"font-family: georgia, palatino, serif; font-size: 12pt;\"><span style=\"color: #000000;\">La Concejal\u00eda de Familia, Bienestar, e Igualdad social <\/span><span style=\"color: #000000;\">a trav\u00e9s de su<\/span> <span style=\"color: #000000;\">Concejal Mar\u00eda Mart\u00ednez Garc\u00eda<\/span><span style=\"color: #000000;\"> informa, que en e<\/span><span style=\"color: #000000;\">l pr\u00f3ximo mes de <\/span><span style=\"color: #000000;\">agosto<\/span><span style=\"color: #000000;\"> se va a poner en marcha <\/span><span style=\"color: #000000;\">el <\/span><span style=\"color: #000000;\">SERVICIO DE RESPIRO FAMILIAR en fines de semana y festivos. <\/span><\/span><\/p>\n<p align=\"justify\"><span style=\"font-family: georgia, palatino, serif; font-size: 12pt;\"><span style=\"color: #000000;\">Se trata de un <\/span>SERVICIO DE CONCILIACI\u00d3N Y RESPIRO, para familias que tienen a su cargo personas dependientes.<\/span><\/p>\n<p align=\"justify\"><span style=\"font-family: georgia, palatino, serif; font-size: 12pt;\">Tiene como objetivo que l<span style=\"color: #000000;\">as familias que tienen a su cargo personas dependientes con enfermedad de Alzheimer y otras demencias, puedan conciliar, durante los d\u00edas no laborables, las tareas de cuidadores con su tiempo de vida familiar, ocio, comunicaci\u00f3n, relaciones sociales, descanso\u2026.<\/span> <span style=\"color: #000000;\">De modo que puedan contar con momentos de autonom\u00eda, respiro y descanso, tan necesarios para la salud f\u00edsica y emocional <\/span><span style=\"color: #000000;\">de las personas cuidadoras.<\/span><span style=\"color: #000000;\"> Por otro lado, tambi\u00e9n va a evitar la<\/span><span style=\"color: #000000;\"><span lang=\"es-ES\"> inactividad y la soledad de las personas dependientes, <\/span><\/span><span style=\"color: #000000;\"><span lang=\"es-ES\">a trav\u00e9s de <\/span><\/span><span style=\"color: #000000;\"><span lang=\"es-ES\">actividades de estimulaci\u00f3n, l\u00fadicas y de ocio apropiadas a su situaci\u00f3n.<\/span><\/span><\/span><\/p>\n<p class=\"western\" align=\"justify\"><span style=\"font-family: georgia, palatino, serif; font-size: 12pt;\"><span style=\"color: #000000;\">Se p<\/span><span style=\"color: #000000;\">restar\u00e1 en el <\/span><span style=\"color: #000000;\">CENTRO DE D\u00cdA, <\/span><span style=\"color: #000000;\">en puerta la Villa n\u00ba13 <\/span> <span style=\"color: #000000;\">y<\/span><span style=\"color: #000000;\"> tendr\u00e1 un horario de<\/span><span style=\"color: #000000;\"> 9,30 a 13,30<\/span><span style=\"color: #000000;\"> durante los <\/span><span style=\"color: #000000;\">fines <\/span><span style=\"color: #000000;\">d<\/span><span style=\"color: #000000;\">e semana y festivos<\/span><span style=\"color: #000000;\">. <\/span><span style=\"color: #000000;\">S<\/span><span style=\"color: #000000;\"><span lang=\"es-ES\">e iniciar\u00e1 <\/span><\/span><span style=\"color: #000000;\"><span lang=\"es-ES\">el d\u00eda 5 de agosto y se mantendr\u00e1 hasta el mes de noviembre<\/span><\/span><span style=\"color: #000000;\"><span lang=\"es-ES\"> de 2023.<\/span><\/span><\/span><\/p>\n<p align=\"justify\"><span style=\"font-family: georgia, palatino, serif; font-size: 12pt;\"><span style=\"color: #000000;\"><span lang=\"es-ES\">Se trata de un servicio GRATUITO,<\/span><\/span><span style=\"color: #000000;\"><span lang=\"es-ES\"> financiado por la Diputaci\u00f3n Provincial <\/span><\/span><span style=\"color: #000000;\"><span lang=\"es-ES\">de Albacete.<\/span><\/span><\/span><\/p>\n","protected":false},"excerpt":{"rendered":"<p>La Concejal\u00eda de Familia, Bienestar, e Igualdad social a trav\u00e9s de su Concejal Mar\u00eda Mart\u00ednez Garc\u00eda informa, que en el pr\u00f3ximo mes de agosto se va a poner en marcha el SERVICIO DE RESPIRO FAMILIAR en fines de semana y festivos. Se trata de un SERVICIO DE CONCILIACI\u00d3N Y RESPIRO, para familias que tienen a &hellip;<\/p>\n","protected":false},"author":3,"featured_media":22982,"comment_status":"closed","ping_status":"open","sticky":false,"template":"","format":"standard","meta":{"ngg_post_thumbnail":0,"footnotes":""},"categories":[51],"tags":[],"class_list":["post-22980","post","type-post","status-publish","format-standard","has-post-thumbnail","hentry","category-bienestar-social"],"yoast_head":"<!-- This site is optimized with the Yoast SEO plugin v27.5 - https:\/\/yoast.com\/product\/yoast-seo-wordpress\/ -->\n<title>Nuevo servicio de RESPIRO FAMILIAR para fines de semana de Agosto a Noviembre - MI Ayuntamiento de Caudete<\/title>\n<meta name=\"description\" content=\"P\u00e1gina Oficial del Ayuntamiento de Caudete (Albacete)\" \/>\n<meta name=\"robots\" content=\"index, follow, max-snippet:-1, max-image-preview:large, max-video-preview:-1\" \/>\n<link rel=\"canonical\" href=\"https:\/\/www.caudete.org\/ayuntamiento\/nuevo-servicio-de-respiro-familiar-para-fines-de-semana-de-agosto-a-noviembre\/\" \/>\n<meta property=\"og:locale\" content=\"es_ES\" \/>\n<meta property=\"og:type\" content=\"article\" \/>\n<meta property=\"og:title\" content=\"Nuevo servicio de RESPIRO FAMILIAR para fines de semana de Agosto a Noviembre - MI Ayuntamiento de Caudete\" \/>\n<meta property=\"og:description\" content=\"P\u00e1gina Oficial del Ayuntamiento de Caudete (Albacete)\" \/>\n<meta property=\"og:url\" content=\"https:\/\/www.caudete.org\/ayuntamiento\/nuevo-servicio-de-respiro-familiar-para-fines-de-semana-de-agosto-a-noviembre\/\" \/>\n<meta property=\"og:site_name\" content=\"MI Ayuntamiento de Caudete\" \/>\n<meta property=\"article:publisher\" content=\"https:\/\/www.facebook.com\/ayuntamientocaudete\/\" \/>\n<meta property=\"article:published_time\" content=\"2023-07-25T08:00:08+00:00\" \/>\n<meta property=\"og:image\" content=\"https:\/\/www.caudete.org\/ayuntamiento\/wp-content\/uploads\/2023\/07\/elcentro.jpg\" \/>\n\t<meta property=\"og:image:width\" content=\"800\" \/>\n\t<meta property=\"og:image:height\" content=\"600\" \/>\n\t<meta property=\"og:image:type\" content=\"image\/jpeg\" \/>\n<meta name=\"author\" content=\"alcalde\" \/>\n<meta name=\"twitter:card\" content=\"summary_large_image\" \/>\n<meta name=\"twitter:label1\" content=\"Escrito por\" \/>\n\t<meta name=\"twitter:data1\" content=\"alcalde\" \/>\n\t<meta name=\"twitter:label2\" content=\"Tiempo de lectura\" \/>\n\t<meta name=\"twitter:data2\" content=\"1 minuto\" \/>\n<script type=\"application\/ld+json\" class=\"yoast-schema-graph\">{\"@context\":\"https:\\\/\\\/schema.org\",\"@graph\":[{\"@type\":\"Article\",\"@id\":\"https:\\\/\\\/www.caudete.org\\\/ayuntamiento\\\/nuevo-servicio-de-respiro-familiar-para-fines-de-semana-de-agosto-a-noviembre\\\/#article\",\"isPartOf\":{\"@id\":\"https:\\\/\\\/www.caudete.org\\\/ayuntamiento\\\/nuevo-servicio-de-respiro-familiar-para-fines-de-semana-de-agosto-a-noviembre\\\/\"},\"author\":{\"name\":\"alcalde\",\"@id\":\"https:\\\/\\\/www.caudete.org\\\/ayuntamiento\\\/#\\\/schema\\\/person\\\/cc646da9133078ee4d8dd47457947253\"},\"headline\":\"Nuevo servicio de RESPIRO FAMILIAR para fines de semana de Agosto a Noviembre\",\"datePublished\":\"2023-07-25T08:00:08+00:00\",\"mainEntityOfPage\":{\"@id\":\"https:\\\/\\\/www.caudete.org\\\/ayuntamiento\\\/nuevo-servicio-de-respiro-familiar-para-fines-de-semana-de-agosto-a-noviembre\\\/\"},\"wordCount\":244,\"image\":{\"@id\":\"https:\\\/\\\/www.caudete.org\\\/ayuntamiento\\\/nuevo-servicio-de-respiro-familiar-para-fines-de-semana-de-agosto-a-noviembre\\\/#primaryimage\"},\"thumbnailUrl\":\"https:\\\/\\\/www.caudete.org\\\/ayuntamiento\\\/wp-content\\\/uploads\\\/2023\\\/07\\\/elcentro.jpg\",\"articleSection\":[\"Bienestar Social\"],\"inLanguage\":\"es\"},{\"@type\":\"WebPage\",\"@id\":\"https:\\\/\\\/www.caudete.org\\\/ayuntamiento\\\/nuevo-servicio-de-respiro-familiar-para-fines-de-semana-de-agosto-a-noviembre\\\/\",\"url\":\"https:\\\/\\\/www.caudete.org\\\/ayuntamiento\\\/nuevo-servicio-de-respiro-familiar-para-fines-de-semana-de-agosto-a-noviembre\\\/\",\"name\":\"Nuevo servicio de RESPIRO FAMILIAR para fines de semana de Agosto a Noviembre - MI Ayuntamiento de Caudete\",\"isPartOf\":{\"@id\":\"https:\\\/\\\/www.caudete.org\\\/ayuntamiento\\\/#website\"},\"primaryImageOfPage\":{\"@id\":\"https:\\\/\\\/www.caudete.org\\\/ayuntamiento\\\/nuevo-servicio-de-respiro-familiar-para-fines-de-semana-de-agosto-a-noviembre\\\/#primaryimage\"},\"image\":{\"@id\":\"https:\\\/\\\/www.caudete.org\\\/ayuntamiento\\\/nuevo-servicio-de-respiro-familiar-para-fines-de-semana-de-agosto-a-noviembre\\\/#primaryimage\"},\"thumbnailUrl\":\"https:\\\/\\\/www.caudete.org\\\/ayuntamiento\\\/wp-content\\\/uploads\\\/2023\\\/07\\\/elcentro.jpg\",\"datePublished\":\"2023-07-25T08:00:08+00:00\",\"author\":{\"@id\":\"https:\\\/\\\/www.caudete.org\\\/ayuntamiento\\\/#\\\/schema\\\/person\\\/cc646da9133078ee4d8dd47457947253\"},\"description\":\"P\u00e1gina Oficial del Ayuntamiento de Caudete (Albacete)\",\"breadcrumb\":{\"@id\":\"https:\\\/\\\/www.caudete.org\\\/ayuntamiento\\\/nuevo-servicio-de-respiro-familiar-para-fines-de-semana-de-agosto-a-noviembre\\\/#breadcrumb\"},\"inLanguage\":\"es\",\"potentialAction\":[{\"@type\":\"ReadAction\",\"target\":[\"https:\\\/\\\/www.caudete.org\\\/ayuntamiento\\\/nuevo-servicio-de-respiro-familiar-para-fines-de-semana-de-agosto-a-noviembre\\\/\"]}]},{\"@type\":\"ImageObject\",\"inLanguage\":\"es\",\"@id\":\"https:\\\/\\\/www.caudete.org\\\/ayuntamiento\\\/nuevo-servicio-de-respiro-familiar-para-fines-de-semana-de-agosto-a-noviembre\\\/#primaryimage\",\"url\":\"https:\\\/\\\/www.caudete.org\\\/ayuntamiento\\\/wp-content\\\/uploads\\\/2023\\\/07\\\/elcentro.jpg\",\"contentUrl\":\"https:\\\/\\\/www.caudete.org\\\/ayuntamiento\\\/wp-content\\\/uploads\\\/2023\\\/07\\\/elcentro.jpg\",\"width\":800,\"height\":600},{\"@type\":\"BreadcrumbList\",\"@id\":\"https:\\\/\\\/www.caudete.org\\\/ayuntamiento\\\/nuevo-servicio-de-respiro-familiar-para-fines-de-semana-de-agosto-a-noviembre\\\/#breadcrumb\",\"itemListElement\":[{\"@type\":\"ListItem\",\"position\":1,\"name\":\"Inicio\",\"item\":\"https:\\\/\\\/www.caudete.org\\\/ayuntamiento\\\/\"},{\"@type\":\"ListItem\",\"position\":2,\"name\":\"Nuevo servicio de RESPIRO FAMILIAR para fines de semana de Agosto a Noviembre\"}]},{\"@type\":\"WebSite\",\"@id\":\"https:\\\/\\\/www.caudete.org\\\/ayuntamiento\\\/#website\",\"url\":\"https:\\\/\\\/www.caudete.org\\\/ayuntamiento\\\/\",\"name\":\"MI Ayuntamiento de Caudete\",\"description\":\"P\u00e1gina Oficial del MI Ayuntamiento de Caudete\",\"potentialAction\":[{\"@type\":\"SearchAction\",\"target\":{\"@type\":\"EntryPoint\",\"urlTemplate\":\"https:\\\/\\\/www.caudete.org\\\/ayuntamiento\\\/?s={search_term_string}\"},\"query-input\":{\"@type\":\"PropertyValueSpecification\",\"valueRequired\":true,\"valueName\":\"search_term_string\"}}],\"inLanguage\":\"es\"},{\"@type\":\"Person\",\"@id\":\"https:\\\/\\\/www.caudete.org\\\/ayuntamiento\\\/#\\\/schema\\\/person\\\/cc646da9133078ee4d8dd47457947253\",\"name\":\"alcalde\",\"image\":{\"@type\":\"ImageObject\",\"inLanguage\":\"es\",\"@id\":\"https:\\\/\\\/secure.gravatar.com\\\/avatar\\\/84a817ba065b29ff08d666b215a215f5c79186a645ccb25b14a663d48a130f77?s=96&d=mm&r=g\",\"url\":\"https:\\\/\\\/secure.gravatar.com\\\/avatar\\\/84a817ba065b29ff08d666b215a215f5c79186a645ccb25b14a663d48a130f77?s=96&d=mm&r=g\",\"contentUrl\":\"https:\\\/\\\/secure.gravatar.com\\\/avatar\\\/84a817ba065b29ff08d666b215a215f5c79186a645ccb25b14a663d48a130f77?s=96&d=mm&r=g\",\"caption\":\"alcalde\"},\"url\":\"https:\\\/\\\/www.caudete.org\\\/ayuntamiento\\\/author\\\/alcalde\\\/\"}]}<\/script>\n<!-- \/ Yoast SEO plugin. -->","yoast_head_json":{"title":"Nuevo servicio de RESPIRO FAMILIAR para fines de semana de Agosto a Noviembre - MI Ayuntamiento de Caudete","description":"P\u00e1gina Oficial del Ayuntamiento de Caudete (Albacete)","robots":{"index":"index","follow":"follow","max-snippet":"max-snippet:-1","max-image-preview":"max-image-preview:large","max-video-preview":"max-video-preview:-1"},"canonical":"https:\/\/www.caudete.org\/ayuntamiento\/nuevo-servicio-de-respiro-familiar-para-fines-de-semana-de-agosto-a-noviembre\/","og_locale":"es_ES","og_type":"article","og_title":"Nuevo servicio de RESPIRO FAMILIAR para fines de semana de Agosto a Noviembre - MI Ayuntamiento de Caudete","og_description":"P\u00e1gina Oficial del Ayuntamiento de Caudete (Albacete)","og_url":"https:\/\/www.caudete.org\/ayuntamiento\/nuevo-servicio-de-respiro-familiar-para-fines-de-semana-de-agosto-a-noviembre\/","og_site_name":"MI Ayuntamiento de Caudete","article_publisher":"https:\/\/www.facebook.com\/ayuntamientocaudete\/","article_published_time":"2023-07-25T08:00:08+00:00","og_image":[{"width":800,"height":600,"url":"https:\/\/www.caudete.org\/ayuntamiento\/wp-content\/uploads\/2023\/07\/elcentro.jpg","type":"image\/jpeg"}],"author":"alcalde","twitter_card":"summary_large_image","twitter_misc":{"Escrito por":"alcalde","Tiempo de lectura":"1 minuto"},"schema":{"@context":"https:\/\/schema.org","@graph":[{"@type":"Article","@id":"https:\/\/www.caudete.org\/ayuntamiento\/nuevo-servicio-de-respiro-familiar-para-fines-de-semana-de-agosto-a-noviembre\/#article","isPartOf":{"@id":"https:\/\/www.caudete.org\/ayuntamiento\/nuevo-servicio-de-respiro-familiar-para-fines-de-semana-de-agosto-a-noviembre\/"},"author":{"name":"alcalde","@id":"https:\/\/www.caudete.org\/ayuntamiento\/#\/schema\/person\/cc646da9133078ee4d8dd47457947253"},"headline":"Nuevo servicio de RESPIRO FAMILIAR para fines de semana de Agosto a Noviembre","datePublished":"2023-07-25T08:00:08+00:00","mainEntityOfPage":{"@id":"https:\/\/www.caudete.org\/ayuntamiento\/nuevo-servicio-de-respiro-familiar-para-fines-de-semana-de-agosto-a-noviembre\/"},"wordCount":244,"image":{"@id":"https:\/\/www.caudete.org\/ayuntamiento\/nuevo-servicio-de-respiro-familiar-para-fines-de-semana-de-agosto-a-noviembre\/#primaryimage"},"thumbnailUrl":"https:\/\/www.caudete.org\/ayuntamiento\/wp-content\/uploads\/2023\/07\/elcentro.jpg","articleSection":["Bienestar Social"],"inLanguage":"es"},{"@type":"WebPage","@id":"https:\/\/www.caudete.org\/ayuntamiento\/nuevo-servicio-de-respiro-familiar-para-fines-de-semana-de-agosto-a-noviembre\/","url":"https:\/\/www.caudete.org\/ayuntamiento\/nuevo-servicio-de-respiro-familiar-para-fines-de-semana-de-agosto-a-noviembre\/","name":"Nuevo servicio de RESPIRO FAMILIAR para fines de semana de Agosto a Noviembre - MI Ayuntamiento de Caudete","isPartOf":{"@id":"https:\/\/www.caudete.org\/ayuntamiento\/#website"},"primaryImageOfPage":{"@id":"https:\/\/www.caudete.org\/ayuntamiento\/nuevo-servicio-de-respiro-familiar-para-fines-de-semana-de-agosto-a-noviembre\/#primaryimage"},"image":{"@id":"https:\/\/www.caudete.org\/ayuntamiento\/nuevo-servicio-de-respiro-familiar-para-fines-de-semana-de-agosto-a-noviembre\/#primaryimage"},"thumbnailUrl":"https:\/\/www.caudete.org\/ayuntamiento\/wp-content\/uploads\/2023\/07\/elcentro.jpg","datePublished":"2023-07-25T08:00:08+00:00","author":{"@id":"https:\/\/www.caudete.org\/ayuntamiento\/#\/schema\/person\/cc646da9133078ee4d8dd47457947253"},"description":"P\u00e1gina Oficial del Ayuntamiento de Caudete (Albacete)","breadcrumb":{"@id":"https:\/\/www.caudete.org\/ayuntamiento\/nuevo-servicio-de-respiro-familiar-para-fines-de-semana-de-agosto-a-noviembre\/#breadcrumb"},"inLanguage":"es","potentialAction":[{"@type":"ReadAction","target":["https:\/\/www.caudete.org\/ayuntamiento\/nuevo-servicio-de-respiro-familiar-para-fines-de-semana-de-agosto-a-noviembre\/"]}]},{"@type":"ImageObject","inLanguage":"es","@id":"https:\/\/www.caudete.org\/ayuntamiento\/nuevo-servicio-de-respiro-familiar-para-fines-de-semana-de-agosto-a-noviembre\/#primaryimage","url":"https:\/\/www.caudete.org\/ayuntamiento\/wp-content\/uploads\/2023\/07\/elcentro.jpg","contentUrl":"https:\/\/www.caudete.org\/ayuntamiento\/wp-content\/uploads\/2023\/07\/elcentro.jpg","width":800,"height":600},{"@type":"BreadcrumbList","@id":"https:\/\/www.caudete.org\/ayuntamiento\/nuevo-servicio-de-respiro-familiar-para-fines-de-semana-de-agosto-a-noviembre\/#breadcrumb","itemListElement":[{"@type":"ListItem","position":1,"name":"Inicio","item":"https:\/\/www.caudete.org\/ayuntamiento\/"},{"@type":"ListItem","position":2,"name":"Nuevo servicio de RESPIRO FAMILIAR para fines de semana de Agosto a Noviembre"}]},{"@type":"WebSite","@id":"https:\/\/www.caudete.org\/ayuntamiento\/#website","url":"https:\/\/www.caudete.org\/ayuntamiento\/","name":"MI Ayuntamiento de Caudete","description":"P\u00e1gina Oficial del MI Ayuntamiento de Caudete","potentialAction":[{"@type":"SearchAction","target":{"@type":"EntryPoint","urlTemplate":"https:\/\/www.caudete.org\/ayuntamiento\/?s={search_term_string}"},"query-input":{"@type":"PropertyValueSpecification","valueRequired":true,"valueName":"search_term_string"}}],"inLanguage":"es"},{"@type":"Person","@id":"https:\/\/www.caudete.org\/ayuntamiento\/#\/schema\/person\/cc646da9133078ee4d8dd47457947253","name":"alcalde","image":{"@type":"ImageObject","inLanguage":"es","@id":"https:\/\/secure.gravatar.com\/avatar\/84a817ba065b29ff08d666b215a215f5c79186a645ccb25b14a663d48a130f77?s=96&d=mm&r=g","url":"https:\/\/secure.gravatar.com\/avatar\/84a817ba065b29ff08d666b215a215f5c79186a645ccb25b14a663d48a130f77?s=96&d=mm&r=g","contentUrl":"https:\/\/secure.gravatar.com\/avatar\/84a817ba065b29ff08d666b215a215f5c79186a645ccb25b14a663d48a130f77?s=96&d=mm&r=g","caption":"alcalde"},"url":"https:\/\/www.caudete.org\/ayuntamiento\/author\/alcalde\/"}]}},"_links":{"self":[{"href":"https:\/\/www.caudete.org\/ayuntamiento\/wp-json\/wp\/v2\/posts\/22980","targetHints":{"allow":["GET"]}}],"collection":[{"href":"https:\/\/www.caudete.org\/ayuntamiento\/wp-json\/wp\/v2\/posts"}],"about":[{"href":"https:\/\/www.caudete.org\/ayuntamiento\/wp-json\/wp\/v2\/types\/post"}],"author":[{"embeddable":true,"href":"https:\/\/www.caudete.org\/ayuntamiento\/wp-json\/wp\/v2\/users\/3"}],"replies":[{"embeddable":true,"href":"https:\/\/www.caudete.org\/ayuntamiento\/wp-json\/wp\/v2\/comments?post=22980"}],"version-history":[{"count":1,"href":"https:\/\/www.caudete.org\/ayuntamiento\/wp-json\/wp\/v2\/posts\/22980\/revisions"}],"predecessor-version":[{"id":22983,"href":"https:\/\/www.caudete.org\/ayuntamiento\/wp-json\/wp\/v2\/posts\/22980\/revisions\/22983"}],"wp:featuredmedia":[{"embeddable":true,"href":"https:\/\/www.caudete.org\/ayuntamiento\/wp-json\/wp\/v2\/media\/22982"}],"wp:attachment":[{"href":"https:\/\/www.caudete.org\/ayuntamiento\/wp-json\/wp\/v2\/media?parent=22980"}],"wp:term":[{"taxonomy":"category","embeddable":true,"href":"https:\/\/www.caudete.org\/ayuntamiento\/wp-json\/wp\/v2\/categories?post=22980"},{"taxonomy":"post_tag","embeddable":true,"href":"https:\/\/www.caudete.org\/ayuntamiento\/wp-json\/wp\/v2\/tags?post=22980"}],"curies":[{"name":"wp","href":"https:\/\/api.w.org\/{rel}","templated":true}]}}