{"id":22984,"date":"2023-07-25T09:53:23","date_gmt":"2023-07-25T07:53:23","guid":{"rendered":"https:\/\/www.caudete.org\/ayuntamiento\/?p=22984"},"modified":"2023-07-25T09:53:23","modified_gmt":"2023-07-25T07:53:23","slug":"medio-ambiente-actua-para-erradicar-las-colonias-de-cucarachas","status":"publish","type":"post","link":"https:\/\/www.caudete.org\/ayuntamiento\/medio-ambiente-actua-para-erradicar-las-colonias-de-cucarachas\/","title":{"rendered":"Medio Ambiente act\u00faa para erradicar las colonias de cucarachas"},"content":{"rendered":"<p style=\"text-align: justify;\">Desde la Concejal\u00eda de Medio Ambiente, su titular Francisco J. Castell\u00f3 traslada a los caudetanos que &#8220;<em>estamos al tanto de la plaga de cucarachas y estamos tomando las medidas oportunas para erradicar este problem<\/em>a&#8221;. El Edil considera que este a\u00f1o\u00a0 ha sido un caldo de cultivo propicio para la reproducci\u00f3n\u00a0 tanto de cucarachas como garrapatas y mosquitos que se han convertido en una autentica plaga no solo en nuestro municipio, sino en muchos de Espa\u00f1a.<\/p>\n<p style=\"text-align: justify;\">Por ello, adem\u00e1s de las desinfecciones rutinarias por la empresa especialista, informa Castell\u00f3 que <em>&#8220;hemos reforzado la fumigaci\u00f3n en los puntos mas necesarios, como tambi\u00e9n hemos llevado limpiezas de arquetas y contenedores en profundidad&#8221;.<\/em><\/p>\n<p style=\"text-align: justify;\">A\u00f1ad\u00eda que desde el Departamento de Medio Ambiente se sigue trabajando para solucionar este problema que afecta tanto a los ciudadanos como tambi\u00e9n a los negocios, por ello a parte de la fumigaci\u00f3n, se est\u00e1 llevando a cabo labores de obra sellando grietas y taponando orificios, para mejorar la efectividad de la fumigaci\u00f3n y evitar posibles puntos de escape, ya que los nidos de estos insectos no se encuentran en la ubicaci\u00f3n habitual, lo que est\u00e1 siendo mas costoso de exterminar.<\/p>\n","protected":false},"excerpt":{"rendered":"<p>Desde la Concejal\u00eda de Medio Ambiente, su titular Francisco J. Castell\u00f3 traslada a los caudetanos que &#8220;estamos al tanto de la plaga de cucarachas y estamos tomando las medidas oportunas para erradicar este problema&#8221;. El Edil considera que este a\u00f1o\u00a0 ha sido un caldo de cultivo propicio para la reproducci\u00f3n\u00a0 tanto de cucarachas como garrapatas &hellip;<\/p>\n","protected":false},"author":3,"featured_media":22985,"comment_status":"closed","ping_status":"open","sticky":false,"template":"","format":"standard","meta":{"ngg_post_thumbnail":0,"footnotes":""},"categories":[29],"tags":[],"class_list":["post-22984","post","type-post","status-publish","format-standard","has-post-thumbnail","hentry","category-medio-ambiente"],"yoast_head":"<!-- This site is optimized with the Yoast SEO plugin v27.5 - https:\/\/yoast.com\/product\/yoast-seo-wordpress\/ -->\n<title>Medio Ambiente act\u00faa para erradicar las colonias de cucarachas - MI Ayuntamiento de Caudete<\/title>\n<meta name=\"description\" content=\"P\u00e1gina Oficial del Ayuntamiento de Caudete (Albacete)\" \/>\n<meta name=\"robots\" content=\"index, follow, max-snippet:-1, max-image-preview:large, max-video-preview:-1\" \/>\n<link rel=\"canonical\" href=\"https:\/\/www.caudete.org\/ayuntamiento\/medio-ambiente-actua-para-erradicar-las-colonias-de-cucarachas\/\" \/>\n<meta property=\"og:locale\" content=\"es_ES\" \/>\n<meta property=\"og:type\" content=\"article\" \/>\n<meta property=\"og:title\" content=\"Medio Ambiente act\u00faa para erradicar las colonias de cucarachas - MI Ayuntamiento de Caudete\" \/>\n<meta property=\"og:description\" content=\"P\u00e1gina Oficial del Ayuntamiento de Caudete (Albacete)\" \/>\n<meta property=\"og:url\" content=\"https:\/\/www.caudete.org\/ayuntamiento\/medio-ambiente-actua-para-erradicar-las-colonias-de-cucarachas\/\" \/>\n<meta property=\"og:site_name\" content=\"MI Ayuntamiento de Caudete\" \/>\n<meta property=\"article:publisher\" content=\"https:\/\/www.facebook.com\/ayuntamientocaudete\/\" \/>\n<meta property=\"article:published_time\" content=\"2023-07-25T07:53:23+00:00\" \/>\n<meta property=\"og:image\" content=\"https:\/\/www.caudete.org\/ayuntamiento\/wp-content\/uploads\/2023\/07\/trabajo-fumigacion-calle.jpg\" \/>\n\t<meta property=\"og:image:width\" content=\"800\" \/>\n\t<meta property=\"og:image:height\" content=\"450\" \/>\n\t<meta property=\"og:image:type\" content=\"image\/jpeg\" \/>\n<meta name=\"author\" content=\"alcalde\" \/>\n<meta name=\"twitter:card\" content=\"summary_large_image\" \/>\n<meta name=\"twitter:label1\" content=\"Escrito por\" \/>\n\t<meta name=\"twitter:data1\" content=\"alcalde\" \/>\n\t<meta name=\"twitter:label2\" content=\"Tiempo de lectura\" \/>\n\t<meta name=\"twitter:data2\" content=\"1 minuto\" \/>\n<script type=\"application\/ld+json\" class=\"yoast-schema-graph\">{\"@context\":\"https:\\\/\\\/schema.org\",\"@graph\":[{\"@type\":\"Article\",\"@id\":\"https:\\\/\\\/www.caudete.org\\\/ayuntamiento\\\/medio-ambiente-actua-para-erradicar-las-colonias-de-cucarachas\\\/#article\",\"isPartOf\":{\"@id\":\"https:\\\/\\\/www.caudete.org\\\/ayuntamiento\\\/medio-ambiente-actua-para-erradicar-las-colonias-de-cucarachas\\\/\"},\"author\":{\"name\":\"alcalde\",\"@id\":\"https:\\\/\\\/www.caudete.org\\\/ayuntamiento\\\/#\\\/schema\\\/person\\\/cc646da9133078ee4d8dd47457947253\"},\"headline\":\"Medio Ambiente act\u00faa para erradicar las colonias de cucarachas\",\"datePublished\":\"2023-07-25T07:53:23+00:00\",\"mainEntityOfPage\":{\"@id\":\"https:\\\/\\\/www.caudete.org\\\/ayuntamiento\\\/medio-ambiente-actua-para-erradicar-las-colonias-de-cucarachas\\\/\"},\"wordCount\":213,\"image\":{\"@id\":\"https:\\\/\\\/www.caudete.org\\\/ayuntamiento\\\/medio-ambiente-actua-para-erradicar-las-colonias-de-cucarachas\\\/#primaryimage\"},\"thumbnailUrl\":\"https:\\\/\\\/www.caudete.org\\\/ayuntamiento\\\/wp-content\\\/uploads\\\/2023\\\/07\\\/trabajo-fumigacion-calle.jpg\",\"articleSection\":[\"Medio Ambiente\"],\"inLanguage\":\"es\"},{\"@type\":\"WebPage\",\"@id\":\"https:\\\/\\\/www.caudete.org\\\/ayuntamiento\\\/medio-ambiente-actua-para-erradicar-las-colonias-de-cucarachas\\\/\",\"url\":\"https:\\\/\\\/www.caudete.org\\\/ayuntamiento\\\/medio-ambiente-actua-para-erradicar-las-colonias-de-cucarachas\\\/\",\"name\":\"Medio Ambiente act\u00faa para erradicar las colonias de cucarachas - MI Ayuntamiento de Caudete\",\"isPartOf\":{\"@id\":\"https:\\\/\\\/www.caudete.org\\\/ayuntamiento\\\/#website\"},\"primaryImageOfPage\":{\"@id\":\"https:\\\/\\\/www.caudete.org\\\/ayuntamiento\\\/medio-ambiente-actua-para-erradicar-las-colonias-de-cucarachas\\\/#primaryimage\"},\"image\":{\"@id\":\"https:\\\/\\\/www.caudete.org\\\/ayuntamiento\\\/medio-ambiente-actua-para-erradicar-las-colonias-de-cucarachas\\\/#primaryimage\"},\"thumbnailUrl\":\"https:\\\/\\\/www.caudete.org\\\/ayuntamiento\\\/wp-content\\\/uploads\\\/2023\\\/07\\\/trabajo-fumigacion-calle.jpg\",\"datePublished\":\"2023-07-25T07:53:23+00:00\",\"author\":{\"@id\":\"https:\\\/\\\/www.caudete.org\\\/ayuntamiento\\\/#\\\/schema\\\/person\\\/cc646da9133078ee4d8dd47457947253\"},\"description\":\"P\u00e1gina Oficial del Ayuntamiento de Caudete (Albacete)\",\"breadcrumb\":{\"@id\":\"https:\\\/\\\/www.caudete.org\\\/ayuntamiento\\\/medio-ambiente-actua-para-erradicar-las-colonias-de-cucarachas\\\/#breadcrumb\"},\"inLanguage\":\"es\",\"potentialAction\":[{\"@type\":\"ReadAction\",\"target\":[\"https:\\\/\\\/www.caudete.org\\\/ayuntamiento\\\/medio-ambiente-actua-para-erradicar-las-colonias-de-cucarachas\\\/\"]}]},{\"@type\":\"ImageObject\",\"inLanguage\":\"es\",\"@id\":\"https:\\\/\\\/www.caudete.org\\\/ayuntamiento\\\/medio-ambiente-actua-para-erradicar-las-colonias-de-cucarachas\\\/#primaryimage\",\"url\":\"https:\\\/\\\/www.caudete.org\\\/ayuntamiento\\\/wp-content\\\/uploads\\\/2023\\\/07\\\/trabajo-fumigacion-calle.jpg\",\"contentUrl\":\"https:\\\/\\\/www.caudete.org\\\/ayuntamiento\\\/wp-content\\\/uploads\\\/2023\\\/07\\\/trabajo-fumigacion-calle.jpg\",\"width\":800,\"height\":450},{\"@type\":\"BreadcrumbList\",\"@id\":\"https:\\\/\\\/www.caudete.org\\\/ayuntamiento\\\/medio-ambiente-actua-para-erradicar-las-colonias-de-cucarachas\\\/#breadcrumb\",\"itemListElement\":[{\"@type\":\"ListItem\",\"position\":1,\"name\":\"Inicio\",\"item\":\"https:\\\/\\\/www.caudete.org\\\/ayuntamiento\\\/\"},{\"@type\":\"ListItem\",\"position\":2,\"name\":\"Medio Ambiente act\u00faa para erradicar las colonias de cucarachas\"}]},{\"@type\":\"WebSite\",\"@id\":\"https:\\\/\\\/www.caudete.org\\\/ayuntamiento\\\/#website\",\"url\":\"https:\\\/\\\/www.caudete.org\\\/ayuntamiento\\\/\",\"name\":\"MI Ayuntamiento de Caudete\",\"description\":\"P\u00e1gina Oficial del MI Ayuntamiento de Caudete\",\"potentialAction\":[{\"@type\":\"SearchAction\",\"target\":{\"@type\":\"EntryPoint\",\"urlTemplate\":\"https:\\\/\\\/www.caudete.org\\\/ayuntamiento\\\/?s={search_term_string}\"},\"query-input\":{\"@type\":\"PropertyValueSpecification\",\"valueRequired\":true,\"valueName\":\"search_term_string\"}}],\"inLanguage\":\"es\"},{\"@type\":\"Person\",\"@id\":\"https:\\\/\\\/www.caudete.org\\\/ayuntamiento\\\/#\\\/schema\\\/person\\\/cc646da9133078ee4d8dd47457947253\",\"name\":\"alcalde\",\"image\":{\"@type\":\"ImageObject\",\"inLanguage\":\"es\",\"@id\":\"https:\\\/\\\/secure.gravatar.com\\\/avatar\\\/84a817ba065b29ff08d666b215a215f5c79186a645ccb25b14a663d48a130f77?s=96&d=mm&r=g\",\"url\":\"https:\\\/\\\/secure.gravatar.com\\\/avatar\\\/84a817ba065b29ff08d666b215a215f5c79186a645ccb25b14a663d48a130f77?s=96&d=mm&r=g\",\"contentUrl\":\"https:\\\/\\\/secure.gravatar.com\\\/avatar\\\/84a817ba065b29ff08d666b215a215f5c79186a645ccb25b14a663d48a130f77?s=96&d=mm&r=g\",\"caption\":\"alcalde\"},\"url\":\"https:\\\/\\\/www.caudete.org\\\/ayuntamiento\\\/author\\\/alcalde\\\/\"}]}<\/script>\n<!-- \/ Yoast SEO plugin. -->","yoast_head_json":{"title":"Medio Ambiente act\u00faa para erradicar las colonias de cucarachas - MI Ayuntamiento de Caudete","description":"P\u00e1gina Oficial del Ayuntamiento de Caudete (Albacete)","robots":{"index":"index","follow":"follow","max-snippet":"max-snippet:-1","max-image-preview":"max-image-preview:large","max-video-preview":"max-video-preview:-1"},"canonical":"https:\/\/www.caudete.org\/ayuntamiento\/medio-ambiente-actua-para-erradicar-las-colonias-de-cucarachas\/","og_locale":"es_ES","og_type":"article","og_title":"Medio Ambiente act\u00faa para erradicar las colonias de cucarachas - MI Ayuntamiento de Caudete","og_description":"P\u00e1gina Oficial del Ayuntamiento de Caudete (Albacete)","og_url":"https:\/\/www.caudete.org\/ayuntamiento\/medio-ambiente-actua-para-erradicar-las-colonias-de-cucarachas\/","og_site_name":"MI Ayuntamiento de Caudete","article_publisher":"https:\/\/www.facebook.com\/ayuntamientocaudete\/","article_published_time":"2023-07-25T07:53:23+00:00","og_image":[{"width":800,"height":450,"url":"https:\/\/www.caudete.org\/ayuntamiento\/wp-content\/uploads\/2023\/07\/trabajo-fumigacion-calle.jpg","type":"image\/jpeg"}],"author":"alcalde","twitter_card":"summary_large_image","twitter_misc":{"Escrito por":"alcalde","Tiempo de lectura":"1 minuto"},"schema":{"@context":"https:\/\/schema.org","@graph":[{"@type":"Article","@id":"https:\/\/www.caudete.org\/ayuntamiento\/medio-ambiente-actua-para-erradicar-las-colonias-de-cucarachas\/#article","isPartOf":{"@id":"https:\/\/www.caudete.org\/ayuntamiento\/medio-ambiente-actua-para-erradicar-las-colonias-de-cucarachas\/"},"author":{"name":"alcalde","@id":"https:\/\/www.caudete.org\/ayuntamiento\/#\/schema\/person\/cc646da9133078ee4d8dd47457947253"},"headline":"Medio Ambiente act\u00faa para erradicar las colonias de cucarachas","datePublished":"2023-07-25T07:53:23+00:00","mainEntityOfPage":{"@id":"https:\/\/www.caudete.org\/ayuntamiento\/medio-ambiente-actua-para-erradicar-las-colonias-de-cucarachas\/"},"wordCount":213,"image":{"@id":"https:\/\/www.caudete.org\/ayuntamiento\/medio-ambiente-actua-para-erradicar-las-colonias-de-cucarachas\/#primaryimage"},"thumbnailUrl":"https:\/\/www.caudete.org\/ayuntamiento\/wp-content\/uploads\/2023\/07\/trabajo-fumigacion-calle.jpg","articleSection":["Medio Ambiente"],"inLanguage":"es"},{"@type":"WebPage","@id":"https:\/\/www.caudete.org\/ayuntamiento\/medio-ambiente-actua-para-erradicar-las-colonias-de-cucarachas\/","url":"https:\/\/www.caudete.org\/ayuntamiento\/medio-ambiente-actua-para-erradicar-las-colonias-de-cucarachas\/","name":"Medio Ambiente act\u00faa para erradicar las colonias de cucarachas - MI Ayuntamiento de Caudete","isPartOf":{"@id":"https:\/\/www.caudete.org\/ayuntamiento\/#website"},"primaryImageOfPage":{"@id":"https:\/\/www.caudete.org\/ayuntamiento\/medio-ambiente-actua-para-erradicar-las-colonias-de-cucarachas\/#primaryimage"},"image":{"@id":"https:\/\/www.caudete.org\/ayuntamiento\/medio-ambiente-actua-para-erradicar-las-colonias-de-cucarachas\/#primaryimage"},"thumbnailUrl":"https:\/\/www.caudete.org\/ayuntamiento\/wp-content\/uploads\/2023\/07\/trabajo-fumigacion-calle.jpg","datePublished":"2023-07-25T07:53:23+00:00","author":{"@id":"https:\/\/www.caudete.org\/ayuntamiento\/#\/schema\/person\/cc646da9133078ee4d8dd47457947253"},"description":"P\u00e1gina Oficial del Ayuntamiento de Caudete (Albacete)","breadcrumb":{"@id":"https:\/\/www.caudete.org\/ayuntamiento\/medio-ambiente-actua-para-erradicar-las-colonias-de-cucarachas\/#breadcrumb"},"inLanguage":"es","potentialAction":[{"@type":"ReadAction","target":["https:\/\/www.caudete.org\/ayuntamiento\/medio-ambiente-actua-para-erradicar-las-colonias-de-cucarachas\/"]}]},{"@type":"ImageObject","inLanguage":"es","@id":"https:\/\/www.caudete.org\/ayuntamiento\/medio-ambiente-actua-para-erradicar-las-colonias-de-cucarachas\/#primaryimage","url":"https:\/\/www.caudete.org\/ayuntamiento\/wp-content\/uploads\/2023\/07\/trabajo-fumigacion-calle.jpg","contentUrl":"https:\/\/www.caudete.org\/ayuntamiento\/wp-content\/uploads\/2023\/07\/trabajo-fumigacion-calle.jpg","width":800,"height":450},{"@type":"BreadcrumbList","@id":"https:\/\/www.caudete.org\/ayuntamiento\/medio-ambiente-actua-para-erradicar-las-colonias-de-cucarachas\/#breadcrumb","itemListElement":[{"@type":"ListItem","position":1,"name":"Inicio","item":"https:\/\/www.caudete.org\/ayuntamiento\/"},{"@type":"ListItem","position":2,"name":"Medio Ambiente act\u00faa para erradicar las colonias de cucarachas"}]},{"@type":"WebSite","@id":"https:\/\/www.caudete.org\/ayuntamiento\/#website","url":"https:\/\/www.caudete.org\/ayuntamiento\/","name":"MI Ayuntamiento de Caudete","description":"P\u00e1gina Oficial del MI Ayuntamiento de Caudete","potentialAction":[{"@type":"SearchAction","target":{"@type":"EntryPoint","urlTemplate":"https:\/\/www.caudete.org\/ayuntamiento\/?s={search_term_string}"},"query-input":{"@type":"PropertyValueSpecification","valueRequired":true,"valueName":"search_term_string"}}],"inLanguage":"es"},{"@type":"Person","@id":"https:\/\/www.caudete.org\/ayuntamiento\/#\/schema\/person\/cc646da9133078ee4d8dd47457947253","name":"alcalde","image":{"@type":"ImageObject","inLanguage":"es","@id":"https:\/\/secure.gravatar.com\/avatar\/84a817ba065b29ff08d666b215a215f5c79186a645ccb25b14a663d48a130f77?s=96&d=mm&r=g","url":"https:\/\/secure.gravatar.com\/avatar\/84a817ba065b29ff08d666b215a215f5c79186a645ccb25b14a663d48a130f77?s=96&d=mm&r=g","contentUrl":"https:\/\/secure.gravatar.com\/avatar\/84a817ba065b29ff08d666b215a215f5c79186a645ccb25b14a663d48a130f77?s=96&d=mm&r=g","caption":"alcalde"},"url":"https:\/\/www.caudete.org\/ayuntamiento\/author\/alcalde\/"}]}},"_links":{"self":[{"href":"https:\/\/www.caudete.org\/ayuntamiento\/wp-json\/wp\/v2\/posts\/22984","targetHints":{"allow":["GET"]}}],"collection":[{"href":"https:\/\/www.caudete.org\/ayuntamiento\/wp-json\/wp\/v2\/posts"}],"about":[{"href":"https:\/\/www.caudete.org\/ayuntamiento\/wp-json\/wp\/v2\/types\/post"}],"author":[{"embeddable":true,"href":"https:\/\/www.caudete.org\/ayuntamiento\/wp-json\/wp\/v2\/users\/3"}],"replies":[{"embeddable":true,"href":"https:\/\/www.caudete.org\/ayuntamiento\/wp-json\/wp\/v2\/comments?post=22984"}],"version-history":[{"count":1,"href":"https:\/\/www.caudete.org\/ayuntamiento\/wp-json\/wp\/v2\/posts\/22984\/revisions"}],"predecessor-version":[{"id":22986,"href":"https:\/\/www.caudete.org\/ayuntamiento\/wp-json\/wp\/v2\/posts\/22984\/revisions\/22986"}],"wp:featuredmedia":[{"embeddable":true,"href":"https:\/\/www.caudete.org\/ayuntamiento\/wp-json\/wp\/v2\/media\/22985"}],"wp:attachment":[{"href":"https:\/\/www.caudete.org\/ayuntamiento\/wp-json\/wp\/v2\/media?parent=22984"}],"wp:term":[{"taxonomy":"category","embeddable":true,"href":"https:\/\/www.caudete.org\/ayuntamiento\/wp-json\/wp\/v2\/categories?post=22984"},{"taxonomy":"post_tag","embeddable":true,"href":"https:\/\/www.caudete.org\/ayuntamiento\/wp-json\/wp\/v2\/tags?post=22984"}],"curies":[{"name":"wp","href":"https:\/\/api.w.org\/{rel}","templated":true}]}}